{"id":62257,"date":"2026-03-10T17:05:31","date_gmt":"2026-03-10T16:05:31","guid":{"rendered":"https:\/\/www.urbanbiker.com\/urbanbiker-na-tradebike-crescimento-e-uso-real-da-e-bike\/"},"modified":"2026-03-10T17:05:31","modified_gmt":"2026-03-10T16:05:31","slug":"urbanbiker-na-tradebike-crescimento-e-uso-real-da-e-bike","status":"publish","type":"post","link":"https:\/\/www.urbanbiker.com\/pt-pt\/urbanbiker-na-tradebike-crescimento-e-uso-real-da-e-bike\/","title":{"rendered":"UrbanBiker na TradeBike: crescimento e uso real da e-bike"},"content":{"rendered":"<p data-start=\"607\" data-end=\"752\">A revista especializada <a href=\"https:\/\/www.tradebike.es\/\"><strong data-start=\"632\" data-end=\"645\">TradeBike<\/strong><\/a> publicou recentemente um artigo dedicado \u00e0 <a href=\"https:\/\/www.urbanbiker.com\/pt-pt\/\">UrbanBiker<\/a> dentro do seu especial sobre mobilidade urbana.<\/p>\n<p data-start=\"754\" data-end=\"925\">Pode ler a reportagem completa aqui:<br data-start=\"793\" data-end=\"796\"><a class=\"decorated-link\" href=\"https:\/\/www.tradebike.es\/Articulos\/622000-UrbanBiker-mantiene-su-crecimiento-con-un-modelo-centrado-en-el-uso-real-de-e-bike.html\" target=\"_new\" rel=\"noopener\" data-start=\"796\" data-end=\"925\">https:\/\/www.tradebike.es\/Articulos\/622000-UrbanBiker-mantiene-su-crecimiento-con-un-modelo-centrado-en-el-uso-real-de-e-bike.html<\/a><\/p>\n<p data-start=\"927\" data-end=\"1144\">O artigo analisa a evolu\u00e7\u00e3o da marca nos \u00faltimos anos e foca-se numa ideia que faz parte da nossa forma de trabalhar desde o in\u00edcio: <strong data-start=\"1084\" data-end=\"1143\">desenhar bicicletas el\u00e9tricas pensadas para o uso real<\/strong>.<\/p>\n<p data-start=\"1146\" data-end=\"1274\">N\u00e3o para a fotografia.<br data-start=\"1162\" data-end=\"1165\">Para subir aquela subida espec\u00edfica.<br data-start=\"1196\" data-end=\"1199\">Para percorrer aquela longa avenida todas as manh\u00e3s.<br data-start=\"1243\" data-end=\"1246\">Para se mover melhor todos os dias.<\/p>\n<h2><strong>Um modelo baseado em ouvir quem usa a bicicleta<\/strong><\/h2>\n<p data-start=\"1337\" data-end=\"1493\">A reportagem explica que uma parte importante do crescimento da UrbanBiker se apoia num desenvolvimento de produto muito conectado com a realidade do mercado.<\/p>\n<p data-start=\"1495\" data-end=\"1567\">Ouvimos quem trabalha com a bicicleta el\u00e9trica todos os dias:<\/p>\n<ul>\n<li data-start=\"1495\" data-end=\"1567\">distribuidores que conhecem o que os utilizadores procuram<\/li>\n<li data-start=\"1495\" data-end=\"1567\">oficinas que veem como as bicicletas se comportam com o passar do tempo<\/li>\n<li data-start=\"1495\" data-end=\"1567\">pessoas que utilizam a e-bike como ferramenta de mobilidade quotidiana<\/li>\n<\/ul>\n<p data-start=\"1781\" data-end=\"1872\">Toda essa informa\u00e7\u00e3o transforma-se em melhorias reais em cada nova gera\u00e7\u00e3o de bicicletas. N\u00e3o se trata apenas de incorporar tecnologia, mas de garantir que <strong data-start=\"1944\" data-end=\"1999\">cada modelo responde a situa\u00e7\u00f5es concretas de uso<\/strong>. <\/p>\n<p data-start=\"1781\" data-end=\"1872\"><a href=\"https:\/\/www.urbanbiker.com\/wp-content\/uploads\/2026\/03\/UrbanBiker-en-la-prensa-especializada.png\"><img fetchpriority=\"high\" decoding=\"async\" class=\"alignnone size-medium wp-image-62176\" src=\"https:\/\/www.urbanbiker.com\/wp-content\/uploads\/2026\/03\/UrbanBiker-en-la-prensa-especializada-240x300.png\" alt=\"Tradebike fala sobre a UrbanBiker\" width=\"240\" height=\"300\" srcset=\"https:\/\/www.urbanbiker.com\/wp-content\/uploads\/2026\/03\/UrbanBiker-en-la-prensa-especializada-240x300.png 240w, https:\/\/www.urbanbiker.com\/wp-content\/uploads\/2026\/03\/UrbanBiker-en-la-prensa-especializada-819x1024.png 819w, https:\/\/www.urbanbiker.com\/wp-content\/uploads\/2026\/03\/UrbanBiker-en-la-prensa-especializada-768x960.png 768w, https:\/\/www.urbanbiker.com\/wp-content\/uploads\/2026\/03\/UrbanBiker-en-la-prensa-especializada-800x1000.png 800w, https:\/\/www.urbanbiker.com\/wp-content\/uploads\/2026\/03\/UrbanBiker-en-la-prensa-especializada.png 1080w\" sizes=\"(max-width: 240px) 100vw, 240px\" \/><\/a><\/p>\n<h2><strong>Bicicletas desenhadas para o dia a dia<\/strong><\/h2>\n<p data-start=\"2045\" data-end=\"2239\">Na UrbanBiker, desenhamos bicicletas el\u00e9tricas pensando em como s\u00e3o realmente utilizadas: desloca\u00e7\u00f5es di\u00e1rias, percursos urbanos, rotas por caminhos ou trajetos mistos entre cidade e natureza. Por isso, trabalhamos em aspetos que fazem a diferen\u00e7a no uso quotidiano: <\/p>\n<ul>\n<li data-start=\"2045\" data-end=\"2239\">conforto na condu\u00e7\u00e3o<\/li>\n<li data-start=\"2045\" data-end=\"2239\">autonomia suficiente para o dia completo<\/li>\n<li data-start=\"2045\" data-end=\"2239\">fiabilidade mec\u00e2nica e el\u00e9trica<\/li>\n<li data-start=\"2045\" data-end=\"2239\">manuten\u00e7\u00e3o simples<\/li>\n<li data-start=\"2045\" data-end=\"2239\">assist\u00eancia el\u00e9trica equilibrada<\/li>\n<\/ul>\n<p>O objetivo \u00e9 simples: que a bicicleta el\u00e9trica seja uma <strong data-start=\"2543\" data-end=\"2592\">solu\u00e7\u00e3o pr\u00e1tica, fi\u00e1vel e agrad\u00e1vel de usar<\/strong>.<\/p>\n<h2><strong>Descubra a gama UrbanBiker<\/strong><\/h2>\n<p>Se quiser saber mais sobre os nossos modelos, pode explorar: as nossas<a href=\"https:\/\/www.urbanbiker.com\/pt-pt\/categoria-produto\/ebikes\/bicicletas-electricas-urbanas\/\"> <strong data-start=\"2703\" data-end=\"2736\">bicicletas el\u00e9tricas urbanas<\/strong><\/a>, pensadas para a mobilidade di\u00e1ria ou toda a <strong data-start=\"2786\" data-end=\"2817\">gama completa da UrbanBiker<\/strong> no nosso site oficial.<\/p>\n<p data-start=\"3106\" data-end=\"3166\">Continuamos com os p\u00e9s na f\u00e1brica e o olhar na rua.<\/p>\n<p data-start=\"3168\" data-end=\"3205\"><strong data-start=\"3168\" data-end=\"3205\">Chegue onde quiser connosco.<\/strong><\/p>\n","protected":false},"excerpt":{"rendered":"<p>A revista especializada TradeBike publicou recentemente um artigo dedicado \u00e0 UrbanBiker dentro do seu especial sobre mobilidade urbana. Pode ler a reportagem completa aqui:https:\/\/www.tradebike.es\/Articulos\/622000-UrbanBiker-mantiene-su-crecimiento-con-un-modelo-centrado-en-el-uso-real-de-e-bike.html O artigo analisa a evolu\u00e7\u00e3o da marca nos \u00faltimos anos e foca-se numa ideia que faz parte da nossa forma de trabalhar desde o in\u00edcio: desenhar bicicletas el\u00e9tricas pensadas para o [&hellip;]<\/p>\n","protected":false},"author":28397,"featured_media":62190,"comment_status":"open","ping_status":"open","sticky":false,"template":"","format":"standard","meta":{"footnotes":""},"categories":[302],"tags":[],"class_list":["post-62257","post","type-post","status-publish","format-standard","has-post-thumbnail","hentry","category-noticias"],"yoast_head":"<!-- This site is optimized with the Yoast SEO plugin v27.4 - https:\/\/yoast.com\/product\/yoast-seo-wordpress\/ -->\n<title>UrbanBiker na TradeBike: crescimento e uso real da e-bike | UrbanBiker<\/title>\n<meta name=\"description\" content=\"UrbanBiker aparece na TradeBike destacando o seu crescimento baseado no uso real da bicicleta el\u00e9trica e o desenvolvimento de modelos pensados para a mobilidade di\u00e1ria.\" \/>\n<meta name=\"robots\" content=\"noindex, follow\" \/>\n<meta property=\"og:locale\" content=\"pt_PT\" \/>\n<meta property=\"og:type\" content=\"article\" \/>\n<meta property=\"og:title\" content=\"UrbanBiker na TradeBike: crescimento e uso real da e-bike | UrbanBiker\" \/>\n<meta property=\"og:description\" content=\"UrbanBiker aparece na TradeBike destacando o seu crescimento baseado no uso real da bicicleta el\u00e9trica e o desenvolvimento de modelos pensados para a mobilidade di\u00e1ria.\" \/>\n<meta property=\"og:url\" content=\"https:\/\/www.urbanbiker.com\/pt-pt\/urbanbiker-na-tradebike-crescimento-e-uso-real-da-e-bike\/\" \/>\n<meta property=\"og:site_name\" content=\"UrbanBiker\" \/>\n<meta property=\"article:publisher\" content=\"https:\/\/www.facebook.com\/Urbanbikerbiciselectricas\" \/>\n<meta property=\"article:published_time\" content=\"2026-03-10T16:05:31+00:00\" \/>\n<meta property=\"og:image\" content=\"https:\/\/www.urbanbiker.com\/wp-content\/uploads\/2026\/03\/Urbanbiker-prensa-1024x512.png\" \/>\n\t<meta property=\"og:image:width\" content=\"1024\" \/>\n\t<meta property=\"og:image:height\" content=\"512\" \/>\n\t<meta property=\"og:image:type\" content=\"image\/png\" \/>\n<meta name=\"author\" content=\"UrbanBiker Espa\u00f1a\" \/>\n<meta name=\"twitter:card\" content=\"summary_large_image\" \/>\n<meta name=\"twitter:label1\" content=\"Escrito por\" \/>\n\t<meta name=\"twitter:data1\" content=\"UrbanBiker Espa\u00f1a\" \/>\n\t<meta name=\"twitter:label2\" content=\"Tempo estimado de leitura\" \/>\n\t<meta name=\"twitter:data2\" content=\"2 minutos\" \/>\n<script type=\"application\/ld+json\" class=\"yoast-schema-graph\">{\"@context\":\"https:\\\/\\\/schema.org\",\"@graph\":[{\"@type\":\"Article\",\"@id\":\"https:\\\/\\\/www.urbanbiker.com\\\/pt-pt\\\/urbanbiker-na-tradebike-crescimento-e-uso-real-da-e-bike\\\/#article\",\"isPartOf\":{\"@id\":\"https:\\\/\\\/www.urbanbiker.com\\\/pt-pt\\\/urbanbiker-na-tradebike-crescimento-e-uso-real-da-e-bike\\\/\"},\"author\":{\"name\":\"UrbanBiker Espa\u00f1a\",\"@id\":\"https:\\\/\\\/www.urbanbiker.com\\\/pt-pt\\\/#\\\/schema\\\/person\\\/3a87fe08ae0ad7df010c4f0609a75e9c\"},\"headline\":\"UrbanBiker na TradeBike: crescimento e uso real da e-bike\",\"datePublished\":\"2026-03-10T16:05:31+00:00\",\"mainEntityOfPage\":{\"@id\":\"https:\\\/\\\/www.urbanbiker.com\\\/pt-pt\\\/urbanbiker-na-tradebike-crescimento-e-uso-real-da-e-bike\\\/\"},\"wordCount\":361,\"commentCount\":0,\"publisher\":{\"@id\":\"https:\\\/\\\/www.urbanbiker.com\\\/pt-pt\\\/#organization\"},\"image\":{\"@id\":\"https:\\\/\\\/www.urbanbiker.com\\\/pt-pt\\\/urbanbiker-na-tradebike-crescimento-e-uso-real-da-e-bike\\\/#primaryimage\"},\"thumbnailUrl\":\"https:\\\/\\\/www.urbanbiker.com\\\/wp-content\\\/uploads\\\/2026\\\/03\\\/Urbanbiker-prensa-scaled.png\",\"articleSection\":[\"Not\u00edcias\"],\"inLanguage\":\"pt-PT\",\"potentialAction\":[{\"@type\":\"CommentAction\",\"name\":\"Comment\",\"target\":[\"https:\\\/\\\/www.urbanbiker.com\\\/pt-pt\\\/urbanbiker-na-tradebike-crescimento-e-uso-real-da-e-bike\\\/#respond\"]}]},{\"@type\":\"WebPage\",\"@id\":\"https:\\\/\\\/www.urbanbiker.com\\\/pt-pt\\\/urbanbiker-na-tradebike-crescimento-e-uso-real-da-e-bike\\\/\",\"url\":\"https:\\\/\\\/www.urbanbiker.com\\\/pt-pt\\\/urbanbiker-na-tradebike-crescimento-e-uso-real-da-e-bike\\\/\",\"name\":\"UrbanBiker na TradeBike: crescimento e uso real da e-bike | UrbanBiker\",\"isPartOf\":{\"@id\":\"https:\\\/\\\/www.urbanbiker.com\\\/pt-pt\\\/#website\"},\"primaryImageOfPage\":{\"@id\":\"https:\\\/\\\/www.urbanbiker.com\\\/pt-pt\\\/urbanbiker-na-tradebike-crescimento-e-uso-real-da-e-bike\\\/#primaryimage\"},\"image\":{\"@id\":\"https:\\\/\\\/www.urbanbiker.com\\\/pt-pt\\\/urbanbiker-na-tradebike-crescimento-e-uso-real-da-e-bike\\\/#primaryimage\"},\"thumbnailUrl\":\"https:\\\/\\\/www.urbanbiker.com\\\/wp-content\\\/uploads\\\/2026\\\/03\\\/Urbanbiker-prensa-scaled.png\",\"datePublished\":\"2026-03-10T16:05:31+00:00\",\"description\":\"UrbanBiker aparece na TradeBike destacando o seu crescimento baseado no uso real da bicicleta el\u00e9trica e o desenvolvimento de modelos pensados para a mobilidade di\u00e1ria.\",\"breadcrumb\":{\"@id\":\"https:\\\/\\\/www.urbanbiker.com\\\/pt-pt\\\/urbanbiker-na-tradebike-crescimento-e-uso-real-da-e-bike\\\/#breadcrumb\"},\"inLanguage\":\"pt-PT\",\"potentialAction\":[{\"@type\":\"ReadAction\",\"target\":[\"https:\\\/\\\/www.urbanbiker.com\\\/pt-pt\\\/urbanbiker-na-tradebike-crescimento-e-uso-real-da-e-bike\\\/\"]}]},{\"@type\":\"ImageObject\",\"inLanguage\":\"pt-PT\",\"@id\":\"https:\\\/\\\/www.urbanbiker.com\\\/pt-pt\\\/urbanbiker-na-tradebike-crescimento-e-uso-real-da-e-bike\\\/#primaryimage\",\"url\":\"https:\\\/\\\/www.urbanbiker.com\\\/wp-content\\\/uploads\\\/2026\\\/03\\\/Urbanbiker-prensa-scaled.png\",\"contentUrl\":\"https:\\\/\\\/www.urbanbiker.com\\\/wp-content\\\/uploads\\\/2026\\\/03\\\/Urbanbiker-prensa-scaled.png\",\"width\":2560,\"height\":1280},{\"@type\":\"BreadcrumbList\",\"@id\":\"https:\\\/\\\/www.urbanbiker.com\\\/pt-pt\\\/urbanbiker-na-tradebike-crescimento-e-uso-real-da-e-bike\\\/#breadcrumb\",\"itemListElement\":[{\"@type\":\"ListItem\",\"position\":1,\"name\":\"Portada\",\"item\":\"https:\\\/\\\/www.urbanbiker.com\\\/pt-pt\\\/\"},{\"@type\":\"ListItem\",\"position\":2,\"name\":\"UrbanBiker na TradeBike: crescimento e uso real da e-bike\"}]},{\"@type\":\"WebSite\",\"@id\":\"https:\\\/\\\/www.urbanbiker.com\\\/pt-pt\\\/#website\",\"url\":\"https:\\\/\\\/www.urbanbiker.com\\\/pt-pt\\\/\",\"name\":\"UrbanBiker\",\"description\":\"Bicicletas el\u00e9ctricas\",\"publisher\":{\"@id\":\"https:\\\/\\\/www.urbanbiker.com\\\/pt-pt\\\/#organization\"},\"potentialAction\":[{\"@type\":\"SearchAction\",\"target\":{\"@type\":\"EntryPoint\",\"urlTemplate\":\"https:\\\/\\\/www.urbanbiker.com\\\/pt-pt\\\/?s={search_term_string}\"},\"query-input\":{\"@type\":\"PropertyValueSpecification\",\"valueRequired\":true,\"valueName\":\"search_term_string\"}}],\"inLanguage\":\"pt-PT\"},{\"@type\":\"Organization\",\"@id\":\"https:\\\/\\\/www.urbanbiker.com\\\/pt-pt\\\/#organization\",\"name\":\"UrbanBiker\",\"url\":\"https:\\\/\\\/www.urbanbiker.com\\\/pt-pt\\\/\",\"logo\":{\"@type\":\"ImageObject\",\"inLanguage\":\"pt-PT\",\"@id\":\"https:\\\/\\\/www.urbanbiker.com\\\/pt-pt\\\/#\\\/schema\\\/logo\\\/image\\\/\",\"url\":\"https:\\\/\\\/www.urbanbiker.com\\\/wp-content\\\/uploads\\\/2022\\\/09\\\/Logo-principal-sin-fondo.png\",\"contentUrl\":\"https:\\\/\\\/www.urbanbiker.com\\\/wp-content\\\/uploads\\\/2022\\\/09\\\/Logo-principal-sin-fondo.png\",\"width\":2560,\"height\":934,\"caption\":\"UrbanBiker\"},\"image\":{\"@id\":\"https:\\\/\\\/www.urbanbiker.com\\\/pt-pt\\\/#\\\/schema\\\/logo\\\/image\\\/\"},\"sameAs\":[\"https:\\\/\\\/www.facebook.com\\\/Urbanbikerbiciselectricas\",\"https:\\\/\\\/www.instagram.com\\\/urbanbiker_\\\/\",\"https:\\\/\\\/www.linkedin.com\\\/company\\\/2454235\",\"https:\\\/\\\/www.youtube.com\\\/channel\\\/UCWR__uH_RWJF-OhPfz-9-Qw\"]},{\"@type\":\"Person\",\"@id\":\"https:\\\/\\\/www.urbanbiker.com\\\/pt-pt\\\/#\\\/schema\\\/person\\\/3a87fe08ae0ad7df010c4f0609a75e9c\",\"name\":\"UrbanBiker Espa\u00f1a\",\"image\":{\"@type\":\"ImageObject\",\"inLanguage\":\"pt-PT\",\"@id\":\"https:\\\/\\\/secure.gravatar.com\\\/avatar\\\/5a4566847f58b92c592ba1df12070855f95d6f19fdb97a9d5da4d45d9a3d34d2?s=96&d=mm&r=g\",\"url\":\"https:\\\/\\\/secure.gravatar.com\\\/avatar\\\/5a4566847f58b92c592ba1df12070855f95d6f19fdb97a9d5da4d45d9a3d34d2?s=96&d=mm&r=g\",\"contentUrl\":\"https:\\\/\\\/secure.gravatar.com\\\/avatar\\\/5a4566847f58b92c592ba1df12070855f95d6f19fdb97a9d5da4d45d9a3d34d2?s=96&d=mm&r=g\",\"caption\":\"UrbanBiker Espa\u00f1a\"}}]}<\/script>\n<!-- \/ Yoast SEO plugin. -->","yoast_head_json":{"title":"UrbanBiker na TradeBike: crescimento e uso real da e-bike | UrbanBiker","description":"UrbanBiker aparece na TradeBike destacando o seu crescimento baseado no uso real da bicicleta el\u00e9trica e o desenvolvimento de modelos pensados para a mobilidade di\u00e1ria.","robots":{"index":"noindex","follow":"follow"},"og_locale":"pt_PT","og_type":"article","og_title":"UrbanBiker na TradeBike: crescimento e uso real da e-bike | UrbanBiker","og_description":"UrbanBiker aparece na TradeBike destacando o seu crescimento baseado no uso real da bicicleta el\u00e9trica e o desenvolvimento de modelos pensados para a mobilidade di\u00e1ria.","og_url":"https:\/\/www.urbanbiker.com\/pt-pt\/urbanbiker-na-tradebike-crescimento-e-uso-real-da-e-bike\/","og_site_name":"UrbanBiker","article_publisher":"https:\/\/www.facebook.com\/Urbanbikerbiciselectricas","article_published_time":"2026-03-10T16:05:31+00:00","og_image":[{"width":1024,"height":512,"url":"https:\/\/www.urbanbiker.com\/wp-content\/uploads\/2026\/03\/Urbanbiker-prensa-1024x512.png","type":"image\/png"}],"author":"UrbanBiker Espa\u00f1a","twitter_card":"summary_large_image","twitter_misc":{"Escrito por":"UrbanBiker Espa\u00f1a","Tempo estimado de leitura":"2 minutos"},"schema":{"@context":"https:\/\/schema.org","@graph":[{"@type":"Article","@id":"https:\/\/www.urbanbiker.com\/pt-pt\/urbanbiker-na-tradebike-crescimento-e-uso-real-da-e-bike\/#article","isPartOf":{"@id":"https:\/\/www.urbanbiker.com\/pt-pt\/urbanbiker-na-tradebike-crescimento-e-uso-real-da-e-bike\/"},"author":{"name":"UrbanBiker Espa\u00f1a","@id":"https:\/\/www.urbanbiker.com\/pt-pt\/#\/schema\/person\/3a87fe08ae0ad7df010c4f0609a75e9c"},"headline":"UrbanBiker na TradeBike: crescimento e uso real da e-bike","datePublished":"2026-03-10T16:05:31+00:00","mainEntityOfPage":{"@id":"https:\/\/www.urbanbiker.com\/pt-pt\/urbanbiker-na-tradebike-crescimento-e-uso-real-da-e-bike\/"},"wordCount":361,"commentCount":0,"publisher":{"@id":"https:\/\/www.urbanbiker.com\/pt-pt\/#organization"},"image":{"@id":"https:\/\/www.urbanbiker.com\/pt-pt\/urbanbiker-na-tradebike-crescimento-e-uso-real-da-e-bike\/#primaryimage"},"thumbnailUrl":"https:\/\/www.urbanbiker.com\/wp-content\/uploads\/2026\/03\/Urbanbiker-prensa-scaled.png","articleSection":["Not\u00edcias"],"inLanguage":"pt-PT","potentialAction":[{"@type":"CommentAction","name":"Comment","target":["https:\/\/www.urbanbiker.com\/pt-pt\/urbanbiker-na-tradebike-crescimento-e-uso-real-da-e-bike\/#respond"]}]},{"@type":"WebPage","@id":"https:\/\/www.urbanbiker.com\/pt-pt\/urbanbiker-na-tradebike-crescimento-e-uso-real-da-e-bike\/","url":"https:\/\/www.urbanbiker.com\/pt-pt\/urbanbiker-na-tradebike-crescimento-e-uso-real-da-e-bike\/","name":"UrbanBiker na TradeBike: crescimento e uso real da e-bike | UrbanBiker","isPartOf":{"@id":"https:\/\/www.urbanbiker.com\/pt-pt\/#website"},"primaryImageOfPage":{"@id":"https:\/\/www.urbanbiker.com\/pt-pt\/urbanbiker-na-tradebike-crescimento-e-uso-real-da-e-bike\/#primaryimage"},"image":{"@id":"https:\/\/www.urbanbiker.com\/pt-pt\/urbanbiker-na-tradebike-crescimento-e-uso-real-da-e-bike\/#primaryimage"},"thumbnailUrl":"https:\/\/www.urbanbiker.com\/wp-content\/uploads\/2026\/03\/Urbanbiker-prensa-scaled.png","datePublished":"2026-03-10T16:05:31+00:00","description":"UrbanBiker aparece na TradeBike destacando o seu crescimento baseado no uso real da bicicleta el\u00e9trica e o desenvolvimento de modelos pensados para a mobilidade di\u00e1ria.","breadcrumb":{"@id":"https:\/\/www.urbanbiker.com\/pt-pt\/urbanbiker-na-tradebike-crescimento-e-uso-real-da-e-bike\/#breadcrumb"},"inLanguage":"pt-PT","potentialAction":[{"@type":"ReadAction","target":["https:\/\/www.urbanbiker.com\/pt-pt\/urbanbiker-na-tradebike-crescimento-e-uso-real-da-e-bike\/"]}]},{"@type":"ImageObject","inLanguage":"pt-PT","@id":"https:\/\/www.urbanbiker.com\/pt-pt\/urbanbiker-na-tradebike-crescimento-e-uso-real-da-e-bike\/#primaryimage","url":"https:\/\/www.urbanbiker.com\/wp-content\/uploads\/2026\/03\/Urbanbiker-prensa-scaled.png","contentUrl":"https:\/\/www.urbanbiker.com\/wp-content\/uploads\/2026\/03\/Urbanbiker-prensa-scaled.png","width":2560,"height":1280},{"@type":"BreadcrumbList","@id":"https:\/\/www.urbanbiker.com\/pt-pt\/urbanbiker-na-tradebike-crescimento-e-uso-real-da-e-bike\/#breadcrumb","itemListElement":[{"@type":"ListItem","position":1,"name":"Portada","item":"https:\/\/www.urbanbiker.com\/pt-pt\/"},{"@type":"ListItem","position":2,"name":"UrbanBiker na TradeBike: crescimento e uso real da e-bike"}]},{"@type":"WebSite","@id":"https:\/\/www.urbanbiker.com\/pt-pt\/#website","url":"https:\/\/www.urbanbiker.com\/pt-pt\/","name":"UrbanBiker","description":"Bicicletas el\u00e9ctricas","publisher":{"@id":"https:\/\/www.urbanbiker.com\/pt-pt\/#organization"},"potentialAction":[{"@type":"SearchAction","target":{"@type":"EntryPoint","urlTemplate":"https:\/\/www.urbanbiker.com\/pt-pt\/?s={search_term_string}"},"query-input":{"@type":"PropertyValueSpecification","valueRequired":true,"valueName":"search_term_string"}}],"inLanguage":"pt-PT"},{"@type":"Organization","@id":"https:\/\/www.urbanbiker.com\/pt-pt\/#organization","name":"UrbanBiker","url":"https:\/\/www.urbanbiker.com\/pt-pt\/","logo":{"@type":"ImageObject","inLanguage":"pt-PT","@id":"https:\/\/www.urbanbiker.com\/pt-pt\/#\/schema\/logo\/image\/","url":"https:\/\/www.urbanbiker.com\/wp-content\/uploads\/2022\/09\/Logo-principal-sin-fondo.png","contentUrl":"https:\/\/www.urbanbiker.com\/wp-content\/uploads\/2022\/09\/Logo-principal-sin-fondo.png","width":2560,"height":934,"caption":"UrbanBiker"},"image":{"@id":"https:\/\/www.urbanbiker.com\/pt-pt\/#\/schema\/logo\/image\/"},"sameAs":["https:\/\/www.facebook.com\/Urbanbikerbiciselectricas","https:\/\/www.instagram.com\/urbanbiker_\/","https:\/\/www.linkedin.com\/company\/2454235","https:\/\/www.youtube.com\/channel\/UCWR__uH_RWJF-OhPfz-9-Qw"]},{"@type":"Person","@id":"https:\/\/www.urbanbiker.com\/pt-pt\/#\/schema\/person\/3a87fe08ae0ad7df010c4f0609a75e9c","name":"UrbanBiker Espa\u00f1a","image":{"@type":"ImageObject","inLanguage":"pt-PT","@id":"https:\/\/secure.gravatar.com\/avatar\/5a4566847f58b92c592ba1df12070855f95d6f19fdb97a9d5da4d45d9a3d34d2?s=96&d=mm&r=g","url":"https:\/\/secure.gravatar.com\/avatar\/5a4566847f58b92c592ba1df12070855f95d6f19fdb97a9d5da4d45d9a3d34d2?s=96&d=mm&r=g","contentUrl":"https:\/\/secure.gravatar.com\/avatar\/5a4566847f58b92c592ba1df12070855f95d6f19fdb97a9d5da4d45d9a3d34d2?s=96&d=mm&r=g","caption":"UrbanBiker Espa\u00f1a"}}]}},"_links":{"self":[{"href":"https:\/\/www.urbanbiker.com\/pt-pt\/wp-json\/wp\/v2\/posts\/62257","targetHints":{"allow":["GET"]}}],"collection":[{"href":"https:\/\/www.urbanbiker.com\/pt-pt\/wp-json\/wp\/v2\/posts"}],"about":[{"href":"https:\/\/www.urbanbiker.com\/pt-pt\/wp-json\/wp\/v2\/types\/post"}],"author":[{"embeddable":true,"href":"https:\/\/www.urbanbiker.com\/pt-pt\/wp-json\/wp\/v2\/users\/28397"}],"replies":[{"embeddable":true,"href":"https:\/\/www.urbanbiker.com\/pt-pt\/wp-json\/wp\/v2\/comments?post=62257"}],"version-history":[{"count":0,"href":"https:\/\/www.urbanbiker.com\/pt-pt\/wp-json\/wp\/v2\/posts\/62257\/revisions"}],"wp:featuredmedia":[{"embeddable":true,"href":"https:\/\/www.urbanbiker.com\/pt-pt\/wp-json\/wp\/v2\/media\/62190"}],"wp:attachment":[{"href":"https:\/\/www.urbanbiker.com\/pt-pt\/wp-json\/wp\/v2\/media?parent=62257"}],"wp:term":[{"taxonomy":"category","embeddable":true,"href":"https:\/\/www.urbanbiker.com\/pt-pt\/wp-json\/wp\/v2\/categories?post=62257"},{"taxonomy":"post_tag","embeddable":true,"href":"https:\/\/www.urbanbiker.com\/pt-pt\/wp-json\/wp\/v2\/tags?post=62257"}],"curies":[{"name":"wp","href":"https:\/\/api.w.org\/{rel}","templated":true}]}}