{"id":60766,"date":"2026-03-11T16:26:13","date_gmt":"2026-03-11T15:26:13","guid":{"rendered":"https:\/\/www.urbanbiker.com\/?p=60766"},"modified":"2026-03-11T16:31:44","modified_gmt":"2026-03-11T15:31:44","slug":"baterias-de-litio-e-mobilidade-eletrica-o-que-esta-por-detras-de-uma-urbanbiker","status":"publish","type":"post","link":"https:\/\/www.urbanbiker.com\/pt-pt\/baterias-de-litio-e-mobilidade-eletrica-o-que-esta-por-detras-de-uma-urbanbiker\/","title":{"rendered":"Baterias de l\u00edtio e mobilidade el\u00e9trica: o que est\u00e1 por detr\u00e1s de uma UrbanBiker"},"content":{"rendered":"<h2><strong>Baterias de l\u00edtio e mobilidade el\u00e9trica: o que est\u00e1 por detr\u00e1s de uma UrbanBiker<\/strong><\/h2>\n<p><em>Por F.J. Fuentes, COO na UrbanBiker<\/em><\/p>\n<p>As baterias de <a href=\"https:\/\/pt.wikipedia.org\/wiki\/L%C3%ADtio\">l\u00edtio<\/a> s\u00e3o o cora\u00e7\u00e3o de uma bicicleta el\u00e9trica. Determinam a <a href=\"https:\/\/www.urbanbiker.com\/pt-pt\/como-aumentar-a-duracao-da-bateria\/\">autonomia<\/a>, o rendimento, o pre\u00e7o\u2026 e tamb\u00e9m grande parte do seu impacto ambiental. Por isso, entender como funcionam e o que acontece com elas ao longo da sua vida \u00fatil \u00e9 fundamental para falar de mobilidade el\u00e9trica com rigor.<\/p>\n<p>Na UrbanBiker, levamos mais de 14 anos a fabricar ebikes. E, se algo aprendemos neste tempo, \u00e9 que a sustentabilidade n\u00e3o come\u00e7a nem termina na venda de uma bicicleta. Come\u00e7a no design e continua muito depois do \u00faltimo quil\u00f3metro.<\/p>\n<p>Aqui contamos-te o essencial.<\/p>\n<h3><strong>Quanto dura realmente uma bateria de l\u00edtio<\/strong><\/h3>\n<p>Uma <a href=\"https:\/\/www.urbanbiker.com\/categoria-producto\/componentes\/baterias\/\">bateria<\/a> n\u00e3o se estraga de repente. Degrada-se pouco a pouco.<\/p>\n<p>Em condi\u00e7\u00f5es normais, uma bateria de l\u00edtio oferece v\u00e1rias centenas de ciclos completos de carga, o que se traduz em anos de uso real se for cuidada corretamente. Temperaturas moderadas, evitar descargas extremas e uma recarga regular marcam a diferen\u00e7a.<\/p>\n<p>Na UrbanBiker, priorizamos a estabilidade e a vida \u00fatil face a n\u00fameros chamativos. Preferimos baterias fi\u00e1veis, equilibradas e duradouras antes de promessas de autonomia dif\u00edceis de sustentar no tempo.<\/p>\n<h3><strong>A bateria: o componente mais valioso de uma ebike<\/strong><\/h3>\n<p>N\u00e3o \u00e9 por acaso que a bateria seja a parte mais dispendiosa de uma bicicleta el\u00e9trica. O seu fabrico implica materiais complexos, altos padr\u00f5es de seguran\u00e7a e processos industriais muito exigentes.<\/p>\n<p>A boa not\u00edcia \u00e9 que a tecnologia avan\u00e7a r\u00e1pido: hoje, as baterias s\u00e3o mais est\u00e1veis, mais seguras e mant\u00eam melhor a sua capacidade durante mais tempo. Trabalhamos unicamente com fornecedores certificados que cumprem controlos el\u00e9tricos e qu\u00edmicos estritos.<\/p>\n<h3><strong>Quando a bateria deixa de servir para uma bicicleta <\/strong><\/h3>\n<p>Como produtor registado, a UrbanBiker cumpre com a <a href=\"https:\/\/www.miteco.gob.es\/es\/calidad-y-evaluacion-ambiental\/temas\/prevencion-y-gestion-residuos\/flujos\/responsabilidad-ampliada.html\">Responsabilidade Ampliada do Produtor (RAP)<\/a>, o que implica assumir a correta gest\u00e3o das baterias que se colocam no mercado quando chegam ao final da sua vida \u00fatil.<\/p>\n<p>Esta gest\u00e3o n\u00e3o se realiza de forma direta com o utilizador final, mas sim atrav\u00e9s de sistemas coletivos de recolha e reciclagem autorizados, que garantem o tratamento adequado destes res\u00edduos conforme a normativa vigente.<\/p>\n<p>Na pr\u00e1tica, isto significa que as baterias devem ser depositadas nos canais oficiais habilitados para isso, como pontos de recolha seletiva ou sistemas de gest\u00e3o autorizados, assegurando assim a sua correta reciclagem e a recupera\u00e7\u00e3o de materiais valiosos.<\/p>\n<p>O nosso compromisso como marca \u00e9 participar ativamente nestes sistemas e garantir que cada bateria que colocamos no mercado tenha um final respons\u00e1vel, ainda que o processo de recolha n\u00e3o seja gerido diretamente desde a UrbanBiker.<\/p>\n<h3><strong>Ecodesign e segunda vida: pensar mais al\u00e9m do produto<\/strong><\/h3>\n<p>Antes de reciclar, h\u00e1 algo ainda mais importante: alongar a vida \u00fatil.<\/p>\n<p>Desenhar baterias acess\u00edveis e extra\u00edveis, componentes repar\u00e1veis e sistemas estandardizados permite manter uma bicicleta em uso durante mais tempo e reduzir res\u00edduos. Al\u00e9m disso, muitas baterias que j\u00e1 n\u00e3o s\u00e3o \u00f3timas para mobilidade podem continuar a ser \u00fateis noutros contextos, como armazenamento energ\u00e9tico ou pequenos sistemas aut\u00f3nomos.<\/p>\n<p>Reutilizar sempre que seja seguro \u00e9 uma parte essencial de uma mobilidade realmente sustent\u00e1vel.<\/p>\n<h3><strong>Conclus\u00e3o: mobilidade el\u00e9trica com responsabilidade<\/strong><\/h3>\n<p>A ebike n\u00e3o \u00e9 uma moda. \u00c9 uma das formas mais eficientes e realistas de se mover hoje, sobretudo nas dist\u00e2ncias curtas.<\/p>\n<p>Mas a sustentabilidade n\u00e3o se consegue s\u00f3 fabricando bicicletas el\u00e9tricas, mas sim assumindo todo o ciclo de vida dos seus componentes. Na UrbanBiker, temos isso claro: fabricar bem n\u00e3o tem sentido se n\u00e3o gerires bem o que fabricas.<\/p>\n<p>Esse \u00e9 o nosso compromisso. E a base sobre a qual continuamos a pedalar para uma mobilidade mais limpa, respons\u00e1vel e duradoura.<\/p>\n<p>&nbsp;<\/p>\n<p>Sobre o autor<\/p>\n<p><em>F.J. Fuentes \u00e9 COO na UrbanBiker e coordena diretamente a sele\u00e7\u00e3o e valida\u00e7\u00e3o de todos os componentes e sistemas das nossas bicicletas el\u00e9tricas.<\/em><\/p>\n","protected":false},"excerpt":{"rendered":"<p>Baterias de l\u00edtio e mobilidade el\u00e9trica: o que est\u00e1 por detr\u00e1s de uma UrbanBiker Por F.J. Fuentes, COO na UrbanBiker As baterias de l\u00edtio s\u00e3o o cora\u00e7\u00e3o de uma bicicleta el\u00e9trica. Determinam a autonomia, o rendimento, o pre\u00e7o\u2026 e tamb\u00e9m grande parte do seu impacto ambiental. Por isso, entender como funcionam e o que acontece [&hellip;]<\/p>\n","protected":false},"author":28397,"featured_media":62208,"comment_status":"open","ping_status":"open","sticky":false,"template":"","format":"standard","meta":{"footnotes":""},"categories":[298,624],"tags":[],"class_list":["post-60766","post","type-post","status-publish","format-standard","has-post-thumbnail","hentry","category-conselhos","category-mobilidade-sustentavel"],"yoast_head":"<!-- This site is optimized with the Yoast SEO plugin v27.4 - https:\/\/yoast.com\/product\/yoast-seo-wordpress\/ -->\n<title>Baterias de l\u00edtio em bicicletas el\u00e9tricas: o que deve saber<\/title>\n<meta name=\"description\" content=\"Como funcionam as baterias de l\u00edtio numa ebike, quanto duram e como se gere o seu fim de vida de forma respons\u00e1vel segundo a normativa vigente.\" \/>\n<meta name=\"robots\" content=\"index, follow, max-snippet:-1, max-image-preview:large, max-video-preview:-1\" \/>\n<link rel=\"canonical\" href=\"https:\/\/www.urbanbiker.com\/pt-pt\/baterias-de-litio-e-mobilidade-eletrica-o-que-esta-por-detras-de-uma-urbanbiker\/\" \/>\n<meta property=\"og:locale\" content=\"pt_PT\" \/>\n<meta property=\"og:type\" content=\"article\" \/>\n<meta property=\"og:title\" content=\"Baterias de l\u00edtio em bicicletas el\u00e9tricas: o que deve saber\" \/>\n<meta property=\"og:description\" content=\"Como funcionam as baterias de l\u00edtio numa ebike, quanto duram e como se gere o seu fim de vida de forma respons\u00e1vel segundo a normativa vigente.\" \/>\n<meta property=\"og:url\" content=\"https:\/\/www.urbanbiker.com\/pt-pt\/baterias-de-litio-e-mobilidade-eletrica-o-que-esta-por-detras-de-uma-urbanbiker\/\" \/>\n<meta property=\"og:site_name\" content=\"UrbanBiker\" \/>\n<meta property=\"article:publisher\" content=\"https:\/\/www.facebook.com\/Urbanbikerbiciselectricas\" \/>\n<meta property=\"article:published_time\" content=\"2026-03-11T15:26:13+00:00\" \/>\n<meta property=\"article:modified_time\" content=\"2026-03-11T15:31:44+00:00\" \/>\n<meta property=\"og:image\" content=\"https:\/\/www.urbanbiker.com\/wp-content\/uploads\/2026\/03\/Baterias-UrbanBiker-1024x512.png\" \/>\n\t<meta property=\"og:image:width\" content=\"1024\" \/>\n\t<meta property=\"og:image:height\" content=\"512\" \/>\n\t<meta property=\"og:image:type\" content=\"image\/png\" \/>\n<meta name=\"author\" content=\"UrbanBiker Espa\u00f1a\" \/>\n<meta name=\"twitter:card\" content=\"summary_large_image\" \/>\n<meta name=\"twitter:label1\" content=\"Escrito por\" \/>\n\t<meta name=\"twitter:data1\" content=\"UrbanBiker Espa\u00f1a\" \/>\n\t<meta name=\"twitter:label2\" content=\"Tempo estimado de leitura\" \/>\n\t<meta name=\"twitter:data2\" content=\"4 minutos\" \/>\n<script type=\"application\/ld+json\" class=\"yoast-schema-graph\">{\"@context\":\"https:\\\/\\\/schema.org\",\"@graph\":[{\"@type\":\"Article\",\"@id\":\"https:\\\/\\\/www.urbanbiker.com\\\/pt-pt\\\/baterias-de-litio-e-mobilidade-eletrica-o-que-esta-por-detras-de-uma-urbanbiker\\\/#article\",\"isPartOf\":{\"@id\":\"https:\\\/\\\/www.urbanbiker.com\\\/pt-pt\\\/baterias-de-litio-e-mobilidade-eletrica-o-que-esta-por-detras-de-uma-urbanbiker\\\/\"},\"author\":{\"name\":\"UrbanBiker Espa\u00f1a\",\"@id\":\"https:\\\/\\\/www.urbanbiker.com\\\/pt-pt\\\/#\\\/schema\\\/person\\\/3a87fe08ae0ad7df010c4f0609a75e9c\"},\"headline\":\"Baterias de l\u00edtio e mobilidade el\u00e9trica: o que est\u00e1 por detr\u00e1s de uma UrbanBiker\",\"datePublished\":\"2026-03-11T15:26:13+00:00\",\"dateModified\":\"2026-03-11T15:31:44+00:00\",\"mainEntityOfPage\":{\"@id\":\"https:\\\/\\\/www.urbanbiker.com\\\/pt-pt\\\/baterias-de-litio-e-mobilidade-eletrica-o-que-esta-por-detras-de-uma-urbanbiker\\\/\"},\"wordCount\":704,\"commentCount\":0,\"publisher\":{\"@id\":\"https:\\\/\\\/www.urbanbiker.com\\\/pt-pt\\\/#organization\"},\"image\":{\"@id\":\"https:\\\/\\\/www.urbanbiker.com\\\/pt-pt\\\/baterias-de-litio-e-mobilidade-eletrica-o-que-esta-por-detras-de-uma-urbanbiker\\\/#primaryimage\"},\"thumbnailUrl\":\"https:\\\/\\\/www.urbanbiker.com\\\/wp-content\\\/uploads\\\/2026\\\/03\\\/Baterias-UrbanBiker-scaled.png\",\"articleSection\":[\"Conselhos\",\"Mobilidade sustent\u00e1vel\"],\"inLanguage\":\"pt-PT\",\"potentialAction\":[{\"@type\":\"CommentAction\",\"name\":\"Comment\",\"target\":[\"https:\\\/\\\/www.urbanbiker.com\\\/pt-pt\\\/baterias-de-litio-e-mobilidade-eletrica-o-que-esta-por-detras-de-uma-urbanbiker\\\/#respond\"]}]},{\"@type\":\"WebPage\",\"@id\":\"https:\\\/\\\/www.urbanbiker.com\\\/pt-pt\\\/baterias-de-litio-e-mobilidade-eletrica-o-que-esta-por-detras-de-uma-urbanbiker\\\/\",\"url\":\"https:\\\/\\\/www.urbanbiker.com\\\/pt-pt\\\/baterias-de-litio-e-mobilidade-eletrica-o-que-esta-por-detras-de-uma-urbanbiker\\\/\",\"name\":\"Baterias de l\u00edtio em bicicletas el\u00e9tricas: o que deve saber\",\"isPartOf\":{\"@id\":\"https:\\\/\\\/www.urbanbiker.com\\\/pt-pt\\\/#website\"},\"primaryImageOfPage\":{\"@id\":\"https:\\\/\\\/www.urbanbiker.com\\\/pt-pt\\\/baterias-de-litio-e-mobilidade-eletrica-o-que-esta-por-detras-de-uma-urbanbiker\\\/#primaryimage\"},\"image\":{\"@id\":\"https:\\\/\\\/www.urbanbiker.com\\\/pt-pt\\\/baterias-de-litio-e-mobilidade-eletrica-o-que-esta-por-detras-de-uma-urbanbiker\\\/#primaryimage\"},\"thumbnailUrl\":\"https:\\\/\\\/www.urbanbiker.com\\\/wp-content\\\/uploads\\\/2026\\\/03\\\/Baterias-UrbanBiker-scaled.png\",\"datePublished\":\"2026-03-11T15:26:13+00:00\",\"dateModified\":\"2026-03-11T15:31:44+00:00\",\"description\":\"Como funcionam as baterias de l\u00edtio numa ebike, quanto duram e como se gere o seu fim de vida de forma respons\u00e1vel segundo a normativa vigente.\",\"breadcrumb\":{\"@id\":\"https:\\\/\\\/www.urbanbiker.com\\\/pt-pt\\\/baterias-de-litio-e-mobilidade-eletrica-o-que-esta-por-detras-de-uma-urbanbiker\\\/#breadcrumb\"},\"inLanguage\":\"pt-PT\",\"potentialAction\":[{\"@type\":\"ReadAction\",\"target\":[\"https:\\\/\\\/www.urbanbiker.com\\\/pt-pt\\\/baterias-de-litio-e-mobilidade-eletrica-o-que-esta-por-detras-de-uma-urbanbiker\\\/\"]}]},{\"@type\":\"ImageObject\",\"inLanguage\":\"pt-PT\",\"@id\":\"https:\\\/\\\/www.urbanbiker.com\\\/pt-pt\\\/baterias-de-litio-e-mobilidade-eletrica-o-que-esta-por-detras-de-uma-urbanbiker\\\/#primaryimage\",\"url\":\"https:\\\/\\\/www.urbanbiker.com\\\/wp-content\\\/uploads\\\/2026\\\/03\\\/Baterias-UrbanBiker-scaled.png\",\"contentUrl\":\"https:\\\/\\\/www.urbanbiker.com\\\/wp-content\\\/uploads\\\/2026\\\/03\\\/Baterias-UrbanBiker-scaled.png\",\"width\":2560,\"height\":1280,\"caption\":\"Autonom\u00eda y rendimiento garantizado\"},{\"@type\":\"BreadcrumbList\",\"@id\":\"https:\\\/\\\/www.urbanbiker.com\\\/pt-pt\\\/baterias-de-litio-e-mobilidade-eletrica-o-que-esta-por-detras-de-uma-urbanbiker\\\/#breadcrumb\",\"itemListElement\":[{\"@type\":\"ListItem\",\"position\":1,\"name\":\"Portada\",\"item\":\"https:\\\/\\\/www.urbanbiker.com\\\/pt-pt\\\/\"},{\"@type\":\"ListItem\",\"position\":2,\"name\":\"Baterias de l\u00edtio e mobilidade el\u00e9trica: o que est\u00e1 por detr\u00e1s de uma UrbanBiker\"}]},{\"@type\":\"WebSite\",\"@id\":\"https:\\\/\\\/www.urbanbiker.com\\\/pt-pt\\\/#website\",\"url\":\"https:\\\/\\\/www.urbanbiker.com\\\/pt-pt\\\/\",\"name\":\"UrbanBiker\",\"description\":\"Bicicletas el\u00e9ctricas\",\"publisher\":{\"@id\":\"https:\\\/\\\/www.urbanbiker.com\\\/pt-pt\\\/#organization\"},\"potentialAction\":[{\"@type\":\"SearchAction\",\"target\":{\"@type\":\"EntryPoint\",\"urlTemplate\":\"https:\\\/\\\/www.urbanbiker.com\\\/pt-pt\\\/?s={search_term_string}\"},\"query-input\":{\"@type\":\"PropertyValueSpecification\",\"valueRequired\":true,\"valueName\":\"search_term_string\"}}],\"inLanguage\":\"pt-PT\"},{\"@type\":\"Organization\",\"@id\":\"https:\\\/\\\/www.urbanbiker.com\\\/pt-pt\\\/#organization\",\"name\":\"UrbanBiker\",\"url\":\"https:\\\/\\\/www.urbanbiker.com\\\/pt-pt\\\/\",\"logo\":{\"@type\":\"ImageObject\",\"inLanguage\":\"pt-PT\",\"@id\":\"https:\\\/\\\/www.urbanbiker.com\\\/pt-pt\\\/#\\\/schema\\\/logo\\\/image\\\/\",\"url\":\"https:\\\/\\\/www.urbanbiker.com\\\/wp-content\\\/uploads\\\/2022\\\/09\\\/Logo-principal-sin-fondo.png\",\"contentUrl\":\"https:\\\/\\\/www.urbanbiker.com\\\/wp-content\\\/uploads\\\/2022\\\/09\\\/Logo-principal-sin-fondo.png\",\"width\":2560,\"height\":934,\"caption\":\"UrbanBiker\"},\"image\":{\"@id\":\"https:\\\/\\\/www.urbanbiker.com\\\/pt-pt\\\/#\\\/schema\\\/logo\\\/image\\\/\"},\"sameAs\":[\"https:\\\/\\\/www.facebook.com\\\/Urbanbikerbiciselectricas\",\"https:\\\/\\\/www.instagram.com\\\/urbanbiker_\\\/\",\"https:\\\/\\\/www.linkedin.com\\\/company\\\/2454235\",\"https:\\\/\\\/www.youtube.com\\\/channel\\\/UCWR__uH_RWJF-OhPfz-9-Qw\"]},{\"@type\":\"Person\",\"@id\":\"https:\\\/\\\/www.urbanbiker.com\\\/pt-pt\\\/#\\\/schema\\\/person\\\/3a87fe08ae0ad7df010c4f0609a75e9c\",\"name\":\"UrbanBiker Espa\u00f1a\",\"image\":{\"@type\":\"ImageObject\",\"inLanguage\":\"pt-PT\",\"@id\":\"https:\\\/\\\/secure.gravatar.com\\\/avatar\\\/5a4566847f58b92c592ba1df12070855f95d6f19fdb97a9d5da4d45d9a3d34d2?s=96&d=mm&r=g\",\"url\":\"https:\\\/\\\/secure.gravatar.com\\\/avatar\\\/5a4566847f58b92c592ba1df12070855f95d6f19fdb97a9d5da4d45d9a3d34d2?s=96&d=mm&r=g\",\"contentUrl\":\"https:\\\/\\\/secure.gravatar.com\\\/avatar\\\/5a4566847f58b92c592ba1df12070855f95d6f19fdb97a9d5da4d45d9a3d34d2?s=96&d=mm&r=g\",\"caption\":\"UrbanBiker Espa\u00f1a\"}}]}<\/script>\n<!-- \/ Yoast SEO plugin. -->","yoast_head_json":{"title":"Baterias de l\u00edtio em bicicletas el\u00e9tricas: o que deve saber","description":"Como funcionam as baterias de l\u00edtio numa ebike, quanto duram e como se gere o seu fim de vida de forma respons\u00e1vel segundo a normativa vigente.","robots":{"index":"index","follow":"follow","max-snippet":"max-snippet:-1","max-image-preview":"max-image-preview:large","max-video-preview":"max-video-preview:-1"},"canonical":"https:\/\/www.urbanbiker.com\/pt-pt\/baterias-de-litio-e-mobilidade-eletrica-o-que-esta-por-detras-de-uma-urbanbiker\/","og_locale":"pt_PT","og_type":"article","og_title":"Baterias de l\u00edtio em bicicletas el\u00e9tricas: o que deve saber","og_description":"Como funcionam as baterias de l\u00edtio numa ebike, quanto duram e como se gere o seu fim de vida de forma respons\u00e1vel segundo a normativa vigente.","og_url":"https:\/\/www.urbanbiker.com\/pt-pt\/baterias-de-litio-e-mobilidade-eletrica-o-que-esta-por-detras-de-uma-urbanbiker\/","og_site_name":"UrbanBiker","article_publisher":"https:\/\/www.facebook.com\/Urbanbikerbiciselectricas","article_published_time":"2026-03-11T15:26:13+00:00","article_modified_time":"2026-03-11T15:31:44+00:00","og_image":[{"width":1024,"height":512,"url":"https:\/\/www.urbanbiker.com\/wp-content\/uploads\/2026\/03\/Baterias-UrbanBiker-1024x512.png","type":"image\/png"}],"author":"UrbanBiker Espa\u00f1a","twitter_card":"summary_large_image","twitter_misc":{"Escrito por":"UrbanBiker Espa\u00f1a","Tempo estimado de leitura":"4 minutos"},"schema":{"@context":"https:\/\/schema.org","@graph":[{"@type":"Article","@id":"https:\/\/www.urbanbiker.com\/pt-pt\/baterias-de-litio-e-mobilidade-eletrica-o-que-esta-por-detras-de-uma-urbanbiker\/#article","isPartOf":{"@id":"https:\/\/www.urbanbiker.com\/pt-pt\/baterias-de-litio-e-mobilidade-eletrica-o-que-esta-por-detras-de-uma-urbanbiker\/"},"author":{"name":"UrbanBiker Espa\u00f1a","@id":"https:\/\/www.urbanbiker.com\/pt-pt\/#\/schema\/person\/3a87fe08ae0ad7df010c4f0609a75e9c"},"headline":"Baterias de l\u00edtio e mobilidade el\u00e9trica: o que est\u00e1 por detr\u00e1s de uma UrbanBiker","datePublished":"2026-03-11T15:26:13+00:00","dateModified":"2026-03-11T15:31:44+00:00","mainEntityOfPage":{"@id":"https:\/\/www.urbanbiker.com\/pt-pt\/baterias-de-litio-e-mobilidade-eletrica-o-que-esta-por-detras-de-uma-urbanbiker\/"},"wordCount":704,"commentCount":0,"publisher":{"@id":"https:\/\/www.urbanbiker.com\/pt-pt\/#organization"},"image":{"@id":"https:\/\/www.urbanbiker.com\/pt-pt\/baterias-de-litio-e-mobilidade-eletrica-o-que-esta-por-detras-de-uma-urbanbiker\/#primaryimage"},"thumbnailUrl":"https:\/\/www.urbanbiker.com\/wp-content\/uploads\/2026\/03\/Baterias-UrbanBiker-scaled.png","articleSection":["Conselhos","Mobilidade sustent\u00e1vel"],"inLanguage":"pt-PT","potentialAction":[{"@type":"CommentAction","name":"Comment","target":["https:\/\/www.urbanbiker.com\/pt-pt\/baterias-de-litio-e-mobilidade-eletrica-o-que-esta-por-detras-de-uma-urbanbiker\/#respond"]}]},{"@type":"WebPage","@id":"https:\/\/www.urbanbiker.com\/pt-pt\/baterias-de-litio-e-mobilidade-eletrica-o-que-esta-por-detras-de-uma-urbanbiker\/","url":"https:\/\/www.urbanbiker.com\/pt-pt\/baterias-de-litio-e-mobilidade-eletrica-o-que-esta-por-detras-de-uma-urbanbiker\/","name":"Baterias de l\u00edtio em bicicletas el\u00e9tricas: o que deve saber","isPartOf":{"@id":"https:\/\/www.urbanbiker.com\/pt-pt\/#website"},"primaryImageOfPage":{"@id":"https:\/\/www.urbanbiker.com\/pt-pt\/baterias-de-litio-e-mobilidade-eletrica-o-que-esta-por-detras-de-uma-urbanbiker\/#primaryimage"},"image":{"@id":"https:\/\/www.urbanbiker.com\/pt-pt\/baterias-de-litio-e-mobilidade-eletrica-o-que-esta-por-detras-de-uma-urbanbiker\/#primaryimage"},"thumbnailUrl":"https:\/\/www.urbanbiker.com\/wp-content\/uploads\/2026\/03\/Baterias-UrbanBiker-scaled.png","datePublished":"2026-03-11T15:26:13+00:00","dateModified":"2026-03-11T15:31:44+00:00","description":"Como funcionam as baterias de l\u00edtio numa ebike, quanto duram e como se gere o seu fim de vida de forma respons\u00e1vel segundo a normativa vigente.","breadcrumb":{"@id":"https:\/\/www.urbanbiker.com\/pt-pt\/baterias-de-litio-e-mobilidade-eletrica-o-que-esta-por-detras-de-uma-urbanbiker\/#breadcrumb"},"inLanguage":"pt-PT","potentialAction":[{"@type":"ReadAction","target":["https:\/\/www.urbanbiker.com\/pt-pt\/baterias-de-litio-e-mobilidade-eletrica-o-que-esta-por-detras-de-uma-urbanbiker\/"]}]},{"@type":"ImageObject","inLanguage":"pt-PT","@id":"https:\/\/www.urbanbiker.com\/pt-pt\/baterias-de-litio-e-mobilidade-eletrica-o-que-esta-por-detras-de-uma-urbanbiker\/#primaryimage","url":"https:\/\/www.urbanbiker.com\/wp-content\/uploads\/2026\/03\/Baterias-UrbanBiker-scaled.png","contentUrl":"https:\/\/www.urbanbiker.com\/wp-content\/uploads\/2026\/03\/Baterias-UrbanBiker-scaled.png","width":2560,"height":1280,"caption":"Autonom\u00eda y rendimiento garantizado"},{"@type":"BreadcrumbList","@id":"https:\/\/www.urbanbiker.com\/pt-pt\/baterias-de-litio-e-mobilidade-eletrica-o-que-esta-por-detras-de-uma-urbanbiker\/#breadcrumb","itemListElement":[{"@type":"ListItem","position":1,"name":"Portada","item":"https:\/\/www.urbanbiker.com\/pt-pt\/"},{"@type":"ListItem","position":2,"name":"Baterias de l\u00edtio e mobilidade el\u00e9trica: o que est\u00e1 por detr\u00e1s de uma UrbanBiker"}]},{"@type":"WebSite","@id":"https:\/\/www.urbanbiker.com\/pt-pt\/#website","url":"https:\/\/www.urbanbiker.com\/pt-pt\/","name":"UrbanBiker","description":"Bicicletas el\u00e9ctricas","publisher":{"@id":"https:\/\/www.urbanbiker.com\/pt-pt\/#organization"},"potentialAction":[{"@type":"SearchAction","target":{"@type":"EntryPoint","urlTemplate":"https:\/\/www.urbanbiker.com\/pt-pt\/?s={search_term_string}"},"query-input":{"@type":"PropertyValueSpecification","valueRequired":true,"valueName":"search_term_string"}}],"inLanguage":"pt-PT"},{"@type":"Organization","@id":"https:\/\/www.urbanbiker.com\/pt-pt\/#organization","name":"UrbanBiker","url":"https:\/\/www.urbanbiker.com\/pt-pt\/","logo":{"@type":"ImageObject","inLanguage":"pt-PT","@id":"https:\/\/www.urbanbiker.com\/pt-pt\/#\/schema\/logo\/image\/","url":"https:\/\/www.urbanbiker.com\/wp-content\/uploads\/2022\/09\/Logo-principal-sin-fondo.png","contentUrl":"https:\/\/www.urbanbiker.com\/wp-content\/uploads\/2022\/09\/Logo-principal-sin-fondo.png","width":2560,"height":934,"caption":"UrbanBiker"},"image":{"@id":"https:\/\/www.urbanbiker.com\/pt-pt\/#\/schema\/logo\/image\/"},"sameAs":["https:\/\/www.facebook.com\/Urbanbikerbiciselectricas","https:\/\/www.instagram.com\/urbanbiker_\/","https:\/\/www.linkedin.com\/company\/2454235","https:\/\/www.youtube.com\/channel\/UCWR__uH_RWJF-OhPfz-9-Qw"]},{"@type":"Person","@id":"https:\/\/www.urbanbiker.com\/pt-pt\/#\/schema\/person\/3a87fe08ae0ad7df010c4f0609a75e9c","name":"UrbanBiker Espa\u00f1a","image":{"@type":"ImageObject","inLanguage":"pt-PT","@id":"https:\/\/secure.gravatar.com\/avatar\/5a4566847f58b92c592ba1df12070855f95d6f19fdb97a9d5da4d45d9a3d34d2?s=96&d=mm&r=g","url":"https:\/\/secure.gravatar.com\/avatar\/5a4566847f58b92c592ba1df12070855f95d6f19fdb97a9d5da4d45d9a3d34d2?s=96&d=mm&r=g","contentUrl":"https:\/\/secure.gravatar.com\/avatar\/5a4566847f58b92c592ba1df12070855f95d6f19fdb97a9d5da4d45d9a3d34d2?s=96&d=mm&r=g","caption":"UrbanBiker Espa\u00f1a"}}]}},"_links":{"self":[{"href":"https:\/\/www.urbanbiker.com\/pt-pt\/wp-json\/wp\/v2\/posts\/60766","targetHints":{"allow":["GET"]}}],"collection":[{"href":"https:\/\/www.urbanbiker.com\/pt-pt\/wp-json\/wp\/v2\/posts"}],"about":[{"href":"https:\/\/www.urbanbiker.com\/pt-pt\/wp-json\/wp\/v2\/types\/post"}],"author":[{"embeddable":true,"href":"https:\/\/www.urbanbiker.com\/pt-pt\/wp-json\/wp\/v2\/users\/28397"}],"replies":[{"embeddable":true,"href":"https:\/\/www.urbanbiker.com\/pt-pt\/wp-json\/wp\/v2\/comments?post=60766"}],"version-history":[{"count":2,"href":"https:\/\/www.urbanbiker.com\/pt-pt\/wp-json\/wp\/v2\/posts\/60766\/revisions"}],"predecessor-version":[{"id":62249,"href":"https:\/\/www.urbanbiker.com\/pt-pt\/wp-json\/wp\/v2\/posts\/60766\/revisions\/62249"}],"wp:featuredmedia":[{"embeddable":true,"href":"https:\/\/www.urbanbiker.com\/pt-pt\/wp-json\/wp\/v2\/media\/62208"}],"wp:attachment":[{"href":"https:\/\/www.urbanbiker.com\/pt-pt\/wp-json\/wp\/v2\/media?parent=60766"}],"wp:term":[{"taxonomy":"category","embeddable":true,"href":"https:\/\/www.urbanbiker.com\/pt-pt\/wp-json\/wp\/v2\/categories?post=60766"},{"taxonomy":"post_tag","embeddable":true,"href":"https:\/\/www.urbanbiker.com\/pt-pt\/wp-json\/wp\/v2\/tags?post=60766"}],"curies":[{"name":"wp","href":"https:\/\/api.w.org\/{rel}","templated":true}]}}