{"id":56847,"date":"2025-10-24T14:25:11","date_gmt":"2025-10-24T12:25:11","guid":{"rendered":"https:\/\/www.urbanbiker.com\/un-viaje-electrico-de-leon-a-gijon-en-ebike-con-urbanbiker\/"},"modified":"2025-10-26T17:34:13","modified_gmt":"2025-10-26T16:34:13","slug":"uma-viagem-eletrica-de-leon-a-gijon-em-e-bike-com-urbanbiker","status":"publish","type":"post","link":"https:\/\/www.urbanbiker.com\/pt-pt\/uma-viagem-eletrica-de-leon-a-gijon-em-e-bike-com-urbanbiker\/","title":{"rendered":"Uma viagem el\u00e9trica de Le\u00f3n a Gij\u00f3n em e-bike com UrbanBiker | 30 dias de bicicleta"},"content":{"rendered":"<h1><strong>Uma viagem el\u00e9trica de Le\u00f3n a Gij\u00f3n: dois dias em e-bike com UrbanBiker<\/strong><\/h1>\n<p><em><strong>Um texto de Carlos Rodr\u00edguez, coordenador internacional de <a href=\"https:\/\/www.30diasenbici.com\/\">30 D\u00edas en Bici<\/a><\/strong><\/em><\/p>\n<p>Sempre pensei o ciclismo a partir de um lugar alheio aos n\u00fameros, \u00e0s m\u00e9tricas e \u00e0s dist\u00e2ncias. Isto \u00e9 central na forma como a campanha 30 D\u00edas en Bici estimula o teste, uso e ado\u00e7\u00e3o da bicicleta para a mobilidade pessoal. Uma perspetiva que atinge a sua plenitude quando, para al\u00e9m do uso desportivo ou recreativo, a bicicleta se torna ve\u00edculo de descoberta. Falamos de <b>cicloturismo<\/b> que, para mim, \u00e9 mais transporte que desporto.<\/p>\n<p>Na viagem em <b>bicicleta el\u00e9trica<\/b>, o teu ritmo revela-se como a velocidade perfeita para que nenhum detalhe escape ao olhar. E a e-bike \u00e9 liberdade em estado puro, um sin\u00f3nimo de \u201c<b>chega onde quiseres<\/b>\u201d, para que cada quil\u00f3metro fique gravado na mem\u00f3ria, n\u00e3o pela sua dureza ou pelo peso da tua alforge, mas pela sua ess\u00eancia.<\/p>\n<p>H\u00e1 uns dias, lancei-me com Jorge Cabal da <a href=\"http:\/\/www.urbanbiker.com\/pt-pt\">UrbanBiker<\/a> numa rota de dois dias em cada uma das nossas bicicletas el\u00e9tricas para ligar Le\u00f3n a Gij\u00f3n, para unir as nossas marcas, <a href=\"https:\/\/www.30diasenbici.com\">30DEB<\/a> e <a href=\"http:\/\/www.urbanbiker.com\/pt-pt\">UrbanBiker<\/a>, numa aventura que refletisse tudo o que temos em comum: <b>promover o uso da bicicleta, mover-nos de forma sustent\u00e1vel e desfrutar do caminho.<\/b><\/p>\n<p>Uma viagem em e-bike que n\u00e3o era um teste desportivo, mas toda uma declara\u00e7\u00e3o de que a mobilidade sustent\u00e1vel tamb\u00e9m pode ser aventura, emo\u00e7\u00e3o e descoberta\u2026<\/p>\n<h2><strong>Dia 1: Da cidade \u00e0s cumes<\/strong><\/h2>\n<p>Enquanto Le\u00f3n se espregui\u00e7ava depois de um s\u00e1bado de <a style=\"cursor: pointer !important; user-select: none !important;\" href=\"https:\/\/es.wikipedia.org\/wiki\/Froil%C3%A1n_de_Le%C3%B3n\">festa de San Froil\u00e1n<\/a>, na f\u00e1brica da UrbanBiker, animados pelo caf\u00e9 acabado de fazer, prepar\u00e1vamos as nossas bicicletas el\u00e9tricas colocando alforjes, pedais, a c\u00e2mara de v\u00eddeo e outros pequenos ajustes. Jorge, com o sorriso de quem conhece os segredos da sua silenciosa energia, e eu, com o de quem est\u00e1 prestes a descobri-los.<\/p>\n<p>Ao fim de pouco, pedal\u00e1vamos de este a oeste pela cidade de Le\u00f3n. O primeiro caf\u00e9 em rota caiu em Lorenzana, no m\u00edtico bar \u201cEl L\u00edder\u201d cuja deliciosa tortilla, prest\u00e1vel anfitri\u00e3 e est\u00e9tica ciclista imponente o tornam paragem obrigat\u00f3ria para qualquer ciclista que se tenha por tal. Logo o planalto come\u00e7ou a enrugar-se em colinas enquanto ao longe se divisava a imponente Cordilheira Cant\u00e1brica. O pulsar da minha UrbanBiker <a href=\"https:\/\/www.urbanbiker.com\/pt-pt\/produto\/ub300-fe-e-bike-montanha-totalmente-equipada\/\">UB300<\/a> <i>achatar cada rampa, cada subida curta, para facilitar as minhas pedaladas entregando o seu ponto de pot\u00eancia ideal em cada momento<\/i> e muito em breve j\u00e1 est\u00e1vamos a atravessar o <a href=\"https:\/\/patrimonionatural.org\/espacios-naturales\/parque-natural\/parque-natural-babia-y-luna\">Parque Natural de Babia y Luna<\/a>.<\/p>\n<p>Ap\u00f3s uma breve parada em La Magdalena para nos refrescarmos entr\u00e1mos em territ\u00f3rio selvagem. A paisagem do reservat\u00f3rio, numa zona de transi\u00e7\u00e3o entre o planalto e as montanhas, \u00e9 dram\u00e1tica, com o azul profundo da \u00e1gua a contrastar com as terras \u00e1ridas e rochosas dos penhascos erodidos. O ciclista recolhe-se na solid\u00e3o, no sil\u00eancio esmagador e na escala \u00e9pica que faz sentir pequeno o visitante, enquanto a estrada solit\u00e1ria serpenteia \u00e0 beira-\u00e1gua.<\/p>\n<p>Na sua margem comemos no <a href=\"https:\/\/clubnauticoleon.es\/\">Club N\u00e1utico de Le\u00f3n<\/a>, com cerca de 60 quil\u00f3metros nas pernas, completado quase 75% da nossa saga at\u00e9 <a href=\"https:\/\/www.aytosanemiliano.es\/los-pueblos\/sanemiliano.html\">San Emiliano<\/a> e com apenas 28% da bateria esgotada \u2014 que surpresa! Navegando na minha UB300 em modo ECO (econ\u00f3mico, que oferece ao motor 25% da sua capacidade de assist\u00eancia) t\u00ednhamos prolongado a autonomia da bateria bem al\u00e9m dos 88 quil\u00f3metros do dia. E o ecr\u00e3 da <a href=\"https:\/\/www.urbanbiker.com\/pt-pt\/produto\/ub200-bicicleta-electrica-urbana-multiusos-com-suspensao-dupla\/\">UB200<\/a> de trekking com dupla suspens\u00e3o que Jorge conduzia tamb\u00e9m marcava dados de consumo e alcance semelhantes.<\/p>\n<p>Bem satisfeitos com as nossas necessidades de comida e bebida ao estilo leon\u00eas, continu\u00e1mos caminho em zigue-zague com a estrada \u00e0 beira do lago para deixar Luna e entrar em Babia (que n\u00e3o \u00e9 uma express\u00e3o, \u00e9 um lugar). Um lugar onde o tempo se dilata em horizontes de verde e pedra. Pedalando por essas estradas, n\u00e3o \u201cest\u00e1s em Babia\u201d; simplesmente \u00e9s.<\/p>\n<p>E assim, com o sol a come\u00e7ar a brincar com as cristas do parque nacional, \u00e9ramos recebidos em San Emiliano, com uma cerveja e uma vista impressionante das Ubi\u00f1as banhadas pelo sol do p\u00f4r-do-sol que daria lugar a uma lua quase cheia reinando sobre o calc\u00e1rio branco. Ap\u00f3s 88 quil\u00f3metros, tempo de descanso para as pernas viajantes e recarga de baterias para as bicicletas.<\/p>\n<p><a href=\"https:\/\/www.urbanbiker.com\/wp-content\/uploads\/2025\/10\/UB200-en-ruta.png\"><img fetchpriority=\"high\" decoding=\"async\" class=\"alignnone size-medium wp-image-56653\" src=\"https:\/\/www.urbanbiker.com\/wp-content\/uploads\/2025\/10\/UB200-en-ruta-300x169.png\" alt=\"\" width=\"300\" height=\"169\" srcset=\"https:\/\/www.urbanbiker.com\/wp-content\/uploads\/2025\/10\/UB200-en-ruta-300x169.png 300w, https:\/\/www.urbanbiker.com\/wp-content\/uploads\/2025\/10\/UB200-en-ruta-1024x576.png 1024w, https:\/\/www.urbanbiker.com\/wp-content\/uploads\/2025\/10\/UB200-en-ruta-768x432.png 768w, https:\/\/www.urbanbiker.com\/wp-content\/uploads\/2025\/10\/UB200-en-ruta-1536x864.png 1536w, https:\/\/www.urbanbiker.com\/wp-content\/uploads\/2025\/10\/UB200-en-ruta-2048x1152.png 2048w, https:\/\/www.urbanbiker.com\/wp-content\/uploads\/2025\/10\/UB200-en-ruta-800x450.png 800w\" sizes=\"(max-width: 300px) 100vw, 300px\" \/><\/a><\/p>\n<h2><strong>Dia 2: \u00c0 procura do mar<\/strong><\/h2>\n<p>Amanhecer em San Emiliano \u00e9 fundir-se num grande abra\u00e7o com a cordilheira. Sem madrugar demasiado, lan\u00e7\u00e1mo-nos \u00e0 conquista do <a href=\"https:\/\/es.wikipedia.org\/wiki\/Puerto_de_Ventana\">Puerto Ventana<\/a>. Em cada volta, enquanto o vale se ia tornando menor atr\u00e1s de n\u00f3s, o motor das nossas bicicletas ajudava-nos, com um sussurro c\u00famplice, a vencer o desn\u00edvel, t\u00e3o progressiva e eficazmente que muito em breve t\u00ednhamos a primeira recompensa do dia: o topo do porto e a entrada na Ast\u00farias. O vento gelado da montanha abra\u00e7ou-nos na fronteira dos dois reinos. Ficava para tr\u00e1s a p\u00e1tria leonesa e \u00e0 frente a estrada precipitou-se no pa\u00eds asturiano.<\/p>\n<p>A descida foi um voo. Com toda a assist\u00eancia desligada, poup\u00e1vamos bateria e pude comprovar a excelente geometria da minha UB300 para a descida. Uma descida vertiginosa de 20 quil\u00f3metros at\u00e9 <a href=\"https:\/\/es.wikipedia.org\/wiki\/Teverga\">San Mart\u00edn de Teverga<\/a>, devorando florestas, grutas, desfiladeiros e ravinas. Ap\u00f3s uma breve paragem para caf\u00e9 e tortilla, apenas mais um quil\u00f3metro de estrada nos deixava na lend\u00e1ria Senda del Oso, fus\u00e3o da f\u00faria da montanha e da paz do vale, da cantiga do rio e do estalar dos cascalhos debaixo das nossas rodas, t\u00faneis de rocha e florestas milenares que guardam os segredos dos antepassados de Paca e Tola.<\/p>\n<p>N\u00e3o voltar\u00edamos a pisar a estrada. A Senda del Oso conduzia-nos atrav\u00e9s de Proaza, Villanueva, Tu\u00f1\u00f3n at\u00e9 Trubia onde, seguindo o Nal\u00f3n, nos lig\u00e1mos \u00e0 V\u00eda Verde del Fuso que nos deixaria em Oviedo por volta das tr\u00eas da tarde. Setenta e cinco quil\u00f3metros (com quase metade da bateria restante) bem mereceram uma pausa para comer em <a href=\"https:\/\/lacomtiendaoviedo.es\/\">La Contienda<\/a> e ali decidimos fazer a viagem at\u00e9 Gij\u00f3n de <a href=\"https:\/\/www.renfe.com\/es\/es\/cercanias\">comboio urbano<\/a>. E pude comprovar que as UB200 e UB300 tamb\u00e9m se desenrolavam perfeitamente em elevadores ou escadas rolantes e se encaixavam sem problemas no (escasso) espa\u00e7o reservado \u00e0s bicicletas em cada composi\u00e7\u00e3o.<\/p>\n<p>Em Gij\u00f3n, com o ar salgado do mar na face e um \u201ccul\u00edn\u201d de sidra na m\u00e3o, olh\u00e1mos para tr\u00e1s. Dois dias, duas bicicletas, dois mundos. Da Meseta ao Cant\u00e1brico, partilhando com Jorge estradas, caminhos e trilhos, paisagens \u00fanicas, conversas intermin\u00e1veis e experi\u00eancias inesquec\u00edveis.<\/p>\n<p>E uma descoberta fundamental: viajar em <strong>bicicleta el\u00e9trica<\/strong> n\u00e3o implica renunciar ao esfor\u00e7o. Vive-se da mesma maneira a satisfa\u00e7\u00e3o de uma subida superada, a euforia de uma descida t\u00e9cnica ou a resist\u00eancia silenciosa do vento. N\u00e3o h\u00e1 um \u201coutro\u201d, e nem sequer um \u201ceu contra\u201d com o qual competir, mas tudo consiste em buscar o ritmo interno que te permite fundir-te com a paisagem, esse compasso pessoal que transforma cada metro em experi\u00eancia vivida. E o motor da minha UB300 foi aliado fiel nesse empenho por ler o territ\u00f3rio como se l\u00ea um bom livro, saboreando cada p\u00e1gina do caminho.<\/p>\n<p><a href=\"https:\/\/www.urbanbiker.com\/wp-content\/uploads\/2025\/10\/Mapa-del-Biciviaje-Leon-Asturias-en-bici-electrica.png\"><img decoding=\"async\" class=\"alignnone size-medium wp-image-56661\" src=\"https:\/\/www.urbanbiker.com\/wp-content\/uploads\/2025\/10\/Mapa-del-Biciviaje-Leon-Asturias-en-bici-electrica-300x169.png\" alt=\"\" width=\"300\" height=\"169\" srcset=\"https:\/\/www.urbanbiker.com\/wp-content\/uploads\/2025\/10\/Mapa-del-Biciviaje-Leon-Asturias-en-bici-electrica-300x169.png 300w, https:\/\/www.urbanbiker.com\/wp-content\/uploads\/2025\/10\/Mapa-del-Biciviaje-Leon-Asturias-en-bici-electrica-1024x576.png 1024w, https:\/\/www.urbanbiker.com\/wp-content\/uploads\/2025\/10\/Mapa-del-Biciviaje-Leon-Asturias-en-bici-electrica-768x432.png 768w, https:\/\/www.urbanbiker.com\/wp-content\/uploads\/2025\/10\/Mapa-del-Biciviaje-Leon-Asturias-en-bici-electrica-1536x864.png 1536w, https:\/\/www.urbanbiker.com\/wp-content\/uploads\/2025\/10\/Mapa-del-Biciviaje-Leon-Asturias-en-bici-electrica-2048x1152.png 2048w, https:\/\/www.urbanbiker.com\/wp-content\/uploads\/2025\/10\/Mapa-del-Biciviaje-Leon-Asturias-en-bici-electrica-800x450.png 800w\" sizes=\"(max-width: 300px) 100vw, 300px\" \/><\/a><\/p>\n<p><strong>UrbanBiker: Chega onde quiseres.<\/strong><\/p>\n<p>Fabricamos bicicletas el\u00e9tricas pensadas para descobrir, desfrutar e mover-te livre.<\/p>\n<p>Se tamb\u00e9m queres viver a tua pr\u00f3xima aventura sobre uma e-bike, entra em <a href=\"http:\/\/www.urbanbiker.com\/pt-pt\">www.urbanbiker.com<\/a>.<\/p>\n<p><em>Sobre o autor:<\/em><\/p>\n<p><strong>Carlos Rodr\u00edguez<\/strong> \u00e9 coordenador internacional de <a href=\"https:\/\/www.30diasenbici.com\/\"><strong>30 D\u00edas en Bici,<\/strong><\/a> uma campanha global multipremiada de promo\u00e7\u00e3o do uso quotidiano da bicicleta e colabora com <a href=\"http:\/\/www.urbanbiker.com\/pt-pt\"><strong>UrbanBiker<\/strong><\/a> em projetos de mobilidade sustent\u00e1vel e experi\u00eancias ciclistas que inspiram a descobrir o territ\u00f3rio sobre duas rodas.<\/p>\n<p>Este artigo faz parte dessa colabora\u00e7\u00e3o entre <strong>UrbanBiker<\/strong> e <strong>30 D\u00edas en Bici<\/strong>, dois projetos que partilham a mesma filosofia: mover-se livre, desfrutar do caminho e chegar onde quiseres. <strong>Jorge Cabal<\/strong> \u00e9 o nosso Director de Vendas e Marketing Internacional, que partilhou quil\u00f3metros e experi\u00eancias com Carlos Rodr\u00edguez nesta divertida aventura em e-bike.<\/p>\n","protected":false},"excerpt":{"rendered":"<p>Uma viagem el\u00e9trica de Le\u00f3n a Gij\u00f3n: dois dias em e-bike com UrbanBiker Um texto de Carlos Rodr\u00edguez, coordenador internacional de 30 D\u00edas en Bici Sempre pensei o ciclismo a partir de um lugar alheio aos n\u00fameros, \u00e0s m\u00e9tricas e \u00e0s dist\u00e2ncias. Isto \u00e9 central na forma como a campanha 30 D\u00edas en Bici estimula [&hellip;]<\/p>\n","protected":false},"author":28397,"featured_media":56586,"comment_status":"open","ping_status":"open","sticky":false,"template":"","format":"standard","meta":{"footnotes":""},"categories":[624,302],"tags":[],"class_list":["post-56847","post","type-post","status-publish","format-standard","has-post-thumbnail","hentry","category-mobilidade-sustentavel","category-noticias"],"yoast_head":"<!-- This site is optimized with the Yoast SEO plugin v27.5 - https:\/\/yoast.com\/product\/yoast-seo-wordpress\/ -->\n<title>Un viaje el\u00e9ctrico de Le\u00f3n a Gij\u00f3n en eBike con UrbanBiker<\/title>\n<meta name=\"description\" content=\"Descubre la experiencia de viajar de Le\u00f3n a Gij\u00f3n en bicicleta el\u00e9ctrica UrbanBiker junto a Carlos R, coordinador internacional de 30 D\u00edas en Bici, y Jorge, Director de Ventas en UrbanBiker. Dos d\u00edas de libertad, naturaleza y movilidad sostenible sobre dos ruedas.\" \/>\n<meta name=\"robots\" content=\"index, follow, max-snippet:-1, max-image-preview:large, max-video-preview:-1\" \/>\n<link rel=\"canonical\" href=\"https:\/\/www.urbanbiker.com\/pt-pt\/uma-viagem-eletrica-de-leon-a-gijon-em-e-bike-com-urbanbiker\/\" \/>\n<meta property=\"og:locale\" content=\"pt_PT\" \/>\n<meta property=\"og:type\" content=\"article\" \/>\n<meta property=\"og:title\" content=\"Un viaje el\u00e9ctrico de Le\u00f3n a Gij\u00f3n en eBike con UrbanBiker\" \/>\n<meta property=\"og:description\" content=\"Descubre la experiencia de viajar de Le\u00f3n a Gij\u00f3n en bicicleta el\u00e9ctrica UrbanBiker junto a Carlos R, coordinador internacional de 30 D\u00edas en Bici, y Jorge, Director de Ventas en UrbanBiker. Dos d\u00edas de libertad, naturaleza y movilidad sostenible sobre dos ruedas.\" \/>\n<meta property=\"og:url\" content=\"https:\/\/www.urbanbiker.com\/pt-pt\/uma-viagem-eletrica-de-leon-a-gijon-em-e-bike-com-urbanbiker\/\" \/>\n<meta property=\"og:site_name\" content=\"UrbanBiker\" \/>\n<meta property=\"article:publisher\" content=\"https:\/\/www.facebook.com\/Urbanbikerbiciselectricas\" \/>\n<meta property=\"article:published_time\" content=\"2025-10-24T12:25:11+00:00\" \/>\n<meta property=\"article:modified_time\" content=\"2025-10-26T16:34:13+00:00\" \/>\n<meta property=\"og:image\" content=\"https:\/\/www.urbanbiker.com\/wp-content\/uploads\/2025\/10\/Asi-hablan-de-Urbanbiker-en-el-mercado-internacional-de-ebikes-1.jpg\" \/>\n\t<meta property=\"og:image:width\" content=\"1960\" \/>\n\t<meta property=\"og:image:height\" content=\"1102\" \/>\n\t<meta property=\"og:image:type\" content=\"image\/jpeg\" \/>\n<meta name=\"author\" content=\"UrbanBiker Espa\u00f1a\" \/>\n<meta name=\"twitter:card\" content=\"summary_large_image\" \/>\n<meta name=\"twitter:label1\" content=\"Escrito por\" \/>\n\t<meta name=\"twitter:data1\" content=\"UrbanBiker Espa\u00f1a\" \/>\n\t<meta name=\"twitter:label2\" content=\"Tempo estimado de leitura\" \/>\n\t<meta name=\"twitter:data2\" content=\"8 minutos\" \/>\n<script type=\"application\/ld+json\" class=\"yoast-schema-graph\">{\"@context\":\"https:\\\/\\\/schema.org\",\"@graph\":[{\"@type\":\"Article\",\"@id\":\"https:\\\/\\\/www.urbanbiker.com\\\/pt-pt\\\/uma-viagem-eletrica-de-leon-a-gijon-em-e-bike-com-urbanbiker\\\/#article\",\"isPartOf\":{\"@id\":\"https:\\\/\\\/www.urbanbiker.com\\\/pt-pt\\\/uma-viagem-eletrica-de-leon-a-gijon-em-e-bike-com-urbanbiker\\\/\"},\"author\":{\"name\":\"UrbanBiker Espa\u00f1a\",\"@id\":\"https:\\\/\\\/www.urbanbiker.com\\\/pt-pt\\\/#\\\/schema\\\/person\\\/3a87fe08ae0ad7df010c4f0609a75e9c\"},\"headline\":\"Uma viagem el\u00e9trica de Le\u00f3n a Gij\u00f3n em e-bike com UrbanBiker | 30 dias de bicicleta\",\"datePublished\":\"2025-10-24T12:25:11+00:00\",\"dateModified\":\"2025-10-26T16:34:13+00:00\",\"mainEntityOfPage\":{\"@id\":\"https:\\\/\\\/www.urbanbiker.com\\\/pt-pt\\\/uma-viagem-eletrica-de-leon-a-gijon-em-e-bike-com-urbanbiker\\\/\"},\"wordCount\":1410,\"commentCount\":0,\"publisher\":{\"@id\":\"https:\\\/\\\/www.urbanbiker.com\\\/pt-pt\\\/#organization\"},\"image\":{\"@id\":\"https:\\\/\\\/www.urbanbiker.com\\\/pt-pt\\\/uma-viagem-eletrica-de-leon-a-gijon-em-e-bike-com-urbanbiker\\\/#primaryimage\"},\"thumbnailUrl\":\"https:\\\/\\\/www.urbanbiker.com\\\/wp-content\\\/uploads\\\/2025\\\/10\\\/Asi-hablan-de-Urbanbiker-en-el-mercado-internacional-de-ebikes-1.jpg\",\"articleSection\":[\"Mobilidade sustent\u00e1vel\",\"Not\u00edcias\"],\"inLanguage\":\"pt-PT\",\"potentialAction\":[{\"@type\":\"CommentAction\",\"name\":\"Comment\",\"target\":[\"https:\\\/\\\/www.urbanbiker.com\\\/pt-pt\\\/uma-viagem-eletrica-de-leon-a-gijon-em-e-bike-com-urbanbiker\\\/#respond\"]}]},{\"@type\":\"WebPage\",\"@id\":\"https:\\\/\\\/www.urbanbiker.com\\\/pt-pt\\\/uma-viagem-eletrica-de-leon-a-gijon-em-e-bike-com-urbanbiker\\\/\",\"url\":\"https:\\\/\\\/www.urbanbiker.com\\\/pt-pt\\\/uma-viagem-eletrica-de-leon-a-gijon-em-e-bike-com-urbanbiker\\\/\",\"name\":\"Un viaje el\u00e9ctrico de Le\u00f3n a Gij\u00f3n en eBike con UrbanBiker\",\"isPartOf\":{\"@id\":\"https:\\\/\\\/www.urbanbiker.com\\\/pt-pt\\\/#website\"},\"primaryImageOfPage\":{\"@id\":\"https:\\\/\\\/www.urbanbiker.com\\\/pt-pt\\\/uma-viagem-eletrica-de-leon-a-gijon-em-e-bike-com-urbanbiker\\\/#primaryimage\"},\"image\":{\"@id\":\"https:\\\/\\\/www.urbanbiker.com\\\/pt-pt\\\/uma-viagem-eletrica-de-leon-a-gijon-em-e-bike-com-urbanbiker\\\/#primaryimage\"},\"thumbnailUrl\":\"https:\\\/\\\/www.urbanbiker.com\\\/wp-content\\\/uploads\\\/2025\\\/10\\\/Asi-hablan-de-Urbanbiker-en-el-mercado-internacional-de-ebikes-1.jpg\",\"datePublished\":\"2025-10-24T12:25:11+00:00\",\"dateModified\":\"2025-10-26T16:34:13+00:00\",\"description\":\"Descubre la experiencia de viajar de Le\u00f3n a Gij\u00f3n en bicicleta el\u00e9ctrica UrbanBiker junto a Carlos R, coordinador internacional de 30 D\u00edas en Bici, y Jorge, Director de Ventas en UrbanBiker. Dos d\u00edas de libertad, naturaleza y movilidad sostenible sobre dos ruedas.\",\"breadcrumb\":{\"@id\":\"https:\\\/\\\/www.urbanbiker.com\\\/pt-pt\\\/uma-viagem-eletrica-de-leon-a-gijon-em-e-bike-com-urbanbiker\\\/#breadcrumb\"},\"inLanguage\":\"pt-PT\",\"potentialAction\":[{\"@type\":\"ReadAction\",\"target\":[\"https:\\\/\\\/www.urbanbiker.com\\\/pt-pt\\\/uma-viagem-eletrica-de-leon-a-gijon-em-e-bike-com-urbanbiker\\\/\"]}]},{\"@type\":\"ImageObject\",\"inLanguage\":\"pt-PT\",\"@id\":\"https:\\\/\\\/www.urbanbiker.com\\\/pt-pt\\\/uma-viagem-eletrica-de-leon-a-gijon-em-e-bike-com-urbanbiker\\\/#primaryimage\",\"url\":\"https:\\\/\\\/www.urbanbiker.com\\\/wp-content\\\/uploads\\\/2025\\\/10\\\/Asi-hablan-de-Urbanbiker-en-el-mercado-internacional-de-ebikes-1.jpg\",\"contentUrl\":\"https:\\\/\\\/www.urbanbiker.com\\\/wp-content\\\/uploads\\\/2025\\\/10\\\/Asi-hablan-de-Urbanbiker-en-el-mercado-internacional-de-ebikes-1.jpg\",\"width\":1960,\"height\":1102},{\"@type\":\"BreadcrumbList\",\"@id\":\"https:\\\/\\\/www.urbanbiker.com\\\/pt-pt\\\/uma-viagem-eletrica-de-leon-a-gijon-em-e-bike-com-urbanbiker\\\/#breadcrumb\",\"itemListElement\":[{\"@type\":\"ListItem\",\"position\":1,\"name\":\"Portada\",\"item\":\"https:\\\/\\\/www.urbanbiker.com\\\/pt-pt\\\/\"},{\"@type\":\"ListItem\",\"position\":2,\"name\":\"Uma viagem el\u00e9trica de Le\u00f3n a Gij\u00f3n em e-bike com UrbanBiker | 30 dias de bicicleta\"}]},{\"@type\":\"WebSite\",\"@id\":\"https:\\\/\\\/www.urbanbiker.com\\\/pt-pt\\\/#website\",\"url\":\"https:\\\/\\\/www.urbanbiker.com\\\/pt-pt\\\/\",\"name\":\"UrbanBiker\",\"description\":\"Bicicletas el\u00e9ctricas\",\"publisher\":{\"@id\":\"https:\\\/\\\/www.urbanbiker.com\\\/pt-pt\\\/#organization\"},\"potentialAction\":[{\"@type\":\"SearchAction\",\"target\":{\"@type\":\"EntryPoint\",\"urlTemplate\":\"https:\\\/\\\/www.urbanbiker.com\\\/pt-pt\\\/?s={search_term_string}\"},\"query-input\":{\"@type\":\"PropertyValueSpecification\",\"valueRequired\":true,\"valueName\":\"search_term_string\"}}],\"inLanguage\":\"pt-PT\"},{\"@type\":\"Organization\",\"@id\":\"https:\\\/\\\/www.urbanbiker.com\\\/pt-pt\\\/#organization\",\"name\":\"UrbanBiker\",\"url\":\"https:\\\/\\\/www.urbanbiker.com\\\/pt-pt\\\/\",\"logo\":{\"@type\":\"ImageObject\",\"inLanguage\":\"pt-PT\",\"@id\":\"https:\\\/\\\/www.urbanbiker.com\\\/pt-pt\\\/#\\\/schema\\\/logo\\\/image\\\/\",\"url\":\"https:\\\/\\\/www.urbanbiker.com\\\/wp-content\\\/uploads\\\/2022\\\/09\\\/Logo-principal-sin-fondo.png\",\"contentUrl\":\"https:\\\/\\\/www.urbanbiker.com\\\/wp-content\\\/uploads\\\/2022\\\/09\\\/Logo-principal-sin-fondo.png\",\"width\":2560,\"height\":934,\"caption\":\"UrbanBiker\"},\"image\":{\"@id\":\"https:\\\/\\\/www.urbanbiker.com\\\/pt-pt\\\/#\\\/schema\\\/logo\\\/image\\\/\"},\"sameAs\":[\"https:\\\/\\\/www.facebook.com\\\/Urbanbikerbiciselectricas\",\"https:\\\/\\\/www.instagram.com\\\/urbanbiker_\\\/\",\"https:\\\/\\\/www.linkedin.com\\\/company\\\/2454235\",\"https:\\\/\\\/www.youtube.com\\\/channel\\\/UCWR__uH_RWJF-OhPfz-9-Qw\"]},{\"@type\":\"Person\",\"@id\":\"https:\\\/\\\/www.urbanbiker.com\\\/pt-pt\\\/#\\\/schema\\\/person\\\/3a87fe08ae0ad7df010c4f0609a75e9c\",\"name\":\"UrbanBiker Espa\u00f1a\",\"image\":{\"@type\":\"ImageObject\",\"inLanguage\":\"pt-PT\",\"@id\":\"https:\\\/\\\/secure.gravatar.com\\\/avatar\\\/5a4566847f58b92c592ba1df12070855f95d6f19fdb97a9d5da4d45d9a3d34d2?s=96&d=mm&r=g\",\"url\":\"https:\\\/\\\/secure.gravatar.com\\\/avatar\\\/5a4566847f58b92c592ba1df12070855f95d6f19fdb97a9d5da4d45d9a3d34d2?s=96&d=mm&r=g\",\"contentUrl\":\"https:\\\/\\\/secure.gravatar.com\\\/avatar\\\/5a4566847f58b92c592ba1df12070855f95d6f19fdb97a9d5da4d45d9a3d34d2?s=96&d=mm&r=g\",\"caption\":\"UrbanBiker Espa\u00f1a\"}}]}<\/script>\n<!-- \/ Yoast SEO plugin. -->","yoast_head_json":{"title":"Un viaje el\u00e9ctrico de Le\u00f3n a Gij\u00f3n en eBike con UrbanBiker","description":"Descubre la experiencia de viajar de Le\u00f3n a Gij\u00f3n en bicicleta el\u00e9ctrica UrbanBiker junto a Carlos R, coordinador internacional de 30 D\u00edas en Bici, y Jorge, Director de Ventas en UrbanBiker. Dos d\u00edas de libertad, naturaleza y movilidad sostenible sobre dos ruedas.","robots":{"index":"index","follow":"follow","max-snippet":"max-snippet:-1","max-image-preview":"max-image-preview:large","max-video-preview":"max-video-preview:-1"},"canonical":"https:\/\/www.urbanbiker.com\/pt-pt\/uma-viagem-eletrica-de-leon-a-gijon-em-e-bike-com-urbanbiker\/","og_locale":"pt_PT","og_type":"article","og_title":"Un viaje el\u00e9ctrico de Le\u00f3n a Gij\u00f3n en eBike con UrbanBiker","og_description":"Descubre la experiencia de viajar de Le\u00f3n a Gij\u00f3n en bicicleta el\u00e9ctrica UrbanBiker junto a Carlos R, coordinador internacional de 30 D\u00edas en Bici, y Jorge, Director de Ventas en UrbanBiker. Dos d\u00edas de libertad, naturaleza y movilidad sostenible sobre dos ruedas.","og_url":"https:\/\/www.urbanbiker.com\/pt-pt\/uma-viagem-eletrica-de-leon-a-gijon-em-e-bike-com-urbanbiker\/","og_site_name":"UrbanBiker","article_publisher":"https:\/\/www.facebook.com\/Urbanbikerbiciselectricas","article_published_time":"2025-10-24T12:25:11+00:00","article_modified_time":"2025-10-26T16:34:13+00:00","og_image":[{"width":1960,"height":1102,"url":"https:\/\/www.urbanbiker.com\/wp-content\/uploads\/2025\/10\/Asi-hablan-de-Urbanbiker-en-el-mercado-internacional-de-ebikes-1.jpg","type":"image\/jpeg"}],"author":"UrbanBiker Espa\u00f1a","twitter_card":"summary_large_image","twitter_misc":{"Escrito por":"UrbanBiker Espa\u00f1a","Tempo estimado de leitura":"8 minutos"},"schema":{"@context":"https:\/\/schema.org","@graph":[{"@type":"Article","@id":"https:\/\/www.urbanbiker.com\/pt-pt\/uma-viagem-eletrica-de-leon-a-gijon-em-e-bike-com-urbanbiker\/#article","isPartOf":{"@id":"https:\/\/www.urbanbiker.com\/pt-pt\/uma-viagem-eletrica-de-leon-a-gijon-em-e-bike-com-urbanbiker\/"},"author":{"name":"UrbanBiker Espa\u00f1a","@id":"https:\/\/www.urbanbiker.com\/pt-pt\/#\/schema\/person\/3a87fe08ae0ad7df010c4f0609a75e9c"},"headline":"Uma viagem el\u00e9trica de Le\u00f3n a Gij\u00f3n em e-bike com UrbanBiker | 30 dias de bicicleta","datePublished":"2025-10-24T12:25:11+00:00","dateModified":"2025-10-26T16:34:13+00:00","mainEntityOfPage":{"@id":"https:\/\/www.urbanbiker.com\/pt-pt\/uma-viagem-eletrica-de-leon-a-gijon-em-e-bike-com-urbanbiker\/"},"wordCount":1410,"commentCount":0,"publisher":{"@id":"https:\/\/www.urbanbiker.com\/pt-pt\/#organization"},"image":{"@id":"https:\/\/www.urbanbiker.com\/pt-pt\/uma-viagem-eletrica-de-leon-a-gijon-em-e-bike-com-urbanbiker\/#primaryimage"},"thumbnailUrl":"https:\/\/www.urbanbiker.com\/wp-content\/uploads\/2025\/10\/Asi-hablan-de-Urbanbiker-en-el-mercado-internacional-de-ebikes-1.jpg","articleSection":["Mobilidade sustent\u00e1vel","Not\u00edcias"],"inLanguage":"pt-PT","potentialAction":[{"@type":"CommentAction","name":"Comment","target":["https:\/\/www.urbanbiker.com\/pt-pt\/uma-viagem-eletrica-de-leon-a-gijon-em-e-bike-com-urbanbiker\/#respond"]}]},{"@type":"WebPage","@id":"https:\/\/www.urbanbiker.com\/pt-pt\/uma-viagem-eletrica-de-leon-a-gijon-em-e-bike-com-urbanbiker\/","url":"https:\/\/www.urbanbiker.com\/pt-pt\/uma-viagem-eletrica-de-leon-a-gijon-em-e-bike-com-urbanbiker\/","name":"Un viaje el\u00e9ctrico de Le\u00f3n a Gij\u00f3n en eBike con UrbanBiker","isPartOf":{"@id":"https:\/\/www.urbanbiker.com\/pt-pt\/#website"},"primaryImageOfPage":{"@id":"https:\/\/www.urbanbiker.com\/pt-pt\/uma-viagem-eletrica-de-leon-a-gijon-em-e-bike-com-urbanbiker\/#primaryimage"},"image":{"@id":"https:\/\/www.urbanbiker.com\/pt-pt\/uma-viagem-eletrica-de-leon-a-gijon-em-e-bike-com-urbanbiker\/#primaryimage"},"thumbnailUrl":"https:\/\/www.urbanbiker.com\/wp-content\/uploads\/2025\/10\/Asi-hablan-de-Urbanbiker-en-el-mercado-internacional-de-ebikes-1.jpg","datePublished":"2025-10-24T12:25:11+00:00","dateModified":"2025-10-26T16:34:13+00:00","description":"Descubre la experiencia de viajar de Le\u00f3n a Gij\u00f3n en bicicleta el\u00e9ctrica UrbanBiker junto a Carlos R, coordinador internacional de 30 D\u00edas en Bici, y Jorge, Director de Ventas en UrbanBiker. Dos d\u00edas de libertad, naturaleza y movilidad sostenible sobre dos ruedas.","breadcrumb":{"@id":"https:\/\/www.urbanbiker.com\/pt-pt\/uma-viagem-eletrica-de-leon-a-gijon-em-e-bike-com-urbanbiker\/#breadcrumb"},"inLanguage":"pt-PT","potentialAction":[{"@type":"ReadAction","target":["https:\/\/www.urbanbiker.com\/pt-pt\/uma-viagem-eletrica-de-leon-a-gijon-em-e-bike-com-urbanbiker\/"]}]},{"@type":"ImageObject","inLanguage":"pt-PT","@id":"https:\/\/www.urbanbiker.com\/pt-pt\/uma-viagem-eletrica-de-leon-a-gijon-em-e-bike-com-urbanbiker\/#primaryimage","url":"https:\/\/www.urbanbiker.com\/wp-content\/uploads\/2025\/10\/Asi-hablan-de-Urbanbiker-en-el-mercado-internacional-de-ebikes-1.jpg","contentUrl":"https:\/\/www.urbanbiker.com\/wp-content\/uploads\/2025\/10\/Asi-hablan-de-Urbanbiker-en-el-mercado-internacional-de-ebikes-1.jpg","width":1960,"height":1102},{"@type":"BreadcrumbList","@id":"https:\/\/www.urbanbiker.com\/pt-pt\/uma-viagem-eletrica-de-leon-a-gijon-em-e-bike-com-urbanbiker\/#breadcrumb","itemListElement":[{"@type":"ListItem","position":1,"name":"Portada","item":"https:\/\/www.urbanbiker.com\/pt-pt\/"},{"@type":"ListItem","position":2,"name":"Uma viagem el\u00e9trica de Le\u00f3n a Gij\u00f3n em e-bike com UrbanBiker | 30 dias de bicicleta"}]},{"@type":"WebSite","@id":"https:\/\/www.urbanbiker.com\/pt-pt\/#website","url":"https:\/\/www.urbanbiker.com\/pt-pt\/","name":"UrbanBiker","description":"Bicicletas el\u00e9ctricas","publisher":{"@id":"https:\/\/www.urbanbiker.com\/pt-pt\/#organization"},"potentialAction":[{"@type":"SearchAction","target":{"@type":"EntryPoint","urlTemplate":"https:\/\/www.urbanbiker.com\/pt-pt\/?s={search_term_string}"},"query-input":{"@type":"PropertyValueSpecification","valueRequired":true,"valueName":"search_term_string"}}],"inLanguage":"pt-PT"},{"@type":"Organization","@id":"https:\/\/www.urbanbiker.com\/pt-pt\/#organization","name":"UrbanBiker","url":"https:\/\/www.urbanbiker.com\/pt-pt\/","logo":{"@type":"ImageObject","inLanguage":"pt-PT","@id":"https:\/\/www.urbanbiker.com\/pt-pt\/#\/schema\/logo\/image\/","url":"https:\/\/www.urbanbiker.com\/wp-content\/uploads\/2022\/09\/Logo-principal-sin-fondo.png","contentUrl":"https:\/\/www.urbanbiker.com\/wp-content\/uploads\/2022\/09\/Logo-principal-sin-fondo.png","width":2560,"height":934,"caption":"UrbanBiker"},"image":{"@id":"https:\/\/www.urbanbiker.com\/pt-pt\/#\/schema\/logo\/image\/"},"sameAs":["https:\/\/www.facebook.com\/Urbanbikerbiciselectricas","https:\/\/www.instagram.com\/urbanbiker_\/","https:\/\/www.linkedin.com\/company\/2454235","https:\/\/www.youtube.com\/channel\/UCWR__uH_RWJF-OhPfz-9-Qw"]},{"@type":"Person","@id":"https:\/\/www.urbanbiker.com\/pt-pt\/#\/schema\/person\/3a87fe08ae0ad7df010c4f0609a75e9c","name":"UrbanBiker Espa\u00f1a","image":{"@type":"ImageObject","inLanguage":"pt-PT","@id":"https:\/\/secure.gravatar.com\/avatar\/5a4566847f58b92c592ba1df12070855f95d6f19fdb97a9d5da4d45d9a3d34d2?s=96&d=mm&r=g","url":"https:\/\/secure.gravatar.com\/avatar\/5a4566847f58b92c592ba1df12070855f95d6f19fdb97a9d5da4d45d9a3d34d2?s=96&d=mm&r=g","contentUrl":"https:\/\/secure.gravatar.com\/avatar\/5a4566847f58b92c592ba1df12070855f95d6f19fdb97a9d5da4d45d9a3d34d2?s=96&d=mm&r=g","caption":"UrbanBiker Espa\u00f1a"}}]}},"_links":{"self":[{"href":"https:\/\/www.urbanbiker.com\/pt-pt\/wp-json\/wp\/v2\/posts\/56847","targetHints":{"allow":["GET"]}}],"collection":[{"href":"https:\/\/www.urbanbiker.com\/pt-pt\/wp-json\/wp\/v2\/posts"}],"about":[{"href":"https:\/\/www.urbanbiker.com\/pt-pt\/wp-json\/wp\/v2\/types\/post"}],"author":[{"embeddable":true,"href":"https:\/\/www.urbanbiker.com\/pt-pt\/wp-json\/wp\/v2\/users\/28397"}],"replies":[{"embeddable":true,"href":"https:\/\/www.urbanbiker.com\/pt-pt\/wp-json\/wp\/v2\/comments?post=56847"}],"version-history":[{"count":2,"href":"https:\/\/www.urbanbiker.com\/pt-pt\/wp-json\/wp\/v2\/posts\/56847\/revisions"}],"predecessor-version":[{"id":56849,"href":"https:\/\/www.urbanbiker.com\/pt-pt\/wp-json\/wp\/v2\/posts\/56847\/revisions\/56849"}],"wp:featuredmedia":[{"embeddable":true,"href":"https:\/\/www.urbanbiker.com\/pt-pt\/wp-json\/wp\/v2\/media\/56586"}],"wp:attachment":[{"href":"https:\/\/www.urbanbiker.com\/pt-pt\/wp-json\/wp\/v2\/media?parent=56847"}],"wp:term":[{"taxonomy":"category","embeddable":true,"href":"https:\/\/www.urbanbiker.com\/pt-pt\/wp-json\/wp\/v2\/categories?post=56847"},{"taxonomy":"post_tag","embeddable":true,"href":"https:\/\/www.urbanbiker.com\/pt-pt\/wp-json\/wp\/v2\/tags?post=56847"}],"curies":[{"name":"wp","href":"https:\/\/api.w.org\/{rel}","templated":true}]}}