{"id":39566,"date":"2023-05-24T03:32:41","date_gmt":"2023-05-24T01:32:41","guid":{"rendered":"https:\/\/www.urbanbiker.com\/se-tiveres-problemas-fisicos-e-preferivel-uma-bicicleta-electrica\/"},"modified":"2025-03-19T09:58:32","modified_gmt":"2025-03-19T08:58:32","slug":"se-tiveres-problemas-fisicos-e-preferivel-uma-bicicleta-electrica","status":"publish","type":"post","link":"https:\/\/www.urbanbiker.com\/pt-pt\/se-tiveres-problemas-fisicos-e-preferivel-uma-bicicleta-electrica\/","title":{"rendered":"Se tiveres problemas f\u00edsicos, \u00e9 prefer\u00edvel uma bicicleta el\u00e9ctrica"},"content":{"rendered":"\r\n<p><strong>Se tiveres problemas f\u00edsicos, uma bicicleta el\u00e9ctrica \u00e9 melhor<\/strong>. <strong>As bicicletas el\u00e9ctricas<\/strong> vieram para ficar, apesar de inicialmente terem sido vendidas apenas como um chamariz para as pessoas que, devido a doen\u00e7a, <strong>problemas f\u00edsicos<\/strong> ou idade avan\u00e7ada, j\u00e1 n\u00e3o podiam andar de bicicleta confortavelmente.<\/p>\r\n\r\n\r\n\r\n<blockquote class=\"wp-block-quote is-layout-flow wp-block-quote-is-layout-flow\">\r\n<p>Se te consideras demasiado velho para andar numa bicicleta convencional, com uma bicicleta <strong>el\u00e9ctrica<\/strong> podes subir estradas e montanhas que de outra forma te exigiriam muito esfor\u00e7o. O que achas?<\/p>\r\n<\/blockquote>\r\n<p>Se sofreres de alguma doen\u00e7a que te dificulte o uso da bicicleta <strong>el\u00e9ctrica<\/strong>, poder\u00e1s percorrer mais dist\u00e2ncias e subir ou descer colinas (fazendo exerc\u00edcio f\u00edsico moderado). N\u00e3o \u00e9 que a bicicleta te transporte sozinha, mas ter\u00e1s um ligeiro impulso quando come\u00e7ares e tamb\u00e9m quando come\u00e7ares a subir uma colina. <strong>As bicicletas el\u00e9ctricas s\u00e3o divertidas!<\/strong><\/p>\r\n<p>N\u00e3o te esque\u00e7as de escolher sempre o n\u00edvel de assist\u00eancia adequado \u00e0 tua condi\u00e7\u00e3o <strong>f\u00edsica<\/strong>, ao teu peso e ao terreno em que circulas. Desta forma, estar\u00e1s em condi\u00e7\u00f5es \u00f3ptimas para desfrutar da tua <strong>bicicleta el\u00e9ctrica<\/strong> durante muito tempo. Mesmo que n\u00e3o precises de fazer muito esfor\u00e7o para te movimentares, n\u00e3o te esque\u00e7as que se n\u00e3o pedalares, n\u00e3o est\u00e1s a andar!<\/p>\r\n<p>*Tu tamb\u00e9m podes andar de bicicleta. Tamb\u00e9m tu podes ir mais longe, mais depressa e em menos tempo.<\/p>\r\n<p><strong>As bicicletas el\u00e9ctricas<\/strong> vieram para ficar, apesar de inicialmente terem sido vendidas apenas como um chamariz para as pessoas que, devido a doen\u00e7a, <strong>problemas f\u00edsicos<\/strong> ou idade avan\u00e7ada, j\u00e1 n\u00e3o podiam andar de bicicleta confortavelmente.<\/p>","protected":false},"excerpt":{"rendered":"<p>Vestibulum eu quam nec nec neque pellentesque efficitur id eget nisl. Proin porta est convallis lacus blandit pretium sed non enim. Maecenas lacinia non orci at aliquam. Donec finibus, urna bibendum ultricies laoreet, augue eros luctus sapien, ut euismod leo tortor ac enim. N\u00e3o te esque\u00e7as de que a tua vida \u00e9 muito boa. Sed cursus venenatis tellus, non lobortis diam volutpat sit amet.     <\/p>\n","protected":false},"author":1,"featured_media":34848,"comment_status":"open","ping_status":"open","sticky":false,"template":"","format":"standard","meta":{"footnotes":""},"categories":[298],"tags":[],"class_list":["post-39566","post","type-post","status-publish","format-standard","has-post-thumbnail","hentry","category-conselhos"],"yoast_head":"<!-- This site is optimized with the Yoast SEO plugin v27.5 - https:\/\/yoast.com\/product\/yoast-seo-wordpress\/ -->\n<title>Se tiveres problemas f\u00edsicos, \u00e9 prefer\u00edvel uma bicicleta el\u00e9ctrica. UrbanBiker<\/title>\n<meta name=\"description\" content=\"Se tiveres problemas f\u00edsicos, uma bicicleta el\u00e9ctrica \u00e9 melhor. A assist\u00eancia que proporciona permite que mais pessoas continuem a andar de bicicleta.\" \/>\n<meta name=\"robots\" content=\"index, follow, max-snippet:-1, max-image-preview:large, max-video-preview:-1\" \/>\n<link rel=\"canonical\" href=\"https:\/\/www.urbanbiker.com\/pt-pt\/se-tiveres-problemas-fisicos-e-preferivel-uma-bicicleta-electrica\/\" \/>\n<meta property=\"og:locale\" content=\"pt_PT\" \/>\n<meta property=\"og:type\" content=\"article\" \/>\n<meta property=\"og:title\" content=\"Se tiveres problemas f\u00edsicos, \u00e9 prefer\u00edvel uma bicicleta el\u00e9ctrica. UrbanBiker\" \/>\n<meta property=\"og:description\" content=\"Se tiveres problemas f\u00edsicos, uma bicicleta el\u00e9ctrica \u00e9 melhor. A assist\u00eancia que proporciona permite que mais pessoas continuem a andar de bicicleta.\" \/>\n<meta property=\"og:url\" content=\"https:\/\/www.urbanbiker.com\/pt-pt\/se-tiveres-problemas-fisicos-e-preferivel-uma-bicicleta-electrica\/\" \/>\n<meta property=\"og:site_name\" content=\"UrbanBiker\" \/>\n<meta property=\"article:publisher\" content=\"https:\/\/www.facebook.com\/Urbanbikerbiciselectricas\" \/>\n<meta property=\"article:author\" content=\"https:\/\/www.facebook.com\/Urbanbikerbiciselectricas\/\" \/>\n<meta property=\"article:published_time\" content=\"2023-05-24T01:32:41+00:00\" \/>\n<meta property=\"article:modified_time\" content=\"2025-03-19T08:58:32+00:00\" \/>\n<meta property=\"og:image\" content=\"http:\/\/www.urbanbiker.com\/wp-content\/uploads\/2023\/05\/Diseno-sin-titulo-19.png\" \/>\n\t<meta property=\"og:image:width\" content=\"970\" \/>\n\t<meta property=\"og:image:height\" content=\"600\" \/>\n\t<meta property=\"og:image:type\" content=\"image\/png\" \/>\n<meta name=\"author\" content=\"UrbanBiker\" \/>\n<meta name=\"twitter:card\" content=\"summary_large_image\" \/>\n<meta name=\"twitter:label1\" content=\"Escrito por\" \/>\n\t<meta name=\"twitter:data1\" content=\"UrbanBiker\" \/>\n\t<meta name=\"twitter:label2\" content=\"Tempo estimado de leitura\" \/>\n\t<meta name=\"twitter:data2\" content=\"2 minutos\" \/>\n<script type=\"application\/ld+json\" class=\"yoast-schema-graph\">{\"@context\":\"https:\\\/\\\/schema.org\",\"@graph\":[{\"@type\":\"Article\",\"@id\":\"https:\\\/\\\/www.urbanbiker.com\\\/pt-pt\\\/se-tiveres-problemas-fisicos-e-preferivel-uma-bicicleta-electrica\\\/#article\",\"isPartOf\":{\"@id\":\"https:\\\/\\\/www.urbanbiker.com\\\/pt-pt\\\/se-tiveres-problemas-fisicos-e-preferivel-uma-bicicleta-electrica\\\/\"},\"author\":{\"name\":\"UrbanBiker\",\"@id\":\"https:\\\/\\\/www.urbanbiker.com\\\/pt-pt\\\/#\\\/schema\\\/person\\\/1cb58f0792ef226d6d409b73059515e0\"},\"headline\":\"Se tiveres problemas f\u00edsicos, \u00e9 prefer\u00edvel uma bicicleta el\u00e9ctrica\",\"datePublished\":\"2023-05-24T01:32:41+00:00\",\"dateModified\":\"2025-03-19T08:58:32+00:00\",\"mainEntityOfPage\":{\"@id\":\"https:\\\/\\\/www.urbanbiker.com\\\/pt-pt\\\/se-tiveres-problemas-fisicos-e-preferivel-uma-bicicleta-electrica\\\/\"},\"wordCount\":295,\"commentCount\":0,\"publisher\":{\"@id\":\"https:\\\/\\\/www.urbanbiker.com\\\/pt-pt\\\/#organization\"},\"image\":{\"@id\":\"https:\\\/\\\/www.urbanbiker.com\\\/pt-pt\\\/se-tiveres-problemas-fisicos-e-preferivel-uma-bicicleta-electrica\\\/#primaryimage\"},\"thumbnailUrl\":\"https:\\\/\\\/www.urbanbiker.com\\\/wp-content\\\/uploads\\\/2023\\\/05\\\/Diseno-sin-titulo-19.png\",\"articleSection\":[\"Conselhos\"],\"inLanguage\":\"pt-PT\",\"potentialAction\":[{\"@type\":\"CommentAction\",\"name\":\"Comment\",\"target\":[\"https:\\\/\\\/www.urbanbiker.com\\\/pt-pt\\\/se-tiveres-problemas-fisicos-e-preferivel-uma-bicicleta-electrica\\\/#respond\"]}]},{\"@type\":\"WebPage\",\"@id\":\"https:\\\/\\\/www.urbanbiker.com\\\/pt-pt\\\/se-tiveres-problemas-fisicos-e-preferivel-uma-bicicleta-electrica\\\/\",\"url\":\"https:\\\/\\\/www.urbanbiker.com\\\/pt-pt\\\/se-tiveres-problemas-fisicos-e-preferivel-uma-bicicleta-electrica\\\/\",\"name\":\"Se tiveres problemas f\u00edsicos, \u00e9 prefer\u00edvel uma bicicleta el\u00e9ctrica. UrbanBiker\",\"isPartOf\":{\"@id\":\"https:\\\/\\\/www.urbanbiker.com\\\/pt-pt\\\/#website\"},\"primaryImageOfPage\":{\"@id\":\"https:\\\/\\\/www.urbanbiker.com\\\/pt-pt\\\/se-tiveres-problemas-fisicos-e-preferivel-uma-bicicleta-electrica\\\/#primaryimage\"},\"image\":{\"@id\":\"https:\\\/\\\/www.urbanbiker.com\\\/pt-pt\\\/se-tiveres-problemas-fisicos-e-preferivel-uma-bicicleta-electrica\\\/#primaryimage\"},\"thumbnailUrl\":\"https:\\\/\\\/www.urbanbiker.com\\\/wp-content\\\/uploads\\\/2023\\\/05\\\/Diseno-sin-titulo-19.png\",\"datePublished\":\"2023-05-24T01:32:41+00:00\",\"dateModified\":\"2025-03-19T08:58:32+00:00\",\"description\":\"Se tiveres problemas f\u00edsicos, uma bicicleta el\u00e9ctrica \u00e9 melhor. A assist\u00eancia que proporciona permite que mais pessoas continuem a andar de bicicleta.\",\"breadcrumb\":{\"@id\":\"https:\\\/\\\/www.urbanbiker.com\\\/pt-pt\\\/se-tiveres-problemas-fisicos-e-preferivel-uma-bicicleta-electrica\\\/#breadcrumb\"},\"inLanguage\":\"pt-PT\",\"potentialAction\":[{\"@type\":\"ReadAction\",\"target\":[\"https:\\\/\\\/www.urbanbiker.com\\\/pt-pt\\\/se-tiveres-problemas-fisicos-e-preferivel-uma-bicicleta-electrica\\\/\"]}]},{\"@type\":\"ImageObject\",\"inLanguage\":\"pt-PT\",\"@id\":\"https:\\\/\\\/www.urbanbiker.com\\\/pt-pt\\\/se-tiveres-problemas-fisicos-e-preferivel-uma-bicicleta-electrica\\\/#primaryimage\",\"url\":\"https:\\\/\\\/www.urbanbiker.com\\\/wp-content\\\/uploads\\\/2023\\\/05\\\/Diseno-sin-titulo-19.png\",\"contentUrl\":\"https:\\\/\\\/www.urbanbiker.com\\\/wp-content\\\/uploads\\\/2023\\\/05\\\/Diseno-sin-titulo-19.png\",\"width\":970,\"height\":600,\"caption\":\"Si hay problemas f\u00edsicos mejor una bicicleta el\u00e9ctrica. La asistencia que proporciona permite que m\u00e1s personas puedan seguir montando en bici\"},{\"@type\":\"BreadcrumbList\",\"@id\":\"https:\\\/\\\/www.urbanbiker.com\\\/pt-pt\\\/se-tiveres-problemas-fisicos-e-preferivel-uma-bicicleta-electrica\\\/#breadcrumb\",\"itemListElement\":[{\"@type\":\"ListItem\",\"position\":1,\"name\":\"Portada\",\"item\":\"https:\\\/\\\/www.urbanbiker.com\\\/pt-pt\\\/\"},{\"@type\":\"ListItem\",\"position\":2,\"name\":\"Se tiveres problemas f\u00edsicos, \u00e9 prefer\u00edvel uma bicicleta el\u00e9ctrica\"}]},{\"@type\":\"WebSite\",\"@id\":\"https:\\\/\\\/www.urbanbiker.com\\\/pt-pt\\\/#website\",\"url\":\"https:\\\/\\\/www.urbanbiker.com\\\/pt-pt\\\/\",\"name\":\"UrbanBiker\",\"description\":\"Bicicletas el\u00e9ctricas\",\"publisher\":{\"@id\":\"https:\\\/\\\/www.urbanbiker.com\\\/pt-pt\\\/#organization\"},\"potentialAction\":[{\"@type\":\"SearchAction\",\"target\":{\"@type\":\"EntryPoint\",\"urlTemplate\":\"https:\\\/\\\/www.urbanbiker.com\\\/pt-pt\\\/?s={search_term_string}\"},\"query-input\":{\"@type\":\"PropertyValueSpecification\",\"valueRequired\":true,\"valueName\":\"search_term_string\"}}],\"inLanguage\":\"pt-PT\"},{\"@type\":\"Organization\",\"@id\":\"https:\\\/\\\/www.urbanbiker.com\\\/pt-pt\\\/#organization\",\"name\":\"UrbanBiker\",\"url\":\"https:\\\/\\\/www.urbanbiker.com\\\/pt-pt\\\/\",\"logo\":{\"@type\":\"ImageObject\",\"inLanguage\":\"pt-PT\",\"@id\":\"https:\\\/\\\/www.urbanbiker.com\\\/pt-pt\\\/#\\\/schema\\\/logo\\\/image\\\/\",\"url\":\"https:\\\/\\\/www.urbanbiker.com\\\/wp-content\\\/uploads\\\/2022\\\/09\\\/Logo-principal-sin-fondo.png\",\"contentUrl\":\"https:\\\/\\\/www.urbanbiker.com\\\/wp-content\\\/uploads\\\/2022\\\/09\\\/Logo-principal-sin-fondo.png\",\"width\":2560,\"height\":934,\"caption\":\"UrbanBiker\"},\"image\":{\"@id\":\"https:\\\/\\\/www.urbanbiker.com\\\/pt-pt\\\/#\\\/schema\\\/logo\\\/image\\\/\"},\"sameAs\":[\"https:\\\/\\\/www.facebook.com\\\/Urbanbikerbiciselectricas\",\"https:\\\/\\\/www.instagram.com\\\/urbanbiker_\\\/\",\"https:\\\/\\\/www.linkedin.com\\\/company\\\/2454235\",\"https:\\\/\\\/www.youtube.com\\\/channel\\\/UCWR__uH_RWJF-OhPfz-9-Qw\"]},{\"@type\":\"Person\",\"@id\":\"https:\\\/\\\/www.urbanbiker.com\\\/pt-pt\\\/#\\\/schema\\\/person\\\/1cb58f0792ef226d6d409b73059515e0\",\"name\":\"UrbanBiker\",\"image\":{\"@type\":\"ImageObject\",\"inLanguage\":\"pt-PT\",\"@id\":\"https:\\\/\\\/secure.gravatar.com\\\/avatar\\\/22838f387878aabd10c8c90196e14f05497ff2fdd7c1267a5f035aa48d9ed396?s=96&d=mm&r=g\",\"url\":\"https:\\\/\\\/secure.gravatar.com\\\/avatar\\\/22838f387878aabd10c8c90196e14f05497ff2fdd7c1267a5f035aa48d9ed396?s=96&d=mm&r=g\",\"contentUrl\":\"https:\\\/\\\/secure.gravatar.com\\\/avatar\\\/22838f387878aabd10c8c90196e14f05497ff2fdd7c1267a5f035aa48d9ed396?s=96&d=mm&r=g\",\"caption\":\"UrbanBiker\"},\"sameAs\":[\"http:\\\/\\\/www.urbanbiker.com\\\/\",\"https:\\\/\\\/www.facebook.com\\\/Urbanbikerbiciselectricas\\\/\",\"https:\\\/\\\/www.linkedin.com\\\/company\\\/urbanbiker\\\/\",\"https:\\\/\\\/www.youtube.com\\\/@UrbanbikerEbikes\"]}]}<\/script>\n<!-- \/ Yoast SEO plugin. -->","yoast_head_json":{"title":"Se tiveres problemas f\u00edsicos, \u00e9 prefer\u00edvel uma bicicleta el\u00e9ctrica. UrbanBiker","description":"Se tiveres problemas f\u00edsicos, uma bicicleta el\u00e9ctrica \u00e9 melhor. A assist\u00eancia que proporciona permite que mais pessoas continuem a andar de bicicleta.","robots":{"index":"index","follow":"follow","max-snippet":"max-snippet:-1","max-image-preview":"max-image-preview:large","max-video-preview":"max-video-preview:-1"},"canonical":"https:\/\/www.urbanbiker.com\/pt-pt\/se-tiveres-problemas-fisicos-e-preferivel-uma-bicicleta-electrica\/","og_locale":"pt_PT","og_type":"article","og_title":"Se tiveres problemas f\u00edsicos, \u00e9 prefer\u00edvel uma bicicleta el\u00e9ctrica. UrbanBiker","og_description":"Se tiveres problemas f\u00edsicos, uma bicicleta el\u00e9ctrica \u00e9 melhor. A assist\u00eancia que proporciona permite que mais pessoas continuem a andar de bicicleta.","og_url":"https:\/\/www.urbanbiker.com\/pt-pt\/se-tiveres-problemas-fisicos-e-preferivel-uma-bicicleta-electrica\/","og_site_name":"UrbanBiker","article_publisher":"https:\/\/www.facebook.com\/Urbanbikerbiciselectricas","article_author":"https:\/\/www.facebook.com\/Urbanbikerbiciselectricas\/","article_published_time":"2023-05-24T01:32:41+00:00","article_modified_time":"2025-03-19T08:58:32+00:00","og_image":[{"width":970,"height":600,"url":"http:\/\/www.urbanbiker.com\/wp-content\/uploads\/2023\/05\/Diseno-sin-titulo-19.png","type":"image\/png"}],"author":"UrbanBiker","twitter_card":"summary_large_image","twitter_misc":{"Escrito por":"UrbanBiker","Tempo estimado de leitura":"2 minutos"},"schema":{"@context":"https:\/\/schema.org","@graph":[{"@type":"Article","@id":"https:\/\/www.urbanbiker.com\/pt-pt\/se-tiveres-problemas-fisicos-e-preferivel-uma-bicicleta-electrica\/#article","isPartOf":{"@id":"https:\/\/www.urbanbiker.com\/pt-pt\/se-tiveres-problemas-fisicos-e-preferivel-uma-bicicleta-electrica\/"},"author":{"name":"UrbanBiker","@id":"https:\/\/www.urbanbiker.com\/pt-pt\/#\/schema\/person\/1cb58f0792ef226d6d409b73059515e0"},"headline":"Se tiveres problemas f\u00edsicos, \u00e9 prefer\u00edvel uma bicicleta el\u00e9ctrica","datePublished":"2023-05-24T01:32:41+00:00","dateModified":"2025-03-19T08:58:32+00:00","mainEntityOfPage":{"@id":"https:\/\/www.urbanbiker.com\/pt-pt\/se-tiveres-problemas-fisicos-e-preferivel-uma-bicicleta-electrica\/"},"wordCount":295,"commentCount":0,"publisher":{"@id":"https:\/\/www.urbanbiker.com\/pt-pt\/#organization"},"image":{"@id":"https:\/\/www.urbanbiker.com\/pt-pt\/se-tiveres-problemas-fisicos-e-preferivel-uma-bicicleta-electrica\/#primaryimage"},"thumbnailUrl":"https:\/\/www.urbanbiker.com\/wp-content\/uploads\/2023\/05\/Diseno-sin-titulo-19.png","articleSection":["Conselhos"],"inLanguage":"pt-PT","potentialAction":[{"@type":"CommentAction","name":"Comment","target":["https:\/\/www.urbanbiker.com\/pt-pt\/se-tiveres-problemas-fisicos-e-preferivel-uma-bicicleta-electrica\/#respond"]}]},{"@type":"WebPage","@id":"https:\/\/www.urbanbiker.com\/pt-pt\/se-tiveres-problemas-fisicos-e-preferivel-uma-bicicleta-electrica\/","url":"https:\/\/www.urbanbiker.com\/pt-pt\/se-tiveres-problemas-fisicos-e-preferivel-uma-bicicleta-electrica\/","name":"Se tiveres problemas f\u00edsicos, \u00e9 prefer\u00edvel uma bicicleta el\u00e9ctrica. UrbanBiker","isPartOf":{"@id":"https:\/\/www.urbanbiker.com\/pt-pt\/#website"},"primaryImageOfPage":{"@id":"https:\/\/www.urbanbiker.com\/pt-pt\/se-tiveres-problemas-fisicos-e-preferivel-uma-bicicleta-electrica\/#primaryimage"},"image":{"@id":"https:\/\/www.urbanbiker.com\/pt-pt\/se-tiveres-problemas-fisicos-e-preferivel-uma-bicicleta-electrica\/#primaryimage"},"thumbnailUrl":"https:\/\/www.urbanbiker.com\/wp-content\/uploads\/2023\/05\/Diseno-sin-titulo-19.png","datePublished":"2023-05-24T01:32:41+00:00","dateModified":"2025-03-19T08:58:32+00:00","description":"Se tiveres problemas f\u00edsicos, uma bicicleta el\u00e9ctrica \u00e9 melhor. A assist\u00eancia que proporciona permite que mais pessoas continuem a andar de bicicleta.","breadcrumb":{"@id":"https:\/\/www.urbanbiker.com\/pt-pt\/se-tiveres-problemas-fisicos-e-preferivel-uma-bicicleta-electrica\/#breadcrumb"},"inLanguage":"pt-PT","potentialAction":[{"@type":"ReadAction","target":["https:\/\/www.urbanbiker.com\/pt-pt\/se-tiveres-problemas-fisicos-e-preferivel-uma-bicicleta-electrica\/"]}]},{"@type":"ImageObject","inLanguage":"pt-PT","@id":"https:\/\/www.urbanbiker.com\/pt-pt\/se-tiveres-problemas-fisicos-e-preferivel-uma-bicicleta-electrica\/#primaryimage","url":"https:\/\/www.urbanbiker.com\/wp-content\/uploads\/2023\/05\/Diseno-sin-titulo-19.png","contentUrl":"https:\/\/www.urbanbiker.com\/wp-content\/uploads\/2023\/05\/Diseno-sin-titulo-19.png","width":970,"height":600,"caption":"Si hay problemas f\u00edsicos mejor una bicicleta el\u00e9ctrica. La asistencia que proporciona permite que m\u00e1s personas puedan seguir montando en bici"},{"@type":"BreadcrumbList","@id":"https:\/\/www.urbanbiker.com\/pt-pt\/se-tiveres-problemas-fisicos-e-preferivel-uma-bicicleta-electrica\/#breadcrumb","itemListElement":[{"@type":"ListItem","position":1,"name":"Portada","item":"https:\/\/www.urbanbiker.com\/pt-pt\/"},{"@type":"ListItem","position":2,"name":"Se tiveres problemas f\u00edsicos, \u00e9 prefer\u00edvel uma bicicleta el\u00e9ctrica"}]},{"@type":"WebSite","@id":"https:\/\/www.urbanbiker.com\/pt-pt\/#website","url":"https:\/\/www.urbanbiker.com\/pt-pt\/","name":"UrbanBiker","description":"Bicicletas el\u00e9ctricas","publisher":{"@id":"https:\/\/www.urbanbiker.com\/pt-pt\/#organization"},"potentialAction":[{"@type":"SearchAction","target":{"@type":"EntryPoint","urlTemplate":"https:\/\/www.urbanbiker.com\/pt-pt\/?s={search_term_string}"},"query-input":{"@type":"PropertyValueSpecification","valueRequired":true,"valueName":"search_term_string"}}],"inLanguage":"pt-PT"},{"@type":"Organization","@id":"https:\/\/www.urbanbiker.com\/pt-pt\/#organization","name":"UrbanBiker","url":"https:\/\/www.urbanbiker.com\/pt-pt\/","logo":{"@type":"ImageObject","inLanguage":"pt-PT","@id":"https:\/\/www.urbanbiker.com\/pt-pt\/#\/schema\/logo\/image\/","url":"https:\/\/www.urbanbiker.com\/wp-content\/uploads\/2022\/09\/Logo-principal-sin-fondo.png","contentUrl":"https:\/\/www.urbanbiker.com\/wp-content\/uploads\/2022\/09\/Logo-principal-sin-fondo.png","width":2560,"height":934,"caption":"UrbanBiker"},"image":{"@id":"https:\/\/www.urbanbiker.com\/pt-pt\/#\/schema\/logo\/image\/"},"sameAs":["https:\/\/www.facebook.com\/Urbanbikerbiciselectricas","https:\/\/www.instagram.com\/urbanbiker_\/","https:\/\/www.linkedin.com\/company\/2454235","https:\/\/www.youtube.com\/channel\/UCWR__uH_RWJF-OhPfz-9-Qw"]},{"@type":"Person","@id":"https:\/\/www.urbanbiker.com\/pt-pt\/#\/schema\/person\/1cb58f0792ef226d6d409b73059515e0","name":"UrbanBiker","image":{"@type":"ImageObject","inLanguage":"pt-PT","@id":"https:\/\/secure.gravatar.com\/avatar\/22838f387878aabd10c8c90196e14f05497ff2fdd7c1267a5f035aa48d9ed396?s=96&d=mm&r=g","url":"https:\/\/secure.gravatar.com\/avatar\/22838f387878aabd10c8c90196e14f05497ff2fdd7c1267a5f035aa48d9ed396?s=96&d=mm&r=g","contentUrl":"https:\/\/secure.gravatar.com\/avatar\/22838f387878aabd10c8c90196e14f05497ff2fdd7c1267a5f035aa48d9ed396?s=96&d=mm&r=g","caption":"UrbanBiker"},"sameAs":["http:\/\/www.urbanbiker.com\/","https:\/\/www.facebook.com\/Urbanbikerbiciselectricas\/","https:\/\/www.linkedin.com\/company\/urbanbiker\/","https:\/\/www.youtube.com\/@UrbanbikerEbikes"]}]}},"_links":{"self":[{"href":"https:\/\/www.urbanbiker.com\/pt-pt\/wp-json\/wp\/v2\/posts\/39566","targetHints":{"allow":["GET"]}}],"collection":[{"href":"https:\/\/www.urbanbiker.com\/pt-pt\/wp-json\/wp\/v2\/posts"}],"about":[{"href":"https:\/\/www.urbanbiker.com\/pt-pt\/wp-json\/wp\/v2\/types\/post"}],"author":[{"embeddable":true,"href":"https:\/\/www.urbanbiker.com\/pt-pt\/wp-json\/wp\/v2\/users\/1"}],"replies":[{"embeddable":true,"href":"https:\/\/www.urbanbiker.com\/pt-pt\/wp-json\/wp\/v2\/comments?post=39566"}],"version-history":[{"count":2,"href":"https:\/\/www.urbanbiker.com\/pt-pt\/wp-json\/wp\/v2\/posts\/39566\/revisions"}],"predecessor-version":[{"id":39650,"href":"https:\/\/www.urbanbiker.com\/pt-pt\/wp-json\/wp\/v2\/posts\/39566\/revisions\/39650"}],"wp:featuredmedia":[{"embeddable":true,"href":"https:\/\/www.urbanbiker.com\/pt-pt\/wp-json\/wp\/v2\/media\/34848"}],"wp:attachment":[{"href":"https:\/\/www.urbanbiker.com\/pt-pt\/wp-json\/wp\/v2\/media?parent=39566"}],"wp:term":[{"taxonomy":"category","embeddable":true,"href":"https:\/\/www.urbanbiker.com\/pt-pt\/wp-json\/wp\/v2\/categories?post=39566"},{"taxonomy":"post_tag","embeddable":true,"href":"https:\/\/www.urbanbiker.com\/pt-pt\/wp-json\/wp\/v2\/tags?post=39566"}],"curies":[{"name":"wp","href":"https:\/\/api.w.org\/{rel}","templated":true}]}}