{"id":39541,"date":"2023-06-26T03:32:43","date_gmt":"2023-06-26T01:32:43","guid":{"rendered":"https:\/\/www.urbanbiker.com\/como-aumentar-a-duracao-da-bateria\/"},"modified":"2025-03-21T14:14:56","modified_gmt":"2025-03-21T13:14:56","slug":"como-aumentar-a-duracao-da-bateria","status":"publish","type":"post","link":"https:\/\/www.urbanbiker.com\/pt-pt\/como-aumentar-a-duracao-da-bateria\/","title":{"rendered":"Como aumentar a dura\u00e7\u00e3o da bateria"},"content":{"rendered":"\r\n<p>H\u00e1 muitos factores que podem influenciar a <strong>dura\u00e7\u00e3o da bateria de<\/strong> uma bicicleta el\u00e9ctrica. Gostar\u00edamos de explicar cada um deles para que possas tirar o m\u00e1ximo partido dela.<\/p>\r\n<p><b>1- Os pneus furados <\/b>reduzem muito a <strong>autonomia da<\/strong> bicicleta e <strong>aumentam<\/strong> a probabilidade de furos.<\/p>\r\n<p>Verifica, antes de cada venda\/devolu\u00e7\u00e3o devido a um problema de <strong>autonomia,<\/strong> o enchimento dos pneus e insiste na import\u00e2ncia do enchimento dos pneus:<\/p>\r\n<p>Cidade \/ Trekking 26\u2033 ou 28\u2033 = \u00f3timo <b>4.5 BAR<\/b><\/p>\r\n<p>Dobr\u00e1vel 20\u2033 = \u00f3timo <b>3,5 BAR<\/b><\/p>\r\n<p>Montagem de 27,5\u2033 ou 29\u2033= ideal<b> 1,8\/2,0 BAR<\/b><\/p>\r\n<p style=\"text-align: center;\"><a href=\"http:\/\/www.urbanbiker.com\/wp-content\/uploads\/2023\/06\/Autonomia-vs-Presion_01.png\"><img fetchpriority=\"high\" decoding=\"async\" class=\"aligncenter size-large wp-image-41068\" src=\"http:\/\/www.urbanbiker.com\/wp-content\/uploads\/2023\/06\/Autonomia-vs-Presion_01-1024x482.png\" alt=\"Autonomia vs Presion\" width=\"980\" height=\"461\" srcset=\"https:\/\/www.urbanbiker.com\/wp-content\/uploads\/2023\/06\/Autonomia-vs-Presion_01-1024x482.png 1024w, https:\/\/www.urbanbiker.com\/wp-content\/uploads\/2023\/06\/Autonomia-vs-Presion_01-300x141.png 300w, https:\/\/www.urbanbiker.com\/wp-content\/uploads\/2023\/06\/Autonomia-vs-Presion_01-768x362.png 768w, https:\/\/www.urbanbiker.com\/wp-content\/uploads\/2023\/06\/Autonomia-vs-Presion_01-1536x724.png 1536w, https:\/\/www.urbanbiker.com\/wp-content\/uploads\/2023\/06\/Autonomia-vs-Presion_01-2048x965.png 2048w, https:\/\/www.urbanbiker.com\/wp-content\/uploads\/2023\/06\/Autonomia-vs-Presion_01-800x377.png 800w\" sizes=\"(max-width: 980px) 100vw, 980px\" \/><\/a><\/p>\r\n\r\n\r\n\r\n<blockquote class=\"wp-block-quote is-layout-flow wp-block-quote-is-layout-flow\">\r\n<p>Uma <b>bicicleta sobrecarregada<\/b> reduz a autonomia da bicicleta. E se o utilizador n\u00e3o exercer for\u00e7a suficiente sobre os pedais, a autonomia \u00e9 reduzida (sensor de pedais, rota\u00e7\u00e3o do suporte inferior).<\/p>\r\n<\/blockquote>\r\n<p><strong>O alcance<\/strong> ser\u00e1 reduzido nos <b>percursos com declives acentuados.<\/b><\/p>\r\n<p><strong>A autonomia<\/strong> ser\u00e1 reduzida pelo<b> frio<\/b>. Temperatura \u00f3ptima = 25\u00b0C<\/p>\r\n<p style=\"text-align: center;\"><a href=\"http:\/\/www.urbanbiker.com\/wp-content\/uploads\/2023\/06\/Autonomia-vs-Temperatura_02.png\"><img decoding=\"async\" class=\"aligncenter size-large wp-image-41075\" src=\"http:\/\/www.urbanbiker.com\/wp-content\/uploads\/2023\/06\/Autonomia-vs-Temperatura_02-1024x482.png\" alt=\"Autonomia vs Temperatura\" width=\"980\" height=\"461\" srcset=\"https:\/\/www.urbanbiker.com\/wp-content\/uploads\/2023\/06\/Autonomia-vs-Temperatura_02-1024x482.png 1024w, https:\/\/www.urbanbiker.com\/wp-content\/uploads\/2023\/06\/Autonomia-vs-Temperatura_02-300x141.png 300w, https:\/\/www.urbanbiker.com\/wp-content\/uploads\/2023\/06\/Autonomia-vs-Temperatura_02-768x362.png 768w, https:\/\/www.urbanbiker.com\/wp-content\/uploads\/2023\/06\/Autonomia-vs-Temperatura_02-1536x724.png 1536w, https:\/\/www.urbanbiker.com\/wp-content\/uploads\/2023\/06\/Autonomia-vs-Temperatura_02-2048x965.png 2048w, https:\/\/www.urbanbiker.com\/wp-content\/uploads\/2023\/06\/Autonomia-vs-Temperatura_02-800x377.png 800w\" sizes=\"(max-width: 980px) 100vw, 980px\" \/><\/a><\/p>\r\n<p>Uma <b>m\u00e1 regula\u00e7\u00e3o dos trav\u00f5es <\/b>tem uma grande influ\u00eancia na autonomia de uma bicicleta.<\/p>\r\n<p><strong>Baterias<\/strong>: combina\u00e7\u00e3o de c\u00e9lulas.<\/p>\r\n<p>Encontrar o equil\u00edbrio certo entre poder e <strong>autonomia<\/strong> para uma boa associa\u00e7\u00e3o de c\u00e9lulas:<\/p>\r\n<p><b>A montagem em paralelo aumenta a capacidade (Ah)<\/b><\/p>\r\n<p><b>Montagem em s\u00e9rie aumenta a tens\u00e3o (V)<\/b><\/p>\r\n<p style=\"text-align: center;\"><a href=\"http:\/\/www.urbanbiker.com\/wp-content\/uploads\/2023\/06\/celulas_03.png\"><img decoding=\"async\" class=\"aligncenter size-full wp-image-41089\" src=\"http:\/\/www.urbanbiker.com\/wp-content\/uploads\/2023\/06\/celulas_03.png\" alt=\"Celulas\" width=\"436\" height=\"491\" srcset=\"https:\/\/www.urbanbiker.com\/wp-content\/uploads\/2023\/06\/celulas_03.png 436w, https:\/\/www.urbanbiker.com\/wp-content\/uploads\/2023\/06\/celulas_03-266x300.png 266w\" sizes=\"(max-width: 436px) 100vw, 436px\" \/><\/a><\/p>\r\n<p><b>Armazenamento<\/b><\/p>\r\n<ul>\r\n<li data-start=\"839\" data-end=\"890\">Armazene em um local seco, entre +10\u00b0C e +25\u00b0C.<\/li>\r\n<li data-start=\"893\" data-end=\"934\">Recarregar pelo menos a cada 3 meses.<\/li>\r\n<li data-start=\"937\" data-end=\"990\">N\u00e3o armazenar descarregada (\u00faltimo LED piscando).<\/li>\r\n<li data-start=\"993\" data-end=\"1074\">Em caso de armazenamento prolongado, colocar a bateria no modo de hiberna\u00e7\u00e3o.<\/li>\r\n<\/ul>\r\n<p>&nbsp;<\/p>\r\n<p><b>Modo de suspens\u00e3o<\/b><\/p>\r\n<ul>\r\n<li data-start=\"824\" data-end=\"929\">Em caso de armazenamento prolongado sem necessidade de recarga e sem alterar a capacidade da bateria:<\/li>\r\n<li data-start=\"932\" data-end=\"981\">Pressione o bot\u00e3o da bateria por 10 segundos.<\/li>\r\n<li data-start=\"984\" data-end=\"1037\">Conecte a bateria ao carregador para despert\u00e1-la.<\/li>\r\n<\/ul>\r\n<p><em>Os nossos carregadores VAE s\u00e3o inteligentes, a corrente diminui progressivamente para atingir a capacidade m\u00e1xima da <strong>bateria<\/strong> e garantir a sua vida \u00fatil. O carregador pode permanecer ligado durante 12 horas, uma vez terminado o carregamento, o carregador n\u00e3o envia mais corrente. <\/em><\/p>\r\n<p style=\"text-align: center;\"><a href=\"http:\/\/www.urbanbiker.com\/wp-content\/uploads\/2023\/06\/cargadores_04.png\"><img loading=\"lazy\" decoding=\"async\" class=\"aligncenter size-full wp-image-41082\" src=\"http:\/\/www.urbanbiker.com\/wp-content\/uploads\/2023\/06\/cargadores_04.png\" alt=\"Cargadores\" width=\"776\" height=\"375\" srcset=\"https:\/\/www.urbanbiker.com\/wp-content\/uploads\/2023\/06\/cargadores_04.png 776w, https:\/\/www.urbanbiker.com\/wp-content\/uploads\/2023\/06\/cargadores_04-300x145.png 300w, https:\/\/www.urbanbiker.com\/wp-content\/uploads\/2023\/06\/cargadores_04-768x371.png 768w\" sizes=\"(max-width: 776px) 100vw, 776px\" \/><\/a><\/p>\r\n<p>*Os nossos carregadores VAE s\u00e3o inteligentes, a corrente \u00e9 progressivamente reduzida para atingir a capacidade m\u00e1xima da <strong>bateria<\/strong> e garantir a sua vida \u00fatil.<\/p>\r\n<p>O carregador pode permanecer ligado durante 12 horas. Quando o carregamento estiver conclu\u00eddo, o carregador n\u00e3o enviar\u00e1 mais corrente.<\/p>","protected":false},"excerpt":{"rendered":"<p>Vestibulum eu quam nec nec neque pellentesque efficitur id eget nisl. Proin porta est convallis lacus blandit pretium sed non enim. Maecenas lacinia non orci at aliquam. Donec finibus, urna bibendum ultricies laoreet, augue eros luctus sapien, ut euismod leo tortor ac enim. N\u00e3o te esque\u00e7as de que a tua vida \u00e9 muito boa. Sed cursus venenatis tellus, non lobortis diam volutpat sit amet.     <\/p>\n","protected":false},"author":1,"featured_media":34854,"comment_status":"open","ping_status":"open","sticky":false,"template":"","format":"standard","meta":{"footnotes":""},"categories":[298],"tags":[],"class_list":["post-39541","post","type-post","status-publish","format-standard","has-post-thumbnail","hentry","category-conselhos"],"yoast_head":"<!-- This site is optimized with the Yoast SEO plugin v27.5 - https:\/\/yoast.com\/product\/yoast-seo-wordpress\/ -->\n<title>Como aumentar a dura\u00e7\u00e3o da bateria UrbanBiker<\/title>\n<meta name=\"description\" content=\"Se tiveres problemas f\u00edsicos, uma bicicleta el\u00e9ctrica \u00e9 melhor. A assist\u00eancia que proporciona permite que mais pessoas continuem a andar de bicicleta.\" \/>\n<meta name=\"robots\" content=\"index, follow, max-snippet:-1, max-image-preview:large, max-video-preview:-1\" \/>\n<link rel=\"canonical\" href=\"https:\/\/www.urbanbiker.com\/pt-pt\/como-aumentar-a-duracao-da-bateria\/\" \/>\n<meta property=\"og:locale\" content=\"pt_PT\" \/>\n<meta property=\"og:type\" content=\"article\" \/>\n<meta property=\"og:title\" content=\"Como aumentar a dura\u00e7\u00e3o da bateria UrbanBiker\" \/>\n<meta property=\"og:description\" content=\"Se tiveres problemas f\u00edsicos, uma bicicleta el\u00e9ctrica \u00e9 melhor. A assist\u00eancia que proporciona permite que mais pessoas continuem a andar de bicicleta.\" \/>\n<meta property=\"og:url\" content=\"https:\/\/www.urbanbiker.com\/pt-pt\/como-aumentar-a-duracao-da-bateria\/\" \/>\n<meta property=\"og:site_name\" content=\"UrbanBiker\" \/>\n<meta property=\"article:publisher\" content=\"https:\/\/www.facebook.com\/Urbanbikerbiciselectricas\" \/>\n<meta property=\"article:author\" content=\"https:\/\/www.facebook.com\/Urbanbikerbiciselectricas\/\" \/>\n<meta property=\"article:published_time\" content=\"2023-06-26T01:32:43+00:00\" \/>\n<meta property=\"article:modified_time\" content=\"2025-03-21T13:14:56+00:00\" \/>\n<meta property=\"og:image\" content=\"https:\/\/www.urbanbiker.com\/wp-content\/uploads\/2023\/06\/9.jpg\" \/>\n\t<meta property=\"og:image:width\" content=\"1080\" \/>\n\t<meta property=\"og:image:height\" content=\"1080\" \/>\n\t<meta property=\"og:image:type\" content=\"image\/jpeg\" \/>\n<meta name=\"author\" content=\"UrbanBiker\" \/>\n<meta name=\"twitter:card\" content=\"summary_large_image\" \/>\n<meta name=\"twitter:label1\" content=\"Escrito por\" \/>\n\t<meta name=\"twitter:data1\" content=\"UrbanBiker\" \/>\n\t<meta name=\"twitter:label2\" content=\"Tempo estimado de leitura\" \/>\n\t<meta name=\"twitter:data2\" content=\"3 minutos\" \/>\n<script type=\"application\/ld+json\" class=\"yoast-schema-graph\">{\"@context\":\"https:\\\/\\\/schema.org\",\"@graph\":[{\"@type\":\"Article\",\"@id\":\"https:\\\/\\\/www.urbanbiker.com\\\/pt-pt\\\/como-aumentar-a-duracao-da-bateria\\\/#article\",\"isPartOf\":{\"@id\":\"https:\\\/\\\/www.urbanbiker.com\\\/pt-pt\\\/como-aumentar-a-duracao-da-bateria\\\/\"},\"author\":{\"name\":\"UrbanBiker\",\"@id\":\"https:\\\/\\\/www.urbanbiker.com\\\/pt-pt\\\/#\\\/schema\\\/person\\\/1cb58f0792ef226d6d409b73059515e0\"},\"headline\":\"Como aumentar a dura\u00e7\u00e3o da bateria\",\"datePublished\":\"2023-06-26T01:32:43+00:00\",\"dateModified\":\"2025-03-21T13:14:56+00:00\",\"mainEntityOfPage\":{\"@id\":\"https:\\\/\\\/www.urbanbiker.com\\\/pt-pt\\\/como-aumentar-a-duracao-da-bateria\\\/\"},\"wordCount\":364,\"commentCount\":0,\"publisher\":{\"@id\":\"https:\\\/\\\/www.urbanbiker.com\\\/pt-pt\\\/#organization\"},\"image\":{\"@id\":\"https:\\\/\\\/www.urbanbiker.com\\\/pt-pt\\\/como-aumentar-a-duracao-da-bateria\\\/#primaryimage\"},\"thumbnailUrl\":\"https:\\\/\\\/www.urbanbiker.com\\\/wp-content\\\/uploads\\\/2023\\\/06\\\/9.jpg\",\"articleSection\":[\"Conselhos\"],\"inLanguage\":\"pt-PT\",\"potentialAction\":[{\"@type\":\"CommentAction\",\"name\":\"Comment\",\"target\":[\"https:\\\/\\\/www.urbanbiker.com\\\/pt-pt\\\/como-aumentar-a-duracao-da-bateria\\\/#respond\"]}]},{\"@type\":\"WebPage\",\"@id\":\"https:\\\/\\\/www.urbanbiker.com\\\/pt-pt\\\/como-aumentar-a-duracao-da-bateria\\\/\",\"url\":\"https:\\\/\\\/www.urbanbiker.com\\\/pt-pt\\\/como-aumentar-a-duracao-da-bateria\\\/\",\"name\":\"Como aumentar a dura\u00e7\u00e3o da bateria UrbanBiker\",\"isPartOf\":{\"@id\":\"https:\\\/\\\/www.urbanbiker.com\\\/pt-pt\\\/#website\"},\"primaryImageOfPage\":{\"@id\":\"https:\\\/\\\/www.urbanbiker.com\\\/pt-pt\\\/como-aumentar-a-duracao-da-bateria\\\/#primaryimage\"},\"image\":{\"@id\":\"https:\\\/\\\/www.urbanbiker.com\\\/pt-pt\\\/como-aumentar-a-duracao-da-bateria\\\/#primaryimage\"},\"thumbnailUrl\":\"https:\\\/\\\/www.urbanbiker.com\\\/wp-content\\\/uploads\\\/2023\\\/06\\\/9.jpg\",\"datePublished\":\"2023-06-26T01:32:43+00:00\",\"dateModified\":\"2025-03-21T13:14:56+00:00\",\"description\":\"Se tiveres problemas f\u00edsicos, uma bicicleta el\u00e9ctrica \u00e9 melhor. A assist\u00eancia que proporciona permite que mais pessoas continuem a andar de bicicleta.\",\"breadcrumb\":{\"@id\":\"https:\\\/\\\/www.urbanbiker.com\\\/pt-pt\\\/como-aumentar-a-duracao-da-bateria\\\/#breadcrumb\"},\"inLanguage\":\"pt-PT\",\"potentialAction\":[{\"@type\":\"ReadAction\",\"target\":[\"https:\\\/\\\/www.urbanbiker.com\\\/pt-pt\\\/como-aumentar-a-duracao-da-bateria\\\/\"]}]},{\"@type\":\"ImageObject\",\"inLanguage\":\"pt-PT\",\"@id\":\"https:\\\/\\\/www.urbanbiker.com\\\/pt-pt\\\/como-aumentar-a-duracao-da-bateria\\\/#primaryimage\",\"url\":\"https:\\\/\\\/www.urbanbiker.com\\\/wp-content\\\/uploads\\\/2023\\\/06\\\/9.jpg\",\"contentUrl\":\"https:\\\/\\\/www.urbanbiker.com\\\/wp-content\\\/uploads\\\/2023\\\/06\\\/9.jpg\",\"width\":1080,\"height\":1080},{\"@type\":\"BreadcrumbList\",\"@id\":\"https:\\\/\\\/www.urbanbiker.com\\\/pt-pt\\\/como-aumentar-a-duracao-da-bateria\\\/#breadcrumb\",\"itemListElement\":[{\"@type\":\"ListItem\",\"position\":1,\"name\":\"Portada\",\"item\":\"https:\\\/\\\/www.urbanbiker.com\\\/pt-pt\\\/\"},{\"@type\":\"ListItem\",\"position\":2,\"name\":\"Como aumentar a dura\u00e7\u00e3o da bateria\"}]},{\"@type\":\"WebSite\",\"@id\":\"https:\\\/\\\/www.urbanbiker.com\\\/pt-pt\\\/#website\",\"url\":\"https:\\\/\\\/www.urbanbiker.com\\\/pt-pt\\\/\",\"name\":\"UrbanBiker\",\"description\":\"Bicicletas el\u00e9ctricas\",\"publisher\":{\"@id\":\"https:\\\/\\\/www.urbanbiker.com\\\/pt-pt\\\/#organization\"},\"potentialAction\":[{\"@type\":\"SearchAction\",\"target\":{\"@type\":\"EntryPoint\",\"urlTemplate\":\"https:\\\/\\\/www.urbanbiker.com\\\/pt-pt\\\/?s={search_term_string}\"},\"query-input\":{\"@type\":\"PropertyValueSpecification\",\"valueRequired\":true,\"valueName\":\"search_term_string\"}}],\"inLanguage\":\"pt-PT\"},{\"@type\":\"Organization\",\"@id\":\"https:\\\/\\\/www.urbanbiker.com\\\/pt-pt\\\/#organization\",\"name\":\"UrbanBiker\",\"url\":\"https:\\\/\\\/www.urbanbiker.com\\\/pt-pt\\\/\",\"logo\":{\"@type\":\"ImageObject\",\"inLanguage\":\"pt-PT\",\"@id\":\"https:\\\/\\\/www.urbanbiker.com\\\/pt-pt\\\/#\\\/schema\\\/logo\\\/image\\\/\",\"url\":\"https:\\\/\\\/www.urbanbiker.com\\\/wp-content\\\/uploads\\\/2022\\\/09\\\/Logo-principal-sin-fondo.png\",\"contentUrl\":\"https:\\\/\\\/www.urbanbiker.com\\\/wp-content\\\/uploads\\\/2022\\\/09\\\/Logo-principal-sin-fondo.png\",\"width\":2560,\"height\":934,\"caption\":\"UrbanBiker\"},\"image\":{\"@id\":\"https:\\\/\\\/www.urbanbiker.com\\\/pt-pt\\\/#\\\/schema\\\/logo\\\/image\\\/\"},\"sameAs\":[\"https:\\\/\\\/www.facebook.com\\\/Urbanbikerbiciselectricas\",\"https:\\\/\\\/www.instagram.com\\\/urbanbiker_\\\/\",\"https:\\\/\\\/www.linkedin.com\\\/company\\\/2454235\",\"https:\\\/\\\/www.youtube.com\\\/channel\\\/UCWR__uH_RWJF-OhPfz-9-Qw\"]},{\"@type\":\"Person\",\"@id\":\"https:\\\/\\\/www.urbanbiker.com\\\/pt-pt\\\/#\\\/schema\\\/person\\\/1cb58f0792ef226d6d409b73059515e0\",\"name\":\"UrbanBiker\",\"image\":{\"@type\":\"ImageObject\",\"inLanguage\":\"pt-PT\",\"@id\":\"https:\\\/\\\/secure.gravatar.com\\\/avatar\\\/22838f387878aabd10c8c90196e14f05497ff2fdd7c1267a5f035aa48d9ed396?s=96&d=mm&r=g\",\"url\":\"https:\\\/\\\/secure.gravatar.com\\\/avatar\\\/22838f387878aabd10c8c90196e14f05497ff2fdd7c1267a5f035aa48d9ed396?s=96&d=mm&r=g\",\"contentUrl\":\"https:\\\/\\\/secure.gravatar.com\\\/avatar\\\/22838f387878aabd10c8c90196e14f05497ff2fdd7c1267a5f035aa48d9ed396?s=96&d=mm&r=g\",\"caption\":\"UrbanBiker\"},\"sameAs\":[\"http:\\\/\\\/www.urbanbiker.com\\\/\",\"https:\\\/\\\/www.facebook.com\\\/Urbanbikerbiciselectricas\\\/\",\"https:\\\/\\\/www.linkedin.com\\\/company\\\/urbanbiker\\\/\",\"https:\\\/\\\/www.youtube.com\\\/@UrbanbikerEbikes\"]}]}<\/script>\n<!-- \/ Yoast SEO plugin. -->","yoast_head_json":{"title":"Como aumentar a dura\u00e7\u00e3o da bateria UrbanBiker","description":"Se tiveres problemas f\u00edsicos, uma bicicleta el\u00e9ctrica \u00e9 melhor. A assist\u00eancia que proporciona permite que mais pessoas continuem a andar de bicicleta.","robots":{"index":"index","follow":"follow","max-snippet":"max-snippet:-1","max-image-preview":"max-image-preview:large","max-video-preview":"max-video-preview:-1"},"canonical":"https:\/\/www.urbanbiker.com\/pt-pt\/como-aumentar-a-duracao-da-bateria\/","og_locale":"pt_PT","og_type":"article","og_title":"Como aumentar a dura\u00e7\u00e3o da bateria UrbanBiker","og_description":"Se tiveres problemas f\u00edsicos, uma bicicleta el\u00e9ctrica \u00e9 melhor. A assist\u00eancia que proporciona permite que mais pessoas continuem a andar de bicicleta.","og_url":"https:\/\/www.urbanbiker.com\/pt-pt\/como-aumentar-a-duracao-da-bateria\/","og_site_name":"UrbanBiker","article_publisher":"https:\/\/www.facebook.com\/Urbanbikerbiciselectricas","article_author":"https:\/\/www.facebook.com\/Urbanbikerbiciselectricas\/","article_published_time":"2023-06-26T01:32:43+00:00","article_modified_time":"2025-03-21T13:14:56+00:00","og_image":[{"width":1080,"height":1080,"url":"https:\/\/www.urbanbiker.com\/wp-content\/uploads\/2023\/06\/9.jpg","type":"image\/jpeg"}],"author":"UrbanBiker","twitter_card":"summary_large_image","twitter_misc":{"Escrito por":"UrbanBiker","Tempo estimado de leitura":"3 minutos"},"schema":{"@context":"https:\/\/schema.org","@graph":[{"@type":"Article","@id":"https:\/\/www.urbanbiker.com\/pt-pt\/como-aumentar-a-duracao-da-bateria\/#article","isPartOf":{"@id":"https:\/\/www.urbanbiker.com\/pt-pt\/como-aumentar-a-duracao-da-bateria\/"},"author":{"name":"UrbanBiker","@id":"https:\/\/www.urbanbiker.com\/pt-pt\/#\/schema\/person\/1cb58f0792ef226d6d409b73059515e0"},"headline":"Como aumentar a dura\u00e7\u00e3o da bateria","datePublished":"2023-06-26T01:32:43+00:00","dateModified":"2025-03-21T13:14:56+00:00","mainEntityOfPage":{"@id":"https:\/\/www.urbanbiker.com\/pt-pt\/como-aumentar-a-duracao-da-bateria\/"},"wordCount":364,"commentCount":0,"publisher":{"@id":"https:\/\/www.urbanbiker.com\/pt-pt\/#organization"},"image":{"@id":"https:\/\/www.urbanbiker.com\/pt-pt\/como-aumentar-a-duracao-da-bateria\/#primaryimage"},"thumbnailUrl":"https:\/\/www.urbanbiker.com\/wp-content\/uploads\/2023\/06\/9.jpg","articleSection":["Conselhos"],"inLanguage":"pt-PT","potentialAction":[{"@type":"CommentAction","name":"Comment","target":["https:\/\/www.urbanbiker.com\/pt-pt\/como-aumentar-a-duracao-da-bateria\/#respond"]}]},{"@type":"WebPage","@id":"https:\/\/www.urbanbiker.com\/pt-pt\/como-aumentar-a-duracao-da-bateria\/","url":"https:\/\/www.urbanbiker.com\/pt-pt\/como-aumentar-a-duracao-da-bateria\/","name":"Como aumentar a dura\u00e7\u00e3o da bateria UrbanBiker","isPartOf":{"@id":"https:\/\/www.urbanbiker.com\/pt-pt\/#website"},"primaryImageOfPage":{"@id":"https:\/\/www.urbanbiker.com\/pt-pt\/como-aumentar-a-duracao-da-bateria\/#primaryimage"},"image":{"@id":"https:\/\/www.urbanbiker.com\/pt-pt\/como-aumentar-a-duracao-da-bateria\/#primaryimage"},"thumbnailUrl":"https:\/\/www.urbanbiker.com\/wp-content\/uploads\/2023\/06\/9.jpg","datePublished":"2023-06-26T01:32:43+00:00","dateModified":"2025-03-21T13:14:56+00:00","description":"Se tiveres problemas f\u00edsicos, uma bicicleta el\u00e9ctrica \u00e9 melhor. A assist\u00eancia que proporciona permite que mais pessoas continuem a andar de bicicleta.","breadcrumb":{"@id":"https:\/\/www.urbanbiker.com\/pt-pt\/como-aumentar-a-duracao-da-bateria\/#breadcrumb"},"inLanguage":"pt-PT","potentialAction":[{"@type":"ReadAction","target":["https:\/\/www.urbanbiker.com\/pt-pt\/como-aumentar-a-duracao-da-bateria\/"]}]},{"@type":"ImageObject","inLanguage":"pt-PT","@id":"https:\/\/www.urbanbiker.com\/pt-pt\/como-aumentar-a-duracao-da-bateria\/#primaryimage","url":"https:\/\/www.urbanbiker.com\/wp-content\/uploads\/2023\/06\/9.jpg","contentUrl":"https:\/\/www.urbanbiker.com\/wp-content\/uploads\/2023\/06\/9.jpg","width":1080,"height":1080},{"@type":"BreadcrumbList","@id":"https:\/\/www.urbanbiker.com\/pt-pt\/como-aumentar-a-duracao-da-bateria\/#breadcrumb","itemListElement":[{"@type":"ListItem","position":1,"name":"Portada","item":"https:\/\/www.urbanbiker.com\/pt-pt\/"},{"@type":"ListItem","position":2,"name":"Como aumentar a dura\u00e7\u00e3o da bateria"}]},{"@type":"WebSite","@id":"https:\/\/www.urbanbiker.com\/pt-pt\/#website","url":"https:\/\/www.urbanbiker.com\/pt-pt\/","name":"UrbanBiker","description":"Bicicletas el\u00e9ctricas","publisher":{"@id":"https:\/\/www.urbanbiker.com\/pt-pt\/#organization"},"potentialAction":[{"@type":"SearchAction","target":{"@type":"EntryPoint","urlTemplate":"https:\/\/www.urbanbiker.com\/pt-pt\/?s={search_term_string}"},"query-input":{"@type":"PropertyValueSpecification","valueRequired":true,"valueName":"search_term_string"}}],"inLanguage":"pt-PT"},{"@type":"Organization","@id":"https:\/\/www.urbanbiker.com\/pt-pt\/#organization","name":"UrbanBiker","url":"https:\/\/www.urbanbiker.com\/pt-pt\/","logo":{"@type":"ImageObject","inLanguage":"pt-PT","@id":"https:\/\/www.urbanbiker.com\/pt-pt\/#\/schema\/logo\/image\/","url":"https:\/\/www.urbanbiker.com\/wp-content\/uploads\/2022\/09\/Logo-principal-sin-fondo.png","contentUrl":"https:\/\/www.urbanbiker.com\/wp-content\/uploads\/2022\/09\/Logo-principal-sin-fondo.png","width":2560,"height":934,"caption":"UrbanBiker"},"image":{"@id":"https:\/\/www.urbanbiker.com\/pt-pt\/#\/schema\/logo\/image\/"},"sameAs":["https:\/\/www.facebook.com\/Urbanbikerbiciselectricas","https:\/\/www.instagram.com\/urbanbiker_\/","https:\/\/www.linkedin.com\/company\/2454235","https:\/\/www.youtube.com\/channel\/UCWR__uH_RWJF-OhPfz-9-Qw"]},{"@type":"Person","@id":"https:\/\/www.urbanbiker.com\/pt-pt\/#\/schema\/person\/1cb58f0792ef226d6d409b73059515e0","name":"UrbanBiker","image":{"@type":"ImageObject","inLanguage":"pt-PT","@id":"https:\/\/secure.gravatar.com\/avatar\/22838f387878aabd10c8c90196e14f05497ff2fdd7c1267a5f035aa48d9ed396?s=96&d=mm&r=g","url":"https:\/\/secure.gravatar.com\/avatar\/22838f387878aabd10c8c90196e14f05497ff2fdd7c1267a5f035aa48d9ed396?s=96&d=mm&r=g","contentUrl":"https:\/\/secure.gravatar.com\/avatar\/22838f387878aabd10c8c90196e14f05497ff2fdd7c1267a5f035aa48d9ed396?s=96&d=mm&r=g","caption":"UrbanBiker"},"sameAs":["http:\/\/www.urbanbiker.com\/","https:\/\/www.facebook.com\/Urbanbikerbiciselectricas\/","https:\/\/www.linkedin.com\/company\/urbanbiker\/","https:\/\/www.youtube.com\/@UrbanbikerEbikes"]}]}},"_links":{"self":[{"href":"https:\/\/www.urbanbiker.com\/pt-pt\/wp-json\/wp\/v2\/posts\/39541","targetHints":{"allow":["GET"]}}],"collection":[{"href":"https:\/\/www.urbanbiker.com\/pt-pt\/wp-json\/wp\/v2\/posts"}],"about":[{"href":"https:\/\/www.urbanbiker.com\/pt-pt\/wp-json\/wp\/v2\/types\/post"}],"author":[{"embeddable":true,"href":"https:\/\/www.urbanbiker.com\/pt-pt\/wp-json\/wp\/v2\/users\/1"}],"replies":[{"embeddable":true,"href":"https:\/\/www.urbanbiker.com\/pt-pt\/wp-json\/wp\/v2\/comments?post=39541"}],"version-history":[{"count":4,"href":"https:\/\/www.urbanbiker.com\/pt-pt\/wp-json\/wp\/v2\/posts\/39541\/revisions"}],"predecessor-version":[{"id":41112,"href":"https:\/\/www.urbanbiker.com\/pt-pt\/wp-json\/wp\/v2\/posts\/39541\/revisions\/41112"}],"wp:featuredmedia":[{"embeddable":true,"href":"https:\/\/www.urbanbiker.com\/pt-pt\/wp-json\/wp\/v2\/media\/34854"}],"wp:attachment":[{"href":"https:\/\/www.urbanbiker.com\/pt-pt\/wp-json\/wp\/v2\/media?parent=39541"}],"wp:term":[{"taxonomy":"category","embeddable":true,"href":"https:\/\/www.urbanbiker.com\/pt-pt\/wp-json\/wp\/v2\/categories?post=39541"},{"taxonomy":"post_tag","embeddable":true,"href":"https:\/\/www.urbanbiker.com\/pt-pt\/wp-json\/wp\/v2\/tags?post=39541"}],"curies":[{"name":"wp","href":"https:\/\/api.w.org\/{rel}","templated":true}]}}