{"id":39482,"date":"2024-06-26T17:28:40","date_gmt":"2024-06-26T15:28:40","guid":{"rendered":"https:\/\/www.urbanbiker.com\/e-obrigatorio-usar-capacete-numa-bicicleta-electrica\/"},"modified":"2025-03-19T20:44:02","modified_gmt":"2025-03-19T19:44:02","slug":"e-obrigatorio-usar-capacete-numa-bicicleta-electrica","status":"publish","type":"post","link":"https:\/\/www.urbanbiker.com\/pt-pt\/e-obrigatorio-usar-capacete-numa-bicicleta-electrica\/","title":{"rendered":"\u00c9 obrigat\u00f3rio usar capacete numa bicicleta el\u00e9ctrica?"},"content":{"rendered":"<p>Qual \u00e9 a primeira coisa que fazes quando te preparas para levar a tua ebike? verificas o n\u00edvel de carga da bateria? apertas bem os atacadores? levas <strong>o capacete<\/strong>? Quer sejas uma dessas pessoas meticulosas, com rituais e h\u00e1bitos, quer sejas mais improvisador, recomendamos que, para onde quer que v\u00e1s com a tua bicicleta el\u00e9ctrica, leves sempre <strong>o capacete<\/strong>. E, neste ponto, temos a certeza de que muitas pessoas discordam, porque com os regulamentos em vigor, <em><strong>os capacetes<\/strong> nem sempre s\u00e3o obrigat\u00f3rios<\/em>.     <\/p>\n<blockquote class=\"wp-block-quote\"><p>\u00c9 o que est\u00e1 estipulado no Regulamento Geral de Tr\u00e2nsito:<\/p><\/blockquote>\n<p><!-- \/wp:post-content --><\/p>\n<p><!-- wp:paragraph --><\/p>\n<ul>\n<li><strong>Obrigat\u00f3rio<\/strong>na estrada e na cidade para os menores de 16 anos<\/li>\n<li>Obrigat\u00f3rio na estrada para todos<\/li>\n<li>N\u00e3o \u00e9 obrigat\u00f3rio na cidade para maiores de 16 anos<\/li>\n<\/ul>\n<p>No entanto, com o bom senso na m\u00e3o e com os regulamentos em cima da mesa, aqui est\u00e3o algumas raz\u00f5es pelas quais usar um <strong>capacete<\/strong> numa <strong>bicicleta el\u00e9ctrica<\/strong> \u00e9 uma boa ideia<\/p>\n<ul>\n<li>Proporciona-te seguran\u00e7a quando pedalas, protegendo a parte mais vulner\u00e1vel do teu corpo: a cabe\u00e7a.<\/li>\n<li>Com uma ebike podes facilmente atingir 25 km por hora e manter a tua cabe\u00e7a protegida \u00e9 a melhor op\u00e7\u00e3o.<\/li>\n<\/ul>\n<p>No entanto, a DGT reconhece algumas situa\u00e7\u00f5es espec\u00edficas em que o capacete n\u00e3o deve ser usado, como por exemplo por raz\u00f5es m\u00e9dicas, calor extremo ou numa subida prolongada. A partir de UrbanBiker, encorajamos-te a usar sempre um <strong>capacete<\/strong>. P\u00f5e-no na moda! Escolhe um capacete homologado, tal como a tua bicicleta. Conduz com rapidez e seguran\u00e7a. Podes fazer muito pela tua seguran\u00e7a na tua bicicleta se usares sempre um capacete.     <\/p>\n","protected":false},"excerpt":{"rendered":"<p>Qual \u00e9 a primeira coisa que fazes quando te preparas para levar a tua ebike? verificas o n\u00edvel de carga da bateria? apertas bem os atacadores? levas o capacete? Quer sejas uma dessas pessoas meticulosas, com rituais e h\u00e1bitos, quer sejas mais improvisador, recomendamos que, para onde quer que v\u00e1s com a tua bicicleta el\u00e9ctrica, [&hellip;]<\/p>\n","protected":false},"author":1,"featured_media":34914,"comment_status":"open","ping_status":"open","sticky":false,"template":"","format":"standard","meta":{"footnotes":""},"categories":[298],"tags":[],"class_list":["post-39482","post","type-post","status-publish","format-standard","has-post-thumbnail","hentry","category-conselhos"],"yoast_head":"<!-- This site is optimized with the Yoast SEO plugin v27.5 - https:\/\/yoast.com\/product\/yoast-seo-wordpress\/ -->\n<title>\u00c9 obrigat\u00f3rio o uso de capacete nas bicicletas el\u00e9ctricas.<\/title>\n<meta name=\"description\" content=\"\u00c9 obrigat\u00f3rio usar capacete numa bicicleta el\u00e9ctrica? Dependendo da idade, o capacete \u00e9 obrigat\u00f3rio.\" \/>\n<meta name=\"robots\" content=\"noindex, follow\" \/>\n<meta property=\"og:locale\" content=\"pt_PT\" \/>\n<meta property=\"og:type\" content=\"article\" \/>\n<meta property=\"og:title\" content=\"\u00c9 obrigat\u00f3rio o uso de capacete nas bicicletas el\u00e9ctricas.\" \/>\n<meta property=\"og:description\" content=\"\u00c9 obrigat\u00f3rio usar capacete numa bicicleta el\u00e9ctrica? Dependendo da idade, o capacete \u00e9 obrigat\u00f3rio.\" \/>\n<meta property=\"og:url\" content=\"https:\/\/www.urbanbiker.com\/pt-pt\/e-obrigatorio-usar-capacete-numa-bicicleta-electrica\/\" \/>\n<meta property=\"og:site_name\" content=\"UrbanBiker\" \/>\n<meta property=\"article:publisher\" content=\"https:\/\/www.facebook.com\/Urbanbikerbiciselectricas\" \/>\n<meta property=\"article:author\" content=\"https:\/\/www.facebook.com\/Urbanbikerbiciselectricas\/\" \/>\n<meta property=\"article:published_time\" content=\"2024-06-26T15:28:40+00:00\" \/>\n<meta property=\"article:modified_time\" content=\"2025-03-19T19:44:02+00:00\" \/>\n<meta property=\"og:image\" content=\"https:\/\/www.urbanbiker.com\/wp-content\/uploads\/2024\/11\/casco.jpg\" \/>\n\t<meta property=\"og:image:width\" content=\"1600\" \/>\n\t<meta property=\"og:image:height\" content=\"1600\" \/>\n\t<meta property=\"og:image:type\" content=\"image\/jpeg\" \/>\n<meta name=\"author\" content=\"UrbanBiker\" \/>\n<meta name=\"twitter:card\" content=\"summary_large_image\" \/>\n<meta name=\"twitter:label1\" content=\"Escrito por\" \/>\n\t<meta name=\"twitter:data1\" content=\"UrbanBiker\" \/>\n\t<meta name=\"twitter:label2\" content=\"Tempo estimado de leitura\" \/>\n\t<meta name=\"twitter:data2\" content=\"1 minuto\" \/>\n<script type=\"application\/ld+json\" class=\"yoast-schema-graph\">{\"@context\":\"https:\\\/\\\/schema.org\",\"@graph\":[{\"@type\":\"Article\",\"@id\":\"https:\\\/\\\/www.urbanbiker.com\\\/pt-pt\\\/e-obrigatorio-usar-capacete-numa-bicicleta-electrica\\\/#article\",\"isPartOf\":{\"@id\":\"https:\\\/\\\/www.urbanbiker.com\\\/pt-pt\\\/e-obrigatorio-usar-capacete-numa-bicicleta-electrica\\\/\"},\"author\":{\"name\":\"UrbanBiker\",\"@id\":\"https:\\\/\\\/www.urbanbiker.com\\\/pt-pt\\\/#\\\/schema\\\/person\\\/1cb58f0792ef226d6d409b73059515e0\"},\"headline\":\"\u00c9 obrigat\u00f3rio usar capacete numa bicicleta el\u00e9ctrica?\",\"datePublished\":\"2024-06-26T15:28:40+00:00\",\"dateModified\":\"2025-03-19T19:44:02+00:00\",\"mainEntityOfPage\":{\"@id\":\"https:\\\/\\\/www.urbanbiker.com\\\/pt-pt\\\/e-obrigatorio-usar-capacete-numa-bicicleta-electrica\\\/\"},\"wordCount\":281,\"commentCount\":0,\"publisher\":{\"@id\":\"https:\\\/\\\/www.urbanbiker.com\\\/pt-pt\\\/#organization\"},\"image\":{\"@id\":\"https:\\\/\\\/www.urbanbiker.com\\\/pt-pt\\\/e-obrigatorio-usar-capacete-numa-bicicleta-electrica\\\/#primaryimage\"},\"thumbnailUrl\":\"https:\\\/\\\/www.urbanbiker.com\\\/wp-content\\\/uploads\\\/2024\\\/11\\\/casco.jpg\",\"articleSection\":[\"Conselhos\"],\"inLanguage\":\"pt-PT\",\"potentialAction\":[{\"@type\":\"CommentAction\",\"name\":\"Comment\",\"target\":[\"https:\\\/\\\/www.urbanbiker.com\\\/pt-pt\\\/e-obrigatorio-usar-capacete-numa-bicicleta-electrica\\\/#respond\"]}]},{\"@type\":\"WebPage\",\"@id\":\"https:\\\/\\\/www.urbanbiker.com\\\/pt-pt\\\/e-obrigatorio-usar-capacete-numa-bicicleta-electrica\\\/\",\"url\":\"https:\\\/\\\/www.urbanbiker.com\\\/pt-pt\\\/e-obrigatorio-usar-capacete-numa-bicicleta-electrica\\\/\",\"name\":\"\u00c9 obrigat\u00f3rio o uso de capacete nas bicicletas el\u00e9ctricas.\",\"isPartOf\":{\"@id\":\"https:\\\/\\\/www.urbanbiker.com\\\/pt-pt\\\/#website\"},\"primaryImageOfPage\":{\"@id\":\"https:\\\/\\\/www.urbanbiker.com\\\/pt-pt\\\/e-obrigatorio-usar-capacete-numa-bicicleta-electrica\\\/#primaryimage\"},\"image\":{\"@id\":\"https:\\\/\\\/www.urbanbiker.com\\\/pt-pt\\\/e-obrigatorio-usar-capacete-numa-bicicleta-electrica\\\/#primaryimage\"},\"thumbnailUrl\":\"https:\\\/\\\/www.urbanbiker.com\\\/wp-content\\\/uploads\\\/2024\\\/11\\\/casco.jpg\",\"datePublished\":\"2024-06-26T15:28:40+00:00\",\"dateModified\":\"2025-03-19T19:44:02+00:00\",\"description\":\"\u00c9 obrigat\u00f3rio usar capacete numa bicicleta el\u00e9ctrica? Dependendo da idade, o capacete \u00e9 obrigat\u00f3rio.\",\"breadcrumb\":{\"@id\":\"https:\\\/\\\/www.urbanbiker.com\\\/pt-pt\\\/e-obrigatorio-usar-capacete-numa-bicicleta-electrica\\\/#breadcrumb\"},\"inLanguage\":\"pt-PT\",\"potentialAction\":[{\"@type\":\"ReadAction\",\"target\":[\"https:\\\/\\\/www.urbanbiker.com\\\/pt-pt\\\/e-obrigatorio-usar-capacete-numa-bicicleta-electrica\\\/\"]}]},{\"@type\":\"ImageObject\",\"inLanguage\":\"pt-PT\",\"@id\":\"https:\\\/\\\/www.urbanbiker.com\\\/pt-pt\\\/e-obrigatorio-usar-capacete-numa-bicicleta-electrica\\\/#primaryimage\",\"url\":\"https:\\\/\\\/www.urbanbiker.com\\\/wp-content\\\/uploads\\\/2024\\\/11\\\/casco.jpg\",\"contentUrl\":\"https:\\\/\\\/www.urbanbiker.com\\\/wp-content\\\/uploads\\\/2024\\\/11\\\/casco.jpg\",\"width\":1600,\"height\":1600},{\"@type\":\"BreadcrumbList\",\"@id\":\"https:\\\/\\\/www.urbanbiker.com\\\/pt-pt\\\/e-obrigatorio-usar-capacete-numa-bicicleta-electrica\\\/#breadcrumb\",\"itemListElement\":[{\"@type\":\"ListItem\",\"position\":1,\"name\":\"Portada\",\"item\":\"https:\\\/\\\/www.urbanbiker.com\\\/pt-pt\\\/\"},{\"@type\":\"ListItem\",\"position\":2,\"name\":\"\u00c9 obrigat\u00f3rio usar capacete numa bicicleta el\u00e9ctrica?\"}]},{\"@type\":\"WebSite\",\"@id\":\"https:\\\/\\\/www.urbanbiker.com\\\/pt-pt\\\/#website\",\"url\":\"https:\\\/\\\/www.urbanbiker.com\\\/pt-pt\\\/\",\"name\":\"UrbanBiker\",\"description\":\"Bicicletas el\u00e9ctricas\",\"publisher\":{\"@id\":\"https:\\\/\\\/www.urbanbiker.com\\\/pt-pt\\\/#organization\"},\"potentialAction\":[{\"@type\":\"SearchAction\",\"target\":{\"@type\":\"EntryPoint\",\"urlTemplate\":\"https:\\\/\\\/www.urbanbiker.com\\\/pt-pt\\\/?s={search_term_string}\"},\"query-input\":{\"@type\":\"PropertyValueSpecification\",\"valueRequired\":true,\"valueName\":\"search_term_string\"}}],\"inLanguage\":\"pt-PT\"},{\"@type\":\"Organization\",\"@id\":\"https:\\\/\\\/www.urbanbiker.com\\\/pt-pt\\\/#organization\",\"name\":\"UrbanBiker\",\"url\":\"https:\\\/\\\/www.urbanbiker.com\\\/pt-pt\\\/\",\"logo\":{\"@type\":\"ImageObject\",\"inLanguage\":\"pt-PT\",\"@id\":\"https:\\\/\\\/www.urbanbiker.com\\\/pt-pt\\\/#\\\/schema\\\/logo\\\/image\\\/\",\"url\":\"https:\\\/\\\/www.urbanbiker.com\\\/wp-content\\\/uploads\\\/2022\\\/09\\\/Logo-principal-sin-fondo.png\",\"contentUrl\":\"https:\\\/\\\/www.urbanbiker.com\\\/wp-content\\\/uploads\\\/2022\\\/09\\\/Logo-principal-sin-fondo.png\",\"width\":2560,\"height\":934,\"caption\":\"UrbanBiker\"},\"image\":{\"@id\":\"https:\\\/\\\/www.urbanbiker.com\\\/pt-pt\\\/#\\\/schema\\\/logo\\\/image\\\/\"},\"sameAs\":[\"https:\\\/\\\/www.facebook.com\\\/Urbanbikerbiciselectricas\",\"https:\\\/\\\/www.instagram.com\\\/urbanbiker_\\\/\",\"https:\\\/\\\/www.linkedin.com\\\/company\\\/2454235\",\"https:\\\/\\\/www.youtube.com\\\/channel\\\/UCWR__uH_RWJF-OhPfz-9-Qw\"]},{\"@type\":\"Person\",\"@id\":\"https:\\\/\\\/www.urbanbiker.com\\\/pt-pt\\\/#\\\/schema\\\/person\\\/1cb58f0792ef226d6d409b73059515e0\",\"name\":\"UrbanBiker\",\"image\":{\"@type\":\"ImageObject\",\"inLanguage\":\"pt-PT\",\"@id\":\"https:\\\/\\\/secure.gravatar.com\\\/avatar\\\/22838f387878aabd10c8c90196e14f05497ff2fdd7c1267a5f035aa48d9ed396?s=96&d=mm&r=g\",\"url\":\"https:\\\/\\\/secure.gravatar.com\\\/avatar\\\/22838f387878aabd10c8c90196e14f05497ff2fdd7c1267a5f035aa48d9ed396?s=96&d=mm&r=g\",\"contentUrl\":\"https:\\\/\\\/secure.gravatar.com\\\/avatar\\\/22838f387878aabd10c8c90196e14f05497ff2fdd7c1267a5f035aa48d9ed396?s=96&d=mm&r=g\",\"caption\":\"UrbanBiker\"},\"sameAs\":[\"http:\\\/\\\/www.urbanbiker.com\\\/\",\"https:\\\/\\\/www.facebook.com\\\/Urbanbikerbiciselectricas\\\/\",\"https:\\\/\\\/www.linkedin.com\\\/company\\\/urbanbiker\\\/\",\"https:\\\/\\\/www.youtube.com\\\/@UrbanbikerEbikes\"]}]}<\/script>\n<!-- \/ Yoast SEO plugin. -->","yoast_head_json":{"title":"\u00c9 obrigat\u00f3rio o uso de capacete nas bicicletas el\u00e9ctricas.","description":"\u00c9 obrigat\u00f3rio usar capacete numa bicicleta el\u00e9ctrica? Dependendo da idade, o capacete \u00e9 obrigat\u00f3rio.","robots":{"index":"noindex","follow":"follow"},"og_locale":"pt_PT","og_type":"article","og_title":"\u00c9 obrigat\u00f3rio o uso de capacete nas bicicletas el\u00e9ctricas.","og_description":"\u00c9 obrigat\u00f3rio usar capacete numa bicicleta el\u00e9ctrica? Dependendo da idade, o capacete \u00e9 obrigat\u00f3rio.","og_url":"https:\/\/www.urbanbiker.com\/pt-pt\/e-obrigatorio-usar-capacete-numa-bicicleta-electrica\/","og_site_name":"UrbanBiker","article_publisher":"https:\/\/www.facebook.com\/Urbanbikerbiciselectricas","article_author":"https:\/\/www.facebook.com\/Urbanbikerbiciselectricas\/","article_published_time":"2024-06-26T15:28:40+00:00","article_modified_time":"2025-03-19T19:44:02+00:00","og_image":[{"width":1600,"height":1600,"url":"https:\/\/www.urbanbiker.com\/wp-content\/uploads\/2024\/11\/casco.jpg","type":"image\/jpeg"}],"author":"UrbanBiker","twitter_card":"summary_large_image","twitter_misc":{"Escrito por":"UrbanBiker","Tempo estimado de leitura":"1 minuto"},"schema":{"@context":"https:\/\/schema.org","@graph":[{"@type":"Article","@id":"https:\/\/www.urbanbiker.com\/pt-pt\/e-obrigatorio-usar-capacete-numa-bicicleta-electrica\/#article","isPartOf":{"@id":"https:\/\/www.urbanbiker.com\/pt-pt\/e-obrigatorio-usar-capacete-numa-bicicleta-electrica\/"},"author":{"name":"UrbanBiker","@id":"https:\/\/www.urbanbiker.com\/pt-pt\/#\/schema\/person\/1cb58f0792ef226d6d409b73059515e0"},"headline":"\u00c9 obrigat\u00f3rio usar capacete numa bicicleta el\u00e9ctrica?","datePublished":"2024-06-26T15:28:40+00:00","dateModified":"2025-03-19T19:44:02+00:00","mainEntityOfPage":{"@id":"https:\/\/www.urbanbiker.com\/pt-pt\/e-obrigatorio-usar-capacete-numa-bicicleta-electrica\/"},"wordCount":281,"commentCount":0,"publisher":{"@id":"https:\/\/www.urbanbiker.com\/pt-pt\/#organization"},"image":{"@id":"https:\/\/www.urbanbiker.com\/pt-pt\/e-obrigatorio-usar-capacete-numa-bicicleta-electrica\/#primaryimage"},"thumbnailUrl":"https:\/\/www.urbanbiker.com\/wp-content\/uploads\/2024\/11\/casco.jpg","articleSection":["Conselhos"],"inLanguage":"pt-PT","potentialAction":[{"@type":"CommentAction","name":"Comment","target":["https:\/\/www.urbanbiker.com\/pt-pt\/e-obrigatorio-usar-capacete-numa-bicicleta-electrica\/#respond"]}]},{"@type":"WebPage","@id":"https:\/\/www.urbanbiker.com\/pt-pt\/e-obrigatorio-usar-capacete-numa-bicicleta-electrica\/","url":"https:\/\/www.urbanbiker.com\/pt-pt\/e-obrigatorio-usar-capacete-numa-bicicleta-electrica\/","name":"\u00c9 obrigat\u00f3rio o uso de capacete nas bicicletas el\u00e9ctricas.","isPartOf":{"@id":"https:\/\/www.urbanbiker.com\/pt-pt\/#website"},"primaryImageOfPage":{"@id":"https:\/\/www.urbanbiker.com\/pt-pt\/e-obrigatorio-usar-capacete-numa-bicicleta-electrica\/#primaryimage"},"image":{"@id":"https:\/\/www.urbanbiker.com\/pt-pt\/e-obrigatorio-usar-capacete-numa-bicicleta-electrica\/#primaryimage"},"thumbnailUrl":"https:\/\/www.urbanbiker.com\/wp-content\/uploads\/2024\/11\/casco.jpg","datePublished":"2024-06-26T15:28:40+00:00","dateModified":"2025-03-19T19:44:02+00:00","description":"\u00c9 obrigat\u00f3rio usar capacete numa bicicleta el\u00e9ctrica? Dependendo da idade, o capacete \u00e9 obrigat\u00f3rio.","breadcrumb":{"@id":"https:\/\/www.urbanbiker.com\/pt-pt\/e-obrigatorio-usar-capacete-numa-bicicleta-electrica\/#breadcrumb"},"inLanguage":"pt-PT","potentialAction":[{"@type":"ReadAction","target":["https:\/\/www.urbanbiker.com\/pt-pt\/e-obrigatorio-usar-capacete-numa-bicicleta-electrica\/"]}]},{"@type":"ImageObject","inLanguage":"pt-PT","@id":"https:\/\/www.urbanbiker.com\/pt-pt\/e-obrigatorio-usar-capacete-numa-bicicleta-electrica\/#primaryimage","url":"https:\/\/www.urbanbiker.com\/wp-content\/uploads\/2024\/11\/casco.jpg","contentUrl":"https:\/\/www.urbanbiker.com\/wp-content\/uploads\/2024\/11\/casco.jpg","width":1600,"height":1600},{"@type":"BreadcrumbList","@id":"https:\/\/www.urbanbiker.com\/pt-pt\/e-obrigatorio-usar-capacete-numa-bicicleta-electrica\/#breadcrumb","itemListElement":[{"@type":"ListItem","position":1,"name":"Portada","item":"https:\/\/www.urbanbiker.com\/pt-pt\/"},{"@type":"ListItem","position":2,"name":"\u00c9 obrigat\u00f3rio usar capacete numa bicicleta el\u00e9ctrica?"}]},{"@type":"WebSite","@id":"https:\/\/www.urbanbiker.com\/pt-pt\/#website","url":"https:\/\/www.urbanbiker.com\/pt-pt\/","name":"UrbanBiker","description":"Bicicletas el\u00e9ctricas","publisher":{"@id":"https:\/\/www.urbanbiker.com\/pt-pt\/#organization"},"potentialAction":[{"@type":"SearchAction","target":{"@type":"EntryPoint","urlTemplate":"https:\/\/www.urbanbiker.com\/pt-pt\/?s={search_term_string}"},"query-input":{"@type":"PropertyValueSpecification","valueRequired":true,"valueName":"search_term_string"}}],"inLanguage":"pt-PT"},{"@type":"Organization","@id":"https:\/\/www.urbanbiker.com\/pt-pt\/#organization","name":"UrbanBiker","url":"https:\/\/www.urbanbiker.com\/pt-pt\/","logo":{"@type":"ImageObject","inLanguage":"pt-PT","@id":"https:\/\/www.urbanbiker.com\/pt-pt\/#\/schema\/logo\/image\/","url":"https:\/\/www.urbanbiker.com\/wp-content\/uploads\/2022\/09\/Logo-principal-sin-fondo.png","contentUrl":"https:\/\/www.urbanbiker.com\/wp-content\/uploads\/2022\/09\/Logo-principal-sin-fondo.png","width":2560,"height":934,"caption":"UrbanBiker"},"image":{"@id":"https:\/\/www.urbanbiker.com\/pt-pt\/#\/schema\/logo\/image\/"},"sameAs":["https:\/\/www.facebook.com\/Urbanbikerbiciselectricas","https:\/\/www.instagram.com\/urbanbiker_\/","https:\/\/www.linkedin.com\/company\/2454235","https:\/\/www.youtube.com\/channel\/UCWR__uH_RWJF-OhPfz-9-Qw"]},{"@type":"Person","@id":"https:\/\/www.urbanbiker.com\/pt-pt\/#\/schema\/person\/1cb58f0792ef226d6d409b73059515e0","name":"UrbanBiker","image":{"@type":"ImageObject","inLanguage":"pt-PT","@id":"https:\/\/secure.gravatar.com\/avatar\/22838f387878aabd10c8c90196e14f05497ff2fdd7c1267a5f035aa48d9ed396?s=96&d=mm&r=g","url":"https:\/\/secure.gravatar.com\/avatar\/22838f387878aabd10c8c90196e14f05497ff2fdd7c1267a5f035aa48d9ed396?s=96&d=mm&r=g","contentUrl":"https:\/\/secure.gravatar.com\/avatar\/22838f387878aabd10c8c90196e14f05497ff2fdd7c1267a5f035aa48d9ed396?s=96&d=mm&r=g","caption":"UrbanBiker"},"sameAs":["http:\/\/www.urbanbiker.com\/","https:\/\/www.facebook.com\/Urbanbikerbiciselectricas\/","https:\/\/www.linkedin.com\/company\/urbanbiker\/","https:\/\/www.youtube.com\/@UrbanbikerEbikes"]}]}},"_links":{"self":[{"href":"https:\/\/www.urbanbiker.com\/pt-pt\/wp-json\/wp\/v2\/posts\/39482","targetHints":{"allow":["GET"]}}],"collection":[{"href":"https:\/\/www.urbanbiker.com\/pt-pt\/wp-json\/wp\/v2\/posts"}],"about":[{"href":"https:\/\/www.urbanbiker.com\/pt-pt\/wp-json\/wp\/v2\/types\/post"}],"author":[{"embeddable":true,"href":"https:\/\/www.urbanbiker.com\/pt-pt\/wp-json\/wp\/v2\/users\/1"}],"replies":[{"embeddable":true,"href":"https:\/\/www.urbanbiker.com\/pt-pt\/wp-json\/wp\/v2\/comments?post=39482"}],"version-history":[{"count":3,"href":"https:\/\/www.urbanbiker.com\/pt-pt\/wp-json\/wp\/v2\/posts\/39482\/revisions"}],"predecessor-version":[{"id":39806,"href":"https:\/\/www.urbanbiker.com\/pt-pt\/wp-json\/wp\/v2\/posts\/39482\/revisions\/39806"}],"wp:featuredmedia":[{"embeddable":true,"href":"https:\/\/www.urbanbiker.com\/pt-pt\/wp-json\/wp\/v2\/media\/34914"}],"wp:attachment":[{"href":"https:\/\/www.urbanbiker.com\/pt-pt\/wp-json\/wp\/v2\/media?parent=39482"}],"wp:term":[{"taxonomy":"category","embeddable":true,"href":"https:\/\/www.urbanbiker.com\/pt-pt\/wp-json\/wp\/v2\/categories?post=39482"},{"taxonomy":"post_tag","embeddable":true,"href":"https:\/\/www.urbanbiker.com\/pt-pt\/wp-json\/wp\/v2\/tags?post=39482"}],"curies":[{"name":"wp","href":"https:\/\/api.w.org\/{rel}","templated":true}]}}