{"id":39446,"date":"2023-04-18T03:32:38","date_gmt":"2023-04-18T01:32:38","guid":{"rendered":"https:\/\/www.urbanbiker.com\/falhas-electricas-nas-bicicletas-electricas\/"},"modified":"2025-03-18T12:47:44","modified_gmt":"2025-03-18T11:47:44","slug":"falhas-electricas-nas-bicicletas-electricas","status":"publish","type":"post","link":"https:\/\/www.urbanbiker.com\/pt-pt\/falhas-electricas-nas-bicicletas-electricas\/","title":{"rendered":"Falhas el\u00e9ctricas nas bicicletas el\u00e9ctricas"},"content":{"rendered":"\t\t<div data-elementor-type=\"wp-post\" data-elementor-id=\"39446\" class=\"elementor elementor-39446 elementor-7872\">\n\t\t\t\t\t\t<section class=\"elementor-section elementor-top-section elementor-element elementor-element-52b59bf0 elementor-section-boxed elementor-section-height-default elementor-section-height-default\" data-id=\"52b59bf0\" data-element_type=\"section\" data-e-type=\"section\">\n\t\t\t\t\t\t<div class=\"elementor-container elementor-column-gap-default\">\n\t\t\t\t\t<div class=\"elementor-column elementor-col-100 elementor-top-column elementor-element elementor-element-4aa18da0\" data-id=\"4aa18da0\" data-element_type=\"column\" data-e-type=\"column\">\n\t\t\t<div class=\"elementor-widget-wrap elementor-element-populated\">\n\t\t\t\t\n\t\t<div class=\"elementor-element elementor-element-60ae2fe8 elementor-widget elementor-widget-text-editor\" data-id=\"60ae2fe8\" data-element_type=\"widget\" data-e-type=\"widget\" data-widget_type=\"text-editor.default\">\n\t\t\t\t<div class=\"elementor-widget-container\">\n\t\t\t\t\t\t\t\t\t\n<p>\u00c9 completamente normal encontrar <strong>falhas el\u00e9ctricas nas bicicletas el\u00e9ctricas<\/strong>, o mais importante \u00e9 determinar o tipo de falha para encontrar rapidamente a melhor solu\u00e7\u00e3o. N\u00e3o s\u00f3 \u00e9 necess\u00e1rio fazer uma boa repara\u00e7\u00e3o, como tamb\u00e9m \u00e9 necess\u00e1rio faz\u00ea-la a tempo.<\/p>\n\n<blockquote class=\"wp-block-quote\">\n<p>De acordo com a maior parte dos estudos realizados por diferentes fabricantes e associa\u00e7\u00f5es de utilizadores, a maioria das avarias deve-se \u00e0 falta de uma boa manuten\u00e7\u00e3o da bicicleta e, normalmente, encontram-se na bateria ou no motor.<\/p>\n<\/blockquote>\n<p>N\u00e3o nos podemos esquecer que as e-Bikes continuam a ser bicicletas e, como tal, precisam de lubrificar os elementos mec\u00e2nicos habituais (desviador, corrente, rodas dentadas&#8230;) de vez em quando, verificar o estado dos trav\u00f5es e verificar periodicamente a press\u00e3o e o equil\u00edbrio das rodas, ou seja, a manuten\u00e7\u00e3o habitual.<\/p>\n<p>Dicas muito \u00fateis que te ajudar\u00e3o a ver onde est\u00e3o as potenciais falhas:<\/p>\n<ul>\n<li><strong>Baterias<\/strong><\/li>\n<\/ul>\n<p>Esta \u00e9 uma das partes fundamentais de uma <strong>bicicleta el\u00e9ctrica<\/strong> e \u00e9 respons\u00e1vel por proporcionar autonomia. A maioria destas avarias \u00e9 causada principalmente por um armazenamento incorreto ou por n\u00e3o as carregar corretamente.<\/p>\n<ul>\n<li><strong>Motores<\/strong><\/li>\n<\/ul>\n<p>Geralmente, os problemas do motor s\u00e3o causados por pancadas, acelera\u00e7\u00f5es cont\u00ednuas, utiliza\u00e7\u00e3o excessiva ou velocidade excessiva.<\/p>\n<ul>\n<li><strong>Displays<\/strong><\/li>\n<\/ul>\n<p>Os ecr\u00e3s ou displays s\u00e3o os dispositivos que fornecem informa\u00e7\u00f5es sobre a <strong>bicicleta el\u00e9ctrica<\/strong>. Entre as avarias mais comuns contam-se o n\u00e3o fornecimento da informa\u00e7\u00e3o correta, o piscar cont\u00ednuo ou mesmo o desligamento. Normalmente, \u00e9 apresentado um c\u00f3digo de erro para indicar o tipo de erro e a solu\u00e7\u00e3o.<\/p>\n<ul>\n<li><strong>Controladores<\/strong><\/li>\n<\/ul>\n<p>Os controladores s\u00e3o o verdadeiro cora\u00e7\u00e3o das <strong>bicicletas el\u00e9ctricas<\/strong> e s\u00e3o respons\u00e1veis pelo seu correto funcionamento. S\u00e3o uma caixa estanque que cont\u00e9m um software poderoso que controla e dirige todo o funcionamento. A maioria das avarias do controlador s\u00e3o causadas por choques, normalmente ap\u00f3s uma queda.<\/p>\n<p>*Recomendamos que consultes sempre o ponto de venda ou o fabricante.<\/p>\n<p>De acordo com a maior parte dos estudos realizados por diferentes fabricantes e associa\u00e7\u00f5es de utilizadores, a maioria das avarias deve-se \u00e0 falta de uma boa manuten\u00e7\u00e3o da bicicleta e, normalmente, encontram-se na bateria ou no motor.<\/p>\t\t\t\t\t\t\t\t<\/div>\n\t\t\t\t<\/div>\n\t\t\t\t\t<\/div>\n\t\t<\/div>\n\t\t\t\t\t<\/div>\n\t\t<\/section>\n\t\t\t\t<\/div>\n\t\t","protected":false},"excerpt":{"rendered":"<p>Vestibulum eu quam nec nec neque pellentesque efficitur id eget nisl. Proin porta est convallis lacus blandit pretium sed non enim. Maecenas lacinia non orci at aliquam. Donec finibus, urna bibendum ultricies laoreet, augue eros luctus sapien, ut euismod leo tortor ac enim. N\u00e3o te esque\u00e7as de que a tua vida \u00e9 muito boa. Sed cursus venenatis tellus, non lobortis diam volutpat sit amet.     <\/p>\n","protected":false},"author":1,"featured_media":34836,"comment_status":"open","ping_status":"open","sticky":false,"template":"","format":"standard","meta":{"footnotes":""},"categories":[298,432],"tags":[],"class_list":["post-39446","post","type-post","status-publish","format-standard","has-post-thumbnail","hentry","category-conselhos","category-pecas"],"yoast_head":"<!-- This site is optimized with the Yoast SEO plugin v27.5 - https:\/\/yoast.com\/product\/yoast-seo-wordpress\/ -->\n<title>Falhas el\u00e9ctricas nas bicicletas el\u00e9ctricas | Ebikes UrbanBiker<\/title>\n<meta name=\"description\" content=\"Avarias el\u00e9ctricas nas bicicletas el\u00e9ctricas. Explicamos-te as poss\u00edveis avarias que podes ter numa bicicleta el\u00e9ctrica.\" \/>\n<meta name=\"robots\" content=\"index, follow, max-snippet:-1, max-image-preview:large, max-video-preview:-1\" \/>\n<link rel=\"canonical\" href=\"https:\/\/www.urbanbiker.com\/pt-pt\/falhas-electricas-nas-bicicletas-electricas\/\" \/>\n<meta property=\"og:locale\" content=\"pt_PT\" \/>\n<meta property=\"og:type\" content=\"article\" \/>\n<meta property=\"og:title\" content=\"Falhas el\u00e9ctricas nas bicicletas el\u00e9ctricas | Ebikes UrbanBiker\" \/>\n<meta property=\"og:description\" content=\"Avarias el\u00e9ctricas nas bicicletas el\u00e9ctricas. Explicamos-te as poss\u00edveis avarias que podes ter numa bicicleta el\u00e9ctrica.\" \/>\n<meta property=\"og:url\" content=\"https:\/\/www.urbanbiker.com\/pt-pt\/falhas-electricas-nas-bicicletas-electricas\/\" \/>\n<meta property=\"og:site_name\" content=\"UrbanBiker\" \/>\n<meta property=\"article:publisher\" content=\"https:\/\/www.facebook.com\/Urbanbikerbiciselectricas\" \/>\n<meta property=\"article:author\" content=\"https:\/\/www.facebook.com\/Urbanbikerbiciselectricas\/\" \/>\n<meta property=\"article:published_time\" content=\"2023-04-18T01:32:38+00:00\" \/>\n<meta property=\"article:modified_time\" content=\"2025-03-18T11:47:44+00:00\" \/>\n<meta property=\"og:image\" content=\"https:\/\/www.urbanbiker.com\/wp-content\/uploads\/2023\/04\/bike-repair-shop-1.jpg\" \/>\n\t<meta property=\"og:image:width\" content=\"600\" \/>\n\t<meta property=\"og:image:height\" content=\"600\" \/>\n\t<meta property=\"og:image:type\" content=\"image\/jpeg\" \/>\n<meta name=\"author\" content=\"UrbanBiker\" \/>\n<meta name=\"twitter:card\" content=\"summary_large_image\" \/>\n<meta name=\"twitter:label1\" content=\"Escrito por\" \/>\n\t<meta name=\"twitter:data1\" content=\"UrbanBiker\" \/>\n\t<meta name=\"twitter:label2\" content=\"Tempo estimado de leitura\" \/>\n\t<meta name=\"twitter:data2\" content=\"2 minutos\" \/>\n<script type=\"application\/ld+json\" class=\"yoast-schema-graph\">{\"@context\":\"https:\\\/\\\/schema.org\",\"@graph\":[{\"@type\":\"Article\",\"@id\":\"https:\\\/\\\/www.urbanbiker.com\\\/pt-pt\\\/falhas-electricas-nas-bicicletas-electricas\\\/#article\",\"isPartOf\":{\"@id\":\"https:\\\/\\\/www.urbanbiker.com\\\/pt-pt\\\/falhas-electricas-nas-bicicletas-electricas\\\/\"},\"author\":{\"name\":\"UrbanBiker\",\"@id\":\"https:\\\/\\\/www.urbanbiker.com\\\/pt-pt\\\/#\\\/schema\\\/person\\\/1cb58f0792ef226d6d409b73059515e0\"},\"headline\":\"Falhas el\u00e9ctricas nas bicicletas el\u00e9ctricas\",\"datePublished\":\"2023-04-18T01:32:38+00:00\",\"dateModified\":\"2025-03-18T11:47:44+00:00\",\"mainEntityOfPage\":{\"@id\":\"https:\\\/\\\/www.urbanbiker.com\\\/pt-pt\\\/falhas-electricas-nas-bicicletas-electricas\\\/\"},\"wordCount\":377,\"commentCount\":0,\"publisher\":{\"@id\":\"https:\\\/\\\/www.urbanbiker.com\\\/pt-pt\\\/#organization\"},\"image\":{\"@id\":\"https:\\\/\\\/www.urbanbiker.com\\\/pt-pt\\\/falhas-electricas-nas-bicicletas-electricas\\\/#primaryimage\"},\"thumbnailUrl\":\"https:\\\/\\\/www.urbanbiker.com\\\/wp-content\\\/uploads\\\/2023\\\/04\\\/bike-repair-shop-1.jpg\",\"articleSection\":[\"Conselhos\",\"Pe\u00e7as\"],\"inLanguage\":\"pt-PT\",\"potentialAction\":[{\"@type\":\"CommentAction\",\"name\":\"Comment\",\"target\":[\"https:\\\/\\\/www.urbanbiker.com\\\/pt-pt\\\/falhas-electricas-nas-bicicletas-electricas\\\/#respond\"]}]},{\"@type\":\"WebPage\",\"@id\":\"https:\\\/\\\/www.urbanbiker.com\\\/pt-pt\\\/falhas-electricas-nas-bicicletas-electricas\\\/\",\"url\":\"https:\\\/\\\/www.urbanbiker.com\\\/pt-pt\\\/falhas-electricas-nas-bicicletas-electricas\\\/\",\"name\":\"Falhas el\u00e9ctricas nas bicicletas el\u00e9ctricas | Ebikes UrbanBiker\",\"isPartOf\":{\"@id\":\"https:\\\/\\\/www.urbanbiker.com\\\/pt-pt\\\/#website\"},\"primaryImageOfPage\":{\"@id\":\"https:\\\/\\\/www.urbanbiker.com\\\/pt-pt\\\/falhas-electricas-nas-bicicletas-electricas\\\/#primaryimage\"},\"image\":{\"@id\":\"https:\\\/\\\/www.urbanbiker.com\\\/pt-pt\\\/falhas-electricas-nas-bicicletas-electricas\\\/#primaryimage\"},\"thumbnailUrl\":\"https:\\\/\\\/www.urbanbiker.com\\\/wp-content\\\/uploads\\\/2023\\\/04\\\/bike-repair-shop-1.jpg\",\"datePublished\":\"2023-04-18T01:32:38+00:00\",\"dateModified\":\"2025-03-18T11:47:44+00:00\",\"description\":\"Avarias el\u00e9ctricas nas bicicletas el\u00e9ctricas. Explicamos-te as poss\u00edveis avarias que podes ter numa bicicleta el\u00e9ctrica.\",\"breadcrumb\":{\"@id\":\"https:\\\/\\\/www.urbanbiker.com\\\/pt-pt\\\/falhas-electricas-nas-bicicletas-electricas\\\/#breadcrumb\"},\"inLanguage\":\"pt-PT\",\"potentialAction\":[{\"@type\":\"ReadAction\",\"target\":[\"https:\\\/\\\/www.urbanbiker.com\\\/pt-pt\\\/falhas-electricas-nas-bicicletas-electricas\\\/\"]}]},{\"@type\":\"ImageObject\",\"inLanguage\":\"pt-PT\",\"@id\":\"https:\\\/\\\/www.urbanbiker.com\\\/pt-pt\\\/falhas-electricas-nas-bicicletas-electricas\\\/#primaryimage\",\"url\":\"https:\\\/\\\/www.urbanbiker.com\\\/wp-content\\\/uploads\\\/2023\\\/04\\\/bike-repair-shop-1.jpg\",\"contentUrl\":\"https:\\\/\\\/www.urbanbiker.com\\\/wp-content\\\/uploads\\\/2023\\\/04\\\/bike-repair-shop-1.jpg\",\"width\":600,\"height\":600},{\"@type\":\"BreadcrumbList\",\"@id\":\"https:\\\/\\\/www.urbanbiker.com\\\/pt-pt\\\/falhas-electricas-nas-bicicletas-electricas\\\/#breadcrumb\",\"itemListElement\":[{\"@type\":\"ListItem\",\"position\":1,\"name\":\"Portada\",\"item\":\"https:\\\/\\\/www.urbanbiker.com\\\/pt-pt\\\/\"},{\"@type\":\"ListItem\",\"position\":2,\"name\":\"Falhas el\u00e9ctricas nas bicicletas el\u00e9ctricas\"}]},{\"@type\":\"WebSite\",\"@id\":\"https:\\\/\\\/www.urbanbiker.com\\\/pt-pt\\\/#website\",\"url\":\"https:\\\/\\\/www.urbanbiker.com\\\/pt-pt\\\/\",\"name\":\"UrbanBiker\",\"description\":\"Bicicletas el\u00e9ctricas\",\"publisher\":{\"@id\":\"https:\\\/\\\/www.urbanbiker.com\\\/pt-pt\\\/#organization\"},\"potentialAction\":[{\"@type\":\"SearchAction\",\"target\":{\"@type\":\"EntryPoint\",\"urlTemplate\":\"https:\\\/\\\/www.urbanbiker.com\\\/pt-pt\\\/?s={search_term_string}\"},\"query-input\":{\"@type\":\"PropertyValueSpecification\",\"valueRequired\":true,\"valueName\":\"search_term_string\"}}],\"inLanguage\":\"pt-PT\"},{\"@type\":\"Organization\",\"@id\":\"https:\\\/\\\/www.urbanbiker.com\\\/pt-pt\\\/#organization\",\"name\":\"UrbanBiker\",\"url\":\"https:\\\/\\\/www.urbanbiker.com\\\/pt-pt\\\/\",\"logo\":{\"@type\":\"ImageObject\",\"inLanguage\":\"pt-PT\",\"@id\":\"https:\\\/\\\/www.urbanbiker.com\\\/pt-pt\\\/#\\\/schema\\\/logo\\\/image\\\/\",\"url\":\"https:\\\/\\\/www.urbanbiker.com\\\/wp-content\\\/uploads\\\/2022\\\/09\\\/Logo-principal-sin-fondo.png\",\"contentUrl\":\"https:\\\/\\\/www.urbanbiker.com\\\/wp-content\\\/uploads\\\/2022\\\/09\\\/Logo-principal-sin-fondo.png\",\"width\":2560,\"height\":934,\"caption\":\"UrbanBiker\"},\"image\":{\"@id\":\"https:\\\/\\\/www.urbanbiker.com\\\/pt-pt\\\/#\\\/schema\\\/logo\\\/image\\\/\"},\"sameAs\":[\"https:\\\/\\\/www.facebook.com\\\/Urbanbikerbiciselectricas\",\"https:\\\/\\\/www.instagram.com\\\/urbanbiker_\\\/\",\"https:\\\/\\\/www.linkedin.com\\\/company\\\/2454235\",\"https:\\\/\\\/www.youtube.com\\\/channel\\\/UCWR__uH_RWJF-OhPfz-9-Qw\"]},{\"@type\":\"Person\",\"@id\":\"https:\\\/\\\/www.urbanbiker.com\\\/pt-pt\\\/#\\\/schema\\\/person\\\/1cb58f0792ef226d6d409b73059515e0\",\"name\":\"UrbanBiker\",\"image\":{\"@type\":\"ImageObject\",\"inLanguage\":\"pt-PT\",\"@id\":\"https:\\\/\\\/secure.gravatar.com\\\/avatar\\\/22838f387878aabd10c8c90196e14f05497ff2fdd7c1267a5f035aa48d9ed396?s=96&d=mm&r=g\",\"url\":\"https:\\\/\\\/secure.gravatar.com\\\/avatar\\\/22838f387878aabd10c8c90196e14f05497ff2fdd7c1267a5f035aa48d9ed396?s=96&d=mm&r=g\",\"contentUrl\":\"https:\\\/\\\/secure.gravatar.com\\\/avatar\\\/22838f387878aabd10c8c90196e14f05497ff2fdd7c1267a5f035aa48d9ed396?s=96&d=mm&r=g\",\"caption\":\"UrbanBiker\"},\"sameAs\":[\"http:\\\/\\\/www.urbanbiker.com\\\/\",\"https:\\\/\\\/www.facebook.com\\\/Urbanbikerbiciselectricas\\\/\",\"https:\\\/\\\/www.linkedin.com\\\/company\\\/urbanbiker\\\/\",\"https:\\\/\\\/www.youtube.com\\\/@UrbanbikerEbikes\"]}]}<\/script>\n<!-- \/ Yoast SEO plugin. -->","yoast_head_json":{"title":"Falhas el\u00e9ctricas nas bicicletas el\u00e9ctricas | Ebikes UrbanBiker","description":"Avarias el\u00e9ctricas nas bicicletas el\u00e9ctricas. Explicamos-te as poss\u00edveis avarias que podes ter numa bicicleta el\u00e9ctrica.","robots":{"index":"index","follow":"follow","max-snippet":"max-snippet:-1","max-image-preview":"max-image-preview:large","max-video-preview":"max-video-preview:-1"},"canonical":"https:\/\/www.urbanbiker.com\/pt-pt\/falhas-electricas-nas-bicicletas-electricas\/","og_locale":"pt_PT","og_type":"article","og_title":"Falhas el\u00e9ctricas nas bicicletas el\u00e9ctricas | Ebikes UrbanBiker","og_description":"Avarias el\u00e9ctricas nas bicicletas el\u00e9ctricas. Explicamos-te as poss\u00edveis avarias que podes ter numa bicicleta el\u00e9ctrica.","og_url":"https:\/\/www.urbanbiker.com\/pt-pt\/falhas-electricas-nas-bicicletas-electricas\/","og_site_name":"UrbanBiker","article_publisher":"https:\/\/www.facebook.com\/Urbanbikerbiciselectricas","article_author":"https:\/\/www.facebook.com\/Urbanbikerbiciselectricas\/","article_published_time":"2023-04-18T01:32:38+00:00","article_modified_time":"2025-03-18T11:47:44+00:00","og_image":[{"width":600,"height":600,"url":"https:\/\/www.urbanbiker.com\/wp-content\/uploads\/2023\/04\/bike-repair-shop-1.jpg","type":"image\/jpeg"}],"author":"UrbanBiker","twitter_card":"summary_large_image","twitter_misc":{"Escrito por":"UrbanBiker","Tempo estimado de leitura":"2 minutos"},"schema":{"@context":"https:\/\/schema.org","@graph":[{"@type":"Article","@id":"https:\/\/www.urbanbiker.com\/pt-pt\/falhas-electricas-nas-bicicletas-electricas\/#article","isPartOf":{"@id":"https:\/\/www.urbanbiker.com\/pt-pt\/falhas-electricas-nas-bicicletas-electricas\/"},"author":{"name":"UrbanBiker","@id":"https:\/\/www.urbanbiker.com\/pt-pt\/#\/schema\/person\/1cb58f0792ef226d6d409b73059515e0"},"headline":"Falhas el\u00e9ctricas nas bicicletas el\u00e9ctricas","datePublished":"2023-04-18T01:32:38+00:00","dateModified":"2025-03-18T11:47:44+00:00","mainEntityOfPage":{"@id":"https:\/\/www.urbanbiker.com\/pt-pt\/falhas-electricas-nas-bicicletas-electricas\/"},"wordCount":377,"commentCount":0,"publisher":{"@id":"https:\/\/www.urbanbiker.com\/pt-pt\/#organization"},"image":{"@id":"https:\/\/www.urbanbiker.com\/pt-pt\/falhas-electricas-nas-bicicletas-electricas\/#primaryimage"},"thumbnailUrl":"https:\/\/www.urbanbiker.com\/wp-content\/uploads\/2023\/04\/bike-repair-shop-1.jpg","articleSection":["Conselhos","Pe\u00e7as"],"inLanguage":"pt-PT","potentialAction":[{"@type":"CommentAction","name":"Comment","target":["https:\/\/www.urbanbiker.com\/pt-pt\/falhas-electricas-nas-bicicletas-electricas\/#respond"]}]},{"@type":"WebPage","@id":"https:\/\/www.urbanbiker.com\/pt-pt\/falhas-electricas-nas-bicicletas-electricas\/","url":"https:\/\/www.urbanbiker.com\/pt-pt\/falhas-electricas-nas-bicicletas-electricas\/","name":"Falhas el\u00e9ctricas nas bicicletas el\u00e9ctricas | Ebikes UrbanBiker","isPartOf":{"@id":"https:\/\/www.urbanbiker.com\/pt-pt\/#website"},"primaryImageOfPage":{"@id":"https:\/\/www.urbanbiker.com\/pt-pt\/falhas-electricas-nas-bicicletas-electricas\/#primaryimage"},"image":{"@id":"https:\/\/www.urbanbiker.com\/pt-pt\/falhas-electricas-nas-bicicletas-electricas\/#primaryimage"},"thumbnailUrl":"https:\/\/www.urbanbiker.com\/wp-content\/uploads\/2023\/04\/bike-repair-shop-1.jpg","datePublished":"2023-04-18T01:32:38+00:00","dateModified":"2025-03-18T11:47:44+00:00","description":"Avarias el\u00e9ctricas nas bicicletas el\u00e9ctricas. Explicamos-te as poss\u00edveis avarias que podes ter numa bicicleta el\u00e9ctrica.","breadcrumb":{"@id":"https:\/\/www.urbanbiker.com\/pt-pt\/falhas-electricas-nas-bicicletas-electricas\/#breadcrumb"},"inLanguage":"pt-PT","potentialAction":[{"@type":"ReadAction","target":["https:\/\/www.urbanbiker.com\/pt-pt\/falhas-electricas-nas-bicicletas-electricas\/"]}]},{"@type":"ImageObject","inLanguage":"pt-PT","@id":"https:\/\/www.urbanbiker.com\/pt-pt\/falhas-electricas-nas-bicicletas-electricas\/#primaryimage","url":"https:\/\/www.urbanbiker.com\/wp-content\/uploads\/2023\/04\/bike-repair-shop-1.jpg","contentUrl":"https:\/\/www.urbanbiker.com\/wp-content\/uploads\/2023\/04\/bike-repair-shop-1.jpg","width":600,"height":600},{"@type":"BreadcrumbList","@id":"https:\/\/www.urbanbiker.com\/pt-pt\/falhas-electricas-nas-bicicletas-electricas\/#breadcrumb","itemListElement":[{"@type":"ListItem","position":1,"name":"Portada","item":"https:\/\/www.urbanbiker.com\/pt-pt\/"},{"@type":"ListItem","position":2,"name":"Falhas el\u00e9ctricas nas bicicletas el\u00e9ctricas"}]},{"@type":"WebSite","@id":"https:\/\/www.urbanbiker.com\/pt-pt\/#website","url":"https:\/\/www.urbanbiker.com\/pt-pt\/","name":"UrbanBiker","description":"Bicicletas el\u00e9ctricas","publisher":{"@id":"https:\/\/www.urbanbiker.com\/pt-pt\/#organization"},"potentialAction":[{"@type":"SearchAction","target":{"@type":"EntryPoint","urlTemplate":"https:\/\/www.urbanbiker.com\/pt-pt\/?s={search_term_string}"},"query-input":{"@type":"PropertyValueSpecification","valueRequired":true,"valueName":"search_term_string"}}],"inLanguage":"pt-PT"},{"@type":"Organization","@id":"https:\/\/www.urbanbiker.com\/pt-pt\/#organization","name":"UrbanBiker","url":"https:\/\/www.urbanbiker.com\/pt-pt\/","logo":{"@type":"ImageObject","inLanguage":"pt-PT","@id":"https:\/\/www.urbanbiker.com\/pt-pt\/#\/schema\/logo\/image\/","url":"https:\/\/www.urbanbiker.com\/wp-content\/uploads\/2022\/09\/Logo-principal-sin-fondo.png","contentUrl":"https:\/\/www.urbanbiker.com\/wp-content\/uploads\/2022\/09\/Logo-principal-sin-fondo.png","width":2560,"height":934,"caption":"UrbanBiker"},"image":{"@id":"https:\/\/www.urbanbiker.com\/pt-pt\/#\/schema\/logo\/image\/"},"sameAs":["https:\/\/www.facebook.com\/Urbanbikerbiciselectricas","https:\/\/www.instagram.com\/urbanbiker_\/","https:\/\/www.linkedin.com\/company\/2454235","https:\/\/www.youtube.com\/channel\/UCWR__uH_RWJF-OhPfz-9-Qw"]},{"@type":"Person","@id":"https:\/\/www.urbanbiker.com\/pt-pt\/#\/schema\/person\/1cb58f0792ef226d6d409b73059515e0","name":"UrbanBiker","image":{"@type":"ImageObject","inLanguage":"pt-PT","@id":"https:\/\/secure.gravatar.com\/avatar\/22838f387878aabd10c8c90196e14f05497ff2fdd7c1267a5f035aa48d9ed396?s=96&d=mm&r=g","url":"https:\/\/secure.gravatar.com\/avatar\/22838f387878aabd10c8c90196e14f05497ff2fdd7c1267a5f035aa48d9ed396?s=96&d=mm&r=g","contentUrl":"https:\/\/secure.gravatar.com\/avatar\/22838f387878aabd10c8c90196e14f05497ff2fdd7c1267a5f035aa48d9ed396?s=96&d=mm&r=g","caption":"UrbanBiker"},"sameAs":["http:\/\/www.urbanbiker.com\/","https:\/\/www.facebook.com\/Urbanbikerbiciselectricas\/","https:\/\/www.linkedin.com\/company\/urbanbiker\/","https:\/\/www.youtube.com\/@UrbanbikerEbikes"]}]}},"_links":{"self":[{"href":"https:\/\/www.urbanbiker.com\/pt-pt\/wp-json\/wp\/v2\/posts\/39446","targetHints":{"allow":["GET"]}}],"collection":[{"href":"https:\/\/www.urbanbiker.com\/pt-pt\/wp-json\/wp\/v2\/posts"}],"about":[{"href":"https:\/\/www.urbanbiker.com\/pt-pt\/wp-json\/wp\/v2\/types\/post"}],"author":[{"embeddable":true,"href":"https:\/\/www.urbanbiker.com\/pt-pt\/wp-json\/wp\/v2\/users\/1"}],"replies":[{"embeddable":true,"href":"https:\/\/www.urbanbiker.com\/pt-pt\/wp-json\/wp\/v2\/comments?post=39446"}],"version-history":[{"count":5,"href":"https:\/\/www.urbanbiker.com\/pt-pt\/wp-json\/wp\/v2\/posts\/39446\/revisions"}],"predecessor-version":[{"id":39475,"href":"https:\/\/www.urbanbiker.com\/pt-pt\/wp-json\/wp\/v2\/posts\/39446\/revisions\/39475"}],"wp:featuredmedia":[{"embeddable":true,"href":"https:\/\/www.urbanbiker.com\/pt-pt\/wp-json\/wp\/v2\/media\/34836"}],"wp:attachment":[{"href":"https:\/\/www.urbanbiker.com\/pt-pt\/wp-json\/wp\/v2\/media?parent=39446"}],"wp:term":[{"taxonomy":"category","embeddable":true,"href":"https:\/\/www.urbanbiker.com\/pt-pt\/wp-json\/wp\/v2\/categories?post=39446"},{"taxonomy":"post_tag","embeddable":true,"href":"https:\/\/www.urbanbiker.com\/pt-pt\/wp-json\/wp\/v2\/tags?post=39446"}],"curies":[{"name":"wp","href":"https:\/\/api.w.org\/{rel}","templated":true}]}}