{"id":39426,"date":"2023-03-21T03:32:36","date_gmt":"2023-03-21T02:32:36","guid":{"rendered":"https:\/\/www.urbanbiker.com\/porque-e-que-uma-bicicleta-electrica-pesa-tanto\/"},"modified":"2025-03-18T12:12:21","modified_gmt":"2025-03-18T11:12:21","slug":"porque-e-que-uma-bicicleta-electrica-pesa-tanto","status":"publish","type":"post","link":"https:\/\/www.urbanbiker.com\/pt-pt\/porque-e-que-uma-bicicleta-electrica-pesa-tanto\/","title":{"rendered":"Porque \u00e9 que uma bicicleta el\u00e9ctrica pesa tanto"},"content":{"rendered":"&#13;\n<p><strong>As bicicletas el\u00e9ctricas<\/strong> s\u00e3o um ve\u00edculo r\u00e1pido, silencioso, amigo do ambiente e saud\u00e1vel. E est\u00e3o cada vez mais leves, mas <strong>porque \u00e9 que uma bicicleta el\u00e9ctrica pesa tanto?<\/strong> <br\/><br\/><\/p>&#13;\n\r\n<blockquote class=\"wp-block-quote is-layout-flow wp-block-quote-is-layout-flow\">&#13;\n<p>A resposta \u00e9 muito simples: uma bicicleta el\u00e9ctrica precisa de dois componentes essenciais para o seu funcionamento: o motor (cerca de 3 kg) e a bateria (cerca de 3,5 kg), que \u00e9 precisamente o que <strong>pesa<\/strong> mais e \u00e9 tamb\u00e9m o que faz a diferen\u00e7a em rela\u00e7\u00e3o a uma bicicleta convencional.<\/p>&#13;\n&#13;\n\r\n\r\n&#13;\n<p>Do ponto de vista da investiga\u00e7\u00e3o e do desenvolvimento, h\u00e1 que perguntar se vale a pena fazer uma bicicleta mais leve (e muito mais cara) se o peso do motor ou da bateria n\u00e3o puder ser reduzido.<\/p>&#13;\n<p>Onde o peso de uma <strong>bicicleta el\u00e9ctrica<\/strong> ser\u00e1 mais percet\u00edvel \u00e9 numa subida, mas para isso temos um motor e v\u00e1rios modos de assist\u00eancia que facilitar\u00e3o muito a subida.<\/p>&#13;\n<p>Em suma, o peso s\u00f3 pode ser uma desvantagem se tiveres de carregar a bicicleta por um lance de escadas ou coloc\u00e1-la num compartimento de bagagem. Nestes casos, no entanto, podes optar por uma <strong>bicicleta el\u00e9ctrica<\/strong> dobr\u00e1vel, que \u00e9 muito mais leve do que pensas. <\/p>&#13;\n<p><strong>Uma bicicleta el\u00e9ctrica permitir-te-\u00e1 percorrer dist\u00e2ncias mais longas<\/strong>, independentemente da tua idade, condi\u00e7\u00e3o f\u00edsica ou experi\u00eancia com a bicicleta. <strong>O motor ajuda-te nos momentos dif\u00edceis <\/strong>e tu seleccionas o n\u00edvel de assist\u00eancia que necessitas em cada caso.<\/p>&#13;\n<p>Mas n\u00e3o pares de pedalar, isto n\u00e3o \u00e9 uma mota! \ud83d\ude0a \ud83d\ude0a \u00e9 uma bicicleta!<\/p>&#13;\n<p>O que <strong>pesa<\/strong> mais \u00e9 o motor (cerca de 3 kg) e a bateria (cerca de 3,5 kg).<\/p>&#13;\n<p>Em suma, o peso s\u00f3 pode ser uma desvantagem se tiveres de carregar a bicicleta por um lance de escadas ou coloc\u00e1-la num compartimento de bagagem. Nestes casos, no entanto, podes optar por uma <strong>bicicleta el\u00e9ctrica<\/strong> dobr\u00e1vel, que \u00e9 muito mais leve do que pensas. <\/p>&#13;\n<ul><\/ul><\/ul>\r\n","protected":false},"excerpt":{"rendered":"<p>Vestibulum eu quam nec nec neque pellentesque efficitur id eget nisl. Proin porta est convallis lacus blandit pretium sed non enim. Maecenas lacinia non orci at aliquam. Donec finibus, urna bibendum ultricies laoreet, augue eros luctus sapien, ut euismod leo tortor ac enim. N\u00e3o te esque\u00e7as de que a tua vida \u00e9 muito boa. Sed cursus venenatis tellus, non lobortis diam volutpat sit amet.     <\/p>\n","protected":false},"author":1,"featured_media":34830,"comment_status":"open","ping_status":"open","sticky":false,"template":"","format":"standard","meta":{"footnotes":""},"categories":[298,432],"tags":[],"class_list":["post-39426","post","type-post","status-publish","format-standard","has-post-thumbnail","hentry","category-conselhos","category-pecas"],"yoast_head":"<!-- This site is optimized with the Yoast SEO plugin v27.5 - https:\/\/yoast.com\/product\/yoast-seo-wordpress\/ -->\n<title>Porque \u00e9 que uma bicicleta el\u00e9ctrica pesa tanto | Ebikes UrbanBiker<\/title>\n<meta name=\"description\" content=\"Porque \u00e9 que uma bicicleta el\u00e9ctrica pesa tanto. Explicamos-te as raz\u00f5es e as pe\u00e7as que tornam as bicicletas el\u00e9ctricas t\u00e3o pesadas.\" \/>\n<meta name=\"robots\" content=\"index, follow, max-snippet:-1, max-image-preview:large, max-video-preview:-1\" \/>\n<link rel=\"canonical\" href=\"https:\/\/www.urbanbiker.com\/pt-pt\/porque-e-que-uma-bicicleta-electrica-pesa-tanto\/\" \/>\n<meta property=\"og:locale\" content=\"pt_PT\" \/>\n<meta property=\"og:type\" content=\"article\" \/>\n<meta property=\"og:title\" content=\"Porque \u00e9 que uma bicicleta el\u00e9ctrica pesa tanto | Ebikes UrbanBiker\" \/>\n<meta property=\"og:description\" content=\"Porque \u00e9 que uma bicicleta el\u00e9ctrica pesa tanto. Explicamos-te as raz\u00f5es e as pe\u00e7as que tornam as bicicletas el\u00e9ctricas t\u00e3o pesadas.\" \/>\n<meta property=\"og:url\" content=\"https:\/\/www.urbanbiker.com\/pt-pt\/porque-e-que-uma-bicicleta-electrica-pesa-tanto\/\" \/>\n<meta property=\"og:site_name\" content=\"UrbanBiker\" \/>\n<meta property=\"article:publisher\" content=\"https:\/\/www.facebook.com\/Urbanbikerbiciselectricas\" \/>\n<meta property=\"article:author\" content=\"https:\/\/www.facebook.com\/Urbanbikerbiciselectricas\/\" \/>\n<meta property=\"article:published_time\" content=\"2023-03-21T02:32:36+00:00\" \/>\n<meta property=\"article:modified_time\" content=\"2025-03-18T11:12:21+00:00\" \/>\n<meta property=\"og:image\" content=\"https:\/\/www.urbanbiker.com\/wp-content\/uploads\/2023\/03\/urbanbiker-dakota-11.jpg\" \/>\n\t<meta property=\"og:image:width\" content=\"1080\" \/>\n\t<meta property=\"og:image:height\" content=\"1080\" \/>\n\t<meta property=\"og:image:type\" content=\"image\/jpeg\" \/>\n<meta name=\"author\" content=\"UrbanBiker\" \/>\n<meta name=\"twitter:card\" content=\"summary_large_image\" \/>\n<meta name=\"twitter:label1\" content=\"Escrito por\" \/>\n\t<meta name=\"twitter:data1\" content=\"UrbanBiker\" \/>\n\t<meta name=\"twitter:label2\" content=\"Tempo estimado de leitura\" \/>\n\t<meta name=\"twitter:data2\" content=\"2 minutos\" \/>\n<script type=\"application\/ld+json\" class=\"yoast-schema-graph\">{\"@context\":\"https:\\\/\\\/schema.org\",\"@graph\":[{\"@type\":\"Article\",\"@id\":\"https:\\\/\\\/www.urbanbiker.com\\\/pt-pt\\\/porque-e-que-uma-bicicleta-electrica-pesa-tanto\\\/#article\",\"isPartOf\":{\"@id\":\"https:\\\/\\\/www.urbanbiker.com\\\/pt-pt\\\/porque-e-que-uma-bicicleta-electrica-pesa-tanto\\\/\"},\"author\":{\"name\":\"UrbanBiker\",\"@id\":\"https:\\\/\\\/www.urbanbiker.com\\\/pt-pt\\\/#\\\/schema\\\/person\\\/1cb58f0792ef226d6d409b73059515e0\"},\"headline\":\"Porque \u00e9 que uma bicicleta el\u00e9ctrica pesa tanto\",\"datePublished\":\"2023-03-21T02:32:36+00:00\",\"dateModified\":\"2025-03-18T11:12:21+00:00\",\"mainEntityOfPage\":{\"@id\":\"https:\\\/\\\/www.urbanbiker.com\\\/pt-pt\\\/porque-e-que-uma-bicicleta-electrica-pesa-tanto\\\/\"},\"wordCount\":331,\"commentCount\":0,\"publisher\":{\"@id\":\"https:\\\/\\\/www.urbanbiker.com\\\/pt-pt\\\/#organization\"},\"image\":{\"@id\":\"https:\\\/\\\/www.urbanbiker.com\\\/pt-pt\\\/porque-e-que-uma-bicicleta-electrica-pesa-tanto\\\/#primaryimage\"},\"thumbnailUrl\":\"https:\\\/\\\/www.urbanbiker.com\\\/wp-content\\\/uploads\\\/2023\\\/03\\\/urbanbiker-dakota-11.jpg\",\"articleSection\":[\"Conselhos\",\"Pe\u00e7as\"],\"inLanguage\":\"pt-PT\",\"potentialAction\":[{\"@type\":\"CommentAction\",\"name\":\"Comment\",\"target\":[\"https:\\\/\\\/www.urbanbiker.com\\\/pt-pt\\\/porque-e-que-uma-bicicleta-electrica-pesa-tanto\\\/#respond\"]}]},{\"@type\":\"WebPage\",\"@id\":\"https:\\\/\\\/www.urbanbiker.com\\\/pt-pt\\\/porque-e-que-uma-bicicleta-electrica-pesa-tanto\\\/\",\"url\":\"https:\\\/\\\/www.urbanbiker.com\\\/pt-pt\\\/porque-e-que-uma-bicicleta-electrica-pesa-tanto\\\/\",\"name\":\"Porque \u00e9 que uma bicicleta el\u00e9ctrica pesa tanto | Ebikes UrbanBiker\",\"isPartOf\":{\"@id\":\"https:\\\/\\\/www.urbanbiker.com\\\/pt-pt\\\/#website\"},\"primaryImageOfPage\":{\"@id\":\"https:\\\/\\\/www.urbanbiker.com\\\/pt-pt\\\/porque-e-que-uma-bicicleta-electrica-pesa-tanto\\\/#primaryimage\"},\"image\":{\"@id\":\"https:\\\/\\\/www.urbanbiker.com\\\/pt-pt\\\/porque-e-que-uma-bicicleta-electrica-pesa-tanto\\\/#primaryimage\"},\"thumbnailUrl\":\"https:\\\/\\\/www.urbanbiker.com\\\/wp-content\\\/uploads\\\/2023\\\/03\\\/urbanbiker-dakota-11.jpg\",\"datePublished\":\"2023-03-21T02:32:36+00:00\",\"dateModified\":\"2025-03-18T11:12:21+00:00\",\"description\":\"Porque \u00e9 que uma bicicleta el\u00e9ctrica pesa tanto. Explicamos-te as raz\u00f5es e as pe\u00e7as que tornam as bicicletas el\u00e9ctricas t\u00e3o pesadas.\",\"breadcrumb\":{\"@id\":\"https:\\\/\\\/www.urbanbiker.com\\\/pt-pt\\\/porque-e-que-uma-bicicleta-electrica-pesa-tanto\\\/#breadcrumb\"},\"inLanguage\":\"pt-PT\",\"potentialAction\":[{\"@type\":\"ReadAction\",\"target\":[\"https:\\\/\\\/www.urbanbiker.com\\\/pt-pt\\\/porque-e-que-uma-bicicleta-electrica-pesa-tanto\\\/\"]}]},{\"@type\":\"ImageObject\",\"inLanguage\":\"pt-PT\",\"@id\":\"https:\\\/\\\/www.urbanbiker.com\\\/pt-pt\\\/porque-e-que-uma-bicicleta-electrica-pesa-tanto\\\/#primaryimage\",\"url\":\"https:\\\/\\\/www.urbanbiker.com\\\/wp-content\\\/uploads\\\/2023\\\/03\\\/urbanbiker-dakota-11.jpg\",\"contentUrl\":\"https:\\\/\\\/www.urbanbiker.com\\\/wp-content\\\/uploads\\\/2023\\\/03\\\/urbanbiker-dakota-11.jpg\",\"width\":1080,\"height\":1080},{\"@type\":\"BreadcrumbList\",\"@id\":\"https:\\\/\\\/www.urbanbiker.com\\\/pt-pt\\\/porque-e-que-uma-bicicleta-electrica-pesa-tanto\\\/#breadcrumb\",\"itemListElement\":[{\"@type\":\"ListItem\",\"position\":1,\"name\":\"Portada\",\"item\":\"https:\\\/\\\/www.urbanbiker.com\\\/pt-pt\\\/\"},{\"@type\":\"ListItem\",\"position\":2,\"name\":\"Porque \u00e9 que uma bicicleta el\u00e9ctrica pesa tanto\"}]},{\"@type\":\"WebSite\",\"@id\":\"https:\\\/\\\/www.urbanbiker.com\\\/pt-pt\\\/#website\",\"url\":\"https:\\\/\\\/www.urbanbiker.com\\\/pt-pt\\\/\",\"name\":\"UrbanBiker\",\"description\":\"Bicicletas el\u00e9ctricas\",\"publisher\":{\"@id\":\"https:\\\/\\\/www.urbanbiker.com\\\/pt-pt\\\/#organization\"},\"potentialAction\":[{\"@type\":\"SearchAction\",\"target\":{\"@type\":\"EntryPoint\",\"urlTemplate\":\"https:\\\/\\\/www.urbanbiker.com\\\/pt-pt\\\/?s={search_term_string}\"},\"query-input\":{\"@type\":\"PropertyValueSpecification\",\"valueRequired\":true,\"valueName\":\"search_term_string\"}}],\"inLanguage\":\"pt-PT\"},{\"@type\":\"Organization\",\"@id\":\"https:\\\/\\\/www.urbanbiker.com\\\/pt-pt\\\/#organization\",\"name\":\"UrbanBiker\",\"url\":\"https:\\\/\\\/www.urbanbiker.com\\\/pt-pt\\\/\",\"logo\":{\"@type\":\"ImageObject\",\"inLanguage\":\"pt-PT\",\"@id\":\"https:\\\/\\\/www.urbanbiker.com\\\/pt-pt\\\/#\\\/schema\\\/logo\\\/image\\\/\",\"url\":\"https:\\\/\\\/www.urbanbiker.com\\\/wp-content\\\/uploads\\\/2022\\\/09\\\/Logo-principal-sin-fondo.png\",\"contentUrl\":\"https:\\\/\\\/www.urbanbiker.com\\\/wp-content\\\/uploads\\\/2022\\\/09\\\/Logo-principal-sin-fondo.png\",\"width\":2560,\"height\":934,\"caption\":\"UrbanBiker\"},\"image\":{\"@id\":\"https:\\\/\\\/www.urbanbiker.com\\\/pt-pt\\\/#\\\/schema\\\/logo\\\/image\\\/\"},\"sameAs\":[\"https:\\\/\\\/www.facebook.com\\\/Urbanbikerbiciselectricas\",\"https:\\\/\\\/www.instagram.com\\\/urbanbiker_\\\/\",\"https:\\\/\\\/www.linkedin.com\\\/company\\\/2454235\",\"https:\\\/\\\/www.youtube.com\\\/channel\\\/UCWR__uH_RWJF-OhPfz-9-Qw\"]},{\"@type\":\"Person\",\"@id\":\"https:\\\/\\\/www.urbanbiker.com\\\/pt-pt\\\/#\\\/schema\\\/person\\\/1cb58f0792ef226d6d409b73059515e0\",\"name\":\"UrbanBiker\",\"image\":{\"@type\":\"ImageObject\",\"inLanguage\":\"pt-PT\",\"@id\":\"https:\\\/\\\/secure.gravatar.com\\\/avatar\\\/22838f387878aabd10c8c90196e14f05497ff2fdd7c1267a5f035aa48d9ed396?s=96&d=mm&r=g\",\"url\":\"https:\\\/\\\/secure.gravatar.com\\\/avatar\\\/22838f387878aabd10c8c90196e14f05497ff2fdd7c1267a5f035aa48d9ed396?s=96&d=mm&r=g\",\"contentUrl\":\"https:\\\/\\\/secure.gravatar.com\\\/avatar\\\/22838f387878aabd10c8c90196e14f05497ff2fdd7c1267a5f035aa48d9ed396?s=96&d=mm&r=g\",\"caption\":\"UrbanBiker\"},\"sameAs\":[\"http:\\\/\\\/www.urbanbiker.com\\\/\",\"https:\\\/\\\/www.facebook.com\\\/Urbanbikerbiciselectricas\\\/\",\"https:\\\/\\\/www.linkedin.com\\\/company\\\/urbanbiker\\\/\",\"https:\\\/\\\/www.youtube.com\\\/@UrbanbikerEbikes\"]}]}<\/script>\n<!-- \/ Yoast SEO plugin. -->","yoast_head_json":{"title":"Porque \u00e9 que uma bicicleta el\u00e9ctrica pesa tanto | Ebikes UrbanBiker","description":"Porque \u00e9 que uma bicicleta el\u00e9ctrica pesa tanto. Explicamos-te as raz\u00f5es e as pe\u00e7as que tornam as bicicletas el\u00e9ctricas t\u00e3o pesadas.","robots":{"index":"index","follow":"follow","max-snippet":"max-snippet:-1","max-image-preview":"max-image-preview:large","max-video-preview":"max-video-preview:-1"},"canonical":"https:\/\/www.urbanbiker.com\/pt-pt\/porque-e-que-uma-bicicleta-electrica-pesa-tanto\/","og_locale":"pt_PT","og_type":"article","og_title":"Porque \u00e9 que uma bicicleta el\u00e9ctrica pesa tanto | Ebikes UrbanBiker","og_description":"Porque \u00e9 que uma bicicleta el\u00e9ctrica pesa tanto. Explicamos-te as raz\u00f5es e as pe\u00e7as que tornam as bicicletas el\u00e9ctricas t\u00e3o pesadas.","og_url":"https:\/\/www.urbanbiker.com\/pt-pt\/porque-e-que-uma-bicicleta-electrica-pesa-tanto\/","og_site_name":"UrbanBiker","article_publisher":"https:\/\/www.facebook.com\/Urbanbikerbiciselectricas","article_author":"https:\/\/www.facebook.com\/Urbanbikerbiciselectricas\/","article_published_time":"2023-03-21T02:32:36+00:00","article_modified_time":"2025-03-18T11:12:21+00:00","og_image":[{"width":1080,"height":1080,"url":"https:\/\/www.urbanbiker.com\/wp-content\/uploads\/2023\/03\/urbanbiker-dakota-11.jpg","type":"image\/jpeg"}],"author":"UrbanBiker","twitter_card":"summary_large_image","twitter_misc":{"Escrito por":"UrbanBiker","Tempo estimado de leitura":"2 minutos"},"schema":{"@context":"https:\/\/schema.org","@graph":[{"@type":"Article","@id":"https:\/\/www.urbanbiker.com\/pt-pt\/porque-e-que-uma-bicicleta-electrica-pesa-tanto\/#article","isPartOf":{"@id":"https:\/\/www.urbanbiker.com\/pt-pt\/porque-e-que-uma-bicicleta-electrica-pesa-tanto\/"},"author":{"name":"UrbanBiker","@id":"https:\/\/www.urbanbiker.com\/pt-pt\/#\/schema\/person\/1cb58f0792ef226d6d409b73059515e0"},"headline":"Porque \u00e9 que uma bicicleta el\u00e9ctrica pesa tanto","datePublished":"2023-03-21T02:32:36+00:00","dateModified":"2025-03-18T11:12:21+00:00","mainEntityOfPage":{"@id":"https:\/\/www.urbanbiker.com\/pt-pt\/porque-e-que-uma-bicicleta-electrica-pesa-tanto\/"},"wordCount":331,"commentCount":0,"publisher":{"@id":"https:\/\/www.urbanbiker.com\/pt-pt\/#organization"},"image":{"@id":"https:\/\/www.urbanbiker.com\/pt-pt\/porque-e-que-uma-bicicleta-electrica-pesa-tanto\/#primaryimage"},"thumbnailUrl":"https:\/\/www.urbanbiker.com\/wp-content\/uploads\/2023\/03\/urbanbiker-dakota-11.jpg","articleSection":["Conselhos","Pe\u00e7as"],"inLanguage":"pt-PT","potentialAction":[{"@type":"CommentAction","name":"Comment","target":["https:\/\/www.urbanbiker.com\/pt-pt\/porque-e-que-uma-bicicleta-electrica-pesa-tanto\/#respond"]}]},{"@type":"WebPage","@id":"https:\/\/www.urbanbiker.com\/pt-pt\/porque-e-que-uma-bicicleta-electrica-pesa-tanto\/","url":"https:\/\/www.urbanbiker.com\/pt-pt\/porque-e-que-uma-bicicleta-electrica-pesa-tanto\/","name":"Porque \u00e9 que uma bicicleta el\u00e9ctrica pesa tanto | Ebikes UrbanBiker","isPartOf":{"@id":"https:\/\/www.urbanbiker.com\/pt-pt\/#website"},"primaryImageOfPage":{"@id":"https:\/\/www.urbanbiker.com\/pt-pt\/porque-e-que-uma-bicicleta-electrica-pesa-tanto\/#primaryimage"},"image":{"@id":"https:\/\/www.urbanbiker.com\/pt-pt\/porque-e-que-uma-bicicleta-electrica-pesa-tanto\/#primaryimage"},"thumbnailUrl":"https:\/\/www.urbanbiker.com\/wp-content\/uploads\/2023\/03\/urbanbiker-dakota-11.jpg","datePublished":"2023-03-21T02:32:36+00:00","dateModified":"2025-03-18T11:12:21+00:00","description":"Porque \u00e9 que uma bicicleta el\u00e9ctrica pesa tanto. Explicamos-te as raz\u00f5es e as pe\u00e7as que tornam as bicicletas el\u00e9ctricas t\u00e3o pesadas.","breadcrumb":{"@id":"https:\/\/www.urbanbiker.com\/pt-pt\/porque-e-que-uma-bicicleta-electrica-pesa-tanto\/#breadcrumb"},"inLanguage":"pt-PT","potentialAction":[{"@type":"ReadAction","target":["https:\/\/www.urbanbiker.com\/pt-pt\/porque-e-que-uma-bicicleta-electrica-pesa-tanto\/"]}]},{"@type":"ImageObject","inLanguage":"pt-PT","@id":"https:\/\/www.urbanbiker.com\/pt-pt\/porque-e-que-uma-bicicleta-electrica-pesa-tanto\/#primaryimage","url":"https:\/\/www.urbanbiker.com\/wp-content\/uploads\/2023\/03\/urbanbiker-dakota-11.jpg","contentUrl":"https:\/\/www.urbanbiker.com\/wp-content\/uploads\/2023\/03\/urbanbiker-dakota-11.jpg","width":1080,"height":1080},{"@type":"BreadcrumbList","@id":"https:\/\/www.urbanbiker.com\/pt-pt\/porque-e-que-uma-bicicleta-electrica-pesa-tanto\/#breadcrumb","itemListElement":[{"@type":"ListItem","position":1,"name":"Portada","item":"https:\/\/www.urbanbiker.com\/pt-pt\/"},{"@type":"ListItem","position":2,"name":"Porque \u00e9 que uma bicicleta el\u00e9ctrica pesa tanto"}]},{"@type":"WebSite","@id":"https:\/\/www.urbanbiker.com\/pt-pt\/#website","url":"https:\/\/www.urbanbiker.com\/pt-pt\/","name":"UrbanBiker","description":"Bicicletas el\u00e9ctricas","publisher":{"@id":"https:\/\/www.urbanbiker.com\/pt-pt\/#organization"},"potentialAction":[{"@type":"SearchAction","target":{"@type":"EntryPoint","urlTemplate":"https:\/\/www.urbanbiker.com\/pt-pt\/?s={search_term_string}"},"query-input":{"@type":"PropertyValueSpecification","valueRequired":true,"valueName":"search_term_string"}}],"inLanguage":"pt-PT"},{"@type":"Organization","@id":"https:\/\/www.urbanbiker.com\/pt-pt\/#organization","name":"UrbanBiker","url":"https:\/\/www.urbanbiker.com\/pt-pt\/","logo":{"@type":"ImageObject","inLanguage":"pt-PT","@id":"https:\/\/www.urbanbiker.com\/pt-pt\/#\/schema\/logo\/image\/","url":"https:\/\/www.urbanbiker.com\/wp-content\/uploads\/2022\/09\/Logo-principal-sin-fondo.png","contentUrl":"https:\/\/www.urbanbiker.com\/wp-content\/uploads\/2022\/09\/Logo-principal-sin-fondo.png","width":2560,"height":934,"caption":"UrbanBiker"},"image":{"@id":"https:\/\/www.urbanbiker.com\/pt-pt\/#\/schema\/logo\/image\/"},"sameAs":["https:\/\/www.facebook.com\/Urbanbikerbiciselectricas","https:\/\/www.instagram.com\/urbanbiker_\/","https:\/\/www.linkedin.com\/company\/2454235","https:\/\/www.youtube.com\/channel\/UCWR__uH_RWJF-OhPfz-9-Qw"]},{"@type":"Person","@id":"https:\/\/www.urbanbiker.com\/pt-pt\/#\/schema\/person\/1cb58f0792ef226d6d409b73059515e0","name":"UrbanBiker","image":{"@type":"ImageObject","inLanguage":"pt-PT","@id":"https:\/\/secure.gravatar.com\/avatar\/22838f387878aabd10c8c90196e14f05497ff2fdd7c1267a5f035aa48d9ed396?s=96&d=mm&r=g","url":"https:\/\/secure.gravatar.com\/avatar\/22838f387878aabd10c8c90196e14f05497ff2fdd7c1267a5f035aa48d9ed396?s=96&d=mm&r=g","contentUrl":"https:\/\/secure.gravatar.com\/avatar\/22838f387878aabd10c8c90196e14f05497ff2fdd7c1267a5f035aa48d9ed396?s=96&d=mm&r=g","caption":"UrbanBiker"},"sameAs":["http:\/\/www.urbanbiker.com\/","https:\/\/www.facebook.com\/Urbanbikerbiciselectricas\/","https:\/\/www.linkedin.com\/company\/urbanbiker\/","https:\/\/www.youtube.com\/@UrbanbikerEbikes"]}]}},"_links":{"self":[{"href":"https:\/\/www.urbanbiker.com\/pt-pt\/wp-json\/wp\/v2\/posts\/39426","targetHints":{"allow":["GET"]}}],"collection":[{"href":"https:\/\/www.urbanbiker.com\/pt-pt\/wp-json\/wp\/v2\/posts"}],"about":[{"href":"https:\/\/www.urbanbiker.com\/pt-pt\/wp-json\/wp\/v2\/types\/post"}],"author":[{"embeddable":true,"href":"https:\/\/www.urbanbiker.com\/pt-pt\/wp-json\/wp\/v2\/users\/1"}],"replies":[{"embeddable":true,"href":"https:\/\/www.urbanbiker.com\/pt-pt\/wp-json\/wp\/v2\/comments?post=39426"}],"version-history":[{"count":1,"href":"https:\/\/www.urbanbiker.com\/pt-pt\/wp-json\/wp\/v2\/posts\/39426\/revisions"}],"predecessor-version":[{"id":39427,"href":"https:\/\/www.urbanbiker.com\/pt-pt\/wp-json\/wp\/v2\/posts\/39426\/revisions\/39427"}],"wp:featuredmedia":[{"embeddable":true,"href":"https:\/\/www.urbanbiker.com\/pt-pt\/wp-json\/wp\/v2\/media\/34830"}],"wp:attachment":[{"href":"https:\/\/www.urbanbiker.com\/pt-pt\/wp-json\/wp\/v2\/media?parent=39426"}],"wp:term":[{"taxonomy":"category","embeddable":true,"href":"https:\/\/www.urbanbiker.com\/pt-pt\/wp-json\/wp\/v2\/categories?post=39426"},{"taxonomy":"post_tag","embeddable":true,"href":"https:\/\/www.urbanbiker.com\/pt-pt\/wp-json\/wp\/v2\/tags?post=39426"}],"curies":[{"name":"wp","href":"https:\/\/api.w.org\/{rel}","templated":true}]}}