{"id":39329,"date":"2025-01-11T16:06:10","date_gmt":"2025-01-11T15:06:10","guid":{"rendered":"https:\/\/www.urbanbiker.com\/a-importancia-da-potencia-certa-para-a-tua-bicicleta-electrica\/"},"modified":"2025-01-11T16:06:10","modified_gmt":"2025-01-11T15:06:10","slug":"a-importancia-da-potencia-certa-para-a-tua-bicicleta-electrica","status":"publish","type":"post","link":"https:\/\/www.urbanbiker.com\/pt-pt\/a-importancia-da-potencia-certa-para-a-tua-bicicleta-electrica\/","title":{"rendered":"A import\u00e2ncia da pot\u00eancia certa para a tua bicicleta el\u00e9ctrica"},"content":{"rendered":"<p><strong>A parte que torna a bicicleta perfeita para ti<\/strong><\/p>\n<p>Sabias que h\u00e1 uma pe\u00e7a na tua bicicleta que j\u00e1 est\u00e1 optimizada para te dar o melhor desempenho? \u00c9 o <strong>avan\u00e7o<\/strong>, esse pequeno mas crucial componente que liga o teu guiador \u00e0 forqueta. Embora passe despercebido, \u00e9 a chave para tornar a tua experi\u00eancia em duas rodas a melhor poss\u00edvel.  <\/p>\n<p><strong>Porque \u00e9 que o avan\u00e7o da tua bicicleta \u00e9 t\u00e3o especial?<\/strong><\/p>\n<p>O avan\u00e7o n\u00e3o s\u00f3 influencia o aspeto da tua bicicleta, como tamb\u00e9m a forma como te sentes quando pedalas. O seu design, comprimento e \u00e2ngulo afectam diretamente a tua postura, o controlo que tens e at\u00e9 o teu conforto em passeios mais longos. O avan\u00e7o que tens agora foi cuidadosamente selecionado para que cada movimento seja suave e preciso.  <\/p>\n<p><strong>A tua bicicleta j\u00e1 est\u00e1 no seu melhor<\/strong><\/p>\n<p>Imagina conduzir sabendo que todos os aspectos da tua moto est\u00e3o afinados para te dar o equil\u00edbrio perfeito entre estabilidade, agilidade e conforto. \u00c9 isso que a pot\u00eancia que j\u00e1 tens faz, permitindo-te desfrutar de cada quil\u00f3metro. <\/p>\n<blockquote><p><strong>Andar de bicicleta com confian\u00e7a come\u00e7a com a avalia\u00e7\u00e3o do design da ebike.<\/strong><\/p><\/blockquote>\n<p>Se mesmo assim sentires que precisas de mudar o avan\u00e7o, n\u00e3o te esque\u00e7as de consultar sempre um especialista para te aconselhar sobre a compatibilidade e as consequ\u00eancias da mudan\u00e7a.<\/p>\n<p>Valoriza e confia no equil\u00edbrio perfeito que j\u00e1 tens. A tua bicicleta est\u00e1 preparada para ser a tua melhor aliada &#8211; est\u00e1 na altura de a aproveitares ao m\u00e1ximo!  <\/p>\n","protected":false},"excerpt":{"rendered":"<p>A parte que torna a bicicleta perfeita para ti Sabias que h\u00e1 uma pe\u00e7a na tua bicicleta que j\u00e1 est\u00e1 optimizada para te dar o melhor desempenho? \u00c9 o avan\u00e7o, esse pequeno mas crucial componente que liga o teu guiador \u00e0 forqueta. Embora passe despercebido, \u00e9 a chave para tornar a tua experi\u00eancia em duas [&hellip;]<\/p>\n","protected":false},"author":1,"featured_media":37946,"comment_status":"open","ping_status":"open","sticky":false,"template":"","format":"standard","meta":{"footnotes":""},"categories":[298],"tags":[],"class_list":["post-39329","post","type-post","status-publish","format-standard","has-post-thumbnail","hentry","category-conselhos"],"yoast_head":"<!-- This site is optimized with the Yoast SEO plugin v27.5 - https:\/\/yoast.com\/product\/yoast-seo-wordpress\/ -->\n<title>A import\u00e2ncia da pot\u00eancia certa para a tua bicicleta el\u00e9ctrica<\/title>\n<meta name=\"description\" content=\"A import\u00e2ncia do avan\u00e7o certo na tua bicicleta el\u00e9ctrica. A parte que torna a bicicleta perfeita para ti.\" \/>\n<meta name=\"robots\" content=\"noindex, follow\" \/>\n<meta property=\"og:locale\" content=\"pt_PT\" \/>\n<meta property=\"og:type\" content=\"article\" \/>\n<meta property=\"og:title\" content=\"A import\u00e2ncia da pot\u00eancia certa para a tua bicicleta el\u00e9ctrica\" \/>\n<meta property=\"og:description\" content=\"A import\u00e2ncia do avan\u00e7o certo na tua bicicleta el\u00e9ctrica. A parte que torna a bicicleta perfeita para ti.\" \/>\n<meta property=\"og:url\" content=\"https:\/\/www.urbanbiker.com\/pt-pt\/a-importancia-da-potencia-certa-para-a-tua-bicicleta-electrica\/\" \/>\n<meta property=\"og:site_name\" content=\"UrbanBiker\" \/>\n<meta property=\"article:publisher\" content=\"https:\/\/www.facebook.com\/Urbanbikerbiciselectricas\" \/>\n<meta property=\"article:author\" content=\"https:\/\/www.facebook.com\/Urbanbikerbiciselectricas\/\" \/>\n<meta property=\"article:published_time\" content=\"2025-01-11T15:06:10+00:00\" \/>\n<meta property=\"og:image\" content=\"https:\/\/www.urbanbiker.com\/wp-content\/uploads\/2025\/03\/la-importancia-la-potencia-adecuada-en-tu-bicicleta-electrica.png\" \/>\n\t<meta property=\"og:image:width\" content=\"677\" \/>\n\t<meta property=\"og:image:height\" content=\"430\" \/>\n\t<meta property=\"og:image:type\" content=\"image\/png\" \/>\n<meta name=\"author\" content=\"UrbanBiker\" \/>\n<meta name=\"twitter:card\" content=\"summary_large_image\" \/>\n<meta name=\"twitter:label1\" content=\"Escrito por\" \/>\n\t<meta name=\"twitter:data1\" content=\"UrbanBiker\" \/>\n\t<meta name=\"twitter:label2\" content=\"Tempo estimado de leitura\" \/>\n\t<meta name=\"twitter:data2\" content=\"1 minuto\" \/>\n<script type=\"application\/ld+json\" class=\"yoast-schema-graph\">{\"@context\":\"https:\\\/\\\/schema.org\",\"@graph\":[{\"@type\":\"Article\",\"@id\":\"https:\\\/\\\/www.urbanbiker.com\\\/pt-pt\\\/a-importancia-da-potencia-certa-para-a-tua-bicicleta-electrica\\\/#article\",\"isPartOf\":{\"@id\":\"https:\\\/\\\/www.urbanbiker.com\\\/pt-pt\\\/a-importancia-da-potencia-certa-para-a-tua-bicicleta-electrica\\\/\"},\"author\":{\"name\":\"UrbanBiker\",\"@id\":\"https:\\\/\\\/www.urbanbiker.com\\\/pt-pt\\\/#\\\/schema\\\/person\\\/1cb58f0792ef226d6d409b73059515e0\"},\"headline\":\"A import\u00e2ncia da pot\u00eancia certa para a tua bicicleta el\u00e9ctrica\",\"datePublished\":\"2025-01-11T15:06:10+00:00\",\"mainEntityOfPage\":{\"@id\":\"https:\\\/\\\/www.urbanbiker.com\\\/pt-pt\\\/a-importancia-da-potencia-certa-para-a-tua-bicicleta-electrica\\\/\"},\"wordCount\":276,\"commentCount\":0,\"publisher\":{\"@id\":\"https:\\\/\\\/www.urbanbiker.com\\\/pt-pt\\\/#organization\"},\"image\":{\"@id\":\"https:\\\/\\\/www.urbanbiker.com\\\/pt-pt\\\/a-importancia-da-potencia-certa-para-a-tua-bicicleta-electrica\\\/#primaryimage\"},\"thumbnailUrl\":\"https:\\\/\\\/www.urbanbiker.com\\\/wp-content\\\/uploads\\\/2025\\\/03\\\/la-importancia-la-potencia-adecuada-en-tu-bicicleta-electrica.png\",\"articleSection\":[\"Conselhos\"],\"inLanguage\":\"pt-PT\",\"potentialAction\":[{\"@type\":\"CommentAction\",\"name\":\"Comment\",\"target\":[\"https:\\\/\\\/www.urbanbiker.com\\\/pt-pt\\\/a-importancia-da-potencia-certa-para-a-tua-bicicleta-electrica\\\/#respond\"]}]},{\"@type\":\"WebPage\",\"@id\":\"https:\\\/\\\/www.urbanbiker.com\\\/pt-pt\\\/a-importancia-da-potencia-certa-para-a-tua-bicicleta-electrica\\\/\",\"url\":\"https:\\\/\\\/www.urbanbiker.com\\\/pt-pt\\\/a-importancia-da-potencia-certa-para-a-tua-bicicleta-electrica\\\/\",\"name\":\"A import\u00e2ncia da pot\u00eancia certa para a tua bicicleta el\u00e9ctrica\",\"isPartOf\":{\"@id\":\"https:\\\/\\\/www.urbanbiker.com\\\/pt-pt\\\/#website\"},\"primaryImageOfPage\":{\"@id\":\"https:\\\/\\\/www.urbanbiker.com\\\/pt-pt\\\/a-importancia-da-potencia-certa-para-a-tua-bicicleta-electrica\\\/#primaryimage\"},\"image\":{\"@id\":\"https:\\\/\\\/www.urbanbiker.com\\\/pt-pt\\\/a-importancia-da-potencia-certa-para-a-tua-bicicleta-electrica\\\/#primaryimage\"},\"thumbnailUrl\":\"https:\\\/\\\/www.urbanbiker.com\\\/wp-content\\\/uploads\\\/2025\\\/03\\\/la-importancia-la-potencia-adecuada-en-tu-bicicleta-electrica.png\",\"datePublished\":\"2025-01-11T15:06:10+00:00\",\"description\":\"A import\u00e2ncia do avan\u00e7o certo na tua bicicleta el\u00e9ctrica. A parte que torna a bicicleta perfeita para ti.\",\"breadcrumb\":{\"@id\":\"https:\\\/\\\/www.urbanbiker.com\\\/pt-pt\\\/a-importancia-da-potencia-certa-para-a-tua-bicicleta-electrica\\\/#breadcrumb\"},\"inLanguage\":\"pt-PT\",\"potentialAction\":[{\"@type\":\"ReadAction\",\"target\":[\"https:\\\/\\\/www.urbanbiker.com\\\/pt-pt\\\/a-importancia-da-potencia-certa-para-a-tua-bicicleta-electrica\\\/\"]}]},{\"@type\":\"ImageObject\",\"inLanguage\":\"pt-PT\",\"@id\":\"https:\\\/\\\/www.urbanbiker.com\\\/pt-pt\\\/a-importancia-da-potencia-certa-para-a-tua-bicicleta-electrica\\\/#primaryimage\",\"url\":\"https:\\\/\\\/www.urbanbiker.com\\\/wp-content\\\/uploads\\\/2025\\\/03\\\/la-importancia-la-potencia-adecuada-en-tu-bicicleta-electrica.png\",\"contentUrl\":\"https:\\\/\\\/www.urbanbiker.com\\\/wp-content\\\/uploads\\\/2025\\\/03\\\/la-importancia-la-potencia-adecuada-en-tu-bicicleta-electrica.png\",\"width\":677,\"height\":430,\"caption\":\"la importancia la potencia adecuada en tu bicicleta-electrica\"},{\"@type\":\"BreadcrumbList\",\"@id\":\"https:\\\/\\\/www.urbanbiker.com\\\/pt-pt\\\/a-importancia-da-potencia-certa-para-a-tua-bicicleta-electrica\\\/#breadcrumb\",\"itemListElement\":[{\"@type\":\"ListItem\",\"position\":1,\"name\":\"Portada\",\"item\":\"https:\\\/\\\/www.urbanbiker.com\\\/pt-pt\\\/\"},{\"@type\":\"ListItem\",\"position\":2,\"name\":\"A import\u00e2ncia da pot\u00eancia certa para a tua bicicleta el\u00e9ctrica\"}]},{\"@type\":\"WebSite\",\"@id\":\"https:\\\/\\\/www.urbanbiker.com\\\/pt-pt\\\/#website\",\"url\":\"https:\\\/\\\/www.urbanbiker.com\\\/pt-pt\\\/\",\"name\":\"UrbanBiker\",\"description\":\"Bicicletas el\u00e9ctricas\",\"publisher\":{\"@id\":\"https:\\\/\\\/www.urbanbiker.com\\\/pt-pt\\\/#organization\"},\"potentialAction\":[{\"@type\":\"SearchAction\",\"target\":{\"@type\":\"EntryPoint\",\"urlTemplate\":\"https:\\\/\\\/www.urbanbiker.com\\\/pt-pt\\\/?s={search_term_string}\"},\"query-input\":{\"@type\":\"PropertyValueSpecification\",\"valueRequired\":true,\"valueName\":\"search_term_string\"}}],\"inLanguage\":\"pt-PT\"},{\"@type\":\"Organization\",\"@id\":\"https:\\\/\\\/www.urbanbiker.com\\\/pt-pt\\\/#organization\",\"name\":\"UrbanBiker\",\"url\":\"https:\\\/\\\/www.urbanbiker.com\\\/pt-pt\\\/\",\"logo\":{\"@type\":\"ImageObject\",\"inLanguage\":\"pt-PT\",\"@id\":\"https:\\\/\\\/www.urbanbiker.com\\\/pt-pt\\\/#\\\/schema\\\/logo\\\/image\\\/\",\"url\":\"https:\\\/\\\/www.urbanbiker.com\\\/wp-content\\\/uploads\\\/2022\\\/09\\\/Logo-principal-sin-fondo.png\",\"contentUrl\":\"https:\\\/\\\/www.urbanbiker.com\\\/wp-content\\\/uploads\\\/2022\\\/09\\\/Logo-principal-sin-fondo.png\",\"width\":2560,\"height\":934,\"caption\":\"UrbanBiker\"},\"image\":{\"@id\":\"https:\\\/\\\/www.urbanbiker.com\\\/pt-pt\\\/#\\\/schema\\\/logo\\\/image\\\/\"},\"sameAs\":[\"https:\\\/\\\/www.facebook.com\\\/Urbanbikerbiciselectricas\",\"https:\\\/\\\/www.instagram.com\\\/urbanbiker_\\\/\",\"https:\\\/\\\/www.linkedin.com\\\/company\\\/2454235\",\"https:\\\/\\\/www.youtube.com\\\/channel\\\/UCWR__uH_RWJF-OhPfz-9-Qw\"]},{\"@type\":\"Person\",\"@id\":\"https:\\\/\\\/www.urbanbiker.com\\\/pt-pt\\\/#\\\/schema\\\/person\\\/1cb58f0792ef226d6d409b73059515e0\",\"name\":\"UrbanBiker\",\"image\":{\"@type\":\"ImageObject\",\"inLanguage\":\"pt-PT\",\"@id\":\"https:\\\/\\\/secure.gravatar.com\\\/avatar\\\/22838f387878aabd10c8c90196e14f05497ff2fdd7c1267a5f035aa48d9ed396?s=96&d=mm&r=g\",\"url\":\"https:\\\/\\\/secure.gravatar.com\\\/avatar\\\/22838f387878aabd10c8c90196e14f05497ff2fdd7c1267a5f035aa48d9ed396?s=96&d=mm&r=g\",\"contentUrl\":\"https:\\\/\\\/secure.gravatar.com\\\/avatar\\\/22838f387878aabd10c8c90196e14f05497ff2fdd7c1267a5f035aa48d9ed396?s=96&d=mm&r=g\",\"caption\":\"UrbanBiker\"},\"sameAs\":[\"http:\\\/\\\/www.urbanbiker.com\\\/\",\"https:\\\/\\\/www.facebook.com\\\/Urbanbikerbiciselectricas\\\/\",\"https:\\\/\\\/www.linkedin.com\\\/company\\\/urbanbiker\\\/\",\"https:\\\/\\\/www.youtube.com\\\/@UrbanbikerEbikes\"]}]}<\/script>\n<!-- \/ Yoast SEO plugin. -->","yoast_head_json":{"title":"A import\u00e2ncia da pot\u00eancia certa para a tua bicicleta el\u00e9ctrica","description":"A import\u00e2ncia do avan\u00e7o certo na tua bicicleta el\u00e9ctrica. A parte que torna a bicicleta perfeita para ti.","robots":{"index":"noindex","follow":"follow"},"og_locale":"pt_PT","og_type":"article","og_title":"A import\u00e2ncia da pot\u00eancia certa para a tua bicicleta el\u00e9ctrica","og_description":"A import\u00e2ncia do avan\u00e7o certo na tua bicicleta el\u00e9ctrica. A parte que torna a bicicleta perfeita para ti.","og_url":"https:\/\/www.urbanbiker.com\/pt-pt\/a-importancia-da-potencia-certa-para-a-tua-bicicleta-electrica\/","og_site_name":"UrbanBiker","article_publisher":"https:\/\/www.facebook.com\/Urbanbikerbiciselectricas","article_author":"https:\/\/www.facebook.com\/Urbanbikerbiciselectricas\/","article_published_time":"2025-01-11T15:06:10+00:00","og_image":[{"width":677,"height":430,"url":"https:\/\/www.urbanbiker.com\/wp-content\/uploads\/2025\/03\/la-importancia-la-potencia-adecuada-en-tu-bicicleta-electrica.png","type":"image\/png"}],"author":"UrbanBiker","twitter_card":"summary_large_image","twitter_misc":{"Escrito por":"UrbanBiker","Tempo estimado de leitura":"1 minuto"},"schema":{"@context":"https:\/\/schema.org","@graph":[{"@type":"Article","@id":"https:\/\/www.urbanbiker.com\/pt-pt\/a-importancia-da-potencia-certa-para-a-tua-bicicleta-electrica\/#article","isPartOf":{"@id":"https:\/\/www.urbanbiker.com\/pt-pt\/a-importancia-da-potencia-certa-para-a-tua-bicicleta-electrica\/"},"author":{"name":"UrbanBiker","@id":"https:\/\/www.urbanbiker.com\/pt-pt\/#\/schema\/person\/1cb58f0792ef226d6d409b73059515e0"},"headline":"A import\u00e2ncia da pot\u00eancia certa para a tua bicicleta el\u00e9ctrica","datePublished":"2025-01-11T15:06:10+00:00","mainEntityOfPage":{"@id":"https:\/\/www.urbanbiker.com\/pt-pt\/a-importancia-da-potencia-certa-para-a-tua-bicicleta-electrica\/"},"wordCount":276,"commentCount":0,"publisher":{"@id":"https:\/\/www.urbanbiker.com\/pt-pt\/#organization"},"image":{"@id":"https:\/\/www.urbanbiker.com\/pt-pt\/a-importancia-da-potencia-certa-para-a-tua-bicicleta-electrica\/#primaryimage"},"thumbnailUrl":"https:\/\/www.urbanbiker.com\/wp-content\/uploads\/2025\/03\/la-importancia-la-potencia-adecuada-en-tu-bicicleta-electrica.png","articleSection":["Conselhos"],"inLanguage":"pt-PT","potentialAction":[{"@type":"CommentAction","name":"Comment","target":["https:\/\/www.urbanbiker.com\/pt-pt\/a-importancia-da-potencia-certa-para-a-tua-bicicleta-electrica\/#respond"]}]},{"@type":"WebPage","@id":"https:\/\/www.urbanbiker.com\/pt-pt\/a-importancia-da-potencia-certa-para-a-tua-bicicleta-electrica\/","url":"https:\/\/www.urbanbiker.com\/pt-pt\/a-importancia-da-potencia-certa-para-a-tua-bicicleta-electrica\/","name":"A import\u00e2ncia da pot\u00eancia certa para a tua bicicleta el\u00e9ctrica","isPartOf":{"@id":"https:\/\/www.urbanbiker.com\/pt-pt\/#website"},"primaryImageOfPage":{"@id":"https:\/\/www.urbanbiker.com\/pt-pt\/a-importancia-da-potencia-certa-para-a-tua-bicicleta-electrica\/#primaryimage"},"image":{"@id":"https:\/\/www.urbanbiker.com\/pt-pt\/a-importancia-da-potencia-certa-para-a-tua-bicicleta-electrica\/#primaryimage"},"thumbnailUrl":"https:\/\/www.urbanbiker.com\/wp-content\/uploads\/2025\/03\/la-importancia-la-potencia-adecuada-en-tu-bicicleta-electrica.png","datePublished":"2025-01-11T15:06:10+00:00","description":"A import\u00e2ncia do avan\u00e7o certo na tua bicicleta el\u00e9ctrica. A parte que torna a bicicleta perfeita para ti.","breadcrumb":{"@id":"https:\/\/www.urbanbiker.com\/pt-pt\/a-importancia-da-potencia-certa-para-a-tua-bicicleta-electrica\/#breadcrumb"},"inLanguage":"pt-PT","potentialAction":[{"@type":"ReadAction","target":["https:\/\/www.urbanbiker.com\/pt-pt\/a-importancia-da-potencia-certa-para-a-tua-bicicleta-electrica\/"]}]},{"@type":"ImageObject","inLanguage":"pt-PT","@id":"https:\/\/www.urbanbiker.com\/pt-pt\/a-importancia-da-potencia-certa-para-a-tua-bicicleta-electrica\/#primaryimage","url":"https:\/\/www.urbanbiker.com\/wp-content\/uploads\/2025\/03\/la-importancia-la-potencia-adecuada-en-tu-bicicleta-electrica.png","contentUrl":"https:\/\/www.urbanbiker.com\/wp-content\/uploads\/2025\/03\/la-importancia-la-potencia-adecuada-en-tu-bicicleta-electrica.png","width":677,"height":430,"caption":"la importancia la potencia adecuada en tu bicicleta-electrica"},{"@type":"BreadcrumbList","@id":"https:\/\/www.urbanbiker.com\/pt-pt\/a-importancia-da-potencia-certa-para-a-tua-bicicleta-electrica\/#breadcrumb","itemListElement":[{"@type":"ListItem","position":1,"name":"Portada","item":"https:\/\/www.urbanbiker.com\/pt-pt\/"},{"@type":"ListItem","position":2,"name":"A import\u00e2ncia da pot\u00eancia certa para a tua bicicleta el\u00e9ctrica"}]},{"@type":"WebSite","@id":"https:\/\/www.urbanbiker.com\/pt-pt\/#website","url":"https:\/\/www.urbanbiker.com\/pt-pt\/","name":"UrbanBiker","description":"Bicicletas el\u00e9ctricas","publisher":{"@id":"https:\/\/www.urbanbiker.com\/pt-pt\/#organization"},"potentialAction":[{"@type":"SearchAction","target":{"@type":"EntryPoint","urlTemplate":"https:\/\/www.urbanbiker.com\/pt-pt\/?s={search_term_string}"},"query-input":{"@type":"PropertyValueSpecification","valueRequired":true,"valueName":"search_term_string"}}],"inLanguage":"pt-PT"},{"@type":"Organization","@id":"https:\/\/www.urbanbiker.com\/pt-pt\/#organization","name":"UrbanBiker","url":"https:\/\/www.urbanbiker.com\/pt-pt\/","logo":{"@type":"ImageObject","inLanguage":"pt-PT","@id":"https:\/\/www.urbanbiker.com\/pt-pt\/#\/schema\/logo\/image\/","url":"https:\/\/www.urbanbiker.com\/wp-content\/uploads\/2022\/09\/Logo-principal-sin-fondo.png","contentUrl":"https:\/\/www.urbanbiker.com\/wp-content\/uploads\/2022\/09\/Logo-principal-sin-fondo.png","width":2560,"height":934,"caption":"UrbanBiker"},"image":{"@id":"https:\/\/www.urbanbiker.com\/pt-pt\/#\/schema\/logo\/image\/"},"sameAs":["https:\/\/www.facebook.com\/Urbanbikerbiciselectricas","https:\/\/www.instagram.com\/urbanbiker_\/","https:\/\/www.linkedin.com\/company\/2454235","https:\/\/www.youtube.com\/channel\/UCWR__uH_RWJF-OhPfz-9-Qw"]},{"@type":"Person","@id":"https:\/\/www.urbanbiker.com\/pt-pt\/#\/schema\/person\/1cb58f0792ef226d6d409b73059515e0","name":"UrbanBiker","image":{"@type":"ImageObject","inLanguage":"pt-PT","@id":"https:\/\/secure.gravatar.com\/avatar\/22838f387878aabd10c8c90196e14f05497ff2fdd7c1267a5f035aa48d9ed396?s=96&d=mm&r=g","url":"https:\/\/secure.gravatar.com\/avatar\/22838f387878aabd10c8c90196e14f05497ff2fdd7c1267a5f035aa48d9ed396?s=96&d=mm&r=g","contentUrl":"https:\/\/secure.gravatar.com\/avatar\/22838f387878aabd10c8c90196e14f05497ff2fdd7c1267a5f035aa48d9ed396?s=96&d=mm&r=g","caption":"UrbanBiker"},"sameAs":["http:\/\/www.urbanbiker.com\/","https:\/\/www.facebook.com\/Urbanbikerbiciselectricas\/","https:\/\/www.linkedin.com\/company\/urbanbiker\/","https:\/\/www.youtube.com\/@UrbanbikerEbikes"]}]}},"_links":{"self":[{"href":"https:\/\/www.urbanbiker.com\/pt-pt\/wp-json\/wp\/v2\/posts\/39329","targetHints":{"allow":["GET"]}}],"collection":[{"href":"https:\/\/www.urbanbiker.com\/pt-pt\/wp-json\/wp\/v2\/posts"}],"about":[{"href":"https:\/\/www.urbanbiker.com\/pt-pt\/wp-json\/wp\/v2\/types\/post"}],"author":[{"embeddable":true,"href":"https:\/\/www.urbanbiker.com\/pt-pt\/wp-json\/wp\/v2\/users\/1"}],"replies":[{"embeddable":true,"href":"https:\/\/www.urbanbiker.com\/pt-pt\/wp-json\/wp\/v2\/comments?post=39329"}],"version-history":[{"count":0,"href":"https:\/\/www.urbanbiker.com\/pt-pt\/wp-json\/wp\/v2\/posts\/39329\/revisions"}],"wp:featuredmedia":[{"embeddable":true,"href":"https:\/\/www.urbanbiker.com\/pt-pt\/wp-json\/wp\/v2\/media\/37946"}],"wp:attachment":[{"href":"https:\/\/www.urbanbiker.com\/pt-pt\/wp-json\/wp\/v2\/media?parent=39329"}],"wp:term":[{"taxonomy":"category","embeddable":true,"href":"https:\/\/www.urbanbiker.com\/pt-pt\/wp-json\/wp\/v2\/categories?post=39329"},{"taxonomy":"post_tag","embeddable":true,"href":"https:\/\/www.urbanbiker.com\/pt-pt\/wp-json\/wp\/v2\/tags?post=39329"}],"curies":[{"name":"wp","href":"https:\/\/api.w.org\/{rel}","templated":true}]}}