{"id":39304,"date":"2025-02-11T16:18:03","date_gmt":"2025-02-11T15:18:03","guid":{"rendered":"https:\/\/www.urbanbiker.com\/suspensao-dupla-numa-bicicleta-electrica-quando-deves-escolher-esta-opcao\/"},"modified":"2025-03-18T09:33:00","modified_gmt":"2025-03-18T08:33:00","slug":"suspensao-dupla-numa-bicicleta-electrica-quando-deves-escolher-esta-opcao","status":"publish","type":"post","link":"https:\/\/www.urbanbiker.com\/pt-pt\/suspensao-dupla-numa-bicicleta-electrica-quando-deves-escolher-esta-opcao\/","title":{"rendered":"Suspens\u00e3o dupla numa bicicleta el\u00e9ctrica? Quando deves escolher esta op\u00e7\u00e3o"},"content":{"rendered":"<p>As bicicletas de montanha el\u00e9ctricas revolucionaram a forma como exploramos trilhos e percursos exigentes. Dentro deste mundo, uma das decis\u00f5es chave \u00e9 escolher entre uma e-MTB <strong>r\u00edgida<\/strong> ou uma <strong>e-MTB com suspens\u00e3o total<\/strong>. Se est\u00e1s a pensar quando deves optar por uma e-MTB com suspens\u00e3o total, continua a ler.  <\/p>\n<p><strong>O que \u00e9 uma bicicleta el\u00e9ctrica de suspens\u00e3o total?<\/strong><\/p>\n<p>As bicicletas el\u00e9ctricas com suspens\u00e3o total s\u00e3o concebidas com amortecimento tanto na <strong>forqueta diante<\/strong> ira como na <strong>parte traseira do quadro<\/strong>. Este sistema reduz o impacto de terrenos irregulares e melhora o conforto e o controlo ao pedalar. <\/p>\n<p>A sua constru\u00e7\u00e3o torna-as ideais para quem procura uma condu\u00e7\u00e3o mais suave em terrenos t\u00e9cnicos ou em passeios e trilhos de montanha acidentados.<\/p>\n<p><strong>Vantagens de uma bicicleta el\u00e9ctrica com suspens\u00e3o total<\/strong><\/p>\n<p><strong>\ud83c\udfde\ufe0f<\/strong><strong> Aumenta o conforto em terrenos irregulares<\/strong><\/p>\n<p>Se tencionas percorrer trilhos acidentados, com ra\u00edzes ou em descidas, uma <strong>e-MTB com suspens\u00e3o dupla<\/strong> absorve melhor as vibra\u00e7\u00f5es do terreno, minimizando a fadiga nos trilhos.<\/p>\n<p><strong>\ud83d\udd25<\/strong><strong> Mais estabilidade e controlo nas descidas<\/strong><\/p>\n<p>Gra\u00e7as ao seu design, estas bicicletas el\u00e9ctricas proporcionam <strong>uma maior tra\u00e7\u00e3o e ader\u00eancia nas descidas<\/strong>, evitando saltos bruscos e oferecendo uma condu\u00e7\u00e3o mais segura.<\/p>\n<p><strong>\u26a1<\/strong><strong> Melhor desempenho em terrenos t\u00e9cnicos<\/strong><\/p>\n<p>Se gostas de percursos exigentes com <strong>curvas e subidas<\/strong>, a suspens\u00e3o dupla permite-te manter o controlo sem perder a efici\u00eancia da pedalada.<\/p>\n<p><strong>Quando escolher uma bicicleta el\u00e9ctrica com suspens\u00e3o total?<\/strong><\/p>\n<p>Recomenda-se a escolha de uma <strong>e-MTB com suspens\u00e3o total<\/strong> se:<\/p>\n<p>\u2714\ufe0f <strong>Gostas de explorar percursos de montanha<\/strong> com terreno irregular.<br \/>\n\u2714\ufe0f D\u00e1s <strong>prioridade ao conforto e \u00e0 estabilidade<\/strong> nos percursos longos.<br \/>\n\u2714\ufe0f <strong>Gostas de percursos t\u00e9cnicos com descidas e alguns obst\u00e1culos<\/strong>.<br \/>\n\u2714\ufe0f <strong>Procuras mais controlo e seguran\u00e7a em terrenos acidentados<\/strong>.<\/p>\n<p><strong>E se eu preferir uma e-MTB r\u00edgida?<\/strong><\/p>\n<p>Se percorreres percursos mais suaves, principalmente em trilhos florestais, estradas rurais e caminhos verdes, uma bicicleta el\u00e9ctrica hardtail pode ser uma melhor op\u00e7\u00e3o. S\u00e3o mais leves, requerem menos manuten\u00e7\u00e3o e oferecem maior efici\u00eancia de pedalada em terrenos menos t\u00e9cnicos. <\/p>\n<p><strong>Conclus\u00e3o<\/strong><\/p>\n<p>A escolha entre uma e-MTB <strong>com suspens\u00e3o total<\/strong> ou uma <strong>e-MTB r\u00edgida<\/strong> depende do teu estilo de condu\u00e7\u00e3o e do tipo de trilhos que pretendes percorrer. Se procuras <strong>o m\u00e1ximo conforto, estabilidade e controlo em todos os tipos de terreno,<\/strong> a suspens\u00e3o total \u00e9 uma excelente escolha. <\/p>\n<p>Antes de tomares uma decis\u00e3o, analisa as tuas necessidades e o tipo de viagens que pretendes fazer. E se ainda tiveres d\u00favidas, entra em contacto com <strong>UrbanBiker<\/strong> para encontrar a bicicleta el\u00e9ctrica perfeita para ti! \ud83d\udeb4\u26a1  <\/p>\n<p>\ud83d\udccc <strong>Queres saber mais?<\/strong> Explora o nosso cat\u00e1logo de bicicletas el\u00e9ctricas concebidas para todos os tipos de utilizadores.<\/p>\n<p><strong>Para mais informa\u00e7\u00f5es e detalhes, podes consultar o artigo original no s\u00edtio Web da Real Federa\u00e7\u00e3o Espanhola de Ciclismo: <a href=\"https:\/\/rfec.com\/index.php\/es\/smartweb\/universo_ciclista\/articulo\/rfec\/349-Cuando-elegir-una-bicicleta-de-montana-con-doble-suspension-1Wib#:~:text=Las%20bicis%20de%20doble%20suspensi%C3%B3n,bici%2C%20en%20el%20tubo%20vertical.\" target=\"_blank\" rel=\"noopener\">Link<\/a>.<\/strong><\/p>\n","protected":false},"excerpt":{"rendered":"<p>As bicicletas de montanha el\u00e9ctricas revolucionaram a forma como exploramos trilhos e percursos exigentes. Dentro deste mundo, uma das decis\u00f5es chave \u00e9 escolher entre uma e-MTB r\u00edgida ou uma e-MTB com suspens\u00e3o total. Se est\u00e1s a pensar quando deves optar por uma e-MTB com suspens\u00e3o total, continua a ler. O que \u00e9 uma bicicleta el\u00e9ctrica [&hellip;]<\/p>\n","protected":false},"author":1,"featured_media":35106,"comment_status":"open","ping_status":"open","sticky":false,"template":"","format":"standard","meta":{"footnotes":""},"categories":[298,431],"tags":[],"class_list":["post-39304","post","type-post","status-publish","format-standard","has-post-thumbnail","hentry","category-conselhos","category-modelos-pt-pt"],"yoast_head":"<!-- This site is optimized with the Yoast SEO plugin v27.5 - https:\/\/yoast.com\/product\/yoast-seo-wordpress\/ -->\n<title>Suspens\u00e3o dupla numa bicicleta el\u00e9ctrica?<\/title>\n<meta name=\"description\" content=\"Suspens\u00e3o dupla numa bicicleta el\u00e9ctrica? Quando deves escolher esta op\u00e7\u00e3o. Vantagens de uma bicicleta el\u00e9ctrica com suspens\u00e3o total.\" \/>\n<meta name=\"robots\" content=\"noindex, follow\" \/>\n<meta property=\"og:locale\" content=\"pt_PT\" \/>\n<meta property=\"og:type\" content=\"article\" \/>\n<meta property=\"og:title\" content=\"Suspens\u00e3o dupla numa bicicleta el\u00e9ctrica?\" \/>\n<meta property=\"og:description\" content=\"Suspens\u00e3o dupla numa bicicleta el\u00e9ctrica? Quando deves escolher esta op\u00e7\u00e3o. Vantagens de uma bicicleta el\u00e9ctrica com suspens\u00e3o total.\" \/>\n<meta property=\"og:url\" content=\"https:\/\/www.urbanbiker.com\/pt-pt\/suspensao-dupla-numa-bicicleta-electrica-quando-deves-escolher-esta-opcao\/\" \/>\n<meta property=\"og:site_name\" content=\"UrbanBiker\" \/>\n<meta property=\"article:publisher\" content=\"https:\/\/www.facebook.com\/Urbanbikerbiciselectricas\" \/>\n<meta property=\"article:author\" content=\"https:\/\/www.facebook.com\/Urbanbikerbiciselectricas\/\" \/>\n<meta property=\"article:published_time\" content=\"2025-02-11T15:18:03+00:00\" \/>\n<meta property=\"article:modified_time\" content=\"2025-03-18T08:33:00+00:00\" \/>\n<meta property=\"og:image\" content=\"https:\/\/www.urbanbiker.com\/wp-content\/uploads\/2024\/12\/7-Contexto-DSC02497.jpg\" \/>\n\t<meta property=\"og:image:width\" content=\"1080\" \/>\n\t<meta property=\"og:image:height\" content=\"1080\" \/>\n\t<meta property=\"og:image:type\" content=\"image\/jpeg\" \/>\n<meta name=\"author\" content=\"UrbanBiker\" \/>\n<meta name=\"twitter:card\" content=\"summary_large_image\" \/>\n<meta name=\"twitter:label1\" content=\"Escrito por\" \/>\n\t<meta name=\"twitter:data1\" content=\"UrbanBiker\" \/>\n\t<meta name=\"twitter:label2\" content=\"Tempo estimado de leitura\" \/>\n\t<meta name=\"twitter:data2\" content=\"2 minutos\" \/>\n<script type=\"application\/ld+json\" class=\"yoast-schema-graph\">{\"@context\":\"https:\\\/\\\/schema.org\",\"@graph\":[{\"@type\":\"Article\",\"@id\":\"https:\\\/\\\/www.urbanbiker.com\\\/pt-pt\\\/suspensao-dupla-numa-bicicleta-electrica-quando-deves-escolher-esta-opcao\\\/#article\",\"isPartOf\":{\"@id\":\"https:\\\/\\\/www.urbanbiker.com\\\/pt-pt\\\/suspensao-dupla-numa-bicicleta-electrica-quando-deves-escolher-esta-opcao\\\/\"},\"author\":{\"name\":\"UrbanBiker\",\"@id\":\"https:\\\/\\\/www.urbanbiker.com\\\/pt-pt\\\/#\\\/schema\\\/person\\\/1cb58f0792ef226d6d409b73059515e0\"},\"headline\":\"Suspens\u00e3o dupla numa bicicleta el\u00e9ctrica? Quando deves escolher esta op\u00e7\u00e3o\",\"datePublished\":\"2025-02-11T15:18:03+00:00\",\"dateModified\":\"2025-03-18T08:33:00+00:00\",\"mainEntityOfPage\":{\"@id\":\"https:\\\/\\\/www.urbanbiker.com\\\/pt-pt\\\/suspensao-dupla-numa-bicicleta-electrica-quando-deves-escolher-esta-opcao\\\/\"},\"wordCount\":500,\"commentCount\":0,\"publisher\":{\"@id\":\"https:\\\/\\\/www.urbanbiker.com\\\/pt-pt\\\/#organization\"},\"image\":{\"@id\":\"https:\\\/\\\/www.urbanbiker.com\\\/pt-pt\\\/suspensao-dupla-numa-bicicleta-electrica-quando-deves-escolher-esta-opcao\\\/#primaryimage\"},\"thumbnailUrl\":\"https:\\\/\\\/www.urbanbiker.com\\\/wp-content\\\/uploads\\\/2024\\\/12\\\/7-Contexto-DSC02497.jpg\",\"articleSection\":[\"Conselhos\",\"Modelos\"],\"inLanguage\":\"pt-PT\",\"potentialAction\":[{\"@type\":\"CommentAction\",\"name\":\"Comment\",\"target\":[\"https:\\\/\\\/www.urbanbiker.com\\\/pt-pt\\\/suspensao-dupla-numa-bicicleta-electrica-quando-deves-escolher-esta-opcao\\\/#respond\"]}]},{\"@type\":\"WebPage\",\"@id\":\"https:\\\/\\\/www.urbanbiker.com\\\/pt-pt\\\/suspensao-dupla-numa-bicicleta-electrica-quando-deves-escolher-esta-opcao\\\/\",\"url\":\"https:\\\/\\\/www.urbanbiker.com\\\/pt-pt\\\/suspensao-dupla-numa-bicicleta-electrica-quando-deves-escolher-esta-opcao\\\/\",\"name\":\"Suspens\u00e3o dupla numa bicicleta el\u00e9ctrica?\",\"isPartOf\":{\"@id\":\"https:\\\/\\\/www.urbanbiker.com\\\/pt-pt\\\/#website\"},\"primaryImageOfPage\":{\"@id\":\"https:\\\/\\\/www.urbanbiker.com\\\/pt-pt\\\/suspensao-dupla-numa-bicicleta-electrica-quando-deves-escolher-esta-opcao\\\/#primaryimage\"},\"image\":{\"@id\":\"https:\\\/\\\/www.urbanbiker.com\\\/pt-pt\\\/suspensao-dupla-numa-bicicleta-electrica-quando-deves-escolher-esta-opcao\\\/#primaryimage\"},\"thumbnailUrl\":\"https:\\\/\\\/www.urbanbiker.com\\\/wp-content\\\/uploads\\\/2024\\\/12\\\/7-Contexto-DSC02497.jpg\",\"datePublished\":\"2025-02-11T15:18:03+00:00\",\"dateModified\":\"2025-03-18T08:33:00+00:00\",\"description\":\"Suspens\u00e3o dupla numa bicicleta el\u00e9ctrica? Quando deves escolher esta op\u00e7\u00e3o. Vantagens de uma bicicleta el\u00e9ctrica com suspens\u00e3o total.\",\"breadcrumb\":{\"@id\":\"https:\\\/\\\/www.urbanbiker.com\\\/pt-pt\\\/suspensao-dupla-numa-bicicleta-electrica-quando-deves-escolher-esta-opcao\\\/#breadcrumb\"},\"inLanguage\":\"pt-PT\",\"potentialAction\":[{\"@type\":\"ReadAction\",\"target\":[\"https:\\\/\\\/www.urbanbiker.com\\\/pt-pt\\\/suspensao-dupla-numa-bicicleta-electrica-quando-deves-escolher-esta-opcao\\\/\"]}]},{\"@type\":\"ImageObject\",\"inLanguage\":\"pt-PT\",\"@id\":\"https:\\\/\\\/www.urbanbiker.com\\\/pt-pt\\\/suspensao-dupla-numa-bicicleta-electrica-quando-deves-escolher-esta-opcao\\\/#primaryimage\",\"url\":\"https:\\\/\\\/www.urbanbiker.com\\\/wp-content\\\/uploads\\\/2024\\\/12\\\/7-Contexto-DSC02497.jpg\",\"contentUrl\":\"https:\\\/\\\/www.urbanbiker.com\\\/wp-content\\\/uploads\\\/2024\\\/12\\\/7-Contexto-DSC02497.jpg\",\"width\":1080,\"height\":1080},{\"@type\":\"BreadcrumbList\",\"@id\":\"https:\\\/\\\/www.urbanbiker.com\\\/pt-pt\\\/suspensao-dupla-numa-bicicleta-electrica-quando-deves-escolher-esta-opcao\\\/#breadcrumb\",\"itemListElement\":[{\"@type\":\"ListItem\",\"position\":1,\"name\":\"Portada\",\"item\":\"https:\\\/\\\/www.urbanbiker.com\\\/pt-pt\\\/\"},{\"@type\":\"ListItem\",\"position\":2,\"name\":\"Suspens\u00e3o dupla numa bicicleta el\u00e9ctrica? Quando deves escolher esta op\u00e7\u00e3o\"}]},{\"@type\":\"WebSite\",\"@id\":\"https:\\\/\\\/www.urbanbiker.com\\\/pt-pt\\\/#website\",\"url\":\"https:\\\/\\\/www.urbanbiker.com\\\/pt-pt\\\/\",\"name\":\"UrbanBiker\",\"description\":\"Bicicletas el\u00e9ctricas\",\"publisher\":{\"@id\":\"https:\\\/\\\/www.urbanbiker.com\\\/pt-pt\\\/#organization\"},\"potentialAction\":[{\"@type\":\"SearchAction\",\"target\":{\"@type\":\"EntryPoint\",\"urlTemplate\":\"https:\\\/\\\/www.urbanbiker.com\\\/pt-pt\\\/?s={search_term_string}\"},\"query-input\":{\"@type\":\"PropertyValueSpecification\",\"valueRequired\":true,\"valueName\":\"search_term_string\"}}],\"inLanguage\":\"pt-PT\"},{\"@type\":\"Organization\",\"@id\":\"https:\\\/\\\/www.urbanbiker.com\\\/pt-pt\\\/#organization\",\"name\":\"UrbanBiker\",\"url\":\"https:\\\/\\\/www.urbanbiker.com\\\/pt-pt\\\/\",\"logo\":{\"@type\":\"ImageObject\",\"inLanguage\":\"pt-PT\",\"@id\":\"https:\\\/\\\/www.urbanbiker.com\\\/pt-pt\\\/#\\\/schema\\\/logo\\\/image\\\/\",\"url\":\"https:\\\/\\\/www.urbanbiker.com\\\/wp-content\\\/uploads\\\/2022\\\/09\\\/Logo-principal-sin-fondo.png\",\"contentUrl\":\"https:\\\/\\\/www.urbanbiker.com\\\/wp-content\\\/uploads\\\/2022\\\/09\\\/Logo-principal-sin-fondo.png\",\"width\":2560,\"height\":934,\"caption\":\"UrbanBiker\"},\"image\":{\"@id\":\"https:\\\/\\\/www.urbanbiker.com\\\/pt-pt\\\/#\\\/schema\\\/logo\\\/image\\\/\"},\"sameAs\":[\"https:\\\/\\\/www.facebook.com\\\/Urbanbikerbiciselectricas\",\"https:\\\/\\\/www.instagram.com\\\/urbanbiker_\\\/\",\"https:\\\/\\\/www.linkedin.com\\\/company\\\/2454235\",\"https:\\\/\\\/www.youtube.com\\\/channel\\\/UCWR__uH_RWJF-OhPfz-9-Qw\"]},{\"@type\":\"Person\",\"@id\":\"https:\\\/\\\/www.urbanbiker.com\\\/pt-pt\\\/#\\\/schema\\\/person\\\/1cb58f0792ef226d6d409b73059515e0\",\"name\":\"UrbanBiker\",\"image\":{\"@type\":\"ImageObject\",\"inLanguage\":\"pt-PT\",\"@id\":\"https:\\\/\\\/secure.gravatar.com\\\/avatar\\\/22838f387878aabd10c8c90196e14f05497ff2fdd7c1267a5f035aa48d9ed396?s=96&d=mm&r=g\",\"url\":\"https:\\\/\\\/secure.gravatar.com\\\/avatar\\\/22838f387878aabd10c8c90196e14f05497ff2fdd7c1267a5f035aa48d9ed396?s=96&d=mm&r=g\",\"contentUrl\":\"https:\\\/\\\/secure.gravatar.com\\\/avatar\\\/22838f387878aabd10c8c90196e14f05497ff2fdd7c1267a5f035aa48d9ed396?s=96&d=mm&r=g\",\"caption\":\"UrbanBiker\"},\"sameAs\":[\"http:\\\/\\\/www.urbanbiker.com\\\/\",\"https:\\\/\\\/www.facebook.com\\\/Urbanbikerbiciselectricas\\\/\",\"https:\\\/\\\/www.linkedin.com\\\/company\\\/urbanbiker\\\/\",\"https:\\\/\\\/www.youtube.com\\\/@UrbanbikerEbikes\"]}]}<\/script>\n<!-- \/ Yoast SEO plugin. -->","yoast_head_json":{"title":"Suspens\u00e3o dupla numa bicicleta el\u00e9ctrica?","description":"Suspens\u00e3o dupla numa bicicleta el\u00e9ctrica? Quando deves escolher esta op\u00e7\u00e3o. Vantagens de uma bicicleta el\u00e9ctrica com suspens\u00e3o total.","robots":{"index":"noindex","follow":"follow"},"og_locale":"pt_PT","og_type":"article","og_title":"Suspens\u00e3o dupla numa bicicleta el\u00e9ctrica?","og_description":"Suspens\u00e3o dupla numa bicicleta el\u00e9ctrica? Quando deves escolher esta op\u00e7\u00e3o. Vantagens de uma bicicleta el\u00e9ctrica com suspens\u00e3o total.","og_url":"https:\/\/www.urbanbiker.com\/pt-pt\/suspensao-dupla-numa-bicicleta-electrica-quando-deves-escolher-esta-opcao\/","og_site_name":"UrbanBiker","article_publisher":"https:\/\/www.facebook.com\/Urbanbikerbiciselectricas","article_author":"https:\/\/www.facebook.com\/Urbanbikerbiciselectricas\/","article_published_time":"2025-02-11T15:18:03+00:00","article_modified_time":"2025-03-18T08:33:00+00:00","og_image":[{"width":1080,"height":1080,"url":"https:\/\/www.urbanbiker.com\/wp-content\/uploads\/2024\/12\/7-Contexto-DSC02497.jpg","type":"image\/jpeg"}],"author":"UrbanBiker","twitter_card":"summary_large_image","twitter_misc":{"Escrito por":"UrbanBiker","Tempo estimado de leitura":"2 minutos"},"schema":{"@context":"https:\/\/schema.org","@graph":[{"@type":"Article","@id":"https:\/\/www.urbanbiker.com\/pt-pt\/suspensao-dupla-numa-bicicleta-electrica-quando-deves-escolher-esta-opcao\/#article","isPartOf":{"@id":"https:\/\/www.urbanbiker.com\/pt-pt\/suspensao-dupla-numa-bicicleta-electrica-quando-deves-escolher-esta-opcao\/"},"author":{"name":"UrbanBiker","@id":"https:\/\/www.urbanbiker.com\/pt-pt\/#\/schema\/person\/1cb58f0792ef226d6d409b73059515e0"},"headline":"Suspens\u00e3o dupla numa bicicleta el\u00e9ctrica? Quando deves escolher esta op\u00e7\u00e3o","datePublished":"2025-02-11T15:18:03+00:00","dateModified":"2025-03-18T08:33:00+00:00","mainEntityOfPage":{"@id":"https:\/\/www.urbanbiker.com\/pt-pt\/suspensao-dupla-numa-bicicleta-electrica-quando-deves-escolher-esta-opcao\/"},"wordCount":500,"commentCount":0,"publisher":{"@id":"https:\/\/www.urbanbiker.com\/pt-pt\/#organization"},"image":{"@id":"https:\/\/www.urbanbiker.com\/pt-pt\/suspensao-dupla-numa-bicicleta-electrica-quando-deves-escolher-esta-opcao\/#primaryimage"},"thumbnailUrl":"https:\/\/www.urbanbiker.com\/wp-content\/uploads\/2024\/12\/7-Contexto-DSC02497.jpg","articleSection":["Conselhos","Modelos"],"inLanguage":"pt-PT","potentialAction":[{"@type":"CommentAction","name":"Comment","target":["https:\/\/www.urbanbiker.com\/pt-pt\/suspensao-dupla-numa-bicicleta-electrica-quando-deves-escolher-esta-opcao\/#respond"]}]},{"@type":"WebPage","@id":"https:\/\/www.urbanbiker.com\/pt-pt\/suspensao-dupla-numa-bicicleta-electrica-quando-deves-escolher-esta-opcao\/","url":"https:\/\/www.urbanbiker.com\/pt-pt\/suspensao-dupla-numa-bicicleta-electrica-quando-deves-escolher-esta-opcao\/","name":"Suspens\u00e3o dupla numa bicicleta el\u00e9ctrica?","isPartOf":{"@id":"https:\/\/www.urbanbiker.com\/pt-pt\/#website"},"primaryImageOfPage":{"@id":"https:\/\/www.urbanbiker.com\/pt-pt\/suspensao-dupla-numa-bicicleta-electrica-quando-deves-escolher-esta-opcao\/#primaryimage"},"image":{"@id":"https:\/\/www.urbanbiker.com\/pt-pt\/suspensao-dupla-numa-bicicleta-electrica-quando-deves-escolher-esta-opcao\/#primaryimage"},"thumbnailUrl":"https:\/\/www.urbanbiker.com\/wp-content\/uploads\/2024\/12\/7-Contexto-DSC02497.jpg","datePublished":"2025-02-11T15:18:03+00:00","dateModified":"2025-03-18T08:33:00+00:00","description":"Suspens\u00e3o dupla numa bicicleta el\u00e9ctrica? Quando deves escolher esta op\u00e7\u00e3o. Vantagens de uma bicicleta el\u00e9ctrica com suspens\u00e3o total.","breadcrumb":{"@id":"https:\/\/www.urbanbiker.com\/pt-pt\/suspensao-dupla-numa-bicicleta-electrica-quando-deves-escolher-esta-opcao\/#breadcrumb"},"inLanguage":"pt-PT","potentialAction":[{"@type":"ReadAction","target":["https:\/\/www.urbanbiker.com\/pt-pt\/suspensao-dupla-numa-bicicleta-electrica-quando-deves-escolher-esta-opcao\/"]}]},{"@type":"ImageObject","inLanguage":"pt-PT","@id":"https:\/\/www.urbanbiker.com\/pt-pt\/suspensao-dupla-numa-bicicleta-electrica-quando-deves-escolher-esta-opcao\/#primaryimage","url":"https:\/\/www.urbanbiker.com\/wp-content\/uploads\/2024\/12\/7-Contexto-DSC02497.jpg","contentUrl":"https:\/\/www.urbanbiker.com\/wp-content\/uploads\/2024\/12\/7-Contexto-DSC02497.jpg","width":1080,"height":1080},{"@type":"BreadcrumbList","@id":"https:\/\/www.urbanbiker.com\/pt-pt\/suspensao-dupla-numa-bicicleta-electrica-quando-deves-escolher-esta-opcao\/#breadcrumb","itemListElement":[{"@type":"ListItem","position":1,"name":"Portada","item":"https:\/\/www.urbanbiker.com\/pt-pt\/"},{"@type":"ListItem","position":2,"name":"Suspens\u00e3o dupla numa bicicleta el\u00e9ctrica? Quando deves escolher esta op\u00e7\u00e3o"}]},{"@type":"WebSite","@id":"https:\/\/www.urbanbiker.com\/pt-pt\/#website","url":"https:\/\/www.urbanbiker.com\/pt-pt\/","name":"UrbanBiker","description":"Bicicletas el\u00e9ctricas","publisher":{"@id":"https:\/\/www.urbanbiker.com\/pt-pt\/#organization"},"potentialAction":[{"@type":"SearchAction","target":{"@type":"EntryPoint","urlTemplate":"https:\/\/www.urbanbiker.com\/pt-pt\/?s={search_term_string}"},"query-input":{"@type":"PropertyValueSpecification","valueRequired":true,"valueName":"search_term_string"}}],"inLanguage":"pt-PT"},{"@type":"Organization","@id":"https:\/\/www.urbanbiker.com\/pt-pt\/#organization","name":"UrbanBiker","url":"https:\/\/www.urbanbiker.com\/pt-pt\/","logo":{"@type":"ImageObject","inLanguage":"pt-PT","@id":"https:\/\/www.urbanbiker.com\/pt-pt\/#\/schema\/logo\/image\/","url":"https:\/\/www.urbanbiker.com\/wp-content\/uploads\/2022\/09\/Logo-principal-sin-fondo.png","contentUrl":"https:\/\/www.urbanbiker.com\/wp-content\/uploads\/2022\/09\/Logo-principal-sin-fondo.png","width":2560,"height":934,"caption":"UrbanBiker"},"image":{"@id":"https:\/\/www.urbanbiker.com\/pt-pt\/#\/schema\/logo\/image\/"},"sameAs":["https:\/\/www.facebook.com\/Urbanbikerbiciselectricas","https:\/\/www.instagram.com\/urbanbiker_\/","https:\/\/www.linkedin.com\/company\/2454235","https:\/\/www.youtube.com\/channel\/UCWR__uH_RWJF-OhPfz-9-Qw"]},{"@type":"Person","@id":"https:\/\/www.urbanbiker.com\/pt-pt\/#\/schema\/person\/1cb58f0792ef226d6d409b73059515e0","name":"UrbanBiker","image":{"@type":"ImageObject","inLanguage":"pt-PT","@id":"https:\/\/secure.gravatar.com\/avatar\/22838f387878aabd10c8c90196e14f05497ff2fdd7c1267a5f035aa48d9ed396?s=96&d=mm&r=g","url":"https:\/\/secure.gravatar.com\/avatar\/22838f387878aabd10c8c90196e14f05497ff2fdd7c1267a5f035aa48d9ed396?s=96&d=mm&r=g","contentUrl":"https:\/\/secure.gravatar.com\/avatar\/22838f387878aabd10c8c90196e14f05497ff2fdd7c1267a5f035aa48d9ed396?s=96&d=mm&r=g","caption":"UrbanBiker"},"sameAs":["http:\/\/www.urbanbiker.com\/","https:\/\/www.facebook.com\/Urbanbikerbiciselectricas\/","https:\/\/www.linkedin.com\/company\/urbanbiker\/","https:\/\/www.youtube.com\/@UrbanbikerEbikes"]}]}},"_links":{"self":[{"href":"https:\/\/www.urbanbiker.com\/pt-pt\/wp-json\/wp\/v2\/posts\/39304","targetHints":{"allow":["GET"]}}],"collection":[{"href":"https:\/\/www.urbanbiker.com\/pt-pt\/wp-json\/wp\/v2\/posts"}],"about":[{"href":"https:\/\/www.urbanbiker.com\/pt-pt\/wp-json\/wp\/v2\/types\/post"}],"author":[{"embeddable":true,"href":"https:\/\/www.urbanbiker.com\/pt-pt\/wp-json\/wp\/v2\/users\/1"}],"replies":[{"embeddable":true,"href":"https:\/\/www.urbanbiker.com\/pt-pt\/wp-json\/wp\/v2\/comments?post=39304"}],"version-history":[{"count":1,"href":"https:\/\/www.urbanbiker.com\/pt-pt\/wp-json\/wp\/v2\/posts\/39304\/revisions"}],"predecessor-version":[{"id":39394,"href":"https:\/\/www.urbanbiker.com\/pt-pt\/wp-json\/wp\/v2\/posts\/39304\/revisions\/39394"}],"wp:featuredmedia":[{"embeddable":true,"href":"https:\/\/www.urbanbiker.com\/pt-pt\/wp-json\/wp\/v2\/media\/35106"}],"wp:attachment":[{"href":"https:\/\/www.urbanbiker.com\/pt-pt\/wp-json\/wp\/v2\/media?parent=39304"}],"wp:term":[{"taxonomy":"category","embeddable":true,"href":"https:\/\/www.urbanbiker.com\/pt-pt\/wp-json\/wp\/v2\/categories?post=39304"},{"taxonomy":"post_tag","embeddable":true,"href":"https:\/\/www.urbanbiker.com\/pt-pt\/wp-json\/wp\/v2\/tags?post=39304"}],"curies":[{"name":"wp","href":"https:\/\/api.w.org\/{rel}","templated":true}]}}