{"id":38423,"date":"2024-12-11T16:02:28","date_gmt":"2024-12-11T15:02:28","guid":{"rendered":"https:\/\/www.urbanbiker.com\/berna-uma-bicicleta-electrica-para-criancas\/"},"modified":"2025-03-18T09:32:46","modified_gmt":"2025-03-18T08:32:46","slug":"berna-uma-bicicleta-electrica-para-criancas","status":"publish","type":"post","link":"https:\/\/www.urbanbiker.com\/pt-pt\/berna-uma-bicicleta-electrica-para-criancas\/","title":{"rendered":"Berna. Uma bicicleta el\u00e9ctrica para crian\u00e7as"},"content":{"rendered":"<p>Mas porqu\u00ea uma ebike para crian\u00e7as? Bem, porque n\u00e3o? Se fores andar de bicicleta el\u00e9ctrica e quiseres que as crian\u00e7as da fam\u00edlia e do teu grupo de amigos consigam acompanhar o grupo, ter\u00e1s de lhes dar uma ebike para as acompanhar.  <\/p>\n<p>A nova Berna Urbanbiker tem um motor de 250W t\u00e3o potente como o de muitas bicicletas el\u00e9ctricas para adultos, mas com todos os elementos concebidos e destinados a ciclistas mais pequenos. \u00c9 por isso que tem rodas de 24&#8243;. <\/p>\n<blockquote><p>Porque a mobilidade el\u00e9ctrica veio n\u00e3o s\u00f3 para melhorar as desloca\u00e7\u00f5es dos adultos, mas tamb\u00e9m as dos ciclistas mais jovens.<\/p><\/blockquote>\n<p>Apresentamos a nova Berna: para os adolescentes que j\u00e1 andam de bicicleta e querem acompanhar o resto do grupo, com um motor de 250W e uma bateria de 10 Ah para chegarem onde todos v\u00e3o. Se tens menos de 1,50 m de altura, esta \u00e9 a ebike para ti. <\/p>\n<p>Al\u00e9m disso, uma bicicleta el\u00e9ctrica para crian\u00e7as ajuda a<\/p>\n<ul>\n<li>favorece a mobilidade e evita o sedentarismo que amea\u00e7a a vida das crian\u00e7as, sempre ligadas aos ecr\u00e3s.<\/li>\n<li>O ciclismo ajuda a desenvolver a independ\u00eancia, permitindo-lhes deslocarem-se sozinhos, mesmo que seja em grupo.<\/li>\n<li>Aprende a tomar decis\u00f5es e a cuidar de um ve\u00edculo, desenvolvendo a responsabilidade pela sua utiliza\u00e7\u00e3o e manuten\u00e7\u00e3o.<\/li>\n<li>toma consci\u00eancia da import\u00e2ncia do exerc\u00edcio f\u00edsico e da mobilidade sustent\u00e1vel para fazer parte de uma sociedade mais justa e mais ecol\u00f3gica.<\/li>\n<\/ul>\n<p>Aproveita as vantagens desta bicicleta el\u00e9ctrica e ganha confian\u00e7a quil\u00f3metro a quil\u00f3metro.<\/p>\n","protected":false},"excerpt":{"rendered":"<p>Mas porqu\u00ea uma ebike para crian\u00e7as? Bem, porque n\u00e3o? Se fores andar de bicicleta el\u00e9ctrica e quiseres que as crian\u00e7as da fam\u00edlia e do teu grupo de amigos consigam acompanhar o grupo, ter\u00e1s de lhes dar uma ebike para as acompanhar. A nova Berna Urbanbiker tem um motor de 250W t\u00e3o potente como o de [&hellip;]<\/p>\n","protected":false},"author":1,"featured_media":34458,"comment_status":"open","ping_status":"open","sticky":false,"template":"","format":"standard","meta":{"footnotes":""},"categories":[431,302],"tags":[],"class_list":["post-38423","post","type-post","status-publish","format-standard","has-post-thumbnail","hentry","category-modelos-pt-pt","category-noticias"],"yoast_head":"<!-- This site is optimized with the Yoast SEO plugin v27.5 - https:\/\/yoast.com\/product\/yoast-seo-wordpress\/ -->\n<title>Berna. Uma bicicleta el\u00e9ctrica para crian\u00e7as<\/title>\n<meta name=\"description\" content=\"Berna. Uma bicicleta el\u00e9ctrica para crian\u00e7as. Porque a mobilidade el\u00e9ctrica tamb\u00e9m est\u00e1 aqui para os ciclistas mais jovens.\" \/>\n<meta name=\"robots\" content=\"noindex, follow\" \/>\n<meta property=\"og:locale\" content=\"pt_PT\" \/>\n<meta property=\"og:type\" content=\"article\" \/>\n<meta property=\"og:title\" content=\"Berna. Uma bicicleta el\u00e9ctrica para crian\u00e7as\" \/>\n<meta property=\"og:description\" content=\"Berna. Uma bicicleta el\u00e9ctrica para crian\u00e7as. Porque a mobilidade el\u00e9ctrica tamb\u00e9m est\u00e1 aqui para os ciclistas mais jovens.\" \/>\n<meta property=\"og:url\" content=\"https:\/\/www.urbanbiker.com\/pt-pt\/berna-uma-bicicleta-electrica-para-criancas\/\" \/>\n<meta property=\"og:site_name\" content=\"UrbanBiker\" \/>\n<meta property=\"article:publisher\" content=\"https:\/\/www.facebook.com\/Urbanbikerbiciselectricas\" \/>\n<meta property=\"article:author\" content=\"https:\/\/www.facebook.com\/Urbanbikerbiciselectricas\/\" \/>\n<meta property=\"article:published_time\" content=\"2024-12-11T15:02:28+00:00\" \/>\n<meta property=\"article:modified_time\" content=\"2025-03-18T08:32:46+00:00\" \/>\n<meta property=\"og:image\" content=\"https:\/\/www.urbanbiker.com\/wp-content\/uploads\/2024\/11\/NUEVO-Banner-Berna-para-la-HOME-h6_bg1_Berna-NUEVO.jpg\" \/>\n\t<meta property=\"og:image:width\" content=\"1920\" \/>\n\t<meta property=\"og:image:height\" content=\"860\" \/>\n\t<meta property=\"og:image:type\" content=\"image\/jpeg\" \/>\n<meta name=\"author\" content=\"UrbanBiker\" \/>\n<meta name=\"twitter:card\" content=\"summary_large_image\" \/>\n<meta name=\"twitter:label1\" content=\"Escrito por\" \/>\n\t<meta name=\"twitter:data1\" content=\"UrbanBiker\" \/>\n\t<meta name=\"twitter:label2\" content=\"Tempo estimado de leitura\" \/>\n\t<meta name=\"twitter:data2\" content=\"1 minuto\" \/>\n<script type=\"application\/ld+json\" class=\"yoast-schema-graph\">{\"@context\":\"https:\\\/\\\/schema.org\",\"@graph\":[{\"@type\":\"Article\",\"@id\":\"https:\\\/\\\/www.urbanbiker.com\\\/pt-pt\\\/berna-uma-bicicleta-electrica-para-criancas\\\/#article\",\"isPartOf\":{\"@id\":\"https:\\\/\\\/www.urbanbiker.com\\\/pt-pt\\\/berna-uma-bicicleta-electrica-para-criancas\\\/\"},\"author\":{\"name\":\"UrbanBiker\",\"@id\":\"https:\\\/\\\/www.urbanbiker.com\\\/pt-pt\\\/#\\\/schema\\\/person\\\/1cb58f0792ef226d6d409b73059515e0\"},\"headline\":\"Berna. Uma bicicleta el\u00e9ctrica para crian\u00e7as\",\"datePublished\":\"2024-12-11T15:02:28+00:00\",\"dateModified\":\"2025-03-18T08:32:46+00:00\",\"mainEntityOfPage\":{\"@id\":\"https:\\\/\\\/www.urbanbiker.com\\\/pt-pt\\\/berna-uma-bicicleta-electrica-para-criancas\\\/\"},\"wordCount\":279,\"commentCount\":0,\"publisher\":{\"@id\":\"https:\\\/\\\/www.urbanbiker.com\\\/pt-pt\\\/#organization\"},\"image\":{\"@id\":\"https:\\\/\\\/www.urbanbiker.com\\\/pt-pt\\\/berna-uma-bicicleta-electrica-para-criancas\\\/#primaryimage\"},\"thumbnailUrl\":\"https:\\\/\\\/www.urbanbiker.com\\\/wp-content\\\/uploads\\\/2024\\\/11\\\/NUEVO-Banner-Berna-para-la-HOME-h6_bg1_Berna-NUEVO.jpg\",\"articleSection\":[\"Modelos\",\"Not\u00edcias\"],\"inLanguage\":\"pt-PT\",\"potentialAction\":[{\"@type\":\"CommentAction\",\"name\":\"Comment\",\"target\":[\"https:\\\/\\\/www.urbanbiker.com\\\/pt-pt\\\/berna-uma-bicicleta-electrica-para-criancas\\\/#respond\"]}]},{\"@type\":\"WebPage\",\"@id\":\"https:\\\/\\\/www.urbanbiker.com\\\/pt-pt\\\/berna-uma-bicicleta-electrica-para-criancas\\\/\",\"url\":\"https:\\\/\\\/www.urbanbiker.com\\\/pt-pt\\\/berna-uma-bicicleta-electrica-para-criancas\\\/\",\"name\":\"Berna. Uma bicicleta el\u00e9ctrica para crian\u00e7as\",\"isPartOf\":{\"@id\":\"https:\\\/\\\/www.urbanbiker.com\\\/pt-pt\\\/#website\"},\"primaryImageOfPage\":{\"@id\":\"https:\\\/\\\/www.urbanbiker.com\\\/pt-pt\\\/berna-uma-bicicleta-electrica-para-criancas\\\/#primaryimage\"},\"image\":{\"@id\":\"https:\\\/\\\/www.urbanbiker.com\\\/pt-pt\\\/berna-uma-bicicleta-electrica-para-criancas\\\/#primaryimage\"},\"thumbnailUrl\":\"https:\\\/\\\/www.urbanbiker.com\\\/wp-content\\\/uploads\\\/2024\\\/11\\\/NUEVO-Banner-Berna-para-la-HOME-h6_bg1_Berna-NUEVO.jpg\",\"datePublished\":\"2024-12-11T15:02:28+00:00\",\"dateModified\":\"2025-03-18T08:32:46+00:00\",\"description\":\"Berna. Uma bicicleta el\u00e9ctrica para crian\u00e7as. Porque a mobilidade el\u00e9ctrica tamb\u00e9m est\u00e1 aqui para os ciclistas mais jovens.\",\"breadcrumb\":{\"@id\":\"https:\\\/\\\/www.urbanbiker.com\\\/pt-pt\\\/berna-uma-bicicleta-electrica-para-criancas\\\/#breadcrumb\"},\"inLanguage\":\"pt-PT\",\"potentialAction\":[{\"@type\":\"ReadAction\",\"target\":[\"https:\\\/\\\/www.urbanbiker.com\\\/pt-pt\\\/berna-uma-bicicleta-electrica-para-criancas\\\/\"]}]},{\"@type\":\"ImageObject\",\"inLanguage\":\"pt-PT\",\"@id\":\"https:\\\/\\\/www.urbanbiker.com\\\/pt-pt\\\/berna-uma-bicicleta-electrica-para-criancas\\\/#primaryimage\",\"url\":\"https:\\\/\\\/www.urbanbiker.com\\\/wp-content\\\/uploads\\\/2024\\\/11\\\/NUEVO-Banner-Berna-para-la-HOME-h6_bg1_Berna-NUEVO.jpg\",\"contentUrl\":\"https:\\\/\\\/www.urbanbiker.com\\\/wp-content\\\/uploads\\\/2024\\\/11\\\/NUEVO-Banner-Berna-para-la-HOME-h6_bg1_Berna-NUEVO.jpg\",\"width\":1920,\"height\":860},{\"@type\":\"BreadcrumbList\",\"@id\":\"https:\\\/\\\/www.urbanbiker.com\\\/pt-pt\\\/berna-uma-bicicleta-electrica-para-criancas\\\/#breadcrumb\",\"itemListElement\":[{\"@type\":\"ListItem\",\"position\":1,\"name\":\"Portada\",\"item\":\"https:\\\/\\\/www.urbanbiker.com\\\/pt-pt\\\/\"},{\"@type\":\"ListItem\",\"position\":2,\"name\":\"Berna. Uma bicicleta el\u00e9ctrica para crian\u00e7as\"}]},{\"@type\":\"WebSite\",\"@id\":\"https:\\\/\\\/www.urbanbiker.com\\\/pt-pt\\\/#website\",\"url\":\"https:\\\/\\\/www.urbanbiker.com\\\/pt-pt\\\/\",\"name\":\"UrbanBiker\",\"description\":\"Bicicletas el\u00e9ctricas\",\"publisher\":{\"@id\":\"https:\\\/\\\/www.urbanbiker.com\\\/pt-pt\\\/#organization\"},\"potentialAction\":[{\"@type\":\"SearchAction\",\"target\":{\"@type\":\"EntryPoint\",\"urlTemplate\":\"https:\\\/\\\/www.urbanbiker.com\\\/pt-pt\\\/?s={search_term_string}\"},\"query-input\":{\"@type\":\"PropertyValueSpecification\",\"valueRequired\":true,\"valueName\":\"search_term_string\"}}],\"inLanguage\":\"pt-PT\"},{\"@type\":\"Organization\",\"@id\":\"https:\\\/\\\/www.urbanbiker.com\\\/pt-pt\\\/#organization\",\"name\":\"UrbanBiker\",\"url\":\"https:\\\/\\\/www.urbanbiker.com\\\/pt-pt\\\/\",\"logo\":{\"@type\":\"ImageObject\",\"inLanguage\":\"pt-PT\",\"@id\":\"https:\\\/\\\/www.urbanbiker.com\\\/pt-pt\\\/#\\\/schema\\\/logo\\\/image\\\/\",\"url\":\"https:\\\/\\\/www.urbanbiker.com\\\/wp-content\\\/uploads\\\/2022\\\/09\\\/Logo-principal-sin-fondo.png\",\"contentUrl\":\"https:\\\/\\\/www.urbanbiker.com\\\/wp-content\\\/uploads\\\/2022\\\/09\\\/Logo-principal-sin-fondo.png\",\"width\":2560,\"height\":934,\"caption\":\"UrbanBiker\"},\"image\":{\"@id\":\"https:\\\/\\\/www.urbanbiker.com\\\/pt-pt\\\/#\\\/schema\\\/logo\\\/image\\\/\"},\"sameAs\":[\"https:\\\/\\\/www.facebook.com\\\/Urbanbikerbiciselectricas\",\"https:\\\/\\\/www.instagram.com\\\/urbanbiker_\\\/\",\"https:\\\/\\\/www.linkedin.com\\\/company\\\/2454235\",\"https:\\\/\\\/www.youtube.com\\\/channel\\\/UCWR__uH_RWJF-OhPfz-9-Qw\"]},{\"@type\":\"Person\",\"@id\":\"https:\\\/\\\/www.urbanbiker.com\\\/pt-pt\\\/#\\\/schema\\\/person\\\/1cb58f0792ef226d6d409b73059515e0\",\"name\":\"UrbanBiker\",\"image\":{\"@type\":\"ImageObject\",\"inLanguage\":\"pt-PT\",\"@id\":\"https:\\\/\\\/secure.gravatar.com\\\/avatar\\\/22838f387878aabd10c8c90196e14f05497ff2fdd7c1267a5f035aa48d9ed396?s=96&d=mm&r=g\",\"url\":\"https:\\\/\\\/secure.gravatar.com\\\/avatar\\\/22838f387878aabd10c8c90196e14f05497ff2fdd7c1267a5f035aa48d9ed396?s=96&d=mm&r=g\",\"contentUrl\":\"https:\\\/\\\/secure.gravatar.com\\\/avatar\\\/22838f387878aabd10c8c90196e14f05497ff2fdd7c1267a5f035aa48d9ed396?s=96&d=mm&r=g\",\"caption\":\"UrbanBiker\"},\"sameAs\":[\"http:\\\/\\\/www.urbanbiker.com\\\/\",\"https:\\\/\\\/www.facebook.com\\\/Urbanbikerbiciselectricas\\\/\",\"https:\\\/\\\/www.linkedin.com\\\/company\\\/urbanbiker\\\/\",\"https:\\\/\\\/www.youtube.com\\\/@UrbanbikerEbikes\"]}]}<\/script>\n<!-- \/ Yoast SEO plugin. -->","yoast_head_json":{"title":"Berna. Uma bicicleta el\u00e9ctrica para crian\u00e7as","description":"Berna. Uma bicicleta el\u00e9ctrica para crian\u00e7as. Porque a mobilidade el\u00e9ctrica tamb\u00e9m est\u00e1 aqui para os ciclistas mais jovens.","robots":{"index":"noindex","follow":"follow"},"og_locale":"pt_PT","og_type":"article","og_title":"Berna. Uma bicicleta el\u00e9ctrica para crian\u00e7as","og_description":"Berna. Uma bicicleta el\u00e9ctrica para crian\u00e7as. Porque a mobilidade el\u00e9ctrica tamb\u00e9m est\u00e1 aqui para os ciclistas mais jovens.","og_url":"https:\/\/www.urbanbiker.com\/pt-pt\/berna-uma-bicicleta-electrica-para-criancas\/","og_site_name":"UrbanBiker","article_publisher":"https:\/\/www.facebook.com\/Urbanbikerbiciselectricas","article_author":"https:\/\/www.facebook.com\/Urbanbikerbiciselectricas\/","article_published_time":"2024-12-11T15:02:28+00:00","article_modified_time":"2025-03-18T08:32:46+00:00","og_image":[{"width":1920,"height":860,"url":"https:\/\/www.urbanbiker.com\/wp-content\/uploads\/2024\/11\/NUEVO-Banner-Berna-para-la-HOME-h6_bg1_Berna-NUEVO.jpg","type":"image\/jpeg"}],"author":"UrbanBiker","twitter_card":"summary_large_image","twitter_misc":{"Escrito por":"UrbanBiker","Tempo estimado de leitura":"1 minuto"},"schema":{"@context":"https:\/\/schema.org","@graph":[{"@type":"Article","@id":"https:\/\/www.urbanbiker.com\/pt-pt\/berna-uma-bicicleta-electrica-para-criancas\/#article","isPartOf":{"@id":"https:\/\/www.urbanbiker.com\/pt-pt\/berna-uma-bicicleta-electrica-para-criancas\/"},"author":{"name":"UrbanBiker","@id":"https:\/\/www.urbanbiker.com\/pt-pt\/#\/schema\/person\/1cb58f0792ef226d6d409b73059515e0"},"headline":"Berna. Uma bicicleta el\u00e9ctrica para crian\u00e7as","datePublished":"2024-12-11T15:02:28+00:00","dateModified":"2025-03-18T08:32:46+00:00","mainEntityOfPage":{"@id":"https:\/\/www.urbanbiker.com\/pt-pt\/berna-uma-bicicleta-electrica-para-criancas\/"},"wordCount":279,"commentCount":0,"publisher":{"@id":"https:\/\/www.urbanbiker.com\/pt-pt\/#organization"},"image":{"@id":"https:\/\/www.urbanbiker.com\/pt-pt\/berna-uma-bicicleta-electrica-para-criancas\/#primaryimage"},"thumbnailUrl":"https:\/\/www.urbanbiker.com\/wp-content\/uploads\/2024\/11\/NUEVO-Banner-Berna-para-la-HOME-h6_bg1_Berna-NUEVO.jpg","articleSection":["Modelos","Not\u00edcias"],"inLanguage":"pt-PT","potentialAction":[{"@type":"CommentAction","name":"Comment","target":["https:\/\/www.urbanbiker.com\/pt-pt\/berna-uma-bicicleta-electrica-para-criancas\/#respond"]}]},{"@type":"WebPage","@id":"https:\/\/www.urbanbiker.com\/pt-pt\/berna-uma-bicicleta-electrica-para-criancas\/","url":"https:\/\/www.urbanbiker.com\/pt-pt\/berna-uma-bicicleta-electrica-para-criancas\/","name":"Berna. Uma bicicleta el\u00e9ctrica para crian\u00e7as","isPartOf":{"@id":"https:\/\/www.urbanbiker.com\/pt-pt\/#website"},"primaryImageOfPage":{"@id":"https:\/\/www.urbanbiker.com\/pt-pt\/berna-uma-bicicleta-electrica-para-criancas\/#primaryimage"},"image":{"@id":"https:\/\/www.urbanbiker.com\/pt-pt\/berna-uma-bicicleta-electrica-para-criancas\/#primaryimage"},"thumbnailUrl":"https:\/\/www.urbanbiker.com\/wp-content\/uploads\/2024\/11\/NUEVO-Banner-Berna-para-la-HOME-h6_bg1_Berna-NUEVO.jpg","datePublished":"2024-12-11T15:02:28+00:00","dateModified":"2025-03-18T08:32:46+00:00","description":"Berna. Uma bicicleta el\u00e9ctrica para crian\u00e7as. Porque a mobilidade el\u00e9ctrica tamb\u00e9m est\u00e1 aqui para os ciclistas mais jovens.","breadcrumb":{"@id":"https:\/\/www.urbanbiker.com\/pt-pt\/berna-uma-bicicleta-electrica-para-criancas\/#breadcrumb"},"inLanguage":"pt-PT","potentialAction":[{"@type":"ReadAction","target":["https:\/\/www.urbanbiker.com\/pt-pt\/berna-uma-bicicleta-electrica-para-criancas\/"]}]},{"@type":"ImageObject","inLanguage":"pt-PT","@id":"https:\/\/www.urbanbiker.com\/pt-pt\/berna-uma-bicicleta-electrica-para-criancas\/#primaryimage","url":"https:\/\/www.urbanbiker.com\/wp-content\/uploads\/2024\/11\/NUEVO-Banner-Berna-para-la-HOME-h6_bg1_Berna-NUEVO.jpg","contentUrl":"https:\/\/www.urbanbiker.com\/wp-content\/uploads\/2024\/11\/NUEVO-Banner-Berna-para-la-HOME-h6_bg1_Berna-NUEVO.jpg","width":1920,"height":860},{"@type":"BreadcrumbList","@id":"https:\/\/www.urbanbiker.com\/pt-pt\/berna-uma-bicicleta-electrica-para-criancas\/#breadcrumb","itemListElement":[{"@type":"ListItem","position":1,"name":"Portada","item":"https:\/\/www.urbanbiker.com\/pt-pt\/"},{"@type":"ListItem","position":2,"name":"Berna. Uma bicicleta el\u00e9ctrica para crian\u00e7as"}]},{"@type":"WebSite","@id":"https:\/\/www.urbanbiker.com\/pt-pt\/#website","url":"https:\/\/www.urbanbiker.com\/pt-pt\/","name":"UrbanBiker","description":"Bicicletas el\u00e9ctricas","publisher":{"@id":"https:\/\/www.urbanbiker.com\/pt-pt\/#organization"},"potentialAction":[{"@type":"SearchAction","target":{"@type":"EntryPoint","urlTemplate":"https:\/\/www.urbanbiker.com\/pt-pt\/?s={search_term_string}"},"query-input":{"@type":"PropertyValueSpecification","valueRequired":true,"valueName":"search_term_string"}}],"inLanguage":"pt-PT"},{"@type":"Organization","@id":"https:\/\/www.urbanbiker.com\/pt-pt\/#organization","name":"UrbanBiker","url":"https:\/\/www.urbanbiker.com\/pt-pt\/","logo":{"@type":"ImageObject","inLanguage":"pt-PT","@id":"https:\/\/www.urbanbiker.com\/pt-pt\/#\/schema\/logo\/image\/","url":"https:\/\/www.urbanbiker.com\/wp-content\/uploads\/2022\/09\/Logo-principal-sin-fondo.png","contentUrl":"https:\/\/www.urbanbiker.com\/wp-content\/uploads\/2022\/09\/Logo-principal-sin-fondo.png","width":2560,"height":934,"caption":"UrbanBiker"},"image":{"@id":"https:\/\/www.urbanbiker.com\/pt-pt\/#\/schema\/logo\/image\/"},"sameAs":["https:\/\/www.facebook.com\/Urbanbikerbiciselectricas","https:\/\/www.instagram.com\/urbanbiker_\/","https:\/\/www.linkedin.com\/company\/2454235","https:\/\/www.youtube.com\/channel\/UCWR__uH_RWJF-OhPfz-9-Qw"]},{"@type":"Person","@id":"https:\/\/www.urbanbiker.com\/pt-pt\/#\/schema\/person\/1cb58f0792ef226d6d409b73059515e0","name":"UrbanBiker","image":{"@type":"ImageObject","inLanguage":"pt-PT","@id":"https:\/\/secure.gravatar.com\/avatar\/22838f387878aabd10c8c90196e14f05497ff2fdd7c1267a5f035aa48d9ed396?s=96&d=mm&r=g","url":"https:\/\/secure.gravatar.com\/avatar\/22838f387878aabd10c8c90196e14f05497ff2fdd7c1267a5f035aa48d9ed396?s=96&d=mm&r=g","contentUrl":"https:\/\/secure.gravatar.com\/avatar\/22838f387878aabd10c8c90196e14f05497ff2fdd7c1267a5f035aa48d9ed396?s=96&d=mm&r=g","caption":"UrbanBiker"},"sameAs":["http:\/\/www.urbanbiker.com\/","https:\/\/www.facebook.com\/Urbanbikerbiciselectricas\/","https:\/\/www.linkedin.com\/company\/urbanbiker\/","https:\/\/www.youtube.com\/@UrbanbikerEbikes"]}]}},"_links":{"self":[{"href":"https:\/\/www.urbanbiker.com\/pt-pt\/wp-json\/wp\/v2\/posts\/38423","targetHints":{"allow":["GET"]}}],"collection":[{"href":"https:\/\/www.urbanbiker.com\/pt-pt\/wp-json\/wp\/v2\/posts"}],"about":[{"href":"https:\/\/www.urbanbiker.com\/pt-pt\/wp-json\/wp\/v2\/types\/post"}],"author":[{"embeddable":true,"href":"https:\/\/www.urbanbiker.com\/pt-pt\/wp-json\/wp\/v2\/users\/1"}],"replies":[{"embeddable":true,"href":"https:\/\/www.urbanbiker.com\/pt-pt\/wp-json\/wp\/v2\/comments?post=38423"}],"version-history":[{"count":1,"href":"https:\/\/www.urbanbiker.com\/pt-pt\/wp-json\/wp\/v2\/posts\/38423\/revisions"}],"predecessor-version":[{"id":39354,"href":"https:\/\/www.urbanbiker.com\/pt-pt\/wp-json\/wp\/v2\/posts\/38423\/revisions\/39354"}],"wp:featuredmedia":[{"embeddable":true,"href":"https:\/\/www.urbanbiker.com\/pt-pt\/wp-json\/wp\/v2\/media\/34458"}],"wp:attachment":[{"href":"https:\/\/www.urbanbiker.com\/pt-pt\/wp-json\/wp\/v2\/media?parent=38423"}],"wp:term":[{"taxonomy":"category","embeddable":true,"href":"https:\/\/www.urbanbiker.com\/pt-pt\/wp-json\/wp\/v2\/categories?post=38423"},{"taxonomy":"post_tag","embeddable":true,"href":"https:\/\/www.urbanbiker.com\/pt-pt\/wp-json\/wp\/v2\/tags?post=38423"}],"curies":[{"name":"wp","href":"https:\/\/api.w.org\/{rel}","templated":true}]}}