{"id":35601,"date":"2024-11-08T15:51:27","date_gmt":"2024-11-08T14:51:27","guid":{"rendered":"https:\/\/www.urbanbiker.com\/empresa-e-universidade-uma-alianca-necessaria\/"},"modified":"2024-12-17T15:21:54","modified_gmt":"2024-12-17T14:21:54","slug":"empresa-e-universidade-uma-alianca-necessaria","status":"publish","type":"post","link":"https:\/\/www.urbanbiker.com\/pt-pt\/empresa-e-universidade-uma-alianca-necessaria\/","title":{"rendered":"Empresa e Universidade, uma alian\u00e7a necess\u00e1ria"},"content":{"rendered":"<p>Colaboramos com a <strong>Universidade<\/strong> porque acreditamos que temos a responsabilidade de construir pontes entre a escola e a realidade <strong>empresarial<\/strong> e que \u00e9 muito importante dedicar-lhe tempo e recursos. Por isso, tivemos o prazer de participar no III Hackathon idea T organizado pela Faculdade de CCEE da Universidade de Le\u00f3n e pela Fgulem. Apresent\u00e1mos a UrbanBiker, juntamente com outras empresas de Le\u00f3n, a um bom n\u00famero de estudantes do primeiro ano (pouco mais de uma centena de jovens estudantes) que aguardavam com expetativa o desenvolvimento de um s\u00e1bado muito diferente do habitual. Reunidos em pequenos grupos, lan\u00e7\u00e1mos-lhes um desafio que eles enfrentaram com entusiasmo: &#8220;Comunica\u00e7\u00e3o e experi\u00eancia eficazes para um p\u00fablico +60&#8221;.   <\/p>\n<blockquote class=\"wp-block-quote\"><p>N\u00f3s somos o que damos. Cultura UrbanBiker. <\/p><\/blockquote>\n<p><!-- \/wp:post-content --><\/p>\n<p><!-- wp:paragraph --><\/p>\n<p>Durante toda a manh\u00e3, esfor\u00e7aram-se por lan\u00e7ar uma estrat\u00e9gia de comunica\u00e7\u00e3o para um p\u00fablico muito distante do seu mundo, com um produto desconhecido para a maioria deles e com o tempo a passar. Tudo isto no belo sal\u00e3o da faculdade, animado com m\u00fasica e um \u00f3timo catering. Estamos certos de que estas ac\u00e7\u00f5es contribuem para capacitar os alunos e devolver ao sistema educativo parte do que ele nos deu no seu tempo, fazendo-nos participar na evolu\u00e7\u00e3o da sociedade. Profissionais &amp; Fechar. Partilhar conhecimento \u00e9 crescer, impulsionar e melhorar. E aprender. Porque podemos aprender muito com os alunos. E isso volta para n\u00f3s e para o resto da sociedade num fant\u00e1stico efeito boomerang.       <\/p>\n","protected":false},"excerpt":{"rendered":"<p>Colaboramos com a Universidade porque acreditamos que temos a responsabilidade de construir pontes entre a escola e a realidade empresarial e que \u00e9 muito importante dedicar-lhe tempo e recursos. Por isso, tivemos o prazer de participar no III Hackathon idea T organizado pela Faculdade de CCEE da Universidade de Le\u00f3n e pela Fgulem. Apresent\u00e1mos a [&hellip;]<\/p>\n","protected":false},"author":1,"featured_media":34944,"comment_status":"open","ping_status":"open","sticky":false,"template":"","format":"standard","meta":{"footnotes":""},"categories":[302],"tags":[],"class_list":["post-35601","post","type-post","status-publish","format-standard","has-post-thumbnail","hentry","category-noticias"],"yoast_head":"<!-- This site is optimized with the Yoast SEO plugin v27.5 - https:\/\/yoast.com\/product\/yoast-seo-wordpress\/ -->\n<title>Empresa e Universidade, uma alian\u00e7a necess\u00e1ria | UrbanBiker<\/title>\n<meta name=\"description\" content=\"Colaboramos com a Universidade, porque acreditamos que temos a responsabilidade de construir pontes entre a escola e o mundo empresarial...\" \/>\n<meta name=\"robots\" content=\"index, follow, max-snippet:-1, max-image-preview:large, max-video-preview:-1\" \/>\n<link rel=\"canonical\" href=\"https:\/\/www.urbanbiker.com\/pt-pt\/empresa-e-universidade-uma-alianca-necessaria\/\" \/>\n<meta property=\"og:locale\" content=\"pt_PT\" \/>\n<meta property=\"og:type\" content=\"article\" \/>\n<meta property=\"og:title\" content=\"Empresa e Universidade, uma alian\u00e7a necess\u00e1ria | UrbanBiker\" \/>\n<meta property=\"og:description\" content=\"Colaboramos com a Universidade, porque acreditamos que temos a responsabilidade de construir pontes entre a escola e o mundo empresarial...\" \/>\n<meta property=\"og:url\" content=\"https:\/\/www.urbanbiker.com\/pt-pt\/empresa-e-universidade-uma-alianca-necessaria\/\" \/>\n<meta property=\"og:site_name\" content=\"UrbanBiker\" \/>\n<meta property=\"article:publisher\" content=\"https:\/\/www.facebook.com\/Urbanbikerbiciselectricas\" \/>\n<meta property=\"article:author\" content=\"https:\/\/www.facebook.com\/Urbanbikerbiciselectricas\/\" \/>\n<meta property=\"article:published_time\" content=\"2024-11-08T14:51:27+00:00\" \/>\n<meta property=\"article:modified_time\" content=\"2024-12-17T14:21:54+00:00\" \/>\n<meta property=\"og:image\" content=\"https:\/\/www.urbanbiker.com\/wp-content\/uploads\/2024\/11\/Empresa-y-Universidad-UrbanBiker.jpg\" \/>\n\t<meta property=\"og:image:width\" content=\"1200\" \/>\n\t<meta property=\"og:image:height\" content=\"900\" \/>\n\t<meta property=\"og:image:type\" content=\"image\/jpeg\" \/>\n<meta name=\"author\" content=\"UrbanBiker\" \/>\n<meta name=\"twitter:card\" content=\"summary_large_image\" \/>\n<meta name=\"twitter:label1\" content=\"Escrito por\" \/>\n\t<meta name=\"twitter:data1\" content=\"UrbanBiker\" \/>\n\t<meta name=\"twitter:label2\" content=\"Tempo estimado de leitura\" \/>\n\t<meta name=\"twitter:data2\" content=\"1 minuto\" \/>\n<script type=\"application\/ld+json\" class=\"yoast-schema-graph\">{\"@context\":\"https:\\\/\\\/schema.org\",\"@graph\":[{\"@type\":\"Article\",\"@id\":\"https:\\\/\\\/www.urbanbiker.com\\\/pt-pt\\\/empresa-e-universidade-uma-alianca-necessaria\\\/#article\",\"isPartOf\":{\"@id\":\"https:\\\/\\\/www.urbanbiker.com\\\/pt-pt\\\/empresa-e-universidade-uma-alianca-necessaria\\\/\"},\"author\":{\"name\":\"UrbanBiker\",\"@id\":\"https:\\\/\\\/www.urbanbiker.com\\\/pt-pt\\\/#\\\/schema\\\/person\\\/1cb58f0792ef226d6d409b73059515e0\"},\"headline\":\"Empresa e Universidade, uma alian\u00e7a necess\u00e1ria\",\"datePublished\":\"2024-11-08T14:51:27+00:00\",\"dateModified\":\"2024-12-17T14:21:54+00:00\",\"mainEntityOfPage\":{\"@id\":\"https:\\\/\\\/www.urbanbiker.com\\\/pt-pt\\\/empresa-e-universidade-uma-alianca-necessaria\\\/\"},\"wordCount\":257,\"commentCount\":0,\"publisher\":{\"@id\":\"https:\\\/\\\/www.urbanbiker.com\\\/pt-pt\\\/#organization\"},\"image\":{\"@id\":\"https:\\\/\\\/www.urbanbiker.com\\\/pt-pt\\\/empresa-e-universidade-uma-alianca-necessaria\\\/#primaryimage\"},\"thumbnailUrl\":\"https:\\\/\\\/www.urbanbiker.com\\\/wp-content\\\/uploads\\\/2024\\\/11\\\/Empresa-y-Universidad-UrbanBiker.jpg\",\"articleSection\":[\"Not\u00edcias\"],\"inLanguage\":\"pt-PT\",\"potentialAction\":[{\"@type\":\"CommentAction\",\"name\":\"Comment\",\"target\":[\"https:\\\/\\\/www.urbanbiker.com\\\/pt-pt\\\/empresa-e-universidade-uma-alianca-necessaria\\\/#respond\"]}]},{\"@type\":\"WebPage\",\"@id\":\"https:\\\/\\\/www.urbanbiker.com\\\/pt-pt\\\/empresa-e-universidade-uma-alianca-necessaria\\\/\",\"url\":\"https:\\\/\\\/www.urbanbiker.com\\\/pt-pt\\\/empresa-e-universidade-uma-alianca-necessaria\\\/\",\"name\":\"Empresa e Universidade, uma alian\u00e7a necess\u00e1ria | UrbanBiker\",\"isPartOf\":{\"@id\":\"https:\\\/\\\/www.urbanbiker.com\\\/pt-pt\\\/#website\"},\"primaryImageOfPage\":{\"@id\":\"https:\\\/\\\/www.urbanbiker.com\\\/pt-pt\\\/empresa-e-universidade-uma-alianca-necessaria\\\/#primaryimage\"},\"image\":{\"@id\":\"https:\\\/\\\/www.urbanbiker.com\\\/pt-pt\\\/empresa-e-universidade-uma-alianca-necessaria\\\/#primaryimage\"},\"thumbnailUrl\":\"https:\\\/\\\/www.urbanbiker.com\\\/wp-content\\\/uploads\\\/2024\\\/11\\\/Empresa-y-Universidad-UrbanBiker.jpg\",\"datePublished\":\"2024-11-08T14:51:27+00:00\",\"dateModified\":\"2024-12-17T14:21:54+00:00\",\"description\":\"Colaboramos com a Universidade, porque acreditamos que temos a responsabilidade de construir pontes entre a escola e o mundo empresarial...\",\"breadcrumb\":{\"@id\":\"https:\\\/\\\/www.urbanbiker.com\\\/pt-pt\\\/empresa-e-universidade-uma-alianca-necessaria\\\/#breadcrumb\"},\"inLanguage\":\"pt-PT\",\"potentialAction\":[{\"@type\":\"ReadAction\",\"target\":[\"https:\\\/\\\/www.urbanbiker.com\\\/pt-pt\\\/empresa-e-universidade-uma-alianca-necessaria\\\/\"]}]},{\"@type\":\"ImageObject\",\"inLanguage\":\"pt-PT\",\"@id\":\"https:\\\/\\\/www.urbanbiker.com\\\/pt-pt\\\/empresa-e-universidade-uma-alianca-necessaria\\\/#primaryimage\",\"url\":\"https:\\\/\\\/www.urbanbiker.com\\\/wp-content\\\/uploads\\\/2024\\\/11\\\/Empresa-y-Universidad-UrbanBiker.jpg\",\"contentUrl\":\"https:\\\/\\\/www.urbanbiker.com\\\/wp-content\\\/uploads\\\/2024\\\/11\\\/Empresa-y-Universidad-UrbanBiker.jpg\",\"width\":1200,\"height\":900},{\"@type\":\"BreadcrumbList\",\"@id\":\"https:\\\/\\\/www.urbanbiker.com\\\/pt-pt\\\/empresa-e-universidade-uma-alianca-necessaria\\\/#breadcrumb\",\"itemListElement\":[{\"@type\":\"ListItem\",\"position\":1,\"name\":\"Portada\",\"item\":\"https:\\\/\\\/www.urbanbiker.com\\\/pt-pt\\\/\"},{\"@type\":\"ListItem\",\"position\":2,\"name\":\"Empresa e Universidade, uma alian\u00e7a necess\u00e1ria\"}]},{\"@type\":\"WebSite\",\"@id\":\"https:\\\/\\\/www.urbanbiker.com\\\/pt-pt\\\/#website\",\"url\":\"https:\\\/\\\/www.urbanbiker.com\\\/pt-pt\\\/\",\"name\":\"UrbanBiker\",\"description\":\"Bicicletas el\u00e9ctricas\",\"publisher\":{\"@id\":\"https:\\\/\\\/www.urbanbiker.com\\\/pt-pt\\\/#organization\"},\"potentialAction\":[{\"@type\":\"SearchAction\",\"target\":{\"@type\":\"EntryPoint\",\"urlTemplate\":\"https:\\\/\\\/www.urbanbiker.com\\\/pt-pt\\\/?s={search_term_string}\"},\"query-input\":{\"@type\":\"PropertyValueSpecification\",\"valueRequired\":true,\"valueName\":\"search_term_string\"}}],\"inLanguage\":\"pt-PT\"},{\"@type\":\"Organization\",\"@id\":\"https:\\\/\\\/www.urbanbiker.com\\\/pt-pt\\\/#organization\",\"name\":\"UrbanBiker\",\"url\":\"https:\\\/\\\/www.urbanbiker.com\\\/pt-pt\\\/\",\"logo\":{\"@type\":\"ImageObject\",\"inLanguage\":\"pt-PT\",\"@id\":\"https:\\\/\\\/www.urbanbiker.com\\\/pt-pt\\\/#\\\/schema\\\/logo\\\/image\\\/\",\"url\":\"https:\\\/\\\/www.urbanbiker.com\\\/wp-content\\\/uploads\\\/2022\\\/09\\\/Logo-principal-sin-fondo.png\",\"contentUrl\":\"https:\\\/\\\/www.urbanbiker.com\\\/wp-content\\\/uploads\\\/2022\\\/09\\\/Logo-principal-sin-fondo.png\",\"width\":2560,\"height\":934,\"caption\":\"UrbanBiker\"},\"image\":{\"@id\":\"https:\\\/\\\/www.urbanbiker.com\\\/pt-pt\\\/#\\\/schema\\\/logo\\\/image\\\/\"},\"sameAs\":[\"https:\\\/\\\/www.facebook.com\\\/Urbanbikerbiciselectricas\",\"https:\\\/\\\/www.instagram.com\\\/urbanbiker_\\\/\",\"https:\\\/\\\/www.linkedin.com\\\/company\\\/2454235\",\"https:\\\/\\\/www.youtube.com\\\/channel\\\/UCWR__uH_RWJF-OhPfz-9-Qw\"]},{\"@type\":\"Person\",\"@id\":\"https:\\\/\\\/www.urbanbiker.com\\\/pt-pt\\\/#\\\/schema\\\/person\\\/1cb58f0792ef226d6d409b73059515e0\",\"name\":\"UrbanBiker\",\"image\":{\"@type\":\"ImageObject\",\"inLanguage\":\"pt-PT\",\"@id\":\"https:\\\/\\\/secure.gravatar.com\\\/avatar\\\/22838f387878aabd10c8c90196e14f05497ff2fdd7c1267a5f035aa48d9ed396?s=96&d=mm&r=g\",\"url\":\"https:\\\/\\\/secure.gravatar.com\\\/avatar\\\/22838f387878aabd10c8c90196e14f05497ff2fdd7c1267a5f035aa48d9ed396?s=96&d=mm&r=g\",\"contentUrl\":\"https:\\\/\\\/secure.gravatar.com\\\/avatar\\\/22838f387878aabd10c8c90196e14f05497ff2fdd7c1267a5f035aa48d9ed396?s=96&d=mm&r=g\",\"caption\":\"UrbanBiker\"},\"sameAs\":[\"http:\\\/\\\/www.urbanbiker.com\\\/\",\"https:\\\/\\\/www.facebook.com\\\/Urbanbikerbiciselectricas\\\/\",\"https:\\\/\\\/www.linkedin.com\\\/company\\\/urbanbiker\\\/\",\"https:\\\/\\\/www.youtube.com\\\/@UrbanbikerEbikes\"]}]}<\/script>\n<!-- \/ Yoast SEO plugin. -->","yoast_head_json":{"title":"Empresa e Universidade, uma alian\u00e7a necess\u00e1ria | UrbanBiker","description":"Colaboramos com a Universidade, porque acreditamos que temos a responsabilidade de construir pontes entre a escola e o mundo empresarial...","robots":{"index":"index","follow":"follow","max-snippet":"max-snippet:-1","max-image-preview":"max-image-preview:large","max-video-preview":"max-video-preview:-1"},"canonical":"https:\/\/www.urbanbiker.com\/pt-pt\/empresa-e-universidade-uma-alianca-necessaria\/","og_locale":"pt_PT","og_type":"article","og_title":"Empresa e Universidade, uma alian\u00e7a necess\u00e1ria | UrbanBiker","og_description":"Colaboramos com a Universidade, porque acreditamos que temos a responsabilidade de construir pontes entre a escola e o mundo empresarial...","og_url":"https:\/\/www.urbanbiker.com\/pt-pt\/empresa-e-universidade-uma-alianca-necessaria\/","og_site_name":"UrbanBiker","article_publisher":"https:\/\/www.facebook.com\/Urbanbikerbiciselectricas","article_author":"https:\/\/www.facebook.com\/Urbanbikerbiciselectricas\/","article_published_time":"2024-11-08T14:51:27+00:00","article_modified_time":"2024-12-17T14:21:54+00:00","og_image":[{"width":1200,"height":900,"url":"https:\/\/www.urbanbiker.com\/wp-content\/uploads\/2024\/11\/Empresa-y-Universidad-UrbanBiker.jpg","type":"image\/jpeg"}],"author":"UrbanBiker","twitter_card":"summary_large_image","twitter_misc":{"Escrito por":"UrbanBiker","Tempo estimado de leitura":"1 minuto"},"schema":{"@context":"https:\/\/schema.org","@graph":[{"@type":"Article","@id":"https:\/\/www.urbanbiker.com\/pt-pt\/empresa-e-universidade-uma-alianca-necessaria\/#article","isPartOf":{"@id":"https:\/\/www.urbanbiker.com\/pt-pt\/empresa-e-universidade-uma-alianca-necessaria\/"},"author":{"name":"UrbanBiker","@id":"https:\/\/www.urbanbiker.com\/pt-pt\/#\/schema\/person\/1cb58f0792ef226d6d409b73059515e0"},"headline":"Empresa e Universidade, uma alian\u00e7a necess\u00e1ria","datePublished":"2024-11-08T14:51:27+00:00","dateModified":"2024-12-17T14:21:54+00:00","mainEntityOfPage":{"@id":"https:\/\/www.urbanbiker.com\/pt-pt\/empresa-e-universidade-uma-alianca-necessaria\/"},"wordCount":257,"commentCount":0,"publisher":{"@id":"https:\/\/www.urbanbiker.com\/pt-pt\/#organization"},"image":{"@id":"https:\/\/www.urbanbiker.com\/pt-pt\/empresa-e-universidade-uma-alianca-necessaria\/#primaryimage"},"thumbnailUrl":"https:\/\/www.urbanbiker.com\/wp-content\/uploads\/2024\/11\/Empresa-y-Universidad-UrbanBiker.jpg","articleSection":["Not\u00edcias"],"inLanguage":"pt-PT","potentialAction":[{"@type":"CommentAction","name":"Comment","target":["https:\/\/www.urbanbiker.com\/pt-pt\/empresa-e-universidade-uma-alianca-necessaria\/#respond"]}]},{"@type":"WebPage","@id":"https:\/\/www.urbanbiker.com\/pt-pt\/empresa-e-universidade-uma-alianca-necessaria\/","url":"https:\/\/www.urbanbiker.com\/pt-pt\/empresa-e-universidade-uma-alianca-necessaria\/","name":"Empresa e Universidade, uma alian\u00e7a necess\u00e1ria | UrbanBiker","isPartOf":{"@id":"https:\/\/www.urbanbiker.com\/pt-pt\/#website"},"primaryImageOfPage":{"@id":"https:\/\/www.urbanbiker.com\/pt-pt\/empresa-e-universidade-uma-alianca-necessaria\/#primaryimage"},"image":{"@id":"https:\/\/www.urbanbiker.com\/pt-pt\/empresa-e-universidade-uma-alianca-necessaria\/#primaryimage"},"thumbnailUrl":"https:\/\/www.urbanbiker.com\/wp-content\/uploads\/2024\/11\/Empresa-y-Universidad-UrbanBiker.jpg","datePublished":"2024-11-08T14:51:27+00:00","dateModified":"2024-12-17T14:21:54+00:00","description":"Colaboramos com a Universidade, porque acreditamos que temos a responsabilidade de construir pontes entre a escola e o mundo empresarial...","breadcrumb":{"@id":"https:\/\/www.urbanbiker.com\/pt-pt\/empresa-e-universidade-uma-alianca-necessaria\/#breadcrumb"},"inLanguage":"pt-PT","potentialAction":[{"@type":"ReadAction","target":["https:\/\/www.urbanbiker.com\/pt-pt\/empresa-e-universidade-uma-alianca-necessaria\/"]}]},{"@type":"ImageObject","inLanguage":"pt-PT","@id":"https:\/\/www.urbanbiker.com\/pt-pt\/empresa-e-universidade-uma-alianca-necessaria\/#primaryimage","url":"https:\/\/www.urbanbiker.com\/wp-content\/uploads\/2024\/11\/Empresa-y-Universidad-UrbanBiker.jpg","contentUrl":"https:\/\/www.urbanbiker.com\/wp-content\/uploads\/2024\/11\/Empresa-y-Universidad-UrbanBiker.jpg","width":1200,"height":900},{"@type":"BreadcrumbList","@id":"https:\/\/www.urbanbiker.com\/pt-pt\/empresa-e-universidade-uma-alianca-necessaria\/#breadcrumb","itemListElement":[{"@type":"ListItem","position":1,"name":"Portada","item":"https:\/\/www.urbanbiker.com\/pt-pt\/"},{"@type":"ListItem","position":2,"name":"Empresa e Universidade, uma alian\u00e7a necess\u00e1ria"}]},{"@type":"WebSite","@id":"https:\/\/www.urbanbiker.com\/pt-pt\/#website","url":"https:\/\/www.urbanbiker.com\/pt-pt\/","name":"UrbanBiker","description":"Bicicletas el\u00e9ctricas","publisher":{"@id":"https:\/\/www.urbanbiker.com\/pt-pt\/#organization"},"potentialAction":[{"@type":"SearchAction","target":{"@type":"EntryPoint","urlTemplate":"https:\/\/www.urbanbiker.com\/pt-pt\/?s={search_term_string}"},"query-input":{"@type":"PropertyValueSpecification","valueRequired":true,"valueName":"search_term_string"}}],"inLanguage":"pt-PT"},{"@type":"Organization","@id":"https:\/\/www.urbanbiker.com\/pt-pt\/#organization","name":"UrbanBiker","url":"https:\/\/www.urbanbiker.com\/pt-pt\/","logo":{"@type":"ImageObject","inLanguage":"pt-PT","@id":"https:\/\/www.urbanbiker.com\/pt-pt\/#\/schema\/logo\/image\/","url":"https:\/\/www.urbanbiker.com\/wp-content\/uploads\/2022\/09\/Logo-principal-sin-fondo.png","contentUrl":"https:\/\/www.urbanbiker.com\/wp-content\/uploads\/2022\/09\/Logo-principal-sin-fondo.png","width":2560,"height":934,"caption":"UrbanBiker"},"image":{"@id":"https:\/\/www.urbanbiker.com\/pt-pt\/#\/schema\/logo\/image\/"},"sameAs":["https:\/\/www.facebook.com\/Urbanbikerbiciselectricas","https:\/\/www.instagram.com\/urbanbiker_\/","https:\/\/www.linkedin.com\/company\/2454235","https:\/\/www.youtube.com\/channel\/UCWR__uH_RWJF-OhPfz-9-Qw"]},{"@type":"Person","@id":"https:\/\/www.urbanbiker.com\/pt-pt\/#\/schema\/person\/1cb58f0792ef226d6d409b73059515e0","name":"UrbanBiker","image":{"@type":"ImageObject","inLanguage":"pt-PT","@id":"https:\/\/secure.gravatar.com\/avatar\/22838f387878aabd10c8c90196e14f05497ff2fdd7c1267a5f035aa48d9ed396?s=96&d=mm&r=g","url":"https:\/\/secure.gravatar.com\/avatar\/22838f387878aabd10c8c90196e14f05497ff2fdd7c1267a5f035aa48d9ed396?s=96&d=mm&r=g","contentUrl":"https:\/\/secure.gravatar.com\/avatar\/22838f387878aabd10c8c90196e14f05497ff2fdd7c1267a5f035aa48d9ed396?s=96&d=mm&r=g","caption":"UrbanBiker"},"sameAs":["http:\/\/www.urbanbiker.com\/","https:\/\/www.facebook.com\/Urbanbikerbiciselectricas\/","https:\/\/www.linkedin.com\/company\/urbanbiker\/","https:\/\/www.youtube.com\/@UrbanbikerEbikes"]}]}},"_links":{"self":[{"href":"https:\/\/www.urbanbiker.com\/pt-pt\/wp-json\/wp\/v2\/posts\/35601","targetHints":{"allow":["GET"]}}],"collection":[{"href":"https:\/\/www.urbanbiker.com\/pt-pt\/wp-json\/wp\/v2\/posts"}],"about":[{"href":"https:\/\/www.urbanbiker.com\/pt-pt\/wp-json\/wp\/v2\/types\/post"}],"author":[{"embeddable":true,"href":"https:\/\/www.urbanbiker.com\/pt-pt\/wp-json\/wp\/v2\/users\/1"}],"replies":[{"embeddable":true,"href":"https:\/\/www.urbanbiker.com\/pt-pt\/wp-json\/wp\/v2\/comments?post=35601"}],"version-history":[{"count":1,"href":"https:\/\/www.urbanbiker.com\/pt-pt\/wp-json\/wp\/v2\/posts\/35601\/revisions"}],"predecessor-version":[{"id":35603,"href":"https:\/\/www.urbanbiker.com\/pt-pt\/wp-json\/wp\/v2\/posts\/35601\/revisions\/35603"}],"wp:featuredmedia":[{"embeddable":true,"href":"https:\/\/www.urbanbiker.com\/pt-pt\/wp-json\/wp\/v2\/media\/34944"}],"wp:attachment":[{"href":"https:\/\/www.urbanbiker.com\/pt-pt\/wp-json\/wp\/v2\/media?parent=35601"}],"wp:term":[{"taxonomy":"category","embeddable":true,"href":"https:\/\/www.urbanbiker.com\/pt-pt\/wp-json\/wp\/v2\/categories?post=35601"},{"taxonomy":"post_tag","embeddable":true,"href":"https:\/\/www.urbanbiker.com\/pt-pt\/wp-json\/wp\/v2\/tags?post=35601"}],"curies":[{"name":"wp","href":"https:\/\/api.w.org\/{rel}","templated":true}]}}