{"id":35445,"date":"2023-02-21T03:32:31","date_gmt":"2023-02-21T02:32:31","guid":{"rendered":"https:\/\/www.urbanbiker.com\/o-que-e-o-modo-de-marcha-numa-bicicleta-electrica\/"},"modified":"2025-02-12T08:33:29","modified_gmt":"2025-02-12T07:33:29","slug":"o-que-e-o-modo-de-marcha-numa-bicicleta-electrica","status":"publish","type":"post","link":"https:\/\/www.urbanbiker.com\/pt-pt\/o-que-e-o-modo-de-marcha-numa-bicicleta-electrica\/","title":{"rendered":"O que \u00e9 o modo de marcha numa bicicleta el\u00e9ctrica?"},"content":{"rendered":"&#13;\n<p>Muitas pessoas perguntam-se o que \u00e9 o<strong>&#8220;modo andar<\/strong>&#8221; de uma bicicleta el\u00e9ctrica. A primeira coisa a saber \u00e9 que todas as <strong>bicicletas el\u00e9ctricas<\/strong> incorporam um<strong>&#8220;modo de marcha<\/strong>&#8221; ou vulgarmente chamado modo de marcha. Este modo <strong>\u00e9<\/strong> normalmente <strong>ativado a partir do controlo do guiador, premindo o bot\u00e3o Walk<\/strong> e, em algumas marcas, como a UBK Systems, <strong>premindo o bot\u00e3o &#8220;-&#8221; <\/strong><strong>durante pelo menos 2 segundos cont\u00ednuos.<\/strong>  <\/p>&#13;\n\r\n<blockquote class=\"wp-block-quote is-layout-flow wp-block-quote-is-layout-flow\">&#13;\n<p>\u00c9 importante saberes que, quando este bot\u00e3o \u00e9 libertado, o<strong>&#8220;modo de marcha<\/strong>&#8221; deixa de funcionar. Isto deve-se \u00e0s suas duas funcionalidades. <\/p>&#13;\n&#13;\n\r\n\r\n&#13;\n<p>Sabes realmente quais s\u00e3o as duas funcionalidades que este modo tem numa bicicleta el\u00e9ctrica?<\/p>&#13;\n<ul>&#13;\n<li>El modo caminar nos ayudar\u00e1 a mover la bici en ese momento que nos quedamos en una cuesta arriba por p\u00e9rdida de tracci\u00f3n. Y otro truco: para tomar algo de impulso inicial antes de comenzar a pedalear.<\/li>&#13;\n<li>El modo caminar tambi\u00e9n nos ayudar\u00e1 a mover la ebike cuando nos bajemos de ella y tengamos que moverla para subir una gran cuesta. O simplemente cuando vamos paseando con alguien, bajado de la bicicleta y no queramos tirar por ella. Hay que tener en cuenta que una ebike, junto a su bater\u00eda, suele estar alrededor de los 20- 25 kilos, y este modo ayuda bastante.<\/li>&#13;\n<\/ul>&#13;\n<p>\u00c9 importante saberes que, quando este bot\u00e3o \u00e9 libertado, o<strong>&#8220;modo de marcha<\/strong>&#8221; deixa de funcionar. Isto deve-se \u00e0s suas duas funcionalidades. <\/p>&#13;\n<p>O modo de marcha ajuda-nos a mover a bicicleta no momento em que estamos presos numa subida devido \u00e0 perda de tra\u00e7\u00e3o. E outro truque: para ganhares algum impulso inicial antes de come\u00e7ares a pedalar. Tamb\u00e9m nos ajuda a mover a ebike quando sa\u00edmos dela e temos de a mover por uma grande colina. Ou simplesmente quando vamos dar uma volta com algu\u00e9m, descemos da bicicleta e n\u00e3o queremos pux\u00e1-la. Tem em conta que uma ebike, juntamente com a sua bateria, tem normalmente cerca de 20-25 quilos, e este modo ajuda muito.    <\/p>&#13;\n<ul><\/ul><\/ul>\r\n","protected":false},"excerpt":{"rendered":"<p>Vestibulum eu quam nec nec neque pellentesque efficitur id eget nisl. Proin porta est convallis lacus blandit pretium sed non enim. Maecenas lacinia non orci at aliquam. Donec finibus, urna bibendum ultricies laoreet, augue eros luctus sapien, ut euismod leo tortor ac enim. N\u00e3o te esque\u00e7as de que a tua vida \u00e9 muito boa. Sed cursus venenatis tellus, non lobortis diam volutpat sit amet.     <\/p>\n","protected":false},"author":1,"featured_media":34812,"comment_status":"open","ping_status":"open","sticky":false,"template":"","format":"standard","meta":{"footnotes":""},"categories":[298,302],"tags":[],"class_list":["post-35445","post","type-post","status-publish","format-standard","has-post-thumbnail","hentry","category-conselhos","category-noticias"],"yoast_head":"<!-- This site is optimized with the Yoast SEO plugin v27.5 - https:\/\/yoast.com\/product\/yoast-seo-wordpress\/ -->\n<title>O que \u00e9 o modo Passeio numa bicicleta el\u00e9ctrica | Ebike Tips<\/title>\n<meta name=\"description\" content=\"O que \u00e9 o modo Walk numa bicicleta el\u00e9ctrica. Dicas e utiliza\u00e7\u00f5es para este sistema que quase todas as bicicletas el\u00e9ctricas incorporam.\" \/>\n<meta name=\"robots\" content=\"noindex, follow\" \/>\n<meta property=\"og:locale\" content=\"pt_PT\" \/>\n<meta property=\"og:type\" content=\"article\" \/>\n<meta property=\"og:title\" content=\"O que \u00e9 o modo Passeio numa bicicleta el\u00e9ctrica | Ebike Tips\" \/>\n<meta property=\"og:description\" content=\"O que \u00e9 o modo Walk numa bicicleta el\u00e9ctrica. Dicas e utiliza\u00e7\u00f5es para este sistema que quase todas as bicicletas el\u00e9ctricas incorporam.\" \/>\n<meta property=\"og:url\" content=\"https:\/\/www.urbanbiker.com\/pt-pt\/o-que-e-o-modo-de-marcha-numa-bicicleta-electrica\/\" \/>\n<meta property=\"og:site_name\" content=\"UrbanBiker\" \/>\n<meta property=\"article:publisher\" content=\"https:\/\/www.facebook.com\/Urbanbikerbiciselectricas\" \/>\n<meta property=\"article:author\" content=\"https:\/\/www.facebook.com\/Urbanbikerbiciselectricas\/\" \/>\n<meta property=\"article:published_time\" content=\"2023-02-21T02:32:31+00:00\" \/>\n<meta property=\"article:modified_time\" content=\"2025-02-12T07:33:29+00:00\" \/>\n<meta property=\"og:image\" content=\"https:\/\/www.urbanbiker.com\/wp-content\/uploads\/2023\/03\/Urbanbiker-display-ub-2.png\" \/>\n\t<meta property=\"og:image:width\" content=\"463\" \/>\n\t<meta property=\"og:image:height\" content=\"463\" \/>\n\t<meta property=\"og:image:type\" content=\"image\/png\" \/>\n<meta name=\"author\" content=\"UrbanBiker\" \/>\n<meta name=\"twitter:card\" content=\"summary_large_image\" \/>\n<meta name=\"twitter:label1\" content=\"Escrito por\" \/>\n\t<meta name=\"twitter:data1\" content=\"UrbanBiker\" \/>\n\t<meta name=\"twitter:label2\" content=\"Tempo estimado de leitura\" \/>\n\t<meta name=\"twitter:data2\" content=\"2 minutos\" \/>\n<script type=\"application\/ld+json\" class=\"yoast-schema-graph\">{\"@context\":\"https:\\\/\\\/schema.org\",\"@graph\":[{\"@type\":\"Article\",\"@id\":\"https:\\\/\\\/www.urbanbiker.com\\\/pt-pt\\\/o-que-e-o-modo-de-marcha-numa-bicicleta-electrica\\\/#article\",\"isPartOf\":{\"@id\":\"https:\\\/\\\/www.urbanbiker.com\\\/pt-pt\\\/o-que-e-o-modo-de-marcha-numa-bicicleta-electrica\\\/\"},\"author\":{\"name\":\"UrbanBiker\",\"@id\":\"https:\\\/\\\/www.urbanbiker.com\\\/pt-pt\\\/#\\\/schema\\\/person\\\/1cb58f0792ef226d6d409b73059515e0\"},\"headline\":\"O que \u00e9 o modo de marcha numa bicicleta el\u00e9ctrica?\",\"datePublished\":\"2023-02-21T02:32:31+00:00\",\"dateModified\":\"2025-02-12T07:33:29+00:00\",\"mainEntityOfPage\":{\"@id\":\"https:\\\/\\\/www.urbanbiker.com\\\/pt-pt\\\/o-que-e-o-modo-de-marcha-numa-bicicleta-electrica\\\/\"},\"wordCount\":341,\"commentCount\":0,\"publisher\":{\"@id\":\"https:\\\/\\\/www.urbanbiker.com\\\/pt-pt\\\/#organization\"},\"image\":{\"@id\":\"https:\\\/\\\/www.urbanbiker.com\\\/pt-pt\\\/o-que-e-o-modo-de-marcha-numa-bicicleta-electrica\\\/#primaryimage\"},\"thumbnailUrl\":\"https:\\\/\\\/www.urbanbiker.com\\\/wp-content\\\/uploads\\\/2023\\\/03\\\/Urbanbiker-display-ub-2.png\",\"articleSection\":[\"Conselhos\",\"Not\u00edcias\"],\"inLanguage\":\"pt-PT\",\"potentialAction\":[{\"@type\":\"CommentAction\",\"name\":\"Comment\",\"target\":[\"https:\\\/\\\/www.urbanbiker.com\\\/pt-pt\\\/o-que-e-o-modo-de-marcha-numa-bicicleta-electrica\\\/#respond\"]}]},{\"@type\":\"WebPage\",\"@id\":\"https:\\\/\\\/www.urbanbiker.com\\\/pt-pt\\\/o-que-e-o-modo-de-marcha-numa-bicicleta-electrica\\\/\",\"url\":\"https:\\\/\\\/www.urbanbiker.com\\\/pt-pt\\\/o-que-e-o-modo-de-marcha-numa-bicicleta-electrica\\\/\",\"name\":\"O que \u00e9 o modo Passeio numa bicicleta el\u00e9ctrica | Ebike Tips\",\"isPartOf\":{\"@id\":\"https:\\\/\\\/www.urbanbiker.com\\\/pt-pt\\\/#website\"},\"primaryImageOfPage\":{\"@id\":\"https:\\\/\\\/www.urbanbiker.com\\\/pt-pt\\\/o-que-e-o-modo-de-marcha-numa-bicicleta-electrica\\\/#primaryimage\"},\"image\":{\"@id\":\"https:\\\/\\\/www.urbanbiker.com\\\/pt-pt\\\/o-que-e-o-modo-de-marcha-numa-bicicleta-electrica\\\/#primaryimage\"},\"thumbnailUrl\":\"https:\\\/\\\/www.urbanbiker.com\\\/wp-content\\\/uploads\\\/2023\\\/03\\\/Urbanbiker-display-ub-2.png\",\"datePublished\":\"2023-02-21T02:32:31+00:00\",\"dateModified\":\"2025-02-12T07:33:29+00:00\",\"description\":\"O que \u00e9 o modo Walk numa bicicleta el\u00e9ctrica. Dicas e utiliza\u00e7\u00f5es para este sistema que quase todas as bicicletas el\u00e9ctricas incorporam.\",\"breadcrumb\":{\"@id\":\"https:\\\/\\\/www.urbanbiker.com\\\/pt-pt\\\/o-que-e-o-modo-de-marcha-numa-bicicleta-electrica\\\/#breadcrumb\"},\"inLanguage\":\"pt-PT\",\"potentialAction\":[{\"@type\":\"ReadAction\",\"target\":[\"https:\\\/\\\/www.urbanbiker.com\\\/pt-pt\\\/o-que-e-o-modo-de-marcha-numa-bicicleta-electrica\\\/\"]}]},{\"@type\":\"ImageObject\",\"inLanguage\":\"pt-PT\",\"@id\":\"https:\\\/\\\/www.urbanbiker.com\\\/pt-pt\\\/o-que-e-o-modo-de-marcha-numa-bicicleta-electrica\\\/#primaryimage\",\"url\":\"https:\\\/\\\/www.urbanbiker.com\\\/wp-content\\\/uploads\\\/2023\\\/03\\\/Urbanbiker-display-ub-2.png\",\"contentUrl\":\"https:\\\/\\\/www.urbanbiker.com\\\/wp-content\\\/uploads\\\/2023\\\/03\\\/Urbanbiker-display-ub-2.png\",\"width\":463,\"height\":463},{\"@type\":\"BreadcrumbList\",\"@id\":\"https:\\\/\\\/www.urbanbiker.com\\\/pt-pt\\\/o-que-e-o-modo-de-marcha-numa-bicicleta-electrica\\\/#breadcrumb\",\"itemListElement\":[{\"@type\":\"ListItem\",\"position\":1,\"name\":\"Portada\",\"item\":\"https:\\\/\\\/www.urbanbiker.com\\\/pt-pt\\\/\"},{\"@type\":\"ListItem\",\"position\":2,\"name\":\"O que \u00e9 o modo de marcha numa bicicleta el\u00e9ctrica?\"}]},{\"@type\":\"WebSite\",\"@id\":\"https:\\\/\\\/www.urbanbiker.com\\\/pt-pt\\\/#website\",\"url\":\"https:\\\/\\\/www.urbanbiker.com\\\/pt-pt\\\/\",\"name\":\"UrbanBiker\",\"description\":\"Bicicletas el\u00e9ctricas\",\"publisher\":{\"@id\":\"https:\\\/\\\/www.urbanbiker.com\\\/pt-pt\\\/#organization\"},\"potentialAction\":[{\"@type\":\"SearchAction\",\"target\":{\"@type\":\"EntryPoint\",\"urlTemplate\":\"https:\\\/\\\/www.urbanbiker.com\\\/pt-pt\\\/?s={search_term_string}\"},\"query-input\":{\"@type\":\"PropertyValueSpecification\",\"valueRequired\":true,\"valueName\":\"search_term_string\"}}],\"inLanguage\":\"pt-PT\"},{\"@type\":\"Organization\",\"@id\":\"https:\\\/\\\/www.urbanbiker.com\\\/pt-pt\\\/#organization\",\"name\":\"UrbanBiker\",\"url\":\"https:\\\/\\\/www.urbanbiker.com\\\/pt-pt\\\/\",\"logo\":{\"@type\":\"ImageObject\",\"inLanguage\":\"pt-PT\",\"@id\":\"https:\\\/\\\/www.urbanbiker.com\\\/pt-pt\\\/#\\\/schema\\\/logo\\\/image\\\/\",\"url\":\"https:\\\/\\\/www.urbanbiker.com\\\/wp-content\\\/uploads\\\/2022\\\/09\\\/Logo-principal-sin-fondo.png\",\"contentUrl\":\"https:\\\/\\\/www.urbanbiker.com\\\/wp-content\\\/uploads\\\/2022\\\/09\\\/Logo-principal-sin-fondo.png\",\"width\":2560,\"height\":934,\"caption\":\"UrbanBiker\"},\"image\":{\"@id\":\"https:\\\/\\\/www.urbanbiker.com\\\/pt-pt\\\/#\\\/schema\\\/logo\\\/image\\\/\"},\"sameAs\":[\"https:\\\/\\\/www.facebook.com\\\/Urbanbikerbiciselectricas\",\"https:\\\/\\\/www.instagram.com\\\/urbanbiker_\\\/\",\"https:\\\/\\\/www.linkedin.com\\\/company\\\/2454235\",\"https:\\\/\\\/www.youtube.com\\\/channel\\\/UCWR__uH_RWJF-OhPfz-9-Qw\"]},{\"@type\":\"Person\",\"@id\":\"https:\\\/\\\/www.urbanbiker.com\\\/pt-pt\\\/#\\\/schema\\\/person\\\/1cb58f0792ef226d6d409b73059515e0\",\"name\":\"UrbanBiker\",\"image\":{\"@type\":\"ImageObject\",\"inLanguage\":\"pt-PT\",\"@id\":\"https:\\\/\\\/secure.gravatar.com\\\/avatar\\\/22838f387878aabd10c8c90196e14f05497ff2fdd7c1267a5f035aa48d9ed396?s=96&d=mm&r=g\",\"url\":\"https:\\\/\\\/secure.gravatar.com\\\/avatar\\\/22838f387878aabd10c8c90196e14f05497ff2fdd7c1267a5f035aa48d9ed396?s=96&d=mm&r=g\",\"contentUrl\":\"https:\\\/\\\/secure.gravatar.com\\\/avatar\\\/22838f387878aabd10c8c90196e14f05497ff2fdd7c1267a5f035aa48d9ed396?s=96&d=mm&r=g\",\"caption\":\"UrbanBiker\"},\"sameAs\":[\"http:\\\/\\\/www.urbanbiker.com\\\/\",\"https:\\\/\\\/www.facebook.com\\\/Urbanbikerbiciselectricas\\\/\",\"https:\\\/\\\/www.linkedin.com\\\/company\\\/urbanbiker\\\/\",\"https:\\\/\\\/www.youtube.com\\\/@UrbanbikerEbikes\"]}]}<\/script>\n<!-- \/ Yoast SEO plugin. -->","yoast_head_json":{"title":"O que \u00e9 o modo Passeio numa bicicleta el\u00e9ctrica | Ebike Tips","description":"O que \u00e9 o modo Walk numa bicicleta el\u00e9ctrica. Dicas e utiliza\u00e7\u00f5es para este sistema que quase todas as bicicletas el\u00e9ctricas incorporam.","robots":{"index":"noindex","follow":"follow"},"og_locale":"pt_PT","og_type":"article","og_title":"O que \u00e9 o modo Passeio numa bicicleta el\u00e9ctrica | Ebike Tips","og_description":"O que \u00e9 o modo Walk numa bicicleta el\u00e9ctrica. Dicas e utiliza\u00e7\u00f5es para este sistema que quase todas as bicicletas el\u00e9ctricas incorporam.","og_url":"https:\/\/www.urbanbiker.com\/pt-pt\/o-que-e-o-modo-de-marcha-numa-bicicleta-electrica\/","og_site_name":"UrbanBiker","article_publisher":"https:\/\/www.facebook.com\/Urbanbikerbiciselectricas","article_author":"https:\/\/www.facebook.com\/Urbanbikerbiciselectricas\/","article_published_time":"2023-02-21T02:32:31+00:00","article_modified_time":"2025-02-12T07:33:29+00:00","og_image":[{"width":463,"height":463,"url":"https:\/\/www.urbanbiker.com\/wp-content\/uploads\/2023\/03\/Urbanbiker-display-ub-2.png","type":"image\/png"}],"author":"UrbanBiker","twitter_card":"summary_large_image","twitter_misc":{"Escrito por":"UrbanBiker","Tempo estimado de leitura":"2 minutos"},"schema":{"@context":"https:\/\/schema.org","@graph":[{"@type":"Article","@id":"https:\/\/www.urbanbiker.com\/pt-pt\/o-que-e-o-modo-de-marcha-numa-bicicleta-electrica\/#article","isPartOf":{"@id":"https:\/\/www.urbanbiker.com\/pt-pt\/o-que-e-o-modo-de-marcha-numa-bicicleta-electrica\/"},"author":{"name":"UrbanBiker","@id":"https:\/\/www.urbanbiker.com\/pt-pt\/#\/schema\/person\/1cb58f0792ef226d6d409b73059515e0"},"headline":"O que \u00e9 o modo de marcha numa bicicleta el\u00e9ctrica?","datePublished":"2023-02-21T02:32:31+00:00","dateModified":"2025-02-12T07:33:29+00:00","mainEntityOfPage":{"@id":"https:\/\/www.urbanbiker.com\/pt-pt\/o-que-e-o-modo-de-marcha-numa-bicicleta-electrica\/"},"wordCount":341,"commentCount":0,"publisher":{"@id":"https:\/\/www.urbanbiker.com\/pt-pt\/#organization"},"image":{"@id":"https:\/\/www.urbanbiker.com\/pt-pt\/o-que-e-o-modo-de-marcha-numa-bicicleta-electrica\/#primaryimage"},"thumbnailUrl":"https:\/\/www.urbanbiker.com\/wp-content\/uploads\/2023\/03\/Urbanbiker-display-ub-2.png","articleSection":["Conselhos","Not\u00edcias"],"inLanguage":"pt-PT","potentialAction":[{"@type":"CommentAction","name":"Comment","target":["https:\/\/www.urbanbiker.com\/pt-pt\/o-que-e-o-modo-de-marcha-numa-bicicleta-electrica\/#respond"]}]},{"@type":"WebPage","@id":"https:\/\/www.urbanbiker.com\/pt-pt\/o-que-e-o-modo-de-marcha-numa-bicicleta-electrica\/","url":"https:\/\/www.urbanbiker.com\/pt-pt\/o-que-e-o-modo-de-marcha-numa-bicicleta-electrica\/","name":"O que \u00e9 o modo Passeio numa bicicleta el\u00e9ctrica | Ebike Tips","isPartOf":{"@id":"https:\/\/www.urbanbiker.com\/pt-pt\/#website"},"primaryImageOfPage":{"@id":"https:\/\/www.urbanbiker.com\/pt-pt\/o-que-e-o-modo-de-marcha-numa-bicicleta-electrica\/#primaryimage"},"image":{"@id":"https:\/\/www.urbanbiker.com\/pt-pt\/o-que-e-o-modo-de-marcha-numa-bicicleta-electrica\/#primaryimage"},"thumbnailUrl":"https:\/\/www.urbanbiker.com\/wp-content\/uploads\/2023\/03\/Urbanbiker-display-ub-2.png","datePublished":"2023-02-21T02:32:31+00:00","dateModified":"2025-02-12T07:33:29+00:00","description":"O que \u00e9 o modo Walk numa bicicleta el\u00e9ctrica. Dicas e utiliza\u00e7\u00f5es para este sistema que quase todas as bicicletas el\u00e9ctricas incorporam.","breadcrumb":{"@id":"https:\/\/www.urbanbiker.com\/pt-pt\/o-que-e-o-modo-de-marcha-numa-bicicleta-electrica\/#breadcrumb"},"inLanguage":"pt-PT","potentialAction":[{"@type":"ReadAction","target":["https:\/\/www.urbanbiker.com\/pt-pt\/o-que-e-o-modo-de-marcha-numa-bicicleta-electrica\/"]}]},{"@type":"ImageObject","inLanguage":"pt-PT","@id":"https:\/\/www.urbanbiker.com\/pt-pt\/o-que-e-o-modo-de-marcha-numa-bicicleta-electrica\/#primaryimage","url":"https:\/\/www.urbanbiker.com\/wp-content\/uploads\/2023\/03\/Urbanbiker-display-ub-2.png","contentUrl":"https:\/\/www.urbanbiker.com\/wp-content\/uploads\/2023\/03\/Urbanbiker-display-ub-2.png","width":463,"height":463},{"@type":"BreadcrumbList","@id":"https:\/\/www.urbanbiker.com\/pt-pt\/o-que-e-o-modo-de-marcha-numa-bicicleta-electrica\/#breadcrumb","itemListElement":[{"@type":"ListItem","position":1,"name":"Portada","item":"https:\/\/www.urbanbiker.com\/pt-pt\/"},{"@type":"ListItem","position":2,"name":"O que \u00e9 o modo de marcha numa bicicleta el\u00e9ctrica?"}]},{"@type":"WebSite","@id":"https:\/\/www.urbanbiker.com\/pt-pt\/#website","url":"https:\/\/www.urbanbiker.com\/pt-pt\/","name":"UrbanBiker","description":"Bicicletas el\u00e9ctricas","publisher":{"@id":"https:\/\/www.urbanbiker.com\/pt-pt\/#organization"},"potentialAction":[{"@type":"SearchAction","target":{"@type":"EntryPoint","urlTemplate":"https:\/\/www.urbanbiker.com\/pt-pt\/?s={search_term_string}"},"query-input":{"@type":"PropertyValueSpecification","valueRequired":true,"valueName":"search_term_string"}}],"inLanguage":"pt-PT"},{"@type":"Organization","@id":"https:\/\/www.urbanbiker.com\/pt-pt\/#organization","name":"UrbanBiker","url":"https:\/\/www.urbanbiker.com\/pt-pt\/","logo":{"@type":"ImageObject","inLanguage":"pt-PT","@id":"https:\/\/www.urbanbiker.com\/pt-pt\/#\/schema\/logo\/image\/","url":"https:\/\/www.urbanbiker.com\/wp-content\/uploads\/2022\/09\/Logo-principal-sin-fondo.png","contentUrl":"https:\/\/www.urbanbiker.com\/wp-content\/uploads\/2022\/09\/Logo-principal-sin-fondo.png","width":2560,"height":934,"caption":"UrbanBiker"},"image":{"@id":"https:\/\/www.urbanbiker.com\/pt-pt\/#\/schema\/logo\/image\/"},"sameAs":["https:\/\/www.facebook.com\/Urbanbikerbiciselectricas","https:\/\/www.instagram.com\/urbanbiker_\/","https:\/\/www.linkedin.com\/company\/2454235","https:\/\/www.youtube.com\/channel\/UCWR__uH_RWJF-OhPfz-9-Qw"]},{"@type":"Person","@id":"https:\/\/www.urbanbiker.com\/pt-pt\/#\/schema\/person\/1cb58f0792ef226d6d409b73059515e0","name":"UrbanBiker","image":{"@type":"ImageObject","inLanguage":"pt-PT","@id":"https:\/\/secure.gravatar.com\/avatar\/22838f387878aabd10c8c90196e14f05497ff2fdd7c1267a5f035aa48d9ed396?s=96&d=mm&r=g","url":"https:\/\/secure.gravatar.com\/avatar\/22838f387878aabd10c8c90196e14f05497ff2fdd7c1267a5f035aa48d9ed396?s=96&d=mm&r=g","contentUrl":"https:\/\/secure.gravatar.com\/avatar\/22838f387878aabd10c8c90196e14f05497ff2fdd7c1267a5f035aa48d9ed396?s=96&d=mm&r=g","caption":"UrbanBiker"},"sameAs":["http:\/\/www.urbanbiker.com\/","https:\/\/www.facebook.com\/Urbanbikerbiciselectricas\/","https:\/\/www.linkedin.com\/company\/urbanbiker\/","https:\/\/www.youtube.com\/@UrbanbikerEbikes"]}]}},"_links":{"self":[{"href":"https:\/\/www.urbanbiker.com\/pt-pt\/wp-json\/wp\/v2\/posts\/35445","targetHints":{"allow":["GET"]}}],"collection":[{"href":"https:\/\/www.urbanbiker.com\/pt-pt\/wp-json\/wp\/v2\/posts"}],"about":[{"href":"https:\/\/www.urbanbiker.com\/pt-pt\/wp-json\/wp\/v2\/types\/post"}],"author":[{"embeddable":true,"href":"https:\/\/www.urbanbiker.com\/pt-pt\/wp-json\/wp\/v2\/users\/1"}],"replies":[{"embeddable":true,"href":"https:\/\/www.urbanbiker.com\/pt-pt\/wp-json\/wp\/v2\/comments?post=35445"}],"version-history":[{"count":5,"href":"https:\/\/www.urbanbiker.com\/pt-pt\/wp-json\/wp\/v2\/posts\/35445\/revisions"}],"predecessor-version":[{"id":36156,"href":"https:\/\/www.urbanbiker.com\/pt-pt\/wp-json\/wp\/v2\/posts\/35445\/revisions\/36156"}],"wp:featuredmedia":[{"embeddable":true,"href":"https:\/\/www.urbanbiker.com\/pt-pt\/wp-json\/wp\/v2\/media\/34812"}],"wp:attachment":[{"href":"https:\/\/www.urbanbiker.com\/pt-pt\/wp-json\/wp\/v2\/media?parent=35445"}],"wp:term":[{"taxonomy":"category","embeddable":true,"href":"https:\/\/www.urbanbiker.com\/pt-pt\/wp-json\/wp\/v2\/categories?post=35445"},{"taxonomy":"post_tag","embeddable":true,"href":"https:\/\/www.urbanbiker.com\/pt-pt\/wp-json\/wp\/v2\/tags?post=35445"}],"curies":[{"name":"wp","href":"https:\/\/api.w.org\/{rel}","templated":true}]}}