{"id":56828,"date":"2025-10-24T14:25:11","date_gmt":"2025-10-24T12:25:11","guid":{"rendered":"https:\/\/www.urbanbiker.com\/un-viaje-electrico-de-leon-a-gijon-en-ebike-con-urbanbiker\/"},"modified":"2025-10-26T17:18:08","modified_gmt":"2025-10-26T16:18:08","slug":"een-elektrische-reis-van-leon-naar-gijon-op-enn-e-bike-met-urbanbiker","status":"publish","type":"post","link":"https:\/\/www.urbanbiker.com\/nl\/een-elektrische-reis-van-leon-naar-gijon-op-enn-e-bike-met-urbanbiker\/","title":{"rendered":"Een elektrische reis van Le\u00f3n naar Gij\u00f3n op enn E-Bike met UrbanBiker | 30 dagen op de fiets"},"content":{"rendered":"<h1><strong>Een elektrische reis van Le\u00f3n naar Gij\u00f3n: twee dagen op een e-bike met UrbanBiker<\/strong><\/h1>\n<p><em><strong>Een tekst van Carlos Rodr\u00edguez, internationaal co\u00f6rdinator van <a href=\"https:\/\/www.30diasenbici.com\/\">30 D\u00edas en Bici<\/a><\/strong><\/em><\/p>\n<p>Ik heb altijd fietsen gezien vanuit een plek los van cijfers, statistieken en afstanden. Dit is wezenlijk in de manier waarop de campagne 30 D\u00edas en Bici het gebruik, de proef en adoptie van de fiets voor persoonlijke mobiliteit stimuleert. Een perspectief dat zijn volle kracht bereikt wanneer, verder dan sportief of recreatief gebruik, de fiets een voertuig van ontdekking wordt. We hebben het over <b>fietstoerisme<\/b> dat voor mij meer vervoer is dan sport.<\/p>\n<p>Tijdens de rit op een <b>elektrische fiets<\/b>, blijkt je tempo de perfecte snelheid te zijn zodat geen enkel detail ontglipt aan je aandacht. En de e-bike is vrijheid in puur vorm, een synoniem voor \u201c<b>kom waar je wilt<\/b>\u201d, zodat elke kilometer onthouden wordt, niet door z\u2019n zwaarte of door het gewicht van je zadeltas maar door zijn essentie.<\/p>\n<p>Een paar dagen geleden stapte ik samen met Jorge Cabal van <a href=\"http:\/\/www.urbanbiker.com\/nl\">UrbanBiker<\/a> op een route van twee dagen op elk een elektrische fiets om Le\u00f3n met Gij\u00f3n te verbinden, om onze merken, <a href=\"https:\/\/www.30diasenbici.com\">30DEB<\/a> en <a href=\"http:\/\/www.urbanbiker.com\/nl\">UrbanBiker<\/a>, samen te brengen in een avontuur dat alles weerspiegelde wat we gemeen hebben: <b>het gebruik van de fiets bevorderen, duurzaam bewegen en genieten van de weg.<\/b><\/p>\n<p>Een e-bike reis die geen sporttest was, maar een hele verklaring dat duurzame mobiliteit ook avontuur, emotie en ontdekking kan zijn&#8230;<\/p>\n<h2><strong>Dag 1: Van de stad naar de toppen.<\/strong><\/h2>\n<p>Terwijl Le\u00f3n zich uitstrekte na een zaterdag vol <a style=\"cursor: pointer !important; user-select: none !important;\" href=\"https:\/\/es.wikipedia.org\/wiki\/Froil%C3%A1n_de_Le%C3%B3n\">feest van San Froil\u00e1n<\/a>, bereidden we in de werkplaats van UrbanBiker, aangemoedigd door versgezette koffie, onze elektrische fietsen met zadeltassen, pedalen, de videocamera en andere kleine aanpassingen. Jorge, met de glimlach van wie de geheimen kent van zijn fluisterende krachtbron, en ik, met die van wie op het punt staat ze te ontdekken.<\/p>\n<p>Na een tijdje trapten we van oost naar west door de stad Le\u00f3n. De eerste koffie onderweg viel in Lorenzana, in de legendarische bar \u201cEl L\u00edder\u201d waarvan de heerlijke tortilla, behulpzame serveerster en imposante fietseresthetiek het een verplichte stop maakt voor elke fietser die zichzelf zo noemt. Spoedig ging het plateau rimpelen in heuvels terwijl in de verte de imposante Cordillera Cant\u00e1brica te zien was. Het kloppen van mijn UrbanBiker <a href=\"https:\/\/www.urbanbiker.com\/nl\/product\/ub300-fe-elektrisches-mountainbike-voll-uitgerust\/\">UB300<\/a> <i>vlakte elke helling, elke korte steile klim, om mijn trappen te vergemakkelijken door precies het juiste ondersteunings\u00advermogen te leveren<\/i> en al snel doorkruisten we het <a href=\"https:\/\/patrimonionatural.org\/espacios-naturales\/parque-natural\/parque-natural-babia-y-luna\">Parque Natural de Babia y Luna<\/a>.<\/p>\n<p>Na een korte stop in La Magdalena om op te frissen betraden we het wilde terrein. Het landschap van het stuwmeer, in een overgangszone tussen plateau en bergen, is dramatisch, met het diepblauw van het water dat contrasteert met de dorre, rotsachtige kliffen. De fietser vindt zichzelf in de eenzaamheid, het overweldigende stil\u00adten en de epische schaal die de bezoeker klein doet voelen, terwijl de eenzame weg naast het water slingert.<\/p>\n<p>Aan zijn oever aten we in het <a href=\"https:\/\/clubnauticoleon.es\/\">Club N\u00e1utico de Le\u00f3n<\/a>, met ongeveer 60 kilometer in de benen, bijna 75% voltooid van onze tocht naar <a href=\"https:\/\/www.aytosanemiliano.es\/los-pueblos\/sanemiliano.html\">San Emiliano<\/a> en met slechts 28% van de accu verbruikt \u2013 wat een verrassing! In ECO-modus (economisch, waarbij de motor 25% van zijn ondersteunings\u00adcapaciteit levert) hadden we de batterij\u00adautonomie ver voorbij de 88 kilometer van de dag getrokken. De weergave van de <a href=\"https:\/\/www.urbanbiker.com\/nl\/product\/ub200-multifunctionele-elektrische-fiets-met-dubbele-vering\/\">UB200<\/a> van trekking-type met dubbele vering die Jorge gebruikte, toonde gelijkaardige verbruiks- en reikwijtedata.<\/p>\n<p>Goed voldaan aan onze voedsel- en drinkbehoeften in Le\u00f3ns stijl, vervolgden we de weg zigzaggend langs de weg aan de rand van het stuwmeer om Luna te verlaten en Babia binnen te treden (en ja, Babia is echt een plek). Een plek waar de tijd zich uitspreidt in horizonten van groen en steen. Fietsend over die wegen, is men niet \u201cin Babia\u201d; men \u00eds.<\/p>\n<p>En zo, met de zon die begon te spelen met de toppen van het nationaal park, werden we ontvangen in San Emiliano, met een bier en een indrukwekkend zicht op de Ubi\u00f1as badend in het avondzonlicht dat plaatsmaakte voor een bijna volle maan die heerste boven het witte kalksteen. Na 88 kilometer was het tijd voor rust voor onze reizende benen en batterij\u00adopladingen voor de fietsen.<\/p>\n<p><a href=\"https:\/\/www.urbanbiker.com\/wp-content\/uploads\/2025\/10\/UB200-en-ruta.png\"><img fetchpriority=\"high\" decoding=\"async\" class=\"alignnone size-medium wp-image-56653\" src=\"https:\/\/www.urbanbiker.com\/wp-content\/uploads\/2025\/10\/UB200-en-ruta-300x169.png\" alt=\"\" width=\"300\" height=\"169\" srcset=\"https:\/\/www.urbanbiker.com\/wp-content\/uploads\/2025\/10\/UB200-en-ruta-300x169.png 300w, https:\/\/www.urbanbiker.com\/wp-content\/uploads\/2025\/10\/UB200-en-ruta-1024x576.png 1024w, https:\/\/www.urbanbiker.com\/wp-content\/uploads\/2025\/10\/UB200-en-ruta-768x432.png 768w, https:\/\/www.urbanbiker.com\/wp-content\/uploads\/2025\/10\/UB200-en-ruta-1536x864.png 1536w, https:\/\/www.urbanbiker.com\/wp-content\/uploads\/2025\/10\/UB200-en-ruta-2048x1152.png 2048w, https:\/\/www.urbanbiker.com\/wp-content\/uploads\/2025\/10\/UB200-en-ruta-800x450.png 800w\" sizes=\"(max-width: 300px) 100vw, 300px\" \/><\/a><\/p>\n<h2><strong>Dag 2: Op zoek naar de zee<\/strong><\/h2>\n<p>Wakker worden in San Emiliano is jezelf verliezen in een grote omhelzing met het gebergte. Zonder vroeg te vertrekken, begonnen we aan de verovering van de <a href=\"https:\/\/es.wikipedia.org\/wiki\/Puerto_de_Ventana\">Puerto Ventana<\/a>. In elke bocht, terwijl het dal steeds kleiner achter ons werd, hielp de motor van onze fietsen ons, met een fluisterende medeplichtige, het hoogteverschil overwinnen, zo geleidelijk en effectief dat we spoedig de eerste beloning van de dag kregen: de top van de pas en de toegang tot Asturi\u00eb. De ijzige bergwind omarmde ons op de grens van beide koninkrijken. Achter ons lag het Leonese vaderland en voor ons storte de weg zich in het Asturische land.<\/p>\n<p>De afdaling was een vlucht. Met alle ondersteuning uitgeschakeld, spaarden we batterij en kon ik de uitstekende geometrie van mijn UB300 voor de afdaling testen. Een duizelingwekkende daling van 20 kilometer naar <a href=\"https:\/\/es.wikipedia.org\/wiki\/Teverga\">San Mart\u00edn de Teverga<\/a>, slokte bossen, grotten, kloven en ravijnen op. Na een korte stop voor koffie en tortilla, hield slechts \u00e9\u00e9n kilometer weg ons van de legendarische Senda del Oso, een samensmelting van de woede van de berg en de rust van het dal, van de fluistering van de rivier en het knarsen van het grind onder onze wielen, van rots\u00adtunnels en oerbossen die de geheimen bewaren van de voor\u00adouders van Paca en Tola.<\/p>\n<p>We zouden de weg niet meer raken. De Senda del Oso voerde ons door Proaza, Villanueva, Tu\u00f1\u00f3n naar Trubia waar we, de Nal\u00f3n volgend, aansloten op de V\u00eda Verde del Fuso die ons rond drie uur \u2019s middags in Oviedo bracht. Zevenenzestig kilometer (met bijna de helft van de batterij over) verdienden een pauze om te eten in <a href=\"https:\/\/lacomtiendaoviedo.es\/\">La Contienda<\/a> en daar besloten we de reis naar Gij\u00f3n met de <a href=\"https:\/\/www.renfe.com\/es\/es\/cercanias\">forensentrein<\/a> te maken. En ik kon vaststellen dat de UB200 en UB300 zich perfect gedroegen in liften of roltrappen en zich zonder problemen pasten in de (weinig bemeten) fietsrubrieken van elk treinstel.<\/p>\n<p>In Gij\u00f3n, met de zoute zeelucht in het gezicht en een glaasje cider in de hand, keken we terug. Twee dagen, twee fietsen, twee werelden. Van het Plateau naar de Cantabrische Zee, delen met Jorge wegen, paden en routes, unieke landschappen, eindeloze gesprekken en onvergetelijke ervaringen.<\/p>\n<p>En een belangrijke ontdekking: reizen met een <strong>elektrische fiets<\/strong> betekent niet afstand doen van inspanning. Je beleeft op dezelfde manier de voldoening van een beklimming overwonnen, de euforie van een technische afdaling of de stille weerstand van de wind. Er is geen ander, en zelfs geen \u201cik tegen\u201d waarmee te concurreren, maar alles draait om het zoeken naar het interne ritme dat je in staat stelt te fuseren met het landschap, dat persoonlijke tempo dat elke meter verandert in geleefde ervaring. En de motor van mijn UB300 is een trouwe bondgenoot geweest in die poging het terrein te lezen zoals je een goed boek leest, genietend van elke pagina van de weg.<\/p>\n<p><a href=\"https:\/\/www.urbanbiker.com\/wp-content\/uploads\/2025\/10\/Mapa-del-Biciviaje-Leon-Asturias-en-bici-electrica.png\"><img decoding=\"async\" class=\"alignnone size-medium wp-image-56661\" src=\"https:\/\/www.urbanbiker.com\/wp-content\/uploads\/2025\/10\/Mapa-del-Biciviaje-Leon-Asturias-en-bici-electrica-300x169.png\" alt=\"\" width=\"300\" height=\"169\" srcset=\"https:\/\/www.urbanbiker.com\/wp-content\/uploads\/2025\/10\/Mapa-del-Biciviaje-Leon-Asturias-en-bici-electrica-300x169.png 300w, https:\/\/www.urbanbiker.com\/wp-content\/uploads\/2025\/10\/Mapa-del-Biciviaje-Leon-Asturias-en-bici-electrica-1024x576.png 1024w, https:\/\/www.urbanbiker.com\/wp-content\/uploads\/2025\/10\/Mapa-del-Biciviaje-Leon-Asturias-en-bici-electrica-768x432.png 768w, https:\/\/www.urbanbiker.com\/wp-content\/uploads\/2025\/10\/Mapa-del-Biciviaje-Leon-Asturias-en-bici-electrica-1536x864.png 1536w, https:\/\/www.urbanbiker.com\/wp-content\/uploads\/2025\/10\/Mapa-del-Biciviaje-Leon-Asturias-en-bici-electrica-2048x1152.png 2048w, https:\/\/www.urbanbiker.com\/wp-content\/uploads\/2025\/10\/Mapa-del-Biciviaje-Leon-Asturias-en-bici-electrica-800x450.png 800w\" sizes=\"(max-width: 300px) 100vw, 300px\" \/><\/a><\/p>\n<p><strong>UrbanBiker: Kom waar je wilt.<\/strong><\/p>\n<p>We produceren elektrische fietsen ontworpen om te ontdekken, te genieten en vrij te bewegen.<\/p>\n<p>Als jij ook je volgende avontuur op een e-bike wilt beleven, ga naar www.urbanbiker.com<\/p>\n<p><em>Over de auteur:<\/em><\/p>\n<p><strong>Carlos Rodr\u00edguez<\/strong> is internationaal co\u00f6rdinator van <a href=\"https:\/\/www.30diasenbici.com\/\"><strong>30 D\u00edas en Bici,<\/strong><\/a> een meerdere malen bekroonde wereldwijde campagne ter promotie van het dagelijks gebruik van de fiets en werkt samen met <a href=\"http:\/\/www.urbanbiker.com\/nl\"><strong>UrbanBiker<\/strong><\/a> aan duurzame mobiliteitsprojecten en fiets\u00adervaringen die inspireren om het gebied te ontdekken op twee wielen.<\/p>\n<p>Dit artikel maakt deel uit van die samenwerking tussen <strong>UrbanBiker<\/strong> en <strong>30 D\u00edas en Bici<\/strong>, twee projecten die dezelfde filosofie delen: vrij bewegen, genieten van de weg en komen waar je wilt. <strong>Jorge Cabal<\/strong> is onze Director Sales &amp; International Marketing, die kilometers en ervaringen deelde met Carlos Rodr\u00edguez in dit leuke e-bike avontuur.<\/p>\n","protected":false},"excerpt":{"rendered":"<p>Een elektrische reis van Le\u00f3n naar Gij\u00f3n: twee dagen op een e-bike met UrbanBiker Een tekst van Carlos Rodr\u00edguez, internationaal co\u00f6rdinator van 30 D\u00edas en Bici Ik heb altijd fietsen gezien vanuit een plek los van cijfers, statistieken en afstanden. Dit is wezenlijk in de manier waarop de campagne 30 D\u00edas en Bici het gebruik, [&hellip;]<\/p>\n","protected":false},"author":28397,"featured_media":56581,"comment_status":"open","ping_status":"open","sticky":false,"template":"","format":"standard","meta":{"footnotes":""},"categories":[629,275],"tags":[],"class_list":["post-56828","post","type-post","status-publish","format-standard","has-post-thumbnail","hentry","category-duurzame-mobiliteit","category-nieuws"],"yoast_head":"<!-- This site is optimized with the Yoast SEO plugin v27.5 - https:\/\/yoast.com\/product\/yoast-seo-wordpress\/ -->\n<title>Een elektrische reis van Le\u00f3n naar Gij\u00f3n op enn E-Bike met UrbanBiker<\/title>\n<meta name=\"description\" content=\"Ontdek de ervaring van reizen van Le\u00f3n naar Gij\u00f3n op een UrbanBiker elektrische fiets samen met Carlos R, internationaal co\u00f6rdinator van 30 D\u00edas en Bici, en Jorge, Director Sales bij UrbanBiker. Twee dagen vrijheid, natuur en duurzame mobiliteit op twee wielen.\" \/>\n<meta name=\"robots\" content=\"index, follow, max-snippet:-1, max-image-preview:large, max-video-preview:-1\" \/>\n<link rel=\"canonical\" href=\"https:\/\/www.urbanbiker.com\/nl\/een-elektrische-reis-van-leon-naar-gijon-op-enn-e-bike-met-urbanbiker\/\" \/>\n<meta property=\"og:locale\" content=\"nl_NL\" \/>\n<meta property=\"og:type\" content=\"article\" \/>\n<meta property=\"og:title\" content=\"Een elektrische reis van Le\u00f3n naar Gij\u00f3n op enn E-Bike met UrbanBiker\" \/>\n<meta property=\"og:description\" content=\"Ontdek de ervaring van reizen van Le\u00f3n naar Gij\u00f3n op een UrbanBiker elektrische fiets samen met Carlos R, internationaal co\u00f6rdinator van 30 D\u00edas en Bici, en Jorge, Director Sales bij UrbanBiker. Twee dagen vrijheid, natuur en duurzame mobiliteit op twee wielen.\" \/>\n<meta property=\"og:url\" content=\"https:\/\/www.urbanbiker.com\/nl\/een-elektrische-reis-van-leon-naar-gijon-op-enn-e-bike-met-urbanbiker\/\" \/>\n<meta property=\"og:site_name\" content=\"UrbanBiker\" \/>\n<meta property=\"article:publisher\" content=\"https:\/\/www.facebook.com\/Urbanbikerbiciselectricas\" \/>\n<meta property=\"article:published_time\" content=\"2025-10-24T12:25:11+00:00\" \/>\n<meta property=\"article:modified_time\" content=\"2025-10-26T16:18:08+00:00\" \/>\n<meta property=\"og:image\" content=\"https:\/\/www.urbanbiker.com\/wp-content\/uploads\/2025\/10\/Asi-hablan-de-Urbanbiker-en-el-mercado-internacional-de-ebikes-1.jpg\" \/>\n\t<meta property=\"og:image:width\" content=\"1960\" \/>\n\t<meta property=\"og:image:height\" content=\"1102\" \/>\n\t<meta property=\"og:image:type\" content=\"image\/jpeg\" \/>\n<meta name=\"author\" content=\"UrbanBiker Espa\u00f1a\" \/>\n<meta name=\"twitter:card\" content=\"summary_large_image\" \/>\n<meta name=\"twitter:label1\" content=\"Geschreven door\" \/>\n\t<meta name=\"twitter:data1\" content=\"UrbanBiker Espa\u00f1a\" \/>\n\t<meta name=\"twitter:label2\" content=\"Geschatte leestijd\" \/>\n\t<meta name=\"twitter:data2\" content=\"8 minuten\" \/>\n<script type=\"application\/ld+json\" class=\"yoast-schema-graph\">{\"@context\":\"https:\\\/\\\/schema.org\",\"@graph\":[{\"@type\":\"Article\",\"@id\":\"https:\\\/\\\/www.urbanbiker.com\\\/nl\\\/een-elektrische-reis-van-leon-naar-gijon-op-enn-e-bike-met-urbanbiker\\\/#article\",\"isPartOf\":{\"@id\":\"https:\\\/\\\/www.urbanbiker.com\\\/nl\\\/een-elektrische-reis-van-leon-naar-gijon-op-enn-e-bike-met-urbanbiker\\\/\"},\"author\":{\"name\":\"UrbanBiker Espa\u00f1a\",\"@id\":\"https:\\\/\\\/www.urbanbiker.com\\\/nl\\\/#\\\/schema\\\/person\\\/3a87fe08ae0ad7df010c4f0609a75e9c\"},\"headline\":\"Een elektrische reis van Le\u00f3n naar Gij\u00f3n op enn E-Bike met UrbanBiker | 30 dagen op de fiets\",\"datePublished\":\"2025-10-24T12:25:11+00:00\",\"dateModified\":\"2025-10-26T16:18:08+00:00\",\"mainEntityOfPage\":{\"@id\":\"https:\\\/\\\/www.urbanbiker.com\\\/nl\\\/een-elektrische-reis-van-leon-naar-gijon-op-enn-e-bike-met-urbanbiker\\\/\"},\"wordCount\":1350,\"commentCount\":0,\"publisher\":{\"@id\":\"https:\\\/\\\/www.urbanbiker.com\\\/nl\\\/#organization\"},\"image\":{\"@id\":\"https:\\\/\\\/www.urbanbiker.com\\\/nl\\\/een-elektrische-reis-van-leon-naar-gijon-op-enn-e-bike-met-urbanbiker\\\/#primaryimage\"},\"thumbnailUrl\":\"https:\\\/\\\/www.urbanbiker.com\\\/wp-content\\\/uploads\\\/2025\\\/10\\\/Asi-hablan-de-Urbanbiker-en-el-mercado-internacional-de-ebikes-1.jpg\",\"articleSection\":[\"Duurzame mobiliteit\",\"Nieuws\"],\"inLanguage\":\"nl-NL\",\"potentialAction\":[{\"@type\":\"CommentAction\",\"name\":\"Comment\",\"target\":[\"https:\\\/\\\/www.urbanbiker.com\\\/nl\\\/een-elektrische-reis-van-leon-naar-gijon-op-enn-e-bike-met-urbanbiker\\\/#respond\"]}]},{\"@type\":\"WebPage\",\"@id\":\"https:\\\/\\\/www.urbanbiker.com\\\/nl\\\/een-elektrische-reis-van-leon-naar-gijon-op-enn-e-bike-met-urbanbiker\\\/\",\"url\":\"https:\\\/\\\/www.urbanbiker.com\\\/nl\\\/een-elektrische-reis-van-leon-naar-gijon-op-enn-e-bike-met-urbanbiker\\\/\",\"name\":\"Een elektrische reis van Le\u00f3n naar Gij\u00f3n op enn E-Bike met UrbanBiker\",\"isPartOf\":{\"@id\":\"https:\\\/\\\/www.urbanbiker.com\\\/nl\\\/#website\"},\"primaryImageOfPage\":{\"@id\":\"https:\\\/\\\/www.urbanbiker.com\\\/nl\\\/een-elektrische-reis-van-leon-naar-gijon-op-enn-e-bike-met-urbanbiker\\\/#primaryimage\"},\"image\":{\"@id\":\"https:\\\/\\\/www.urbanbiker.com\\\/nl\\\/een-elektrische-reis-van-leon-naar-gijon-op-enn-e-bike-met-urbanbiker\\\/#primaryimage\"},\"thumbnailUrl\":\"https:\\\/\\\/www.urbanbiker.com\\\/wp-content\\\/uploads\\\/2025\\\/10\\\/Asi-hablan-de-Urbanbiker-en-el-mercado-internacional-de-ebikes-1.jpg\",\"datePublished\":\"2025-10-24T12:25:11+00:00\",\"dateModified\":\"2025-10-26T16:18:08+00:00\",\"description\":\"Ontdek de ervaring van reizen van Le\u00f3n naar Gij\u00f3n op een UrbanBiker elektrische fiets samen met Carlos R, internationaal co\u00f6rdinator van 30 D\u00edas en Bici, en Jorge, Director Sales bij UrbanBiker. Twee dagen vrijheid, natuur en duurzame mobiliteit op twee wielen.\",\"breadcrumb\":{\"@id\":\"https:\\\/\\\/www.urbanbiker.com\\\/nl\\\/een-elektrische-reis-van-leon-naar-gijon-op-enn-e-bike-met-urbanbiker\\\/#breadcrumb\"},\"inLanguage\":\"nl-NL\",\"potentialAction\":[{\"@type\":\"ReadAction\",\"target\":[\"https:\\\/\\\/www.urbanbiker.com\\\/nl\\\/een-elektrische-reis-van-leon-naar-gijon-op-enn-e-bike-met-urbanbiker\\\/\"]}]},{\"@type\":\"ImageObject\",\"inLanguage\":\"nl-NL\",\"@id\":\"https:\\\/\\\/www.urbanbiker.com\\\/nl\\\/een-elektrische-reis-van-leon-naar-gijon-op-enn-e-bike-met-urbanbiker\\\/#primaryimage\",\"url\":\"https:\\\/\\\/www.urbanbiker.com\\\/wp-content\\\/uploads\\\/2025\\\/10\\\/Asi-hablan-de-Urbanbiker-en-el-mercado-internacional-de-ebikes-1.jpg\",\"contentUrl\":\"https:\\\/\\\/www.urbanbiker.com\\\/wp-content\\\/uploads\\\/2025\\\/10\\\/Asi-hablan-de-Urbanbiker-en-el-mercado-internacional-de-ebikes-1.jpg\",\"width\":1960,\"height\":1102},{\"@type\":\"BreadcrumbList\",\"@id\":\"https:\\\/\\\/www.urbanbiker.com\\\/nl\\\/een-elektrische-reis-van-leon-naar-gijon-op-enn-e-bike-met-urbanbiker\\\/#breadcrumb\",\"itemListElement\":[{\"@type\":\"ListItem\",\"position\":1,\"name\":\"Portada\",\"item\":\"https:\\\/\\\/www.urbanbiker.com\\\/nl\\\/\"},{\"@type\":\"ListItem\",\"position\":2,\"name\":\"Een elektrische reis van Le\u00f3n naar Gij\u00f3n op enn E-Bike met UrbanBiker | 30 dagen op de fiets\"}]},{\"@type\":\"WebSite\",\"@id\":\"https:\\\/\\\/www.urbanbiker.com\\\/nl\\\/#website\",\"url\":\"https:\\\/\\\/www.urbanbiker.com\\\/nl\\\/\",\"name\":\"UrbanBiker\",\"description\":\"Elektrische fietsen\",\"publisher\":{\"@id\":\"https:\\\/\\\/www.urbanbiker.com\\\/nl\\\/#organization\"},\"potentialAction\":[{\"@type\":\"SearchAction\",\"target\":{\"@type\":\"EntryPoint\",\"urlTemplate\":\"https:\\\/\\\/www.urbanbiker.com\\\/nl\\\/?s={search_term_string}\"},\"query-input\":{\"@type\":\"PropertyValueSpecification\",\"valueRequired\":true,\"valueName\":\"search_term_string\"}}],\"inLanguage\":\"nl-NL\"},{\"@type\":\"Organization\",\"@id\":\"https:\\\/\\\/www.urbanbiker.com\\\/nl\\\/#organization\",\"name\":\"UrbanBiker\",\"url\":\"https:\\\/\\\/www.urbanbiker.com\\\/nl\\\/\",\"logo\":{\"@type\":\"ImageObject\",\"inLanguage\":\"nl-NL\",\"@id\":\"https:\\\/\\\/www.urbanbiker.com\\\/nl\\\/#\\\/schema\\\/logo\\\/image\\\/\",\"url\":\"https:\\\/\\\/www.urbanbiker.com\\\/wp-content\\\/uploads\\\/2022\\\/09\\\/Logo-principal-sin-fondo.png\",\"contentUrl\":\"https:\\\/\\\/www.urbanbiker.com\\\/wp-content\\\/uploads\\\/2022\\\/09\\\/Logo-principal-sin-fondo.png\",\"width\":2560,\"height\":934,\"caption\":\"UrbanBiker\"},\"image\":{\"@id\":\"https:\\\/\\\/www.urbanbiker.com\\\/nl\\\/#\\\/schema\\\/logo\\\/image\\\/\"},\"sameAs\":[\"https:\\\/\\\/www.facebook.com\\\/Urbanbikerbiciselectricas\",\"https:\\\/\\\/www.instagram.com\\\/urbanbiker_\\\/\",\"https:\\\/\\\/www.linkedin.com\\\/company\\\/2454235\",\"https:\\\/\\\/www.youtube.com\\\/channel\\\/UCWR__uH_RWJF-OhPfz-9-Qw\"]},{\"@type\":\"Person\",\"@id\":\"https:\\\/\\\/www.urbanbiker.com\\\/nl\\\/#\\\/schema\\\/person\\\/3a87fe08ae0ad7df010c4f0609a75e9c\",\"name\":\"UrbanBiker Espa\u00f1a\",\"image\":{\"@type\":\"ImageObject\",\"inLanguage\":\"nl-NL\",\"@id\":\"https:\\\/\\\/secure.gravatar.com\\\/avatar\\\/5a4566847f58b92c592ba1df12070855f95d6f19fdb97a9d5da4d45d9a3d34d2?s=96&d=mm&r=g\",\"url\":\"https:\\\/\\\/secure.gravatar.com\\\/avatar\\\/5a4566847f58b92c592ba1df12070855f95d6f19fdb97a9d5da4d45d9a3d34d2?s=96&d=mm&r=g\",\"contentUrl\":\"https:\\\/\\\/secure.gravatar.com\\\/avatar\\\/5a4566847f58b92c592ba1df12070855f95d6f19fdb97a9d5da4d45d9a3d34d2?s=96&d=mm&r=g\",\"caption\":\"UrbanBiker Espa\u00f1a\"}}]}<\/script>\n<!-- \/ Yoast SEO plugin. -->","yoast_head_json":{"title":"Een elektrische reis van Le\u00f3n naar Gij\u00f3n op enn E-Bike met UrbanBiker","description":"Ontdek de ervaring van reizen van Le\u00f3n naar Gij\u00f3n op een UrbanBiker elektrische fiets samen met Carlos R, internationaal co\u00f6rdinator van 30 D\u00edas en Bici, en Jorge, Director Sales bij UrbanBiker. Twee dagen vrijheid, natuur en duurzame mobiliteit op twee wielen.","robots":{"index":"index","follow":"follow","max-snippet":"max-snippet:-1","max-image-preview":"max-image-preview:large","max-video-preview":"max-video-preview:-1"},"canonical":"https:\/\/www.urbanbiker.com\/nl\/een-elektrische-reis-van-leon-naar-gijon-op-enn-e-bike-met-urbanbiker\/","og_locale":"nl_NL","og_type":"article","og_title":"Een elektrische reis van Le\u00f3n naar Gij\u00f3n op enn E-Bike met UrbanBiker","og_description":"Ontdek de ervaring van reizen van Le\u00f3n naar Gij\u00f3n op een UrbanBiker elektrische fiets samen met Carlos R, internationaal co\u00f6rdinator van 30 D\u00edas en Bici, en Jorge, Director Sales bij UrbanBiker. Twee dagen vrijheid, natuur en duurzame mobiliteit op twee wielen.","og_url":"https:\/\/www.urbanbiker.com\/nl\/een-elektrische-reis-van-leon-naar-gijon-op-enn-e-bike-met-urbanbiker\/","og_site_name":"UrbanBiker","article_publisher":"https:\/\/www.facebook.com\/Urbanbikerbiciselectricas","article_published_time":"2025-10-24T12:25:11+00:00","article_modified_time":"2025-10-26T16:18:08+00:00","og_image":[{"width":1960,"height":1102,"url":"https:\/\/www.urbanbiker.com\/wp-content\/uploads\/2025\/10\/Asi-hablan-de-Urbanbiker-en-el-mercado-internacional-de-ebikes-1.jpg","type":"image\/jpeg"}],"author":"UrbanBiker Espa\u00f1a","twitter_card":"summary_large_image","twitter_misc":{"Geschreven door":"UrbanBiker Espa\u00f1a","Geschatte leestijd":"8 minuten"},"schema":{"@context":"https:\/\/schema.org","@graph":[{"@type":"Article","@id":"https:\/\/www.urbanbiker.com\/nl\/een-elektrische-reis-van-leon-naar-gijon-op-enn-e-bike-met-urbanbiker\/#article","isPartOf":{"@id":"https:\/\/www.urbanbiker.com\/nl\/een-elektrische-reis-van-leon-naar-gijon-op-enn-e-bike-met-urbanbiker\/"},"author":{"name":"UrbanBiker Espa\u00f1a","@id":"https:\/\/www.urbanbiker.com\/nl\/#\/schema\/person\/3a87fe08ae0ad7df010c4f0609a75e9c"},"headline":"Een elektrische reis van Le\u00f3n naar Gij\u00f3n op enn E-Bike met UrbanBiker | 30 dagen op de fiets","datePublished":"2025-10-24T12:25:11+00:00","dateModified":"2025-10-26T16:18:08+00:00","mainEntityOfPage":{"@id":"https:\/\/www.urbanbiker.com\/nl\/een-elektrische-reis-van-leon-naar-gijon-op-enn-e-bike-met-urbanbiker\/"},"wordCount":1350,"commentCount":0,"publisher":{"@id":"https:\/\/www.urbanbiker.com\/nl\/#organization"},"image":{"@id":"https:\/\/www.urbanbiker.com\/nl\/een-elektrische-reis-van-leon-naar-gijon-op-enn-e-bike-met-urbanbiker\/#primaryimage"},"thumbnailUrl":"https:\/\/www.urbanbiker.com\/wp-content\/uploads\/2025\/10\/Asi-hablan-de-Urbanbiker-en-el-mercado-internacional-de-ebikes-1.jpg","articleSection":["Duurzame mobiliteit","Nieuws"],"inLanguage":"nl-NL","potentialAction":[{"@type":"CommentAction","name":"Comment","target":["https:\/\/www.urbanbiker.com\/nl\/een-elektrische-reis-van-leon-naar-gijon-op-enn-e-bike-met-urbanbiker\/#respond"]}]},{"@type":"WebPage","@id":"https:\/\/www.urbanbiker.com\/nl\/een-elektrische-reis-van-leon-naar-gijon-op-enn-e-bike-met-urbanbiker\/","url":"https:\/\/www.urbanbiker.com\/nl\/een-elektrische-reis-van-leon-naar-gijon-op-enn-e-bike-met-urbanbiker\/","name":"Een elektrische reis van Le\u00f3n naar Gij\u00f3n op enn E-Bike met UrbanBiker","isPartOf":{"@id":"https:\/\/www.urbanbiker.com\/nl\/#website"},"primaryImageOfPage":{"@id":"https:\/\/www.urbanbiker.com\/nl\/een-elektrische-reis-van-leon-naar-gijon-op-enn-e-bike-met-urbanbiker\/#primaryimage"},"image":{"@id":"https:\/\/www.urbanbiker.com\/nl\/een-elektrische-reis-van-leon-naar-gijon-op-enn-e-bike-met-urbanbiker\/#primaryimage"},"thumbnailUrl":"https:\/\/www.urbanbiker.com\/wp-content\/uploads\/2025\/10\/Asi-hablan-de-Urbanbiker-en-el-mercado-internacional-de-ebikes-1.jpg","datePublished":"2025-10-24T12:25:11+00:00","dateModified":"2025-10-26T16:18:08+00:00","description":"Ontdek de ervaring van reizen van Le\u00f3n naar Gij\u00f3n op een UrbanBiker elektrische fiets samen met Carlos R, internationaal co\u00f6rdinator van 30 D\u00edas en Bici, en Jorge, Director Sales bij UrbanBiker. Twee dagen vrijheid, natuur en duurzame mobiliteit op twee wielen.","breadcrumb":{"@id":"https:\/\/www.urbanbiker.com\/nl\/een-elektrische-reis-van-leon-naar-gijon-op-enn-e-bike-met-urbanbiker\/#breadcrumb"},"inLanguage":"nl-NL","potentialAction":[{"@type":"ReadAction","target":["https:\/\/www.urbanbiker.com\/nl\/een-elektrische-reis-van-leon-naar-gijon-op-enn-e-bike-met-urbanbiker\/"]}]},{"@type":"ImageObject","inLanguage":"nl-NL","@id":"https:\/\/www.urbanbiker.com\/nl\/een-elektrische-reis-van-leon-naar-gijon-op-enn-e-bike-met-urbanbiker\/#primaryimage","url":"https:\/\/www.urbanbiker.com\/wp-content\/uploads\/2025\/10\/Asi-hablan-de-Urbanbiker-en-el-mercado-internacional-de-ebikes-1.jpg","contentUrl":"https:\/\/www.urbanbiker.com\/wp-content\/uploads\/2025\/10\/Asi-hablan-de-Urbanbiker-en-el-mercado-internacional-de-ebikes-1.jpg","width":1960,"height":1102},{"@type":"BreadcrumbList","@id":"https:\/\/www.urbanbiker.com\/nl\/een-elektrische-reis-van-leon-naar-gijon-op-enn-e-bike-met-urbanbiker\/#breadcrumb","itemListElement":[{"@type":"ListItem","position":1,"name":"Portada","item":"https:\/\/www.urbanbiker.com\/nl\/"},{"@type":"ListItem","position":2,"name":"Een elektrische reis van Le\u00f3n naar Gij\u00f3n op enn E-Bike met UrbanBiker | 30 dagen op de fiets"}]},{"@type":"WebSite","@id":"https:\/\/www.urbanbiker.com\/nl\/#website","url":"https:\/\/www.urbanbiker.com\/nl\/","name":"UrbanBiker","description":"Elektrische fietsen","publisher":{"@id":"https:\/\/www.urbanbiker.com\/nl\/#organization"},"potentialAction":[{"@type":"SearchAction","target":{"@type":"EntryPoint","urlTemplate":"https:\/\/www.urbanbiker.com\/nl\/?s={search_term_string}"},"query-input":{"@type":"PropertyValueSpecification","valueRequired":true,"valueName":"search_term_string"}}],"inLanguage":"nl-NL"},{"@type":"Organization","@id":"https:\/\/www.urbanbiker.com\/nl\/#organization","name":"UrbanBiker","url":"https:\/\/www.urbanbiker.com\/nl\/","logo":{"@type":"ImageObject","inLanguage":"nl-NL","@id":"https:\/\/www.urbanbiker.com\/nl\/#\/schema\/logo\/image\/","url":"https:\/\/www.urbanbiker.com\/wp-content\/uploads\/2022\/09\/Logo-principal-sin-fondo.png","contentUrl":"https:\/\/www.urbanbiker.com\/wp-content\/uploads\/2022\/09\/Logo-principal-sin-fondo.png","width":2560,"height":934,"caption":"UrbanBiker"},"image":{"@id":"https:\/\/www.urbanbiker.com\/nl\/#\/schema\/logo\/image\/"},"sameAs":["https:\/\/www.facebook.com\/Urbanbikerbiciselectricas","https:\/\/www.instagram.com\/urbanbiker_\/","https:\/\/www.linkedin.com\/company\/2454235","https:\/\/www.youtube.com\/channel\/UCWR__uH_RWJF-OhPfz-9-Qw"]},{"@type":"Person","@id":"https:\/\/www.urbanbiker.com\/nl\/#\/schema\/person\/3a87fe08ae0ad7df010c4f0609a75e9c","name":"UrbanBiker Espa\u00f1a","image":{"@type":"ImageObject","inLanguage":"nl-NL","@id":"https:\/\/secure.gravatar.com\/avatar\/5a4566847f58b92c592ba1df12070855f95d6f19fdb97a9d5da4d45d9a3d34d2?s=96&d=mm&r=g","url":"https:\/\/secure.gravatar.com\/avatar\/5a4566847f58b92c592ba1df12070855f95d6f19fdb97a9d5da4d45d9a3d34d2?s=96&d=mm&r=g","contentUrl":"https:\/\/secure.gravatar.com\/avatar\/5a4566847f58b92c592ba1df12070855f95d6f19fdb97a9d5da4d45d9a3d34d2?s=96&d=mm&r=g","caption":"UrbanBiker Espa\u00f1a"}}]}},"_links":{"self":[{"href":"https:\/\/www.urbanbiker.com\/nl\/wp-json\/wp\/v2\/posts\/56828","targetHints":{"allow":["GET"]}}],"collection":[{"href":"https:\/\/www.urbanbiker.com\/nl\/wp-json\/wp\/v2\/posts"}],"about":[{"href":"https:\/\/www.urbanbiker.com\/nl\/wp-json\/wp\/v2\/types\/post"}],"author":[{"embeddable":true,"href":"https:\/\/www.urbanbiker.com\/nl\/wp-json\/wp\/v2\/users\/28397"}],"replies":[{"embeddable":true,"href":"https:\/\/www.urbanbiker.com\/nl\/wp-json\/wp\/v2\/comments?post=56828"}],"version-history":[{"count":2,"href":"https:\/\/www.urbanbiker.com\/nl\/wp-json\/wp\/v2\/posts\/56828\/revisions"}],"predecessor-version":[{"id":56830,"href":"https:\/\/www.urbanbiker.com\/nl\/wp-json\/wp\/v2\/posts\/56828\/revisions\/56830"}],"wp:featuredmedia":[{"embeddable":true,"href":"https:\/\/www.urbanbiker.com\/nl\/wp-json\/wp\/v2\/media\/56581"}],"wp:attachment":[{"href":"https:\/\/www.urbanbiker.com\/nl\/wp-json\/wp\/v2\/media?parent=56828"}],"wp:term":[{"taxonomy":"category","embeddable":true,"href":"https:\/\/www.urbanbiker.com\/nl\/wp-json\/wp\/v2\/categories?post=56828"},{"taxonomy":"post_tag","embeddable":true,"href":"https:\/\/www.urbanbiker.com\/nl\/wp-json\/wp\/v2\/tags?post=56828"}],"curies":[{"name":"wp","href":"https:\/\/api.w.org\/{rel}","templated":true}]}}