{"id":60765,"date":"2026-03-11T16:26:13","date_gmt":"2026-03-11T15:26:13","guid":{"rendered":"https:\/\/www.urbanbiker.com\/?p=60765"},"modified":"2026-03-11T16:31:23","modified_gmt":"2026-03-11T15:31:23","slug":"batterie-al-litio-e-mobilita-elettrica-cosa-ce-dietro-a-una-urbanbiker","status":"publish","type":"post","link":"https:\/\/www.urbanbiker.com\/it\/batterie-al-litio-e-mobilita-elettrica-cosa-ce-dietro-a-una-urbanbiker\/","title":{"rendered":"Batterie al litio e mobilit\u00e0 elettrica: cosa c&#8217;\u00e8 dietro a una UrbanBiker"},"content":{"rendered":"<h2><strong>Batterie al litio e mobilit\u00e0 elettrica: cosa c&#8217;\u00e8 dietro a una UrbanBiker<\/strong><\/h2>\n<p><em>Di F.J. Fuentes, COO di UrbanBiker<\/em><\/p>\n<p>Le batterie al <a href=\"https:\/\/it.wikipedia.org\/wiki\/Litio\">litio<\/a> sono il cuore di una bicicletta elettrica. Determinano l&#8217;<a href=\"https:\/\/www.urbanbiker.com\/it\/come-aumentare-la-durata-della-batteria\/\">autonomia<\/a>, le prestazioni, il prezzo\u2026 e anche gran parte del suo impatto ambientale. Per questo, capire come funzionano e cosa succede loro durante la loro vita utile \u00e8 fondamentale per parlare di mobilit\u00e0 elettrica con rigore.<\/p>\n<p>In UrbanBiker produciamo ebike da pi\u00f9 di 14 anni. E se c&#8217;\u00e8 una cosa che abbiamo imparato in questo tempo \u00e8 che la sostenibilit\u00e0 non inizia n\u00e9 finisce con la vendita di una bicicletta. Inizia con la progettazione e continua molto dopo l&#8217;ultimo chilometro.<\/p>\n<p>Qui ti raccontiamo l&#8217;essenziale.<\/p>\n<h3><strong>Quanto dura realmente una batteria al litio<\/strong><\/h3>\n<p>Una <a href=\"https:\/\/www.urbanbiker.com\/categoria-producto\/componentes\/baterias\/\">batteria<\/a> non si rompe all&#8217;improvviso. Si degrada poco a poco.<\/p>\n<p>In condizioni normali, una batteria al litio offre diverse centinaia di cicli completi di carica, il che si traduce in anni di uso reale se curata correttamente. Temperature moderate, evitare scariche estreme e una ricarica regolare fanno la differenza.<\/p>\n<p>In UrbanBiker diamo priorit\u00e0 alla stabilit\u00e0 e alla durata rispetto a cifre appariscenti. Preferiamo batterie affidabili, equilibrate e durature piuttosto che promesse di autonomia difficili da mantenere nel tempo.<\/p>\n<h3><strong>La batteria: il componente pi\u00f9 prezioso di una ebike<\/strong><\/h3>\n<p>Non \u00e8 un caso che la batteria sia la parte pi\u00f9 costosa di una bicicletta elettrica. La sua fabbricazione implica materiali complessi, elevati standard di sicurezza e processi industriali molto esigenti.<\/p>\n<p>La buona notizia \u00e8 che la tecnologia avanza rapidamente: oggi le batterie sono pi\u00f9 stabili, pi\u00f9 sicure e mantengono meglio la loro capacit\u00e0 per pi\u00f9 tempo. Lavoriamo unicamente con fornitori certificati che rispettano severi controlli elettrici e chimici.<\/p>\n<h3><strong>Quando la batteria smette di servire per una bicicletta <\/strong><\/h3>\n<p>Come produttore registrato, UrbanBiker rispetta la <a href=\"https:\/\/www.miteco.gob.es\/es\/calidad-y-evaluacion-ambiental\/temas\/prevencion-y-gestion-residuos\/flujos\/responsabilidad-ampliada.html\">Responsabilit\u00e0 Estesa del Produttore (RAP)<\/a>, il che implica assumersi la corretta gestione delle batterie che vengono immesse sul mercato quando arrivano alla fine della loro vita utile.<\/p>\n<p>Questa gestione non viene realizzata direttamente con l&#8217;utente finale, ma attraverso sistemi collettivi di raccolta e riciclaggio autorizzati, che garantiscono il trattamento adeguato di questi rifiuti conformemente alla normativa vigente.<\/p>\n<p>In pratica, questo significa che le batterie devono essere depositate nei canali ufficiali abilitati a tale scopo, come punti di raccolta differenziata o sistemi di gestione autorizzati, assicurando cos\u00ec il loro corretto riciclaggio e il recupero di materiali preziosi.<\/p>\n<p>Il nostro impegno come marchio \u00e8 partecipare attivamente a questi sistemi e garantire che ogni batteria che immettiamo sul mercato abbia una fine responsabile, anche se il processo di raccolta non viene gestito direttamente da UrbanBiker.<\/p>\n<h3><strong>Ecodesign e seconda vita: pensare oltre il prodotto<\/strong><\/h3>\n<p>Prima di riciclare, c&#8217;\u00e8 qualcosa di ancora pi\u00f9 importante: allungare la vita utile.<\/p>\n<p>Progettare batterie accessibili ed estraibili, componenti riparabili e sistemi standardizzati permette di mantenere una bicicletta in uso per pi\u00f9 tempo e ridurre i rifiuti. Inoltre, molte batterie che non sono pi\u00f9 ottimali per la mobilit\u00e0 possono continuare a essere utili in altri contesti, come l&#8217;accumulo di energia o piccoli sistemi autonomi.<\/p>\n<p>Riutilizzare sempre che sia sicuro \u00e8 una parte essenziale di una mobilit\u00e0 realmente sostenibile.<\/p>\n<h3><strong>Conclusione: mobilit\u00e0 elettrica con responsabilit\u00e0<\/strong><\/h3>\n<p>L&#8217;ebike non \u00e8 una moda. \u00c8 una delle forme pi\u00f9 efficienti e realistiche di muoversi oggi, soprattutto nelle brevi distanze.<\/p>\n<p>Ma la sostenibilit\u00e0 non si ottiene solo fabbricando biciclette elettriche, ma assumendo l&#8217;intero ciclo di vita dei suoi componenti. In UrbanBiker lo abbiamo chiaro: fabbricare bene non ha senso se non gestisci bene ci\u00f2 che fabbrichi.<\/p>\n<p>Questo \u00e8 il nostro impegno. E la base su cui continuiamo a pedalare verso una mobilit\u00e0 pi\u00f9 pulita, responsabile e duratura.<\/p>\n<p>&nbsp;<\/p>\n<p>Sull&#8217;autore<\/p>\n<p><em>F.J. Fuentes \u00e8 COO di UrbanBiker e coordina direttamente la selezione e la validazione di tutti i componenti e i sistemi delle nostre biciclette elettriche.<\/em><\/p>\n","protected":false},"excerpt":{"rendered":"<p>Batterie al litio e mobilit\u00e0 elettrica: cosa c&#8217;\u00e8 dietro a una UrbanBiker Di F.J. Fuentes, COO di UrbanBiker Le batterie al litio sono il cuore di una bicicletta elettrica. Determinano l&#8217;autonomia, le prestazioni, il prezzo\u2026 e anche gran parte del suo impatto ambientale. Per questo, capire come funzionano e cosa succede loro durante la loro [&hellip;]<\/p>\n","protected":false},"author":28397,"featured_media":62207,"comment_status":"open","ping_status":"open","sticky":false,"template":"","format":"standard","meta":{"footnotes":""},"categories":[300,625],"tags":[],"class_list":["post-60765","post","type-post","status-publish","format-standard","has-post-thumbnail","hentry","category-consigli","category-mobilita-sostenibile"],"yoast_head":"<!-- This site is optimized with the Yoast SEO plugin v27.4 - https:\/\/yoast.com\/product\/yoast-seo-wordpress\/ -->\n<title>Batterie al litio nelle biciclette elettriche: cosa devi sapere<\/title>\n<meta name=\"description\" content=\"Come funzionano le batterie al litio in una ebike, quanto durano e come viene gestita la loro fine vita in modo responsabile secondo la normativa vigente.\" \/>\n<meta name=\"robots\" content=\"index, follow, max-snippet:-1, max-image-preview:large, max-video-preview:-1\" \/>\n<link rel=\"canonical\" href=\"https:\/\/www.urbanbiker.com\/it\/batterie-al-litio-e-mobilita-elettrica-cosa-ce-dietro-a-una-urbanbiker\/\" \/>\n<meta property=\"og:locale\" content=\"it_IT\" \/>\n<meta property=\"og:type\" content=\"article\" \/>\n<meta property=\"og:title\" content=\"Batterie al litio nelle biciclette elettriche: cosa devi sapere\" \/>\n<meta property=\"og:description\" content=\"Come funzionano le batterie al litio in una ebike, quanto durano e come viene gestita la loro fine vita in modo responsabile secondo la normativa vigente.\" \/>\n<meta property=\"og:url\" content=\"https:\/\/www.urbanbiker.com\/it\/batterie-al-litio-e-mobilita-elettrica-cosa-ce-dietro-a-una-urbanbiker\/\" \/>\n<meta property=\"og:site_name\" content=\"UrbanBiker\" \/>\n<meta property=\"article:publisher\" content=\"https:\/\/www.facebook.com\/Urbanbikerbiciselectricas\" \/>\n<meta property=\"article:published_time\" content=\"2026-03-11T15:26:13+00:00\" \/>\n<meta property=\"article:modified_time\" content=\"2026-03-11T15:31:23+00:00\" \/>\n<meta property=\"og:image\" content=\"https:\/\/www.urbanbiker.com\/wp-content\/uploads\/2026\/03\/Baterias-UrbanBiker-1024x512.png\" \/>\n\t<meta property=\"og:image:width\" content=\"1024\" \/>\n\t<meta property=\"og:image:height\" content=\"512\" \/>\n\t<meta property=\"og:image:type\" content=\"image\/png\" \/>\n<meta name=\"author\" content=\"UrbanBiker Espa\u00f1a\" \/>\n<meta name=\"twitter:card\" content=\"summary_large_image\" \/>\n<meta name=\"twitter:label1\" content=\"Scritto da\" \/>\n\t<meta name=\"twitter:data1\" content=\"UrbanBiker Espa\u00f1a\" \/>\n\t<meta name=\"twitter:label2\" content=\"Tempo di lettura stimato\" \/>\n\t<meta name=\"twitter:data2\" content=\"4 minuti\" \/>\n<script type=\"application\/ld+json\" class=\"yoast-schema-graph\">{\"@context\":\"https:\\\/\\\/schema.org\",\"@graph\":[{\"@type\":\"Article\",\"@id\":\"https:\\\/\\\/www.urbanbiker.com\\\/it\\\/batterie-al-litio-e-mobilita-elettrica-cosa-ce-dietro-a-una-urbanbiker\\\/#article\",\"isPartOf\":{\"@id\":\"https:\\\/\\\/www.urbanbiker.com\\\/it\\\/batterie-al-litio-e-mobilita-elettrica-cosa-ce-dietro-a-una-urbanbiker\\\/\"},\"author\":{\"name\":\"UrbanBiker Espa\u00f1a\",\"@id\":\"https:\\\/\\\/www.urbanbiker.com\\\/it\\\/#\\\/schema\\\/person\\\/3a87fe08ae0ad7df010c4f0609a75e9c\"},\"headline\":\"Batterie al litio e mobilit\u00e0 elettrica: cosa c&#8217;\u00e8 dietro a una UrbanBiker\",\"datePublished\":\"2026-03-11T15:26:13+00:00\",\"dateModified\":\"2026-03-11T15:31:23+00:00\",\"mainEntityOfPage\":{\"@id\":\"https:\\\/\\\/www.urbanbiker.com\\\/it\\\/batterie-al-litio-e-mobilita-elettrica-cosa-ce-dietro-a-una-urbanbiker\\\/\"},\"wordCount\":632,\"commentCount\":0,\"publisher\":{\"@id\":\"https:\\\/\\\/www.urbanbiker.com\\\/it\\\/#organization\"},\"image\":{\"@id\":\"https:\\\/\\\/www.urbanbiker.com\\\/it\\\/batterie-al-litio-e-mobilita-elettrica-cosa-ce-dietro-a-una-urbanbiker\\\/#primaryimage\"},\"thumbnailUrl\":\"https:\\\/\\\/www.urbanbiker.com\\\/wp-content\\\/uploads\\\/2026\\\/03\\\/Baterias-UrbanBiker-scaled.png\",\"articleSection\":[\"Consigli\",\"Mobilit\u00e0 sostenibile\"],\"inLanguage\":\"it-IT\",\"potentialAction\":[{\"@type\":\"CommentAction\",\"name\":\"Comment\",\"target\":[\"https:\\\/\\\/www.urbanbiker.com\\\/it\\\/batterie-al-litio-e-mobilita-elettrica-cosa-ce-dietro-a-una-urbanbiker\\\/#respond\"]}]},{\"@type\":\"WebPage\",\"@id\":\"https:\\\/\\\/www.urbanbiker.com\\\/it\\\/batterie-al-litio-e-mobilita-elettrica-cosa-ce-dietro-a-una-urbanbiker\\\/\",\"url\":\"https:\\\/\\\/www.urbanbiker.com\\\/it\\\/batterie-al-litio-e-mobilita-elettrica-cosa-ce-dietro-a-una-urbanbiker\\\/\",\"name\":\"Batterie al litio nelle biciclette elettriche: cosa devi sapere\",\"isPartOf\":{\"@id\":\"https:\\\/\\\/www.urbanbiker.com\\\/it\\\/#website\"},\"primaryImageOfPage\":{\"@id\":\"https:\\\/\\\/www.urbanbiker.com\\\/it\\\/batterie-al-litio-e-mobilita-elettrica-cosa-ce-dietro-a-una-urbanbiker\\\/#primaryimage\"},\"image\":{\"@id\":\"https:\\\/\\\/www.urbanbiker.com\\\/it\\\/batterie-al-litio-e-mobilita-elettrica-cosa-ce-dietro-a-una-urbanbiker\\\/#primaryimage\"},\"thumbnailUrl\":\"https:\\\/\\\/www.urbanbiker.com\\\/wp-content\\\/uploads\\\/2026\\\/03\\\/Baterias-UrbanBiker-scaled.png\",\"datePublished\":\"2026-03-11T15:26:13+00:00\",\"dateModified\":\"2026-03-11T15:31:23+00:00\",\"description\":\"Come funzionano le batterie al litio in una ebike, quanto durano e come viene gestita la loro fine vita in modo responsabile secondo la normativa vigente.\",\"breadcrumb\":{\"@id\":\"https:\\\/\\\/www.urbanbiker.com\\\/it\\\/batterie-al-litio-e-mobilita-elettrica-cosa-ce-dietro-a-una-urbanbiker\\\/#breadcrumb\"},\"inLanguage\":\"it-IT\",\"potentialAction\":[{\"@type\":\"ReadAction\",\"target\":[\"https:\\\/\\\/www.urbanbiker.com\\\/it\\\/batterie-al-litio-e-mobilita-elettrica-cosa-ce-dietro-a-una-urbanbiker\\\/\"]}]},{\"@type\":\"ImageObject\",\"inLanguage\":\"it-IT\",\"@id\":\"https:\\\/\\\/www.urbanbiker.com\\\/it\\\/batterie-al-litio-e-mobilita-elettrica-cosa-ce-dietro-a-una-urbanbiker\\\/#primaryimage\",\"url\":\"https:\\\/\\\/www.urbanbiker.com\\\/wp-content\\\/uploads\\\/2026\\\/03\\\/Baterias-UrbanBiker-scaled.png\",\"contentUrl\":\"https:\\\/\\\/www.urbanbiker.com\\\/wp-content\\\/uploads\\\/2026\\\/03\\\/Baterias-UrbanBiker-scaled.png\",\"width\":2560,\"height\":1280,\"caption\":\"Autonom\u00eda y rendimiento garantizado\"},{\"@type\":\"BreadcrumbList\",\"@id\":\"https:\\\/\\\/www.urbanbiker.com\\\/it\\\/batterie-al-litio-e-mobilita-elettrica-cosa-ce-dietro-a-una-urbanbiker\\\/#breadcrumb\",\"itemListElement\":[{\"@type\":\"ListItem\",\"position\":1,\"name\":\"Portada\",\"item\":\"https:\\\/\\\/www.urbanbiker.com\\\/it\\\/\"},{\"@type\":\"ListItem\",\"position\":2,\"name\":\"Batterie al litio e mobilit\u00e0 elettrica: cosa c&#8217;\u00e8 dietro a una UrbanBiker\"}]},{\"@type\":\"WebSite\",\"@id\":\"https:\\\/\\\/www.urbanbiker.com\\\/it\\\/#website\",\"url\":\"https:\\\/\\\/www.urbanbiker.com\\\/it\\\/\",\"name\":\"UrbanBiker\",\"description\":\"Biciclette elettriche\",\"publisher\":{\"@id\":\"https:\\\/\\\/www.urbanbiker.com\\\/it\\\/#organization\"},\"potentialAction\":[{\"@type\":\"SearchAction\",\"target\":{\"@type\":\"EntryPoint\",\"urlTemplate\":\"https:\\\/\\\/www.urbanbiker.com\\\/it\\\/?s={search_term_string}\"},\"query-input\":{\"@type\":\"PropertyValueSpecification\",\"valueRequired\":true,\"valueName\":\"search_term_string\"}}],\"inLanguage\":\"it-IT\"},{\"@type\":\"Organization\",\"@id\":\"https:\\\/\\\/www.urbanbiker.com\\\/it\\\/#organization\",\"name\":\"UrbanBiker\",\"url\":\"https:\\\/\\\/www.urbanbiker.com\\\/it\\\/\",\"logo\":{\"@type\":\"ImageObject\",\"inLanguage\":\"it-IT\",\"@id\":\"https:\\\/\\\/www.urbanbiker.com\\\/it\\\/#\\\/schema\\\/logo\\\/image\\\/\",\"url\":\"https:\\\/\\\/www.urbanbiker.com\\\/wp-content\\\/uploads\\\/2022\\\/09\\\/Logo-principal-sin-fondo.png\",\"contentUrl\":\"https:\\\/\\\/www.urbanbiker.com\\\/wp-content\\\/uploads\\\/2022\\\/09\\\/Logo-principal-sin-fondo.png\",\"width\":2560,\"height\":934,\"caption\":\"UrbanBiker\"},\"image\":{\"@id\":\"https:\\\/\\\/www.urbanbiker.com\\\/it\\\/#\\\/schema\\\/logo\\\/image\\\/\"},\"sameAs\":[\"https:\\\/\\\/www.facebook.com\\\/Urbanbikerbiciselectricas\",\"https:\\\/\\\/www.instagram.com\\\/urbanbiker_\\\/\",\"https:\\\/\\\/www.linkedin.com\\\/company\\\/2454235\",\"https:\\\/\\\/www.youtube.com\\\/channel\\\/UCWR__uH_RWJF-OhPfz-9-Qw\"]},{\"@type\":\"Person\",\"@id\":\"https:\\\/\\\/www.urbanbiker.com\\\/it\\\/#\\\/schema\\\/person\\\/3a87fe08ae0ad7df010c4f0609a75e9c\",\"name\":\"UrbanBiker Espa\u00f1a\",\"image\":{\"@type\":\"ImageObject\",\"inLanguage\":\"it-IT\",\"@id\":\"https:\\\/\\\/secure.gravatar.com\\\/avatar\\\/5a4566847f58b92c592ba1df12070855f95d6f19fdb97a9d5da4d45d9a3d34d2?s=96&d=mm&r=g\",\"url\":\"https:\\\/\\\/secure.gravatar.com\\\/avatar\\\/5a4566847f58b92c592ba1df12070855f95d6f19fdb97a9d5da4d45d9a3d34d2?s=96&d=mm&r=g\",\"contentUrl\":\"https:\\\/\\\/secure.gravatar.com\\\/avatar\\\/5a4566847f58b92c592ba1df12070855f95d6f19fdb97a9d5da4d45d9a3d34d2?s=96&d=mm&r=g\",\"caption\":\"UrbanBiker Espa\u00f1a\"}}]}<\/script>\n<!-- \/ Yoast SEO plugin. -->","yoast_head_json":{"title":"Batterie al litio nelle biciclette elettriche: cosa devi sapere","description":"Come funzionano le batterie al litio in una ebike, quanto durano e come viene gestita la loro fine vita in modo responsabile secondo la normativa vigente.","robots":{"index":"index","follow":"follow","max-snippet":"max-snippet:-1","max-image-preview":"max-image-preview:large","max-video-preview":"max-video-preview:-1"},"canonical":"https:\/\/www.urbanbiker.com\/it\/batterie-al-litio-e-mobilita-elettrica-cosa-ce-dietro-a-una-urbanbiker\/","og_locale":"it_IT","og_type":"article","og_title":"Batterie al litio nelle biciclette elettriche: cosa devi sapere","og_description":"Come funzionano le batterie al litio in una ebike, quanto durano e come viene gestita la loro fine vita in modo responsabile secondo la normativa vigente.","og_url":"https:\/\/www.urbanbiker.com\/it\/batterie-al-litio-e-mobilita-elettrica-cosa-ce-dietro-a-una-urbanbiker\/","og_site_name":"UrbanBiker","article_publisher":"https:\/\/www.facebook.com\/Urbanbikerbiciselectricas","article_published_time":"2026-03-11T15:26:13+00:00","article_modified_time":"2026-03-11T15:31:23+00:00","og_image":[{"width":1024,"height":512,"url":"https:\/\/www.urbanbiker.com\/wp-content\/uploads\/2026\/03\/Baterias-UrbanBiker-1024x512.png","type":"image\/png"}],"author":"UrbanBiker Espa\u00f1a","twitter_card":"summary_large_image","twitter_misc":{"Scritto da":"UrbanBiker Espa\u00f1a","Tempo di lettura stimato":"4 minuti"},"schema":{"@context":"https:\/\/schema.org","@graph":[{"@type":"Article","@id":"https:\/\/www.urbanbiker.com\/it\/batterie-al-litio-e-mobilita-elettrica-cosa-ce-dietro-a-una-urbanbiker\/#article","isPartOf":{"@id":"https:\/\/www.urbanbiker.com\/it\/batterie-al-litio-e-mobilita-elettrica-cosa-ce-dietro-a-una-urbanbiker\/"},"author":{"name":"UrbanBiker Espa\u00f1a","@id":"https:\/\/www.urbanbiker.com\/it\/#\/schema\/person\/3a87fe08ae0ad7df010c4f0609a75e9c"},"headline":"Batterie al litio e mobilit\u00e0 elettrica: cosa c&#8217;\u00e8 dietro a una UrbanBiker","datePublished":"2026-03-11T15:26:13+00:00","dateModified":"2026-03-11T15:31:23+00:00","mainEntityOfPage":{"@id":"https:\/\/www.urbanbiker.com\/it\/batterie-al-litio-e-mobilita-elettrica-cosa-ce-dietro-a-una-urbanbiker\/"},"wordCount":632,"commentCount":0,"publisher":{"@id":"https:\/\/www.urbanbiker.com\/it\/#organization"},"image":{"@id":"https:\/\/www.urbanbiker.com\/it\/batterie-al-litio-e-mobilita-elettrica-cosa-ce-dietro-a-una-urbanbiker\/#primaryimage"},"thumbnailUrl":"https:\/\/www.urbanbiker.com\/wp-content\/uploads\/2026\/03\/Baterias-UrbanBiker-scaled.png","articleSection":["Consigli","Mobilit\u00e0 sostenibile"],"inLanguage":"it-IT","potentialAction":[{"@type":"CommentAction","name":"Comment","target":["https:\/\/www.urbanbiker.com\/it\/batterie-al-litio-e-mobilita-elettrica-cosa-ce-dietro-a-una-urbanbiker\/#respond"]}]},{"@type":"WebPage","@id":"https:\/\/www.urbanbiker.com\/it\/batterie-al-litio-e-mobilita-elettrica-cosa-ce-dietro-a-una-urbanbiker\/","url":"https:\/\/www.urbanbiker.com\/it\/batterie-al-litio-e-mobilita-elettrica-cosa-ce-dietro-a-una-urbanbiker\/","name":"Batterie al litio nelle biciclette elettriche: cosa devi sapere","isPartOf":{"@id":"https:\/\/www.urbanbiker.com\/it\/#website"},"primaryImageOfPage":{"@id":"https:\/\/www.urbanbiker.com\/it\/batterie-al-litio-e-mobilita-elettrica-cosa-ce-dietro-a-una-urbanbiker\/#primaryimage"},"image":{"@id":"https:\/\/www.urbanbiker.com\/it\/batterie-al-litio-e-mobilita-elettrica-cosa-ce-dietro-a-una-urbanbiker\/#primaryimage"},"thumbnailUrl":"https:\/\/www.urbanbiker.com\/wp-content\/uploads\/2026\/03\/Baterias-UrbanBiker-scaled.png","datePublished":"2026-03-11T15:26:13+00:00","dateModified":"2026-03-11T15:31:23+00:00","description":"Come funzionano le batterie al litio in una ebike, quanto durano e come viene gestita la loro fine vita in modo responsabile secondo la normativa vigente.","breadcrumb":{"@id":"https:\/\/www.urbanbiker.com\/it\/batterie-al-litio-e-mobilita-elettrica-cosa-ce-dietro-a-una-urbanbiker\/#breadcrumb"},"inLanguage":"it-IT","potentialAction":[{"@type":"ReadAction","target":["https:\/\/www.urbanbiker.com\/it\/batterie-al-litio-e-mobilita-elettrica-cosa-ce-dietro-a-una-urbanbiker\/"]}]},{"@type":"ImageObject","inLanguage":"it-IT","@id":"https:\/\/www.urbanbiker.com\/it\/batterie-al-litio-e-mobilita-elettrica-cosa-ce-dietro-a-una-urbanbiker\/#primaryimage","url":"https:\/\/www.urbanbiker.com\/wp-content\/uploads\/2026\/03\/Baterias-UrbanBiker-scaled.png","contentUrl":"https:\/\/www.urbanbiker.com\/wp-content\/uploads\/2026\/03\/Baterias-UrbanBiker-scaled.png","width":2560,"height":1280,"caption":"Autonom\u00eda y rendimiento garantizado"},{"@type":"BreadcrumbList","@id":"https:\/\/www.urbanbiker.com\/it\/batterie-al-litio-e-mobilita-elettrica-cosa-ce-dietro-a-una-urbanbiker\/#breadcrumb","itemListElement":[{"@type":"ListItem","position":1,"name":"Portada","item":"https:\/\/www.urbanbiker.com\/it\/"},{"@type":"ListItem","position":2,"name":"Batterie al litio e mobilit\u00e0 elettrica: cosa c&#8217;\u00e8 dietro a una UrbanBiker"}]},{"@type":"WebSite","@id":"https:\/\/www.urbanbiker.com\/it\/#website","url":"https:\/\/www.urbanbiker.com\/it\/","name":"UrbanBiker","description":"Biciclette elettriche","publisher":{"@id":"https:\/\/www.urbanbiker.com\/it\/#organization"},"potentialAction":[{"@type":"SearchAction","target":{"@type":"EntryPoint","urlTemplate":"https:\/\/www.urbanbiker.com\/it\/?s={search_term_string}"},"query-input":{"@type":"PropertyValueSpecification","valueRequired":true,"valueName":"search_term_string"}}],"inLanguage":"it-IT"},{"@type":"Organization","@id":"https:\/\/www.urbanbiker.com\/it\/#organization","name":"UrbanBiker","url":"https:\/\/www.urbanbiker.com\/it\/","logo":{"@type":"ImageObject","inLanguage":"it-IT","@id":"https:\/\/www.urbanbiker.com\/it\/#\/schema\/logo\/image\/","url":"https:\/\/www.urbanbiker.com\/wp-content\/uploads\/2022\/09\/Logo-principal-sin-fondo.png","contentUrl":"https:\/\/www.urbanbiker.com\/wp-content\/uploads\/2022\/09\/Logo-principal-sin-fondo.png","width":2560,"height":934,"caption":"UrbanBiker"},"image":{"@id":"https:\/\/www.urbanbiker.com\/it\/#\/schema\/logo\/image\/"},"sameAs":["https:\/\/www.facebook.com\/Urbanbikerbiciselectricas","https:\/\/www.instagram.com\/urbanbiker_\/","https:\/\/www.linkedin.com\/company\/2454235","https:\/\/www.youtube.com\/channel\/UCWR__uH_RWJF-OhPfz-9-Qw"]},{"@type":"Person","@id":"https:\/\/www.urbanbiker.com\/it\/#\/schema\/person\/3a87fe08ae0ad7df010c4f0609a75e9c","name":"UrbanBiker Espa\u00f1a","image":{"@type":"ImageObject","inLanguage":"it-IT","@id":"https:\/\/secure.gravatar.com\/avatar\/5a4566847f58b92c592ba1df12070855f95d6f19fdb97a9d5da4d45d9a3d34d2?s=96&d=mm&r=g","url":"https:\/\/secure.gravatar.com\/avatar\/5a4566847f58b92c592ba1df12070855f95d6f19fdb97a9d5da4d45d9a3d34d2?s=96&d=mm&r=g","contentUrl":"https:\/\/secure.gravatar.com\/avatar\/5a4566847f58b92c592ba1df12070855f95d6f19fdb97a9d5da4d45d9a3d34d2?s=96&d=mm&r=g","caption":"UrbanBiker Espa\u00f1a"}}]}},"_links":{"self":[{"href":"https:\/\/www.urbanbiker.com\/it\/wp-json\/wp\/v2\/posts\/60765","targetHints":{"allow":["GET"]}}],"collection":[{"href":"https:\/\/www.urbanbiker.com\/it\/wp-json\/wp\/v2\/posts"}],"about":[{"href":"https:\/\/www.urbanbiker.com\/it\/wp-json\/wp\/v2\/types\/post"}],"author":[{"embeddable":true,"href":"https:\/\/www.urbanbiker.com\/it\/wp-json\/wp\/v2\/users\/28397"}],"replies":[{"embeddable":true,"href":"https:\/\/www.urbanbiker.com\/it\/wp-json\/wp\/v2\/comments?post=60765"}],"version-history":[{"count":2,"href":"https:\/\/www.urbanbiker.com\/it\/wp-json\/wp\/v2\/posts\/60765\/revisions"}],"predecessor-version":[{"id":62248,"href":"https:\/\/www.urbanbiker.com\/it\/wp-json\/wp\/v2\/posts\/60765\/revisions\/62248"}],"wp:featuredmedia":[{"embeddable":true,"href":"https:\/\/www.urbanbiker.com\/it\/wp-json\/wp\/v2\/media\/62207"}],"wp:attachment":[{"href":"https:\/\/www.urbanbiker.com\/it\/wp-json\/wp\/v2\/media?parent=60765"}],"wp:term":[{"taxonomy":"category","embeddable":true,"href":"https:\/\/www.urbanbiker.com\/it\/wp-json\/wp\/v2\/categories?post=60765"},{"taxonomy":"post_tag","embeddable":true,"href":"https:\/\/www.urbanbiker.com\/it\/wp-json\/wp\/v2\/tags?post=60765"}],"curies":[{"name":"wp","href":"https:\/\/api.w.org\/{rel}","templated":true}]}}