{"id":56842,"date":"2025-10-24T14:25:11","date_gmt":"2025-10-24T12:25:11","guid":{"rendered":"https:\/\/www.urbanbiker.com\/un-viaje-electrico-de-leon-a-gijon-en-ebike-con-urbanbiker\/"},"modified":"2025-10-26T17:30:58","modified_gmt":"2025-10-26T16:30:58","slug":"un-viaggio-elettrico-da-leon-a-gijon-in-e-bike-con-urbanbiker","status":"publish","type":"post","link":"https:\/\/www.urbanbiker.com\/it\/un-viaggio-elettrico-da-leon-a-gijon-in-e-bike-con-urbanbiker\/","title":{"rendered":"Un viaggio elettrico da Le\u00f3n a Gij\u00f3n in e-bike con UrbanBiker |  30 giorni in bicicletta"},"content":{"rendered":"<h1><strong>Un viaggio elettrico da Le\u00f3n a Gij\u00f3n: due giorni in e-bike con UrbanBiker<\/strong><\/h1>\n<p><em><strong>Un testo di Carlos Rodr\u00edguez, coordinatore internazionale di <a href=\"https:\/\/www.30diasenbici.com\/\">30 D\u00edas en Bici<\/a><\/strong><\/em><\/p>\n<p>Ho sempre pensato al ciclismo da un luogo al di l\u00e0 dei numeri, delle metriche e delle distanze. Questo \u00e8 centrale nel modo in cui la campagna 30 D\u00edas en Bici stimola la prova, l\u2019uso e l\u2019adozione della bicicletta per la mobilit\u00e0 personale. Una prospettiva che raggiunge la sua pienezza quando, al-di l\u00e0 dell\u2019uso sportivo o ricreativo, la bici diventa veicolo di scoperta. Parliamo di <b>cicloturismo<\/b> che per me \u00e8 pi\u00f9 trasporto che sport.<\/p>\n<p>Nel viaggio in <b>bicicletta elettrica<\/b>, il tuo ritmo si rivela come la velocit\u00e0 perfetta affinch\u00e9 nessun dettaglio sfugga allo sguardo. E l\u2019e-bike \u00e8 libert\u00e0 allo stato puro, un sinonimo di \u201c<b>arriva dove vuoi<\/b>\u201d, affinch\u00e9 ogni chilometro si stampi nella memoria, non per la sua durezza o per il peso della borsa laterale, ma per la sua essenza.<\/p>\n<p>Qualche giorno fa, mi sono lanciato con Jorge Cabal di <a href=\"http:\/\/www.urbanbiker.com\/it\">UrbanBiker<\/a> in un percorso di due giorni su due bici elettriche per collegare Le\u00f3n con Gij\u00f3n, per unire i nostri marchi, <a href=\"https:\/\/www.30diasenbici.com\">30DEB<\/a> e <a href=\"http:\/\/www.urbanbiker.com\/it\">UrbanBiker<\/a>, in un\u2019avventura che riflettesse tutto ci\u00f2 che abbiamo in comune: <b>promuovere l\u2019uso della bicicletta, muoverci in modo sostenibile e godere del cammino.<\/b><\/p>\n<p>Un viaggio in e-bike che non era una prova sportiva, ma una vera dichiarazione che la mobilit\u00e0 sostenibile pu\u00f2 essere anche avventura, emozione e scoperta\u2026<\/p>\n<h2><strong>Giorno 1: Dalla citt\u00e0 alle vette<\/strong><\/h2>\n<p>Mentre Le\u00f3n si stirava dopo un sabato di <a style=\"cursor: pointer !important; user-select: none !important;\" href=\"https:\/\/es.wikipedia.org\/wiki\/Froil%C3%A1n_de_Le%C3%B3n\">festa di San Froil\u00e1n<\/a>, nella officina di UrbanBiker, incoraggiati dal caff\u00e8 appena fatto, preparavamo le nostre biciclette elettriche montando borse laterali, pedali, la videocamera e altri piccoli aggiustamenti. Jorge, con il sorriso di chi conosce i segreti della sua energia silenziosa, e io, con quello di chi sta per scoprirli.<\/p>\n<p>Dopo poco pedalavamo attraversando da est a ovest la citt\u00e0 di Le\u00f3n. Il primo caff\u00e8 lungo il percorso cadeva a Lorenzana, nel mitico bar \u201cEl L\u00edder\u201d, la cui deliziosa tortilla, solerte padrona e estetica ciclistica imponente lo rendono tappa obbligatoria per ogni ciclista che si rispetti. Presto l\u2019altopiano iniziava a corrugarsi in colline mentre in lontananza si scorgeva l\u2019imponente Cordigliera Cantabrica. Il battito del mio UrbanBiker <a href=\"https:\/\/www.urbanbiker.com\/it\/prodotto\/ub300-fe-bicicleta-montain-e-bike-completamente-equipaggiata\/\">UB300<\/a> <i>appianava ogni rampa, ogni breve salita, per facilitare le mie pedalate erogando il punto di potenza ideale in ogni momento<\/i> e molto presto stavamo gi\u00e0 solcando il <a href=\"https:\/\/patrimonionatural.org\/espacios-naturales\/parque-natural\/parque-natural-babia-y-luna\">Parque Natural de Babia y Luna<\/a>.<\/p>\n<p>Dopo una breve sosta a La Magdalena per rinfrescarci, siamo entrati in territorio selvaggio. Il paesaggio del bacino, in una zona di transizione tra l\u2019altopiano e le montagne, \u00e8 drammatico, con il blu profondo dell\u2019acqua che contrasta con le terre aride e rocciose delle scogliere erose. Il ciclista s\u2019immerge nella solitudine, nel silenzio travolgente e nella scala epica che fa sentire il visitatore piccolo, mentre la strada solitaria serpeggia accanto all\u2019acqua.<\/p>\n<p>Sulla sua riva abbiamo mangiato al <a href=\"https:\/\/clubnauticoleon.es\/\">Club N\u00e1utico de Le\u00f3n<\/a>, con circa 60 chilometri nelle gambe, completato quasi il 75% della nostra traversata verso <a href=\"https:\/\/www.aytosanemiliano.es\/los-pueblos\/sanemiliano.html\">San Emiliano<\/a> e con solo il 28% della batteria consumato \u2014 che sorpresa! Navigando nella mia UB300 in modalit\u00e0 ECO (economica, che d\u00e0 al motore il 25% della sua capacit\u00e0 di assistenza) avevamo prolungato l\u2019autonomia della batteria ben oltre gli 88 chilometri del giorno. Il display della <a href=\"https:\/\/www.urbanbiker.com\/it\/prodotto\/ub200-bicicletta-elettrica-urbana-multiuso-con-doppia-sospensione\/\">UB200<\/a> da trekking con doppia sospensione che montava Jorge segnalava consumi e autonomia simili.<\/p>\n<p>Soddisfatti delle nostre esigenze di cibo e bevanda in stile leone\u00adso, abbiamo proseguito la strada zigzagando al bordo del lago per lasciare Luna ed entrare in Babia (che non \u00e8 solo un modo di dire, \u00e8 un luogo). Un luogo dove il tempo si dilata in orizzonti di verde e pietra. Pedalando su quelle strade, non \u201csi \u00e8 in Babia\u201d; si \u00e8 semplicemente.<\/p>\n<p>E cos\u00ec, con il sole che iniziava a giocare con le creste del parco nazionale, ci accoglieva San Emiliano, con una birra e una vista impressionante sulle Ubi\u00f1as bagnate dal sole al tramonto che avrebbe ceduto il passo a una luna quasi piena che regnava sul calcare bianco. Dopo 88 chilometri, tempo di riposo per le gambe viaggiatrici e ricarica delle batterie per le biciclette.<\/p>\n<p><a href=\"https:\/\/www.urbanbiker.com\/wp-content\/uploads\/2025\/10\/UB200-en-ruta.png\"><img fetchpriority=\"high\" decoding=\"async\" class=\"alignnone size-medium wp-image-56653\" src=\"https:\/\/www.urbanbiker.com\/wp-content\/uploads\/2025\/10\/UB200-en-ruta-300x169.png\" alt=\"\" width=\"300\" height=\"169\" srcset=\"https:\/\/www.urbanbiker.com\/wp-content\/uploads\/2025\/10\/UB200-en-ruta-300x169.png 300w, https:\/\/www.urbanbiker.com\/wp-content\/uploads\/2025\/10\/UB200-en-ruta-1024x576.png 1024w, https:\/\/www.urbanbiker.com\/wp-content\/uploads\/2025\/10\/UB200-en-ruta-768x432.png 768w, https:\/\/www.urbanbiker.com\/wp-content\/uploads\/2025\/10\/UB200-en-ruta-1536x864.png 1536w, https:\/\/www.urbanbiker.com\/wp-content\/uploads\/2025\/10\/UB200-en-ruta-2048x1152.png 2048w, https:\/\/www.urbanbiker.com\/wp-content\/uploads\/2025\/10\/UB200-en-ruta-800x450.png 800w\" sizes=\"(max-width: 300px) 100vw, 300px\" \/><\/a><\/p>\n<h2><strong>Giorno 2: In cerca del mare<\/strong><\/h2>\n<p>Il risveglio a San Emiliano \u00e8 fusionarsi in un grande abbraccio con la catena montuosa. Senza alzarsi troppo presto, ci siamo lanciati alla conquista del <a href=\"https:\/\/es.wikipedia.org\/wiki\/Puerto_de_Ventana\">Puerto Ventana<\/a>. In ogni tornante, mentre la valle diventava sempre pi\u00f9 piccola alle nostre spalle, il motore delle nostre biciclette ci aiutava, con un sussurro complice, a vincere il dislivello, cos\u00ec progressivamente ed efficacemente che molto presto avevamo la prima ricompensa della giornata: la cima del passo e l\u2019ingresso in Asturias. Il vento gelido della montagna ci ha abbracciati al confine dei due regni. Dietro di noi si trovava la patria leonesa e davanti la strada precipitava nel paese asturiano.<\/p>\n<p>La discesa \u00e8 stata un volo. Con tutta l\u2019assistenza disconnessa, risparmiavamo batteria e ho potuto verificare l\u2019ottima geometria della mia UB300 per la discesa. Una discesa vertiginosa di 20 chilometri fino a <a href=\"https:\/\/es.wikipedia.org\/wiki\/Teverga\">San Mart\u00edn de Teverga<\/a>, divorando foreste, grotte, gole e burroni. Dopo una breve sosta per caff\u00e8 e tortilla, rimaneva solo un chilometro di strada che ci lasciava alla leggendaria Senda del Oso, fusione della furia della montagna e della pace della valle, del mormorio del fiume e del cricchiare della ghiaia sotto le nostre ruote, di tunnel di roccia e foreste millenarie che custodiscono i segreti degli antenati di Paca e Tola.<\/p>\n<p>Non avremmo pi\u00f9 toccato l\u2019asfalto. La Senda del Oso ci ha condotti attraverso Proaza, Villanueva, Tu\u00f1\u00f3n fino a Trubia da dove, seguendo il Nal\u00f3n, ci siamo collegati alla V\u00eda Verde del Fuso che ci avrebbe portato a Oviedo verso le tre del pomeriggio. Settantacinque chilometri (con quasi la met\u00e0 della batteria rimasta) meritavano una pausa per pranzare a <a href=\"https:\/\/lacomtiendaoviedo.es\/\">La Contienda<\/a> e l\u00ec decidemmo di fare il viaggio a Gij\u00f3n con il <a href=\"https:\/\/www.renfe.com\/es\/es\/cercanias\">treno suburbano<\/a>. E ho potuto constatare che le UB200 e UB300 si comportavano perfettamente negli ascensori o nelle scale mobili e si adattavano senza problemi allo spazio (scarso) riservato alle bici in ogni convoglio.<\/p>\n<p>A Gij\u00f3n, con l\u2019aria salmastra del mare sul viso e un bicchiere di sidro in mano, abbiamo guardato indietro. Due giorni, due bici, due mondi. Dalla Meseta al Cantabrico, condividendo con Jorge strade, sentieri e piste, paesaggi unici, chiacchierate interminabili ed esperienze indimenticabili.<\/p>\n<p>E una scoperta chiave: viaggiare in <strong>bicicletta elettrica<\/strong> non significa rinunciare allo sforzo. Si vive nello stesso modo la soddisfazione di una salita superata, l\u2019euforia di una discesa tecnica o la resistenza silenziosa del vento. Non c\u2019\u00e8 un altro, e nemmeno un \u00abio contro\u00bb con cui competere, ma tutto consiste nel cercare il ritmo interno che ti permette di fonderti con il paesaggio, quel tempo personale che trasforma ogni metro in esperienza vissuta. E il motore della mia UB300 \u00e8 stato un alleato fedele in quell\u2019impegno di leggere il territorio come si legge un buon libro, assaporando ogni pagina della strada.<\/p>\n<p><a href=\"https:\/\/www.urbanbiker.com\/wp-content\/uploads\/2025\/10\/Mapa-del-Biciviaje-Leon-Asturias-en-bici-electrica.png\"><img decoding=\"async\" class=\"alignnone size-medium wp-image-56661\" src=\"https:\/\/www.urbanbiker.com\/wp-content\/uploads\/2025\/10\/Mapa-del-Biciviaje-Leon-Asturias-en-bici-electrica-300x169.png\" alt=\"\" width=\"300\" height=\"169\" srcset=\"https:\/\/www.urbanbiker.com\/wp-content\/uploads\/2025\/10\/Mapa-del-Biciviaje-Leon-Asturias-en-bici-electrica-300x169.png 300w, https:\/\/www.urbanbiker.com\/wp-content\/uploads\/2025\/10\/Mapa-del-Biciviaje-Leon-Asturias-en-bici-electrica-1024x576.png 1024w, https:\/\/www.urbanbiker.com\/wp-content\/uploads\/2025\/10\/Mapa-del-Biciviaje-Leon-Asturias-en-bici-electrica-768x432.png 768w, https:\/\/www.urbanbiker.com\/wp-content\/uploads\/2025\/10\/Mapa-del-Biciviaje-Leon-Asturias-en-bici-electrica-1536x864.png 1536w, https:\/\/www.urbanbiker.com\/wp-content\/uploads\/2025\/10\/Mapa-del-Biciviaje-Leon-Asturias-en-bici-electrica-2048x1152.png 2048w, https:\/\/www.urbanbiker.com\/wp-content\/uploads\/2025\/10\/Mapa-del-Biciviaje-Leon-Asturias-en-bici-electrica-800x450.png 800w\" sizes=\"(max-width: 300px) 100vw, 300px\" \/><\/a><\/p>\n<p><strong>UrbanBiker: Arriva dove vuoi.<\/strong><\/p>\n<p>Produciamo biciclette elettriche pensate per scoprire, godere e muoversi liberi.<\/p>\n<p>Se anche tu vuoi vivere la tua prossima avventura su un\u2019e-bike, visita <a href=\"http:\/\/www.urbanbiker.com\/it\">www.urbanbiker.com<\/a>.<\/p>\n<p><em>Sull\u2019autore:<\/em><\/p>\n<p><strong>Carlos Rodr\u00edguez<\/strong> \u00e8 coordinatore internazionale di <a href=\"https:\/\/www.30diasenbici.com\/\"><strong>30 D\u00edas en Bici,<\/strong><\/a> una campagna globale pluripremiata di promozione dell\u2019uso quotidiano della bicicletta e collabora con <a href=\"http:\/\/www.urbanbiker.com\/it\"><strong>UrbanBiker<\/strong><\/a> in progetti di mobilit\u00e0 sostenibile ed esperienze ciclistiche che ispirano alla scoperta del territorio su due ruote.<\/p>\n<p>Questo articolo fa parte della collaborazione tra <strong>UrbanBiker<\/strong> e <strong>30 D\u00edas en Bici<\/strong>, due progetti che condividono la stessa filosofia: muoversi liberi, godere del percorso e arrivare dove vuoi. <strong>Jorge Cabal<\/strong> \u00e8 il nostro Direttore Vendite e Marketing Internazionale, che ha condiviso chilometri ed esperienze con Carlos Rodr\u00edguez in questa divertente avventura in e-bike.<\/p>\n","protected":false},"excerpt":{"rendered":"<p>Un viaggio elettrico da Le\u00f3n a Gij\u00f3n: due giorni in e-bike con UrbanBiker Un testo di Carlos Rodr\u00edguez, coordinatore internazionale di 30 D\u00edas en Bici Ho sempre pensato al ciclismo da un luogo al di l\u00e0 dei numeri, delle metriche e delle distanze. Questo \u00e8 centrale nel modo in cui la campagna 30 D\u00edas en [&hellip;]<\/p>\n","protected":false},"author":28397,"featured_media":56585,"comment_status":"open","ping_status":"open","sticky":false,"template":"","format":"standard","meta":{"footnotes":""},"categories":[625,303],"tags":[],"class_list":["post-56842","post","type-post","status-publish","format-standard","has-post-thumbnail","hentry","category-mobilita-sostenibile","category-notizie"],"yoast_head":"<!-- This site is optimized with the Yoast SEO plugin v27.5 - https:\/\/yoast.com\/product\/yoast-seo-wordpress\/ -->\n<title>Un viaggio elettrico da Le\u00f3n a Gij\u00f3n in e-bike con UrbanBiker<\/title>\n<meta name=\"description\" content=\"Scopri l\u2019esperienza di viaggiare da Le\u00f3n a Gij\u00f3n in bicicletta elettrica UrbanBiker insieme a Carlos R, coordinatore internazionale di 30 D\u00edas en Bici, e Jorge, Direttore Vendite di UrbanBiker. Due giorni di libert\u00e0, natura e mobilit\u00e0 sostenibile su due ruote.\" \/>\n<meta name=\"robots\" content=\"index, follow, max-snippet:-1, max-image-preview:large, max-video-preview:-1\" \/>\n<link rel=\"canonical\" href=\"https:\/\/www.urbanbiker.com\/it\/un-viaggio-elettrico-da-leon-a-gijon-in-e-bike-con-urbanbiker\/\" \/>\n<meta property=\"og:locale\" content=\"it_IT\" \/>\n<meta property=\"og:type\" content=\"article\" \/>\n<meta property=\"og:title\" content=\"Un viaggio elettrico da Le\u00f3n a Gij\u00f3n in e-bike con UrbanBiker\" \/>\n<meta property=\"og:description\" content=\"Scopri l\u2019esperienza di viaggiare da Le\u00f3n a Gij\u00f3n in bicicletta elettrica UrbanBiker insieme a Carlos R, coordinatore internazionale di 30 D\u00edas en Bici, e Jorge, Direttore Vendite di UrbanBiker. Due giorni di libert\u00e0, natura e mobilit\u00e0 sostenibile su due ruote.\" \/>\n<meta property=\"og:url\" content=\"https:\/\/www.urbanbiker.com\/it\/un-viaggio-elettrico-da-leon-a-gijon-in-e-bike-con-urbanbiker\/\" \/>\n<meta property=\"og:site_name\" content=\"UrbanBiker\" \/>\n<meta property=\"article:publisher\" content=\"https:\/\/www.facebook.com\/Urbanbikerbiciselectricas\" \/>\n<meta property=\"article:published_time\" content=\"2025-10-24T12:25:11+00:00\" \/>\n<meta property=\"article:modified_time\" content=\"2025-10-26T16:30:58+00:00\" \/>\n<meta property=\"og:image\" content=\"https:\/\/www.urbanbiker.com\/wp-content\/uploads\/2025\/10\/Asi-hablan-de-Urbanbiker-en-el-mercado-internacional-de-ebikes-1.jpg\" \/>\n\t<meta property=\"og:image:width\" content=\"1960\" \/>\n\t<meta property=\"og:image:height\" content=\"1102\" \/>\n\t<meta property=\"og:image:type\" content=\"image\/jpeg\" \/>\n<meta name=\"author\" content=\"UrbanBiker Espa\u00f1a\" \/>\n<meta name=\"twitter:card\" content=\"summary_large_image\" \/>\n<meta name=\"twitter:label1\" content=\"Scritto da\" \/>\n\t<meta name=\"twitter:data1\" content=\"UrbanBiker Espa\u00f1a\" \/>\n\t<meta name=\"twitter:label2\" content=\"Tempo di lettura stimato\" \/>\n\t<meta name=\"twitter:data2\" content=\"8 minuti\" \/>\n<script type=\"application\/ld+json\" class=\"yoast-schema-graph\">{\"@context\":\"https:\\\/\\\/schema.org\",\"@graph\":[{\"@type\":\"Article\",\"@id\":\"https:\\\/\\\/www.urbanbiker.com\\\/it\\\/un-viaggio-elettrico-da-leon-a-gijon-in-e-bike-con-urbanbiker\\\/#article\",\"isPartOf\":{\"@id\":\"https:\\\/\\\/www.urbanbiker.com\\\/it\\\/un-viaggio-elettrico-da-leon-a-gijon-in-e-bike-con-urbanbiker\\\/\"},\"author\":{\"name\":\"UrbanBiker Espa\u00f1a\",\"@id\":\"https:\\\/\\\/www.urbanbiker.com\\\/it\\\/#\\\/schema\\\/person\\\/3a87fe08ae0ad7df010c4f0609a75e9c\"},\"headline\":\"Un viaggio elettrico da Le\u00f3n a Gij\u00f3n in e-bike con UrbanBiker | 30 giorni in bicicletta\",\"datePublished\":\"2025-10-24T12:25:11+00:00\",\"dateModified\":\"2025-10-26T16:30:58+00:00\",\"mainEntityOfPage\":{\"@id\":\"https:\\\/\\\/www.urbanbiker.com\\\/it\\\/un-viaggio-elettrico-da-leon-a-gijon-in-e-bike-con-urbanbiker\\\/\"},\"wordCount\":1311,\"commentCount\":0,\"publisher\":{\"@id\":\"https:\\\/\\\/www.urbanbiker.com\\\/it\\\/#organization\"},\"image\":{\"@id\":\"https:\\\/\\\/www.urbanbiker.com\\\/it\\\/un-viaggio-elettrico-da-leon-a-gijon-in-e-bike-con-urbanbiker\\\/#primaryimage\"},\"thumbnailUrl\":\"https:\\\/\\\/www.urbanbiker.com\\\/wp-content\\\/uploads\\\/2025\\\/10\\\/Asi-hablan-de-Urbanbiker-en-el-mercado-internacional-de-ebikes-1.jpg\",\"articleSection\":[\"Mobilit\u00e0 sostenibile\",\"Notizie\"],\"inLanguage\":\"it-IT\",\"potentialAction\":[{\"@type\":\"CommentAction\",\"name\":\"Comment\",\"target\":[\"https:\\\/\\\/www.urbanbiker.com\\\/it\\\/un-viaggio-elettrico-da-leon-a-gijon-in-e-bike-con-urbanbiker\\\/#respond\"]}]},{\"@type\":\"WebPage\",\"@id\":\"https:\\\/\\\/www.urbanbiker.com\\\/it\\\/un-viaggio-elettrico-da-leon-a-gijon-in-e-bike-con-urbanbiker\\\/\",\"url\":\"https:\\\/\\\/www.urbanbiker.com\\\/it\\\/un-viaggio-elettrico-da-leon-a-gijon-in-e-bike-con-urbanbiker\\\/\",\"name\":\"Un viaggio elettrico da Le\u00f3n a Gij\u00f3n in e-bike con UrbanBiker\",\"isPartOf\":{\"@id\":\"https:\\\/\\\/www.urbanbiker.com\\\/it\\\/#website\"},\"primaryImageOfPage\":{\"@id\":\"https:\\\/\\\/www.urbanbiker.com\\\/it\\\/un-viaggio-elettrico-da-leon-a-gijon-in-e-bike-con-urbanbiker\\\/#primaryimage\"},\"image\":{\"@id\":\"https:\\\/\\\/www.urbanbiker.com\\\/it\\\/un-viaggio-elettrico-da-leon-a-gijon-in-e-bike-con-urbanbiker\\\/#primaryimage\"},\"thumbnailUrl\":\"https:\\\/\\\/www.urbanbiker.com\\\/wp-content\\\/uploads\\\/2025\\\/10\\\/Asi-hablan-de-Urbanbiker-en-el-mercado-internacional-de-ebikes-1.jpg\",\"datePublished\":\"2025-10-24T12:25:11+00:00\",\"dateModified\":\"2025-10-26T16:30:58+00:00\",\"description\":\"Scopri l\u2019esperienza di viaggiare da Le\u00f3n a Gij\u00f3n in bicicletta elettrica UrbanBiker insieme a Carlos R, coordinatore internazionale di 30 D\u00edas en Bici, e Jorge, Direttore Vendite di UrbanBiker. Due giorni di libert\u00e0, natura e mobilit\u00e0 sostenibile su due ruote.\",\"breadcrumb\":{\"@id\":\"https:\\\/\\\/www.urbanbiker.com\\\/it\\\/un-viaggio-elettrico-da-leon-a-gijon-in-e-bike-con-urbanbiker\\\/#breadcrumb\"},\"inLanguage\":\"it-IT\",\"potentialAction\":[{\"@type\":\"ReadAction\",\"target\":[\"https:\\\/\\\/www.urbanbiker.com\\\/it\\\/un-viaggio-elettrico-da-leon-a-gijon-in-e-bike-con-urbanbiker\\\/\"]}]},{\"@type\":\"ImageObject\",\"inLanguage\":\"it-IT\",\"@id\":\"https:\\\/\\\/www.urbanbiker.com\\\/it\\\/un-viaggio-elettrico-da-leon-a-gijon-in-e-bike-con-urbanbiker\\\/#primaryimage\",\"url\":\"https:\\\/\\\/www.urbanbiker.com\\\/wp-content\\\/uploads\\\/2025\\\/10\\\/Asi-hablan-de-Urbanbiker-en-el-mercado-internacional-de-ebikes-1.jpg\",\"contentUrl\":\"https:\\\/\\\/www.urbanbiker.com\\\/wp-content\\\/uploads\\\/2025\\\/10\\\/Asi-hablan-de-Urbanbiker-en-el-mercado-internacional-de-ebikes-1.jpg\",\"width\":1960,\"height\":1102},{\"@type\":\"BreadcrumbList\",\"@id\":\"https:\\\/\\\/www.urbanbiker.com\\\/it\\\/un-viaggio-elettrico-da-leon-a-gijon-in-e-bike-con-urbanbiker\\\/#breadcrumb\",\"itemListElement\":[{\"@type\":\"ListItem\",\"position\":1,\"name\":\"Portada\",\"item\":\"https:\\\/\\\/www.urbanbiker.com\\\/it\\\/\"},{\"@type\":\"ListItem\",\"position\":2,\"name\":\"Un viaggio elettrico da Le\u00f3n a Gij\u00f3n in e-bike con UrbanBiker | 30 giorni in bicicletta\"}]},{\"@type\":\"WebSite\",\"@id\":\"https:\\\/\\\/www.urbanbiker.com\\\/it\\\/#website\",\"url\":\"https:\\\/\\\/www.urbanbiker.com\\\/it\\\/\",\"name\":\"UrbanBiker\",\"description\":\"Biciclette elettriche\",\"publisher\":{\"@id\":\"https:\\\/\\\/www.urbanbiker.com\\\/it\\\/#organization\"},\"potentialAction\":[{\"@type\":\"SearchAction\",\"target\":{\"@type\":\"EntryPoint\",\"urlTemplate\":\"https:\\\/\\\/www.urbanbiker.com\\\/it\\\/?s={search_term_string}\"},\"query-input\":{\"@type\":\"PropertyValueSpecification\",\"valueRequired\":true,\"valueName\":\"search_term_string\"}}],\"inLanguage\":\"it-IT\"},{\"@type\":\"Organization\",\"@id\":\"https:\\\/\\\/www.urbanbiker.com\\\/it\\\/#organization\",\"name\":\"UrbanBiker\",\"url\":\"https:\\\/\\\/www.urbanbiker.com\\\/it\\\/\",\"logo\":{\"@type\":\"ImageObject\",\"inLanguage\":\"it-IT\",\"@id\":\"https:\\\/\\\/www.urbanbiker.com\\\/it\\\/#\\\/schema\\\/logo\\\/image\\\/\",\"url\":\"https:\\\/\\\/www.urbanbiker.com\\\/wp-content\\\/uploads\\\/2022\\\/09\\\/Logo-principal-sin-fondo.png\",\"contentUrl\":\"https:\\\/\\\/www.urbanbiker.com\\\/wp-content\\\/uploads\\\/2022\\\/09\\\/Logo-principal-sin-fondo.png\",\"width\":2560,\"height\":934,\"caption\":\"UrbanBiker\"},\"image\":{\"@id\":\"https:\\\/\\\/www.urbanbiker.com\\\/it\\\/#\\\/schema\\\/logo\\\/image\\\/\"},\"sameAs\":[\"https:\\\/\\\/www.facebook.com\\\/Urbanbikerbiciselectricas\",\"https:\\\/\\\/www.instagram.com\\\/urbanbiker_\\\/\",\"https:\\\/\\\/www.linkedin.com\\\/company\\\/2454235\",\"https:\\\/\\\/www.youtube.com\\\/channel\\\/UCWR__uH_RWJF-OhPfz-9-Qw\"]},{\"@type\":\"Person\",\"@id\":\"https:\\\/\\\/www.urbanbiker.com\\\/it\\\/#\\\/schema\\\/person\\\/3a87fe08ae0ad7df010c4f0609a75e9c\",\"name\":\"UrbanBiker Espa\u00f1a\",\"image\":{\"@type\":\"ImageObject\",\"inLanguage\":\"it-IT\",\"@id\":\"https:\\\/\\\/secure.gravatar.com\\\/avatar\\\/5a4566847f58b92c592ba1df12070855f95d6f19fdb97a9d5da4d45d9a3d34d2?s=96&d=mm&r=g\",\"url\":\"https:\\\/\\\/secure.gravatar.com\\\/avatar\\\/5a4566847f58b92c592ba1df12070855f95d6f19fdb97a9d5da4d45d9a3d34d2?s=96&d=mm&r=g\",\"contentUrl\":\"https:\\\/\\\/secure.gravatar.com\\\/avatar\\\/5a4566847f58b92c592ba1df12070855f95d6f19fdb97a9d5da4d45d9a3d34d2?s=96&d=mm&r=g\",\"caption\":\"UrbanBiker Espa\u00f1a\"}}]}<\/script>\n<!-- \/ Yoast SEO plugin. -->","yoast_head_json":{"title":"Un viaggio elettrico da Le\u00f3n a Gij\u00f3n in e-bike con UrbanBiker","description":"Scopri l\u2019esperienza di viaggiare da Le\u00f3n a Gij\u00f3n in bicicletta elettrica UrbanBiker insieme a Carlos R, coordinatore internazionale di 30 D\u00edas en Bici, e Jorge, Direttore Vendite di UrbanBiker. Due giorni di libert\u00e0, natura e mobilit\u00e0 sostenibile su due ruote.","robots":{"index":"index","follow":"follow","max-snippet":"max-snippet:-1","max-image-preview":"max-image-preview:large","max-video-preview":"max-video-preview:-1"},"canonical":"https:\/\/www.urbanbiker.com\/it\/un-viaggio-elettrico-da-leon-a-gijon-in-e-bike-con-urbanbiker\/","og_locale":"it_IT","og_type":"article","og_title":"Un viaggio elettrico da Le\u00f3n a Gij\u00f3n in e-bike con UrbanBiker","og_description":"Scopri l\u2019esperienza di viaggiare da Le\u00f3n a Gij\u00f3n in bicicletta elettrica UrbanBiker insieme a Carlos R, coordinatore internazionale di 30 D\u00edas en Bici, e Jorge, Direttore Vendite di UrbanBiker. Due giorni di libert\u00e0, natura e mobilit\u00e0 sostenibile su due ruote.","og_url":"https:\/\/www.urbanbiker.com\/it\/un-viaggio-elettrico-da-leon-a-gijon-in-e-bike-con-urbanbiker\/","og_site_name":"UrbanBiker","article_publisher":"https:\/\/www.facebook.com\/Urbanbikerbiciselectricas","article_published_time":"2025-10-24T12:25:11+00:00","article_modified_time":"2025-10-26T16:30:58+00:00","og_image":[{"width":1960,"height":1102,"url":"https:\/\/www.urbanbiker.com\/wp-content\/uploads\/2025\/10\/Asi-hablan-de-Urbanbiker-en-el-mercado-internacional-de-ebikes-1.jpg","type":"image\/jpeg"}],"author":"UrbanBiker Espa\u00f1a","twitter_card":"summary_large_image","twitter_misc":{"Scritto da":"UrbanBiker Espa\u00f1a","Tempo di lettura stimato":"8 minuti"},"schema":{"@context":"https:\/\/schema.org","@graph":[{"@type":"Article","@id":"https:\/\/www.urbanbiker.com\/it\/un-viaggio-elettrico-da-leon-a-gijon-in-e-bike-con-urbanbiker\/#article","isPartOf":{"@id":"https:\/\/www.urbanbiker.com\/it\/un-viaggio-elettrico-da-leon-a-gijon-in-e-bike-con-urbanbiker\/"},"author":{"name":"UrbanBiker Espa\u00f1a","@id":"https:\/\/www.urbanbiker.com\/it\/#\/schema\/person\/3a87fe08ae0ad7df010c4f0609a75e9c"},"headline":"Un viaggio elettrico da Le\u00f3n a Gij\u00f3n in e-bike con UrbanBiker | 30 giorni in bicicletta","datePublished":"2025-10-24T12:25:11+00:00","dateModified":"2025-10-26T16:30:58+00:00","mainEntityOfPage":{"@id":"https:\/\/www.urbanbiker.com\/it\/un-viaggio-elettrico-da-leon-a-gijon-in-e-bike-con-urbanbiker\/"},"wordCount":1311,"commentCount":0,"publisher":{"@id":"https:\/\/www.urbanbiker.com\/it\/#organization"},"image":{"@id":"https:\/\/www.urbanbiker.com\/it\/un-viaggio-elettrico-da-leon-a-gijon-in-e-bike-con-urbanbiker\/#primaryimage"},"thumbnailUrl":"https:\/\/www.urbanbiker.com\/wp-content\/uploads\/2025\/10\/Asi-hablan-de-Urbanbiker-en-el-mercado-internacional-de-ebikes-1.jpg","articleSection":["Mobilit\u00e0 sostenibile","Notizie"],"inLanguage":"it-IT","potentialAction":[{"@type":"CommentAction","name":"Comment","target":["https:\/\/www.urbanbiker.com\/it\/un-viaggio-elettrico-da-leon-a-gijon-in-e-bike-con-urbanbiker\/#respond"]}]},{"@type":"WebPage","@id":"https:\/\/www.urbanbiker.com\/it\/un-viaggio-elettrico-da-leon-a-gijon-in-e-bike-con-urbanbiker\/","url":"https:\/\/www.urbanbiker.com\/it\/un-viaggio-elettrico-da-leon-a-gijon-in-e-bike-con-urbanbiker\/","name":"Un viaggio elettrico da Le\u00f3n a Gij\u00f3n in e-bike con UrbanBiker","isPartOf":{"@id":"https:\/\/www.urbanbiker.com\/it\/#website"},"primaryImageOfPage":{"@id":"https:\/\/www.urbanbiker.com\/it\/un-viaggio-elettrico-da-leon-a-gijon-in-e-bike-con-urbanbiker\/#primaryimage"},"image":{"@id":"https:\/\/www.urbanbiker.com\/it\/un-viaggio-elettrico-da-leon-a-gijon-in-e-bike-con-urbanbiker\/#primaryimage"},"thumbnailUrl":"https:\/\/www.urbanbiker.com\/wp-content\/uploads\/2025\/10\/Asi-hablan-de-Urbanbiker-en-el-mercado-internacional-de-ebikes-1.jpg","datePublished":"2025-10-24T12:25:11+00:00","dateModified":"2025-10-26T16:30:58+00:00","description":"Scopri l\u2019esperienza di viaggiare da Le\u00f3n a Gij\u00f3n in bicicletta elettrica UrbanBiker insieme a Carlos R, coordinatore internazionale di 30 D\u00edas en Bici, e Jorge, Direttore Vendite di UrbanBiker. Due giorni di libert\u00e0, natura e mobilit\u00e0 sostenibile su due ruote.","breadcrumb":{"@id":"https:\/\/www.urbanbiker.com\/it\/un-viaggio-elettrico-da-leon-a-gijon-in-e-bike-con-urbanbiker\/#breadcrumb"},"inLanguage":"it-IT","potentialAction":[{"@type":"ReadAction","target":["https:\/\/www.urbanbiker.com\/it\/un-viaggio-elettrico-da-leon-a-gijon-in-e-bike-con-urbanbiker\/"]}]},{"@type":"ImageObject","inLanguage":"it-IT","@id":"https:\/\/www.urbanbiker.com\/it\/un-viaggio-elettrico-da-leon-a-gijon-in-e-bike-con-urbanbiker\/#primaryimage","url":"https:\/\/www.urbanbiker.com\/wp-content\/uploads\/2025\/10\/Asi-hablan-de-Urbanbiker-en-el-mercado-internacional-de-ebikes-1.jpg","contentUrl":"https:\/\/www.urbanbiker.com\/wp-content\/uploads\/2025\/10\/Asi-hablan-de-Urbanbiker-en-el-mercado-internacional-de-ebikes-1.jpg","width":1960,"height":1102},{"@type":"BreadcrumbList","@id":"https:\/\/www.urbanbiker.com\/it\/un-viaggio-elettrico-da-leon-a-gijon-in-e-bike-con-urbanbiker\/#breadcrumb","itemListElement":[{"@type":"ListItem","position":1,"name":"Portada","item":"https:\/\/www.urbanbiker.com\/it\/"},{"@type":"ListItem","position":2,"name":"Un viaggio elettrico da Le\u00f3n a Gij\u00f3n in e-bike con UrbanBiker | 30 giorni in bicicletta"}]},{"@type":"WebSite","@id":"https:\/\/www.urbanbiker.com\/it\/#website","url":"https:\/\/www.urbanbiker.com\/it\/","name":"UrbanBiker","description":"Biciclette elettriche","publisher":{"@id":"https:\/\/www.urbanbiker.com\/it\/#organization"},"potentialAction":[{"@type":"SearchAction","target":{"@type":"EntryPoint","urlTemplate":"https:\/\/www.urbanbiker.com\/it\/?s={search_term_string}"},"query-input":{"@type":"PropertyValueSpecification","valueRequired":true,"valueName":"search_term_string"}}],"inLanguage":"it-IT"},{"@type":"Organization","@id":"https:\/\/www.urbanbiker.com\/it\/#organization","name":"UrbanBiker","url":"https:\/\/www.urbanbiker.com\/it\/","logo":{"@type":"ImageObject","inLanguage":"it-IT","@id":"https:\/\/www.urbanbiker.com\/it\/#\/schema\/logo\/image\/","url":"https:\/\/www.urbanbiker.com\/wp-content\/uploads\/2022\/09\/Logo-principal-sin-fondo.png","contentUrl":"https:\/\/www.urbanbiker.com\/wp-content\/uploads\/2022\/09\/Logo-principal-sin-fondo.png","width":2560,"height":934,"caption":"UrbanBiker"},"image":{"@id":"https:\/\/www.urbanbiker.com\/it\/#\/schema\/logo\/image\/"},"sameAs":["https:\/\/www.facebook.com\/Urbanbikerbiciselectricas","https:\/\/www.instagram.com\/urbanbiker_\/","https:\/\/www.linkedin.com\/company\/2454235","https:\/\/www.youtube.com\/channel\/UCWR__uH_RWJF-OhPfz-9-Qw"]},{"@type":"Person","@id":"https:\/\/www.urbanbiker.com\/it\/#\/schema\/person\/3a87fe08ae0ad7df010c4f0609a75e9c","name":"UrbanBiker Espa\u00f1a","image":{"@type":"ImageObject","inLanguage":"it-IT","@id":"https:\/\/secure.gravatar.com\/avatar\/5a4566847f58b92c592ba1df12070855f95d6f19fdb97a9d5da4d45d9a3d34d2?s=96&d=mm&r=g","url":"https:\/\/secure.gravatar.com\/avatar\/5a4566847f58b92c592ba1df12070855f95d6f19fdb97a9d5da4d45d9a3d34d2?s=96&d=mm&r=g","contentUrl":"https:\/\/secure.gravatar.com\/avatar\/5a4566847f58b92c592ba1df12070855f95d6f19fdb97a9d5da4d45d9a3d34d2?s=96&d=mm&r=g","caption":"UrbanBiker Espa\u00f1a"}}]}},"_links":{"self":[{"href":"https:\/\/www.urbanbiker.com\/it\/wp-json\/wp\/v2\/posts\/56842","targetHints":{"allow":["GET"]}}],"collection":[{"href":"https:\/\/www.urbanbiker.com\/it\/wp-json\/wp\/v2\/posts"}],"about":[{"href":"https:\/\/www.urbanbiker.com\/it\/wp-json\/wp\/v2\/types\/post"}],"author":[{"embeddable":true,"href":"https:\/\/www.urbanbiker.com\/it\/wp-json\/wp\/v2\/users\/28397"}],"replies":[{"embeddable":true,"href":"https:\/\/www.urbanbiker.com\/it\/wp-json\/wp\/v2\/comments?post=56842"}],"version-history":[{"count":2,"href":"https:\/\/www.urbanbiker.com\/it\/wp-json\/wp\/v2\/posts\/56842\/revisions"}],"predecessor-version":[{"id":56844,"href":"https:\/\/www.urbanbiker.com\/it\/wp-json\/wp\/v2\/posts\/56842\/revisions\/56844"}],"wp:featuredmedia":[{"embeddable":true,"href":"https:\/\/www.urbanbiker.com\/it\/wp-json\/wp\/v2\/media\/56585"}],"wp:attachment":[{"href":"https:\/\/www.urbanbiker.com\/it\/wp-json\/wp\/v2\/media?parent=56842"}],"wp:term":[{"taxonomy":"category","embeddable":true,"href":"https:\/\/www.urbanbiker.com\/it\/wp-json\/wp\/v2\/categories?post=56842"},{"taxonomy":"post_tag","embeddable":true,"href":"https:\/\/www.urbanbiker.com\/it\/wp-json\/wp\/v2\/tags?post=56842"}],"curies":[{"name":"wp","href":"https:\/\/api.w.org\/{rel}","templated":true}]}}