{"id":39545,"date":"2023-06-26T03:32:43","date_gmt":"2023-06-26T01:32:43","guid":{"rendered":"https:\/\/www.urbanbiker.com\/come-aumentare-la-durata-della-batteria\/"},"modified":"2025-03-21T14:11:37","modified_gmt":"2025-03-21T13:11:37","slug":"come-aumentare-la-durata-della-batteria","status":"publish","type":"post","link":"https:\/\/www.urbanbiker.com\/it\/come-aumentare-la-durata-della-batteria\/","title":{"rendered":"Come aumentare la durata della batteria"},"content":{"rendered":"\r\n<p>Ci sono molti fattori che possono influenzare la <strong>durata della batteria di<\/strong> una bici elettrica. Desideriamo illustrarti ognuno di essi in modo che tu possa trarne il massimo beneficio.<\/p>\r\n<p><b>1- Gli pneumatici sgonfi <\/b>riducono notevolmente l&#8217;<strong>autonomia<\/strong> della bicicletta e <strong>aumentano<\/strong> le possibilit\u00e0 di foratura.<\/p>\r\n<p>Verifica prima di ogni vendita\/restituzione a causa di un problema di <strong>autonomia<\/strong> il gonfiaggio degli pneumatici e insisti sull&#8217;importanza del loro gonfiaggio:<\/p>\r\n<p>Citt\u00e0 \/ Trekking 26\u2033 o 28\u2033 = ottimale <b>4,5 BAR<\/b><\/p>\r\n<p>Pieghevole 20\u2033 = ottimale <b>3,5 BAR<\/b><\/p>\r\n<p>27,5\u2033 o 29\u2033 di montaggio= ottimale<b> 1,8\/2,0 BAR<\/b><\/p>\r\n<p style=\"text-align: center;\"><a href=\"http:\/\/www.urbanbiker.com\/wp-content\/uploads\/2023\/06\/Autonomia-vs-Presion_01.png\"><img fetchpriority=\"high\" decoding=\"async\" class=\"aligncenter size-large wp-image-41067\" src=\"http:\/\/www.urbanbiker.com\/wp-content\/uploads\/2023\/06\/Autonomia-vs-Presion_01-1024x482.png\" alt=\"Autonomia vs Presion\" width=\"980\" height=\"461\" srcset=\"https:\/\/www.urbanbiker.com\/wp-content\/uploads\/2023\/06\/Autonomia-vs-Presion_01-1024x482.png 1024w, https:\/\/www.urbanbiker.com\/wp-content\/uploads\/2023\/06\/Autonomia-vs-Presion_01-300x141.png 300w, https:\/\/www.urbanbiker.com\/wp-content\/uploads\/2023\/06\/Autonomia-vs-Presion_01-768x362.png 768w, https:\/\/www.urbanbiker.com\/wp-content\/uploads\/2023\/06\/Autonomia-vs-Presion_01-1536x724.png 1536w, https:\/\/www.urbanbiker.com\/wp-content\/uploads\/2023\/06\/Autonomia-vs-Presion_01-2048x965.png 2048w, https:\/\/www.urbanbiker.com\/wp-content\/uploads\/2023\/06\/Autonomia-vs-Presion_01-800x377.png 800w\" sizes=\"(max-width: 980px) 100vw, 980px\" \/><\/a><\/p>\r\n\r\n\r\n\r\n<blockquote class=\"wp-block-quote is-layout-flow wp-block-quote-is-layout-flow\">\r\n<p>Una <b>bicicletta sovraccarica<\/b> riduce l&#8217;autonomia della bicicletta. Inoltre, se l&#8217;utente non esercita una forza sufficiente sui pedali, l&#8217;autonomia si riduce (sensore dei pedali, rotazione del movimento centrale).<\/p>\r\n<\/blockquote>\r\n<p>L&#8217;<strong>autonomia<\/strong> sar\u00e0 ridotta sui <b>percorsi con pendenze elevate.<\/b><\/p>\r\n<p>L <strong>&#8216;autonomia<\/strong> sar\u00e0 ridotta dal<b> freddo<\/b>. Temperatura ottimale = 25\u00b0C<\/p>\r\n<p style=\"text-align: center;\"><a href=\"http:\/\/www.urbanbiker.com\/wp-content\/uploads\/2023\/06\/Autonomia-vs-Temperatura_02.png\"><img decoding=\"async\" class=\"aligncenter size-large wp-image-41074\" src=\"http:\/\/www.urbanbiker.com\/wp-content\/uploads\/2023\/06\/Autonomia-vs-Temperatura_02-1024x482.png\" alt=\"Autonomia vs Temperatura\" width=\"980\" height=\"461\" srcset=\"https:\/\/www.urbanbiker.com\/wp-content\/uploads\/2023\/06\/Autonomia-vs-Temperatura_02-1024x482.png 1024w, https:\/\/www.urbanbiker.com\/wp-content\/uploads\/2023\/06\/Autonomia-vs-Temperatura_02-300x141.png 300w, https:\/\/www.urbanbiker.com\/wp-content\/uploads\/2023\/06\/Autonomia-vs-Temperatura_02-768x362.png 768w, https:\/\/www.urbanbiker.com\/wp-content\/uploads\/2023\/06\/Autonomia-vs-Temperatura_02-1536x724.png 1536w, https:\/\/www.urbanbiker.com\/wp-content\/uploads\/2023\/06\/Autonomia-vs-Temperatura_02-2048x965.png 2048w, https:\/\/www.urbanbiker.com\/wp-content\/uploads\/2023\/06\/Autonomia-vs-Temperatura_02-800x377.png 800w\" sizes=\"(max-width: 980px) 100vw, 980px\" \/><\/a><\/p>\r\n<p>Una <b>cattiva regolazione dei freni <\/b>influisce molto sull&#8217;autonomia di una bicicletta.<\/p>\r\n<p><strong>Batterie<\/strong>: combinazione di celle.<\/p>\r\n<p>Trovare il giusto equilibrio tra potere e <strong>autonomia<\/strong> per la buona associazione delle cellule:<\/p>\r\n<p><b>Il montaggio in parallelo aumenta la capacit\u00e0 (Ah)<\/b><\/p>\r\n<p><b>Il montaggio in serie aumenta la tensione (V)<\/b><\/p>\r\n<p style=\"text-align: center;\"><a href=\"http:\/\/www.urbanbiker.com\/wp-content\/uploads\/2023\/06\/celulas_03.png\"><img decoding=\"async\" class=\"aligncenter size-full wp-image-41088\" src=\"http:\/\/www.urbanbiker.com\/wp-content\/uploads\/2023\/06\/celulas_03.png\" alt=\"Celulas\" width=\"436\" height=\"491\" srcset=\"https:\/\/www.urbanbiker.com\/wp-content\/uploads\/2023\/06\/celulas_03.png 436w, https:\/\/www.urbanbiker.com\/wp-content\/uploads\/2023\/06\/celulas_03-266x300.png 266w\" sizes=\"(max-width: 436px) 100vw, 436px\" \/><\/a><\/p>\r\n<p><b>Immagazzinamento<\/b><\/p>\r\n<ul>\r\n<li data-start=\"586\" data-end=\"640\">Conservare in un luogo asciutto tra +10\u00b0C e +25\u00b0C.<\/li>\r\n<li data-start=\"643\" data-end=\"677\">Ricaricare almeno ogni 3 mesi.<\/li>\r\n<li data-start=\"680\" data-end=\"734\">Non conservarla scarica (ultimo LED lampeggiante).<\/li>\r\n<li data-start=\"737\" data-end=\"816\">In caso di stoccaggio prolungato, impostare la batteria in modalit\u00e0 riposo.<\/li>\r\n<\/ul>\r\n<p>&nbsp;<\/p>\r\n<p><b>Modalit\u00e0 Sleep<\/b><\/p>\r\n<ul>\r\n<li data-start=\"576\" data-end=\"685\">In caso di stoccaggio prolungato senza necessit\u00e0 di ricarica e senza alterare la capacit\u00e0 della batteria:<\/li>\r\n<li data-start=\"688\" data-end=\"742\">Premere il pulsante della batteria per 10 secondi.<\/li>\r\n<li data-start=\"745\" data-end=\"801\">Collegare la batteria al caricatore per riattivarla.<\/li>\r\n<\/ul>\r\n<p><em>I nostri caricabatterie VAE sono intelligenti: la corrente diminuisce progressivamente per raggiungere la massima capacit\u00e0 della <strong>batteria<\/strong> e garantirne la vita utile. Il caricatore pu\u00f2 rimanere collegato per 12 ore; una volta completata la carica, il caricatore non invier\u00e0 pi\u00f9 corrente. <\/em><\/p>\r\n<p style=\"text-align: center;\"><a href=\"http:\/\/www.urbanbiker.com\/wp-content\/uploads\/2023\/06\/cargadores_04.png\"><img loading=\"lazy\" decoding=\"async\" class=\"aligncenter size-full wp-image-41081\" src=\"http:\/\/www.urbanbiker.com\/wp-content\/uploads\/2023\/06\/cargadores_04.png\" alt=\"Cargadores\" width=\"776\" height=\"375\" srcset=\"https:\/\/www.urbanbiker.com\/wp-content\/uploads\/2023\/06\/cargadores_04.png 776w, https:\/\/www.urbanbiker.com\/wp-content\/uploads\/2023\/06\/cargadores_04-300x145.png 300w, https:\/\/www.urbanbiker.com\/wp-content\/uploads\/2023\/06\/cargadores_04-768x371.png 768w\" sizes=\"(max-width: 776px) 100vw, 776px\" \/><\/a><\/p>\r\n<p>*I nostri caricabatterie VAE sono intelligenti: la corrente viene ridotta progressivamente per raggiungere la massima capacit\u00e0 della <strong>batteria<\/strong> e garantirne la durata.<\/p>\r\n<p>Il caricatore pu\u00f2 rimanere collegato per 12 ore; una volta completata la ricarica, il caricatore non invier\u00e0 pi\u00f9 corrente.<\/p>","protected":false},"excerpt":{"rendered":"<p>Vestibulum eu eu quam nec neque pellentesque efficitur id eget nisl. Proin porta est convallis lacus blandit pretium sed non enim. Maecenas lacinia non orci at aliquam. Donec finibus, urna bibendum ultricies laoreet, augue eros luctus sapien, ut euismod leo tortor ac enim. In hac habitasse platea dictumst. Sed cursus venenatis tellus, non lobortis diam volutpat sit amet.     <\/p>\n","protected":false},"author":1,"featured_media":34853,"comment_status":"open","ping_status":"open","sticky":false,"template":"","format":"standard","meta":{"footnotes":""},"categories":[300],"tags":[],"class_list":["post-39545","post","type-post","status-publish","format-standard","has-post-thumbnail","hentry","category-consigli"],"yoast_head":"<!-- This site is optimized with the Yoast SEO plugin v27.5 - https:\/\/yoast.com\/product\/yoast-seo-wordpress\/ -->\n<title>Come aumentare la durata della batteria | UrbanBiker<\/title>\n<meta name=\"description\" content=\"Se ci sono problemi fisici, \u00e8 meglio una bici elettrica. L&#039;assistenza che fornisce permette a pi\u00f9 persone di continuare ad andare in bicicletta.\" \/>\n<meta name=\"robots\" content=\"index, follow, max-snippet:-1, max-image-preview:large, max-video-preview:-1\" \/>\n<link rel=\"canonical\" href=\"https:\/\/www.urbanbiker.com\/it\/come-aumentare-la-durata-della-batteria\/\" \/>\n<meta property=\"og:locale\" content=\"it_IT\" \/>\n<meta property=\"og:type\" content=\"article\" \/>\n<meta property=\"og:title\" content=\"Come aumentare la durata della batteria | UrbanBiker\" \/>\n<meta property=\"og:description\" content=\"Se ci sono problemi fisici, \u00e8 meglio una bici elettrica. L&#039;assistenza che fornisce permette a pi\u00f9 persone di continuare ad andare in bicicletta.\" \/>\n<meta property=\"og:url\" content=\"https:\/\/www.urbanbiker.com\/it\/come-aumentare-la-durata-della-batteria\/\" \/>\n<meta property=\"og:site_name\" content=\"UrbanBiker\" \/>\n<meta property=\"article:publisher\" content=\"https:\/\/www.facebook.com\/Urbanbikerbiciselectricas\" \/>\n<meta property=\"article:author\" content=\"https:\/\/www.facebook.com\/Urbanbikerbiciselectricas\/\" \/>\n<meta property=\"article:published_time\" content=\"2023-06-26T01:32:43+00:00\" \/>\n<meta property=\"article:modified_time\" content=\"2025-03-21T13:11:37+00:00\" \/>\n<meta property=\"og:image\" content=\"https:\/\/www.urbanbiker.com\/wp-content\/uploads\/2023\/06\/9.jpg\" \/>\n\t<meta property=\"og:image:width\" content=\"1080\" \/>\n\t<meta property=\"og:image:height\" content=\"1080\" \/>\n\t<meta property=\"og:image:type\" content=\"image\/jpeg\" \/>\n<meta name=\"author\" content=\"UrbanBiker\" \/>\n<meta name=\"twitter:card\" content=\"summary_large_image\" \/>\n<meta name=\"twitter:label1\" content=\"Scritto da\" \/>\n\t<meta name=\"twitter:data1\" content=\"UrbanBiker\" \/>\n\t<meta name=\"twitter:label2\" content=\"Tempo di lettura stimato\" \/>\n\t<meta name=\"twitter:data2\" content=\"3 minuti\" \/>\n<script type=\"application\/ld+json\" class=\"yoast-schema-graph\">{\"@context\":\"https:\\\/\\\/schema.org\",\"@graph\":[{\"@type\":\"Article\",\"@id\":\"https:\\\/\\\/www.urbanbiker.com\\\/it\\\/come-aumentare-la-durata-della-batteria\\\/#article\",\"isPartOf\":{\"@id\":\"https:\\\/\\\/www.urbanbiker.com\\\/it\\\/come-aumentare-la-durata-della-batteria\\\/\"},\"author\":{\"name\":\"UrbanBiker\",\"@id\":\"https:\\\/\\\/www.urbanbiker.com\\\/it\\\/#\\\/schema\\\/person\\\/1cb58f0792ef226d6d409b73059515e0\"},\"headline\":\"Come aumentare la durata della batteria\",\"datePublished\":\"2023-06-26T01:32:43+00:00\",\"dateModified\":\"2025-03-21T13:11:37+00:00\",\"mainEntityOfPage\":{\"@id\":\"https:\\\/\\\/www.urbanbiker.com\\\/it\\\/come-aumentare-la-durata-della-batteria\\\/\"},\"wordCount\":326,\"commentCount\":0,\"publisher\":{\"@id\":\"https:\\\/\\\/www.urbanbiker.com\\\/it\\\/#organization\"},\"image\":{\"@id\":\"https:\\\/\\\/www.urbanbiker.com\\\/it\\\/come-aumentare-la-durata-della-batteria\\\/#primaryimage\"},\"thumbnailUrl\":\"https:\\\/\\\/www.urbanbiker.com\\\/wp-content\\\/uploads\\\/2023\\\/06\\\/9.jpg\",\"articleSection\":[\"Consigli\"],\"inLanguage\":\"it-IT\",\"potentialAction\":[{\"@type\":\"CommentAction\",\"name\":\"Comment\",\"target\":[\"https:\\\/\\\/www.urbanbiker.com\\\/it\\\/come-aumentare-la-durata-della-batteria\\\/#respond\"]}]},{\"@type\":\"WebPage\",\"@id\":\"https:\\\/\\\/www.urbanbiker.com\\\/it\\\/come-aumentare-la-durata-della-batteria\\\/\",\"url\":\"https:\\\/\\\/www.urbanbiker.com\\\/it\\\/come-aumentare-la-durata-della-batteria\\\/\",\"name\":\"Come aumentare la durata della batteria | UrbanBiker\",\"isPartOf\":{\"@id\":\"https:\\\/\\\/www.urbanbiker.com\\\/it\\\/#website\"},\"primaryImageOfPage\":{\"@id\":\"https:\\\/\\\/www.urbanbiker.com\\\/it\\\/come-aumentare-la-durata-della-batteria\\\/#primaryimage\"},\"image\":{\"@id\":\"https:\\\/\\\/www.urbanbiker.com\\\/it\\\/come-aumentare-la-durata-della-batteria\\\/#primaryimage\"},\"thumbnailUrl\":\"https:\\\/\\\/www.urbanbiker.com\\\/wp-content\\\/uploads\\\/2023\\\/06\\\/9.jpg\",\"datePublished\":\"2023-06-26T01:32:43+00:00\",\"dateModified\":\"2025-03-21T13:11:37+00:00\",\"description\":\"Se ci sono problemi fisici, \u00e8 meglio una bici elettrica. L'assistenza che fornisce permette a pi\u00f9 persone di continuare ad andare in bicicletta.\",\"breadcrumb\":{\"@id\":\"https:\\\/\\\/www.urbanbiker.com\\\/it\\\/come-aumentare-la-durata-della-batteria\\\/#breadcrumb\"},\"inLanguage\":\"it-IT\",\"potentialAction\":[{\"@type\":\"ReadAction\",\"target\":[\"https:\\\/\\\/www.urbanbiker.com\\\/it\\\/come-aumentare-la-durata-della-batteria\\\/\"]}]},{\"@type\":\"ImageObject\",\"inLanguage\":\"it-IT\",\"@id\":\"https:\\\/\\\/www.urbanbiker.com\\\/it\\\/come-aumentare-la-durata-della-batteria\\\/#primaryimage\",\"url\":\"https:\\\/\\\/www.urbanbiker.com\\\/wp-content\\\/uploads\\\/2023\\\/06\\\/9.jpg\",\"contentUrl\":\"https:\\\/\\\/www.urbanbiker.com\\\/wp-content\\\/uploads\\\/2023\\\/06\\\/9.jpg\",\"width\":1080,\"height\":1080},{\"@type\":\"BreadcrumbList\",\"@id\":\"https:\\\/\\\/www.urbanbiker.com\\\/it\\\/come-aumentare-la-durata-della-batteria\\\/#breadcrumb\",\"itemListElement\":[{\"@type\":\"ListItem\",\"position\":1,\"name\":\"Portada\",\"item\":\"https:\\\/\\\/www.urbanbiker.com\\\/it\\\/\"},{\"@type\":\"ListItem\",\"position\":2,\"name\":\"Come aumentare la durata della batteria\"}]},{\"@type\":\"WebSite\",\"@id\":\"https:\\\/\\\/www.urbanbiker.com\\\/it\\\/#website\",\"url\":\"https:\\\/\\\/www.urbanbiker.com\\\/it\\\/\",\"name\":\"UrbanBiker\",\"description\":\"Biciclette elettriche\",\"publisher\":{\"@id\":\"https:\\\/\\\/www.urbanbiker.com\\\/it\\\/#organization\"},\"potentialAction\":[{\"@type\":\"SearchAction\",\"target\":{\"@type\":\"EntryPoint\",\"urlTemplate\":\"https:\\\/\\\/www.urbanbiker.com\\\/it\\\/?s={search_term_string}\"},\"query-input\":{\"@type\":\"PropertyValueSpecification\",\"valueRequired\":true,\"valueName\":\"search_term_string\"}}],\"inLanguage\":\"it-IT\"},{\"@type\":\"Organization\",\"@id\":\"https:\\\/\\\/www.urbanbiker.com\\\/it\\\/#organization\",\"name\":\"UrbanBiker\",\"url\":\"https:\\\/\\\/www.urbanbiker.com\\\/it\\\/\",\"logo\":{\"@type\":\"ImageObject\",\"inLanguage\":\"it-IT\",\"@id\":\"https:\\\/\\\/www.urbanbiker.com\\\/it\\\/#\\\/schema\\\/logo\\\/image\\\/\",\"url\":\"https:\\\/\\\/www.urbanbiker.com\\\/wp-content\\\/uploads\\\/2022\\\/09\\\/Logo-principal-sin-fondo.png\",\"contentUrl\":\"https:\\\/\\\/www.urbanbiker.com\\\/wp-content\\\/uploads\\\/2022\\\/09\\\/Logo-principal-sin-fondo.png\",\"width\":2560,\"height\":934,\"caption\":\"UrbanBiker\"},\"image\":{\"@id\":\"https:\\\/\\\/www.urbanbiker.com\\\/it\\\/#\\\/schema\\\/logo\\\/image\\\/\"},\"sameAs\":[\"https:\\\/\\\/www.facebook.com\\\/Urbanbikerbiciselectricas\",\"https:\\\/\\\/www.instagram.com\\\/urbanbiker_\\\/\",\"https:\\\/\\\/www.linkedin.com\\\/company\\\/2454235\",\"https:\\\/\\\/www.youtube.com\\\/channel\\\/UCWR__uH_RWJF-OhPfz-9-Qw\"]},{\"@type\":\"Person\",\"@id\":\"https:\\\/\\\/www.urbanbiker.com\\\/it\\\/#\\\/schema\\\/person\\\/1cb58f0792ef226d6d409b73059515e0\",\"name\":\"UrbanBiker\",\"image\":{\"@type\":\"ImageObject\",\"inLanguage\":\"it-IT\",\"@id\":\"https:\\\/\\\/secure.gravatar.com\\\/avatar\\\/22838f387878aabd10c8c90196e14f05497ff2fdd7c1267a5f035aa48d9ed396?s=96&d=mm&r=g\",\"url\":\"https:\\\/\\\/secure.gravatar.com\\\/avatar\\\/22838f387878aabd10c8c90196e14f05497ff2fdd7c1267a5f035aa48d9ed396?s=96&d=mm&r=g\",\"contentUrl\":\"https:\\\/\\\/secure.gravatar.com\\\/avatar\\\/22838f387878aabd10c8c90196e14f05497ff2fdd7c1267a5f035aa48d9ed396?s=96&d=mm&r=g\",\"caption\":\"UrbanBiker\"},\"sameAs\":[\"http:\\\/\\\/www.urbanbiker.com\\\/\",\"https:\\\/\\\/www.facebook.com\\\/Urbanbikerbiciselectricas\\\/\",\"https:\\\/\\\/www.linkedin.com\\\/company\\\/urbanbiker\\\/\",\"https:\\\/\\\/www.youtube.com\\\/@UrbanbikerEbikes\"]}]}<\/script>\n<!-- \/ Yoast SEO plugin. -->","yoast_head_json":{"title":"Come aumentare la durata della batteria | UrbanBiker","description":"Se ci sono problemi fisici, \u00e8 meglio una bici elettrica. L'assistenza che fornisce permette a pi\u00f9 persone di continuare ad andare in bicicletta.","robots":{"index":"index","follow":"follow","max-snippet":"max-snippet:-1","max-image-preview":"max-image-preview:large","max-video-preview":"max-video-preview:-1"},"canonical":"https:\/\/www.urbanbiker.com\/it\/come-aumentare-la-durata-della-batteria\/","og_locale":"it_IT","og_type":"article","og_title":"Come aumentare la durata della batteria | UrbanBiker","og_description":"Se ci sono problemi fisici, \u00e8 meglio una bici elettrica. L'assistenza che fornisce permette a pi\u00f9 persone di continuare ad andare in bicicletta.","og_url":"https:\/\/www.urbanbiker.com\/it\/come-aumentare-la-durata-della-batteria\/","og_site_name":"UrbanBiker","article_publisher":"https:\/\/www.facebook.com\/Urbanbikerbiciselectricas","article_author":"https:\/\/www.facebook.com\/Urbanbikerbiciselectricas\/","article_published_time":"2023-06-26T01:32:43+00:00","article_modified_time":"2025-03-21T13:11:37+00:00","og_image":[{"width":1080,"height":1080,"url":"https:\/\/www.urbanbiker.com\/wp-content\/uploads\/2023\/06\/9.jpg","type":"image\/jpeg"}],"author":"UrbanBiker","twitter_card":"summary_large_image","twitter_misc":{"Scritto da":"UrbanBiker","Tempo di lettura stimato":"3 minuti"},"schema":{"@context":"https:\/\/schema.org","@graph":[{"@type":"Article","@id":"https:\/\/www.urbanbiker.com\/it\/come-aumentare-la-durata-della-batteria\/#article","isPartOf":{"@id":"https:\/\/www.urbanbiker.com\/it\/come-aumentare-la-durata-della-batteria\/"},"author":{"name":"UrbanBiker","@id":"https:\/\/www.urbanbiker.com\/it\/#\/schema\/person\/1cb58f0792ef226d6d409b73059515e0"},"headline":"Come aumentare la durata della batteria","datePublished":"2023-06-26T01:32:43+00:00","dateModified":"2025-03-21T13:11:37+00:00","mainEntityOfPage":{"@id":"https:\/\/www.urbanbiker.com\/it\/come-aumentare-la-durata-della-batteria\/"},"wordCount":326,"commentCount":0,"publisher":{"@id":"https:\/\/www.urbanbiker.com\/it\/#organization"},"image":{"@id":"https:\/\/www.urbanbiker.com\/it\/come-aumentare-la-durata-della-batteria\/#primaryimage"},"thumbnailUrl":"https:\/\/www.urbanbiker.com\/wp-content\/uploads\/2023\/06\/9.jpg","articleSection":["Consigli"],"inLanguage":"it-IT","potentialAction":[{"@type":"CommentAction","name":"Comment","target":["https:\/\/www.urbanbiker.com\/it\/come-aumentare-la-durata-della-batteria\/#respond"]}]},{"@type":"WebPage","@id":"https:\/\/www.urbanbiker.com\/it\/come-aumentare-la-durata-della-batteria\/","url":"https:\/\/www.urbanbiker.com\/it\/come-aumentare-la-durata-della-batteria\/","name":"Come aumentare la durata della batteria | UrbanBiker","isPartOf":{"@id":"https:\/\/www.urbanbiker.com\/it\/#website"},"primaryImageOfPage":{"@id":"https:\/\/www.urbanbiker.com\/it\/come-aumentare-la-durata-della-batteria\/#primaryimage"},"image":{"@id":"https:\/\/www.urbanbiker.com\/it\/come-aumentare-la-durata-della-batteria\/#primaryimage"},"thumbnailUrl":"https:\/\/www.urbanbiker.com\/wp-content\/uploads\/2023\/06\/9.jpg","datePublished":"2023-06-26T01:32:43+00:00","dateModified":"2025-03-21T13:11:37+00:00","description":"Se ci sono problemi fisici, \u00e8 meglio una bici elettrica. L'assistenza che fornisce permette a pi\u00f9 persone di continuare ad andare in bicicletta.","breadcrumb":{"@id":"https:\/\/www.urbanbiker.com\/it\/come-aumentare-la-durata-della-batteria\/#breadcrumb"},"inLanguage":"it-IT","potentialAction":[{"@type":"ReadAction","target":["https:\/\/www.urbanbiker.com\/it\/come-aumentare-la-durata-della-batteria\/"]}]},{"@type":"ImageObject","inLanguage":"it-IT","@id":"https:\/\/www.urbanbiker.com\/it\/come-aumentare-la-durata-della-batteria\/#primaryimage","url":"https:\/\/www.urbanbiker.com\/wp-content\/uploads\/2023\/06\/9.jpg","contentUrl":"https:\/\/www.urbanbiker.com\/wp-content\/uploads\/2023\/06\/9.jpg","width":1080,"height":1080},{"@type":"BreadcrumbList","@id":"https:\/\/www.urbanbiker.com\/it\/come-aumentare-la-durata-della-batteria\/#breadcrumb","itemListElement":[{"@type":"ListItem","position":1,"name":"Portada","item":"https:\/\/www.urbanbiker.com\/it\/"},{"@type":"ListItem","position":2,"name":"Come aumentare la durata della batteria"}]},{"@type":"WebSite","@id":"https:\/\/www.urbanbiker.com\/it\/#website","url":"https:\/\/www.urbanbiker.com\/it\/","name":"UrbanBiker","description":"Biciclette elettriche","publisher":{"@id":"https:\/\/www.urbanbiker.com\/it\/#organization"},"potentialAction":[{"@type":"SearchAction","target":{"@type":"EntryPoint","urlTemplate":"https:\/\/www.urbanbiker.com\/it\/?s={search_term_string}"},"query-input":{"@type":"PropertyValueSpecification","valueRequired":true,"valueName":"search_term_string"}}],"inLanguage":"it-IT"},{"@type":"Organization","@id":"https:\/\/www.urbanbiker.com\/it\/#organization","name":"UrbanBiker","url":"https:\/\/www.urbanbiker.com\/it\/","logo":{"@type":"ImageObject","inLanguage":"it-IT","@id":"https:\/\/www.urbanbiker.com\/it\/#\/schema\/logo\/image\/","url":"https:\/\/www.urbanbiker.com\/wp-content\/uploads\/2022\/09\/Logo-principal-sin-fondo.png","contentUrl":"https:\/\/www.urbanbiker.com\/wp-content\/uploads\/2022\/09\/Logo-principal-sin-fondo.png","width":2560,"height":934,"caption":"UrbanBiker"},"image":{"@id":"https:\/\/www.urbanbiker.com\/it\/#\/schema\/logo\/image\/"},"sameAs":["https:\/\/www.facebook.com\/Urbanbikerbiciselectricas","https:\/\/www.instagram.com\/urbanbiker_\/","https:\/\/www.linkedin.com\/company\/2454235","https:\/\/www.youtube.com\/channel\/UCWR__uH_RWJF-OhPfz-9-Qw"]},{"@type":"Person","@id":"https:\/\/www.urbanbiker.com\/it\/#\/schema\/person\/1cb58f0792ef226d6d409b73059515e0","name":"UrbanBiker","image":{"@type":"ImageObject","inLanguage":"it-IT","@id":"https:\/\/secure.gravatar.com\/avatar\/22838f387878aabd10c8c90196e14f05497ff2fdd7c1267a5f035aa48d9ed396?s=96&d=mm&r=g","url":"https:\/\/secure.gravatar.com\/avatar\/22838f387878aabd10c8c90196e14f05497ff2fdd7c1267a5f035aa48d9ed396?s=96&d=mm&r=g","contentUrl":"https:\/\/secure.gravatar.com\/avatar\/22838f387878aabd10c8c90196e14f05497ff2fdd7c1267a5f035aa48d9ed396?s=96&d=mm&r=g","caption":"UrbanBiker"},"sameAs":["http:\/\/www.urbanbiker.com\/","https:\/\/www.facebook.com\/Urbanbikerbiciselectricas\/","https:\/\/www.linkedin.com\/company\/urbanbiker\/","https:\/\/www.youtube.com\/@UrbanbikerEbikes"]}]}},"_links":{"self":[{"href":"https:\/\/www.urbanbiker.com\/it\/wp-json\/wp\/v2\/posts\/39545","targetHints":{"allow":["GET"]}}],"collection":[{"href":"https:\/\/www.urbanbiker.com\/it\/wp-json\/wp\/v2\/posts"}],"about":[{"href":"https:\/\/www.urbanbiker.com\/it\/wp-json\/wp\/v2\/types\/post"}],"author":[{"embeddable":true,"href":"https:\/\/www.urbanbiker.com\/it\/wp-json\/wp\/v2\/users\/1"}],"replies":[{"embeddable":true,"href":"https:\/\/www.urbanbiker.com\/it\/wp-json\/wp\/v2\/comments?post=39545"}],"version-history":[{"count":3,"href":"https:\/\/www.urbanbiker.com\/it\/wp-json\/wp\/v2\/posts\/39545\/revisions"}],"predecessor-version":[{"id":41110,"href":"https:\/\/www.urbanbiker.com\/it\/wp-json\/wp\/v2\/posts\/39545\/revisions\/41110"}],"wp:featuredmedia":[{"embeddable":true,"href":"https:\/\/www.urbanbiker.com\/it\/wp-json\/wp\/v2\/media\/34853"}],"wp:attachment":[{"href":"https:\/\/www.urbanbiker.com\/it\/wp-json\/wp\/v2\/media?parent=39545"}],"wp:term":[{"taxonomy":"category","embeddable":true,"href":"https:\/\/www.urbanbiker.com\/it\/wp-json\/wp\/v2\/categories?post=39545"},{"taxonomy":"post_tag","embeddable":true,"href":"https:\/\/www.urbanbiker.com\/it\/wp-json\/wp\/v2\/tags?post=39545"}],"curies":[{"name":"wp","href":"https:\/\/api.w.org\/{rel}","templated":true}]}}