{"id":39177,"date":"2025-03-11T17:22:19","date_gmt":"2025-03-11T16:22:19","guid":{"rendered":"https:\/\/www.urbanbiker.com\/unete-al-compromiso-30-dias-en-bici-con-urbanbiker\/"},"modified":"2025-03-19T20:44:07","modified_gmt":"2025-03-19T19:44:07","slug":"partecipate-all-impegno-dei-30-giorni-in-bicicletta-con-urbanbiker","status":"publish","type":"post","link":"https:\/\/www.urbanbiker.com\/it\/partecipate-all-impegno-dei-30-giorni-in-bicicletta-con-urbanbiker\/","title":{"rendered":"Unisciti all&#8217;impegno di 30 Giorni in Bicicletta con UrbanBiker"},"content":{"rendered":"\t\t<div data-elementor-type=\"wp-post\" data-elementor-id=\"39177\" class=\"elementor elementor-39177 elementor-37972\">\n\t\t\t\t\t\t<section class=\"elementor-section elementor-top-section elementor-element elementor-element-39decb75 elementor-section-boxed elementor-section-height-default elementor-section-height-default\" data-id=\"39decb75\" data-element_type=\"section\" data-e-type=\"section\">\n\t\t\t\t\t\t<div class=\"elementor-container elementor-column-gap-default\">\n\t\t\t\t\t<div class=\"elementor-column elementor-col-100 elementor-top-column elementor-element elementor-element-267e1c4\" data-id=\"267e1c4\" data-element_type=\"column\" data-e-type=\"column\">\n\t\t\t<div class=\"elementor-widget-wrap elementor-element-populated\">\n\t\t\t\t\n\t\t<div class=\"elementor-element elementor-element-64653410 elementor-widget elementor-widget-text-editor\" data-id=\"64653410\" data-element_type=\"widget\" data-e-type=\"widget\" data-widget_type=\"text-editor.default\">\n\t\t\t\t<div class=\"elementor-widget-container\">\n\t\t\t\t\t\t\t\t\t<p>Ci uniamo al movimento #30D\u00edasEnBici per dimostrare che la bicicletta \u00e8 il miglior alleato della mobilit\u00e0 sostenibile.<\/p><blockquote><p>L&#8217;impegno \u00e8 semplice: vai in bicicletta ogni giorno il prossimo aprile e fai della bicicletta un&#8217;abitudine.<\/p><\/blockquote><p>Firma l&#8217;impegno oggi stesso su \ud83d\udc49 30diasenbici.com e unisciti alla rivoluzione ciclistica.<\/p><p>Da UrbanBiker, ti accompagniamo con ispirazioni, consigli e sorprese.<\/p><p>\ud83d\ude80 Pi\u00f9 bici, meno auto. Pi\u00f9 citt\u00e0, meno fumo. Ci stai?    <a href=\"https:\/\/www.30diasenbici.com\/proyectos\/30-dias-bici\/\" target=\"_blank\" rel=\"noopener\">Link<\/a><\/p>\t\t\t\t\t\t\t\t<\/div>\n\t\t\t\t<\/div>\n\t\t\t\t\t<\/div>\n\t\t<\/div>\n\t\t\t\t\t<\/div>\n\t\t<\/section>\n\t\t\t\t<\/div>\n\t\t","protected":false},"excerpt":{"rendered":"<p>Ci uniamo al movimento #30D\u00edasEnBici per dimostrare che la bicicletta \u00e8 il miglior alleato della mobilit\u00e0 sostenibile. L&#8217;impegno \u00e8 semplice: vai in bicicletta ogni giorno il prossimo aprile e fai della bicicletta un&#8217;abitudine. Firma l&#8217;impegno oggi stesso su \ud83d\udc49 30diasenbici.com e unisciti alla rivoluzione ciclistica. Da UrbanBiker, ti accompagniamo con ispirazioni, consigli e sorprese. \ud83d\ude80 [&hellip;]<\/p>\n","protected":false},"author":1,"featured_media":37978,"comment_status":"open","ping_status":"open","sticky":false,"template":"","format":"standard","meta":{"footnotes":""},"categories":[625],"tags":[],"class_list":["post-39177","post","type-post","status-publish","format-standard","has-post-thumbnail","hentry","category-mobilita-sostenibile"],"yoast_head":"<!-- This site is optimized with the Yoast SEO plugin v27.5 - https:\/\/yoast.com\/product\/yoast-seo-wordpress\/ -->\n<title>Unisciti all&#039;impegno di 30 Giorni in Bicicletta con UrbanBiker<\/title>\n<meta name=\"description\" content=\"Partecipa all&#039;impegno di 30 Giorni in Bicicletta con UrbanBiker. Firma l&#039;impegno oggi stesso su \ud83d\udc49 30diasenbici.com e unisciti alla rivoluzione ciclistica.\" \/>\n<meta name=\"robots\" content=\"index, follow, max-snippet:-1, max-image-preview:large, max-video-preview:-1\" \/>\n<link rel=\"canonical\" href=\"https:\/\/www.urbanbiker.com\/it\/partecipate-all-impegno-dei-30-giorni-in-bicicletta-con-urbanbiker\/\" \/>\n<meta property=\"og:locale\" content=\"it_IT\" \/>\n<meta property=\"og:type\" content=\"article\" \/>\n<meta property=\"og:title\" content=\"Unisciti all&#039;impegno di 30 Giorni in Bicicletta con UrbanBiker\" \/>\n<meta property=\"og:description\" content=\"Partecipa all&#039;impegno di 30 Giorni in Bicicletta con UrbanBiker. Firma l&#039;impegno oggi stesso su \ud83d\udc49 30diasenbici.com e unisciti alla rivoluzione ciclistica.\" \/>\n<meta property=\"og:url\" content=\"https:\/\/www.urbanbiker.com\/it\/partecipate-all-impegno-dei-30-giorni-in-bicicletta-con-urbanbiker\/\" \/>\n<meta property=\"og:site_name\" content=\"UrbanBiker\" \/>\n<meta property=\"article:publisher\" content=\"https:\/\/www.facebook.com\/Urbanbikerbiciselectricas\" \/>\n<meta property=\"article:author\" content=\"https:\/\/www.facebook.com\/Urbanbikerbiciselectricas\/\" \/>\n<meta property=\"article:published_time\" content=\"2025-03-11T16:22:19+00:00\" \/>\n<meta property=\"article:modified_time\" content=\"2025-03-19T19:44:07+00:00\" \/>\n<meta property=\"og:image\" content=\"https:\/\/www.urbanbiker.com\/wp-content\/uploads\/2025\/03\/2025-30DEB_WHATS30DEB_HOR.jpeg\" \/>\n\t<meta property=\"og:image:width\" content=\"1000\" \/>\n\t<meta property=\"og:image:height\" content=\"576\" \/>\n\t<meta property=\"og:image:type\" content=\"image\/jpeg\" \/>\n<meta name=\"author\" content=\"UrbanBiker\" \/>\n<meta name=\"twitter:card\" content=\"summary_large_image\" \/>\n<meta name=\"twitter:label1\" content=\"Scritto da\" \/>\n\t<meta name=\"twitter:data1\" content=\"UrbanBiker\" \/>\n\t<meta name=\"twitter:label2\" content=\"Tempo di lettura stimato\" \/>\n\t<meta name=\"twitter:data2\" content=\"1 minuto\" \/>\n<script type=\"application\/ld+json\" class=\"yoast-schema-graph\">{\"@context\":\"https:\\\/\\\/schema.org\",\"@graph\":[{\"@type\":\"Article\",\"@id\":\"https:\\\/\\\/www.urbanbiker.com\\\/it\\\/partecipate-all-impegno-dei-30-giorni-in-bicicletta-con-urbanbiker\\\/#article\",\"isPartOf\":{\"@id\":\"https:\\\/\\\/www.urbanbiker.com\\\/it\\\/partecipate-all-impegno-dei-30-giorni-in-bicicletta-con-urbanbiker\\\/\"},\"author\":{\"name\":\"UrbanBiker\",\"@id\":\"https:\\\/\\\/www.urbanbiker.com\\\/it\\\/#\\\/schema\\\/person\\\/1cb58f0792ef226d6d409b73059515e0\"},\"headline\":\"Unisciti all&#8217;impegno di 30 Giorni in Bicicletta con UrbanBiker\",\"datePublished\":\"2025-03-11T16:22:19+00:00\",\"dateModified\":\"2025-03-19T19:44:07+00:00\",\"mainEntityOfPage\":{\"@id\":\"https:\\\/\\\/www.urbanbiker.com\\\/it\\\/partecipate-all-impegno-dei-30-giorni-in-bicicletta-con-urbanbiker\\\/\"},\"wordCount\":76,\"commentCount\":0,\"publisher\":{\"@id\":\"https:\\\/\\\/www.urbanbiker.com\\\/it\\\/#organization\"},\"image\":{\"@id\":\"https:\\\/\\\/www.urbanbiker.com\\\/it\\\/partecipate-all-impegno-dei-30-giorni-in-bicicletta-con-urbanbiker\\\/#primaryimage\"},\"thumbnailUrl\":\"https:\\\/\\\/www.urbanbiker.com\\\/wp-content\\\/uploads\\\/2025\\\/03\\\/2025-30DEB_WHATS30DEB_HOR.jpeg\",\"articleSection\":[\"Mobilit\u00e0 sostenibile\"],\"inLanguage\":\"it-IT\",\"potentialAction\":[{\"@type\":\"CommentAction\",\"name\":\"Comment\",\"target\":[\"https:\\\/\\\/www.urbanbiker.com\\\/it\\\/partecipate-all-impegno-dei-30-giorni-in-bicicletta-con-urbanbiker\\\/#respond\"]}]},{\"@type\":\"WebPage\",\"@id\":\"https:\\\/\\\/www.urbanbiker.com\\\/it\\\/partecipate-all-impegno-dei-30-giorni-in-bicicletta-con-urbanbiker\\\/\",\"url\":\"https:\\\/\\\/www.urbanbiker.com\\\/it\\\/partecipate-all-impegno-dei-30-giorni-in-bicicletta-con-urbanbiker\\\/\",\"name\":\"Unisciti all'impegno di 30 Giorni in Bicicletta con UrbanBiker\",\"isPartOf\":{\"@id\":\"https:\\\/\\\/www.urbanbiker.com\\\/it\\\/#website\"},\"primaryImageOfPage\":{\"@id\":\"https:\\\/\\\/www.urbanbiker.com\\\/it\\\/partecipate-all-impegno-dei-30-giorni-in-bicicletta-con-urbanbiker\\\/#primaryimage\"},\"image\":{\"@id\":\"https:\\\/\\\/www.urbanbiker.com\\\/it\\\/partecipate-all-impegno-dei-30-giorni-in-bicicletta-con-urbanbiker\\\/#primaryimage\"},\"thumbnailUrl\":\"https:\\\/\\\/www.urbanbiker.com\\\/wp-content\\\/uploads\\\/2025\\\/03\\\/2025-30DEB_WHATS30DEB_HOR.jpeg\",\"datePublished\":\"2025-03-11T16:22:19+00:00\",\"dateModified\":\"2025-03-19T19:44:07+00:00\",\"description\":\"Partecipa all'impegno di 30 Giorni in Bicicletta con UrbanBiker. Firma l'impegno oggi stesso su \ud83d\udc49 30diasenbici.com e unisciti alla rivoluzione ciclistica.\",\"breadcrumb\":{\"@id\":\"https:\\\/\\\/www.urbanbiker.com\\\/it\\\/partecipate-all-impegno-dei-30-giorni-in-bicicletta-con-urbanbiker\\\/#breadcrumb\"},\"inLanguage\":\"it-IT\",\"potentialAction\":[{\"@type\":\"ReadAction\",\"target\":[\"https:\\\/\\\/www.urbanbiker.com\\\/it\\\/partecipate-all-impegno-dei-30-giorni-in-bicicletta-con-urbanbiker\\\/\"]}]},{\"@type\":\"ImageObject\",\"inLanguage\":\"it-IT\",\"@id\":\"https:\\\/\\\/www.urbanbiker.com\\\/it\\\/partecipate-all-impegno-dei-30-giorni-in-bicicletta-con-urbanbiker\\\/#primaryimage\",\"url\":\"https:\\\/\\\/www.urbanbiker.com\\\/wp-content\\\/uploads\\\/2025\\\/03\\\/2025-30DEB_WHATS30DEB_HOR.jpeg\",\"contentUrl\":\"https:\\\/\\\/www.urbanbiker.com\\\/wp-content\\\/uploads\\\/2025\\\/03\\\/2025-30DEB_WHATS30DEB_HOR.jpeg\",\"width\":1000,\"height\":576,\"caption\":\"Firma hoy mismo el compromiso en \ud83d\udc49 30diasenbici.com y s\u00famate a la revoluci\u00f3n ciclista.\"},{\"@type\":\"BreadcrumbList\",\"@id\":\"https:\\\/\\\/www.urbanbiker.com\\\/it\\\/partecipate-all-impegno-dei-30-giorni-in-bicicletta-con-urbanbiker\\\/#breadcrumb\",\"itemListElement\":[{\"@type\":\"ListItem\",\"position\":1,\"name\":\"Portada\",\"item\":\"https:\\\/\\\/www.urbanbiker.com\\\/it\\\/\"},{\"@type\":\"ListItem\",\"position\":2,\"name\":\"Unisciti all&#8217;impegno di 30 Giorni in Bicicletta con UrbanBiker\"}]},{\"@type\":\"WebSite\",\"@id\":\"https:\\\/\\\/www.urbanbiker.com\\\/it\\\/#website\",\"url\":\"https:\\\/\\\/www.urbanbiker.com\\\/it\\\/\",\"name\":\"UrbanBiker\",\"description\":\"Biciclette elettriche\",\"publisher\":{\"@id\":\"https:\\\/\\\/www.urbanbiker.com\\\/it\\\/#organization\"},\"potentialAction\":[{\"@type\":\"SearchAction\",\"target\":{\"@type\":\"EntryPoint\",\"urlTemplate\":\"https:\\\/\\\/www.urbanbiker.com\\\/it\\\/?s={search_term_string}\"},\"query-input\":{\"@type\":\"PropertyValueSpecification\",\"valueRequired\":true,\"valueName\":\"search_term_string\"}}],\"inLanguage\":\"it-IT\"},{\"@type\":\"Organization\",\"@id\":\"https:\\\/\\\/www.urbanbiker.com\\\/it\\\/#organization\",\"name\":\"UrbanBiker\",\"url\":\"https:\\\/\\\/www.urbanbiker.com\\\/it\\\/\",\"logo\":{\"@type\":\"ImageObject\",\"inLanguage\":\"it-IT\",\"@id\":\"https:\\\/\\\/www.urbanbiker.com\\\/it\\\/#\\\/schema\\\/logo\\\/image\\\/\",\"url\":\"https:\\\/\\\/www.urbanbiker.com\\\/wp-content\\\/uploads\\\/2022\\\/09\\\/Logo-principal-sin-fondo.png\",\"contentUrl\":\"https:\\\/\\\/www.urbanbiker.com\\\/wp-content\\\/uploads\\\/2022\\\/09\\\/Logo-principal-sin-fondo.png\",\"width\":2560,\"height\":934,\"caption\":\"UrbanBiker\"},\"image\":{\"@id\":\"https:\\\/\\\/www.urbanbiker.com\\\/it\\\/#\\\/schema\\\/logo\\\/image\\\/\"},\"sameAs\":[\"https:\\\/\\\/www.facebook.com\\\/Urbanbikerbiciselectricas\",\"https:\\\/\\\/www.instagram.com\\\/urbanbiker_\\\/\",\"https:\\\/\\\/www.linkedin.com\\\/company\\\/2454235\",\"https:\\\/\\\/www.youtube.com\\\/channel\\\/UCWR__uH_RWJF-OhPfz-9-Qw\"]},{\"@type\":\"Person\",\"@id\":\"https:\\\/\\\/www.urbanbiker.com\\\/it\\\/#\\\/schema\\\/person\\\/1cb58f0792ef226d6d409b73059515e0\",\"name\":\"UrbanBiker\",\"image\":{\"@type\":\"ImageObject\",\"inLanguage\":\"it-IT\",\"@id\":\"https:\\\/\\\/secure.gravatar.com\\\/avatar\\\/22838f387878aabd10c8c90196e14f05497ff2fdd7c1267a5f035aa48d9ed396?s=96&d=mm&r=g\",\"url\":\"https:\\\/\\\/secure.gravatar.com\\\/avatar\\\/22838f387878aabd10c8c90196e14f05497ff2fdd7c1267a5f035aa48d9ed396?s=96&d=mm&r=g\",\"contentUrl\":\"https:\\\/\\\/secure.gravatar.com\\\/avatar\\\/22838f387878aabd10c8c90196e14f05497ff2fdd7c1267a5f035aa48d9ed396?s=96&d=mm&r=g\",\"caption\":\"UrbanBiker\"},\"sameAs\":[\"http:\\\/\\\/www.urbanbiker.com\\\/\",\"https:\\\/\\\/www.facebook.com\\\/Urbanbikerbiciselectricas\\\/\",\"https:\\\/\\\/www.linkedin.com\\\/company\\\/urbanbiker\\\/\",\"https:\\\/\\\/www.youtube.com\\\/@UrbanbikerEbikes\"]}]}<\/script>\n<!-- \/ Yoast SEO plugin. -->","yoast_head_json":{"title":"Unisciti all'impegno di 30 Giorni in Bicicletta con UrbanBiker","description":"Partecipa all'impegno di 30 Giorni in Bicicletta con UrbanBiker. Firma l'impegno oggi stesso su \ud83d\udc49 30diasenbici.com e unisciti alla rivoluzione ciclistica.","robots":{"index":"index","follow":"follow","max-snippet":"max-snippet:-1","max-image-preview":"max-image-preview:large","max-video-preview":"max-video-preview:-1"},"canonical":"https:\/\/www.urbanbiker.com\/it\/partecipate-all-impegno-dei-30-giorni-in-bicicletta-con-urbanbiker\/","og_locale":"it_IT","og_type":"article","og_title":"Unisciti all'impegno di 30 Giorni in Bicicletta con UrbanBiker","og_description":"Partecipa all'impegno di 30 Giorni in Bicicletta con UrbanBiker. Firma l'impegno oggi stesso su \ud83d\udc49 30diasenbici.com e unisciti alla rivoluzione ciclistica.","og_url":"https:\/\/www.urbanbiker.com\/it\/partecipate-all-impegno-dei-30-giorni-in-bicicletta-con-urbanbiker\/","og_site_name":"UrbanBiker","article_publisher":"https:\/\/www.facebook.com\/Urbanbikerbiciselectricas","article_author":"https:\/\/www.facebook.com\/Urbanbikerbiciselectricas\/","article_published_time":"2025-03-11T16:22:19+00:00","article_modified_time":"2025-03-19T19:44:07+00:00","og_image":[{"width":1000,"height":576,"url":"https:\/\/www.urbanbiker.com\/wp-content\/uploads\/2025\/03\/2025-30DEB_WHATS30DEB_HOR.jpeg","type":"image\/jpeg"}],"author":"UrbanBiker","twitter_card":"summary_large_image","twitter_misc":{"Scritto da":"UrbanBiker","Tempo di lettura stimato":"1 minuto"},"schema":{"@context":"https:\/\/schema.org","@graph":[{"@type":"Article","@id":"https:\/\/www.urbanbiker.com\/it\/partecipate-all-impegno-dei-30-giorni-in-bicicletta-con-urbanbiker\/#article","isPartOf":{"@id":"https:\/\/www.urbanbiker.com\/it\/partecipate-all-impegno-dei-30-giorni-in-bicicletta-con-urbanbiker\/"},"author":{"name":"UrbanBiker","@id":"https:\/\/www.urbanbiker.com\/it\/#\/schema\/person\/1cb58f0792ef226d6d409b73059515e0"},"headline":"Unisciti all&#8217;impegno di 30 Giorni in Bicicletta con UrbanBiker","datePublished":"2025-03-11T16:22:19+00:00","dateModified":"2025-03-19T19:44:07+00:00","mainEntityOfPage":{"@id":"https:\/\/www.urbanbiker.com\/it\/partecipate-all-impegno-dei-30-giorni-in-bicicletta-con-urbanbiker\/"},"wordCount":76,"commentCount":0,"publisher":{"@id":"https:\/\/www.urbanbiker.com\/it\/#organization"},"image":{"@id":"https:\/\/www.urbanbiker.com\/it\/partecipate-all-impegno-dei-30-giorni-in-bicicletta-con-urbanbiker\/#primaryimage"},"thumbnailUrl":"https:\/\/www.urbanbiker.com\/wp-content\/uploads\/2025\/03\/2025-30DEB_WHATS30DEB_HOR.jpeg","articleSection":["Mobilit\u00e0 sostenibile"],"inLanguage":"it-IT","potentialAction":[{"@type":"CommentAction","name":"Comment","target":["https:\/\/www.urbanbiker.com\/it\/partecipate-all-impegno-dei-30-giorni-in-bicicletta-con-urbanbiker\/#respond"]}]},{"@type":"WebPage","@id":"https:\/\/www.urbanbiker.com\/it\/partecipate-all-impegno-dei-30-giorni-in-bicicletta-con-urbanbiker\/","url":"https:\/\/www.urbanbiker.com\/it\/partecipate-all-impegno-dei-30-giorni-in-bicicletta-con-urbanbiker\/","name":"Unisciti all'impegno di 30 Giorni in Bicicletta con UrbanBiker","isPartOf":{"@id":"https:\/\/www.urbanbiker.com\/it\/#website"},"primaryImageOfPage":{"@id":"https:\/\/www.urbanbiker.com\/it\/partecipate-all-impegno-dei-30-giorni-in-bicicletta-con-urbanbiker\/#primaryimage"},"image":{"@id":"https:\/\/www.urbanbiker.com\/it\/partecipate-all-impegno-dei-30-giorni-in-bicicletta-con-urbanbiker\/#primaryimage"},"thumbnailUrl":"https:\/\/www.urbanbiker.com\/wp-content\/uploads\/2025\/03\/2025-30DEB_WHATS30DEB_HOR.jpeg","datePublished":"2025-03-11T16:22:19+00:00","dateModified":"2025-03-19T19:44:07+00:00","description":"Partecipa all'impegno di 30 Giorni in Bicicletta con UrbanBiker. Firma l'impegno oggi stesso su \ud83d\udc49 30diasenbici.com e unisciti alla rivoluzione ciclistica.","breadcrumb":{"@id":"https:\/\/www.urbanbiker.com\/it\/partecipate-all-impegno-dei-30-giorni-in-bicicletta-con-urbanbiker\/#breadcrumb"},"inLanguage":"it-IT","potentialAction":[{"@type":"ReadAction","target":["https:\/\/www.urbanbiker.com\/it\/partecipate-all-impegno-dei-30-giorni-in-bicicletta-con-urbanbiker\/"]}]},{"@type":"ImageObject","inLanguage":"it-IT","@id":"https:\/\/www.urbanbiker.com\/it\/partecipate-all-impegno-dei-30-giorni-in-bicicletta-con-urbanbiker\/#primaryimage","url":"https:\/\/www.urbanbiker.com\/wp-content\/uploads\/2025\/03\/2025-30DEB_WHATS30DEB_HOR.jpeg","contentUrl":"https:\/\/www.urbanbiker.com\/wp-content\/uploads\/2025\/03\/2025-30DEB_WHATS30DEB_HOR.jpeg","width":1000,"height":576,"caption":"Firma hoy mismo el compromiso en \ud83d\udc49 30diasenbici.com y s\u00famate a la revoluci\u00f3n ciclista."},{"@type":"BreadcrumbList","@id":"https:\/\/www.urbanbiker.com\/it\/partecipate-all-impegno-dei-30-giorni-in-bicicletta-con-urbanbiker\/#breadcrumb","itemListElement":[{"@type":"ListItem","position":1,"name":"Portada","item":"https:\/\/www.urbanbiker.com\/it\/"},{"@type":"ListItem","position":2,"name":"Unisciti all&#8217;impegno di 30 Giorni in Bicicletta con UrbanBiker"}]},{"@type":"WebSite","@id":"https:\/\/www.urbanbiker.com\/it\/#website","url":"https:\/\/www.urbanbiker.com\/it\/","name":"UrbanBiker","description":"Biciclette elettriche","publisher":{"@id":"https:\/\/www.urbanbiker.com\/it\/#organization"},"potentialAction":[{"@type":"SearchAction","target":{"@type":"EntryPoint","urlTemplate":"https:\/\/www.urbanbiker.com\/it\/?s={search_term_string}"},"query-input":{"@type":"PropertyValueSpecification","valueRequired":true,"valueName":"search_term_string"}}],"inLanguage":"it-IT"},{"@type":"Organization","@id":"https:\/\/www.urbanbiker.com\/it\/#organization","name":"UrbanBiker","url":"https:\/\/www.urbanbiker.com\/it\/","logo":{"@type":"ImageObject","inLanguage":"it-IT","@id":"https:\/\/www.urbanbiker.com\/it\/#\/schema\/logo\/image\/","url":"https:\/\/www.urbanbiker.com\/wp-content\/uploads\/2022\/09\/Logo-principal-sin-fondo.png","contentUrl":"https:\/\/www.urbanbiker.com\/wp-content\/uploads\/2022\/09\/Logo-principal-sin-fondo.png","width":2560,"height":934,"caption":"UrbanBiker"},"image":{"@id":"https:\/\/www.urbanbiker.com\/it\/#\/schema\/logo\/image\/"},"sameAs":["https:\/\/www.facebook.com\/Urbanbikerbiciselectricas","https:\/\/www.instagram.com\/urbanbiker_\/","https:\/\/www.linkedin.com\/company\/2454235","https:\/\/www.youtube.com\/channel\/UCWR__uH_RWJF-OhPfz-9-Qw"]},{"@type":"Person","@id":"https:\/\/www.urbanbiker.com\/it\/#\/schema\/person\/1cb58f0792ef226d6d409b73059515e0","name":"UrbanBiker","image":{"@type":"ImageObject","inLanguage":"it-IT","@id":"https:\/\/secure.gravatar.com\/avatar\/22838f387878aabd10c8c90196e14f05497ff2fdd7c1267a5f035aa48d9ed396?s=96&d=mm&r=g","url":"https:\/\/secure.gravatar.com\/avatar\/22838f387878aabd10c8c90196e14f05497ff2fdd7c1267a5f035aa48d9ed396?s=96&d=mm&r=g","contentUrl":"https:\/\/secure.gravatar.com\/avatar\/22838f387878aabd10c8c90196e14f05497ff2fdd7c1267a5f035aa48d9ed396?s=96&d=mm&r=g","caption":"UrbanBiker"},"sameAs":["http:\/\/www.urbanbiker.com\/","https:\/\/www.facebook.com\/Urbanbikerbiciselectricas\/","https:\/\/www.linkedin.com\/company\/urbanbiker\/","https:\/\/www.youtube.com\/@UrbanbikerEbikes"]}]}},"_links":{"self":[{"href":"https:\/\/www.urbanbiker.com\/it\/wp-json\/wp\/v2\/posts\/39177","targetHints":{"allow":["GET"]}}],"collection":[{"href":"https:\/\/www.urbanbiker.com\/it\/wp-json\/wp\/v2\/posts"}],"about":[{"href":"https:\/\/www.urbanbiker.com\/it\/wp-json\/wp\/v2\/types\/post"}],"author":[{"embeddable":true,"href":"https:\/\/www.urbanbiker.com\/it\/wp-json\/wp\/v2\/users\/1"}],"replies":[{"embeddable":true,"href":"https:\/\/www.urbanbiker.com\/it\/wp-json\/wp\/v2\/comments?post=39177"}],"version-history":[{"count":9,"href":"https:\/\/www.urbanbiker.com\/it\/wp-json\/wp\/v2\/posts\/39177\/revisions"}],"predecessor-version":[{"id":39831,"href":"https:\/\/www.urbanbiker.com\/it\/wp-json\/wp\/v2\/posts\/39177\/revisions\/39831"}],"wp:featuredmedia":[{"embeddable":true,"href":"https:\/\/www.urbanbiker.com\/it\/wp-json\/wp\/v2\/media\/37978"}],"wp:attachment":[{"href":"https:\/\/www.urbanbiker.com\/it\/wp-json\/wp\/v2\/media?parent=39177"}],"wp:term":[{"taxonomy":"category","embeddable":true,"href":"https:\/\/www.urbanbiker.com\/it\/wp-json\/wp\/v2\/categories?post=39177"},{"taxonomy":"post_tag","embeddable":true,"href":"https:\/\/www.urbanbiker.com\/it\/wp-json\/wp\/v2\/tags?post=39177"}],"curies":[{"name":"wp","href":"https:\/\/api.w.org\/{rel}","templated":true}]}}