{"id":39063,"date":"2025-03-11T16:49:47","date_gmt":"2025-03-11T15:49:47","guid":{"rendered":"https:\/\/www.urbanbiker.com\/?p=39063"},"modified":"2025-03-16T15:24:44","modified_gmt":"2025-03-16T14:24:44","slug":"urbanbiker-e-30-giorni-in-bicicletta","status":"publish","type":"post","link":"https:\/\/www.urbanbiker.com\/it\/urbanbiker-e-30-giorni-in-bicicletta\/","title":{"rendered":"UrbanBiker e 30 giorni in bicicletta"},"content":{"rendered":"<p data-start=\"4433\" data-end=\"4532\"><strong>Impatto oltre gli aspetti finanziari: Creare consapevolezza e ridurre gli stigmi.<\/strong><\/p>\n<p data-start=\"4534\" data-end=\"4733\">Qualche giorno fa @carlos \u00e8 venuto a trovarci per conoscerci e parlare di biciclette \u2013 un argomento che adoriamo! Abbiamo visitato la fabbrica e colto l&#8217;occasione per condividere esperienze e idee.<\/p>\n<p data-start=\"4735\" data-end=\"4837\">Promuovere la partecipazione attiva alla sua campagna attraverso un concorso bla bla bla bla bla bla<\/p>\n<p data-start=\"4839\" data-end=\"5001\">Siamo entusiasti di iniziare questa collaborazione con 30 DEB 2025 con grande entusiasmo e voglia di contribuire alla loro campagna per la mobilit\u00e0 sostenibile.<\/p>\n<p data-start=\"5003\" data-end=\"5249\">Perch\u00e9 siamo pienamente impegnati nella promozione della mobilit\u00e0 sostenibile, ben oltre la semplice vendita di biciclette elettriche. Ci assumiamo la nostra responsabilit\u00e0 come azienda nel bla bla bla bla bla cambiamento, impulso, motore, boh.<\/p>\n<p data-start=\"5251\" data-end=\"5315\"><strong data-start=\"5251\" data-end=\"5313\">L&#8217;importanza della collaborazione tra aziende e fondazioni<\/strong><\/p>\n<p data-start=\"5317\" data-end=\"5470\">Siamo felici di annunciare che siamo diventati partner di 30 Giorni in Bici per sostenere la loro iniziativa volta a promuovere l&#8217;uso della bicicletta.<\/p>\n<p data-start=\"5472\" data-end=\"5513\">Vogliamo essere motori del cambiamento!<\/p>\n","protected":false},"excerpt":{"rendered":"<p>Impatto oltre gli aspetti finanziari: Creare consapevolezza e ridurre gli stigmi. Qualche giorno fa @carlos \u00e8 venuto a trovarci per conoscerci e parlare di biciclette \u2013 un argomento che adoriamo! Abbiamo visitato la fabbrica e colto l&#8217;occasione per condividere esperienze e idee. Promuovere la partecipazione attiva alla sua campagna attraverso un concorso bla bla bla [&hellip;]<\/p>\n","protected":false},"author":1,"featured_media":37966,"comment_status":"open","ping_status":"open","sticky":false,"template":"","format":"standard","meta":{"footnotes":""},"categories":[625],"tags":[],"class_list":["post-39063","post","type-post","status-publish","format-standard","has-post-thumbnail","hentry","category-mobilita-sostenibile"],"yoast_head":"<!-- This site is optimized with the Yoast SEO plugin v27.5 - https:\/\/yoast.com\/product\/yoast-seo-wordpress\/ -->\n<title>UrbanBiker e 30 giorni in bicicletta<\/title>\n<meta name=\"description\" content=\"UrbanBiker e 30 giorni in bicicletta. Impatto non solo finanziario: sensibilizzazione e riduzione dello stigma.\" \/>\n<meta name=\"robots\" content=\"index, follow, max-snippet:-1, max-image-preview:large, max-video-preview:-1\" \/>\n<link rel=\"canonical\" href=\"https:\/\/www.urbanbiker.com\/it\/urbanbiker-e-30-giorni-in-bicicletta\/\" \/>\n<meta property=\"og:locale\" content=\"it_IT\" \/>\n<meta property=\"og:type\" content=\"article\" \/>\n<meta property=\"og:title\" content=\"UrbanBiker e 30 giorni in bicicletta\" \/>\n<meta property=\"og:description\" content=\"UrbanBiker e 30 giorni in bicicletta. Impatto non solo finanziario: sensibilizzazione e riduzione dello stigma.\" \/>\n<meta property=\"og:url\" content=\"https:\/\/www.urbanbiker.com\/it\/urbanbiker-e-30-giorni-in-bicicletta\/\" \/>\n<meta property=\"og:site_name\" content=\"UrbanBiker\" \/>\n<meta property=\"article:publisher\" content=\"https:\/\/www.facebook.com\/Urbanbikerbiciselectricas\" \/>\n<meta property=\"article:author\" content=\"https:\/\/www.facebook.com\/Urbanbikerbiciselectricas\/\" \/>\n<meta property=\"article:published_time\" content=\"2025-03-11T15:49:47+00:00\" \/>\n<meta property=\"article:modified_time\" content=\"2025-03-16T14:24:44+00:00\" \/>\n<meta property=\"og:image\" content=\"https:\/\/www.urbanbiker.com\/wp-content\/uploads\/2025\/03\/Urbanbiker-30-Dias-en-Bici.png\" \/>\n\t<meta property=\"og:image:width\" content=\"625\" \/>\n\t<meta property=\"og:image:height\" content=\"467\" \/>\n\t<meta property=\"og:image:type\" content=\"image\/png\" \/>\n<meta name=\"author\" content=\"UrbanBiker\" \/>\n<meta name=\"twitter:card\" content=\"summary_large_image\" \/>\n<meta name=\"twitter:label1\" content=\"Scritto da\" \/>\n\t<meta name=\"twitter:data1\" content=\"UrbanBiker\" \/>\n\t<meta name=\"twitter:label2\" content=\"Tempo di lettura stimato\" \/>\n\t<meta name=\"twitter:data2\" content=\"1 minuto\" \/>\n<script type=\"application\/ld+json\" class=\"yoast-schema-graph\">{\"@context\":\"https:\\\/\\\/schema.org\",\"@graph\":[{\"@type\":\"Article\",\"@id\":\"https:\\\/\\\/www.urbanbiker.com\\\/it\\\/urbanbiker-e-30-giorni-in-bicicletta\\\/#article\",\"isPartOf\":{\"@id\":\"https:\\\/\\\/www.urbanbiker.com\\\/it\\\/urbanbiker-e-30-giorni-in-bicicletta\\\/\"},\"author\":{\"name\":\"UrbanBiker\",\"@id\":\"https:\\\/\\\/www.urbanbiker.com\\\/it\\\/#\\\/schema\\\/person\\\/1cb58f0792ef226d6d409b73059515e0\"},\"headline\":\"UrbanBiker e 30 giorni in bicicletta\",\"datePublished\":\"2025-03-11T15:49:47+00:00\",\"dateModified\":\"2025-03-16T14:24:44+00:00\",\"mainEntityOfPage\":{\"@id\":\"https:\\\/\\\/www.urbanbiker.com\\\/it\\\/urbanbiker-e-30-giorni-in-bicicletta\\\/\"},\"wordCount\":155,\"commentCount\":0,\"publisher\":{\"@id\":\"https:\\\/\\\/www.urbanbiker.com\\\/it\\\/#organization\"},\"image\":{\"@id\":\"https:\\\/\\\/www.urbanbiker.com\\\/it\\\/urbanbiker-e-30-giorni-in-bicicletta\\\/#primaryimage\"},\"thumbnailUrl\":\"https:\\\/\\\/www.urbanbiker.com\\\/wp-content\\\/uploads\\\/2025\\\/03\\\/Urbanbiker-30-Dias-en-Bici.png\",\"articleSection\":[\"Mobilit\u00e0 sostenibile\"],\"inLanguage\":\"it-IT\",\"potentialAction\":[{\"@type\":\"CommentAction\",\"name\":\"Comment\",\"target\":[\"https:\\\/\\\/www.urbanbiker.com\\\/it\\\/urbanbiker-e-30-giorni-in-bicicletta\\\/#respond\"]}]},{\"@type\":\"WebPage\",\"@id\":\"https:\\\/\\\/www.urbanbiker.com\\\/it\\\/urbanbiker-e-30-giorni-in-bicicletta\\\/\",\"url\":\"https:\\\/\\\/www.urbanbiker.com\\\/it\\\/urbanbiker-e-30-giorni-in-bicicletta\\\/\",\"name\":\"UrbanBiker e 30 giorni in bicicletta\",\"isPartOf\":{\"@id\":\"https:\\\/\\\/www.urbanbiker.com\\\/it\\\/#website\"},\"primaryImageOfPage\":{\"@id\":\"https:\\\/\\\/www.urbanbiker.com\\\/it\\\/urbanbiker-e-30-giorni-in-bicicletta\\\/#primaryimage\"},\"image\":{\"@id\":\"https:\\\/\\\/www.urbanbiker.com\\\/it\\\/urbanbiker-e-30-giorni-in-bicicletta\\\/#primaryimage\"},\"thumbnailUrl\":\"https:\\\/\\\/www.urbanbiker.com\\\/wp-content\\\/uploads\\\/2025\\\/03\\\/Urbanbiker-30-Dias-en-Bici.png\",\"datePublished\":\"2025-03-11T15:49:47+00:00\",\"dateModified\":\"2025-03-16T14:24:44+00:00\",\"description\":\"UrbanBiker e 30 giorni in bicicletta. Impatto non solo finanziario: sensibilizzazione e riduzione dello stigma.\",\"breadcrumb\":{\"@id\":\"https:\\\/\\\/www.urbanbiker.com\\\/it\\\/urbanbiker-e-30-giorni-in-bicicletta\\\/#breadcrumb\"},\"inLanguage\":\"it-IT\",\"potentialAction\":[{\"@type\":\"ReadAction\",\"target\":[\"https:\\\/\\\/www.urbanbiker.com\\\/it\\\/urbanbiker-e-30-giorni-in-bicicletta\\\/\"]}]},{\"@type\":\"ImageObject\",\"inLanguage\":\"it-IT\",\"@id\":\"https:\\\/\\\/www.urbanbiker.com\\\/it\\\/urbanbiker-e-30-giorni-in-bicicletta\\\/#primaryimage\",\"url\":\"https:\\\/\\\/www.urbanbiker.com\\\/wp-content\\\/uploads\\\/2025\\\/03\\\/Urbanbiker-30-Dias-en-Bici.png\",\"contentUrl\":\"https:\\\/\\\/www.urbanbiker.com\\\/wp-content\\\/uploads\\\/2025\\\/03\\\/Urbanbiker-30-Dias-en-Bici.png\",\"width\":625,\"height\":467,\"caption\":\"Urbanbiker & 30 D\u00edas en Bici\"},{\"@type\":\"BreadcrumbList\",\"@id\":\"https:\\\/\\\/www.urbanbiker.com\\\/it\\\/urbanbiker-e-30-giorni-in-bicicletta\\\/#breadcrumb\",\"itemListElement\":[{\"@type\":\"ListItem\",\"position\":1,\"name\":\"Portada\",\"item\":\"https:\\\/\\\/www.urbanbiker.com\\\/it\\\/\"},{\"@type\":\"ListItem\",\"position\":2,\"name\":\"UrbanBiker e 30 giorni in bicicletta\"}]},{\"@type\":\"WebSite\",\"@id\":\"https:\\\/\\\/www.urbanbiker.com\\\/it\\\/#website\",\"url\":\"https:\\\/\\\/www.urbanbiker.com\\\/it\\\/\",\"name\":\"UrbanBiker\",\"description\":\"Biciclette elettriche\",\"publisher\":{\"@id\":\"https:\\\/\\\/www.urbanbiker.com\\\/it\\\/#organization\"},\"potentialAction\":[{\"@type\":\"SearchAction\",\"target\":{\"@type\":\"EntryPoint\",\"urlTemplate\":\"https:\\\/\\\/www.urbanbiker.com\\\/it\\\/?s={search_term_string}\"},\"query-input\":{\"@type\":\"PropertyValueSpecification\",\"valueRequired\":true,\"valueName\":\"search_term_string\"}}],\"inLanguage\":\"it-IT\"},{\"@type\":\"Organization\",\"@id\":\"https:\\\/\\\/www.urbanbiker.com\\\/it\\\/#organization\",\"name\":\"UrbanBiker\",\"url\":\"https:\\\/\\\/www.urbanbiker.com\\\/it\\\/\",\"logo\":{\"@type\":\"ImageObject\",\"inLanguage\":\"it-IT\",\"@id\":\"https:\\\/\\\/www.urbanbiker.com\\\/it\\\/#\\\/schema\\\/logo\\\/image\\\/\",\"url\":\"https:\\\/\\\/www.urbanbiker.com\\\/wp-content\\\/uploads\\\/2022\\\/09\\\/Logo-principal-sin-fondo.png\",\"contentUrl\":\"https:\\\/\\\/www.urbanbiker.com\\\/wp-content\\\/uploads\\\/2022\\\/09\\\/Logo-principal-sin-fondo.png\",\"width\":2560,\"height\":934,\"caption\":\"UrbanBiker\"},\"image\":{\"@id\":\"https:\\\/\\\/www.urbanbiker.com\\\/it\\\/#\\\/schema\\\/logo\\\/image\\\/\"},\"sameAs\":[\"https:\\\/\\\/www.facebook.com\\\/Urbanbikerbiciselectricas\",\"https:\\\/\\\/www.instagram.com\\\/urbanbiker_\\\/\",\"https:\\\/\\\/www.linkedin.com\\\/company\\\/2454235\",\"https:\\\/\\\/www.youtube.com\\\/channel\\\/UCWR__uH_RWJF-OhPfz-9-Qw\"]},{\"@type\":\"Person\",\"@id\":\"https:\\\/\\\/www.urbanbiker.com\\\/it\\\/#\\\/schema\\\/person\\\/1cb58f0792ef226d6d409b73059515e0\",\"name\":\"UrbanBiker\",\"image\":{\"@type\":\"ImageObject\",\"inLanguage\":\"it-IT\",\"@id\":\"https:\\\/\\\/secure.gravatar.com\\\/avatar\\\/22838f387878aabd10c8c90196e14f05497ff2fdd7c1267a5f035aa48d9ed396?s=96&d=mm&r=g\",\"url\":\"https:\\\/\\\/secure.gravatar.com\\\/avatar\\\/22838f387878aabd10c8c90196e14f05497ff2fdd7c1267a5f035aa48d9ed396?s=96&d=mm&r=g\",\"contentUrl\":\"https:\\\/\\\/secure.gravatar.com\\\/avatar\\\/22838f387878aabd10c8c90196e14f05497ff2fdd7c1267a5f035aa48d9ed396?s=96&d=mm&r=g\",\"caption\":\"UrbanBiker\"},\"sameAs\":[\"http:\\\/\\\/www.urbanbiker.com\\\/\",\"https:\\\/\\\/www.facebook.com\\\/Urbanbikerbiciselectricas\\\/\",\"https:\\\/\\\/www.linkedin.com\\\/company\\\/urbanbiker\\\/\",\"https:\\\/\\\/www.youtube.com\\\/@UrbanbikerEbikes\"]}]}<\/script>\n<!-- \/ Yoast SEO plugin. -->","yoast_head_json":{"title":"UrbanBiker e 30 giorni in bicicletta","description":"UrbanBiker e 30 giorni in bicicletta. Impatto non solo finanziario: sensibilizzazione e riduzione dello stigma.","robots":{"index":"index","follow":"follow","max-snippet":"max-snippet:-1","max-image-preview":"max-image-preview:large","max-video-preview":"max-video-preview:-1"},"canonical":"https:\/\/www.urbanbiker.com\/it\/urbanbiker-e-30-giorni-in-bicicletta\/","og_locale":"it_IT","og_type":"article","og_title":"UrbanBiker e 30 giorni in bicicletta","og_description":"UrbanBiker e 30 giorni in bicicletta. Impatto non solo finanziario: sensibilizzazione e riduzione dello stigma.","og_url":"https:\/\/www.urbanbiker.com\/it\/urbanbiker-e-30-giorni-in-bicicletta\/","og_site_name":"UrbanBiker","article_publisher":"https:\/\/www.facebook.com\/Urbanbikerbiciselectricas","article_author":"https:\/\/www.facebook.com\/Urbanbikerbiciselectricas\/","article_published_time":"2025-03-11T15:49:47+00:00","article_modified_time":"2025-03-16T14:24:44+00:00","og_image":[{"width":625,"height":467,"url":"https:\/\/www.urbanbiker.com\/wp-content\/uploads\/2025\/03\/Urbanbiker-30-Dias-en-Bici.png","type":"image\/png"}],"author":"UrbanBiker","twitter_card":"summary_large_image","twitter_misc":{"Scritto da":"UrbanBiker","Tempo di lettura stimato":"1 minuto"},"schema":{"@context":"https:\/\/schema.org","@graph":[{"@type":"Article","@id":"https:\/\/www.urbanbiker.com\/it\/urbanbiker-e-30-giorni-in-bicicletta\/#article","isPartOf":{"@id":"https:\/\/www.urbanbiker.com\/it\/urbanbiker-e-30-giorni-in-bicicletta\/"},"author":{"name":"UrbanBiker","@id":"https:\/\/www.urbanbiker.com\/it\/#\/schema\/person\/1cb58f0792ef226d6d409b73059515e0"},"headline":"UrbanBiker e 30 giorni in bicicletta","datePublished":"2025-03-11T15:49:47+00:00","dateModified":"2025-03-16T14:24:44+00:00","mainEntityOfPage":{"@id":"https:\/\/www.urbanbiker.com\/it\/urbanbiker-e-30-giorni-in-bicicletta\/"},"wordCount":155,"commentCount":0,"publisher":{"@id":"https:\/\/www.urbanbiker.com\/it\/#organization"},"image":{"@id":"https:\/\/www.urbanbiker.com\/it\/urbanbiker-e-30-giorni-in-bicicletta\/#primaryimage"},"thumbnailUrl":"https:\/\/www.urbanbiker.com\/wp-content\/uploads\/2025\/03\/Urbanbiker-30-Dias-en-Bici.png","articleSection":["Mobilit\u00e0 sostenibile"],"inLanguage":"it-IT","potentialAction":[{"@type":"CommentAction","name":"Comment","target":["https:\/\/www.urbanbiker.com\/it\/urbanbiker-e-30-giorni-in-bicicletta\/#respond"]}]},{"@type":"WebPage","@id":"https:\/\/www.urbanbiker.com\/it\/urbanbiker-e-30-giorni-in-bicicletta\/","url":"https:\/\/www.urbanbiker.com\/it\/urbanbiker-e-30-giorni-in-bicicletta\/","name":"UrbanBiker e 30 giorni in bicicletta","isPartOf":{"@id":"https:\/\/www.urbanbiker.com\/it\/#website"},"primaryImageOfPage":{"@id":"https:\/\/www.urbanbiker.com\/it\/urbanbiker-e-30-giorni-in-bicicletta\/#primaryimage"},"image":{"@id":"https:\/\/www.urbanbiker.com\/it\/urbanbiker-e-30-giorni-in-bicicletta\/#primaryimage"},"thumbnailUrl":"https:\/\/www.urbanbiker.com\/wp-content\/uploads\/2025\/03\/Urbanbiker-30-Dias-en-Bici.png","datePublished":"2025-03-11T15:49:47+00:00","dateModified":"2025-03-16T14:24:44+00:00","description":"UrbanBiker e 30 giorni in bicicletta. Impatto non solo finanziario: sensibilizzazione e riduzione dello stigma.","breadcrumb":{"@id":"https:\/\/www.urbanbiker.com\/it\/urbanbiker-e-30-giorni-in-bicicletta\/#breadcrumb"},"inLanguage":"it-IT","potentialAction":[{"@type":"ReadAction","target":["https:\/\/www.urbanbiker.com\/it\/urbanbiker-e-30-giorni-in-bicicletta\/"]}]},{"@type":"ImageObject","inLanguage":"it-IT","@id":"https:\/\/www.urbanbiker.com\/it\/urbanbiker-e-30-giorni-in-bicicletta\/#primaryimage","url":"https:\/\/www.urbanbiker.com\/wp-content\/uploads\/2025\/03\/Urbanbiker-30-Dias-en-Bici.png","contentUrl":"https:\/\/www.urbanbiker.com\/wp-content\/uploads\/2025\/03\/Urbanbiker-30-Dias-en-Bici.png","width":625,"height":467,"caption":"Urbanbiker & 30 D\u00edas en Bici"},{"@type":"BreadcrumbList","@id":"https:\/\/www.urbanbiker.com\/it\/urbanbiker-e-30-giorni-in-bicicletta\/#breadcrumb","itemListElement":[{"@type":"ListItem","position":1,"name":"Portada","item":"https:\/\/www.urbanbiker.com\/it\/"},{"@type":"ListItem","position":2,"name":"UrbanBiker e 30 giorni in bicicletta"}]},{"@type":"WebSite","@id":"https:\/\/www.urbanbiker.com\/it\/#website","url":"https:\/\/www.urbanbiker.com\/it\/","name":"UrbanBiker","description":"Biciclette elettriche","publisher":{"@id":"https:\/\/www.urbanbiker.com\/it\/#organization"},"potentialAction":[{"@type":"SearchAction","target":{"@type":"EntryPoint","urlTemplate":"https:\/\/www.urbanbiker.com\/it\/?s={search_term_string}"},"query-input":{"@type":"PropertyValueSpecification","valueRequired":true,"valueName":"search_term_string"}}],"inLanguage":"it-IT"},{"@type":"Organization","@id":"https:\/\/www.urbanbiker.com\/it\/#organization","name":"UrbanBiker","url":"https:\/\/www.urbanbiker.com\/it\/","logo":{"@type":"ImageObject","inLanguage":"it-IT","@id":"https:\/\/www.urbanbiker.com\/it\/#\/schema\/logo\/image\/","url":"https:\/\/www.urbanbiker.com\/wp-content\/uploads\/2022\/09\/Logo-principal-sin-fondo.png","contentUrl":"https:\/\/www.urbanbiker.com\/wp-content\/uploads\/2022\/09\/Logo-principal-sin-fondo.png","width":2560,"height":934,"caption":"UrbanBiker"},"image":{"@id":"https:\/\/www.urbanbiker.com\/it\/#\/schema\/logo\/image\/"},"sameAs":["https:\/\/www.facebook.com\/Urbanbikerbiciselectricas","https:\/\/www.instagram.com\/urbanbiker_\/","https:\/\/www.linkedin.com\/company\/2454235","https:\/\/www.youtube.com\/channel\/UCWR__uH_RWJF-OhPfz-9-Qw"]},{"@type":"Person","@id":"https:\/\/www.urbanbiker.com\/it\/#\/schema\/person\/1cb58f0792ef226d6d409b73059515e0","name":"UrbanBiker","image":{"@type":"ImageObject","inLanguage":"it-IT","@id":"https:\/\/secure.gravatar.com\/avatar\/22838f387878aabd10c8c90196e14f05497ff2fdd7c1267a5f035aa48d9ed396?s=96&d=mm&r=g","url":"https:\/\/secure.gravatar.com\/avatar\/22838f387878aabd10c8c90196e14f05497ff2fdd7c1267a5f035aa48d9ed396?s=96&d=mm&r=g","contentUrl":"https:\/\/secure.gravatar.com\/avatar\/22838f387878aabd10c8c90196e14f05497ff2fdd7c1267a5f035aa48d9ed396?s=96&d=mm&r=g","caption":"UrbanBiker"},"sameAs":["http:\/\/www.urbanbiker.com\/","https:\/\/www.facebook.com\/Urbanbikerbiciselectricas\/","https:\/\/www.linkedin.com\/company\/urbanbiker\/","https:\/\/www.youtube.com\/@UrbanbikerEbikes"]}]}},"_links":{"self":[{"href":"https:\/\/www.urbanbiker.com\/it\/wp-json\/wp\/v2\/posts\/39063","targetHints":{"allow":["GET"]}}],"collection":[{"href":"https:\/\/www.urbanbiker.com\/it\/wp-json\/wp\/v2\/posts"}],"about":[{"href":"https:\/\/www.urbanbiker.com\/it\/wp-json\/wp\/v2\/types\/post"}],"author":[{"embeddable":true,"href":"https:\/\/www.urbanbiker.com\/it\/wp-json\/wp\/v2\/users\/1"}],"replies":[{"embeddable":true,"href":"https:\/\/www.urbanbiker.com\/it\/wp-json\/wp\/v2\/comments?post=39063"}],"version-history":[{"count":2,"href":"https:\/\/www.urbanbiker.com\/it\/wp-json\/wp\/v2\/posts\/39063\/revisions"}],"predecessor-version":[{"id":39065,"href":"https:\/\/www.urbanbiker.com\/it\/wp-json\/wp\/v2\/posts\/39063\/revisions\/39065"}],"wp:featuredmedia":[{"embeddable":true,"href":"https:\/\/www.urbanbiker.com\/it\/wp-json\/wp\/v2\/media\/37966"}],"wp:attachment":[{"href":"https:\/\/www.urbanbiker.com\/it\/wp-json\/wp\/v2\/media?parent=39063"}],"wp:term":[{"taxonomy":"category","embeddable":true,"href":"https:\/\/www.urbanbiker.com\/it\/wp-json\/wp\/v2\/categories?post=39063"},{"taxonomy":"post_tag","embeddable":true,"href":"https:\/\/www.urbanbiker.com\/it\/wp-json\/wp\/v2\/tags?post=39063"}],"curies":[{"name":"wp","href":"https:\/\/api.w.org\/{rel}","templated":true}]}}