{"id":38424,"date":"2024-12-11T16:02:28","date_gmt":"2024-12-11T15:02:28","guid":{"rendered":"https:\/\/www.urbanbiker.com\/berna-una-bici-elettrica-per-bambini\/"},"modified":"2025-03-19T20:43:57","modified_gmt":"2025-03-19T19:43:57","slug":"berna-una-bici-elettrica-per-bambini","status":"publish","type":"post","link":"https:\/\/www.urbanbiker.com\/it\/berna-una-bici-elettrica-per-bambini\/","title":{"rendered":"Berna. Una bici elettrica per bambini"},"content":{"rendered":"<p>Ma perch\u00e9 una ebike per bambini? Se vai in giro con una bici elettrica e vuoi che i bambini della famiglia e del tuo gruppo di amici siano in grado di tenere il passo con il gruppo, dovrai dare loro una ebike per stare al passo.  <\/p>\n<p>La nuova Berna Urbanbiker ha un motore da 250W potente come molte ebike per adulti, ma con tutti gli elementi progettati e pensati per i ciclisti pi\u00f9 piccoli. Ecco perch\u00e9 ha ruote da 24 pollici. <\/p>\n<blockquote><p>Perch\u00e9 la mobilit\u00e0 elettrica \u00e8 qui non solo per migliorare gli spostamenti degli adulti, ma anche quelli dei ciclisti pi\u00f9 giovani.<\/p><\/blockquote>\n<p>Ti presentiamo la nuova Berna: per gli adolescenti che vanno gi\u00e0 in bicicletta e vogliono stare al passo con il resto del gruppo, con un motore da 250W e una batteria da 10 Ah per andare dove vanno tutti gli altri. Se sei alto meno di 1,50 m, questa \u00e8 l&#8217;ebike che fa per te. <\/p>\n<p>Inoltre, una bici elettrica per bambini aiuta a<\/p>\n<ul>\n<li>incoraggiare la mobilit\u00e0 ed evitare lo stile di vita sedentario che minaccia la vita dei bambini sempre attaccati agli schermi.<\/li>\n<li>Il ciclismo aiuta a sviluppare l&#8217;indipendenza permettendo loro di muoversi da soli, anche se in gruppo.<\/li>\n<li>imparare a prendere decisioni e a prendersi cura di un veicolo, sviluppando la responsabilit\u00e0 del suo utilizzo e della sua manutenzione.<\/li>\n<li>prendere coscienza dell&#8217;importanza dell&#8217;esercizio fisico e della mobilit\u00e0 sostenibile per far parte di una societ\u00e0 pi\u00f9 equa ed ecologica.<\/li>\n<\/ul>\n<p>Sfrutta i vantaggi di questa bici elettrica e acquista sicurezza chilometro dopo chilometro.<\/p>\n","protected":false},"excerpt":{"rendered":"<p>Ma perch\u00e9 una ebike per bambini? Se vai in giro con una bici elettrica e vuoi che i bambini della famiglia e del tuo gruppo di amici siano in grado di tenere il passo con il gruppo, dovrai dare loro una ebike per stare al passo. La nuova Berna Urbanbiker ha un motore da 250W [&hellip;]<\/p>\n","protected":false},"author":1,"featured_media":34457,"comment_status":"open","ping_status":"open","sticky":false,"template":"","format":"standard","meta":{"footnotes":""},"categories":[430,303],"tags":[],"class_list":["post-38424","post","type-post","status-publish","format-standard","has-post-thumbnail","hentry","category-modelli","category-notizie"],"yoast_head":"<!-- This site is optimized with the Yoast SEO plugin v27.5 - https:\/\/yoast.com\/product\/yoast-seo-wordpress\/ -->\n<title>Berna. Una bici elettrica per bambini<\/title>\n<meta name=\"description\" content=\"Berna. Una bici elettrica per bambini. Perch\u00e9 la mobilit\u00e0 elettrica \u00e8 qui anche per i ciclisti pi\u00f9 giovani.\" \/>\n<meta name=\"robots\" content=\"noindex, follow\" \/>\n<meta property=\"og:locale\" content=\"it_IT\" \/>\n<meta property=\"og:type\" content=\"article\" \/>\n<meta property=\"og:title\" content=\"Berna. Una bici elettrica per bambini\" \/>\n<meta property=\"og:description\" content=\"Berna. Una bici elettrica per bambini. Perch\u00e9 la mobilit\u00e0 elettrica \u00e8 qui anche per i ciclisti pi\u00f9 giovani.\" \/>\n<meta property=\"og:url\" content=\"https:\/\/www.urbanbiker.com\/it\/berna-una-bici-elettrica-per-bambini\/\" \/>\n<meta property=\"og:site_name\" content=\"UrbanBiker\" \/>\n<meta property=\"article:publisher\" content=\"https:\/\/www.facebook.com\/Urbanbikerbiciselectricas\" \/>\n<meta property=\"article:author\" content=\"https:\/\/www.facebook.com\/Urbanbikerbiciselectricas\/\" \/>\n<meta property=\"article:published_time\" content=\"2024-12-11T15:02:28+00:00\" \/>\n<meta property=\"article:modified_time\" content=\"2025-03-19T19:43:57+00:00\" \/>\n<meta property=\"og:image\" content=\"https:\/\/www.urbanbiker.com\/wp-content\/uploads\/2024\/11\/NUEVO-Banner-Berna-para-la-HOME-h6_bg1_Berna-NUEVO.jpg\" \/>\n\t<meta property=\"og:image:width\" content=\"1920\" \/>\n\t<meta property=\"og:image:height\" content=\"860\" \/>\n\t<meta property=\"og:image:type\" content=\"image\/jpeg\" \/>\n<meta name=\"author\" content=\"UrbanBiker\" \/>\n<meta name=\"twitter:card\" content=\"summary_large_image\" \/>\n<meta name=\"twitter:label1\" content=\"Scritto da\" \/>\n\t<meta name=\"twitter:data1\" content=\"UrbanBiker\" \/>\n\t<meta name=\"twitter:label2\" content=\"Tempo di lettura stimato\" \/>\n\t<meta name=\"twitter:data2\" content=\"1 minuto\" \/>\n<script type=\"application\/ld+json\" class=\"yoast-schema-graph\">{\"@context\":\"https:\\\/\\\/schema.org\",\"@graph\":[{\"@type\":\"Article\",\"@id\":\"https:\\\/\\\/www.urbanbiker.com\\\/it\\\/berna-una-bici-elettrica-per-bambini\\\/#article\",\"isPartOf\":{\"@id\":\"https:\\\/\\\/www.urbanbiker.com\\\/it\\\/berna-una-bici-elettrica-per-bambini\\\/\"},\"author\":{\"name\":\"UrbanBiker\",\"@id\":\"https:\\\/\\\/www.urbanbiker.com\\\/it\\\/#\\\/schema\\\/person\\\/1cb58f0792ef226d6d409b73059515e0\"},\"headline\":\"Berna. Una bici elettrica per bambini\",\"datePublished\":\"2024-12-11T15:02:28+00:00\",\"dateModified\":\"2025-03-19T19:43:57+00:00\",\"mainEntityOfPage\":{\"@id\":\"https:\\\/\\\/www.urbanbiker.com\\\/it\\\/berna-una-bici-elettrica-per-bambini\\\/\"},\"wordCount\":259,\"commentCount\":0,\"publisher\":{\"@id\":\"https:\\\/\\\/www.urbanbiker.com\\\/it\\\/#organization\"},\"image\":{\"@id\":\"https:\\\/\\\/www.urbanbiker.com\\\/it\\\/berna-una-bici-elettrica-per-bambini\\\/#primaryimage\"},\"thumbnailUrl\":\"https:\\\/\\\/www.urbanbiker.com\\\/wp-content\\\/uploads\\\/2024\\\/11\\\/NUEVO-Banner-Berna-para-la-HOME-h6_bg1_Berna-NUEVO.jpg\",\"articleSection\":[\"Modelli\",\"Notizie\"],\"inLanguage\":\"it-IT\",\"potentialAction\":[{\"@type\":\"CommentAction\",\"name\":\"Comment\",\"target\":[\"https:\\\/\\\/www.urbanbiker.com\\\/it\\\/berna-una-bici-elettrica-per-bambini\\\/#respond\"]}]},{\"@type\":\"WebPage\",\"@id\":\"https:\\\/\\\/www.urbanbiker.com\\\/it\\\/berna-una-bici-elettrica-per-bambini\\\/\",\"url\":\"https:\\\/\\\/www.urbanbiker.com\\\/it\\\/berna-una-bici-elettrica-per-bambini\\\/\",\"name\":\"Berna. Una bici elettrica per bambini\",\"isPartOf\":{\"@id\":\"https:\\\/\\\/www.urbanbiker.com\\\/it\\\/#website\"},\"primaryImageOfPage\":{\"@id\":\"https:\\\/\\\/www.urbanbiker.com\\\/it\\\/berna-una-bici-elettrica-per-bambini\\\/#primaryimage\"},\"image\":{\"@id\":\"https:\\\/\\\/www.urbanbiker.com\\\/it\\\/berna-una-bici-elettrica-per-bambini\\\/#primaryimage\"},\"thumbnailUrl\":\"https:\\\/\\\/www.urbanbiker.com\\\/wp-content\\\/uploads\\\/2024\\\/11\\\/NUEVO-Banner-Berna-para-la-HOME-h6_bg1_Berna-NUEVO.jpg\",\"datePublished\":\"2024-12-11T15:02:28+00:00\",\"dateModified\":\"2025-03-19T19:43:57+00:00\",\"description\":\"Berna. Una bici elettrica per bambini. Perch\u00e9 la mobilit\u00e0 elettrica \u00e8 qui anche per i ciclisti pi\u00f9 giovani.\",\"breadcrumb\":{\"@id\":\"https:\\\/\\\/www.urbanbiker.com\\\/it\\\/berna-una-bici-elettrica-per-bambini\\\/#breadcrumb\"},\"inLanguage\":\"it-IT\",\"potentialAction\":[{\"@type\":\"ReadAction\",\"target\":[\"https:\\\/\\\/www.urbanbiker.com\\\/it\\\/berna-una-bici-elettrica-per-bambini\\\/\"]}]},{\"@type\":\"ImageObject\",\"inLanguage\":\"it-IT\",\"@id\":\"https:\\\/\\\/www.urbanbiker.com\\\/it\\\/berna-una-bici-elettrica-per-bambini\\\/#primaryimage\",\"url\":\"https:\\\/\\\/www.urbanbiker.com\\\/wp-content\\\/uploads\\\/2024\\\/11\\\/NUEVO-Banner-Berna-para-la-HOME-h6_bg1_Berna-NUEVO.jpg\",\"contentUrl\":\"https:\\\/\\\/www.urbanbiker.com\\\/wp-content\\\/uploads\\\/2024\\\/11\\\/NUEVO-Banner-Berna-para-la-HOME-h6_bg1_Berna-NUEVO.jpg\",\"width\":1920,\"height\":860},{\"@type\":\"BreadcrumbList\",\"@id\":\"https:\\\/\\\/www.urbanbiker.com\\\/it\\\/berna-una-bici-elettrica-per-bambini\\\/#breadcrumb\",\"itemListElement\":[{\"@type\":\"ListItem\",\"position\":1,\"name\":\"Portada\",\"item\":\"https:\\\/\\\/www.urbanbiker.com\\\/it\\\/\"},{\"@type\":\"ListItem\",\"position\":2,\"name\":\"Berna. Una bici elettrica per bambini\"}]},{\"@type\":\"WebSite\",\"@id\":\"https:\\\/\\\/www.urbanbiker.com\\\/it\\\/#website\",\"url\":\"https:\\\/\\\/www.urbanbiker.com\\\/it\\\/\",\"name\":\"UrbanBiker\",\"description\":\"Biciclette elettriche\",\"publisher\":{\"@id\":\"https:\\\/\\\/www.urbanbiker.com\\\/it\\\/#organization\"},\"potentialAction\":[{\"@type\":\"SearchAction\",\"target\":{\"@type\":\"EntryPoint\",\"urlTemplate\":\"https:\\\/\\\/www.urbanbiker.com\\\/it\\\/?s={search_term_string}\"},\"query-input\":{\"@type\":\"PropertyValueSpecification\",\"valueRequired\":true,\"valueName\":\"search_term_string\"}}],\"inLanguage\":\"it-IT\"},{\"@type\":\"Organization\",\"@id\":\"https:\\\/\\\/www.urbanbiker.com\\\/it\\\/#organization\",\"name\":\"UrbanBiker\",\"url\":\"https:\\\/\\\/www.urbanbiker.com\\\/it\\\/\",\"logo\":{\"@type\":\"ImageObject\",\"inLanguage\":\"it-IT\",\"@id\":\"https:\\\/\\\/www.urbanbiker.com\\\/it\\\/#\\\/schema\\\/logo\\\/image\\\/\",\"url\":\"https:\\\/\\\/www.urbanbiker.com\\\/wp-content\\\/uploads\\\/2022\\\/09\\\/Logo-principal-sin-fondo.png\",\"contentUrl\":\"https:\\\/\\\/www.urbanbiker.com\\\/wp-content\\\/uploads\\\/2022\\\/09\\\/Logo-principal-sin-fondo.png\",\"width\":2560,\"height\":934,\"caption\":\"UrbanBiker\"},\"image\":{\"@id\":\"https:\\\/\\\/www.urbanbiker.com\\\/it\\\/#\\\/schema\\\/logo\\\/image\\\/\"},\"sameAs\":[\"https:\\\/\\\/www.facebook.com\\\/Urbanbikerbiciselectricas\",\"https:\\\/\\\/www.instagram.com\\\/urbanbiker_\\\/\",\"https:\\\/\\\/www.linkedin.com\\\/company\\\/2454235\",\"https:\\\/\\\/www.youtube.com\\\/channel\\\/UCWR__uH_RWJF-OhPfz-9-Qw\"]},{\"@type\":\"Person\",\"@id\":\"https:\\\/\\\/www.urbanbiker.com\\\/it\\\/#\\\/schema\\\/person\\\/1cb58f0792ef226d6d409b73059515e0\",\"name\":\"UrbanBiker\",\"image\":{\"@type\":\"ImageObject\",\"inLanguage\":\"it-IT\",\"@id\":\"https:\\\/\\\/secure.gravatar.com\\\/avatar\\\/22838f387878aabd10c8c90196e14f05497ff2fdd7c1267a5f035aa48d9ed396?s=96&d=mm&r=g\",\"url\":\"https:\\\/\\\/secure.gravatar.com\\\/avatar\\\/22838f387878aabd10c8c90196e14f05497ff2fdd7c1267a5f035aa48d9ed396?s=96&d=mm&r=g\",\"contentUrl\":\"https:\\\/\\\/secure.gravatar.com\\\/avatar\\\/22838f387878aabd10c8c90196e14f05497ff2fdd7c1267a5f035aa48d9ed396?s=96&d=mm&r=g\",\"caption\":\"UrbanBiker\"},\"sameAs\":[\"http:\\\/\\\/www.urbanbiker.com\\\/\",\"https:\\\/\\\/www.facebook.com\\\/Urbanbikerbiciselectricas\\\/\",\"https:\\\/\\\/www.linkedin.com\\\/company\\\/urbanbiker\\\/\",\"https:\\\/\\\/www.youtube.com\\\/@UrbanbikerEbikes\"]}]}<\/script>\n<!-- \/ Yoast SEO plugin. -->","yoast_head_json":{"title":"Berna. Una bici elettrica per bambini","description":"Berna. Una bici elettrica per bambini. Perch\u00e9 la mobilit\u00e0 elettrica \u00e8 qui anche per i ciclisti pi\u00f9 giovani.","robots":{"index":"noindex","follow":"follow"},"og_locale":"it_IT","og_type":"article","og_title":"Berna. Una bici elettrica per bambini","og_description":"Berna. Una bici elettrica per bambini. Perch\u00e9 la mobilit\u00e0 elettrica \u00e8 qui anche per i ciclisti pi\u00f9 giovani.","og_url":"https:\/\/www.urbanbiker.com\/it\/berna-una-bici-elettrica-per-bambini\/","og_site_name":"UrbanBiker","article_publisher":"https:\/\/www.facebook.com\/Urbanbikerbiciselectricas","article_author":"https:\/\/www.facebook.com\/Urbanbikerbiciselectricas\/","article_published_time":"2024-12-11T15:02:28+00:00","article_modified_time":"2025-03-19T19:43:57+00:00","og_image":[{"width":1920,"height":860,"url":"https:\/\/www.urbanbiker.com\/wp-content\/uploads\/2024\/11\/NUEVO-Banner-Berna-para-la-HOME-h6_bg1_Berna-NUEVO.jpg","type":"image\/jpeg"}],"author":"UrbanBiker","twitter_card":"summary_large_image","twitter_misc":{"Scritto da":"UrbanBiker","Tempo di lettura stimato":"1 minuto"},"schema":{"@context":"https:\/\/schema.org","@graph":[{"@type":"Article","@id":"https:\/\/www.urbanbiker.com\/it\/berna-una-bici-elettrica-per-bambini\/#article","isPartOf":{"@id":"https:\/\/www.urbanbiker.com\/it\/berna-una-bici-elettrica-per-bambini\/"},"author":{"name":"UrbanBiker","@id":"https:\/\/www.urbanbiker.com\/it\/#\/schema\/person\/1cb58f0792ef226d6d409b73059515e0"},"headline":"Berna. Una bici elettrica per bambini","datePublished":"2024-12-11T15:02:28+00:00","dateModified":"2025-03-19T19:43:57+00:00","mainEntityOfPage":{"@id":"https:\/\/www.urbanbiker.com\/it\/berna-una-bici-elettrica-per-bambini\/"},"wordCount":259,"commentCount":0,"publisher":{"@id":"https:\/\/www.urbanbiker.com\/it\/#organization"},"image":{"@id":"https:\/\/www.urbanbiker.com\/it\/berna-una-bici-elettrica-per-bambini\/#primaryimage"},"thumbnailUrl":"https:\/\/www.urbanbiker.com\/wp-content\/uploads\/2024\/11\/NUEVO-Banner-Berna-para-la-HOME-h6_bg1_Berna-NUEVO.jpg","articleSection":["Modelli","Notizie"],"inLanguage":"it-IT","potentialAction":[{"@type":"CommentAction","name":"Comment","target":["https:\/\/www.urbanbiker.com\/it\/berna-una-bici-elettrica-per-bambini\/#respond"]}]},{"@type":"WebPage","@id":"https:\/\/www.urbanbiker.com\/it\/berna-una-bici-elettrica-per-bambini\/","url":"https:\/\/www.urbanbiker.com\/it\/berna-una-bici-elettrica-per-bambini\/","name":"Berna. Una bici elettrica per bambini","isPartOf":{"@id":"https:\/\/www.urbanbiker.com\/it\/#website"},"primaryImageOfPage":{"@id":"https:\/\/www.urbanbiker.com\/it\/berna-una-bici-elettrica-per-bambini\/#primaryimage"},"image":{"@id":"https:\/\/www.urbanbiker.com\/it\/berna-una-bici-elettrica-per-bambini\/#primaryimage"},"thumbnailUrl":"https:\/\/www.urbanbiker.com\/wp-content\/uploads\/2024\/11\/NUEVO-Banner-Berna-para-la-HOME-h6_bg1_Berna-NUEVO.jpg","datePublished":"2024-12-11T15:02:28+00:00","dateModified":"2025-03-19T19:43:57+00:00","description":"Berna. Una bici elettrica per bambini. Perch\u00e9 la mobilit\u00e0 elettrica \u00e8 qui anche per i ciclisti pi\u00f9 giovani.","breadcrumb":{"@id":"https:\/\/www.urbanbiker.com\/it\/berna-una-bici-elettrica-per-bambini\/#breadcrumb"},"inLanguage":"it-IT","potentialAction":[{"@type":"ReadAction","target":["https:\/\/www.urbanbiker.com\/it\/berna-una-bici-elettrica-per-bambini\/"]}]},{"@type":"ImageObject","inLanguage":"it-IT","@id":"https:\/\/www.urbanbiker.com\/it\/berna-una-bici-elettrica-per-bambini\/#primaryimage","url":"https:\/\/www.urbanbiker.com\/wp-content\/uploads\/2024\/11\/NUEVO-Banner-Berna-para-la-HOME-h6_bg1_Berna-NUEVO.jpg","contentUrl":"https:\/\/www.urbanbiker.com\/wp-content\/uploads\/2024\/11\/NUEVO-Banner-Berna-para-la-HOME-h6_bg1_Berna-NUEVO.jpg","width":1920,"height":860},{"@type":"BreadcrumbList","@id":"https:\/\/www.urbanbiker.com\/it\/berna-una-bici-elettrica-per-bambini\/#breadcrumb","itemListElement":[{"@type":"ListItem","position":1,"name":"Portada","item":"https:\/\/www.urbanbiker.com\/it\/"},{"@type":"ListItem","position":2,"name":"Berna. Una bici elettrica per bambini"}]},{"@type":"WebSite","@id":"https:\/\/www.urbanbiker.com\/it\/#website","url":"https:\/\/www.urbanbiker.com\/it\/","name":"UrbanBiker","description":"Biciclette elettriche","publisher":{"@id":"https:\/\/www.urbanbiker.com\/it\/#organization"},"potentialAction":[{"@type":"SearchAction","target":{"@type":"EntryPoint","urlTemplate":"https:\/\/www.urbanbiker.com\/it\/?s={search_term_string}"},"query-input":{"@type":"PropertyValueSpecification","valueRequired":true,"valueName":"search_term_string"}}],"inLanguage":"it-IT"},{"@type":"Organization","@id":"https:\/\/www.urbanbiker.com\/it\/#organization","name":"UrbanBiker","url":"https:\/\/www.urbanbiker.com\/it\/","logo":{"@type":"ImageObject","inLanguage":"it-IT","@id":"https:\/\/www.urbanbiker.com\/it\/#\/schema\/logo\/image\/","url":"https:\/\/www.urbanbiker.com\/wp-content\/uploads\/2022\/09\/Logo-principal-sin-fondo.png","contentUrl":"https:\/\/www.urbanbiker.com\/wp-content\/uploads\/2022\/09\/Logo-principal-sin-fondo.png","width":2560,"height":934,"caption":"UrbanBiker"},"image":{"@id":"https:\/\/www.urbanbiker.com\/it\/#\/schema\/logo\/image\/"},"sameAs":["https:\/\/www.facebook.com\/Urbanbikerbiciselectricas","https:\/\/www.instagram.com\/urbanbiker_\/","https:\/\/www.linkedin.com\/company\/2454235","https:\/\/www.youtube.com\/channel\/UCWR__uH_RWJF-OhPfz-9-Qw"]},{"@type":"Person","@id":"https:\/\/www.urbanbiker.com\/it\/#\/schema\/person\/1cb58f0792ef226d6d409b73059515e0","name":"UrbanBiker","image":{"@type":"ImageObject","inLanguage":"it-IT","@id":"https:\/\/secure.gravatar.com\/avatar\/22838f387878aabd10c8c90196e14f05497ff2fdd7c1267a5f035aa48d9ed396?s=96&d=mm&r=g","url":"https:\/\/secure.gravatar.com\/avatar\/22838f387878aabd10c8c90196e14f05497ff2fdd7c1267a5f035aa48d9ed396?s=96&d=mm&r=g","contentUrl":"https:\/\/secure.gravatar.com\/avatar\/22838f387878aabd10c8c90196e14f05497ff2fdd7c1267a5f035aa48d9ed396?s=96&d=mm&r=g","caption":"UrbanBiker"},"sameAs":["http:\/\/www.urbanbiker.com\/","https:\/\/www.facebook.com\/Urbanbikerbiciselectricas\/","https:\/\/www.linkedin.com\/company\/urbanbiker\/","https:\/\/www.youtube.com\/@UrbanbikerEbikes"]}]}},"_links":{"self":[{"href":"https:\/\/www.urbanbiker.com\/it\/wp-json\/wp\/v2\/posts\/38424","targetHints":{"allow":["GET"]}}],"collection":[{"href":"https:\/\/www.urbanbiker.com\/it\/wp-json\/wp\/v2\/posts"}],"about":[{"href":"https:\/\/www.urbanbiker.com\/it\/wp-json\/wp\/v2\/types\/post"}],"author":[{"embeddable":true,"href":"https:\/\/www.urbanbiker.com\/it\/wp-json\/wp\/v2\/users\/1"}],"replies":[{"embeddable":true,"href":"https:\/\/www.urbanbiker.com\/it\/wp-json\/wp\/v2\/comments?post=38424"}],"version-history":[{"count":2,"href":"https:\/\/www.urbanbiker.com\/it\/wp-json\/wp\/v2\/posts\/38424\/revisions"}],"predecessor-version":[{"id":39793,"href":"https:\/\/www.urbanbiker.com\/it\/wp-json\/wp\/v2\/posts\/38424\/revisions\/39793"}],"wp:featuredmedia":[{"embeddable":true,"href":"https:\/\/www.urbanbiker.com\/it\/wp-json\/wp\/v2\/media\/34457"}],"wp:attachment":[{"href":"https:\/\/www.urbanbiker.com\/it\/wp-json\/wp\/v2\/media?parent=38424"}],"wp:term":[{"taxonomy":"category","embeddable":true,"href":"https:\/\/www.urbanbiker.com\/it\/wp-json\/wp\/v2\/categories?post=38424"},{"taxonomy":"post_tag","embeddable":true,"href":"https:\/\/www.urbanbiker.com\/it\/wp-json\/wp\/v2\/tags?post=38424"}],"curies":[{"name":"wp","href":"https:\/\/api.w.org\/{rel}","templated":true}]}}