{"id":35605,"date":"2024-11-08T15:51:27","date_gmt":"2024-11-08T14:51:27","guid":{"rendered":"https:\/\/www.urbanbiker.com\/imprese-e-universita-unalleanza-necessaria\/"},"modified":"2025-03-13T10:59:05","modified_gmt":"2025-03-13T09:59:05","slug":"imprese-e-universita-unalleanza-necessaria","status":"publish","type":"post","link":"https:\/\/www.urbanbiker.com\/it\/imprese-e-universita-unalleanza-necessaria\/","title":{"rendered":"Imprese e universit\u00e0, un&#8217;alleanza necessaria"},"content":{"rendered":"<p>Collaboriamo con l&#8217;<strong>Universit\u00e0<\/strong> perch\u00e9 crediamo di avere la responsabilit\u00e0 di costruire ponti tra la scuola e la realt\u00e0 <strong>aziendale<\/strong> e che sia cos\u00ec importante dedicarvi tempo e risorse. Per questo motivo siamo stati lieti di partecipare al III Hackathon idea T organizzato dalla Facolt\u00e0 di CCEE dell&#8217;Universit\u00e0 di Le\u00f3n e dalla Fgulem. Abbiamo presentato UrbanBiker, insieme ad altre aziende di Le\u00f3n, a un buon numero di studenti del primo anno (poco pi\u00f9 di un centinaio di giovani studenti) che attendevano con ansia lo svolgimento di un sabato diverso dal solito. Riuniti in piccoli gruppi, abbiamo lanciato loro una sfida che hanno affrontato con entusiasmo: &#8220;Comunicazione efficace ed esperienza per un pubblico over 60&#8221;.   <\/p>\n<blockquote class=\"wp-block-quote\"><p>Siamo ci\u00f2 che diamo. Cultura UrbanBiker. <\/p><\/blockquote>\n<p><!-- \/wp:post-content --><\/p>\n<p><!-- wp:paragraph --><\/p>\n<p>Per tutta la mattinata si sono scervellati per lanciare una strategia di comunicazione a un target molto lontano dal loro mondo, con un prodotto sconosciuto alla maggior parte di loro e con il tempo che scorreva. Il tutto nella splendida sala della facolt\u00e0, allietata da musica e da un ottimo catering. Siamo certi che queste azioni contribuiscano a responsabilizzare gli studenti e a restituire al sistema educativo parte di ci\u00f2 che ci ha dato a suo tempo, rendendoci partecipi dell&#8217;evoluzione della societ\u00e0. Professionisti e vicini. Condividere la conoscenza significa crescere, incrementare e migliorare. E imparare. Perch\u00e9 possiamo imparare molto dagli studenti. E questo torner\u00e0 a noi e al resto della societ\u00e0 in un fantastico effetto boomerang.       <\/p>\n","protected":false},"excerpt":{"rendered":"<p>Collaboriamo con l&#8217;Universit\u00e0 perch\u00e9 crediamo di avere la responsabilit\u00e0 di costruire ponti tra la scuola e la realt\u00e0 aziendale e che sia cos\u00ec importante dedicarvi tempo e risorse. Per questo motivo siamo stati lieti di partecipare al III Hackathon idea T organizzato dalla Facolt\u00e0 di CCEE dell&#8217;Universit\u00e0 di Le\u00f3n e dalla Fgulem. Abbiamo presentato UrbanBiker, [&hellip;]<\/p>\n","protected":false},"author":1,"featured_media":34943,"comment_status":"open","ping_status":"open","sticky":false,"template":"","format":"standard","meta":{"footnotes":""},"categories":[303],"tags":[],"class_list":["post-35605","post","type-post","status-publish","format-standard","has-post-thumbnail","hentry","category-notizie"],"yoast_head":"<!-- This site is optimized with the Yoast SEO plugin v27.5 - https:\/\/yoast.com\/product\/yoast-seo-wordpress\/ -->\n<title>Imprese e universit\u00e0, un&#039;alleanza necessaria UrbanBiker<\/title>\n<meta name=\"description\" content=\"Collaboriamo con l&#039;Universit\u00e0, perch\u00e9 crediamo di avere la responsabilit\u00e0 di costruire ponti tra la scuola e il mondo degli affari...\" \/>\n<meta name=\"robots\" content=\"index, follow, max-snippet:-1, max-image-preview:large, max-video-preview:-1\" \/>\n<link rel=\"canonical\" href=\"https:\/\/www.urbanbiker.com\/it\/imprese-e-universita-unalleanza-necessaria\/\" \/>\n<meta property=\"og:locale\" content=\"it_IT\" \/>\n<meta property=\"og:type\" content=\"article\" \/>\n<meta property=\"og:title\" content=\"Imprese e universit\u00e0, un&#039;alleanza necessaria UrbanBiker\" \/>\n<meta property=\"og:description\" content=\"Collaboriamo con l&#039;Universit\u00e0, perch\u00e9 crediamo di avere la responsabilit\u00e0 di costruire ponti tra la scuola e il mondo degli affari...\" \/>\n<meta property=\"og:url\" content=\"https:\/\/www.urbanbiker.com\/it\/imprese-e-universita-unalleanza-necessaria\/\" \/>\n<meta property=\"og:site_name\" content=\"UrbanBiker\" \/>\n<meta property=\"article:publisher\" content=\"https:\/\/www.facebook.com\/Urbanbikerbiciselectricas\" \/>\n<meta property=\"article:author\" content=\"https:\/\/www.facebook.com\/Urbanbikerbiciselectricas\/\" \/>\n<meta property=\"article:published_time\" content=\"2024-11-08T14:51:27+00:00\" \/>\n<meta property=\"article:modified_time\" content=\"2025-03-13T09:59:05+00:00\" \/>\n<meta property=\"og:image\" content=\"https:\/\/www.urbanbiker.com\/wp-content\/uploads\/2024\/11\/Empresa-y-Universidad-UrbanBiker.jpg\" \/>\n\t<meta property=\"og:image:width\" content=\"1200\" \/>\n\t<meta property=\"og:image:height\" content=\"900\" \/>\n\t<meta property=\"og:image:type\" content=\"image\/jpeg\" \/>\n<meta name=\"author\" content=\"UrbanBiker\" \/>\n<meta name=\"twitter:card\" content=\"summary_large_image\" \/>\n<meta name=\"twitter:label1\" content=\"Scritto da\" \/>\n\t<meta name=\"twitter:data1\" content=\"UrbanBiker\" \/>\n\t<meta name=\"twitter:label2\" content=\"Tempo di lettura stimato\" \/>\n\t<meta name=\"twitter:data2\" content=\"1 minuto\" \/>\n<script type=\"application\/ld+json\" class=\"yoast-schema-graph\">{\"@context\":\"https:\\\/\\\/schema.org\",\"@graph\":[{\"@type\":\"Article\",\"@id\":\"https:\\\/\\\/www.urbanbiker.com\\\/it\\\/imprese-e-universita-unalleanza-necessaria\\\/#article\",\"isPartOf\":{\"@id\":\"https:\\\/\\\/www.urbanbiker.com\\\/it\\\/imprese-e-universita-unalleanza-necessaria\\\/\"},\"author\":{\"name\":\"UrbanBiker\",\"@id\":\"https:\\\/\\\/www.urbanbiker.com\\\/it\\\/#\\\/schema\\\/person\\\/1cb58f0792ef226d6d409b73059515e0\"},\"headline\":\"Imprese e universit\u00e0, un&#8217;alleanza necessaria\",\"datePublished\":\"2024-11-08T14:51:27+00:00\",\"dateModified\":\"2025-03-13T09:59:05+00:00\",\"mainEntityOfPage\":{\"@id\":\"https:\\\/\\\/www.urbanbiker.com\\\/it\\\/imprese-e-universita-unalleanza-necessaria\\\/\"},\"wordCount\":245,\"commentCount\":0,\"publisher\":{\"@id\":\"https:\\\/\\\/www.urbanbiker.com\\\/it\\\/#organization\"},\"image\":{\"@id\":\"https:\\\/\\\/www.urbanbiker.com\\\/it\\\/imprese-e-universita-unalleanza-necessaria\\\/#primaryimage\"},\"thumbnailUrl\":\"https:\\\/\\\/www.urbanbiker.com\\\/wp-content\\\/uploads\\\/2024\\\/11\\\/Empresa-y-Universidad-UrbanBiker.jpg\",\"articleSection\":[\"Notizie\"],\"inLanguage\":\"it-IT\",\"potentialAction\":[{\"@type\":\"CommentAction\",\"name\":\"Comment\",\"target\":[\"https:\\\/\\\/www.urbanbiker.com\\\/it\\\/imprese-e-universita-unalleanza-necessaria\\\/#respond\"]}]},{\"@type\":\"WebPage\",\"@id\":\"https:\\\/\\\/www.urbanbiker.com\\\/it\\\/imprese-e-universita-unalleanza-necessaria\\\/\",\"url\":\"https:\\\/\\\/www.urbanbiker.com\\\/it\\\/imprese-e-universita-unalleanza-necessaria\\\/\",\"name\":\"Imprese e universit\u00e0, un'alleanza necessaria UrbanBiker\",\"isPartOf\":{\"@id\":\"https:\\\/\\\/www.urbanbiker.com\\\/it\\\/#website\"},\"primaryImageOfPage\":{\"@id\":\"https:\\\/\\\/www.urbanbiker.com\\\/it\\\/imprese-e-universita-unalleanza-necessaria\\\/#primaryimage\"},\"image\":{\"@id\":\"https:\\\/\\\/www.urbanbiker.com\\\/it\\\/imprese-e-universita-unalleanza-necessaria\\\/#primaryimage\"},\"thumbnailUrl\":\"https:\\\/\\\/www.urbanbiker.com\\\/wp-content\\\/uploads\\\/2024\\\/11\\\/Empresa-y-Universidad-UrbanBiker.jpg\",\"datePublished\":\"2024-11-08T14:51:27+00:00\",\"dateModified\":\"2025-03-13T09:59:05+00:00\",\"description\":\"Collaboriamo con l'Universit\u00e0, perch\u00e9 crediamo di avere la responsabilit\u00e0 di costruire ponti tra la scuola e il mondo degli affari...\",\"breadcrumb\":{\"@id\":\"https:\\\/\\\/www.urbanbiker.com\\\/it\\\/imprese-e-universita-unalleanza-necessaria\\\/#breadcrumb\"},\"inLanguage\":\"it-IT\",\"potentialAction\":[{\"@type\":\"ReadAction\",\"target\":[\"https:\\\/\\\/www.urbanbiker.com\\\/it\\\/imprese-e-universita-unalleanza-necessaria\\\/\"]}]},{\"@type\":\"ImageObject\",\"inLanguage\":\"it-IT\",\"@id\":\"https:\\\/\\\/www.urbanbiker.com\\\/it\\\/imprese-e-universita-unalleanza-necessaria\\\/#primaryimage\",\"url\":\"https:\\\/\\\/www.urbanbiker.com\\\/wp-content\\\/uploads\\\/2024\\\/11\\\/Empresa-y-Universidad-UrbanBiker.jpg\",\"contentUrl\":\"https:\\\/\\\/www.urbanbiker.com\\\/wp-content\\\/uploads\\\/2024\\\/11\\\/Empresa-y-Universidad-UrbanBiker.jpg\",\"width\":1200,\"height\":900},{\"@type\":\"BreadcrumbList\",\"@id\":\"https:\\\/\\\/www.urbanbiker.com\\\/it\\\/imprese-e-universita-unalleanza-necessaria\\\/#breadcrumb\",\"itemListElement\":[{\"@type\":\"ListItem\",\"position\":1,\"name\":\"Portada\",\"item\":\"https:\\\/\\\/www.urbanbiker.com\\\/it\\\/\"},{\"@type\":\"ListItem\",\"position\":2,\"name\":\"Imprese e universit\u00e0, un&#8217;alleanza necessaria\"}]},{\"@type\":\"WebSite\",\"@id\":\"https:\\\/\\\/www.urbanbiker.com\\\/it\\\/#website\",\"url\":\"https:\\\/\\\/www.urbanbiker.com\\\/it\\\/\",\"name\":\"UrbanBiker\",\"description\":\"Biciclette elettriche\",\"publisher\":{\"@id\":\"https:\\\/\\\/www.urbanbiker.com\\\/it\\\/#organization\"},\"potentialAction\":[{\"@type\":\"SearchAction\",\"target\":{\"@type\":\"EntryPoint\",\"urlTemplate\":\"https:\\\/\\\/www.urbanbiker.com\\\/it\\\/?s={search_term_string}\"},\"query-input\":{\"@type\":\"PropertyValueSpecification\",\"valueRequired\":true,\"valueName\":\"search_term_string\"}}],\"inLanguage\":\"it-IT\"},{\"@type\":\"Organization\",\"@id\":\"https:\\\/\\\/www.urbanbiker.com\\\/it\\\/#organization\",\"name\":\"UrbanBiker\",\"url\":\"https:\\\/\\\/www.urbanbiker.com\\\/it\\\/\",\"logo\":{\"@type\":\"ImageObject\",\"inLanguage\":\"it-IT\",\"@id\":\"https:\\\/\\\/www.urbanbiker.com\\\/it\\\/#\\\/schema\\\/logo\\\/image\\\/\",\"url\":\"https:\\\/\\\/www.urbanbiker.com\\\/wp-content\\\/uploads\\\/2022\\\/09\\\/Logo-principal-sin-fondo.png\",\"contentUrl\":\"https:\\\/\\\/www.urbanbiker.com\\\/wp-content\\\/uploads\\\/2022\\\/09\\\/Logo-principal-sin-fondo.png\",\"width\":2560,\"height\":934,\"caption\":\"UrbanBiker\"},\"image\":{\"@id\":\"https:\\\/\\\/www.urbanbiker.com\\\/it\\\/#\\\/schema\\\/logo\\\/image\\\/\"},\"sameAs\":[\"https:\\\/\\\/www.facebook.com\\\/Urbanbikerbiciselectricas\",\"https:\\\/\\\/www.instagram.com\\\/urbanbiker_\\\/\",\"https:\\\/\\\/www.linkedin.com\\\/company\\\/2454235\",\"https:\\\/\\\/www.youtube.com\\\/channel\\\/UCWR__uH_RWJF-OhPfz-9-Qw\"]},{\"@type\":\"Person\",\"@id\":\"https:\\\/\\\/www.urbanbiker.com\\\/it\\\/#\\\/schema\\\/person\\\/1cb58f0792ef226d6d409b73059515e0\",\"name\":\"UrbanBiker\",\"image\":{\"@type\":\"ImageObject\",\"inLanguage\":\"it-IT\",\"@id\":\"https:\\\/\\\/secure.gravatar.com\\\/avatar\\\/22838f387878aabd10c8c90196e14f05497ff2fdd7c1267a5f035aa48d9ed396?s=96&d=mm&r=g\",\"url\":\"https:\\\/\\\/secure.gravatar.com\\\/avatar\\\/22838f387878aabd10c8c90196e14f05497ff2fdd7c1267a5f035aa48d9ed396?s=96&d=mm&r=g\",\"contentUrl\":\"https:\\\/\\\/secure.gravatar.com\\\/avatar\\\/22838f387878aabd10c8c90196e14f05497ff2fdd7c1267a5f035aa48d9ed396?s=96&d=mm&r=g\",\"caption\":\"UrbanBiker\"},\"sameAs\":[\"http:\\\/\\\/www.urbanbiker.com\\\/\",\"https:\\\/\\\/www.facebook.com\\\/Urbanbikerbiciselectricas\\\/\",\"https:\\\/\\\/www.linkedin.com\\\/company\\\/urbanbiker\\\/\",\"https:\\\/\\\/www.youtube.com\\\/@UrbanbikerEbikes\"]}]}<\/script>\n<!-- \/ Yoast SEO plugin. -->","yoast_head_json":{"title":"Imprese e universit\u00e0, un'alleanza necessaria UrbanBiker","description":"Collaboriamo con l'Universit\u00e0, perch\u00e9 crediamo di avere la responsabilit\u00e0 di costruire ponti tra la scuola e il mondo degli affari...","robots":{"index":"index","follow":"follow","max-snippet":"max-snippet:-1","max-image-preview":"max-image-preview:large","max-video-preview":"max-video-preview:-1"},"canonical":"https:\/\/www.urbanbiker.com\/it\/imprese-e-universita-unalleanza-necessaria\/","og_locale":"it_IT","og_type":"article","og_title":"Imprese e universit\u00e0, un'alleanza necessaria UrbanBiker","og_description":"Collaboriamo con l'Universit\u00e0, perch\u00e9 crediamo di avere la responsabilit\u00e0 di costruire ponti tra la scuola e il mondo degli affari...","og_url":"https:\/\/www.urbanbiker.com\/it\/imprese-e-universita-unalleanza-necessaria\/","og_site_name":"UrbanBiker","article_publisher":"https:\/\/www.facebook.com\/Urbanbikerbiciselectricas","article_author":"https:\/\/www.facebook.com\/Urbanbikerbiciselectricas\/","article_published_time":"2024-11-08T14:51:27+00:00","article_modified_time":"2025-03-13T09:59:05+00:00","og_image":[{"width":1200,"height":900,"url":"https:\/\/www.urbanbiker.com\/wp-content\/uploads\/2024\/11\/Empresa-y-Universidad-UrbanBiker.jpg","type":"image\/jpeg"}],"author":"UrbanBiker","twitter_card":"summary_large_image","twitter_misc":{"Scritto da":"UrbanBiker","Tempo di lettura stimato":"1 minuto"},"schema":{"@context":"https:\/\/schema.org","@graph":[{"@type":"Article","@id":"https:\/\/www.urbanbiker.com\/it\/imprese-e-universita-unalleanza-necessaria\/#article","isPartOf":{"@id":"https:\/\/www.urbanbiker.com\/it\/imprese-e-universita-unalleanza-necessaria\/"},"author":{"name":"UrbanBiker","@id":"https:\/\/www.urbanbiker.com\/it\/#\/schema\/person\/1cb58f0792ef226d6d409b73059515e0"},"headline":"Imprese e universit\u00e0, un&#8217;alleanza necessaria","datePublished":"2024-11-08T14:51:27+00:00","dateModified":"2025-03-13T09:59:05+00:00","mainEntityOfPage":{"@id":"https:\/\/www.urbanbiker.com\/it\/imprese-e-universita-unalleanza-necessaria\/"},"wordCount":245,"commentCount":0,"publisher":{"@id":"https:\/\/www.urbanbiker.com\/it\/#organization"},"image":{"@id":"https:\/\/www.urbanbiker.com\/it\/imprese-e-universita-unalleanza-necessaria\/#primaryimage"},"thumbnailUrl":"https:\/\/www.urbanbiker.com\/wp-content\/uploads\/2024\/11\/Empresa-y-Universidad-UrbanBiker.jpg","articleSection":["Notizie"],"inLanguage":"it-IT","potentialAction":[{"@type":"CommentAction","name":"Comment","target":["https:\/\/www.urbanbiker.com\/it\/imprese-e-universita-unalleanza-necessaria\/#respond"]}]},{"@type":"WebPage","@id":"https:\/\/www.urbanbiker.com\/it\/imprese-e-universita-unalleanza-necessaria\/","url":"https:\/\/www.urbanbiker.com\/it\/imprese-e-universita-unalleanza-necessaria\/","name":"Imprese e universit\u00e0, un'alleanza necessaria UrbanBiker","isPartOf":{"@id":"https:\/\/www.urbanbiker.com\/it\/#website"},"primaryImageOfPage":{"@id":"https:\/\/www.urbanbiker.com\/it\/imprese-e-universita-unalleanza-necessaria\/#primaryimage"},"image":{"@id":"https:\/\/www.urbanbiker.com\/it\/imprese-e-universita-unalleanza-necessaria\/#primaryimage"},"thumbnailUrl":"https:\/\/www.urbanbiker.com\/wp-content\/uploads\/2024\/11\/Empresa-y-Universidad-UrbanBiker.jpg","datePublished":"2024-11-08T14:51:27+00:00","dateModified":"2025-03-13T09:59:05+00:00","description":"Collaboriamo con l'Universit\u00e0, perch\u00e9 crediamo di avere la responsabilit\u00e0 di costruire ponti tra la scuola e il mondo degli affari...","breadcrumb":{"@id":"https:\/\/www.urbanbiker.com\/it\/imprese-e-universita-unalleanza-necessaria\/#breadcrumb"},"inLanguage":"it-IT","potentialAction":[{"@type":"ReadAction","target":["https:\/\/www.urbanbiker.com\/it\/imprese-e-universita-unalleanza-necessaria\/"]}]},{"@type":"ImageObject","inLanguage":"it-IT","@id":"https:\/\/www.urbanbiker.com\/it\/imprese-e-universita-unalleanza-necessaria\/#primaryimage","url":"https:\/\/www.urbanbiker.com\/wp-content\/uploads\/2024\/11\/Empresa-y-Universidad-UrbanBiker.jpg","contentUrl":"https:\/\/www.urbanbiker.com\/wp-content\/uploads\/2024\/11\/Empresa-y-Universidad-UrbanBiker.jpg","width":1200,"height":900},{"@type":"BreadcrumbList","@id":"https:\/\/www.urbanbiker.com\/it\/imprese-e-universita-unalleanza-necessaria\/#breadcrumb","itemListElement":[{"@type":"ListItem","position":1,"name":"Portada","item":"https:\/\/www.urbanbiker.com\/it\/"},{"@type":"ListItem","position":2,"name":"Imprese e universit\u00e0, un&#8217;alleanza necessaria"}]},{"@type":"WebSite","@id":"https:\/\/www.urbanbiker.com\/it\/#website","url":"https:\/\/www.urbanbiker.com\/it\/","name":"UrbanBiker","description":"Biciclette elettriche","publisher":{"@id":"https:\/\/www.urbanbiker.com\/it\/#organization"},"potentialAction":[{"@type":"SearchAction","target":{"@type":"EntryPoint","urlTemplate":"https:\/\/www.urbanbiker.com\/it\/?s={search_term_string}"},"query-input":{"@type":"PropertyValueSpecification","valueRequired":true,"valueName":"search_term_string"}}],"inLanguage":"it-IT"},{"@type":"Organization","@id":"https:\/\/www.urbanbiker.com\/it\/#organization","name":"UrbanBiker","url":"https:\/\/www.urbanbiker.com\/it\/","logo":{"@type":"ImageObject","inLanguage":"it-IT","@id":"https:\/\/www.urbanbiker.com\/it\/#\/schema\/logo\/image\/","url":"https:\/\/www.urbanbiker.com\/wp-content\/uploads\/2022\/09\/Logo-principal-sin-fondo.png","contentUrl":"https:\/\/www.urbanbiker.com\/wp-content\/uploads\/2022\/09\/Logo-principal-sin-fondo.png","width":2560,"height":934,"caption":"UrbanBiker"},"image":{"@id":"https:\/\/www.urbanbiker.com\/it\/#\/schema\/logo\/image\/"},"sameAs":["https:\/\/www.facebook.com\/Urbanbikerbiciselectricas","https:\/\/www.instagram.com\/urbanbiker_\/","https:\/\/www.linkedin.com\/company\/2454235","https:\/\/www.youtube.com\/channel\/UCWR__uH_RWJF-OhPfz-9-Qw"]},{"@type":"Person","@id":"https:\/\/www.urbanbiker.com\/it\/#\/schema\/person\/1cb58f0792ef226d6d409b73059515e0","name":"UrbanBiker","image":{"@type":"ImageObject","inLanguage":"it-IT","@id":"https:\/\/secure.gravatar.com\/avatar\/22838f387878aabd10c8c90196e14f05497ff2fdd7c1267a5f035aa48d9ed396?s=96&d=mm&r=g","url":"https:\/\/secure.gravatar.com\/avatar\/22838f387878aabd10c8c90196e14f05497ff2fdd7c1267a5f035aa48d9ed396?s=96&d=mm&r=g","contentUrl":"https:\/\/secure.gravatar.com\/avatar\/22838f387878aabd10c8c90196e14f05497ff2fdd7c1267a5f035aa48d9ed396?s=96&d=mm&r=g","caption":"UrbanBiker"},"sameAs":["http:\/\/www.urbanbiker.com\/","https:\/\/www.facebook.com\/Urbanbikerbiciselectricas\/","https:\/\/www.linkedin.com\/company\/urbanbiker\/","https:\/\/www.youtube.com\/@UrbanbikerEbikes"]}]}},"_links":{"self":[{"href":"https:\/\/www.urbanbiker.com\/it\/wp-json\/wp\/v2\/posts\/35605","targetHints":{"allow":["GET"]}}],"collection":[{"href":"https:\/\/www.urbanbiker.com\/it\/wp-json\/wp\/v2\/posts"}],"about":[{"href":"https:\/\/www.urbanbiker.com\/it\/wp-json\/wp\/v2\/types\/post"}],"author":[{"embeddable":true,"href":"https:\/\/www.urbanbiker.com\/it\/wp-json\/wp\/v2\/users\/1"}],"replies":[{"embeddable":true,"href":"https:\/\/www.urbanbiker.com\/it\/wp-json\/wp\/v2\/comments?post=35605"}],"version-history":[{"count":5,"href":"https:\/\/www.urbanbiker.com\/it\/wp-json\/wp\/v2\/posts\/35605\/revisions"}],"predecessor-version":[{"id":38218,"href":"https:\/\/www.urbanbiker.com\/it\/wp-json\/wp\/v2\/posts\/35605\/revisions\/38218"}],"wp:featuredmedia":[{"embeddable":true,"href":"https:\/\/www.urbanbiker.com\/it\/wp-json\/wp\/v2\/media\/34943"}],"wp:attachment":[{"href":"https:\/\/www.urbanbiker.com\/it\/wp-json\/wp\/v2\/media?parent=35605"}],"wp:term":[{"taxonomy":"category","embeddable":true,"href":"https:\/\/www.urbanbiker.com\/it\/wp-json\/wp\/v2\/categories?post=35605"},{"taxonomy":"post_tag","embeddable":true,"href":"https:\/\/www.urbanbiker.com\/it\/wp-json\/wp\/v2\/tags?post=35605"}],"curies":[{"name":"wp","href":"https:\/\/api.w.org\/{rel}","templated":true}]}}