{"id":60764,"date":"2026-03-11T16:26:13","date_gmt":"2026-03-11T15:26:13","guid":{"rendered":"https:\/\/www.urbanbiker.com\/?p=60764"},"modified":"2026-03-11T16:30:45","modified_gmt":"2026-03-11T15:30:45","slug":"batteries-au-lithium-et-mobilite-electrique-ce-qui-se-cache-derriere-un-urbanbiker","status":"publish","type":"post","link":"https:\/\/www.urbanbiker.com\/fr\/batteries-au-lithium-et-mobilite-electrique-ce-qui-se-cache-derriere-un-urbanbiker\/","title":{"rendered":"Batteries au lithium et mobilit\u00e9 \u00e9lectrique : ce qui se cache derri\u00e8re un UrbanBiker"},"content":{"rendered":"<h2><strong>Batteries au lithium et mobilit\u00e9 \u00e9lectrique : ce qui se cache derri\u00e8re un UrbanBiker<\/strong><\/h2>\n<p><em>Par F.J. Fuentes, COO chez UrbanBiker<\/em><\/p>\n<p>Les batteries au <a href=\"https:\/\/fr.wikipedia.org\/wiki\/Lithium\">lithium<\/a> sont le c\u0153ur d&rsquo;un v\u00e9lo \u00e9lectrique. Elles d\u00e9terminent l&rsquo;<a href=\"https:\/\/www.urbanbiker.com\/fr\/comment-augmenter-lautonomie-de-la-batterie\/\">autonomie<\/a>, les performances, le prix\u2026 et aussi une grande partie de son impact environnemental. C&rsquo;est pourquoi, comprendre comment elles fonctionnent et ce qu&rsquo;il advient d&rsquo;elles tout au long de leur dur\u00e9e de vie est essentiel pour parler de mobilit\u00e9 \u00e9lectrique avec rigueur.<\/p>\n<p>Chez UrbanBiker, nous fabriquons des VAE depuis plus de 14 ans. Et si nous avons appris quelque chose pendant cette p\u00e9riode, c&rsquo;est que la durabilit\u00e9 ne commence ni ne se termine avec la vente d&rsquo;un v\u00e9lo. Elle commence d\u00e8s la conception et se poursuit bien apr\u00e8s le dernier kilom\u00e8tre.<\/p>\n<p>Voici l&rsquo;essentiel.<\/p>\n<h3><strong>Combien de temps dure r\u00e9ellement une batterie au lithium<\/strong><\/h3>\n<p>Une <a href=\"https:\/\/www.urbanbiker.com\/categoria-producto\/componentes\/baterias\/\">batterie<\/a> ne tombe pas en panne soudainement. Elle se d\u00e9grade petit \u00e0 petit.<\/p>\n<p>Dans des conditions normales, une batterie au lithium offre plusieurs centaines de cycles de charge complets, ce qui se traduit en ann\u00e9es d&rsquo;utilisation r\u00e9elle si elle est correctement entretenue. Des temp\u00e9ratures mod\u00e9r\u00e9es, \u00e9viter les d\u00e9charges extr\u00eames et une recharge r\u00e9guli\u00e8re font la diff\u00e9rence.<\/p>\n<p>Chez UrbanBiker, nous privil\u00e9gions la stabilit\u00e9 et la dur\u00e9e de vie par rapport aux chiffres tape-\u00e0-l&rsquo;\u0153il. Nous pr\u00e9f\u00e9rons les batteries fiables, \u00e9quilibr\u00e9es et durables aux promesses d&rsquo;autonomie difficiles \u00e0 tenir dans le temps.<\/p>\n<h3><strong>La batterie : le composant le plus pr\u00e9cieux d&rsquo;un VAE<\/strong><\/h3>\n<p>Ce n&rsquo;est pas un hasard si la batterie est la partie la plus co\u00fbteuse d&rsquo;un v\u00e9lo \u00e9lectrique. Sa fabrication implique des mat\u00e9riaux complexes, des normes de s\u00e9curit\u00e9 \u00e9lev\u00e9es et des processus industriels tr\u00e8s exigeants.<\/p>\n<p>La bonne nouvelle est que la technologie progresse rapidement : aujourd&rsquo;hui, les batteries sont plus stables, plus s\u00fbres et conservent mieux leur capacit\u00e9 plus longtemps. Nous travaillons uniquement avec des fournisseurs certifi\u00e9s qui respectent des contr\u00f4les \u00e9lectriques et chimiques stricts.<\/p>\n<h3><strong>Quand la batterie cesse d&rsquo;\u00eatre utile pour un v\u00e9lo <\/strong><\/h3>\n<p>En tant que producteur enregistr\u00e9, UrbanBiker respecte la <a href=\"https:\/\/www.miteco.gob.es\/es\/calidad-y-evaluacion-ambiental\/temas\/prevencion-y-gestion-residuos\/flujos\/responsabilidad-ampliada.html\">Responsabilit\u00e9 \u00e9largie du producteur (REP)<\/a>, ce qui implique d&rsquo;assumer la bonne gestion des batteries mises sur le march\u00e9 lorsqu&rsquo;elles arrivent en fin de vie.<\/p>\n<p>Cette gestion n&rsquo;est pas r\u00e9alis\u00e9e directement avec l&rsquo;utilisateur final, mais par le biais de syst\u00e8mes collectifs de collecte et de recyclage autoris\u00e9s, qui garantissent le traitement appropri\u00e9 de ces d\u00e9chets conform\u00e9ment \u00e0 la r\u00e9glementation en vigueur.<\/p>\n<p>En pratique, cela signifie que les batteries doivent \u00eatre d\u00e9pos\u00e9es dans les canaux officiels pr\u00e9vus \u00e0 cet effet, tels que les points de collecte s\u00e9lective ou les syst\u00e8mes de gestion autoris\u00e9s, assurant ainsi leur recyclage correct et la r\u00e9cup\u00e9ration de mat\u00e9riaux pr\u00e9cieux.<\/p>\n<p>Notre engagement en tant que marque est de participer activement \u00e0 ces syst\u00e8mes et de garantir que chaque batterie que nous mettons sur le march\u00e9 ait une fin responsable, m\u00eame si le processus de collecte n&rsquo;est pas g\u00e9r\u00e9 directement par UrbanBiker.<\/p>\n<h3><strong>\u00c9coconception et seconde vie : penser au-del\u00e0 du produit<\/strong><\/h3>\n<p>Avant de recycler, il y a quelque chose d&rsquo;encore plus important : prolonger la dur\u00e9e de vie.<\/p>\n<p>Concevoir des batteries accessibles et amovibles, des composants r\u00e9parables et des syst\u00e8mes standardis\u00e9s permet de maintenir un v\u00e9lo en utilisation plus longtemps et de r\u00e9duire les d\u00e9chets. De plus, de nombreuses batteries qui ne sont plus optimales pour la mobilit\u00e9 peuvent continuer \u00e0 \u00eatre utiles dans d&rsquo;autres contextes, comme le stockage d&rsquo;\u00e9nergie ou les petits syst\u00e8mes autonomes.<\/p>\n<p>R\u00e9utiliser chaque fois que c&rsquo;est s\u00fbr est une partie essentielle d&rsquo;une mobilit\u00e9 r\u00e9ellement durable.<\/p>\n<h3><strong>Conclusion : mobilit\u00e9 \u00e9lectrique avec responsabilit\u00e9<\/strong><\/h3>\n<p>Le VAE n&rsquo;est pas une mode. C&rsquo;est l&rsquo;une des fa\u00e7ons les plus efficaces et r\u00e9alistes de se d\u00e9placer aujourd&rsquo;hui, surtout sur les courtes distances.<\/p>\n<p>Mais la durabilit\u00e9 ne s&rsquo;obtient pas seulement en fabriquant des v\u00e9los \u00e9lectriques, mais en assumant tout le cycle de vie de ses composants. Chez UrbanBiker, nous sommes clairs : bien fabriquer n&rsquo;a pas de sens si tu ne g\u00e8res pas bien ce que tu fabriques.<\/p>\n<p>C&rsquo;est notre engagement. Et la base sur laquelle nous continuons \u00e0 p\u00e9daler vers une mobilit\u00e9 plus propre, responsable et durable.<\/p>\n<p>&nbsp;<\/p>\n<p>\u00c0 propos de l&rsquo;auteur<\/p>\n<p><em>F.J. Fuentes est COO chez UrbanBiker et coordonne directement la s\u00e9lection et la validation de tous les composants et syst\u00e8mes de nos v\u00e9los \u00e9lectriques.<\/em><\/p>\n","protected":false},"excerpt":{"rendered":"<p>Batteries au lithium et mobilit\u00e9 \u00e9lectrique : ce qui se cache derri\u00e8re un UrbanBiker Par F.J. Fuentes, COO chez UrbanBiker Les batteries au lithium sont le c\u0153ur d&rsquo;un v\u00e9lo \u00e9lectrique. Elles d\u00e9terminent l&rsquo;autonomie, les performances, le prix\u2026 et aussi une grande partie de son impact environnemental. C&rsquo;est pourquoi, comprendre comment elles fonctionnent et ce qu&rsquo;il [&hellip;]<\/p>\n","protected":false},"author":28397,"featured_media":62205,"comment_status":"open","ping_status":"open","sticky":false,"template":"","format":"standard","meta":{"footnotes":""},"categories":[289,627],"tags":[],"class_list":["post-60764","post","type-post","status-publish","format-standard","has-post-thumbnail","hentry","category-conseil","category-mobilite-durable"],"yoast_head":"<!-- This site is optimized with the Yoast SEO plugin v27.4 - https:\/\/yoast.com\/product\/yoast-seo-wordpress\/ -->\n<title>Batteries au lithium dans les v\u00e9los \u00e9lectriques : ce que tu dois savoir<\/title>\n<meta name=\"description\" content=\"Comment fonctionnent les batteries au lithium dans un VAE, combien de temps durent-elles et comment leur fin de vie est-elle g\u00e9r\u00e9e de mani\u00e8re responsable conform\u00e9ment \u00e0 la r\u00e9glementation en vigueur.\" \/>\n<meta name=\"robots\" content=\"index, follow, max-snippet:-1, max-image-preview:large, max-video-preview:-1\" \/>\n<link rel=\"canonical\" href=\"https:\/\/www.urbanbiker.com\/fr\/batteries-au-lithium-et-mobilite-electrique-ce-qui-se-cache-derriere-un-urbanbiker\/\" \/>\n<meta property=\"og:locale\" content=\"fr_FR\" \/>\n<meta property=\"og:type\" content=\"article\" \/>\n<meta property=\"og:title\" content=\"Batteries au lithium dans les v\u00e9los \u00e9lectriques : ce que tu dois savoir\" \/>\n<meta property=\"og:description\" content=\"Comment fonctionnent les batteries au lithium dans un VAE, combien de temps durent-elles et comment leur fin de vie est-elle g\u00e9r\u00e9e de mani\u00e8re responsable conform\u00e9ment \u00e0 la r\u00e9glementation en vigueur.\" \/>\n<meta property=\"og:url\" content=\"https:\/\/www.urbanbiker.com\/fr\/batteries-au-lithium-et-mobilite-electrique-ce-qui-se-cache-derriere-un-urbanbiker\/\" \/>\n<meta property=\"og:site_name\" content=\"UrbanBiker\" \/>\n<meta property=\"article:publisher\" content=\"https:\/\/www.facebook.com\/Urbanbikerbiciselectricas\" \/>\n<meta property=\"article:published_time\" content=\"2026-03-11T15:26:13+00:00\" \/>\n<meta property=\"article:modified_time\" content=\"2026-03-11T15:30:45+00:00\" \/>\n<meta property=\"og:image\" content=\"https:\/\/www.urbanbiker.com\/wp-content\/uploads\/2026\/03\/Baterias-UrbanBiker-1024x512.png\" \/>\n\t<meta property=\"og:image:width\" content=\"1024\" \/>\n\t<meta property=\"og:image:height\" content=\"512\" \/>\n\t<meta property=\"og:image:type\" content=\"image\/png\" \/>\n<meta name=\"author\" content=\"UrbanBiker Espa\u00f1a\" \/>\n<meta name=\"twitter:card\" content=\"summary_large_image\" \/>\n<meta name=\"twitter:label1\" content=\"\u00c9crit par\" \/>\n\t<meta name=\"twitter:data1\" content=\"UrbanBiker Espa\u00f1a\" \/>\n\t<meta name=\"twitter:label2\" content=\"Dur\u00e9e de lecture estim\u00e9e\" \/>\n\t<meta name=\"twitter:data2\" content=\"4 minutes\" \/>\n<script type=\"application\/ld+json\" class=\"yoast-schema-graph\">{\"@context\":\"https:\\\/\\\/schema.org\",\"@graph\":[{\"@type\":\"Article\",\"@id\":\"https:\\\/\\\/www.urbanbiker.com\\\/fr\\\/batteries-au-lithium-et-mobilite-electrique-ce-qui-se-cache-derriere-un-urbanbiker\\\/#article\",\"isPartOf\":{\"@id\":\"https:\\\/\\\/www.urbanbiker.com\\\/fr\\\/batteries-au-lithium-et-mobilite-electrique-ce-qui-se-cache-derriere-un-urbanbiker\\\/\"},\"author\":{\"name\":\"UrbanBiker Espa\u00f1a\",\"@id\":\"https:\\\/\\\/www.urbanbiker.com\\\/fr\\\/#\\\/schema\\\/person\\\/3a87fe08ae0ad7df010c4f0609a75e9c\"},\"headline\":\"Batteries au lithium et mobilit\u00e9 \u00e9lectrique : ce qui se cache derri\u00e8re un UrbanBiker\",\"datePublished\":\"2026-03-11T15:26:13+00:00\",\"dateModified\":\"2026-03-11T15:30:45+00:00\",\"mainEntityOfPage\":{\"@id\":\"https:\\\/\\\/www.urbanbiker.com\\\/fr\\\/batteries-au-lithium-et-mobilite-electrique-ce-qui-se-cache-derriere-un-urbanbiker\\\/\"},\"wordCount\":802,\"commentCount\":0,\"publisher\":{\"@id\":\"https:\\\/\\\/www.urbanbiker.com\\\/fr\\\/#organization\"},\"image\":{\"@id\":\"https:\\\/\\\/www.urbanbiker.com\\\/fr\\\/batteries-au-lithium-et-mobilite-electrique-ce-qui-se-cache-derriere-un-urbanbiker\\\/#primaryimage\"},\"thumbnailUrl\":\"https:\\\/\\\/www.urbanbiker.com\\\/wp-content\\\/uploads\\\/2026\\\/03\\\/Baterias-UrbanBiker-scaled.png\",\"articleSection\":[\"Conseil\",\"Mobilit\u00e9 durable\"],\"inLanguage\":\"fr-FR\",\"potentialAction\":[{\"@type\":\"CommentAction\",\"name\":\"Comment\",\"target\":[\"https:\\\/\\\/www.urbanbiker.com\\\/fr\\\/batteries-au-lithium-et-mobilite-electrique-ce-qui-se-cache-derriere-un-urbanbiker\\\/#respond\"]}]},{\"@type\":\"WebPage\",\"@id\":\"https:\\\/\\\/www.urbanbiker.com\\\/fr\\\/batteries-au-lithium-et-mobilite-electrique-ce-qui-se-cache-derriere-un-urbanbiker\\\/\",\"url\":\"https:\\\/\\\/www.urbanbiker.com\\\/fr\\\/batteries-au-lithium-et-mobilite-electrique-ce-qui-se-cache-derriere-un-urbanbiker\\\/\",\"name\":\"Batteries au lithium dans les v\u00e9los \u00e9lectriques : ce que tu dois savoir\",\"isPartOf\":{\"@id\":\"https:\\\/\\\/www.urbanbiker.com\\\/fr\\\/#website\"},\"primaryImageOfPage\":{\"@id\":\"https:\\\/\\\/www.urbanbiker.com\\\/fr\\\/batteries-au-lithium-et-mobilite-electrique-ce-qui-se-cache-derriere-un-urbanbiker\\\/#primaryimage\"},\"image\":{\"@id\":\"https:\\\/\\\/www.urbanbiker.com\\\/fr\\\/batteries-au-lithium-et-mobilite-electrique-ce-qui-se-cache-derriere-un-urbanbiker\\\/#primaryimage\"},\"thumbnailUrl\":\"https:\\\/\\\/www.urbanbiker.com\\\/wp-content\\\/uploads\\\/2026\\\/03\\\/Baterias-UrbanBiker-scaled.png\",\"datePublished\":\"2026-03-11T15:26:13+00:00\",\"dateModified\":\"2026-03-11T15:30:45+00:00\",\"description\":\"Comment fonctionnent les batteries au lithium dans un VAE, combien de temps durent-elles et comment leur fin de vie est-elle g\u00e9r\u00e9e de mani\u00e8re responsable conform\u00e9ment \u00e0 la r\u00e9glementation en vigueur.\",\"breadcrumb\":{\"@id\":\"https:\\\/\\\/www.urbanbiker.com\\\/fr\\\/batteries-au-lithium-et-mobilite-electrique-ce-qui-se-cache-derriere-un-urbanbiker\\\/#breadcrumb\"},\"inLanguage\":\"fr-FR\",\"potentialAction\":[{\"@type\":\"ReadAction\",\"target\":[\"https:\\\/\\\/www.urbanbiker.com\\\/fr\\\/batteries-au-lithium-et-mobilite-electrique-ce-qui-se-cache-derriere-un-urbanbiker\\\/\"]}]},{\"@type\":\"ImageObject\",\"inLanguage\":\"fr-FR\",\"@id\":\"https:\\\/\\\/www.urbanbiker.com\\\/fr\\\/batteries-au-lithium-et-mobilite-electrique-ce-qui-se-cache-derriere-un-urbanbiker\\\/#primaryimage\",\"url\":\"https:\\\/\\\/www.urbanbiker.com\\\/wp-content\\\/uploads\\\/2026\\\/03\\\/Baterias-UrbanBiker-scaled.png\",\"contentUrl\":\"https:\\\/\\\/www.urbanbiker.com\\\/wp-content\\\/uploads\\\/2026\\\/03\\\/Baterias-UrbanBiker-scaled.png\",\"width\":2560,\"height\":1280,\"caption\":\"Autonom\u00eda y rendimiento garantizado\"},{\"@type\":\"BreadcrumbList\",\"@id\":\"https:\\\/\\\/www.urbanbiker.com\\\/fr\\\/batteries-au-lithium-et-mobilite-electrique-ce-qui-se-cache-derriere-un-urbanbiker\\\/#breadcrumb\",\"itemListElement\":[{\"@type\":\"ListItem\",\"position\":1,\"name\":\"Portada\",\"item\":\"https:\\\/\\\/www.urbanbiker.com\\\/fr\\\/\"},{\"@type\":\"ListItem\",\"position\":2,\"name\":\"Batteries au lithium et mobilit\u00e9 \u00e9lectrique : ce qui se cache derri\u00e8re un UrbanBiker\"}]},{\"@type\":\"WebSite\",\"@id\":\"https:\\\/\\\/www.urbanbiker.com\\\/fr\\\/#website\",\"url\":\"https:\\\/\\\/www.urbanbiker.com\\\/fr\\\/\",\"name\":\"UrbanBiker\",\"description\":\"V\u00e9los \u00e9lectriques\",\"publisher\":{\"@id\":\"https:\\\/\\\/www.urbanbiker.com\\\/fr\\\/#organization\"},\"potentialAction\":[{\"@type\":\"SearchAction\",\"target\":{\"@type\":\"EntryPoint\",\"urlTemplate\":\"https:\\\/\\\/www.urbanbiker.com\\\/fr\\\/?s={search_term_string}\"},\"query-input\":{\"@type\":\"PropertyValueSpecification\",\"valueRequired\":true,\"valueName\":\"search_term_string\"}}],\"inLanguage\":\"fr-FR\"},{\"@type\":\"Organization\",\"@id\":\"https:\\\/\\\/www.urbanbiker.com\\\/fr\\\/#organization\",\"name\":\"UrbanBiker\",\"url\":\"https:\\\/\\\/www.urbanbiker.com\\\/fr\\\/\",\"logo\":{\"@type\":\"ImageObject\",\"inLanguage\":\"fr-FR\",\"@id\":\"https:\\\/\\\/www.urbanbiker.com\\\/fr\\\/#\\\/schema\\\/logo\\\/image\\\/\",\"url\":\"https:\\\/\\\/www.urbanbiker.com\\\/wp-content\\\/uploads\\\/2022\\\/09\\\/Logo-principal-sin-fondo.png\",\"contentUrl\":\"https:\\\/\\\/www.urbanbiker.com\\\/wp-content\\\/uploads\\\/2022\\\/09\\\/Logo-principal-sin-fondo.png\",\"width\":2560,\"height\":934,\"caption\":\"UrbanBiker\"},\"image\":{\"@id\":\"https:\\\/\\\/www.urbanbiker.com\\\/fr\\\/#\\\/schema\\\/logo\\\/image\\\/\"},\"sameAs\":[\"https:\\\/\\\/www.facebook.com\\\/Urbanbikerbiciselectricas\",\"https:\\\/\\\/www.instagram.com\\\/urbanbiker_\\\/\",\"https:\\\/\\\/www.linkedin.com\\\/company\\\/2454235\",\"https:\\\/\\\/www.youtube.com\\\/channel\\\/UCWR__uH_RWJF-OhPfz-9-Qw\"]},{\"@type\":\"Person\",\"@id\":\"https:\\\/\\\/www.urbanbiker.com\\\/fr\\\/#\\\/schema\\\/person\\\/3a87fe08ae0ad7df010c4f0609a75e9c\",\"name\":\"UrbanBiker Espa\u00f1a\",\"image\":{\"@type\":\"ImageObject\",\"inLanguage\":\"fr-FR\",\"@id\":\"https:\\\/\\\/secure.gravatar.com\\\/avatar\\\/5a4566847f58b92c592ba1df12070855f95d6f19fdb97a9d5da4d45d9a3d34d2?s=96&d=mm&r=g\",\"url\":\"https:\\\/\\\/secure.gravatar.com\\\/avatar\\\/5a4566847f58b92c592ba1df12070855f95d6f19fdb97a9d5da4d45d9a3d34d2?s=96&d=mm&r=g\",\"contentUrl\":\"https:\\\/\\\/secure.gravatar.com\\\/avatar\\\/5a4566847f58b92c592ba1df12070855f95d6f19fdb97a9d5da4d45d9a3d34d2?s=96&d=mm&r=g\",\"caption\":\"UrbanBiker Espa\u00f1a\"}}]}<\/script>\n<!-- \/ Yoast SEO plugin. -->","yoast_head_json":{"title":"Batteries au lithium dans les v\u00e9los \u00e9lectriques : ce que tu dois savoir","description":"Comment fonctionnent les batteries au lithium dans un VAE, combien de temps durent-elles et comment leur fin de vie est-elle g\u00e9r\u00e9e de mani\u00e8re responsable conform\u00e9ment \u00e0 la r\u00e9glementation en vigueur.","robots":{"index":"index","follow":"follow","max-snippet":"max-snippet:-1","max-image-preview":"max-image-preview:large","max-video-preview":"max-video-preview:-1"},"canonical":"https:\/\/www.urbanbiker.com\/fr\/batteries-au-lithium-et-mobilite-electrique-ce-qui-se-cache-derriere-un-urbanbiker\/","og_locale":"fr_FR","og_type":"article","og_title":"Batteries au lithium dans les v\u00e9los \u00e9lectriques : ce que tu dois savoir","og_description":"Comment fonctionnent les batteries au lithium dans un VAE, combien de temps durent-elles et comment leur fin de vie est-elle g\u00e9r\u00e9e de mani\u00e8re responsable conform\u00e9ment \u00e0 la r\u00e9glementation en vigueur.","og_url":"https:\/\/www.urbanbiker.com\/fr\/batteries-au-lithium-et-mobilite-electrique-ce-qui-se-cache-derriere-un-urbanbiker\/","og_site_name":"UrbanBiker","article_publisher":"https:\/\/www.facebook.com\/Urbanbikerbiciselectricas","article_published_time":"2026-03-11T15:26:13+00:00","article_modified_time":"2026-03-11T15:30:45+00:00","og_image":[{"width":1024,"height":512,"url":"https:\/\/www.urbanbiker.com\/wp-content\/uploads\/2026\/03\/Baterias-UrbanBiker-1024x512.png","type":"image\/png"}],"author":"UrbanBiker Espa\u00f1a","twitter_card":"summary_large_image","twitter_misc":{"\u00c9crit par":"UrbanBiker Espa\u00f1a","Dur\u00e9e de lecture estim\u00e9e":"4 minutes"},"schema":{"@context":"https:\/\/schema.org","@graph":[{"@type":"Article","@id":"https:\/\/www.urbanbiker.com\/fr\/batteries-au-lithium-et-mobilite-electrique-ce-qui-se-cache-derriere-un-urbanbiker\/#article","isPartOf":{"@id":"https:\/\/www.urbanbiker.com\/fr\/batteries-au-lithium-et-mobilite-electrique-ce-qui-se-cache-derriere-un-urbanbiker\/"},"author":{"name":"UrbanBiker Espa\u00f1a","@id":"https:\/\/www.urbanbiker.com\/fr\/#\/schema\/person\/3a87fe08ae0ad7df010c4f0609a75e9c"},"headline":"Batteries au lithium et mobilit\u00e9 \u00e9lectrique : ce qui se cache derri\u00e8re un UrbanBiker","datePublished":"2026-03-11T15:26:13+00:00","dateModified":"2026-03-11T15:30:45+00:00","mainEntityOfPage":{"@id":"https:\/\/www.urbanbiker.com\/fr\/batteries-au-lithium-et-mobilite-electrique-ce-qui-se-cache-derriere-un-urbanbiker\/"},"wordCount":802,"commentCount":0,"publisher":{"@id":"https:\/\/www.urbanbiker.com\/fr\/#organization"},"image":{"@id":"https:\/\/www.urbanbiker.com\/fr\/batteries-au-lithium-et-mobilite-electrique-ce-qui-se-cache-derriere-un-urbanbiker\/#primaryimage"},"thumbnailUrl":"https:\/\/www.urbanbiker.com\/wp-content\/uploads\/2026\/03\/Baterias-UrbanBiker-scaled.png","articleSection":["Conseil","Mobilit\u00e9 durable"],"inLanguage":"fr-FR","potentialAction":[{"@type":"CommentAction","name":"Comment","target":["https:\/\/www.urbanbiker.com\/fr\/batteries-au-lithium-et-mobilite-electrique-ce-qui-se-cache-derriere-un-urbanbiker\/#respond"]}]},{"@type":"WebPage","@id":"https:\/\/www.urbanbiker.com\/fr\/batteries-au-lithium-et-mobilite-electrique-ce-qui-se-cache-derriere-un-urbanbiker\/","url":"https:\/\/www.urbanbiker.com\/fr\/batteries-au-lithium-et-mobilite-electrique-ce-qui-se-cache-derriere-un-urbanbiker\/","name":"Batteries au lithium dans les v\u00e9los \u00e9lectriques : ce que tu dois savoir","isPartOf":{"@id":"https:\/\/www.urbanbiker.com\/fr\/#website"},"primaryImageOfPage":{"@id":"https:\/\/www.urbanbiker.com\/fr\/batteries-au-lithium-et-mobilite-electrique-ce-qui-se-cache-derriere-un-urbanbiker\/#primaryimage"},"image":{"@id":"https:\/\/www.urbanbiker.com\/fr\/batteries-au-lithium-et-mobilite-electrique-ce-qui-se-cache-derriere-un-urbanbiker\/#primaryimage"},"thumbnailUrl":"https:\/\/www.urbanbiker.com\/wp-content\/uploads\/2026\/03\/Baterias-UrbanBiker-scaled.png","datePublished":"2026-03-11T15:26:13+00:00","dateModified":"2026-03-11T15:30:45+00:00","description":"Comment fonctionnent les batteries au lithium dans un VAE, combien de temps durent-elles et comment leur fin de vie est-elle g\u00e9r\u00e9e de mani\u00e8re responsable conform\u00e9ment \u00e0 la r\u00e9glementation en vigueur.","breadcrumb":{"@id":"https:\/\/www.urbanbiker.com\/fr\/batteries-au-lithium-et-mobilite-electrique-ce-qui-se-cache-derriere-un-urbanbiker\/#breadcrumb"},"inLanguage":"fr-FR","potentialAction":[{"@type":"ReadAction","target":["https:\/\/www.urbanbiker.com\/fr\/batteries-au-lithium-et-mobilite-electrique-ce-qui-se-cache-derriere-un-urbanbiker\/"]}]},{"@type":"ImageObject","inLanguage":"fr-FR","@id":"https:\/\/www.urbanbiker.com\/fr\/batteries-au-lithium-et-mobilite-electrique-ce-qui-se-cache-derriere-un-urbanbiker\/#primaryimage","url":"https:\/\/www.urbanbiker.com\/wp-content\/uploads\/2026\/03\/Baterias-UrbanBiker-scaled.png","contentUrl":"https:\/\/www.urbanbiker.com\/wp-content\/uploads\/2026\/03\/Baterias-UrbanBiker-scaled.png","width":2560,"height":1280,"caption":"Autonom\u00eda y rendimiento garantizado"},{"@type":"BreadcrumbList","@id":"https:\/\/www.urbanbiker.com\/fr\/batteries-au-lithium-et-mobilite-electrique-ce-qui-se-cache-derriere-un-urbanbiker\/#breadcrumb","itemListElement":[{"@type":"ListItem","position":1,"name":"Portada","item":"https:\/\/www.urbanbiker.com\/fr\/"},{"@type":"ListItem","position":2,"name":"Batteries au lithium et mobilit\u00e9 \u00e9lectrique : ce qui se cache derri\u00e8re un UrbanBiker"}]},{"@type":"WebSite","@id":"https:\/\/www.urbanbiker.com\/fr\/#website","url":"https:\/\/www.urbanbiker.com\/fr\/","name":"UrbanBiker","description":"V\u00e9los \u00e9lectriques","publisher":{"@id":"https:\/\/www.urbanbiker.com\/fr\/#organization"},"potentialAction":[{"@type":"SearchAction","target":{"@type":"EntryPoint","urlTemplate":"https:\/\/www.urbanbiker.com\/fr\/?s={search_term_string}"},"query-input":{"@type":"PropertyValueSpecification","valueRequired":true,"valueName":"search_term_string"}}],"inLanguage":"fr-FR"},{"@type":"Organization","@id":"https:\/\/www.urbanbiker.com\/fr\/#organization","name":"UrbanBiker","url":"https:\/\/www.urbanbiker.com\/fr\/","logo":{"@type":"ImageObject","inLanguage":"fr-FR","@id":"https:\/\/www.urbanbiker.com\/fr\/#\/schema\/logo\/image\/","url":"https:\/\/www.urbanbiker.com\/wp-content\/uploads\/2022\/09\/Logo-principal-sin-fondo.png","contentUrl":"https:\/\/www.urbanbiker.com\/wp-content\/uploads\/2022\/09\/Logo-principal-sin-fondo.png","width":2560,"height":934,"caption":"UrbanBiker"},"image":{"@id":"https:\/\/www.urbanbiker.com\/fr\/#\/schema\/logo\/image\/"},"sameAs":["https:\/\/www.facebook.com\/Urbanbikerbiciselectricas","https:\/\/www.instagram.com\/urbanbiker_\/","https:\/\/www.linkedin.com\/company\/2454235","https:\/\/www.youtube.com\/channel\/UCWR__uH_RWJF-OhPfz-9-Qw"]},{"@type":"Person","@id":"https:\/\/www.urbanbiker.com\/fr\/#\/schema\/person\/3a87fe08ae0ad7df010c4f0609a75e9c","name":"UrbanBiker Espa\u00f1a","image":{"@type":"ImageObject","inLanguage":"fr-FR","@id":"https:\/\/secure.gravatar.com\/avatar\/5a4566847f58b92c592ba1df12070855f95d6f19fdb97a9d5da4d45d9a3d34d2?s=96&d=mm&r=g","url":"https:\/\/secure.gravatar.com\/avatar\/5a4566847f58b92c592ba1df12070855f95d6f19fdb97a9d5da4d45d9a3d34d2?s=96&d=mm&r=g","contentUrl":"https:\/\/secure.gravatar.com\/avatar\/5a4566847f58b92c592ba1df12070855f95d6f19fdb97a9d5da4d45d9a3d34d2?s=96&d=mm&r=g","caption":"UrbanBiker Espa\u00f1a"}}]}},"_links":{"self":[{"href":"https:\/\/www.urbanbiker.com\/fr\/wp-json\/wp\/v2\/posts\/60764","targetHints":{"allow":["GET"]}}],"collection":[{"href":"https:\/\/www.urbanbiker.com\/fr\/wp-json\/wp\/v2\/posts"}],"about":[{"href":"https:\/\/www.urbanbiker.com\/fr\/wp-json\/wp\/v2\/types\/post"}],"author":[{"embeddable":true,"href":"https:\/\/www.urbanbiker.com\/fr\/wp-json\/wp\/v2\/users\/28397"}],"replies":[{"embeddable":true,"href":"https:\/\/www.urbanbiker.com\/fr\/wp-json\/wp\/v2\/comments?post=60764"}],"version-history":[{"count":3,"href":"https:\/\/www.urbanbiker.com\/fr\/wp-json\/wp\/v2\/posts\/60764\/revisions"}],"predecessor-version":[{"id":62246,"href":"https:\/\/www.urbanbiker.com\/fr\/wp-json\/wp\/v2\/posts\/60764\/revisions\/62246"}],"wp:featuredmedia":[{"embeddable":true,"href":"https:\/\/www.urbanbiker.com\/fr\/wp-json\/wp\/v2\/media\/62205"}],"wp:attachment":[{"href":"https:\/\/www.urbanbiker.com\/fr\/wp-json\/wp\/v2\/media?parent=60764"}],"wp:term":[{"taxonomy":"category","embeddable":true,"href":"https:\/\/www.urbanbiker.com\/fr\/wp-json\/wp\/v2\/categories?post=60764"},{"taxonomy":"post_tag","embeddable":true,"href":"https:\/\/www.urbanbiker.com\/fr\/wp-json\/wp\/v2\/tags?post=60764"}],"curies":[{"name":"wp","href":"https:\/\/api.w.org\/{rel}","templated":true}]}}