{"id":39556,"date":"2023-05-24T03:32:41","date_gmt":"2023-05-24T01:32:41","guid":{"rendered":"https:\/\/www.urbanbiker.com\/en-cas-de-problemes-physiques-il-est-preferable-dutiliser-un-velo-electrique\/"},"modified":"2025-03-19T09:57:01","modified_gmt":"2025-03-19T08:57:01","slug":"en-cas-de-problemes-physiques-il-est-preferable-dutiliser-un-velo-electrique","status":"publish","type":"post","link":"https:\/\/www.urbanbiker.com\/fr\/en-cas-de-problemes-physiques-il-est-preferable-dutiliser-un-velo-electrique\/","title":{"rendered":"En cas de probl\u00e8mes physiques, il est pr\u00e9f\u00e9rable d&rsquo;utiliser un v\u00e9lo \u00e9lectrique."},"content":{"rendered":"\r\n<p><strong>En cas de probl\u00e8mes physiques, il est pr\u00e9f\u00e9rable d&rsquo;opter pour un v\u00e9lo \u00e9lectrique<\/strong>. Les <strong>v\u00e9los \u00e9lectriques<\/strong> sont l\u00e0 pour rester, m\u00eame si, au d\u00e9but, ils n&rsquo;\u00e9taient vendus que pour attirer les personnes qui, en raison d&rsquo;une maladie, de <strong>probl\u00e8mes physiques<\/strong> ou de la vieillesse, ne pouvaient plus rouler confortablement \u00e0 bicyclette.<\/p>\r\n\r\n\r\n\r\n<blockquote class=\"wp-block-quote is-layout-flow wp-block-quote-is-layout-flow\">\r\n<p>Si vous vous consid\u00e9rez comme trop vieux pour rouler sur un v\u00e9lo classique, un v\u00e9lo <strong>\u00e9lectrique<\/strong> vous permettra de gravir des routes et des montagnes qui, autrement, vous auraient demand\u00e9 beaucoup d&rsquo;efforts. Qu&rsquo;en pensez-vous ?<\/p>\r\n<\/blockquote>\r\n<p>Si vous souffrez d&rsquo;une affection qui vous emp\u00eache de faire du v\u00e9lo avec un v\u00e9lo <strong>\u00e9lectrique<\/strong>, vous pourrez parcourir une plus grande distance et monter ou descendre des c\u00f4tes (exercice physique mod\u00e9r\u00e9). Le v\u00e9lo ne vous portera pas tout seul, mais vous b\u00e9n\u00e9ficierez d&rsquo;un l\u00e9ger coup de pouce au d\u00e9marrage et lorsque vous commencerez \u00e0 monter une c\u00f4te. <strong>Les v\u00e9los \u00e9lectriques sont amusants !<\/strong><\/p>\r\n<p>N&rsquo;oubliez pas de toujours choisir le niveau d&rsquo;assistance adapt\u00e9 \u00e0 votre condition <strong>physique<\/strong>, \u00e0 votre poids et au terrain sur lequel vous roulez. Vous serez ainsi dans les meilleures conditions pour profiter longtemps de votre <strong>v\u00e9lo \u00e9lectrique<\/strong>. M\u00eame si vous n&rsquo;avez pas besoin de faire beaucoup d&rsquo;efforts pour vous d\u00e9placer, n&rsquo;oubliez pas que si vous ne p\u00e9dalez pas, vous ne bougez pas !<\/p>\r\n<p>*Vous aussi, vous pouvez faire du v\u00e9lo. Vous aussi, vous pouvez aller plus loin, plus vite et en moins de temps.<\/p>\r\n<p>Les <strong>v\u00e9los \u00e9lectriques<\/strong> sont l\u00e0 pour rester, m\u00eame si, au d\u00e9part, ils n&rsquo;\u00e9taient vendus que pour attirer les personnes qui, en raison d&rsquo;une maladie, de <strong>probl\u00e8mes physiques<\/strong> ou de l&rsquo;\u00e2ge, ne pouvaient plus rouler confortablement \u00e0 bicyclette.<\/p>","protected":false},"excerpt":{"rendered":"<p>Vestibulum eu quam nec neque pellentesque efficitur id eget nisl. Le port de la robe est un lieu de passage, mais il n&rsquo;y a pas de place pour les autres. Maecenas lacinia non orci at aliquam. Donec finibus, urna bibendum ultricies laoreet, augue eros luctus sapien, ut euismod leo tortor ac enim. In hac habitasse platea dictumst. Sed cursus venenatis tellus, non lobortis diam volutpat sit amet.     <\/p>\n","protected":false},"author":1,"featured_media":34845,"comment_status":"open","ping_status":"open","sticky":false,"template":"","format":"standard","meta":{"footnotes":""},"categories":[289],"tags":[],"class_list":["post-39556","post","type-post","status-publish","format-standard","has-post-thumbnail","hentry","category-conseil"],"yoast_head":"<!-- This site is optimized with the Yoast SEO plugin v27.5 - https:\/\/yoast.com\/product\/yoast-seo-wordpress\/ -->\n<title>En cas de probl\u00e8mes physiques, il est pr\u00e9f\u00e9rable d&#039;opter pour un v\u00e9lo \u00e9lectrique. UrbanBiker<\/title>\n<meta name=\"description\" content=\"En cas de probl\u00e8mes physiques, il est pr\u00e9f\u00e9rable d&#039;opter pour un v\u00e9lo \u00e9lectrique. L&#039;assistance qu&#039;il apporte permet \u00e0 un plus grand nombre de personnes de continuer \u00e0 faire du v\u00e9lo.\" \/>\n<meta name=\"robots\" content=\"index, follow, max-snippet:-1, max-image-preview:large, max-video-preview:-1\" \/>\n<link rel=\"canonical\" href=\"https:\/\/www.urbanbiker.com\/fr\/en-cas-de-problemes-physiques-il-est-preferable-dutiliser-un-velo-electrique\/\" \/>\n<meta property=\"og:locale\" content=\"fr_FR\" \/>\n<meta property=\"og:type\" content=\"article\" \/>\n<meta property=\"og:title\" content=\"En cas de probl\u00e8mes physiques, il est pr\u00e9f\u00e9rable d&#039;opter pour un v\u00e9lo \u00e9lectrique. UrbanBiker\" \/>\n<meta property=\"og:description\" content=\"En cas de probl\u00e8mes physiques, il est pr\u00e9f\u00e9rable d&#039;opter pour un v\u00e9lo \u00e9lectrique. L&#039;assistance qu&#039;il apporte permet \u00e0 un plus grand nombre de personnes de continuer \u00e0 faire du v\u00e9lo.\" \/>\n<meta property=\"og:url\" content=\"https:\/\/www.urbanbiker.com\/fr\/en-cas-de-problemes-physiques-il-est-preferable-dutiliser-un-velo-electrique\/\" \/>\n<meta property=\"og:site_name\" content=\"UrbanBiker\" \/>\n<meta property=\"article:publisher\" content=\"https:\/\/www.facebook.com\/Urbanbikerbiciselectricas\" \/>\n<meta property=\"article:author\" content=\"https:\/\/www.facebook.com\/Urbanbikerbiciselectricas\/\" \/>\n<meta property=\"article:published_time\" content=\"2023-05-24T01:32:41+00:00\" \/>\n<meta property=\"article:modified_time\" content=\"2025-03-19T08:57:01+00:00\" \/>\n<meta property=\"og:image\" content=\"http:\/\/www.urbanbiker.com\/wp-content\/uploads\/2023\/05\/Diseno-sin-titulo-19.png\" \/>\n\t<meta property=\"og:image:width\" content=\"970\" \/>\n\t<meta property=\"og:image:height\" content=\"600\" \/>\n\t<meta property=\"og:image:type\" content=\"image\/png\" \/>\n<meta name=\"author\" content=\"UrbanBiker\" \/>\n<meta name=\"twitter:card\" content=\"summary_large_image\" \/>\n<meta name=\"twitter:label1\" content=\"\u00c9crit par\" \/>\n\t<meta name=\"twitter:data1\" content=\"UrbanBiker\" \/>\n\t<meta name=\"twitter:label2\" content=\"Dur\u00e9e de lecture estim\u00e9e\" \/>\n\t<meta name=\"twitter:data2\" content=\"2 minutes\" \/>\n<script type=\"application\/ld+json\" class=\"yoast-schema-graph\">{\"@context\":\"https:\\\/\\\/schema.org\",\"@graph\":[{\"@type\":\"Article\",\"@id\":\"https:\\\/\\\/www.urbanbiker.com\\\/fr\\\/en-cas-de-problemes-physiques-il-est-preferable-dutiliser-un-velo-electrique\\\/#article\",\"isPartOf\":{\"@id\":\"https:\\\/\\\/www.urbanbiker.com\\\/fr\\\/en-cas-de-problemes-physiques-il-est-preferable-dutiliser-un-velo-electrique\\\/\"},\"author\":{\"name\":\"UrbanBiker\",\"@id\":\"https:\\\/\\\/www.urbanbiker.com\\\/fr\\\/#\\\/schema\\\/person\\\/1cb58f0792ef226d6d409b73059515e0\"},\"headline\":\"En cas de probl\u00e8mes physiques, il est pr\u00e9f\u00e9rable d&rsquo;utiliser un v\u00e9lo \u00e9lectrique.\",\"datePublished\":\"2023-05-24T01:32:41+00:00\",\"dateModified\":\"2025-03-19T08:57:01+00:00\",\"mainEntityOfPage\":{\"@id\":\"https:\\\/\\\/www.urbanbiker.com\\\/fr\\\/en-cas-de-problemes-physiques-il-est-preferable-dutiliser-un-velo-electrique\\\/\"},\"wordCount\":327,\"commentCount\":0,\"publisher\":{\"@id\":\"https:\\\/\\\/www.urbanbiker.com\\\/fr\\\/#organization\"},\"image\":{\"@id\":\"https:\\\/\\\/www.urbanbiker.com\\\/fr\\\/en-cas-de-problemes-physiques-il-est-preferable-dutiliser-un-velo-electrique\\\/#primaryimage\"},\"thumbnailUrl\":\"https:\\\/\\\/www.urbanbiker.com\\\/wp-content\\\/uploads\\\/2023\\\/05\\\/Diseno-sin-titulo-19.png\",\"articleSection\":[\"Conseil\"],\"inLanguage\":\"fr-FR\",\"potentialAction\":[{\"@type\":\"CommentAction\",\"name\":\"Comment\",\"target\":[\"https:\\\/\\\/www.urbanbiker.com\\\/fr\\\/en-cas-de-problemes-physiques-il-est-preferable-dutiliser-un-velo-electrique\\\/#respond\"]}]},{\"@type\":\"WebPage\",\"@id\":\"https:\\\/\\\/www.urbanbiker.com\\\/fr\\\/en-cas-de-problemes-physiques-il-est-preferable-dutiliser-un-velo-electrique\\\/\",\"url\":\"https:\\\/\\\/www.urbanbiker.com\\\/fr\\\/en-cas-de-problemes-physiques-il-est-preferable-dutiliser-un-velo-electrique\\\/\",\"name\":\"En cas de probl\u00e8mes physiques, il est pr\u00e9f\u00e9rable d'opter pour un v\u00e9lo \u00e9lectrique. UrbanBiker\",\"isPartOf\":{\"@id\":\"https:\\\/\\\/www.urbanbiker.com\\\/fr\\\/#website\"},\"primaryImageOfPage\":{\"@id\":\"https:\\\/\\\/www.urbanbiker.com\\\/fr\\\/en-cas-de-problemes-physiques-il-est-preferable-dutiliser-un-velo-electrique\\\/#primaryimage\"},\"image\":{\"@id\":\"https:\\\/\\\/www.urbanbiker.com\\\/fr\\\/en-cas-de-problemes-physiques-il-est-preferable-dutiliser-un-velo-electrique\\\/#primaryimage\"},\"thumbnailUrl\":\"https:\\\/\\\/www.urbanbiker.com\\\/wp-content\\\/uploads\\\/2023\\\/05\\\/Diseno-sin-titulo-19.png\",\"datePublished\":\"2023-05-24T01:32:41+00:00\",\"dateModified\":\"2025-03-19T08:57:01+00:00\",\"description\":\"En cas de probl\u00e8mes physiques, il est pr\u00e9f\u00e9rable d'opter pour un v\u00e9lo \u00e9lectrique. L'assistance qu'il apporte permet \u00e0 un plus grand nombre de personnes de continuer \u00e0 faire du v\u00e9lo.\",\"breadcrumb\":{\"@id\":\"https:\\\/\\\/www.urbanbiker.com\\\/fr\\\/en-cas-de-problemes-physiques-il-est-preferable-dutiliser-un-velo-electrique\\\/#breadcrumb\"},\"inLanguage\":\"fr-FR\",\"potentialAction\":[{\"@type\":\"ReadAction\",\"target\":[\"https:\\\/\\\/www.urbanbiker.com\\\/fr\\\/en-cas-de-problemes-physiques-il-est-preferable-dutiliser-un-velo-electrique\\\/\"]}]},{\"@type\":\"ImageObject\",\"inLanguage\":\"fr-FR\",\"@id\":\"https:\\\/\\\/www.urbanbiker.com\\\/fr\\\/en-cas-de-problemes-physiques-il-est-preferable-dutiliser-un-velo-electrique\\\/#primaryimage\",\"url\":\"https:\\\/\\\/www.urbanbiker.com\\\/wp-content\\\/uploads\\\/2023\\\/05\\\/Diseno-sin-titulo-19.png\",\"contentUrl\":\"https:\\\/\\\/www.urbanbiker.com\\\/wp-content\\\/uploads\\\/2023\\\/05\\\/Diseno-sin-titulo-19.png\",\"width\":970,\"height\":600,\"caption\":\"Si hay problemas f\u00edsicos mejor una bicicleta el\u00e9ctrica. La asistencia que proporciona permite que m\u00e1s personas puedan seguir montando en bici\"},{\"@type\":\"BreadcrumbList\",\"@id\":\"https:\\\/\\\/www.urbanbiker.com\\\/fr\\\/en-cas-de-problemes-physiques-il-est-preferable-dutiliser-un-velo-electrique\\\/#breadcrumb\",\"itemListElement\":[{\"@type\":\"ListItem\",\"position\":1,\"name\":\"Portada\",\"item\":\"https:\\\/\\\/www.urbanbiker.com\\\/fr\\\/\"},{\"@type\":\"ListItem\",\"position\":2,\"name\":\"En cas de probl\u00e8mes physiques, il est pr\u00e9f\u00e9rable d&#8217;utiliser un v\u00e9lo \u00e9lectrique.\"}]},{\"@type\":\"WebSite\",\"@id\":\"https:\\\/\\\/www.urbanbiker.com\\\/fr\\\/#website\",\"url\":\"https:\\\/\\\/www.urbanbiker.com\\\/fr\\\/\",\"name\":\"UrbanBiker\",\"description\":\"V\u00e9los \u00e9lectriques\",\"publisher\":{\"@id\":\"https:\\\/\\\/www.urbanbiker.com\\\/fr\\\/#organization\"},\"potentialAction\":[{\"@type\":\"SearchAction\",\"target\":{\"@type\":\"EntryPoint\",\"urlTemplate\":\"https:\\\/\\\/www.urbanbiker.com\\\/fr\\\/?s={search_term_string}\"},\"query-input\":{\"@type\":\"PropertyValueSpecification\",\"valueRequired\":true,\"valueName\":\"search_term_string\"}}],\"inLanguage\":\"fr-FR\"},{\"@type\":\"Organization\",\"@id\":\"https:\\\/\\\/www.urbanbiker.com\\\/fr\\\/#organization\",\"name\":\"UrbanBiker\",\"url\":\"https:\\\/\\\/www.urbanbiker.com\\\/fr\\\/\",\"logo\":{\"@type\":\"ImageObject\",\"inLanguage\":\"fr-FR\",\"@id\":\"https:\\\/\\\/www.urbanbiker.com\\\/fr\\\/#\\\/schema\\\/logo\\\/image\\\/\",\"url\":\"https:\\\/\\\/www.urbanbiker.com\\\/wp-content\\\/uploads\\\/2022\\\/09\\\/Logo-principal-sin-fondo.png\",\"contentUrl\":\"https:\\\/\\\/www.urbanbiker.com\\\/wp-content\\\/uploads\\\/2022\\\/09\\\/Logo-principal-sin-fondo.png\",\"width\":2560,\"height\":934,\"caption\":\"UrbanBiker\"},\"image\":{\"@id\":\"https:\\\/\\\/www.urbanbiker.com\\\/fr\\\/#\\\/schema\\\/logo\\\/image\\\/\"},\"sameAs\":[\"https:\\\/\\\/www.facebook.com\\\/Urbanbikerbiciselectricas\",\"https:\\\/\\\/www.instagram.com\\\/urbanbiker_\\\/\",\"https:\\\/\\\/www.linkedin.com\\\/company\\\/2454235\",\"https:\\\/\\\/www.youtube.com\\\/channel\\\/UCWR__uH_RWJF-OhPfz-9-Qw\"]},{\"@type\":\"Person\",\"@id\":\"https:\\\/\\\/www.urbanbiker.com\\\/fr\\\/#\\\/schema\\\/person\\\/1cb58f0792ef226d6d409b73059515e0\",\"name\":\"UrbanBiker\",\"image\":{\"@type\":\"ImageObject\",\"inLanguage\":\"fr-FR\",\"@id\":\"https:\\\/\\\/secure.gravatar.com\\\/avatar\\\/22838f387878aabd10c8c90196e14f05497ff2fdd7c1267a5f035aa48d9ed396?s=96&d=mm&r=g\",\"url\":\"https:\\\/\\\/secure.gravatar.com\\\/avatar\\\/22838f387878aabd10c8c90196e14f05497ff2fdd7c1267a5f035aa48d9ed396?s=96&d=mm&r=g\",\"contentUrl\":\"https:\\\/\\\/secure.gravatar.com\\\/avatar\\\/22838f387878aabd10c8c90196e14f05497ff2fdd7c1267a5f035aa48d9ed396?s=96&d=mm&r=g\",\"caption\":\"UrbanBiker\"},\"sameAs\":[\"http:\\\/\\\/www.urbanbiker.com\\\/\",\"https:\\\/\\\/www.facebook.com\\\/Urbanbikerbiciselectricas\\\/\",\"https:\\\/\\\/www.linkedin.com\\\/company\\\/urbanbiker\\\/\",\"https:\\\/\\\/www.youtube.com\\\/@UrbanbikerEbikes\"]}]}<\/script>\n<!-- \/ Yoast SEO plugin. -->","yoast_head_json":{"title":"En cas de probl\u00e8mes physiques, il est pr\u00e9f\u00e9rable d'opter pour un v\u00e9lo \u00e9lectrique. UrbanBiker","description":"En cas de probl\u00e8mes physiques, il est pr\u00e9f\u00e9rable d'opter pour un v\u00e9lo \u00e9lectrique. L'assistance qu'il apporte permet \u00e0 un plus grand nombre de personnes de continuer \u00e0 faire du v\u00e9lo.","robots":{"index":"index","follow":"follow","max-snippet":"max-snippet:-1","max-image-preview":"max-image-preview:large","max-video-preview":"max-video-preview:-1"},"canonical":"https:\/\/www.urbanbiker.com\/fr\/en-cas-de-problemes-physiques-il-est-preferable-dutiliser-un-velo-electrique\/","og_locale":"fr_FR","og_type":"article","og_title":"En cas de probl\u00e8mes physiques, il est pr\u00e9f\u00e9rable d'opter pour un v\u00e9lo \u00e9lectrique. UrbanBiker","og_description":"En cas de probl\u00e8mes physiques, il est pr\u00e9f\u00e9rable d'opter pour un v\u00e9lo \u00e9lectrique. L'assistance qu'il apporte permet \u00e0 un plus grand nombre de personnes de continuer \u00e0 faire du v\u00e9lo.","og_url":"https:\/\/www.urbanbiker.com\/fr\/en-cas-de-problemes-physiques-il-est-preferable-dutiliser-un-velo-electrique\/","og_site_name":"UrbanBiker","article_publisher":"https:\/\/www.facebook.com\/Urbanbikerbiciselectricas","article_author":"https:\/\/www.facebook.com\/Urbanbikerbiciselectricas\/","article_published_time":"2023-05-24T01:32:41+00:00","article_modified_time":"2025-03-19T08:57:01+00:00","og_image":[{"width":970,"height":600,"url":"http:\/\/www.urbanbiker.com\/wp-content\/uploads\/2023\/05\/Diseno-sin-titulo-19.png","type":"image\/png"}],"author":"UrbanBiker","twitter_card":"summary_large_image","twitter_misc":{"\u00c9crit par":"UrbanBiker","Dur\u00e9e de lecture estim\u00e9e":"2 minutes"},"schema":{"@context":"https:\/\/schema.org","@graph":[{"@type":"Article","@id":"https:\/\/www.urbanbiker.com\/fr\/en-cas-de-problemes-physiques-il-est-preferable-dutiliser-un-velo-electrique\/#article","isPartOf":{"@id":"https:\/\/www.urbanbiker.com\/fr\/en-cas-de-problemes-physiques-il-est-preferable-dutiliser-un-velo-electrique\/"},"author":{"name":"UrbanBiker","@id":"https:\/\/www.urbanbiker.com\/fr\/#\/schema\/person\/1cb58f0792ef226d6d409b73059515e0"},"headline":"En cas de probl\u00e8mes physiques, il est pr\u00e9f\u00e9rable d&rsquo;utiliser un v\u00e9lo \u00e9lectrique.","datePublished":"2023-05-24T01:32:41+00:00","dateModified":"2025-03-19T08:57:01+00:00","mainEntityOfPage":{"@id":"https:\/\/www.urbanbiker.com\/fr\/en-cas-de-problemes-physiques-il-est-preferable-dutiliser-un-velo-electrique\/"},"wordCount":327,"commentCount":0,"publisher":{"@id":"https:\/\/www.urbanbiker.com\/fr\/#organization"},"image":{"@id":"https:\/\/www.urbanbiker.com\/fr\/en-cas-de-problemes-physiques-il-est-preferable-dutiliser-un-velo-electrique\/#primaryimage"},"thumbnailUrl":"https:\/\/www.urbanbiker.com\/wp-content\/uploads\/2023\/05\/Diseno-sin-titulo-19.png","articleSection":["Conseil"],"inLanguage":"fr-FR","potentialAction":[{"@type":"CommentAction","name":"Comment","target":["https:\/\/www.urbanbiker.com\/fr\/en-cas-de-problemes-physiques-il-est-preferable-dutiliser-un-velo-electrique\/#respond"]}]},{"@type":"WebPage","@id":"https:\/\/www.urbanbiker.com\/fr\/en-cas-de-problemes-physiques-il-est-preferable-dutiliser-un-velo-electrique\/","url":"https:\/\/www.urbanbiker.com\/fr\/en-cas-de-problemes-physiques-il-est-preferable-dutiliser-un-velo-electrique\/","name":"En cas de probl\u00e8mes physiques, il est pr\u00e9f\u00e9rable d'opter pour un v\u00e9lo \u00e9lectrique. UrbanBiker","isPartOf":{"@id":"https:\/\/www.urbanbiker.com\/fr\/#website"},"primaryImageOfPage":{"@id":"https:\/\/www.urbanbiker.com\/fr\/en-cas-de-problemes-physiques-il-est-preferable-dutiliser-un-velo-electrique\/#primaryimage"},"image":{"@id":"https:\/\/www.urbanbiker.com\/fr\/en-cas-de-problemes-physiques-il-est-preferable-dutiliser-un-velo-electrique\/#primaryimage"},"thumbnailUrl":"https:\/\/www.urbanbiker.com\/wp-content\/uploads\/2023\/05\/Diseno-sin-titulo-19.png","datePublished":"2023-05-24T01:32:41+00:00","dateModified":"2025-03-19T08:57:01+00:00","description":"En cas de probl\u00e8mes physiques, il est pr\u00e9f\u00e9rable d'opter pour un v\u00e9lo \u00e9lectrique. L'assistance qu'il apporte permet \u00e0 un plus grand nombre de personnes de continuer \u00e0 faire du v\u00e9lo.","breadcrumb":{"@id":"https:\/\/www.urbanbiker.com\/fr\/en-cas-de-problemes-physiques-il-est-preferable-dutiliser-un-velo-electrique\/#breadcrumb"},"inLanguage":"fr-FR","potentialAction":[{"@type":"ReadAction","target":["https:\/\/www.urbanbiker.com\/fr\/en-cas-de-problemes-physiques-il-est-preferable-dutiliser-un-velo-electrique\/"]}]},{"@type":"ImageObject","inLanguage":"fr-FR","@id":"https:\/\/www.urbanbiker.com\/fr\/en-cas-de-problemes-physiques-il-est-preferable-dutiliser-un-velo-electrique\/#primaryimage","url":"https:\/\/www.urbanbiker.com\/wp-content\/uploads\/2023\/05\/Diseno-sin-titulo-19.png","contentUrl":"https:\/\/www.urbanbiker.com\/wp-content\/uploads\/2023\/05\/Diseno-sin-titulo-19.png","width":970,"height":600,"caption":"Si hay problemas f\u00edsicos mejor una bicicleta el\u00e9ctrica. La asistencia que proporciona permite que m\u00e1s personas puedan seguir montando en bici"},{"@type":"BreadcrumbList","@id":"https:\/\/www.urbanbiker.com\/fr\/en-cas-de-problemes-physiques-il-est-preferable-dutiliser-un-velo-electrique\/#breadcrumb","itemListElement":[{"@type":"ListItem","position":1,"name":"Portada","item":"https:\/\/www.urbanbiker.com\/fr\/"},{"@type":"ListItem","position":2,"name":"En cas de probl\u00e8mes physiques, il est pr\u00e9f\u00e9rable d&#8217;utiliser un v\u00e9lo \u00e9lectrique."}]},{"@type":"WebSite","@id":"https:\/\/www.urbanbiker.com\/fr\/#website","url":"https:\/\/www.urbanbiker.com\/fr\/","name":"UrbanBiker","description":"V\u00e9los \u00e9lectriques","publisher":{"@id":"https:\/\/www.urbanbiker.com\/fr\/#organization"},"potentialAction":[{"@type":"SearchAction","target":{"@type":"EntryPoint","urlTemplate":"https:\/\/www.urbanbiker.com\/fr\/?s={search_term_string}"},"query-input":{"@type":"PropertyValueSpecification","valueRequired":true,"valueName":"search_term_string"}}],"inLanguage":"fr-FR"},{"@type":"Organization","@id":"https:\/\/www.urbanbiker.com\/fr\/#organization","name":"UrbanBiker","url":"https:\/\/www.urbanbiker.com\/fr\/","logo":{"@type":"ImageObject","inLanguage":"fr-FR","@id":"https:\/\/www.urbanbiker.com\/fr\/#\/schema\/logo\/image\/","url":"https:\/\/www.urbanbiker.com\/wp-content\/uploads\/2022\/09\/Logo-principal-sin-fondo.png","contentUrl":"https:\/\/www.urbanbiker.com\/wp-content\/uploads\/2022\/09\/Logo-principal-sin-fondo.png","width":2560,"height":934,"caption":"UrbanBiker"},"image":{"@id":"https:\/\/www.urbanbiker.com\/fr\/#\/schema\/logo\/image\/"},"sameAs":["https:\/\/www.facebook.com\/Urbanbikerbiciselectricas","https:\/\/www.instagram.com\/urbanbiker_\/","https:\/\/www.linkedin.com\/company\/2454235","https:\/\/www.youtube.com\/channel\/UCWR__uH_RWJF-OhPfz-9-Qw"]},{"@type":"Person","@id":"https:\/\/www.urbanbiker.com\/fr\/#\/schema\/person\/1cb58f0792ef226d6d409b73059515e0","name":"UrbanBiker","image":{"@type":"ImageObject","inLanguage":"fr-FR","@id":"https:\/\/secure.gravatar.com\/avatar\/22838f387878aabd10c8c90196e14f05497ff2fdd7c1267a5f035aa48d9ed396?s=96&d=mm&r=g","url":"https:\/\/secure.gravatar.com\/avatar\/22838f387878aabd10c8c90196e14f05497ff2fdd7c1267a5f035aa48d9ed396?s=96&d=mm&r=g","contentUrl":"https:\/\/secure.gravatar.com\/avatar\/22838f387878aabd10c8c90196e14f05497ff2fdd7c1267a5f035aa48d9ed396?s=96&d=mm&r=g","caption":"UrbanBiker"},"sameAs":["http:\/\/www.urbanbiker.com\/","https:\/\/www.facebook.com\/Urbanbikerbiciselectricas\/","https:\/\/www.linkedin.com\/company\/urbanbiker\/","https:\/\/www.youtube.com\/@UrbanbikerEbikes"]}]}},"_links":{"self":[{"href":"https:\/\/www.urbanbiker.com\/fr\/wp-json\/wp\/v2\/posts\/39556","targetHints":{"allow":["GET"]}}],"collection":[{"href":"https:\/\/www.urbanbiker.com\/fr\/wp-json\/wp\/v2\/posts"}],"about":[{"href":"https:\/\/www.urbanbiker.com\/fr\/wp-json\/wp\/v2\/types\/post"}],"author":[{"embeddable":true,"href":"https:\/\/www.urbanbiker.com\/fr\/wp-json\/wp\/v2\/users\/1"}],"replies":[{"embeddable":true,"href":"https:\/\/www.urbanbiker.com\/fr\/wp-json\/wp\/v2\/comments?post=39556"}],"version-history":[{"count":2,"href":"https:\/\/www.urbanbiker.com\/fr\/wp-json\/wp\/v2\/posts\/39556\/revisions"}],"predecessor-version":[{"id":39647,"href":"https:\/\/www.urbanbiker.com\/fr\/wp-json\/wp\/v2\/posts\/39556\/revisions\/39647"}],"wp:featuredmedia":[{"embeddable":true,"href":"https:\/\/www.urbanbiker.com\/fr\/wp-json\/wp\/v2\/media\/34845"}],"wp:attachment":[{"href":"https:\/\/www.urbanbiker.com\/fr\/wp-json\/wp\/v2\/media?parent=39556"}],"wp:term":[{"taxonomy":"category","embeddable":true,"href":"https:\/\/www.urbanbiker.com\/fr\/wp-json\/wp\/v2\/categories?post=39556"},{"taxonomy":"post_tag","embeddable":true,"href":"https:\/\/www.urbanbiker.com\/fr\/wp-json\/wp\/v2\/tags?post=39556"}],"curies":[{"name":"wp","href":"https:\/\/api.w.org\/{rel}","templated":true}]}}