{"id":39526,"date":"2024-03-01T03:32:46","date_gmt":"2024-03-01T02:32:46","guid":{"rendered":"https:\/\/www.urbanbiker.com\/combien-de-kilometres-peut-on-parcourir-avec-un-velo-electrique\/"},"modified":"2025-03-18T17:16:39","modified_gmt":"2025-03-18T16:16:39","slug":"combien-de-kilometres-peut-on-parcourir-avec-un-velo-electrique","status":"publish","type":"post","link":"https:\/\/www.urbanbiker.com\/fr\/combien-de-kilometres-peut-on-parcourir-avec-un-velo-electrique\/","title":{"rendered":"Combien de kilom\u00e8tres peut-on parcourir avec un v\u00e9lo \u00e9lectrique?"},"content":{"rendered":"\r\n<p>C&rsquo;est une question r\u00e9currente <strong>: combien de kilom\u00e8tres peut-on parcourir avec un v\u00e9lo \u00e9lectrique ?<\/strong><strong><em>Si vous ne vous contentez pas d&rsquo;une simple balade \u00e0 v\u00e9lo dans le parc, vous vous \u00eates d\u00e9j\u00e0 pos\u00e9 cette question \u00e0 plusieurs reprises.<\/em><\/strong> Si vous ne vous contentez pas d&rsquo;une simple balade \u00e0 v\u00e9lo dans le parc, vous vous \u00eates d\u00e9j\u00e0 pos\u00e9 cette question \u00e0 plusieurs reprises.<\/p>\r\n\r\n\r\n\r\n<blockquote class=\"wp-block-quote is-layout-flow wp-block-quote-is-layout-flow\">\r\n<p>Sur UrbanBiker, nous avons la r\u00e9ponse qu&rsquo;il vous faut : <strong><em>jusqu&rsquo;\u00e0 200 km en une journ\u00e9e<\/em><\/strong>.<\/p>\r\n<\/blockquote>\r\n<p>Si vous pouvez et <strong><em>voulez p\u00e9daler loin<\/em><\/strong> nous avons la batterie #lithium la plus puissante du march\u00e9 avec 960W. Vous pouvez aller de Le\u00f3n \u00e0 Zamora et m\u00eame faire quelques tours de piste, <strong><em>avec une seule charge.<\/em><\/strong>.<\/p>\r\n<p>Et si c&rsquo;est trop pour vous, optez pour la batterie de 760 W car vous pourrez parcourir jusqu&rsquo;\u00e0 160 km, ce qui est une distance consid\u00e9rable.<\/p>\r\n<p>Ces batteries sont valables et #interchangeables pour nos mod\u00e8les de trekking Viena et de montagne Dakota.<\/p>\r\n<p>Mais n&rsquo;oubliez pas quelques <strong>d\u00e9tails importants<\/strong>. La distance que vous pouvez parcourir <strong>ne d\u00e9pend pas seulement de la batterie<\/strong>, mais aussi d&rsquo;autres facteurs importants tels que votre propre poids, le poids du v\u00e9lo, la charge que vous portez, le type de terrain, les conditions m\u00e9t\u00e9orologiques au moment o\u00f9 vous p\u00e9dalez, etc&#8230;<\/p>\r\n<p>*Des batteries de 540W sont disponibles pour les mod\u00e8les Sidney, notre v\u00e9lo <strong>\u00e9lectrique<\/strong> de tourisme, et Mini, notre v\u00e9lo \u00e9lectrique pliant.<\/p>\r\n<p>Avec cette batterie, vous pouvez parcourir 100 km en mode Eco. Pas mal pour une balade \u00e0 v\u00e9lo, vous ne trouvez pas ?<\/p>\r\n<p>Pensez-vous pouvoir faire 100 km en une journ\u00e9e sans \u00eatre un pro ? Ne pensez pas que c&rsquo;est trop, car si vous aimez p\u00e9daler et que vous \u00eates en forme, l&rsquo;assistance \u00e9lectrique vous donnera ce coup de pouce suppl\u00e9mentaire. Il est plus que prouv\u00e9 qu&rsquo;avec un v\u00e9lo <strong>\u00e9lectrique<\/strong>, vous pouvez parcourir plus de <strong>kilom\u00e8tres<\/strong> et p\u00e9daler plus longtemps parce que l&rsquo;assistance \u00e9lectrique vous aide et vous rend la t\u00e2che un peu plus facile.<\/p>","protected":false},"excerpt":{"rendered":"<p>Vestibulum eu quam nec neque pellentesque efficitur id eget nisl. Le port de la robe est un lieu de passage, mais il n&rsquo;y a pas de place pour les autres. Maecenas lacinia non orci at aliquam. Donec finibus, urna bibendum ultricies laoreet, augue eros luctus sapien, ut euismod leo tortor ac enim. In hac habitasse platea dictumst. Sed cursus venenatis tellus, non lobortis diam volutpat sit amet.     <\/p>\n","protected":false},"author":1,"featured_media":34887,"comment_status":"open","ping_status":"open","sticky":false,"template":"","format":"standard","meta":{"footnotes":""},"categories":[289,428,435],"tags":[],"class_list":["post-39526","post","type-post","status-publish","format-standard","has-post-thumbnail","hentry","category-conseil","category-modeles","category-pieces"],"yoast_head":"<!-- This site is optimized with the Yoast SEO plugin v27.5 - https:\/\/yoast.com\/product\/yoast-seo-wordpress\/ -->\n<title>Combien de kilom\u00e8tres peut-on parcourir avec un v\u00e9lo \u00e9lectrique ?<\/title>\n<meta name=\"description\" content=\"Combien de kilom\u00e8tres peut-on parcourir avec un v\u00e9lo \u00e9lectrique ? Sur UrbanBiker, nous avons la r\u00e9ponse : jusqu&#039;\u00e0 200 km par jour.\" \/>\n<meta name=\"robots\" content=\"noindex, follow\" \/>\n<meta property=\"og:locale\" content=\"fr_FR\" \/>\n<meta property=\"og:type\" content=\"article\" \/>\n<meta property=\"og:title\" content=\"Combien de kilom\u00e8tres peut-on parcourir avec un v\u00e9lo \u00e9lectrique ?\" \/>\n<meta property=\"og:description\" content=\"Combien de kilom\u00e8tres peut-on parcourir avec un v\u00e9lo \u00e9lectrique ? Sur UrbanBiker, nous avons la r\u00e9ponse : jusqu&#039;\u00e0 200 km par jour.\" \/>\n<meta property=\"og:url\" content=\"https:\/\/www.urbanbiker.com\/fr\/combien-de-kilometres-peut-on-parcourir-avec-un-velo-electrique\/\" \/>\n<meta property=\"og:site_name\" content=\"UrbanBiker\" \/>\n<meta property=\"article:publisher\" content=\"https:\/\/www.facebook.com\/Urbanbikerbiciselectricas\" \/>\n<meta property=\"article:author\" content=\"https:\/\/www.facebook.com\/Urbanbikerbiciselectricas\/\" \/>\n<meta property=\"article:published_time\" content=\"2024-03-01T02:32:46+00:00\" \/>\n<meta property=\"article:modified_time\" content=\"2025-03-18T16:16:39+00:00\" \/>\n<meta property=\"og:image\" content=\"https:\/\/www.urbanbiker.com\/wp-content\/uploads\/2024\/03\/kilometros.jpg\" \/>\n\t<meta property=\"og:image:width\" content=\"1200\" \/>\n\t<meta property=\"og:image:height\" content=\"800\" \/>\n\t<meta property=\"og:image:type\" content=\"image\/jpeg\" \/>\n<meta name=\"author\" content=\"UrbanBiker\" \/>\n<meta name=\"twitter:card\" content=\"summary_large_image\" \/>\n<meta name=\"twitter:label1\" content=\"\u00c9crit par\" \/>\n\t<meta name=\"twitter:data1\" content=\"UrbanBiker\" \/>\n\t<meta name=\"twitter:label2\" content=\"Dur\u00e9e de lecture estim\u00e9e\" \/>\n\t<meta name=\"twitter:data2\" content=\"2 minutes\" \/>\n<script type=\"application\/ld+json\" class=\"yoast-schema-graph\">{\"@context\":\"https:\\\/\\\/schema.org\",\"@graph\":[{\"@type\":\"Article\",\"@id\":\"https:\\\/\\\/www.urbanbiker.com\\\/fr\\\/combien-de-kilometres-peut-on-parcourir-avec-un-velo-electrique\\\/#article\",\"isPartOf\":{\"@id\":\"https:\\\/\\\/www.urbanbiker.com\\\/fr\\\/combien-de-kilometres-peut-on-parcourir-avec-un-velo-electrique\\\/\"},\"author\":{\"name\":\"UrbanBiker\",\"@id\":\"https:\\\/\\\/www.urbanbiker.com\\\/fr\\\/#\\\/schema\\\/person\\\/1cb58f0792ef226d6d409b73059515e0\"},\"headline\":\"Combien de kilom\u00e8tres peut-on parcourir avec un v\u00e9lo \u00e9lectrique?\",\"datePublished\":\"2024-03-01T02:32:46+00:00\",\"dateModified\":\"2025-03-18T16:16:39+00:00\",\"mainEntityOfPage\":{\"@id\":\"https:\\\/\\\/www.urbanbiker.com\\\/fr\\\/combien-de-kilometres-peut-on-parcourir-avec-un-velo-electrique\\\/\"},\"wordCount\":363,\"commentCount\":0,\"publisher\":{\"@id\":\"https:\\\/\\\/www.urbanbiker.com\\\/fr\\\/#organization\"},\"image\":{\"@id\":\"https:\\\/\\\/www.urbanbiker.com\\\/fr\\\/combien-de-kilometres-peut-on-parcourir-avec-un-velo-electrique\\\/#primaryimage\"},\"thumbnailUrl\":\"https:\\\/\\\/www.urbanbiker.com\\\/wp-content\\\/uploads\\\/2024\\\/03\\\/kilometros.jpg\",\"articleSection\":[\"Conseil\",\"Mod\u00e8les\",\"Pi\u00e8ces\"],\"inLanguage\":\"fr-FR\",\"potentialAction\":[{\"@type\":\"CommentAction\",\"name\":\"Comment\",\"target\":[\"https:\\\/\\\/www.urbanbiker.com\\\/fr\\\/combien-de-kilometres-peut-on-parcourir-avec-un-velo-electrique\\\/#respond\"]}]},{\"@type\":\"WebPage\",\"@id\":\"https:\\\/\\\/www.urbanbiker.com\\\/fr\\\/combien-de-kilometres-peut-on-parcourir-avec-un-velo-electrique\\\/\",\"url\":\"https:\\\/\\\/www.urbanbiker.com\\\/fr\\\/combien-de-kilometres-peut-on-parcourir-avec-un-velo-electrique\\\/\",\"name\":\"Combien de kilom\u00e8tres peut-on parcourir avec un v\u00e9lo \u00e9lectrique ?\",\"isPartOf\":{\"@id\":\"https:\\\/\\\/www.urbanbiker.com\\\/fr\\\/#website\"},\"primaryImageOfPage\":{\"@id\":\"https:\\\/\\\/www.urbanbiker.com\\\/fr\\\/combien-de-kilometres-peut-on-parcourir-avec-un-velo-electrique\\\/#primaryimage\"},\"image\":{\"@id\":\"https:\\\/\\\/www.urbanbiker.com\\\/fr\\\/combien-de-kilometres-peut-on-parcourir-avec-un-velo-electrique\\\/#primaryimage\"},\"thumbnailUrl\":\"https:\\\/\\\/www.urbanbiker.com\\\/wp-content\\\/uploads\\\/2024\\\/03\\\/kilometros.jpg\",\"datePublished\":\"2024-03-01T02:32:46+00:00\",\"dateModified\":\"2025-03-18T16:16:39+00:00\",\"description\":\"Combien de kilom\u00e8tres peut-on parcourir avec un v\u00e9lo \u00e9lectrique ? Sur UrbanBiker, nous avons la r\u00e9ponse : jusqu'\u00e0 200 km par jour.\",\"breadcrumb\":{\"@id\":\"https:\\\/\\\/www.urbanbiker.com\\\/fr\\\/combien-de-kilometres-peut-on-parcourir-avec-un-velo-electrique\\\/#breadcrumb\"},\"inLanguage\":\"fr-FR\",\"potentialAction\":[{\"@type\":\"ReadAction\",\"target\":[\"https:\\\/\\\/www.urbanbiker.com\\\/fr\\\/combien-de-kilometres-peut-on-parcourir-avec-un-velo-electrique\\\/\"]}]},{\"@type\":\"ImageObject\",\"inLanguage\":\"fr-FR\",\"@id\":\"https:\\\/\\\/www.urbanbiker.com\\\/fr\\\/combien-de-kilometres-peut-on-parcourir-avec-un-velo-electrique\\\/#primaryimage\",\"url\":\"https:\\\/\\\/www.urbanbiker.com\\\/wp-content\\\/uploads\\\/2024\\\/03\\\/kilometros.jpg\",\"contentUrl\":\"https:\\\/\\\/www.urbanbiker.com\\\/wp-content\\\/uploads\\\/2024\\\/03\\\/kilometros.jpg\",\"width\":1200,\"height\":800},{\"@type\":\"BreadcrumbList\",\"@id\":\"https:\\\/\\\/www.urbanbiker.com\\\/fr\\\/combien-de-kilometres-peut-on-parcourir-avec-un-velo-electrique\\\/#breadcrumb\",\"itemListElement\":[{\"@type\":\"ListItem\",\"position\":1,\"name\":\"Portada\",\"item\":\"https:\\\/\\\/www.urbanbiker.com\\\/fr\\\/\"},{\"@type\":\"ListItem\",\"position\":2,\"name\":\"Combien de kilom\u00e8tres peut-on parcourir avec un v\u00e9lo \u00e9lectrique?\"}]},{\"@type\":\"WebSite\",\"@id\":\"https:\\\/\\\/www.urbanbiker.com\\\/fr\\\/#website\",\"url\":\"https:\\\/\\\/www.urbanbiker.com\\\/fr\\\/\",\"name\":\"UrbanBiker\",\"description\":\"V\u00e9los \u00e9lectriques\",\"publisher\":{\"@id\":\"https:\\\/\\\/www.urbanbiker.com\\\/fr\\\/#organization\"},\"potentialAction\":[{\"@type\":\"SearchAction\",\"target\":{\"@type\":\"EntryPoint\",\"urlTemplate\":\"https:\\\/\\\/www.urbanbiker.com\\\/fr\\\/?s={search_term_string}\"},\"query-input\":{\"@type\":\"PropertyValueSpecification\",\"valueRequired\":true,\"valueName\":\"search_term_string\"}}],\"inLanguage\":\"fr-FR\"},{\"@type\":\"Organization\",\"@id\":\"https:\\\/\\\/www.urbanbiker.com\\\/fr\\\/#organization\",\"name\":\"UrbanBiker\",\"url\":\"https:\\\/\\\/www.urbanbiker.com\\\/fr\\\/\",\"logo\":{\"@type\":\"ImageObject\",\"inLanguage\":\"fr-FR\",\"@id\":\"https:\\\/\\\/www.urbanbiker.com\\\/fr\\\/#\\\/schema\\\/logo\\\/image\\\/\",\"url\":\"https:\\\/\\\/www.urbanbiker.com\\\/wp-content\\\/uploads\\\/2022\\\/09\\\/Logo-principal-sin-fondo.png\",\"contentUrl\":\"https:\\\/\\\/www.urbanbiker.com\\\/wp-content\\\/uploads\\\/2022\\\/09\\\/Logo-principal-sin-fondo.png\",\"width\":2560,\"height\":934,\"caption\":\"UrbanBiker\"},\"image\":{\"@id\":\"https:\\\/\\\/www.urbanbiker.com\\\/fr\\\/#\\\/schema\\\/logo\\\/image\\\/\"},\"sameAs\":[\"https:\\\/\\\/www.facebook.com\\\/Urbanbikerbiciselectricas\",\"https:\\\/\\\/www.instagram.com\\\/urbanbiker_\\\/\",\"https:\\\/\\\/www.linkedin.com\\\/company\\\/2454235\",\"https:\\\/\\\/www.youtube.com\\\/channel\\\/UCWR__uH_RWJF-OhPfz-9-Qw\"]},{\"@type\":\"Person\",\"@id\":\"https:\\\/\\\/www.urbanbiker.com\\\/fr\\\/#\\\/schema\\\/person\\\/1cb58f0792ef226d6d409b73059515e0\",\"name\":\"UrbanBiker\",\"image\":{\"@type\":\"ImageObject\",\"inLanguage\":\"fr-FR\",\"@id\":\"https:\\\/\\\/secure.gravatar.com\\\/avatar\\\/22838f387878aabd10c8c90196e14f05497ff2fdd7c1267a5f035aa48d9ed396?s=96&d=mm&r=g\",\"url\":\"https:\\\/\\\/secure.gravatar.com\\\/avatar\\\/22838f387878aabd10c8c90196e14f05497ff2fdd7c1267a5f035aa48d9ed396?s=96&d=mm&r=g\",\"contentUrl\":\"https:\\\/\\\/secure.gravatar.com\\\/avatar\\\/22838f387878aabd10c8c90196e14f05497ff2fdd7c1267a5f035aa48d9ed396?s=96&d=mm&r=g\",\"caption\":\"UrbanBiker\"},\"sameAs\":[\"http:\\\/\\\/www.urbanbiker.com\\\/\",\"https:\\\/\\\/www.facebook.com\\\/Urbanbikerbiciselectricas\\\/\",\"https:\\\/\\\/www.linkedin.com\\\/company\\\/urbanbiker\\\/\",\"https:\\\/\\\/www.youtube.com\\\/@UrbanbikerEbikes\"]}]}<\/script>\n<!-- \/ Yoast SEO plugin. -->","yoast_head_json":{"title":"Combien de kilom\u00e8tres peut-on parcourir avec un v\u00e9lo \u00e9lectrique ?","description":"Combien de kilom\u00e8tres peut-on parcourir avec un v\u00e9lo \u00e9lectrique ? Sur UrbanBiker, nous avons la r\u00e9ponse : jusqu'\u00e0 200 km par jour.","robots":{"index":"noindex","follow":"follow"},"og_locale":"fr_FR","og_type":"article","og_title":"Combien de kilom\u00e8tres peut-on parcourir avec un v\u00e9lo \u00e9lectrique ?","og_description":"Combien de kilom\u00e8tres peut-on parcourir avec un v\u00e9lo \u00e9lectrique ? Sur UrbanBiker, nous avons la r\u00e9ponse : jusqu'\u00e0 200 km par jour.","og_url":"https:\/\/www.urbanbiker.com\/fr\/combien-de-kilometres-peut-on-parcourir-avec-un-velo-electrique\/","og_site_name":"UrbanBiker","article_publisher":"https:\/\/www.facebook.com\/Urbanbikerbiciselectricas","article_author":"https:\/\/www.facebook.com\/Urbanbikerbiciselectricas\/","article_published_time":"2024-03-01T02:32:46+00:00","article_modified_time":"2025-03-18T16:16:39+00:00","og_image":[{"width":1200,"height":800,"url":"https:\/\/www.urbanbiker.com\/wp-content\/uploads\/2024\/03\/kilometros.jpg","type":"image\/jpeg"}],"author":"UrbanBiker","twitter_card":"summary_large_image","twitter_misc":{"\u00c9crit par":"UrbanBiker","Dur\u00e9e de lecture estim\u00e9e":"2 minutes"},"schema":{"@context":"https:\/\/schema.org","@graph":[{"@type":"Article","@id":"https:\/\/www.urbanbiker.com\/fr\/combien-de-kilometres-peut-on-parcourir-avec-un-velo-electrique\/#article","isPartOf":{"@id":"https:\/\/www.urbanbiker.com\/fr\/combien-de-kilometres-peut-on-parcourir-avec-un-velo-electrique\/"},"author":{"name":"UrbanBiker","@id":"https:\/\/www.urbanbiker.com\/fr\/#\/schema\/person\/1cb58f0792ef226d6d409b73059515e0"},"headline":"Combien de kilom\u00e8tres peut-on parcourir avec un v\u00e9lo \u00e9lectrique?","datePublished":"2024-03-01T02:32:46+00:00","dateModified":"2025-03-18T16:16:39+00:00","mainEntityOfPage":{"@id":"https:\/\/www.urbanbiker.com\/fr\/combien-de-kilometres-peut-on-parcourir-avec-un-velo-electrique\/"},"wordCount":363,"commentCount":0,"publisher":{"@id":"https:\/\/www.urbanbiker.com\/fr\/#organization"},"image":{"@id":"https:\/\/www.urbanbiker.com\/fr\/combien-de-kilometres-peut-on-parcourir-avec-un-velo-electrique\/#primaryimage"},"thumbnailUrl":"https:\/\/www.urbanbiker.com\/wp-content\/uploads\/2024\/03\/kilometros.jpg","articleSection":["Conseil","Mod\u00e8les","Pi\u00e8ces"],"inLanguage":"fr-FR","potentialAction":[{"@type":"CommentAction","name":"Comment","target":["https:\/\/www.urbanbiker.com\/fr\/combien-de-kilometres-peut-on-parcourir-avec-un-velo-electrique\/#respond"]}]},{"@type":"WebPage","@id":"https:\/\/www.urbanbiker.com\/fr\/combien-de-kilometres-peut-on-parcourir-avec-un-velo-electrique\/","url":"https:\/\/www.urbanbiker.com\/fr\/combien-de-kilometres-peut-on-parcourir-avec-un-velo-electrique\/","name":"Combien de kilom\u00e8tres peut-on parcourir avec un v\u00e9lo \u00e9lectrique ?","isPartOf":{"@id":"https:\/\/www.urbanbiker.com\/fr\/#website"},"primaryImageOfPage":{"@id":"https:\/\/www.urbanbiker.com\/fr\/combien-de-kilometres-peut-on-parcourir-avec-un-velo-electrique\/#primaryimage"},"image":{"@id":"https:\/\/www.urbanbiker.com\/fr\/combien-de-kilometres-peut-on-parcourir-avec-un-velo-electrique\/#primaryimage"},"thumbnailUrl":"https:\/\/www.urbanbiker.com\/wp-content\/uploads\/2024\/03\/kilometros.jpg","datePublished":"2024-03-01T02:32:46+00:00","dateModified":"2025-03-18T16:16:39+00:00","description":"Combien de kilom\u00e8tres peut-on parcourir avec un v\u00e9lo \u00e9lectrique ? Sur UrbanBiker, nous avons la r\u00e9ponse : jusqu'\u00e0 200 km par jour.","breadcrumb":{"@id":"https:\/\/www.urbanbiker.com\/fr\/combien-de-kilometres-peut-on-parcourir-avec-un-velo-electrique\/#breadcrumb"},"inLanguage":"fr-FR","potentialAction":[{"@type":"ReadAction","target":["https:\/\/www.urbanbiker.com\/fr\/combien-de-kilometres-peut-on-parcourir-avec-un-velo-electrique\/"]}]},{"@type":"ImageObject","inLanguage":"fr-FR","@id":"https:\/\/www.urbanbiker.com\/fr\/combien-de-kilometres-peut-on-parcourir-avec-un-velo-electrique\/#primaryimage","url":"https:\/\/www.urbanbiker.com\/wp-content\/uploads\/2024\/03\/kilometros.jpg","contentUrl":"https:\/\/www.urbanbiker.com\/wp-content\/uploads\/2024\/03\/kilometros.jpg","width":1200,"height":800},{"@type":"BreadcrumbList","@id":"https:\/\/www.urbanbiker.com\/fr\/combien-de-kilometres-peut-on-parcourir-avec-un-velo-electrique\/#breadcrumb","itemListElement":[{"@type":"ListItem","position":1,"name":"Portada","item":"https:\/\/www.urbanbiker.com\/fr\/"},{"@type":"ListItem","position":2,"name":"Combien de kilom\u00e8tres peut-on parcourir avec un v\u00e9lo \u00e9lectrique?"}]},{"@type":"WebSite","@id":"https:\/\/www.urbanbiker.com\/fr\/#website","url":"https:\/\/www.urbanbiker.com\/fr\/","name":"UrbanBiker","description":"V\u00e9los \u00e9lectriques","publisher":{"@id":"https:\/\/www.urbanbiker.com\/fr\/#organization"},"potentialAction":[{"@type":"SearchAction","target":{"@type":"EntryPoint","urlTemplate":"https:\/\/www.urbanbiker.com\/fr\/?s={search_term_string}"},"query-input":{"@type":"PropertyValueSpecification","valueRequired":true,"valueName":"search_term_string"}}],"inLanguage":"fr-FR"},{"@type":"Organization","@id":"https:\/\/www.urbanbiker.com\/fr\/#organization","name":"UrbanBiker","url":"https:\/\/www.urbanbiker.com\/fr\/","logo":{"@type":"ImageObject","inLanguage":"fr-FR","@id":"https:\/\/www.urbanbiker.com\/fr\/#\/schema\/logo\/image\/","url":"https:\/\/www.urbanbiker.com\/wp-content\/uploads\/2022\/09\/Logo-principal-sin-fondo.png","contentUrl":"https:\/\/www.urbanbiker.com\/wp-content\/uploads\/2022\/09\/Logo-principal-sin-fondo.png","width":2560,"height":934,"caption":"UrbanBiker"},"image":{"@id":"https:\/\/www.urbanbiker.com\/fr\/#\/schema\/logo\/image\/"},"sameAs":["https:\/\/www.facebook.com\/Urbanbikerbiciselectricas","https:\/\/www.instagram.com\/urbanbiker_\/","https:\/\/www.linkedin.com\/company\/2454235","https:\/\/www.youtube.com\/channel\/UCWR__uH_RWJF-OhPfz-9-Qw"]},{"@type":"Person","@id":"https:\/\/www.urbanbiker.com\/fr\/#\/schema\/person\/1cb58f0792ef226d6d409b73059515e0","name":"UrbanBiker","image":{"@type":"ImageObject","inLanguage":"fr-FR","@id":"https:\/\/secure.gravatar.com\/avatar\/22838f387878aabd10c8c90196e14f05497ff2fdd7c1267a5f035aa48d9ed396?s=96&d=mm&r=g","url":"https:\/\/secure.gravatar.com\/avatar\/22838f387878aabd10c8c90196e14f05497ff2fdd7c1267a5f035aa48d9ed396?s=96&d=mm&r=g","contentUrl":"https:\/\/secure.gravatar.com\/avatar\/22838f387878aabd10c8c90196e14f05497ff2fdd7c1267a5f035aa48d9ed396?s=96&d=mm&r=g","caption":"UrbanBiker"},"sameAs":["http:\/\/www.urbanbiker.com\/","https:\/\/www.facebook.com\/Urbanbikerbiciselectricas\/","https:\/\/www.linkedin.com\/company\/urbanbiker\/","https:\/\/www.youtube.com\/@UrbanbikerEbikes"]}]}},"_links":{"self":[{"href":"https:\/\/www.urbanbiker.com\/fr\/wp-json\/wp\/v2\/posts\/39526","targetHints":{"allow":["GET"]}}],"collection":[{"href":"https:\/\/www.urbanbiker.com\/fr\/wp-json\/wp\/v2\/posts"}],"about":[{"href":"https:\/\/www.urbanbiker.com\/fr\/wp-json\/wp\/v2\/types\/post"}],"author":[{"embeddable":true,"href":"https:\/\/www.urbanbiker.com\/fr\/wp-json\/wp\/v2\/users\/1"}],"replies":[{"embeddable":true,"href":"https:\/\/www.urbanbiker.com\/fr\/wp-json\/wp\/v2\/comments?post=39526"}],"version-history":[{"count":3,"href":"https:\/\/www.urbanbiker.com\/fr\/wp-json\/wp\/v2\/posts\/39526\/revisions"}],"predecessor-version":[{"id":39591,"href":"https:\/\/www.urbanbiker.com\/fr\/wp-json\/wp\/v2\/posts\/39526\/revisions\/39591"}],"wp:featuredmedia":[{"embeddable":true,"href":"https:\/\/www.urbanbiker.com\/fr\/wp-json\/wp\/v2\/media\/34887"}],"wp:attachment":[{"href":"https:\/\/www.urbanbiker.com\/fr\/wp-json\/wp\/v2\/media?parent=39526"}],"wp:term":[{"taxonomy":"category","embeddable":true,"href":"https:\/\/www.urbanbiker.com\/fr\/wp-json\/wp\/v2\/categories?post=39526"},{"taxonomy":"post_tag","embeddable":true,"href":"https:\/\/www.urbanbiker.com\/fr\/wp-json\/wp\/v2\/tags?post=39526"}],"curies":[{"name":"wp","href":"https:\/\/api.w.org\/{rel}","templated":true}]}}