{"id":39494,"date":"2024-06-26T17:28:40","date_gmt":"2024-06-26T15:28:40","guid":{"rendered":"https:\/\/www.urbanbiker.com\/le-port-du-casque-est-il-obligatoire-sur-un-velo-electrique\/"},"modified":"2025-03-19T20:44:02","modified_gmt":"2025-03-19T19:44:02","slug":"le-port-du-casque-est-il-obligatoire-sur-un-velo-electrique","status":"publish","type":"post","link":"https:\/\/www.urbanbiker.com\/fr\/le-port-du-casque-est-il-obligatoire-sur-un-velo-electrique\/","title":{"rendered":"Le port du casque est-il obligatoire sur un v\u00e9lo \u00e9lectrique ?"},"content":{"rendered":"<p>Quelle est la premi\u00e8re chose que vous faites lorsque vous vous appr\u00eatez \u00e0 prendre votre v\u00e9lo \u00e9lectrique ? v\u00e9rifiez-vous le niveau de charge de la batterie ? lacez-vous correctement vos chaussures ? prenez-vous votre <strong>casque<\/strong>? Que vous soyez une personne m\u00e9ticuleuse, avec des rituels et des habitudes, ou que vous soyez plut\u00f4t un improvisateur, nous vous recommandons de toujours prendre votre <strong>casque<\/strong>, o\u00f9 que vous alliez avec votre v\u00e9lo \u00e9lectrique. Et sur ce point, nous sommes s\u00fbrs que beaucoup ne sont pas d&rsquo;accord, car avec la r\u00e9glementation en vigueur, le <em><strong>casque<\/strong> n&rsquo;est pas toujours obligatoire<\/em>.     <\/p>\n<blockquote class=\"wp-block-quote\"><p>C&rsquo;est ce que stipule le R\u00e8glement g\u00e9n\u00e9ral sur la circulation routi\u00e8re :<\/p><\/blockquote>\n<p><!-- \/wp:post-content --><\/p>\n<p><!-- wp:paragraph --><\/p>\n<ul>\n<li><strong>Obligatoire<\/strong>sur la route et en ville pour les enfants de moins de 16 ans<\/li>\n<li>Obligatoire sur la route pour tous<\/li>\n<li>Non obligatoire dans la ville pour les personnes de plus de 16 ans<\/li>\n<\/ul>\n<p>Cependant, en faisant preuve de bon sens et en tenant compte de la r\u00e9glementation, voici quelques raisons pour lesquelles le port d&rsquo;un <strong>casque<\/strong> sur un <strong>v\u00e9lo \u00e9lectrique<\/strong> est une bonne id\u00e9e.<\/p>\n<ul>\n<li>Il vous permettra de p\u00e9daler en toute s\u00e9curit\u00e9 en prot\u00e9geant la partie la plus vuln\u00e9rable de votre corps : votre t\u00eate.<\/li>\n<li>Avec un v\u00e9lo \u00e9lectrique, vous pouvez facilement atteindre 25 km \u00e0 l&rsquo;heure et il est pr\u00e9f\u00e9rable de prot\u00e9ger votre t\u00eate.<\/li>\n<\/ul>\n<p>Toutefois, la DGT reconna\u00eet certaines situations sp\u00e9cifiques dans lesquelles le casque ne doit pas \u00eatre port\u00e9, par exemple pour des raisons m\u00e9dicales, en cas de chaleur extr\u00eame ou lors d&rsquo;une ascension prolong\u00e9e. \u00c0 partir de UrbanBiker, nous vous encourageons \u00e0 toujours porter un <strong>casque<\/strong>. Mettez-le \u00e0 la mode ! Choisissez un casque homologu\u00e9, tout comme votre v\u00e9lo. Roulez rapidement et en toute s\u00e9curit\u00e9. Vous pouvez faire beaucoup pour votre s\u00e9curit\u00e9 sur votre v\u00e9lo si vous en portez toujours un.     <\/p>\n","protected":false},"excerpt":{"rendered":"<p>Quelle est la premi\u00e8re chose que vous faites lorsque vous vous appr\u00eatez \u00e0 prendre votre v\u00e9lo \u00e9lectrique ? v\u00e9rifiez-vous le niveau de charge de la batterie ? lacez-vous correctement vos chaussures ? prenez-vous votre casque? Que vous soyez une personne m\u00e9ticuleuse, avec des rituels et des habitudes, ou que vous soyez plut\u00f4t un improvisateur, nous [&hellip;]<\/p>\n","protected":false},"author":1,"featured_media":34911,"comment_status":"open","ping_status":"open","sticky":false,"template":"","format":"standard","meta":{"footnotes":""},"categories":[289],"tags":[],"class_list":["post-39494","post","type-post","status-publish","format-standard","has-post-thumbnail","hentry","category-conseil"],"yoast_head":"<!-- This site is optimized with the Yoast SEO plugin v27.5 - https:\/\/yoast.com\/product\/yoast-seo-wordpress\/ -->\n<title>Le port du casque est obligatoire pour les v\u00e9los \u00e9lectriques.<\/title>\n<meta name=\"description\" content=\"Le port du casque est-il obligatoire sur un v\u00e9lo \u00e9lectrique ? Selon l&#039;\u00e2ge, le port du casque est obligatoire.\" \/>\n<meta name=\"robots\" content=\"noindex, follow\" \/>\n<meta property=\"og:locale\" content=\"fr_FR\" \/>\n<meta property=\"og:type\" content=\"article\" \/>\n<meta property=\"og:title\" content=\"Le port du casque est obligatoire pour les v\u00e9los \u00e9lectriques.\" \/>\n<meta property=\"og:description\" content=\"Le port du casque est-il obligatoire sur un v\u00e9lo \u00e9lectrique ? Selon l&#039;\u00e2ge, le port du casque est obligatoire.\" \/>\n<meta property=\"og:url\" content=\"https:\/\/www.urbanbiker.com\/fr\/le-port-du-casque-est-il-obligatoire-sur-un-velo-electrique\/\" \/>\n<meta property=\"og:site_name\" content=\"UrbanBiker\" \/>\n<meta property=\"article:publisher\" content=\"https:\/\/www.facebook.com\/Urbanbikerbiciselectricas\" \/>\n<meta property=\"article:author\" content=\"https:\/\/www.facebook.com\/Urbanbikerbiciselectricas\/\" \/>\n<meta property=\"article:published_time\" content=\"2024-06-26T15:28:40+00:00\" \/>\n<meta property=\"article:modified_time\" content=\"2025-03-19T19:44:02+00:00\" \/>\n<meta property=\"og:image\" content=\"https:\/\/www.urbanbiker.com\/wp-content\/uploads\/2024\/11\/casco.jpg\" \/>\n\t<meta property=\"og:image:width\" content=\"1600\" \/>\n\t<meta property=\"og:image:height\" content=\"1600\" \/>\n\t<meta property=\"og:image:type\" content=\"image\/jpeg\" \/>\n<meta name=\"author\" content=\"UrbanBiker\" \/>\n<meta name=\"twitter:card\" content=\"summary_large_image\" \/>\n<meta name=\"twitter:label1\" content=\"\u00c9crit par\" \/>\n\t<meta name=\"twitter:data1\" content=\"UrbanBiker\" \/>\n\t<meta name=\"twitter:label2\" content=\"Dur\u00e9e de lecture estim\u00e9e\" \/>\n\t<meta name=\"twitter:data2\" content=\"2 minutes\" \/>\n<script type=\"application\/ld+json\" class=\"yoast-schema-graph\">{\"@context\":\"https:\\\/\\\/schema.org\",\"@graph\":[{\"@type\":\"Article\",\"@id\":\"https:\\\/\\\/www.urbanbiker.com\\\/fr\\\/le-port-du-casque-est-il-obligatoire-sur-un-velo-electrique\\\/#article\",\"isPartOf\":{\"@id\":\"https:\\\/\\\/www.urbanbiker.com\\\/fr\\\/le-port-du-casque-est-il-obligatoire-sur-un-velo-electrique\\\/\"},\"author\":{\"name\":\"UrbanBiker\",\"@id\":\"https:\\\/\\\/www.urbanbiker.com\\\/fr\\\/#\\\/schema\\\/person\\\/1cb58f0792ef226d6d409b73059515e0\"},\"headline\":\"Le port du casque est-il obligatoire sur un v\u00e9lo \u00e9lectrique ?\",\"datePublished\":\"2024-06-26T15:28:40+00:00\",\"dateModified\":\"2025-03-19T19:44:02+00:00\",\"mainEntityOfPage\":{\"@id\":\"https:\\\/\\\/www.urbanbiker.com\\\/fr\\\/le-port-du-casque-est-il-obligatoire-sur-un-velo-electrique\\\/\"},\"wordCount\":329,\"commentCount\":0,\"publisher\":{\"@id\":\"https:\\\/\\\/www.urbanbiker.com\\\/fr\\\/#organization\"},\"image\":{\"@id\":\"https:\\\/\\\/www.urbanbiker.com\\\/fr\\\/le-port-du-casque-est-il-obligatoire-sur-un-velo-electrique\\\/#primaryimage\"},\"thumbnailUrl\":\"https:\\\/\\\/www.urbanbiker.com\\\/wp-content\\\/uploads\\\/2024\\\/11\\\/casco.jpg\",\"articleSection\":[\"Conseil\"],\"inLanguage\":\"fr-FR\",\"potentialAction\":[{\"@type\":\"CommentAction\",\"name\":\"Comment\",\"target\":[\"https:\\\/\\\/www.urbanbiker.com\\\/fr\\\/le-port-du-casque-est-il-obligatoire-sur-un-velo-electrique\\\/#respond\"]}]},{\"@type\":\"WebPage\",\"@id\":\"https:\\\/\\\/www.urbanbiker.com\\\/fr\\\/le-port-du-casque-est-il-obligatoire-sur-un-velo-electrique\\\/\",\"url\":\"https:\\\/\\\/www.urbanbiker.com\\\/fr\\\/le-port-du-casque-est-il-obligatoire-sur-un-velo-electrique\\\/\",\"name\":\"Le port du casque est obligatoire pour les v\u00e9los \u00e9lectriques.\",\"isPartOf\":{\"@id\":\"https:\\\/\\\/www.urbanbiker.com\\\/fr\\\/#website\"},\"primaryImageOfPage\":{\"@id\":\"https:\\\/\\\/www.urbanbiker.com\\\/fr\\\/le-port-du-casque-est-il-obligatoire-sur-un-velo-electrique\\\/#primaryimage\"},\"image\":{\"@id\":\"https:\\\/\\\/www.urbanbiker.com\\\/fr\\\/le-port-du-casque-est-il-obligatoire-sur-un-velo-electrique\\\/#primaryimage\"},\"thumbnailUrl\":\"https:\\\/\\\/www.urbanbiker.com\\\/wp-content\\\/uploads\\\/2024\\\/11\\\/casco.jpg\",\"datePublished\":\"2024-06-26T15:28:40+00:00\",\"dateModified\":\"2025-03-19T19:44:02+00:00\",\"description\":\"Le port du casque est-il obligatoire sur un v\u00e9lo \u00e9lectrique ? Selon l'\u00e2ge, le port du casque est obligatoire.\",\"breadcrumb\":{\"@id\":\"https:\\\/\\\/www.urbanbiker.com\\\/fr\\\/le-port-du-casque-est-il-obligatoire-sur-un-velo-electrique\\\/#breadcrumb\"},\"inLanguage\":\"fr-FR\",\"potentialAction\":[{\"@type\":\"ReadAction\",\"target\":[\"https:\\\/\\\/www.urbanbiker.com\\\/fr\\\/le-port-du-casque-est-il-obligatoire-sur-un-velo-electrique\\\/\"]}]},{\"@type\":\"ImageObject\",\"inLanguage\":\"fr-FR\",\"@id\":\"https:\\\/\\\/www.urbanbiker.com\\\/fr\\\/le-port-du-casque-est-il-obligatoire-sur-un-velo-electrique\\\/#primaryimage\",\"url\":\"https:\\\/\\\/www.urbanbiker.com\\\/wp-content\\\/uploads\\\/2024\\\/11\\\/casco.jpg\",\"contentUrl\":\"https:\\\/\\\/www.urbanbiker.com\\\/wp-content\\\/uploads\\\/2024\\\/11\\\/casco.jpg\",\"width\":1600,\"height\":1600},{\"@type\":\"BreadcrumbList\",\"@id\":\"https:\\\/\\\/www.urbanbiker.com\\\/fr\\\/le-port-du-casque-est-il-obligatoire-sur-un-velo-electrique\\\/#breadcrumb\",\"itemListElement\":[{\"@type\":\"ListItem\",\"position\":1,\"name\":\"Portada\",\"item\":\"https:\\\/\\\/www.urbanbiker.com\\\/fr\\\/\"},{\"@type\":\"ListItem\",\"position\":2,\"name\":\"Le port du casque est-il obligatoire sur un v\u00e9lo \u00e9lectrique ?\"}]},{\"@type\":\"WebSite\",\"@id\":\"https:\\\/\\\/www.urbanbiker.com\\\/fr\\\/#website\",\"url\":\"https:\\\/\\\/www.urbanbiker.com\\\/fr\\\/\",\"name\":\"UrbanBiker\",\"description\":\"V\u00e9los \u00e9lectriques\",\"publisher\":{\"@id\":\"https:\\\/\\\/www.urbanbiker.com\\\/fr\\\/#organization\"},\"potentialAction\":[{\"@type\":\"SearchAction\",\"target\":{\"@type\":\"EntryPoint\",\"urlTemplate\":\"https:\\\/\\\/www.urbanbiker.com\\\/fr\\\/?s={search_term_string}\"},\"query-input\":{\"@type\":\"PropertyValueSpecification\",\"valueRequired\":true,\"valueName\":\"search_term_string\"}}],\"inLanguage\":\"fr-FR\"},{\"@type\":\"Organization\",\"@id\":\"https:\\\/\\\/www.urbanbiker.com\\\/fr\\\/#organization\",\"name\":\"UrbanBiker\",\"url\":\"https:\\\/\\\/www.urbanbiker.com\\\/fr\\\/\",\"logo\":{\"@type\":\"ImageObject\",\"inLanguage\":\"fr-FR\",\"@id\":\"https:\\\/\\\/www.urbanbiker.com\\\/fr\\\/#\\\/schema\\\/logo\\\/image\\\/\",\"url\":\"https:\\\/\\\/www.urbanbiker.com\\\/wp-content\\\/uploads\\\/2022\\\/09\\\/Logo-principal-sin-fondo.png\",\"contentUrl\":\"https:\\\/\\\/www.urbanbiker.com\\\/wp-content\\\/uploads\\\/2022\\\/09\\\/Logo-principal-sin-fondo.png\",\"width\":2560,\"height\":934,\"caption\":\"UrbanBiker\"},\"image\":{\"@id\":\"https:\\\/\\\/www.urbanbiker.com\\\/fr\\\/#\\\/schema\\\/logo\\\/image\\\/\"},\"sameAs\":[\"https:\\\/\\\/www.facebook.com\\\/Urbanbikerbiciselectricas\",\"https:\\\/\\\/www.instagram.com\\\/urbanbiker_\\\/\",\"https:\\\/\\\/www.linkedin.com\\\/company\\\/2454235\",\"https:\\\/\\\/www.youtube.com\\\/channel\\\/UCWR__uH_RWJF-OhPfz-9-Qw\"]},{\"@type\":\"Person\",\"@id\":\"https:\\\/\\\/www.urbanbiker.com\\\/fr\\\/#\\\/schema\\\/person\\\/1cb58f0792ef226d6d409b73059515e0\",\"name\":\"UrbanBiker\",\"image\":{\"@type\":\"ImageObject\",\"inLanguage\":\"fr-FR\",\"@id\":\"https:\\\/\\\/secure.gravatar.com\\\/avatar\\\/22838f387878aabd10c8c90196e14f05497ff2fdd7c1267a5f035aa48d9ed396?s=96&d=mm&r=g\",\"url\":\"https:\\\/\\\/secure.gravatar.com\\\/avatar\\\/22838f387878aabd10c8c90196e14f05497ff2fdd7c1267a5f035aa48d9ed396?s=96&d=mm&r=g\",\"contentUrl\":\"https:\\\/\\\/secure.gravatar.com\\\/avatar\\\/22838f387878aabd10c8c90196e14f05497ff2fdd7c1267a5f035aa48d9ed396?s=96&d=mm&r=g\",\"caption\":\"UrbanBiker\"},\"sameAs\":[\"http:\\\/\\\/www.urbanbiker.com\\\/\",\"https:\\\/\\\/www.facebook.com\\\/Urbanbikerbiciselectricas\\\/\",\"https:\\\/\\\/www.linkedin.com\\\/company\\\/urbanbiker\\\/\",\"https:\\\/\\\/www.youtube.com\\\/@UrbanbikerEbikes\"]}]}<\/script>\n<!-- \/ Yoast SEO plugin. -->","yoast_head_json":{"title":"Le port du casque est obligatoire pour les v\u00e9los \u00e9lectriques.","description":"Le port du casque est-il obligatoire sur un v\u00e9lo \u00e9lectrique ? Selon l'\u00e2ge, le port du casque est obligatoire.","robots":{"index":"noindex","follow":"follow"},"og_locale":"fr_FR","og_type":"article","og_title":"Le port du casque est obligatoire pour les v\u00e9los \u00e9lectriques.","og_description":"Le port du casque est-il obligatoire sur un v\u00e9lo \u00e9lectrique ? Selon l'\u00e2ge, le port du casque est obligatoire.","og_url":"https:\/\/www.urbanbiker.com\/fr\/le-port-du-casque-est-il-obligatoire-sur-un-velo-electrique\/","og_site_name":"UrbanBiker","article_publisher":"https:\/\/www.facebook.com\/Urbanbikerbiciselectricas","article_author":"https:\/\/www.facebook.com\/Urbanbikerbiciselectricas\/","article_published_time":"2024-06-26T15:28:40+00:00","article_modified_time":"2025-03-19T19:44:02+00:00","og_image":[{"width":1600,"height":1600,"url":"https:\/\/www.urbanbiker.com\/wp-content\/uploads\/2024\/11\/casco.jpg","type":"image\/jpeg"}],"author":"UrbanBiker","twitter_card":"summary_large_image","twitter_misc":{"\u00c9crit par":"UrbanBiker","Dur\u00e9e de lecture estim\u00e9e":"2 minutes"},"schema":{"@context":"https:\/\/schema.org","@graph":[{"@type":"Article","@id":"https:\/\/www.urbanbiker.com\/fr\/le-port-du-casque-est-il-obligatoire-sur-un-velo-electrique\/#article","isPartOf":{"@id":"https:\/\/www.urbanbiker.com\/fr\/le-port-du-casque-est-il-obligatoire-sur-un-velo-electrique\/"},"author":{"name":"UrbanBiker","@id":"https:\/\/www.urbanbiker.com\/fr\/#\/schema\/person\/1cb58f0792ef226d6d409b73059515e0"},"headline":"Le port du casque est-il obligatoire sur un v\u00e9lo \u00e9lectrique ?","datePublished":"2024-06-26T15:28:40+00:00","dateModified":"2025-03-19T19:44:02+00:00","mainEntityOfPage":{"@id":"https:\/\/www.urbanbiker.com\/fr\/le-port-du-casque-est-il-obligatoire-sur-un-velo-electrique\/"},"wordCount":329,"commentCount":0,"publisher":{"@id":"https:\/\/www.urbanbiker.com\/fr\/#organization"},"image":{"@id":"https:\/\/www.urbanbiker.com\/fr\/le-port-du-casque-est-il-obligatoire-sur-un-velo-electrique\/#primaryimage"},"thumbnailUrl":"https:\/\/www.urbanbiker.com\/wp-content\/uploads\/2024\/11\/casco.jpg","articleSection":["Conseil"],"inLanguage":"fr-FR","potentialAction":[{"@type":"CommentAction","name":"Comment","target":["https:\/\/www.urbanbiker.com\/fr\/le-port-du-casque-est-il-obligatoire-sur-un-velo-electrique\/#respond"]}]},{"@type":"WebPage","@id":"https:\/\/www.urbanbiker.com\/fr\/le-port-du-casque-est-il-obligatoire-sur-un-velo-electrique\/","url":"https:\/\/www.urbanbiker.com\/fr\/le-port-du-casque-est-il-obligatoire-sur-un-velo-electrique\/","name":"Le port du casque est obligatoire pour les v\u00e9los \u00e9lectriques.","isPartOf":{"@id":"https:\/\/www.urbanbiker.com\/fr\/#website"},"primaryImageOfPage":{"@id":"https:\/\/www.urbanbiker.com\/fr\/le-port-du-casque-est-il-obligatoire-sur-un-velo-electrique\/#primaryimage"},"image":{"@id":"https:\/\/www.urbanbiker.com\/fr\/le-port-du-casque-est-il-obligatoire-sur-un-velo-electrique\/#primaryimage"},"thumbnailUrl":"https:\/\/www.urbanbiker.com\/wp-content\/uploads\/2024\/11\/casco.jpg","datePublished":"2024-06-26T15:28:40+00:00","dateModified":"2025-03-19T19:44:02+00:00","description":"Le port du casque est-il obligatoire sur un v\u00e9lo \u00e9lectrique ? Selon l'\u00e2ge, le port du casque est obligatoire.","breadcrumb":{"@id":"https:\/\/www.urbanbiker.com\/fr\/le-port-du-casque-est-il-obligatoire-sur-un-velo-electrique\/#breadcrumb"},"inLanguage":"fr-FR","potentialAction":[{"@type":"ReadAction","target":["https:\/\/www.urbanbiker.com\/fr\/le-port-du-casque-est-il-obligatoire-sur-un-velo-electrique\/"]}]},{"@type":"ImageObject","inLanguage":"fr-FR","@id":"https:\/\/www.urbanbiker.com\/fr\/le-port-du-casque-est-il-obligatoire-sur-un-velo-electrique\/#primaryimage","url":"https:\/\/www.urbanbiker.com\/wp-content\/uploads\/2024\/11\/casco.jpg","contentUrl":"https:\/\/www.urbanbiker.com\/wp-content\/uploads\/2024\/11\/casco.jpg","width":1600,"height":1600},{"@type":"BreadcrumbList","@id":"https:\/\/www.urbanbiker.com\/fr\/le-port-du-casque-est-il-obligatoire-sur-un-velo-electrique\/#breadcrumb","itemListElement":[{"@type":"ListItem","position":1,"name":"Portada","item":"https:\/\/www.urbanbiker.com\/fr\/"},{"@type":"ListItem","position":2,"name":"Le port du casque est-il obligatoire sur un v\u00e9lo \u00e9lectrique ?"}]},{"@type":"WebSite","@id":"https:\/\/www.urbanbiker.com\/fr\/#website","url":"https:\/\/www.urbanbiker.com\/fr\/","name":"UrbanBiker","description":"V\u00e9los \u00e9lectriques","publisher":{"@id":"https:\/\/www.urbanbiker.com\/fr\/#organization"},"potentialAction":[{"@type":"SearchAction","target":{"@type":"EntryPoint","urlTemplate":"https:\/\/www.urbanbiker.com\/fr\/?s={search_term_string}"},"query-input":{"@type":"PropertyValueSpecification","valueRequired":true,"valueName":"search_term_string"}}],"inLanguage":"fr-FR"},{"@type":"Organization","@id":"https:\/\/www.urbanbiker.com\/fr\/#organization","name":"UrbanBiker","url":"https:\/\/www.urbanbiker.com\/fr\/","logo":{"@type":"ImageObject","inLanguage":"fr-FR","@id":"https:\/\/www.urbanbiker.com\/fr\/#\/schema\/logo\/image\/","url":"https:\/\/www.urbanbiker.com\/wp-content\/uploads\/2022\/09\/Logo-principal-sin-fondo.png","contentUrl":"https:\/\/www.urbanbiker.com\/wp-content\/uploads\/2022\/09\/Logo-principal-sin-fondo.png","width":2560,"height":934,"caption":"UrbanBiker"},"image":{"@id":"https:\/\/www.urbanbiker.com\/fr\/#\/schema\/logo\/image\/"},"sameAs":["https:\/\/www.facebook.com\/Urbanbikerbiciselectricas","https:\/\/www.instagram.com\/urbanbiker_\/","https:\/\/www.linkedin.com\/company\/2454235","https:\/\/www.youtube.com\/channel\/UCWR__uH_RWJF-OhPfz-9-Qw"]},{"@type":"Person","@id":"https:\/\/www.urbanbiker.com\/fr\/#\/schema\/person\/1cb58f0792ef226d6d409b73059515e0","name":"UrbanBiker","image":{"@type":"ImageObject","inLanguage":"fr-FR","@id":"https:\/\/secure.gravatar.com\/avatar\/22838f387878aabd10c8c90196e14f05497ff2fdd7c1267a5f035aa48d9ed396?s=96&d=mm&r=g","url":"https:\/\/secure.gravatar.com\/avatar\/22838f387878aabd10c8c90196e14f05497ff2fdd7c1267a5f035aa48d9ed396?s=96&d=mm&r=g","contentUrl":"https:\/\/secure.gravatar.com\/avatar\/22838f387878aabd10c8c90196e14f05497ff2fdd7c1267a5f035aa48d9ed396?s=96&d=mm&r=g","caption":"UrbanBiker"},"sameAs":["http:\/\/www.urbanbiker.com\/","https:\/\/www.facebook.com\/Urbanbikerbiciselectricas\/","https:\/\/www.linkedin.com\/company\/urbanbiker\/","https:\/\/www.youtube.com\/@UrbanbikerEbikes"]}]}},"_links":{"self":[{"href":"https:\/\/www.urbanbiker.com\/fr\/wp-json\/wp\/v2\/posts\/39494","targetHints":{"allow":["GET"]}}],"collection":[{"href":"https:\/\/www.urbanbiker.com\/fr\/wp-json\/wp\/v2\/posts"}],"about":[{"href":"https:\/\/www.urbanbiker.com\/fr\/wp-json\/wp\/v2\/types\/post"}],"author":[{"embeddable":true,"href":"https:\/\/www.urbanbiker.com\/fr\/wp-json\/wp\/v2\/users\/1"}],"replies":[{"embeddable":true,"href":"https:\/\/www.urbanbiker.com\/fr\/wp-json\/wp\/v2\/comments?post=39494"}],"version-history":[{"count":3,"href":"https:\/\/www.urbanbiker.com\/fr\/wp-json\/wp\/v2\/posts\/39494\/revisions"}],"predecessor-version":[{"id":39813,"href":"https:\/\/www.urbanbiker.com\/fr\/wp-json\/wp\/v2\/posts\/39494\/revisions\/39813"}],"wp:featuredmedia":[{"embeddable":true,"href":"https:\/\/www.urbanbiker.com\/fr\/wp-json\/wp\/v2\/media\/34911"}],"wp:attachment":[{"href":"https:\/\/www.urbanbiker.com\/fr\/wp-json\/wp\/v2\/media?parent=39494"}],"wp:term":[{"taxonomy":"category","embeddable":true,"href":"https:\/\/www.urbanbiker.com\/fr\/wp-json\/wp\/v2\/categories?post=39494"},{"taxonomy":"post_tag","embeddable":true,"href":"https:\/\/www.urbanbiker.com\/fr\/wp-json\/wp\/v2\/tags?post=39494"}],"curies":[{"name":"wp","href":"https:\/\/api.w.org\/{rel}","templated":true}]}}