{"id":39488,"date":"2024-10-11T15:36:55","date_gmt":"2024-10-11T13:36:55","guid":{"rendered":"https:\/\/www.urbanbiker.com\/ou-se-trouve-le-numero-de-serie-du-velo\/"},"modified":"2025-03-19T20:43:59","modified_gmt":"2025-03-19T19:43:59","slug":"ou-se-trouve-le-numero-de-serie-du-velo","status":"publish","type":"post","link":"https:\/\/www.urbanbiker.com\/fr\/ou-se-trouve-le-numero-de-serie-du-velo\/","title":{"rendered":"O\u00f9 se trouve le num\u00e9ro de s\u00e9rie du v\u00e9lo ?"},"content":{"rendered":"<p>Vous trouverez <strong>le num\u00e9ro de s\u00e9rie<\/strong> grav\u00e9 sur la fourche, il ne peut (et ne doit) pas \u00eatre modifi\u00e9 ou effac\u00e9. En outre, il s&rsquo;agit d&rsquo;un <strong>num\u00e9ro<\/strong> unique que nous attribuons \u00e0 chaque unit\u00e9 fabriqu\u00e9e sur UrbanBiker, une sorte de carte d&rsquo;identit\u00e9 pour votre v\u00e9lo, g\u00e9n\u00e9ralement compos\u00e9e d&rsquo;une s\u00e9quence de chiffres et de lettres et qui sert \u00e0 l&rsquo;identifier. <\/p>\n<blockquote class=\"wp-block-quote\"><p>Quel est le <strong>num\u00e9ro de s\u00e9rie du v\u00e9lo<\/strong> utilis\u00e9 ?<\/p><\/blockquote>\n<p><!-- \/wp:post-content --><\/p>\n<p><!-- wp:paragraph --><\/p>\n<p>Gr\u00e2ce \u00e0 ce <strong>num\u00e9ro<\/strong>, nous pouvons assurer la tra\u00e7abilit\u00e9 du produit et faciliter le service apr\u00e8s-vente, car cette identification nous permet, ainsi qu&rsquo;aux magasins qui distribuent et vendent des v\u00e9los \u00e9lectriques, d&rsquo;identifier les pi\u00e8ces compatibles avec le <strong>v\u00e9lo<\/strong> en question, par exemple.<\/p>\n<p style=\"text-align: center;\"><span style=\"color: #ff0000;\"><strong>IMAGE MANQUANTE AVEC LE S\/N<\/strong><\/span><\/p>\n<p>Il sera tr\u00e8s utile dans un certain nombre de situations :<\/p>\n<ul>\n<li>Acc\u00e9l\u00e9rer le processus d&rsquo;apr\u00e8s-vente<\/li>\n<li>Si vous souscrivez une assurance, elle vous sera toujours demand\u00e9e.<\/li>\n<li>En cas de vol, il sera tr\u00e8s utile pour identifier le v\u00e9lo.<\/li>\n<\/ul>\n","protected":false},"excerpt":{"rendered":"<p>Vous trouverez le num\u00e9ro de s\u00e9rie grav\u00e9 sur la fourche, il ne peut (et ne doit) pas \u00eatre modifi\u00e9 ou effac\u00e9. En outre, il s&rsquo;agit d&rsquo;un num\u00e9ro unique que nous attribuons \u00e0 chaque unit\u00e9 fabriqu\u00e9e sur UrbanBiker, une sorte de carte d&rsquo;identit\u00e9 pour votre v\u00e9lo, g\u00e9n\u00e9ralement compos\u00e9e d&rsquo;une s\u00e9quence de chiffres et de lettres et [&hellip;]<\/p>\n","protected":false},"author":1,"featured_media":34923,"comment_status":"open","ping_status":"open","sticky":false,"template":"","format":"standard","meta":{"footnotes":""},"categories":[289],"tags":[],"class_list":["post-39488","post","type-post","status-publish","format-standard","has-post-thumbnail","hentry","category-conseil"],"yoast_head":"<!-- This site is optimized with the Yoast SEO plugin v27.5 - https:\/\/yoast.com\/product\/yoast-seo-wordpress\/ -->\n<title>O\u00f9 se trouve le num\u00e9ro de s\u00e9rie du v\u00e9lo ? UrbanBiker<\/title>\n<meta name=\"description\" content=\"O\u00f9 se trouve le num\u00e9ro de s\u00e9rie du v\u00e9lo ? Le num\u00e9ro de s\u00e9rie du v\u00e9lo est unique et est utilis\u00e9 par exemple pour l&#039;assurance du v\u00e9lo.\" \/>\n<meta name=\"robots\" content=\"index, follow, max-snippet:-1, max-image-preview:large, max-video-preview:-1\" \/>\n<link rel=\"canonical\" href=\"https:\/\/www.urbanbiker.com\/fr\/ou-se-trouve-le-numero-de-serie-du-velo\/\" \/>\n<meta property=\"og:locale\" content=\"fr_FR\" \/>\n<meta property=\"og:type\" content=\"article\" \/>\n<meta property=\"og:title\" content=\"O\u00f9 se trouve le num\u00e9ro de s\u00e9rie du v\u00e9lo ? UrbanBiker\" \/>\n<meta property=\"og:description\" content=\"O\u00f9 se trouve le num\u00e9ro de s\u00e9rie du v\u00e9lo ? Le num\u00e9ro de s\u00e9rie du v\u00e9lo est unique et est utilis\u00e9 par exemple pour l&#039;assurance du v\u00e9lo.\" \/>\n<meta property=\"og:url\" content=\"https:\/\/www.urbanbiker.com\/fr\/ou-se-trouve-le-numero-de-serie-du-velo\/\" \/>\n<meta property=\"og:site_name\" content=\"UrbanBiker\" \/>\n<meta property=\"article:publisher\" content=\"https:\/\/www.facebook.com\/Urbanbikerbiciselectricas\" \/>\n<meta property=\"article:author\" content=\"https:\/\/www.facebook.com\/Urbanbikerbiciselectricas\/\" \/>\n<meta property=\"article:published_time\" content=\"2024-10-11T13:36:55+00:00\" \/>\n<meta property=\"article:modified_time\" content=\"2025-03-19T19:43:59+00:00\" \/>\n<meta property=\"og:image\" content=\"https:\/\/www.urbanbiker.com\/wp-content\/uploads\/2024\/10\/numero-de-serie.jpg\" \/>\n\t<meta property=\"og:image:width\" content=\"1080\" \/>\n\t<meta property=\"og:image:height\" content=\"1080\" \/>\n\t<meta property=\"og:image:type\" content=\"image\/jpeg\" \/>\n<meta name=\"author\" content=\"UrbanBiker\" \/>\n<meta name=\"twitter:card\" content=\"summary_large_image\" \/>\n<meta name=\"twitter:label1\" content=\"\u00c9crit par\" \/>\n\t<meta name=\"twitter:data1\" content=\"UrbanBiker\" \/>\n\t<meta name=\"twitter:label2\" content=\"Dur\u00e9e de lecture estim\u00e9e\" \/>\n\t<meta name=\"twitter:data2\" content=\"1 minute\" \/>\n<script type=\"application\/ld+json\" class=\"yoast-schema-graph\">{\"@context\":\"https:\\\/\\\/schema.org\",\"@graph\":[{\"@type\":\"Article\",\"@id\":\"https:\\\/\\\/www.urbanbiker.com\\\/fr\\\/ou-se-trouve-le-numero-de-serie-du-velo\\\/#article\",\"isPartOf\":{\"@id\":\"https:\\\/\\\/www.urbanbiker.com\\\/fr\\\/ou-se-trouve-le-numero-de-serie-du-velo\\\/\"},\"author\":{\"name\":\"UrbanBiker\",\"@id\":\"https:\\\/\\\/www.urbanbiker.com\\\/fr\\\/#\\\/schema\\\/person\\\/1cb58f0792ef226d6d409b73059515e0\"},\"headline\":\"O\u00f9 se trouve le num\u00e9ro de s\u00e9rie du v\u00e9lo ?\",\"datePublished\":\"2024-10-11T13:36:55+00:00\",\"dateModified\":\"2025-03-19T19:43:59+00:00\",\"mainEntityOfPage\":{\"@id\":\"https:\\\/\\\/www.urbanbiker.com\\\/fr\\\/ou-se-trouve-le-numero-de-serie-du-velo\\\/\"},\"wordCount\":195,\"commentCount\":0,\"publisher\":{\"@id\":\"https:\\\/\\\/www.urbanbiker.com\\\/fr\\\/#organization\"},\"image\":{\"@id\":\"https:\\\/\\\/www.urbanbiker.com\\\/fr\\\/ou-se-trouve-le-numero-de-serie-du-velo\\\/#primaryimage\"},\"thumbnailUrl\":\"https:\\\/\\\/www.urbanbiker.com\\\/wp-content\\\/uploads\\\/2024\\\/10\\\/numero-de-serie.jpg\",\"articleSection\":[\"Conseil\"],\"inLanguage\":\"fr-FR\",\"potentialAction\":[{\"@type\":\"CommentAction\",\"name\":\"Comment\",\"target\":[\"https:\\\/\\\/www.urbanbiker.com\\\/fr\\\/ou-se-trouve-le-numero-de-serie-du-velo\\\/#respond\"]}]},{\"@type\":\"WebPage\",\"@id\":\"https:\\\/\\\/www.urbanbiker.com\\\/fr\\\/ou-se-trouve-le-numero-de-serie-du-velo\\\/\",\"url\":\"https:\\\/\\\/www.urbanbiker.com\\\/fr\\\/ou-se-trouve-le-numero-de-serie-du-velo\\\/\",\"name\":\"O\u00f9 se trouve le num\u00e9ro de s\u00e9rie du v\u00e9lo ? UrbanBiker\",\"isPartOf\":{\"@id\":\"https:\\\/\\\/www.urbanbiker.com\\\/fr\\\/#website\"},\"primaryImageOfPage\":{\"@id\":\"https:\\\/\\\/www.urbanbiker.com\\\/fr\\\/ou-se-trouve-le-numero-de-serie-du-velo\\\/#primaryimage\"},\"image\":{\"@id\":\"https:\\\/\\\/www.urbanbiker.com\\\/fr\\\/ou-se-trouve-le-numero-de-serie-du-velo\\\/#primaryimage\"},\"thumbnailUrl\":\"https:\\\/\\\/www.urbanbiker.com\\\/wp-content\\\/uploads\\\/2024\\\/10\\\/numero-de-serie.jpg\",\"datePublished\":\"2024-10-11T13:36:55+00:00\",\"dateModified\":\"2025-03-19T19:43:59+00:00\",\"description\":\"O\u00f9 se trouve le num\u00e9ro de s\u00e9rie du v\u00e9lo ? Le num\u00e9ro de s\u00e9rie du v\u00e9lo est unique et est utilis\u00e9 par exemple pour l'assurance du v\u00e9lo.\",\"breadcrumb\":{\"@id\":\"https:\\\/\\\/www.urbanbiker.com\\\/fr\\\/ou-se-trouve-le-numero-de-serie-du-velo\\\/#breadcrumb\"},\"inLanguage\":\"fr-FR\",\"potentialAction\":[{\"@type\":\"ReadAction\",\"target\":[\"https:\\\/\\\/www.urbanbiker.com\\\/fr\\\/ou-se-trouve-le-numero-de-serie-du-velo\\\/\"]}]},{\"@type\":\"ImageObject\",\"inLanguage\":\"fr-FR\",\"@id\":\"https:\\\/\\\/www.urbanbiker.com\\\/fr\\\/ou-se-trouve-le-numero-de-serie-du-velo\\\/#primaryimage\",\"url\":\"https:\\\/\\\/www.urbanbiker.com\\\/wp-content\\\/uploads\\\/2024\\\/10\\\/numero-de-serie.jpg\",\"contentUrl\":\"https:\\\/\\\/www.urbanbiker.com\\\/wp-content\\\/uploads\\\/2024\\\/10\\\/numero-de-serie.jpg\",\"width\":1080,\"height\":1080},{\"@type\":\"BreadcrumbList\",\"@id\":\"https:\\\/\\\/www.urbanbiker.com\\\/fr\\\/ou-se-trouve-le-numero-de-serie-du-velo\\\/#breadcrumb\",\"itemListElement\":[{\"@type\":\"ListItem\",\"position\":1,\"name\":\"Portada\",\"item\":\"https:\\\/\\\/www.urbanbiker.com\\\/fr\\\/\"},{\"@type\":\"ListItem\",\"position\":2,\"name\":\"O\u00f9 se trouve le num\u00e9ro de s\u00e9rie du v\u00e9lo ?\"}]},{\"@type\":\"WebSite\",\"@id\":\"https:\\\/\\\/www.urbanbiker.com\\\/fr\\\/#website\",\"url\":\"https:\\\/\\\/www.urbanbiker.com\\\/fr\\\/\",\"name\":\"UrbanBiker\",\"description\":\"V\u00e9los \u00e9lectriques\",\"publisher\":{\"@id\":\"https:\\\/\\\/www.urbanbiker.com\\\/fr\\\/#organization\"},\"potentialAction\":[{\"@type\":\"SearchAction\",\"target\":{\"@type\":\"EntryPoint\",\"urlTemplate\":\"https:\\\/\\\/www.urbanbiker.com\\\/fr\\\/?s={search_term_string}\"},\"query-input\":{\"@type\":\"PropertyValueSpecification\",\"valueRequired\":true,\"valueName\":\"search_term_string\"}}],\"inLanguage\":\"fr-FR\"},{\"@type\":\"Organization\",\"@id\":\"https:\\\/\\\/www.urbanbiker.com\\\/fr\\\/#organization\",\"name\":\"UrbanBiker\",\"url\":\"https:\\\/\\\/www.urbanbiker.com\\\/fr\\\/\",\"logo\":{\"@type\":\"ImageObject\",\"inLanguage\":\"fr-FR\",\"@id\":\"https:\\\/\\\/www.urbanbiker.com\\\/fr\\\/#\\\/schema\\\/logo\\\/image\\\/\",\"url\":\"https:\\\/\\\/www.urbanbiker.com\\\/wp-content\\\/uploads\\\/2022\\\/09\\\/Logo-principal-sin-fondo.png\",\"contentUrl\":\"https:\\\/\\\/www.urbanbiker.com\\\/wp-content\\\/uploads\\\/2022\\\/09\\\/Logo-principal-sin-fondo.png\",\"width\":2560,\"height\":934,\"caption\":\"UrbanBiker\"},\"image\":{\"@id\":\"https:\\\/\\\/www.urbanbiker.com\\\/fr\\\/#\\\/schema\\\/logo\\\/image\\\/\"},\"sameAs\":[\"https:\\\/\\\/www.facebook.com\\\/Urbanbikerbiciselectricas\",\"https:\\\/\\\/www.instagram.com\\\/urbanbiker_\\\/\",\"https:\\\/\\\/www.linkedin.com\\\/company\\\/2454235\",\"https:\\\/\\\/www.youtube.com\\\/channel\\\/UCWR__uH_RWJF-OhPfz-9-Qw\"]},{\"@type\":\"Person\",\"@id\":\"https:\\\/\\\/www.urbanbiker.com\\\/fr\\\/#\\\/schema\\\/person\\\/1cb58f0792ef226d6d409b73059515e0\",\"name\":\"UrbanBiker\",\"image\":{\"@type\":\"ImageObject\",\"inLanguage\":\"fr-FR\",\"@id\":\"https:\\\/\\\/secure.gravatar.com\\\/avatar\\\/22838f387878aabd10c8c90196e14f05497ff2fdd7c1267a5f035aa48d9ed396?s=96&d=mm&r=g\",\"url\":\"https:\\\/\\\/secure.gravatar.com\\\/avatar\\\/22838f387878aabd10c8c90196e14f05497ff2fdd7c1267a5f035aa48d9ed396?s=96&d=mm&r=g\",\"contentUrl\":\"https:\\\/\\\/secure.gravatar.com\\\/avatar\\\/22838f387878aabd10c8c90196e14f05497ff2fdd7c1267a5f035aa48d9ed396?s=96&d=mm&r=g\",\"caption\":\"UrbanBiker\"},\"sameAs\":[\"http:\\\/\\\/www.urbanbiker.com\\\/\",\"https:\\\/\\\/www.facebook.com\\\/Urbanbikerbiciselectricas\\\/\",\"https:\\\/\\\/www.linkedin.com\\\/company\\\/urbanbiker\\\/\",\"https:\\\/\\\/www.youtube.com\\\/@UrbanbikerEbikes\"]}]}<\/script>\n<!-- \/ Yoast SEO plugin. -->","yoast_head_json":{"title":"O\u00f9 se trouve le num\u00e9ro de s\u00e9rie du v\u00e9lo ? UrbanBiker","description":"O\u00f9 se trouve le num\u00e9ro de s\u00e9rie du v\u00e9lo ? Le num\u00e9ro de s\u00e9rie du v\u00e9lo est unique et est utilis\u00e9 par exemple pour l'assurance du v\u00e9lo.","robots":{"index":"index","follow":"follow","max-snippet":"max-snippet:-1","max-image-preview":"max-image-preview:large","max-video-preview":"max-video-preview:-1"},"canonical":"https:\/\/www.urbanbiker.com\/fr\/ou-se-trouve-le-numero-de-serie-du-velo\/","og_locale":"fr_FR","og_type":"article","og_title":"O\u00f9 se trouve le num\u00e9ro de s\u00e9rie du v\u00e9lo ? UrbanBiker","og_description":"O\u00f9 se trouve le num\u00e9ro de s\u00e9rie du v\u00e9lo ? Le num\u00e9ro de s\u00e9rie du v\u00e9lo est unique et est utilis\u00e9 par exemple pour l'assurance du v\u00e9lo.","og_url":"https:\/\/www.urbanbiker.com\/fr\/ou-se-trouve-le-numero-de-serie-du-velo\/","og_site_name":"UrbanBiker","article_publisher":"https:\/\/www.facebook.com\/Urbanbikerbiciselectricas","article_author":"https:\/\/www.facebook.com\/Urbanbikerbiciselectricas\/","article_published_time":"2024-10-11T13:36:55+00:00","article_modified_time":"2025-03-19T19:43:59+00:00","og_image":[{"width":1080,"height":1080,"url":"https:\/\/www.urbanbiker.com\/wp-content\/uploads\/2024\/10\/numero-de-serie.jpg","type":"image\/jpeg"}],"author":"UrbanBiker","twitter_card":"summary_large_image","twitter_misc":{"\u00c9crit par":"UrbanBiker","Dur\u00e9e de lecture estim\u00e9e":"1 minute"},"schema":{"@context":"https:\/\/schema.org","@graph":[{"@type":"Article","@id":"https:\/\/www.urbanbiker.com\/fr\/ou-se-trouve-le-numero-de-serie-du-velo\/#article","isPartOf":{"@id":"https:\/\/www.urbanbiker.com\/fr\/ou-se-trouve-le-numero-de-serie-du-velo\/"},"author":{"name":"UrbanBiker","@id":"https:\/\/www.urbanbiker.com\/fr\/#\/schema\/person\/1cb58f0792ef226d6d409b73059515e0"},"headline":"O\u00f9 se trouve le num\u00e9ro de s\u00e9rie du v\u00e9lo ?","datePublished":"2024-10-11T13:36:55+00:00","dateModified":"2025-03-19T19:43:59+00:00","mainEntityOfPage":{"@id":"https:\/\/www.urbanbiker.com\/fr\/ou-se-trouve-le-numero-de-serie-du-velo\/"},"wordCount":195,"commentCount":0,"publisher":{"@id":"https:\/\/www.urbanbiker.com\/fr\/#organization"},"image":{"@id":"https:\/\/www.urbanbiker.com\/fr\/ou-se-trouve-le-numero-de-serie-du-velo\/#primaryimage"},"thumbnailUrl":"https:\/\/www.urbanbiker.com\/wp-content\/uploads\/2024\/10\/numero-de-serie.jpg","articleSection":["Conseil"],"inLanguage":"fr-FR","potentialAction":[{"@type":"CommentAction","name":"Comment","target":["https:\/\/www.urbanbiker.com\/fr\/ou-se-trouve-le-numero-de-serie-du-velo\/#respond"]}]},{"@type":"WebPage","@id":"https:\/\/www.urbanbiker.com\/fr\/ou-se-trouve-le-numero-de-serie-du-velo\/","url":"https:\/\/www.urbanbiker.com\/fr\/ou-se-trouve-le-numero-de-serie-du-velo\/","name":"O\u00f9 se trouve le num\u00e9ro de s\u00e9rie du v\u00e9lo ? UrbanBiker","isPartOf":{"@id":"https:\/\/www.urbanbiker.com\/fr\/#website"},"primaryImageOfPage":{"@id":"https:\/\/www.urbanbiker.com\/fr\/ou-se-trouve-le-numero-de-serie-du-velo\/#primaryimage"},"image":{"@id":"https:\/\/www.urbanbiker.com\/fr\/ou-se-trouve-le-numero-de-serie-du-velo\/#primaryimage"},"thumbnailUrl":"https:\/\/www.urbanbiker.com\/wp-content\/uploads\/2024\/10\/numero-de-serie.jpg","datePublished":"2024-10-11T13:36:55+00:00","dateModified":"2025-03-19T19:43:59+00:00","description":"O\u00f9 se trouve le num\u00e9ro de s\u00e9rie du v\u00e9lo ? Le num\u00e9ro de s\u00e9rie du v\u00e9lo est unique et est utilis\u00e9 par exemple pour l'assurance du v\u00e9lo.","breadcrumb":{"@id":"https:\/\/www.urbanbiker.com\/fr\/ou-se-trouve-le-numero-de-serie-du-velo\/#breadcrumb"},"inLanguage":"fr-FR","potentialAction":[{"@type":"ReadAction","target":["https:\/\/www.urbanbiker.com\/fr\/ou-se-trouve-le-numero-de-serie-du-velo\/"]}]},{"@type":"ImageObject","inLanguage":"fr-FR","@id":"https:\/\/www.urbanbiker.com\/fr\/ou-se-trouve-le-numero-de-serie-du-velo\/#primaryimage","url":"https:\/\/www.urbanbiker.com\/wp-content\/uploads\/2024\/10\/numero-de-serie.jpg","contentUrl":"https:\/\/www.urbanbiker.com\/wp-content\/uploads\/2024\/10\/numero-de-serie.jpg","width":1080,"height":1080},{"@type":"BreadcrumbList","@id":"https:\/\/www.urbanbiker.com\/fr\/ou-se-trouve-le-numero-de-serie-du-velo\/#breadcrumb","itemListElement":[{"@type":"ListItem","position":1,"name":"Portada","item":"https:\/\/www.urbanbiker.com\/fr\/"},{"@type":"ListItem","position":2,"name":"O\u00f9 se trouve le num\u00e9ro de s\u00e9rie du v\u00e9lo ?"}]},{"@type":"WebSite","@id":"https:\/\/www.urbanbiker.com\/fr\/#website","url":"https:\/\/www.urbanbiker.com\/fr\/","name":"UrbanBiker","description":"V\u00e9los \u00e9lectriques","publisher":{"@id":"https:\/\/www.urbanbiker.com\/fr\/#organization"},"potentialAction":[{"@type":"SearchAction","target":{"@type":"EntryPoint","urlTemplate":"https:\/\/www.urbanbiker.com\/fr\/?s={search_term_string}"},"query-input":{"@type":"PropertyValueSpecification","valueRequired":true,"valueName":"search_term_string"}}],"inLanguage":"fr-FR"},{"@type":"Organization","@id":"https:\/\/www.urbanbiker.com\/fr\/#organization","name":"UrbanBiker","url":"https:\/\/www.urbanbiker.com\/fr\/","logo":{"@type":"ImageObject","inLanguage":"fr-FR","@id":"https:\/\/www.urbanbiker.com\/fr\/#\/schema\/logo\/image\/","url":"https:\/\/www.urbanbiker.com\/wp-content\/uploads\/2022\/09\/Logo-principal-sin-fondo.png","contentUrl":"https:\/\/www.urbanbiker.com\/wp-content\/uploads\/2022\/09\/Logo-principal-sin-fondo.png","width":2560,"height":934,"caption":"UrbanBiker"},"image":{"@id":"https:\/\/www.urbanbiker.com\/fr\/#\/schema\/logo\/image\/"},"sameAs":["https:\/\/www.facebook.com\/Urbanbikerbiciselectricas","https:\/\/www.instagram.com\/urbanbiker_\/","https:\/\/www.linkedin.com\/company\/2454235","https:\/\/www.youtube.com\/channel\/UCWR__uH_RWJF-OhPfz-9-Qw"]},{"@type":"Person","@id":"https:\/\/www.urbanbiker.com\/fr\/#\/schema\/person\/1cb58f0792ef226d6d409b73059515e0","name":"UrbanBiker","image":{"@type":"ImageObject","inLanguage":"fr-FR","@id":"https:\/\/secure.gravatar.com\/avatar\/22838f387878aabd10c8c90196e14f05497ff2fdd7c1267a5f035aa48d9ed396?s=96&d=mm&r=g","url":"https:\/\/secure.gravatar.com\/avatar\/22838f387878aabd10c8c90196e14f05497ff2fdd7c1267a5f035aa48d9ed396?s=96&d=mm&r=g","contentUrl":"https:\/\/secure.gravatar.com\/avatar\/22838f387878aabd10c8c90196e14f05497ff2fdd7c1267a5f035aa48d9ed396?s=96&d=mm&r=g","caption":"UrbanBiker"},"sameAs":["http:\/\/www.urbanbiker.com\/","https:\/\/www.facebook.com\/Urbanbikerbiciselectricas\/","https:\/\/www.linkedin.com\/company\/urbanbiker\/","https:\/\/www.youtube.com\/@UrbanbikerEbikes"]}]}},"_links":{"self":[{"href":"https:\/\/www.urbanbiker.com\/fr\/wp-json\/wp\/v2\/posts\/39488","targetHints":{"allow":["GET"]}}],"collection":[{"href":"https:\/\/www.urbanbiker.com\/fr\/wp-json\/wp\/v2\/posts"}],"about":[{"href":"https:\/\/www.urbanbiker.com\/fr\/wp-json\/wp\/v2\/types\/post"}],"author":[{"embeddable":true,"href":"https:\/\/www.urbanbiker.com\/fr\/wp-json\/wp\/v2\/users\/1"}],"replies":[{"embeddable":true,"href":"https:\/\/www.urbanbiker.com\/fr\/wp-json\/wp\/v2\/comments?post=39488"}],"version-history":[{"count":3,"href":"https:\/\/www.urbanbiker.com\/fr\/wp-json\/wp\/v2\/posts\/39488\/revisions"}],"predecessor-version":[{"id":39795,"href":"https:\/\/www.urbanbiker.com\/fr\/wp-json\/wp\/v2\/posts\/39488\/revisions\/39795"}],"wp:featuredmedia":[{"embeddable":true,"href":"https:\/\/www.urbanbiker.com\/fr\/wp-json\/wp\/v2\/media\/34923"}],"wp:attachment":[{"href":"https:\/\/www.urbanbiker.com\/fr\/wp-json\/wp\/v2\/media?parent=39488"}],"wp:term":[{"taxonomy":"category","embeddable":true,"href":"https:\/\/www.urbanbiker.com\/fr\/wp-json\/wp\/v2\/categories?post=39488"},{"taxonomy":"post_tag","embeddable":true,"href":"https:\/\/www.urbanbiker.com\/fr\/wp-json\/wp\/v2\/tags?post=39488"}],"curies":[{"name":"wp","href":"https:\/\/api.w.org\/{rel}","templated":true}]}}