{"id":39436,"date":"2023-03-21T03:32:36","date_gmt":"2023-03-21T02:32:36","guid":{"rendered":"https:\/\/www.urbanbiker.com\/pourquoi-un-velo-electrique-pese-t-il-si-lourd\/"},"modified":"2025-03-18T12:19:46","modified_gmt":"2025-03-18T11:19:46","slug":"pourquoi-un-velo-electrique-pese-t-il-si-lourd","status":"publish","type":"post","link":"https:\/\/www.urbanbiker.com\/fr\/pourquoi-un-velo-electrique-pese-t-il-si-lourd\/","title":{"rendered":"Pourquoi un v\u00e9lo \u00e9lectrique p\u00e8se-t-il si lourd ?"},"content":{"rendered":"&#13;\n<p>Les <strong>v\u00e9los \u00e9lectriques<\/strong> sont des v\u00e9hicules rapides, silencieux, \u00e9cologiques et sains. Ils sont de plus en plus l\u00e9gers, mais <strong>pourquoi un v\u00e9lo \u00e9lectrique p\u00e8se-t-il si lourd ?<\/strong> <br\/><br\/><\/p>&#13;\n\r\n<blockquote class=\"wp-block-quote is-layout-flow wp-block-quote-is-layout-flow\">&#13;\n<p>La r\u00e9ponse est tr\u00e8s simple : un v\u00e9lo \u00e9lectrique a besoin de deux composants essentiels pour fonctionner : le moteur (environ 3 kg) et la batterie (environ 3,5 kg), qui est pr\u00e9cis\u00e9ment ce qui <strong>p\u00e8se<\/strong> le plus lourd et qui fait la diff\u00e9rence par rapport \u00e0 un v\u00e9lo conventionnel.<\/p>&#13;\n&#13;\n\r\n\r\n&#13;\n<p>Du point de vue de la recherche et du d\u00e9veloppement, on peut se demander s&rsquo;il vaut la peine de fabriquer un v\u00e9lo plus l\u00e9ger (et beaucoup plus cher) si le poids du moteur ou de la batterie ne peut pas \u00eatre r\u00e9duit.<\/p>&#13;\n<p>L\u00e0 o\u00f9 le poids d&rsquo;un <strong>v\u00e9lo \u00e9lectrique<\/strong> se fait le plus sentir, c&rsquo;est dans les mont\u00e9es, mais pour cela nous avons un moteur et plusieurs modes d&rsquo;assistance qui faciliteront grandement la mont\u00e9e.<\/p>&#13;\n<p>En r\u00e9sum\u00e9, le poids ne peut \u00eatre un inconv\u00e9nient que si vous devez porter le v\u00e9lo dans un escalier ou le mettre dans un coffre. Dans ces cas-l\u00e0, vous pouvez opter pour un <strong>v\u00e9lo \u00e9lectrique<\/strong> pliant, qui est beaucoup plus l\u00e9ger que vous ne le pensez. <\/p>&#13;\n<p><strong>Un v\u00e9lo \u00e9lectrique vous permettra de parcourir de plus longues distances<\/strong>, quels que soient votre \u00e2ge, votre condition physique ou votre exp\u00e9rience du v\u00e9lo. <strong>Le moteur vous aidera dans les moments difficiles \u00e0 atteindre <\/strong>et vous choisirez le niveau d&rsquo;assistance dont vous avez besoin dans chaque cas.<\/p>&#13;\n<p>Mais n&rsquo;arr\u00eatez pas de p\u00e9daler, ce n&rsquo;est pas une moto ! \ud83d\ude0a \ud83d\ude0a c&rsquo;est un v\u00e9lo !<\/p>&#13;\n<p>Le <strong>poids<\/strong> du moteur (environ 3 kg) et de la batterie (environ 3,5 kg) est ce qui <strong>p\u00e8se<\/strong> le plus lourd.<\/p>&#13;\n<p>En r\u00e9sum\u00e9, le poids ne peut \u00eatre un inconv\u00e9nient que si vous devez porter le v\u00e9lo dans un escalier ou le mettre dans un coffre. Dans ces cas-l\u00e0, vous pouvez opter pour un <strong>v\u00e9lo \u00e9lectrique<\/strong> pliant, qui est beaucoup plus l\u00e9ger que vous ne le pensez. <\/p>&#13;\n<ul><\/ul><\/ul>\r\n","protected":false},"excerpt":{"rendered":"<p>Vestibulum eu quam nec neque pellentesque efficitur id eget nisl. Le port de la robe est un lieu de passage, mais il n&rsquo;y a pas de place pour les autres. Maecenas lacinia non orci at aliquam. Donec finibus, urna bibendum ultricies laoreet, augue eros luctus sapien, ut euismod leo tortor ac enim. In hac habitasse platea dictumst. Sed cursus venenatis tellus, non lobortis diam volutpat sit amet.     <\/p>\n","protected":false},"author":1,"featured_media":34827,"comment_status":"open","ping_status":"open","sticky":false,"template":"","format":"standard","meta":{"footnotes":""},"categories":[289,435],"tags":[],"class_list":["post-39436","post","type-post","status-publish","format-standard","has-post-thumbnail","hentry","category-conseil","category-pieces"],"yoast_head":"<!-- This site is optimized with the Yoast SEO plugin v27.5 - https:\/\/yoast.com\/product\/yoast-seo-wordpress\/ -->\n<title>Pourquoi un v\u00e9lo \u00e9lectrique p\u00e8se si lourd | Ebikes UrbanBiker<\/title>\n<meta name=\"description\" content=\"Pourquoi un v\u00e9lo \u00e9lectrique p\u00e8se-t-il si lourd. Nous vous expliquons les raisons et les pi\u00e8ces qui rendent les v\u00e9los \u00e9lectriques si lourds.\" \/>\n<meta name=\"robots\" content=\"index, follow, max-snippet:-1, max-image-preview:large, max-video-preview:-1\" \/>\n<link rel=\"canonical\" href=\"https:\/\/www.urbanbiker.com\/fr\/pourquoi-un-velo-electrique-pese-t-il-si-lourd\/\" \/>\n<meta property=\"og:locale\" content=\"fr_FR\" \/>\n<meta property=\"og:type\" content=\"article\" \/>\n<meta property=\"og:title\" content=\"Pourquoi un v\u00e9lo \u00e9lectrique p\u00e8se si lourd | Ebikes UrbanBiker\" \/>\n<meta property=\"og:description\" content=\"Pourquoi un v\u00e9lo \u00e9lectrique p\u00e8se-t-il si lourd. Nous vous expliquons les raisons et les pi\u00e8ces qui rendent les v\u00e9los \u00e9lectriques si lourds.\" \/>\n<meta property=\"og:url\" content=\"https:\/\/www.urbanbiker.com\/fr\/pourquoi-un-velo-electrique-pese-t-il-si-lourd\/\" \/>\n<meta property=\"og:site_name\" content=\"UrbanBiker\" \/>\n<meta property=\"article:publisher\" content=\"https:\/\/www.facebook.com\/Urbanbikerbiciselectricas\" \/>\n<meta property=\"article:author\" content=\"https:\/\/www.facebook.com\/Urbanbikerbiciselectricas\/\" \/>\n<meta property=\"article:published_time\" content=\"2023-03-21T02:32:36+00:00\" \/>\n<meta property=\"article:modified_time\" content=\"2025-03-18T11:19:46+00:00\" \/>\n<meta property=\"og:image\" content=\"https:\/\/www.urbanbiker.com\/wp-content\/uploads\/2023\/03\/urbanbiker-dakota-11.jpg\" \/>\n\t<meta property=\"og:image:width\" content=\"1080\" \/>\n\t<meta property=\"og:image:height\" content=\"1080\" \/>\n\t<meta property=\"og:image:type\" content=\"image\/jpeg\" \/>\n<meta name=\"author\" content=\"UrbanBiker\" \/>\n<meta name=\"twitter:card\" content=\"summary_large_image\" \/>\n<meta name=\"twitter:label1\" content=\"\u00c9crit par\" \/>\n\t<meta name=\"twitter:data1\" content=\"UrbanBiker\" \/>\n\t<meta name=\"twitter:label2\" content=\"Dur\u00e9e de lecture estim\u00e9e\" \/>\n\t<meta name=\"twitter:data2\" content=\"2 minutes\" \/>\n<script type=\"application\/ld+json\" class=\"yoast-schema-graph\">{\"@context\":\"https:\\\/\\\/schema.org\",\"@graph\":[{\"@type\":\"Article\",\"@id\":\"https:\\\/\\\/www.urbanbiker.com\\\/fr\\\/pourquoi-un-velo-electrique-pese-t-il-si-lourd\\\/#article\",\"isPartOf\":{\"@id\":\"https:\\\/\\\/www.urbanbiker.com\\\/fr\\\/pourquoi-un-velo-electrique-pese-t-il-si-lourd\\\/\"},\"author\":{\"name\":\"UrbanBiker\",\"@id\":\"https:\\\/\\\/www.urbanbiker.com\\\/fr\\\/#\\\/schema\\\/person\\\/1cb58f0792ef226d6d409b73059515e0\"},\"headline\":\"Pourquoi un v\u00e9lo \u00e9lectrique p\u00e8se-t-il si lourd ?\",\"datePublished\":\"2023-03-21T02:32:36+00:00\",\"dateModified\":\"2025-03-18T11:19:46+00:00\",\"mainEntityOfPage\":{\"@id\":\"https:\\\/\\\/www.urbanbiker.com\\\/fr\\\/pourquoi-un-velo-electrique-pese-t-il-si-lourd\\\/\"},\"wordCount\":368,\"commentCount\":0,\"publisher\":{\"@id\":\"https:\\\/\\\/www.urbanbiker.com\\\/fr\\\/#organization\"},\"image\":{\"@id\":\"https:\\\/\\\/www.urbanbiker.com\\\/fr\\\/pourquoi-un-velo-electrique-pese-t-il-si-lourd\\\/#primaryimage\"},\"thumbnailUrl\":\"https:\\\/\\\/www.urbanbiker.com\\\/wp-content\\\/uploads\\\/2023\\\/03\\\/urbanbiker-dakota-11.jpg\",\"articleSection\":[\"Conseil\",\"Pi\u00e8ces\"],\"inLanguage\":\"fr-FR\",\"potentialAction\":[{\"@type\":\"CommentAction\",\"name\":\"Comment\",\"target\":[\"https:\\\/\\\/www.urbanbiker.com\\\/fr\\\/pourquoi-un-velo-electrique-pese-t-il-si-lourd\\\/#respond\"]}]},{\"@type\":\"WebPage\",\"@id\":\"https:\\\/\\\/www.urbanbiker.com\\\/fr\\\/pourquoi-un-velo-electrique-pese-t-il-si-lourd\\\/\",\"url\":\"https:\\\/\\\/www.urbanbiker.com\\\/fr\\\/pourquoi-un-velo-electrique-pese-t-il-si-lourd\\\/\",\"name\":\"Pourquoi un v\u00e9lo \u00e9lectrique p\u00e8se si lourd | Ebikes UrbanBiker\",\"isPartOf\":{\"@id\":\"https:\\\/\\\/www.urbanbiker.com\\\/fr\\\/#website\"},\"primaryImageOfPage\":{\"@id\":\"https:\\\/\\\/www.urbanbiker.com\\\/fr\\\/pourquoi-un-velo-electrique-pese-t-il-si-lourd\\\/#primaryimage\"},\"image\":{\"@id\":\"https:\\\/\\\/www.urbanbiker.com\\\/fr\\\/pourquoi-un-velo-electrique-pese-t-il-si-lourd\\\/#primaryimage\"},\"thumbnailUrl\":\"https:\\\/\\\/www.urbanbiker.com\\\/wp-content\\\/uploads\\\/2023\\\/03\\\/urbanbiker-dakota-11.jpg\",\"datePublished\":\"2023-03-21T02:32:36+00:00\",\"dateModified\":\"2025-03-18T11:19:46+00:00\",\"description\":\"Pourquoi un v\u00e9lo \u00e9lectrique p\u00e8se-t-il si lourd. Nous vous expliquons les raisons et les pi\u00e8ces qui rendent les v\u00e9los \u00e9lectriques si lourds.\",\"breadcrumb\":{\"@id\":\"https:\\\/\\\/www.urbanbiker.com\\\/fr\\\/pourquoi-un-velo-electrique-pese-t-il-si-lourd\\\/#breadcrumb\"},\"inLanguage\":\"fr-FR\",\"potentialAction\":[{\"@type\":\"ReadAction\",\"target\":[\"https:\\\/\\\/www.urbanbiker.com\\\/fr\\\/pourquoi-un-velo-electrique-pese-t-il-si-lourd\\\/\"]}]},{\"@type\":\"ImageObject\",\"inLanguage\":\"fr-FR\",\"@id\":\"https:\\\/\\\/www.urbanbiker.com\\\/fr\\\/pourquoi-un-velo-electrique-pese-t-il-si-lourd\\\/#primaryimage\",\"url\":\"https:\\\/\\\/www.urbanbiker.com\\\/wp-content\\\/uploads\\\/2023\\\/03\\\/urbanbiker-dakota-11.jpg\",\"contentUrl\":\"https:\\\/\\\/www.urbanbiker.com\\\/wp-content\\\/uploads\\\/2023\\\/03\\\/urbanbiker-dakota-11.jpg\",\"width\":1080,\"height\":1080},{\"@type\":\"BreadcrumbList\",\"@id\":\"https:\\\/\\\/www.urbanbiker.com\\\/fr\\\/pourquoi-un-velo-electrique-pese-t-il-si-lourd\\\/#breadcrumb\",\"itemListElement\":[{\"@type\":\"ListItem\",\"position\":1,\"name\":\"Portada\",\"item\":\"https:\\\/\\\/www.urbanbiker.com\\\/fr\\\/\"},{\"@type\":\"ListItem\",\"position\":2,\"name\":\"Pourquoi un v\u00e9lo \u00e9lectrique p\u00e8se-t-il si lourd ?\"}]},{\"@type\":\"WebSite\",\"@id\":\"https:\\\/\\\/www.urbanbiker.com\\\/fr\\\/#website\",\"url\":\"https:\\\/\\\/www.urbanbiker.com\\\/fr\\\/\",\"name\":\"UrbanBiker\",\"description\":\"V\u00e9los \u00e9lectriques\",\"publisher\":{\"@id\":\"https:\\\/\\\/www.urbanbiker.com\\\/fr\\\/#organization\"},\"potentialAction\":[{\"@type\":\"SearchAction\",\"target\":{\"@type\":\"EntryPoint\",\"urlTemplate\":\"https:\\\/\\\/www.urbanbiker.com\\\/fr\\\/?s={search_term_string}\"},\"query-input\":{\"@type\":\"PropertyValueSpecification\",\"valueRequired\":true,\"valueName\":\"search_term_string\"}}],\"inLanguage\":\"fr-FR\"},{\"@type\":\"Organization\",\"@id\":\"https:\\\/\\\/www.urbanbiker.com\\\/fr\\\/#organization\",\"name\":\"UrbanBiker\",\"url\":\"https:\\\/\\\/www.urbanbiker.com\\\/fr\\\/\",\"logo\":{\"@type\":\"ImageObject\",\"inLanguage\":\"fr-FR\",\"@id\":\"https:\\\/\\\/www.urbanbiker.com\\\/fr\\\/#\\\/schema\\\/logo\\\/image\\\/\",\"url\":\"https:\\\/\\\/www.urbanbiker.com\\\/wp-content\\\/uploads\\\/2022\\\/09\\\/Logo-principal-sin-fondo.png\",\"contentUrl\":\"https:\\\/\\\/www.urbanbiker.com\\\/wp-content\\\/uploads\\\/2022\\\/09\\\/Logo-principal-sin-fondo.png\",\"width\":2560,\"height\":934,\"caption\":\"UrbanBiker\"},\"image\":{\"@id\":\"https:\\\/\\\/www.urbanbiker.com\\\/fr\\\/#\\\/schema\\\/logo\\\/image\\\/\"},\"sameAs\":[\"https:\\\/\\\/www.facebook.com\\\/Urbanbikerbiciselectricas\",\"https:\\\/\\\/www.instagram.com\\\/urbanbiker_\\\/\",\"https:\\\/\\\/www.linkedin.com\\\/company\\\/2454235\",\"https:\\\/\\\/www.youtube.com\\\/channel\\\/UCWR__uH_RWJF-OhPfz-9-Qw\"]},{\"@type\":\"Person\",\"@id\":\"https:\\\/\\\/www.urbanbiker.com\\\/fr\\\/#\\\/schema\\\/person\\\/1cb58f0792ef226d6d409b73059515e0\",\"name\":\"UrbanBiker\",\"image\":{\"@type\":\"ImageObject\",\"inLanguage\":\"fr-FR\",\"@id\":\"https:\\\/\\\/secure.gravatar.com\\\/avatar\\\/22838f387878aabd10c8c90196e14f05497ff2fdd7c1267a5f035aa48d9ed396?s=96&d=mm&r=g\",\"url\":\"https:\\\/\\\/secure.gravatar.com\\\/avatar\\\/22838f387878aabd10c8c90196e14f05497ff2fdd7c1267a5f035aa48d9ed396?s=96&d=mm&r=g\",\"contentUrl\":\"https:\\\/\\\/secure.gravatar.com\\\/avatar\\\/22838f387878aabd10c8c90196e14f05497ff2fdd7c1267a5f035aa48d9ed396?s=96&d=mm&r=g\",\"caption\":\"UrbanBiker\"},\"sameAs\":[\"http:\\\/\\\/www.urbanbiker.com\\\/\",\"https:\\\/\\\/www.facebook.com\\\/Urbanbikerbiciselectricas\\\/\",\"https:\\\/\\\/www.linkedin.com\\\/company\\\/urbanbiker\\\/\",\"https:\\\/\\\/www.youtube.com\\\/@UrbanbikerEbikes\"]}]}<\/script>\n<!-- \/ Yoast SEO plugin. -->","yoast_head_json":{"title":"Pourquoi un v\u00e9lo \u00e9lectrique p\u00e8se si lourd | Ebikes UrbanBiker","description":"Pourquoi un v\u00e9lo \u00e9lectrique p\u00e8se-t-il si lourd. Nous vous expliquons les raisons et les pi\u00e8ces qui rendent les v\u00e9los \u00e9lectriques si lourds.","robots":{"index":"index","follow":"follow","max-snippet":"max-snippet:-1","max-image-preview":"max-image-preview:large","max-video-preview":"max-video-preview:-1"},"canonical":"https:\/\/www.urbanbiker.com\/fr\/pourquoi-un-velo-electrique-pese-t-il-si-lourd\/","og_locale":"fr_FR","og_type":"article","og_title":"Pourquoi un v\u00e9lo \u00e9lectrique p\u00e8se si lourd | Ebikes UrbanBiker","og_description":"Pourquoi un v\u00e9lo \u00e9lectrique p\u00e8se-t-il si lourd. Nous vous expliquons les raisons et les pi\u00e8ces qui rendent les v\u00e9los \u00e9lectriques si lourds.","og_url":"https:\/\/www.urbanbiker.com\/fr\/pourquoi-un-velo-electrique-pese-t-il-si-lourd\/","og_site_name":"UrbanBiker","article_publisher":"https:\/\/www.facebook.com\/Urbanbikerbiciselectricas","article_author":"https:\/\/www.facebook.com\/Urbanbikerbiciselectricas\/","article_published_time":"2023-03-21T02:32:36+00:00","article_modified_time":"2025-03-18T11:19:46+00:00","og_image":[{"width":1080,"height":1080,"url":"https:\/\/www.urbanbiker.com\/wp-content\/uploads\/2023\/03\/urbanbiker-dakota-11.jpg","type":"image\/jpeg"}],"author":"UrbanBiker","twitter_card":"summary_large_image","twitter_misc":{"\u00c9crit par":"UrbanBiker","Dur\u00e9e de lecture estim\u00e9e":"2 minutes"},"schema":{"@context":"https:\/\/schema.org","@graph":[{"@type":"Article","@id":"https:\/\/www.urbanbiker.com\/fr\/pourquoi-un-velo-electrique-pese-t-il-si-lourd\/#article","isPartOf":{"@id":"https:\/\/www.urbanbiker.com\/fr\/pourquoi-un-velo-electrique-pese-t-il-si-lourd\/"},"author":{"name":"UrbanBiker","@id":"https:\/\/www.urbanbiker.com\/fr\/#\/schema\/person\/1cb58f0792ef226d6d409b73059515e0"},"headline":"Pourquoi un v\u00e9lo \u00e9lectrique p\u00e8se-t-il si lourd ?","datePublished":"2023-03-21T02:32:36+00:00","dateModified":"2025-03-18T11:19:46+00:00","mainEntityOfPage":{"@id":"https:\/\/www.urbanbiker.com\/fr\/pourquoi-un-velo-electrique-pese-t-il-si-lourd\/"},"wordCount":368,"commentCount":0,"publisher":{"@id":"https:\/\/www.urbanbiker.com\/fr\/#organization"},"image":{"@id":"https:\/\/www.urbanbiker.com\/fr\/pourquoi-un-velo-electrique-pese-t-il-si-lourd\/#primaryimage"},"thumbnailUrl":"https:\/\/www.urbanbiker.com\/wp-content\/uploads\/2023\/03\/urbanbiker-dakota-11.jpg","articleSection":["Conseil","Pi\u00e8ces"],"inLanguage":"fr-FR","potentialAction":[{"@type":"CommentAction","name":"Comment","target":["https:\/\/www.urbanbiker.com\/fr\/pourquoi-un-velo-electrique-pese-t-il-si-lourd\/#respond"]}]},{"@type":"WebPage","@id":"https:\/\/www.urbanbiker.com\/fr\/pourquoi-un-velo-electrique-pese-t-il-si-lourd\/","url":"https:\/\/www.urbanbiker.com\/fr\/pourquoi-un-velo-electrique-pese-t-il-si-lourd\/","name":"Pourquoi un v\u00e9lo \u00e9lectrique p\u00e8se si lourd | Ebikes UrbanBiker","isPartOf":{"@id":"https:\/\/www.urbanbiker.com\/fr\/#website"},"primaryImageOfPage":{"@id":"https:\/\/www.urbanbiker.com\/fr\/pourquoi-un-velo-electrique-pese-t-il-si-lourd\/#primaryimage"},"image":{"@id":"https:\/\/www.urbanbiker.com\/fr\/pourquoi-un-velo-electrique-pese-t-il-si-lourd\/#primaryimage"},"thumbnailUrl":"https:\/\/www.urbanbiker.com\/wp-content\/uploads\/2023\/03\/urbanbiker-dakota-11.jpg","datePublished":"2023-03-21T02:32:36+00:00","dateModified":"2025-03-18T11:19:46+00:00","description":"Pourquoi un v\u00e9lo \u00e9lectrique p\u00e8se-t-il si lourd. Nous vous expliquons les raisons et les pi\u00e8ces qui rendent les v\u00e9los \u00e9lectriques si lourds.","breadcrumb":{"@id":"https:\/\/www.urbanbiker.com\/fr\/pourquoi-un-velo-electrique-pese-t-il-si-lourd\/#breadcrumb"},"inLanguage":"fr-FR","potentialAction":[{"@type":"ReadAction","target":["https:\/\/www.urbanbiker.com\/fr\/pourquoi-un-velo-electrique-pese-t-il-si-lourd\/"]}]},{"@type":"ImageObject","inLanguage":"fr-FR","@id":"https:\/\/www.urbanbiker.com\/fr\/pourquoi-un-velo-electrique-pese-t-il-si-lourd\/#primaryimage","url":"https:\/\/www.urbanbiker.com\/wp-content\/uploads\/2023\/03\/urbanbiker-dakota-11.jpg","contentUrl":"https:\/\/www.urbanbiker.com\/wp-content\/uploads\/2023\/03\/urbanbiker-dakota-11.jpg","width":1080,"height":1080},{"@type":"BreadcrumbList","@id":"https:\/\/www.urbanbiker.com\/fr\/pourquoi-un-velo-electrique-pese-t-il-si-lourd\/#breadcrumb","itemListElement":[{"@type":"ListItem","position":1,"name":"Portada","item":"https:\/\/www.urbanbiker.com\/fr\/"},{"@type":"ListItem","position":2,"name":"Pourquoi un v\u00e9lo \u00e9lectrique p\u00e8se-t-il si lourd ?"}]},{"@type":"WebSite","@id":"https:\/\/www.urbanbiker.com\/fr\/#website","url":"https:\/\/www.urbanbiker.com\/fr\/","name":"UrbanBiker","description":"V\u00e9los \u00e9lectriques","publisher":{"@id":"https:\/\/www.urbanbiker.com\/fr\/#organization"},"potentialAction":[{"@type":"SearchAction","target":{"@type":"EntryPoint","urlTemplate":"https:\/\/www.urbanbiker.com\/fr\/?s={search_term_string}"},"query-input":{"@type":"PropertyValueSpecification","valueRequired":true,"valueName":"search_term_string"}}],"inLanguage":"fr-FR"},{"@type":"Organization","@id":"https:\/\/www.urbanbiker.com\/fr\/#organization","name":"UrbanBiker","url":"https:\/\/www.urbanbiker.com\/fr\/","logo":{"@type":"ImageObject","inLanguage":"fr-FR","@id":"https:\/\/www.urbanbiker.com\/fr\/#\/schema\/logo\/image\/","url":"https:\/\/www.urbanbiker.com\/wp-content\/uploads\/2022\/09\/Logo-principal-sin-fondo.png","contentUrl":"https:\/\/www.urbanbiker.com\/wp-content\/uploads\/2022\/09\/Logo-principal-sin-fondo.png","width":2560,"height":934,"caption":"UrbanBiker"},"image":{"@id":"https:\/\/www.urbanbiker.com\/fr\/#\/schema\/logo\/image\/"},"sameAs":["https:\/\/www.facebook.com\/Urbanbikerbiciselectricas","https:\/\/www.instagram.com\/urbanbiker_\/","https:\/\/www.linkedin.com\/company\/2454235","https:\/\/www.youtube.com\/channel\/UCWR__uH_RWJF-OhPfz-9-Qw"]},{"@type":"Person","@id":"https:\/\/www.urbanbiker.com\/fr\/#\/schema\/person\/1cb58f0792ef226d6d409b73059515e0","name":"UrbanBiker","image":{"@type":"ImageObject","inLanguage":"fr-FR","@id":"https:\/\/secure.gravatar.com\/avatar\/22838f387878aabd10c8c90196e14f05497ff2fdd7c1267a5f035aa48d9ed396?s=96&d=mm&r=g","url":"https:\/\/secure.gravatar.com\/avatar\/22838f387878aabd10c8c90196e14f05497ff2fdd7c1267a5f035aa48d9ed396?s=96&d=mm&r=g","contentUrl":"https:\/\/secure.gravatar.com\/avatar\/22838f387878aabd10c8c90196e14f05497ff2fdd7c1267a5f035aa48d9ed396?s=96&d=mm&r=g","caption":"UrbanBiker"},"sameAs":["http:\/\/www.urbanbiker.com\/","https:\/\/www.facebook.com\/Urbanbikerbiciselectricas\/","https:\/\/www.linkedin.com\/company\/urbanbiker\/","https:\/\/www.youtube.com\/@UrbanbikerEbikes"]}]}},"_links":{"self":[{"href":"https:\/\/www.urbanbiker.com\/fr\/wp-json\/wp\/v2\/posts\/39436","targetHints":{"allow":["GET"]}}],"collection":[{"href":"https:\/\/www.urbanbiker.com\/fr\/wp-json\/wp\/v2\/posts"}],"about":[{"href":"https:\/\/www.urbanbiker.com\/fr\/wp-json\/wp\/v2\/types\/post"}],"author":[{"embeddable":true,"href":"https:\/\/www.urbanbiker.com\/fr\/wp-json\/wp\/v2\/users\/1"}],"replies":[{"embeddable":true,"href":"https:\/\/www.urbanbiker.com\/fr\/wp-json\/wp\/v2\/comments?post=39436"}],"version-history":[{"count":1,"href":"https:\/\/www.urbanbiker.com\/fr\/wp-json\/wp\/v2\/posts\/39436\/revisions"}],"predecessor-version":[{"id":39437,"href":"https:\/\/www.urbanbiker.com\/fr\/wp-json\/wp\/v2\/posts\/39436\/revisions\/39437"}],"wp:featuredmedia":[{"embeddable":true,"href":"https:\/\/www.urbanbiker.com\/fr\/wp-json\/wp\/v2\/media\/34827"}],"wp:attachment":[{"href":"https:\/\/www.urbanbiker.com\/fr\/wp-json\/wp\/v2\/media?parent=39436"}],"wp:term":[{"taxonomy":"category","embeddable":true,"href":"https:\/\/www.urbanbiker.com\/fr\/wp-json\/wp\/v2\/categories?post=39436"},{"taxonomy":"post_tag","embeddable":true,"href":"https:\/\/www.urbanbiker.com\/fr\/wp-json\/wp\/v2\/tags?post=39436"}],"curies":[{"name":"wp","href":"https:\/\/api.w.org\/{rel}","templated":true}]}}