{"id":39337,"date":"2024-11-11T15:51:46","date_gmt":"2024-11-11T14:51:46","guid":{"rendered":"https:\/\/www.urbanbiker.com\/ils-parlent-de-nous-dans-c-de-comunicacion\/"},"modified":"2024-11-11T15:51:46","modified_gmt":"2024-11-11T14:51:46","slug":"ils-parlent-de-nous-dans-c-de-comunicacion","status":"publish","type":"post","link":"https:\/\/www.urbanbiker.com\/fr\/ils-parlent-de-nous-dans-c-de-comunicacion\/","title":{"rendered":"Ils parlent de nous dans C de Comunicaci\u00f3n"},"content":{"rendered":"<p>Ils parlent de nous<\/p>\n<p>Nous vous laissons ici le lien direct vers la #nouvelle publi\u00e9e dans la #newsletter de C de Comunicaci\u00f3n, experts en communication interprofessionnelle, en r\u00e9f\u00e9rence \u00e0 l&rsquo;interview qu&rsquo;ils nous ont accord\u00e9e il y a quelques jours.<\/p>\n<blockquote>\n<p class=\"entry-title\">Urbanbiker cl\u00f4ture une ann\u00e9e 2024 stable avec de nouveaux lancements et des plans de croissance pour l&rsquo;ann\u00e9e prochaine.<\/p>\n<\/blockquote>\n<p>Si vous voulez en savoir plus&#8230; nous parlons du march\u00e9 du v\u00e9lo \u00e9lectrique, des pr\u00e9visions pour l&rsquo;ann\u00e9e \u00e0 venir et des nouveaux d\u00e9veloppements.<\/p>\n<p>Voici le lien : https:\/\/bicicleta.cdecomunicacion.es\/fabricantes\/131715\/urbanbiker-cierre-2024-sector-bicicleta-fabricantes-leon?utm_source=Boletines+of+Bicycling&amp;utm_medium=email&amp;utm_campaign=20241106-bicycling<\/p>\n","protected":false},"excerpt":{"rendered":"<p>Ils parlent de nous Nous vous laissons ici le lien direct vers la #nouvelle publi\u00e9e dans la #newsletter de C de Comunicaci\u00f3n, experts en communication interprofessionnelle, en r\u00e9f\u00e9rence \u00e0 l&rsquo;interview qu&rsquo;ils nous ont accord\u00e9e il y a quelques jours. Urbanbiker cl\u00f4ture une ann\u00e9e 2024 stable avec de nouveaux lancements et des plans de croissance pour [&hellip;]<\/p>\n","protected":false},"author":1,"featured_media":37931,"comment_status":"open","ping_status":"open","sticky":false,"template":"","format":"standard","meta":{"footnotes":""},"categories":[290],"tags":[],"class_list":["post-39337","post","type-post","status-publish","format-standard","has-post-thumbnail","hentry","category-actualites"],"yoast_head":"<!-- This site is optimized with the Yoast SEO plugin v27.5 - https:\/\/yoast.com\/product\/yoast-seo-wordpress\/ -->\n<title>Ils parlent de nous dans C de Comunicaci\u00f3n | UrbanBiker<\/title>\n<meta name=\"description\" content=\"On parle de nous \u00e0 C de Comunicaci\u00f3n. Nous parlons du march\u00e9 des v\u00e9los \u00e9lectriques, des pr\u00e9visions pour l&#039;ann\u00e9e \u00e0 venir et des nouveaux d\u00e9veloppements.\" \/>\n<meta name=\"robots\" content=\"index, follow, max-snippet:-1, max-image-preview:large, max-video-preview:-1\" \/>\n<link rel=\"canonical\" href=\"https:\/\/www.urbanbiker.com\/fr\/ils-parlent-de-nous-dans-c-de-comunicacion\/\" \/>\n<meta property=\"og:locale\" content=\"fr_FR\" \/>\n<meta property=\"og:type\" content=\"article\" \/>\n<meta property=\"og:title\" content=\"Ils parlent de nous dans C de Comunicaci\u00f3n | UrbanBiker\" \/>\n<meta property=\"og:description\" content=\"On parle de nous \u00e0 C de Comunicaci\u00f3n. Nous parlons du march\u00e9 des v\u00e9los \u00e9lectriques, des pr\u00e9visions pour l&#039;ann\u00e9e \u00e0 venir et des nouveaux d\u00e9veloppements.\" \/>\n<meta property=\"og:url\" content=\"https:\/\/www.urbanbiker.com\/fr\/ils-parlent-de-nous-dans-c-de-comunicacion\/\" \/>\n<meta property=\"og:site_name\" content=\"UrbanBiker\" \/>\n<meta property=\"article:publisher\" content=\"https:\/\/www.facebook.com\/Urbanbikerbiciselectricas\" \/>\n<meta property=\"article:author\" content=\"https:\/\/www.facebook.com\/Urbanbikerbiciselectricas\/\" \/>\n<meta property=\"article:published_time\" content=\"2024-11-11T14:51:46+00:00\" \/>\n<meta property=\"og:image\" content=\"https:\/\/www.urbanbiker.com\/wp-content\/uploads\/2025\/03\/urbanbiker-cierre-2024-sector-bicicleta-fabricantes-leon.png.webp\" \/>\n\t<meta property=\"og:image:width\" content=\"1600\" \/>\n\t<meta property=\"og:image:height\" content=\"900\" \/>\n\t<meta property=\"og:image:type\" content=\"image\/webp\" \/>\n<meta name=\"author\" content=\"UrbanBiker\" \/>\n<meta name=\"twitter:card\" content=\"summary_large_image\" \/>\n<meta name=\"twitter:label1\" content=\"\u00c9crit par\" \/>\n\t<meta name=\"twitter:data1\" content=\"UrbanBiker\" \/>\n\t<meta name=\"twitter:label2\" content=\"Dur\u00e9e de lecture estim\u00e9e\" \/>\n\t<meta name=\"twitter:data2\" content=\"1 minute\" \/>\n<script type=\"application\/ld+json\" class=\"yoast-schema-graph\">{\"@context\":\"https:\\\/\\\/schema.org\",\"@graph\":[{\"@type\":\"Article\",\"@id\":\"https:\\\/\\\/www.urbanbiker.com\\\/fr\\\/ils-parlent-de-nous-dans-c-de-comunicacion\\\/#article\",\"isPartOf\":{\"@id\":\"https:\\\/\\\/www.urbanbiker.com\\\/fr\\\/ils-parlent-de-nous-dans-c-de-comunicacion\\\/\"},\"author\":{\"name\":\"UrbanBiker\",\"@id\":\"https:\\\/\\\/www.urbanbiker.com\\\/fr\\\/#\\\/schema\\\/person\\\/1cb58f0792ef226d6d409b73059515e0\"},\"headline\":\"Ils parlent de nous dans C de Comunicaci\u00f3n\",\"datePublished\":\"2024-11-11T14:51:46+00:00\",\"mainEntityOfPage\":{\"@id\":\"https:\\\/\\\/www.urbanbiker.com\\\/fr\\\/ils-parlent-de-nous-dans-c-de-comunicacion\\\/\"},\"wordCount\":125,\"commentCount\":0,\"publisher\":{\"@id\":\"https:\\\/\\\/www.urbanbiker.com\\\/fr\\\/#organization\"},\"image\":{\"@id\":\"https:\\\/\\\/www.urbanbiker.com\\\/fr\\\/ils-parlent-de-nous-dans-c-de-comunicacion\\\/#primaryimage\"},\"thumbnailUrl\":\"https:\\\/\\\/www.urbanbiker.com\\\/wp-content\\\/uploads\\\/2025\\\/03\\\/urbanbiker-cierre-2024-sector-bicicleta-fabricantes-leon.png.webp\",\"articleSection\":[\"Actualit\u00e9s\"],\"inLanguage\":\"fr-FR\",\"potentialAction\":[{\"@type\":\"CommentAction\",\"name\":\"Comment\",\"target\":[\"https:\\\/\\\/www.urbanbiker.com\\\/fr\\\/ils-parlent-de-nous-dans-c-de-comunicacion\\\/#respond\"]}]},{\"@type\":\"WebPage\",\"@id\":\"https:\\\/\\\/www.urbanbiker.com\\\/fr\\\/ils-parlent-de-nous-dans-c-de-comunicacion\\\/\",\"url\":\"https:\\\/\\\/www.urbanbiker.com\\\/fr\\\/ils-parlent-de-nous-dans-c-de-comunicacion\\\/\",\"name\":\"Ils parlent de nous dans C de Comunicaci\u00f3n | UrbanBiker\",\"isPartOf\":{\"@id\":\"https:\\\/\\\/www.urbanbiker.com\\\/fr\\\/#website\"},\"primaryImageOfPage\":{\"@id\":\"https:\\\/\\\/www.urbanbiker.com\\\/fr\\\/ils-parlent-de-nous-dans-c-de-comunicacion\\\/#primaryimage\"},\"image\":{\"@id\":\"https:\\\/\\\/www.urbanbiker.com\\\/fr\\\/ils-parlent-de-nous-dans-c-de-comunicacion\\\/#primaryimage\"},\"thumbnailUrl\":\"https:\\\/\\\/www.urbanbiker.com\\\/wp-content\\\/uploads\\\/2025\\\/03\\\/urbanbiker-cierre-2024-sector-bicicleta-fabricantes-leon.png.webp\",\"datePublished\":\"2024-11-11T14:51:46+00:00\",\"description\":\"On parle de nous \u00e0 C de Comunicaci\u00f3n. Nous parlons du march\u00e9 des v\u00e9los \u00e9lectriques, des pr\u00e9visions pour l'ann\u00e9e \u00e0 venir et des nouveaux d\u00e9veloppements.\",\"breadcrumb\":{\"@id\":\"https:\\\/\\\/www.urbanbiker.com\\\/fr\\\/ils-parlent-de-nous-dans-c-de-comunicacion\\\/#breadcrumb\"},\"inLanguage\":\"fr-FR\",\"potentialAction\":[{\"@type\":\"ReadAction\",\"target\":[\"https:\\\/\\\/www.urbanbiker.com\\\/fr\\\/ils-parlent-de-nous-dans-c-de-comunicacion\\\/\"]}]},{\"@type\":\"ImageObject\",\"inLanguage\":\"fr-FR\",\"@id\":\"https:\\\/\\\/www.urbanbiker.com\\\/fr\\\/ils-parlent-de-nous-dans-c-de-comunicacion\\\/#primaryimage\",\"url\":\"https:\\\/\\\/www.urbanbiker.com\\\/wp-content\\\/uploads\\\/2025\\\/03\\\/urbanbiker-cierre-2024-sector-bicicleta-fabricantes-leon.png.webp\",\"contentUrl\":\"https:\\\/\\\/www.urbanbiker.com\\\/wp-content\\\/uploads\\\/2025\\\/03\\\/urbanbiker-cierre-2024-sector-bicicleta-fabricantes-leon.png.webp\",\"width\":1600,\"height\":900},{\"@type\":\"BreadcrumbList\",\"@id\":\"https:\\\/\\\/www.urbanbiker.com\\\/fr\\\/ils-parlent-de-nous-dans-c-de-comunicacion\\\/#breadcrumb\",\"itemListElement\":[{\"@type\":\"ListItem\",\"position\":1,\"name\":\"Portada\",\"item\":\"https:\\\/\\\/www.urbanbiker.com\\\/fr\\\/\"},{\"@type\":\"ListItem\",\"position\":2,\"name\":\"Ils parlent de nous dans C de Comunicaci\u00f3n\"}]},{\"@type\":\"WebSite\",\"@id\":\"https:\\\/\\\/www.urbanbiker.com\\\/fr\\\/#website\",\"url\":\"https:\\\/\\\/www.urbanbiker.com\\\/fr\\\/\",\"name\":\"UrbanBiker\",\"description\":\"V\u00e9los \u00e9lectriques\",\"publisher\":{\"@id\":\"https:\\\/\\\/www.urbanbiker.com\\\/fr\\\/#organization\"},\"potentialAction\":[{\"@type\":\"SearchAction\",\"target\":{\"@type\":\"EntryPoint\",\"urlTemplate\":\"https:\\\/\\\/www.urbanbiker.com\\\/fr\\\/?s={search_term_string}\"},\"query-input\":{\"@type\":\"PropertyValueSpecification\",\"valueRequired\":true,\"valueName\":\"search_term_string\"}}],\"inLanguage\":\"fr-FR\"},{\"@type\":\"Organization\",\"@id\":\"https:\\\/\\\/www.urbanbiker.com\\\/fr\\\/#organization\",\"name\":\"UrbanBiker\",\"url\":\"https:\\\/\\\/www.urbanbiker.com\\\/fr\\\/\",\"logo\":{\"@type\":\"ImageObject\",\"inLanguage\":\"fr-FR\",\"@id\":\"https:\\\/\\\/www.urbanbiker.com\\\/fr\\\/#\\\/schema\\\/logo\\\/image\\\/\",\"url\":\"https:\\\/\\\/www.urbanbiker.com\\\/wp-content\\\/uploads\\\/2022\\\/09\\\/Logo-principal-sin-fondo.png\",\"contentUrl\":\"https:\\\/\\\/www.urbanbiker.com\\\/wp-content\\\/uploads\\\/2022\\\/09\\\/Logo-principal-sin-fondo.png\",\"width\":2560,\"height\":934,\"caption\":\"UrbanBiker\"},\"image\":{\"@id\":\"https:\\\/\\\/www.urbanbiker.com\\\/fr\\\/#\\\/schema\\\/logo\\\/image\\\/\"},\"sameAs\":[\"https:\\\/\\\/www.facebook.com\\\/Urbanbikerbiciselectricas\",\"https:\\\/\\\/www.instagram.com\\\/urbanbiker_\\\/\",\"https:\\\/\\\/www.linkedin.com\\\/company\\\/2454235\",\"https:\\\/\\\/www.youtube.com\\\/channel\\\/UCWR__uH_RWJF-OhPfz-9-Qw\"]},{\"@type\":\"Person\",\"@id\":\"https:\\\/\\\/www.urbanbiker.com\\\/fr\\\/#\\\/schema\\\/person\\\/1cb58f0792ef226d6d409b73059515e0\",\"name\":\"UrbanBiker\",\"image\":{\"@type\":\"ImageObject\",\"inLanguage\":\"fr-FR\",\"@id\":\"https:\\\/\\\/secure.gravatar.com\\\/avatar\\\/22838f387878aabd10c8c90196e14f05497ff2fdd7c1267a5f035aa48d9ed396?s=96&d=mm&r=g\",\"url\":\"https:\\\/\\\/secure.gravatar.com\\\/avatar\\\/22838f387878aabd10c8c90196e14f05497ff2fdd7c1267a5f035aa48d9ed396?s=96&d=mm&r=g\",\"contentUrl\":\"https:\\\/\\\/secure.gravatar.com\\\/avatar\\\/22838f387878aabd10c8c90196e14f05497ff2fdd7c1267a5f035aa48d9ed396?s=96&d=mm&r=g\",\"caption\":\"UrbanBiker\"},\"sameAs\":[\"http:\\\/\\\/www.urbanbiker.com\\\/\",\"https:\\\/\\\/www.facebook.com\\\/Urbanbikerbiciselectricas\\\/\",\"https:\\\/\\\/www.linkedin.com\\\/company\\\/urbanbiker\\\/\",\"https:\\\/\\\/www.youtube.com\\\/@UrbanbikerEbikes\"]}]}<\/script>\n<!-- \/ Yoast SEO plugin. -->","yoast_head_json":{"title":"Ils parlent de nous dans C de Comunicaci\u00f3n | UrbanBiker","description":"On parle de nous \u00e0 C de Comunicaci\u00f3n. Nous parlons du march\u00e9 des v\u00e9los \u00e9lectriques, des pr\u00e9visions pour l'ann\u00e9e \u00e0 venir et des nouveaux d\u00e9veloppements.","robots":{"index":"index","follow":"follow","max-snippet":"max-snippet:-1","max-image-preview":"max-image-preview:large","max-video-preview":"max-video-preview:-1"},"canonical":"https:\/\/www.urbanbiker.com\/fr\/ils-parlent-de-nous-dans-c-de-comunicacion\/","og_locale":"fr_FR","og_type":"article","og_title":"Ils parlent de nous dans C de Comunicaci\u00f3n | UrbanBiker","og_description":"On parle de nous \u00e0 C de Comunicaci\u00f3n. Nous parlons du march\u00e9 des v\u00e9los \u00e9lectriques, des pr\u00e9visions pour l'ann\u00e9e \u00e0 venir et des nouveaux d\u00e9veloppements.","og_url":"https:\/\/www.urbanbiker.com\/fr\/ils-parlent-de-nous-dans-c-de-comunicacion\/","og_site_name":"UrbanBiker","article_publisher":"https:\/\/www.facebook.com\/Urbanbikerbiciselectricas","article_author":"https:\/\/www.facebook.com\/Urbanbikerbiciselectricas\/","article_published_time":"2024-11-11T14:51:46+00:00","og_image":[{"width":1600,"height":900,"url":"https:\/\/www.urbanbiker.com\/wp-content\/uploads\/2025\/03\/urbanbiker-cierre-2024-sector-bicicleta-fabricantes-leon.png.webp","type":"image\/webp"}],"author":"UrbanBiker","twitter_card":"summary_large_image","twitter_misc":{"\u00c9crit par":"UrbanBiker","Dur\u00e9e de lecture estim\u00e9e":"1 minute"},"schema":{"@context":"https:\/\/schema.org","@graph":[{"@type":"Article","@id":"https:\/\/www.urbanbiker.com\/fr\/ils-parlent-de-nous-dans-c-de-comunicacion\/#article","isPartOf":{"@id":"https:\/\/www.urbanbiker.com\/fr\/ils-parlent-de-nous-dans-c-de-comunicacion\/"},"author":{"name":"UrbanBiker","@id":"https:\/\/www.urbanbiker.com\/fr\/#\/schema\/person\/1cb58f0792ef226d6d409b73059515e0"},"headline":"Ils parlent de nous dans C de Comunicaci\u00f3n","datePublished":"2024-11-11T14:51:46+00:00","mainEntityOfPage":{"@id":"https:\/\/www.urbanbiker.com\/fr\/ils-parlent-de-nous-dans-c-de-comunicacion\/"},"wordCount":125,"commentCount":0,"publisher":{"@id":"https:\/\/www.urbanbiker.com\/fr\/#organization"},"image":{"@id":"https:\/\/www.urbanbiker.com\/fr\/ils-parlent-de-nous-dans-c-de-comunicacion\/#primaryimage"},"thumbnailUrl":"https:\/\/www.urbanbiker.com\/wp-content\/uploads\/2025\/03\/urbanbiker-cierre-2024-sector-bicicleta-fabricantes-leon.png.webp","articleSection":["Actualit\u00e9s"],"inLanguage":"fr-FR","potentialAction":[{"@type":"CommentAction","name":"Comment","target":["https:\/\/www.urbanbiker.com\/fr\/ils-parlent-de-nous-dans-c-de-comunicacion\/#respond"]}]},{"@type":"WebPage","@id":"https:\/\/www.urbanbiker.com\/fr\/ils-parlent-de-nous-dans-c-de-comunicacion\/","url":"https:\/\/www.urbanbiker.com\/fr\/ils-parlent-de-nous-dans-c-de-comunicacion\/","name":"Ils parlent de nous dans C de Comunicaci\u00f3n | UrbanBiker","isPartOf":{"@id":"https:\/\/www.urbanbiker.com\/fr\/#website"},"primaryImageOfPage":{"@id":"https:\/\/www.urbanbiker.com\/fr\/ils-parlent-de-nous-dans-c-de-comunicacion\/#primaryimage"},"image":{"@id":"https:\/\/www.urbanbiker.com\/fr\/ils-parlent-de-nous-dans-c-de-comunicacion\/#primaryimage"},"thumbnailUrl":"https:\/\/www.urbanbiker.com\/wp-content\/uploads\/2025\/03\/urbanbiker-cierre-2024-sector-bicicleta-fabricantes-leon.png.webp","datePublished":"2024-11-11T14:51:46+00:00","description":"On parle de nous \u00e0 C de Comunicaci\u00f3n. Nous parlons du march\u00e9 des v\u00e9los \u00e9lectriques, des pr\u00e9visions pour l'ann\u00e9e \u00e0 venir et des nouveaux d\u00e9veloppements.","breadcrumb":{"@id":"https:\/\/www.urbanbiker.com\/fr\/ils-parlent-de-nous-dans-c-de-comunicacion\/#breadcrumb"},"inLanguage":"fr-FR","potentialAction":[{"@type":"ReadAction","target":["https:\/\/www.urbanbiker.com\/fr\/ils-parlent-de-nous-dans-c-de-comunicacion\/"]}]},{"@type":"ImageObject","inLanguage":"fr-FR","@id":"https:\/\/www.urbanbiker.com\/fr\/ils-parlent-de-nous-dans-c-de-comunicacion\/#primaryimage","url":"https:\/\/www.urbanbiker.com\/wp-content\/uploads\/2025\/03\/urbanbiker-cierre-2024-sector-bicicleta-fabricantes-leon.png.webp","contentUrl":"https:\/\/www.urbanbiker.com\/wp-content\/uploads\/2025\/03\/urbanbiker-cierre-2024-sector-bicicleta-fabricantes-leon.png.webp","width":1600,"height":900},{"@type":"BreadcrumbList","@id":"https:\/\/www.urbanbiker.com\/fr\/ils-parlent-de-nous-dans-c-de-comunicacion\/#breadcrumb","itemListElement":[{"@type":"ListItem","position":1,"name":"Portada","item":"https:\/\/www.urbanbiker.com\/fr\/"},{"@type":"ListItem","position":2,"name":"Ils parlent de nous dans C de Comunicaci\u00f3n"}]},{"@type":"WebSite","@id":"https:\/\/www.urbanbiker.com\/fr\/#website","url":"https:\/\/www.urbanbiker.com\/fr\/","name":"UrbanBiker","description":"V\u00e9los \u00e9lectriques","publisher":{"@id":"https:\/\/www.urbanbiker.com\/fr\/#organization"},"potentialAction":[{"@type":"SearchAction","target":{"@type":"EntryPoint","urlTemplate":"https:\/\/www.urbanbiker.com\/fr\/?s={search_term_string}"},"query-input":{"@type":"PropertyValueSpecification","valueRequired":true,"valueName":"search_term_string"}}],"inLanguage":"fr-FR"},{"@type":"Organization","@id":"https:\/\/www.urbanbiker.com\/fr\/#organization","name":"UrbanBiker","url":"https:\/\/www.urbanbiker.com\/fr\/","logo":{"@type":"ImageObject","inLanguage":"fr-FR","@id":"https:\/\/www.urbanbiker.com\/fr\/#\/schema\/logo\/image\/","url":"https:\/\/www.urbanbiker.com\/wp-content\/uploads\/2022\/09\/Logo-principal-sin-fondo.png","contentUrl":"https:\/\/www.urbanbiker.com\/wp-content\/uploads\/2022\/09\/Logo-principal-sin-fondo.png","width":2560,"height":934,"caption":"UrbanBiker"},"image":{"@id":"https:\/\/www.urbanbiker.com\/fr\/#\/schema\/logo\/image\/"},"sameAs":["https:\/\/www.facebook.com\/Urbanbikerbiciselectricas","https:\/\/www.instagram.com\/urbanbiker_\/","https:\/\/www.linkedin.com\/company\/2454235","https:\/\/www.youtube.com\/channel\/UCWR__uH_RWJF-OhPfz-9-Qw"]},{"@type":"Person","@id":"https:\/\/www.urbanbiker.com\/fr\/#\/schema\/person\/1cb58f0792ef226d6d409b73059515e0","name":"UrbanBiker","image":{"@type":"ImageObject","inLanguage":"fr-FR","@id":"https:\/\/secure.gravatar.com\/avatar\/22838f387878aabd10c8c90196e14f05497ff2fdd7c1267a5f035aa48d9ed396?s=96&d=mm&r=g","url":"https:\/\/secure.gravatar.com\/avatar\/22838f387878aabd10c8c90196e14f05497ff2fdd7c1267a5f035aa48d9ed396?s=96&d=mm&r=g","contentUrl":"https:\/\/secure.gravatar.com\/avatar\/22838f387878aabd10c8c90196e14f05497ff2fdd7c1267a5f035aa48d9ed396?s=96&d=mm&r=g","caption":"UrbanBiker"},"sameAs":["http:\/\/www.urbanbiker.com\/","https:\/\/www.facebook.com\/Urbanbikerbiciselectricas\/","https:\/\/www.linkedin.com\/company\/urbanbiker\/","https:\/\/www.youtube.com\/@UrbanbikerEbikes"]}]}},"_links":{"self":[{"href":"https:\/\/www.urbanbiker.com\/fr\/wp-json\/wp\/v2\/posts\/39337","targetHints":{"allow":["GET"]}}],"collection":[{"href":"https:\/\/www.urbanbiker.com\/fr\/wp-json\/wp\/v2\/posts"}],"about":[{"href":"https:\/\/www.urbanbiker.com\/fr\/wp-json\/wp\/v2\/types\/post"}],"author":[{"embeddable":true,"href":"https:\/\/www.urbanbiker.com\/fr\/wp-json\/wp\/v2\/users\/1"}],"replies":[{"embeddable":true,"href":"https:\/\/www.urbanbiker.com\/fr\/wp-json\/wp\/v2\/comments?post=39337"}],"version-history":[{"count":0,"href":"https:\/\/www.urbanbiker.com\/fr\/wp-json\/wp\/v2\/posts\/39337\/revisions"}],"wp:featuredmedia":[{"embeddable":true,"href":"https:\/\/www.urbanbiker.com\/fr\/wp-json\/wp\/v2\/media\/37931"}],"wp:attachment":[{"href":"https:\/\/www.urbanbiker.com\/fr\/wp-json\/wp\/v2\/media?parent=39337"}],"wp:term":[{"taxonomy":"category","embeddable":true,"href":"https:\/\/www.urbanbiker.com\/fr\/wp-json\/wp\/v2\/categories?post=39337"},{"taxonomy":"post_tag","embeddable":true,"href":"https:\/\/www.urbanbiker.com\/fr\/wp-json\/wp\/v2\/tags?post=39337"}],"curies":[{"name":"wp","href":"https:\/\/api.w.org\/{rel}","templated":true}]}}