{"id":39302,"date":"2025-02-11T16:18:03","date_gmt":"2025-02-11T15:18:03","guid":{"rendered":"https:\/\/www.urbanbiker.com\/la-double-suspension-sur-un-velo-electrique-quand-choisir-cette-option\/"},"modified":"2025-04-29T15:12:49","modified_gmt":"2025-04-29T13:12:49","slug":"la-double-suspension-sur-un-velo-electrique-quand-choisir-cette-option","status":"publish","type":"post","link":"https:\/\/www.urbanbiker.com\/fr\/la-double-suspension-sur-un-velo-electrique-quand-choisir-cette-option\/","title":{"rendered":"La double suspension sur un v\u00e9lo \u00e9lectrique ? Quand choisir cette option ?"},"content":{"rendered":"\t\t<div data-elementor-type=\"wp-post\" data-elementor-id=\"39302\" class=\"elementor elementor-39302 elementor-37948\">\n\t\t\t\t\t\t<section class=\"elementor-section elementor-top-section elementor-element elementor-element-6bd897a8 elementor-section-boxed elementor-section-height-default elementor-section-height-default\" data-id=\"6bd897a8\" data-element_type=\"section\" data-e-type=\"section\">\n\t\t\t\t\t\t<div class=\"elementor-container elementor-column-gap-default\">\n\t\t\t\t\t<div class=\"elementor-column elementor-col-100 elementor-top-column elementor-element elementor-element-7f9ab993\" data-id=\"7f9ab993\" data-element_type=\"column\" data-e-type=\"column\">\n\t\t\t<div class=\"elementor-widget-wrap elementor-element-populated\">\n\t\t\t\t\n\t\t<div class=\"elementor-element elementor-element-7125fad7 elementor-widget elementor-widget-text-editor\" data-id=\"7125fad7\" data-element_type=\"widget\" data-e-type=\"widget\" data-widget_type=\"text-editor.default\">\n\t\t\t\t<div class=\"elementor-widget-container\">\n\t\t\t\t\t\t\t\t\t<p>Les VTT \u00e9lectriques ont r\u00e9volutionn\u00e9 la fa\u00e7on dont nous explorons les sentiers et les itin\u00e9raires exigeants. Dans ce monde, l&rsquo;une des d\u00e9cisions cl\u00e9s consiste \u00e0 choisir entre un <strong>e-MTB rigide<\/strong> et un <strong>e-MTB \u00e0 suspension int\u00e9grale<\/strong>. Si vous vous demandez quand opter pour un e-MTB \u00e0 suspension int\u00e9grale, lisez ce qui suit.<\/p><p><strong>Qu&rsquo;est-ce qu&rsquo;un v\u00e9lo \u00e9lectrique \u00e0 suspension totale ?<\/strong><\/p><p>Les v\u00e9los \u00e9lectriques \u00e0 suspension compl\u00e8te sont con\u00e7us avec un amortisseur au niveau de la <strong>fourche avant<\/strong> et de l&rsquo;<strong>arri\u00e8re du cadre<\/strong>. Ce syst\u00e8me r\u00e9duit l&rsquo;impact des irr\u00e9gularit\u00e9s du terrain et am\u00e9liore le confort et le contr\u00f4le du p\u00e9dalage.<\/p><p>Leur structure les rend id\u00e9ales pour ceux qui recherchent une conduite plus souple sur les terrains techniques ou les itin\u00e9raires de montagne accident\u00e9s.<\/p><p><strong>Avantages d&rsquo;un v\u00e9lo \u00e9lectrique \u00e0 suspension int\u00e9grale<\/strong><\/p><p><strong>\ud83c\udfde\ufe0f<\/strong><strong> Confort accru sur les terrains accident\u00e9s<\/strong><\/p><p>Si vous pr\u00e9voyez d&#8217;emprunter des sentiers bossel\u00e9s, rocailleux ou en descente, un <strong>e-MTB \u00e0 double suspension<\/strong> absorbe mieux les vibrations du terrain, ce qui minimise la fatigue.<\/p><p><strong>\ud83d\udd25<\/strong><strong> Plus de stabilit\u00e9 et de contr\u00f4le dans les descentes<\/strong><\/p><p>Gr\u00e2ce \u00e0 leur conception, ces v\u00e9los \u00e9lectriques offrent <strong>une meilleure traction et une meilleure adh\u00e9rence dans les descentes<\/strong>, \u00e9vitant ainsi les rebonds soudains et offrant une conduite plus s\u00fbre.<\/p><p><strong>\u26a1<\/strong><strong> Meilleures performances sur les terrains techniques<\/strong><\/p><p>Si vous aimez les itin\u00e9raires exigeants avec des <strong>courbes et des mont\u00e9es<\/strong>, la double suspension vous permettra de garder le contr\u00f4le sans perdre en efficacit\u00e9 de p\u00e9dalage.<\/p><p><strong>Quand choisir un v\u00e9lo \u00e9lectrique \u00e0 suspension int\u00e9grale ?<\/strong><\/p><p>Le choix d&rsquo;un <strong>e-MTB \u00e0 suspension compl\u00e8te<\/strong> est recommand\u00e9 si :<\/p><p>\u2714\ufe0f <strong>Vous aimez explorer les itin\u00e9raires de montagne<\/strong> en terrain accident\u00e9.<br \/>\u2714\ufe0f <strong>Vous privil\u00e9giez le confort et la stabilit\u00e9<\/strong> sur les longs parcours.<br \/>\u2714\ufe0f <strong>Vous aimez les sentiers techniques avec des descentes et quelques obstacles<\/strong>.<br \/>\u2714\ufe0f <strong>Vous recherchez plus de contr\u00f4le et de s\u00e9curit\u00e9 sur les terrains accident\u00e9s<\/strong>.<\/p><p><strong>Et si je pr\u00e9f\u00e8re un e-MTB rigide ?<\/strong><\/p><p>Si vous empruntez des itin\u00e9raires plus doux, principalement des chemins forestiers, des routes de campagne et des voies vertes, un v\u00e9lo \u00e9lectrique hardtail peut \u00eatre une meilleure option. Ils sont plus l\u00e9gers, n\u00e9cessitent moins d&rsquo;entretien et offrent une plus grande efficacit\u00e9 de p\u00e9dalage sur les terrains moins techniques.<\/p><p><strong>Conclusion<\/strong><\/p><p>Le choix entre un <strong>e-MTB \u00e0 suspension int\u00e9grale<\/strong> et un <strong>e-MTB rigide<\/strong> d\u00e9pend de votre style de conduite et du type de pistes que vous souhaitez emprunter. Si vous recherchez un <strong>maximum de confort, de stabilit\u00e9 et de contr\u00f4le sur tous les types de terrain, la<\/strong> suspension int\u00e9grale est un excellent choix.<\/p><p>Avant de prendre une d\u00e9cision, analysez vos besoins et les types de voyages que vous envisagez de faire. Et si vous avez encore des doutes, contactez-nous pour trouver le v\u00e9lo \u00e9lectrique qui vous convient le mieux. <strong>UrbanBiker<\/strong> pour trouver le v\u00e9lo \u00e9lectrique qui vous convient ! \ud83d\udeb4\u26a1<\/p><p>\ud83d\udccc <strong>Vous voulez en savoir plus ?<\/strong> D\u00e9couvrez notre catalogue de v\u00e9los \u00e9lectriques con\u00e7us pour tous les types d&rsquo;utilisateurs.<\/p><p><strong>Pour plus de d\u00e9tails sur ce sujet, vous pouvez consulter l&rsquo;article original sur le site de la F\u00e9d\u00e9ration Royale Espagnole de Cyclisme : <a href=\"https:\/\/rfec.com\/index.php\/es\/smartweb\/universo_ciclista\/articulo\/rfec\/349-Cuando-elegir-una-bicicleta-de-montana-con-doble-suspension-1Wib#:~:text=Las%20bicis%20de%20doble%20suspensi%C3%B3n,bici%2C%20en%20el%20tubo%20vertical.\" target=\"_blank\" rel=\"noopener\">Lien<\/a>.<\/strong><\/p>\t\t\t\t\t\t\t\t<\/div>\n\t\t\t\t<\/div>\n\t\t\t\t\t<\/div>\n\t\t<\/div>\n\t\t\t\t\t<\/div>\n\t\t<\/section>\n\t\t\t\t<\/div>\n\t\t","protected":false},"excerpt":{"rendered":"<p>Les VTT \u00e9lectriques ont r\u00e9volutionn\u00e9 la fa\u00e7on dont nous explorons les sentiers et les itin\u00e9raires exigeants. Dans ce monde, l&rsquo;une des d\u00e9cisions cl\u00e9s consiste \u00e0 choisir entre un e-MTB rigide et un e-MTB \u00e0 suspension int\u00e9grale. Si vous vous demandez quand opter pour un e-MTB \u00e0 suspension int\u00e9grale, lisez ce qui suit. Qu&rsquo;est-ce qu&rsquo;un v\u00e9lo [&hellip;]<\/p>\n","protected":false},"author":1,"featured_media":35103,"comment_status":"open","ping_status":"open","sticky":false,"template":"","format":"standard","meta":{"footnotes":""},"categories":[289,428],"tags":[],"class_list":["post-39302","post","type-post","status-publish","format-standard","has-post-thumbnail","hentry","category-conseil","category-modeles"],"yoast_head":"<!-- This site is optimized with the Yoast SEO plugin v27.5 - https:\/\/yoast.com\/product\/yoast-seo-wordpress\/ -->\n<title>Une double suspension sur un v\u00e9lo \u00e9lectrique ?<\/title>\n<meta name=\"description\" content=\"Une double suspension sur un v\u00e9lo \u00e9lectrique ? Quand choisir cette option. Avantages d&#039;un v\u00e9lo \u00e9lectrique \u00e0 suspension int\u00e9grale.\" \/>\n<meta name=\"robots\" content=\"noindex, follow\" \/>\n<meta property=\"og:locale\" content=\"fr_FR\" \/>\n<meta property=\"og:type\" content=\"article\" \/>\n<meta property=\"og:title\" content=\"Une double suspension sur un v\u00e9lo \u00e9lectrique ?\" \/>\n<meta property=\"og:description\" content=\"Une double suspension sur un v\u00e9lo \u00e9lectrique ? Quand choisir cette option. Avantages d&#039;un v\u00e9lo \u00e9lectrique \u00e0 suspension int\u00e9grale.\" \/>\n<meta property=\"og:url\" content=\"https:\/\/www.urbanbiker.com\/fr\/la-double-suspension-sur-un-velo-electrique-quand-choisir-cette-option\/\" \/>\n<meta property=\"og:site_name\" content=\"UrbanBiker\" \/>\n<meta property=\"article:publisher\" content=\"https:\/\/www.facebook.com\/Urbanbikerbiciselectricas\" \/>\n<meta property=\"article:author\" content=\"https:\/\/www.facebook.com\/Urbanbikerbiciselectricas\/\" \/>\n<meta property=\"article:published_time\" content=\"2025-02-11T15:18:03+00:00\" \/>\n<meta property=\"article:modified_time\" content=\"2025-04-29T13:12:49+00:00\" \/>\n<meta property=\"og:image\" content=\"https:\/\/www.urbanbiker.com\/wp-content\/uploads\/2024\/12\/7-Contexto-DSC02497.jpg\" \/>\n\t<meta property=\"og:image:width\" content=\"1080\" \/>\n\t<meta property=\"og:image:height\" content=\"1080\" \/>\n\t<meta property=\"og:image:type\" content=\"image\/jpeg\" \/>\n<meta name=\"author\" content=\"UrbanBiker\" \/>\n<meta name=\"twitter:card\" content=\"summary_large_image\" \/>\n<meta name=\"twitter:label1\" content=\"\u00c9crit par\" \/>\n\t<meta name=\"twitter:data1\" content=\"UrbanBiker\" \/>\n\t<meta name=\"twitter:label2\" content=\"Dur\u00e9e de lecture estim\u00e9e\" \/>\n\t<meta name=\"twitter:data2\" content=\"3 minutes\" \/>\n<script type=\"application\/ld+json\" class=\"yoast-schema-graph\">{\"@context\":\"https:\\\/\\\/schema.org\",\"@graph\":[{\"@type\":\"Article\",\"@id\":\"https:\\\/\\\/www.urbanbiker.com\\\/fr\\\/la-double-suspension-sur-un-velo-electrique-quand-choisir-cette-option\\\/#article\",\"isPartOf\":{\"@id\":\"https:\\\/\\\/www.urbanbiker.com\\\/fr\\\/la-double-suspension-sur-un-velo-electrique-quand-choisir-cette-option\\\/\"},\"author\":{\"name\":\"UrbanBiker\",\"@id\":\"https:\\\/\\\/www.urbanbiker.com\\\/fr\\\/#\\\/schema\\\/person\\\/1cb58f0792ef226d6d409b73059515e0\"},\"headline\":\"La double suspension sur un v\u00e9lo \u00e9lectrique ? Quand choisir cette option ?\",\"datePublished\":\"2025-02-11T15:18:03+00:00\",\"dateModified\":\"2025-04-29T13:12:49+00:00\",\"mainEntityOfPage\":{\"@id\":\"https:\\\/\\\/www.urbanbiker.com\\\/fr\\\/la-double-suspension-sur-un-velo-electrique-quand-choisir-cette-option\\\/\"},\"wordCount\":563,\"commentCount\":0,\"publisher\":{\"@id\":\"https:\\\/\\\/www.urbanbiker.com\\\/fr\\\/#organization\"},\"image\":{\"@id\":\"https:\\\/\\\/www.urbanbiker.com\\\/fr\\\/la-double-suspension-sur-un-velo-electrique-quand-choisir-cette-option\\\/#primaryimage\"},\"thumbnailUrl\":\"https:\\\/\\\/www.urbanbiker.com\\\/wp-content\\\/uploads\\\/2024\\\/12\\\/7-Contexto-DSC02497.jpg\",\"articleSection\":[\"Conseil\",\"Mod\u00e8les\"],\"inLanguage\":\"fr-FR\",\"potentialAction\":[{\"@type\":\"CommentAction\",\"name\":\"Comment\",\"target\":[\"https:\\\/\\\/www.urbanbiker.com\\\/fr\\\/la-double-suspension-sur-un-velo-electrique-quand-choisir-cette-option\\\/#respond\"]}]},{\"@type\":\"WebPage\",\"@id\":\"https:\\\/\\\/www.urbanbiker.com\\\/fr\\\/la-double-suspension-sur-un-velo-electrique-quand-choisir-cette-option\\\/\",\"url\":\"https:\\\/\\\/www.urbanbiker.com\\\/fr\\\/la-double-suspension-sur-un-velo-electrique-quand-choisir-cette-option\\\/\",\"name\":\"Une double suspension sur un v\u00e9lo \u00e9lectrique ?\",\"isPartOf\":{\"@id\":\"https:\\\/\\\/www.urbanbiker.com\\\/fr\\\/#website\"},\"primaryImageOfPage\":{\"@id\":\"https:\\\/\\\/www.urbanbiker.com\\\/fr\\\/la-double-suspension-sur-un-velo-electrique-quand-choisir-cette-option\\\/#primaryimage\"},\"image\":{\"@id\":\"https:\\\/\\\/www.urbanbiker.com\\\/fr\\\/la-double-suspension-sur-un-velo-electrique-quand-choisir-cette-option\\\/#primaryimage\"},\"thumbnailUrl\":\"https:\\\/\\\/www.urbanbiker.com\\\/wp-content\\\/uploads\\\/2024\\\/12\\\/7-Contexto-DSC02497.jpg\",\"datePublished\":\"2025-02-11T15:18:03+00:00\",\"dateModified\":\"2025-04-29T13:12:49+00:00\",\"description\":\"Une double suspension sur un v\u00e9lo \u00e9lectrique ? Quand choisir cette option. Avantages d'un v\u00e9lo \u00e9lectrique \u00e0 suspension int\u00e9grale.\",\"breadcrumb\":{\"@id\":\"https:\\\/\\\/www.urbanbiker.com\\\/fr\\\/la-double-suspension-sur-un-velo-electrique-quand-choisir-cette-option\\\/#breadcrumb\"},\"inLanguage\":\"fr-FR\",\"potentialAction\":[{\"@type\":\"ReadAction\",\"target\":[\"https:\\\/\\\/www.urbanbiker.com\\\/fr\\\/la-double-suspension-sur-un-velo-electrique-quand-choisir-cette-option\\\/\"]}]},{\"@type\":\"ImageObject\",\"inLanguage\":\"fr-FR\",\"@id\":\"https:\\\/\\\/www.urbanbiker.com\\\/fr\\\/la-double-suspension-sur-un-velo-electrique-quand-choisir-cette-option\\\/#primaryimage\",\"url\":\"https:\\\/\\\/www.urbanbiker.com\\\/wp-content\\\/uploads\\\/2024\\\/12\\\/7-Contexto-DSC02497.jpg\",\"contentUrl\":\"https:\\\/\\\/www.urbanbiker.com\\\/wp-content\\\/uploads\\\/2024\\\/12\\\/7-Contexto-DSC02497.jpg\",\"width\":1080,\"height\":1080},{\"@type\":\"BreadcrumbList\",\"@id\":\"https:\\\/\\\/www.urbanbiker.com\\\/fr\\\/la-double-suspension-sur-un-velo-electrique-quand-choisir-cette-option\\\/#breadcrumb\",\"itemListElement\":[{\"@type\":\"ListItem\",\"position\":1,\"name\":\"Portada\",\"item\":\"https:\\\/\\\/www.urbanbiker.com\\\/fr\\\/\"},{\"@type\":\"ListItem\",\"position\":2,\"name\":\"La double suspension sur un v\u00e9lo \u00e9lectrique ? Quand choisir cette option ?\"}]},{\"@type\":\"WebSite\",\"@id\":\"https:\\\/\\\/www.urbanbiker.com\\\/fr\\\/#website\",\"url\":\"https:\\\/\\\/www.urbanbiker.com\\\/fr\\\/\",\"name\":\"UrbanBiker\",\"description\":\"V\u00e9los \u00e9lectriques\",\"publisher\":{\"@id\":\"https:\\\/\\\/www.urbanbiker.com\\\/fr\\\/#organization\"},\"potentialAction\":[{\"@type\":\"SearchAction\",\"target\":{\"@type\":\"EntryPoint\",\"urlTemplate\":\"https:\\\/\\\/www.urbanbiker.com\\\/fr\\\/?s={search_term_string}\"},\"query-input\":{\"@type\":\"PropertyValueSpecification\",\"valueRequired\":true,\"valueName\":\"search_term_string\"}}],\"inLanguage\":\"fr-FR\"},{\"@type\":\"Organization\",\"@id\":\"https:\\\/\\\/www.urbanbiker.com\\\/fr\\\/#organization\",\"name\":\"UrbanBiker\",\"url\":\"https:\\\/\\\/www.urbanbiker.com\\\/fr\\\/\",\"logo\":{\"@type\":\"ImageObject\",\"inLanguage\":\"fr-FR\",\"@id\":\"https:\\\/\\\/www.urbanbiker.com\\\/fr\\\/#\\\/schema\\\/logo\\\/image\\\/\",\"url\":\"https:\\\/\\\/www.urbanbiker.com\\\/wp-content\\\/uploads\\\/2022\\\/09\\\/Logo-principal-sin-fondo.png\",\"contentUrl\":\"https:\\\/\\\/www.urbanbiker.com\\\/wp-content\\\/uploads\\\/2022\\\/09\\\/Logo-principal-sin-fondo.png\",\"width\":2560,\"height\":934,\"caption\":\"UrbanBiker\"},\"image\":{\"@id\":\"https:\\\/\\\/www.urbanbiker.com\\\/fr\\\/#\\\/schema\\\/logo\\\/image\\\/\"},\"sameAs\":[\"https:\\\/\\\/www.facebook.com\\\/Urbanbikerbiciselectricas\",\"https:\\\/\\\/www.instagram.com\\\/urbanbiker_\\\/\",\"https:\\\/\\\/www.linkedin.com\\\/company\\\/2454235\",\"https:\\\/\\\/www.youtube.com\\\/channel\\\/UCWR__uH_RWJF-OhPfz-9-Qw\"]},{\"@type\":\"Person\",\"@id\":\"https:\\\/\\\/www.urbanbiker.com\\\/fr\\\/#\\\/schema\\\/person\\\/1cb58f0792ef226d6d409b73059515e0\",\"name\":\"UrbanBiker\",\"image\":{\"@type\":\"ImageObject\",\"inLanguage\":\"fr-FR\",\"@id\":\"https:\\\/\\\/secure.gravatar.com\\\/avatar\\\/22838f387878aabd10c8c90196e14f05497ff2fdd7c1267a5f035aa48d9ed396?s=96&d=mm&r=g\",\"url\":\"https:\\\/\\\/secure.gravatar.com\\\/avatar\\\/22838f387878aabd10c8c90196e14f05497ff2fdd7c1267a5f035aa48d9ed396?s=96&d=mm&r=g\",\"contentUrl\":\"https:\\\/\\\/secure.gravatar.com\\\/avatar\\\/22838f387878aabd10c8c90196e14f05497ff2fdd7c1267a5f035aa48d9ed396?s=96&d=mm&r=g\",\"caption\":\"UrbanBiker\"},\"sameAs\":[\"http:\\\/\\\/www.urbanbiker.com\\\/\",\"https:\\\/\\\/www.facebook.com\\\/Urbanbikerbiciselectricas\\\/\",\"https:\\\/\\\/www.linkedin.com\\\/company\\\/urbanbiker\\\/\",\"https:\\\/\\\/www.youtube.com\\\/@UrbanbikerEbikes\"]}]}<\/script>\n<!-- \/ Yoast SEO plugin. -->","yoast_head_json":{"title":"Une double suspension sur un v\u00e9lo \u00e9lectrique ?","description":"Une double suspension sur un v\u00e9lo \u00e9lectrique ? Quand choisir cette option. Avantages d'un v\u00e9lo \u00e9lectrique \u00e0 suspension int\u00e9grale.","robots":{"index":"noindex","follow":"follow"},"og_locale":"fr_FR","og_type":"article","og_title":"Une double suspension sur un v\u00e9lo \u00e9lectrique ?","og_description":"Une double suspension sur un v\u00e9lo \u00e9lectrique ? Quand choisir cette option. Avantages d'un v\u00e9lo \u00e9lectrique \u00e0 suspension int\u00e9grale.","og_url":"https:\/\/www.urbanbiker.com\/fr\/la-double-suspension-sur-un-velo-electrique-quand-choisir-cette-option\/","og_site_name":"UrbanBiker","article_publisher":"https:\/\/www.facebook.com\/Urbanbikerbiciselectricas","article_author":"https:\/\/www.facebook.com\/Urbanbikerbiciselectricas\/","article_published_time":"2025-02-11T15:18:03+00:00","article_modified_time":"2025-04-29T13:12:49+00:00","og_image":[{"width":1080,"height":1080,"url":"https:\/\/www.urbanbiker.com\/wp-content\/uploads\/2024\/12\/7-Contexto-DSC02497.jpg","type":"image\/jpeg"}],"author":"UrbanBiker","twitter_card":"summary_large_image","twitter_misc":{"\u00c9crit par":"UrbanBiker","Dur\u00e9e de lecture estim\u00e9e":"3 minutes"},"schema":{"@context":"https:\/\/schema.org","@graph":[{"@type":"Article","@id":"https:\/\/www.urbanbiker.com\/fr\/la-double-suspension-sur-un-velo-electrique-quand-choisir-cette-option\/#article","isPartOf":{"@id":"https:\/\/www.urbanbiker.com\/fr\/la-double-suspension-sur-un-velo-electrique-quand-choisir-cette-option\/"},"author":{"name":"UrbanBiker","@id":"https:\/\/www.urbanbiker.com\/fr\/#\/schema\/person\/1cb58f0792ef226d6d409b73059515e0"},"headline":"La double suspension sur un v\u00e9lo \u00e9lectrique ? Quand choisir cette option ?","datePublished":"2025-02-11T15:18:03+00:00","dateModified":"2025-04-29T13:12:49+00:00","mainEntityOfPage":{"@id":"https:\/\/www.urbanbiker.com\/fr\/la-double-suspension-sur-un-velo-electrique-quand-choisir-cette-option\/"},"wordCount":563,"commentCount":0,"publisher":{"@id":"https:\/\/www.urbanbiker.com\/fr\/#organization"},"image":{"@id":"https:\/\/www.urbanbiker.com\/fr\/la-double-suspension-sur-un-velo-electrique-quand-choisir-cette-option\/#primaryimage"},"thumbnailUrl":"https:\/\/www.urbanbiker.com\/wp-content\/uploads\/2024\/12\/7-Contexto-DSC02497.jpg","articleSection":["Conseil","Mod\u00e8les"],"inLanguage":"fr-FR","potentialAction":[{"@type":"CommentAction","name":"Comment","target":["https:\/\/www.urbanbiker.com\/fr\/la-double-suspension-sur-un-velo-electrique-quand-choisir-cette-option\/#respond"]}]},{"@type":"WebPage","@id":"https:\/\/www.urbanbiker.com\/fr\/la-double-suspension-sur-un-velo-electrique-quand-choisir-cette-option\/","url":"https:\/\/www.urbanbiker.com\/fr\/la-double-suspension-sur-un-velo-electrique-quand-choisir-cette-option\/","name":"Une double suspension sur un v\u00e9lo \u00e9lectrique ?","isPartOf":{"@id":"https:\/\/www.urbanbiker.com\/fr\/#website"},"primaryImageOfPage":{"@id":"https:\/\/www.urbanbiker.com\/fr\/la-double-suspension-sur-un-velo-electrique-quand-choisir-cette-option\/#primaryimage"},"image":{"@id":"https:\/\/www.urbanbiker.com\/fr\/la-double-suspension-sur-un-velo-electrique-quand-choisir-cette-option\/#primaryimage"},"thumbnailUrl":"https:\/\/www.urbanbiker.com\/wp-content\/uploads\/2024\/12\/7-Contexto-DSC02497.jpg","datePublished":"2025-02-11T15:18:03+00:00","dateModified":"2025-04-29T13:12:49+00:00","description":"Une double suspension sur un v\u00e9lo \u00e9lectrique ? Quand choisir cette option. Avantages d'un v\u00e9lo \u00e9lectrique \u00e0 suspension int\u00e9grale.","breadcrumb":{"@id":"https:\/\/www.urbanbiker.com\/fr\/la-double-suspension-sur-un-velo-electrique-quand-choisir-cette-option\/#breadcrumb"},"inLanguage":"fr-FR","potentialAction":[{"@type":"ReadAction","target":["https:\/\/www.urbanbiker.com\/fr\/la-double-suspension-sur-un-velo-electrique-quand-choisir-cette-option\/"]}]},{"@type":"ImageObject","inLanguage":"fr-FR","@id":"https:\/\/www.urbanbiker.com\/fr\/la-double-suspension-sur-un-velo-electrique-quand-choisir-cette-option\/#primaryimage","url":"https:\/\/www.urbanbiker.com\/wp-content\/uploads\/2024\/12\/7-Contexto-DSC02497.jpg","contentUrl":"https:\/\/www.urbanbiker.com\/wp-content\/uploads\/2024\/12\/7-Contexto-DSC02497.jpg","width":1080,"height":1080},{"@type":"BreadcrumbList","@id":"https:\/\/www.urbanbiker.com\/fr\/la-double-suspension-sur-un-velo-electrique-quand-choisir-cette-option\/#breadcrumb","itemListElement":[{"@type":"ListItem","position":1,"name":"Portada","item":"https:\/\/www.urbanbiker.com\/fr\/"},{"@type":"ListItem","position":2,"name":"La double suspension sur un v\u00e9lo \u00e9lectrique ? Quand choisir cette option ?"}]},{"@type":"WebSite","@id":"https:\/\/www.urbanbiker.com\/fr\/#website","url":"https:\/\/www.urbanbiker.com\/fr\/","name":"UrbanBiker","description":"V\u00e9los \u00e9lectriques","publisher":{"@id":"https:\/\/www.urbanbiker.com\/fr\/#organization"},"potentialAction":[{"@type":"SearchAction","target":{"@type":"EntryPoint","urlTemplate":"https:\/\/www.urbanbiker.com\/fr\/?s={search_term_string}"},"query-input":{"@type":"PropertyValueSpecification","valueRequired":true,"valueName":"search_term_string"}}],"inLanguage":"fr-FR"},{"@type":"Organization","@id":"https:\/\/www.urbanbiker.com\/fr\/#organization","name":"UrbanBiker","url":"https:\/\/www.urbanbiker.com\/fr\/","logo":{"@type":"ImageObject","inLanguage":"fr-FR","@id":"https:\/\/www.urbanbiker.com\/fr\/#\/schema\/logo\/image\/","url":"https:\/\/www.urbanbiker.com\/wp-content\/uploads\/2022\/09\/Logo-principal-sin-fondo.png","contentUrl":"https:\/\/www.urbanbiker.com\/wp-content\/uploads\/2022\/09\/Logo-principal-sin-fondo.png","width":2560,"height":934,"caption":"UrbanBiker"},"image":{"@id":"https:\/\/www.urbanbiker.com\/fr\/#\/schema\/logo\/image\/"},"sameAs":["https:\/\/www.facebook.com\/Urbanbikerbiciselectricas","https:\/\/www.instagram.com\/urbanbiker_\/","https:\/\/www.linkedin.com\/company\/2454235","https:\/\/www.youtube.com\/channel\/UCWR__uH_RWJF-OhPfz-9-Qw"]},{"@type":"Person","@id":"https:\/\/www.urbanbiker.com\/fr\/#\/schema\/person\/1cb58f0792ef226d6d409b73059515e0","name":"UrbanBiker","image":{"@type":"ImageObject","inLanguage":"fr-FR","@id":"https:\/\/secure.gravatar.com\/avatar\/22838f387878aabd10c8c90196e14f05497ff2fdd7c1267a5f035aa48d9ed396?s=96&d=mm&r=g","url":"https:\/\/secure.gravatar.com\/avatar\/22838f387878aabd10c8c90196e14f05497ff2fdd7c1267a5f035aa48d9ed396?s=96&d=mm&r=g","contentUrl":"https:\/\/secure.gravatar.com\/avatar\/22838f387878aabd10c8c90196e14f05497ff2fdd7c1267a5f035aa48d9ed396?s=96&d=mm&r=g","caption":"UrbanBiker"},"sameAs":["http:\/\/www.urbanbiker.com\/","https:\/\/www.facebook.com\/Urbanbikerbiciselectricas\/","https:\/\/www.linkedin.com\/company\/urbanbiker\/","https:\/\/www.youtube.com\/@UrbanbikerEbikes"]}]}},"_links":{"self":[{"href":"https:\/\/www.urbanbiker.com\/fr\/wp-json\/wp\/v2\/posts\/39302","targetHints":{"allow":["GET"]}}],"collection":[{"href":"https:\/\/www.urbanbiker.com\/fr\/wp-json\/wp\/v2\/posts"}],"about":[{"href":"https:\/\/www.urbanbiker.com\/fr\/wp-json\/wp\/v2\/types\/post"}],"author":[{"embeddable":true,"href":"https:\/\/www.urbanbiker.com\/fr\/wp-json\/wp\/v2\/users\/1"}],"replies":[{"embeddable":true,"href":"https:\/\/www.urbanbiker.com\/fr\/wp-json\/wp\/v2\/comments?post=39302"}],"version-history":[{"count":5,"href":"https:\/\/www.urbanbiker.com\/fr\/wp-json\/wp\/v2\/posts\/39302\/revisions"}],"predecessor-version":[{"id":43727,"href":"https:\/\/www.urbanbiker.com\/fr\/wp-json\/wp\/v2\/posts\/39302\/revisions\/43727"}],"wp:featuredmedia":[{"embeddable":true,"href":"https:\/\/www.urbanbiker.com\/fr\/wp-json\/wp\/v2\/media\/35103"}],"wp:attachment":[{"href":"https:\/\/www.urbanbiker.com\/fr\/wp-json\/wp\/v2\/media?parent=39302"}],"wp:term":[{"taxonomy":"category","embeddable":true,"href":"https:\/\/www.urbanbiker.com\/fr\/wp-json\/wp\/v2\/categories?post=39302"},{"taxonomy":"post_tag","embeddable":true,"href":"https:\/\/www.urbanbiker.com\/fr\/wp-json\/wp\/v2\/tags?post=39302"}],"curies":[{"name":"wp","href":"https:\/\/api.w.org\/{rel}","templated":true}]}}