{"id":39164,"date":"2025-03-11T17:22:19","date_gmt":"2025-03-11T16:22:19","guid":{"rendered":"https:\/\/www.urbanbiker.com\/join-the-30-days-by-bike-commitment-with-urbanbiker\/"},"modified":"2025-03-19T20:44:06","modified_gmt":"2025-03-19T19:44:06","slug":"join-the-30-days-by-bike-commitment-with-urbanbiker","status":"publish","type":"post","link":"https:\/\/www.urbanbiker.com\/fr\/join-the-30-days-by-bike-commitment-with-urbanbiker\/","title":{"rendered":"Participez \u00e0 l&rsquo;engagement 30 jours \u00e0 v\u00e9lo avec UrbanBiker"},"content":{"rendered":"\t\t<div data-elementor-type=\"wp-post\" data-elementor-id=\"39164\" class=\"elementor elementor-39164 elementor-37972\">\n\t\t\t\t\t\t<section class=\"elementor-section elementor-top-section elementor-element elementor-element-39decb75 elementor-section-boxed elementor-section-height-default elementor-section-height-default\" data-id=\"39decb75\" data-element_type=\"section\" data-e-type=\"section\">\n\t\t\t\t\t\t<div class=\"elementor-container elementor-column-gap-default\">\n\t\t\t\t\t<div class=\"elementor-column elementor-col-100 elementor-top-column elementor-element elementor-element-267e1c4\" data-id=\"267e1c4\" data-element_type=\"column\" data-e-type=\"column\">\n\t\t\t<div class=\"elementor-widget-wrap elementor-element-populated\">\n\t\t\t\t\n\t\t<div class=\"elementor-element elementor-element-64653410 elementor-widget elementor-widget-text-editor\" data-id=\"64653410\" data-element_type=\"widget\" data-e-type=\"widget\" data-widget_type=\"text-editor.default\">\n\t\t\t\t<div class=\"elementor-widget-container\">\n\t\t\t\t\t\t\t\t\t<p>Nous nous joignons au mouvement #30D\u00edasEnBici pour montrer que le v\u00e9lo est le meilleur alli\u00e9 de la mobilit\u00e9 durable.<\/p><blockquote><p>L&rsquo;engagement est simple : p\u00e9dalez tous les jours en avril prochain et faites du v\u00e9lo une habitude.<\/p><\/blockquote><p>Signez l&rsquo;engagement d\u00e8s aujourd&rsquo;hui sur \ud83d\udc49 30diasenbici.com et rejoignez la r\u00e9volution cycliste.<\/p><p>Depuis UrbanBiker, nous vous accompagnons avec de l&rsquo;inspiration, des conseils et des surprises.<\/p><p>\ud83d\ude80 Plus de v\u00e9los, moins de voitures. Plus de ville, moins de fum\u00e9e. En \u00eates-vous ?    <a href=\"https:\/\/www.30diasenbici.com\/proyectos\/30-dias-bici\/\" target=\"_blank\" rel=\"noopener\">Lien<\/a><\/p>\t\t\t\t\t\t\t\t<\/div>\n\t\t\t\t<\/div>\n\t\t\t\t\t<\/div>\n\t\t<\/div>\n\t\t\t\t\t<\/div>\n\t\t<\/section>\n\t\t\t\t<\/div>\n\t\t","protected":false},"excerpt":{"rendered":"<p>Nous nous joignons au mouvement #30D\u00edasEnBici pour montrer que le v\u00e9lo est le meilleur alli\u00e9 de la mobilit\u00e9 durable. L&rsquo;engagement est simple : p\u00e9dalez tous les jours en avril prochain et faites du v\u00e9lo une habitude. Signez l&rsquo;engagement d\u00e8s aujourd&rsquo;hui sur \ud83d\udc49 30diasenbici.com et rejoignez la r\u00e9volution cycliste. Depuis UrbanBiker, nous vous accompagnons avec de [&hellip;]<\/p>\n","protected":false},"author":1,"featured_media":37976,"comment_status":"open","ping_status":"open","sticky":false,"template":"","format":"standard","meta":{"footnotes":""},"categories":[627],"tags":[],"class_list":["post-39164","post","type-post","status-publish","format-standard","has-post-thumbnail","hentry","category-mobilite-durable"],"yoast_head":"<!-- This site is optimized with the Yoast SEO plugin v27.5 - https:\/\/yoast.com\/product\/yoast-seo-wordpress\/ -->\n<title>Participez \u00e0 l&#039;engagement 30 jours \u00e0 v\u00e9lo avec UrbanBiker<\/title>\n<meta name=\"description\" content=\"Rejoignez l&#039;engagement des 30 jours \u00e0 v\u00e9lo avec UrbanBiker. Signez l&#039;engagement d\u00e8s aujourd&#039;hui sur \ud83d\udc49 30diasenbici.com et rejoignez la r\u00e9volution cycliste.\" \/>\n<meta name=\"robots\" content=\"index, follow, max-snippet:-1, max-image-preview:large, max-video-preview:-1\" \/>\n<link rel=\"canonical\" href=\"https:\/\/www.urbanbiker.com\/fr\/join-the-30-days-by-bike-commitment-with-urbanbiker\/\" \/>\n<meta property=\"og:locale\" content=\"fr_FR\" \/>\n<meta property=\"og:type\" content=\"article\" \/>\n<meta property=\"og:title\" content=\"Participez \u00e0 l&#039;engagement 30 jours \u00e0 v\u00e9lo avec UrbanBiker\" \/>\n<meta property=\"og:description\" content=\"Rejoignez l&#039;engagement des 30 jours \u00e0 v\u00e9lo avec UrbanBiker. Signez l&#039;engagement d\u00e8s aujourd&#039;hui sur \ud83d\udc49 30diasenbici.com et rejoignez la r\u00e9volution cycliste.\" \/>\n<meta property=\"og:url\" content=\"https:\/\/www.urbanbiker.com\/fr\/join-the-30-days-by-bike-commitment-with-urbanbiker\/\" \/>\n<meta property=\"og:site_name\" content=\"UrbanBiker\" \/>\n<meta property=\"article:publisher\" content=\"https:\/\/www.facebook.com\/Urbanbikerbiciselectricas\" \/>\n<meta property=\"article:author\" content=\"https:\/\/www.facebook.com\/Urbanbikerbiciselectricas\/\" \/>\n<meta property=\"article:published_time\" content=\"2025-03-11T16:22:19+00:00\" \/>\n<meta property=\"article:modified_time\" content=\"2025-03-19T19:44:06+00:00\" \/>\n<meta property=\"og:image\" content=\"https:\/\/www.urbanbiker.com\/wp-content\/uploads\/2025\/03\/2025-30DEB_WHATS30DEB_HOR.jpeg\" \/>\n\t<meta property=\"og:image:width\" content=\"1000\" \/>\n\t<meta property=\"og:image:height\" content=\"576\" \/>\n\t<meta property=\"og:image:type\" content=\"image\/jpeg\" \/>\n<meta name=\"author\" content=\"UrbanBiker\" \/>\n<meta name=\"twitter:card\" content=\"summary_large_image\" \/>\n<meta name=\"twitter:label1\" content=\"\u00c9crit par\" \/>\n\t<meta name=\"twitter:data1\" content=\"UrbanBiker\" \/>\n\t<meta name=\"twitter:label2\" content=\"Dur\u00e9e de lecture estim\u00e9e\" \/>\n\t<meta name=\"twitter:data2\" content=\"1 minute\" \/>\n<script type=\"application\/ld+json\" class=\"yoast-schema-graph\">{\"@context\":\"https:\\\/\\\/schema.org\",\"@graph\":[{\"@type\":\"Article\",\"@id\":\"https:\\\/\\\/www.urbanbiker.com\\\/fr\\\/join-the-30-days-by-bike-commitment-with-urbanbiker\\\/#article\",\"isPartOf\":{\"@id\":\"https:\\\/\\\/www.urbanbiker.com\\\/fr\\\/join-the-30-days-by-bike-commitment-with-urbanbiker\\\/\"},\"author\":{\"name\":\"UrbanBiker\",\"@id\":\"https:\\\/\\\/www.urbanbiker.com\\\/fr\\\/#\\\/schema\\\/person\\\/1cb58f0792ef226d6d409b73059515e0\"},\"headline\":\"Participez \u00e0 l&rsquo;engagement 30 jours \u00e0 v\u00e9lo avec UrbanBiker\",\"datePublished\":\"2025-03-11T16:22:19+00:00\",\"dateModified\":\"2025-03-19T19:44:06+00:00\",\"mainEntityOfPage\":{\"@id\":\"https:\\\/\\\/www.urbanbiker.com\\\/fr\\\/join-the-30-days-by-bike-commitment-with-urbanbiker\\\/\"},\"wordCount\":95,\"commentCount\":0,\"publisher\":{\"@id\":\"https:\\\/\\\/www.urbanbiker.com\\\/fr\\\/#organization\"},\"image\":{\"@id\":\"https:\\\/\\\/www.urbanbiker.com\\\/fr\\\/join-the-30-days-by-bike-commitment-with-urbanbiker\\\/#primaryimage\"},\"thumbnailUrl\":\"https:\\\/\\\/www.urbanbiker.com\\\/wp-content\\\/uploads\\\/2025\\\/03\\\/2025-30DEB_WHATS30DEB_HOR.jpeg\",\"articleSection\":[\"Mobilit\u00e9 durable\"],\"inLanguage\":\"fr-FR\",\"potentialAction\":[{\"@type\":\"CommentAction\",\"name\":\"Comment\",\"target\":[\"https:\\\/\\\/www.urbanbiker.com\\\/fr\\\/join-the-30-days-by-bike-commitment-with-urbanbiker\\\/#respond\"]}]},{\"@type\":\"WebPage\",\"@id\":\"https:\\\/\\\/www.urbanbiker.com\\\/fr\\\/join-the-30-days-by-bike-commitment-with-urbanbiker\\\/\",\"url\":\"https:\\\/\\\/www.urbanbiker.com\\\/fr\\\/join-the-30-days-by-bike-commitment-with-urbanbiker\\\/\",\"name\":\"Participez \u00e0 l'engagement 30 jours \u00e0 v\u00e9lo avec UrbanBiker\",\"isPartOf\":{\"@id\":\"https:\\\/\\\/www.urbanbiker.com\\\/fr\\\/#website\"},\"primaryImageOfPage\":{\"@id\":\"https:\\\/\\\/www.urbanbiker.com\\\/fr\\\/join-the-30-days-by-bike-commitment-with-urbanbiker\\\/#primaryimage\"},\"image\":{\"@id\":\"https:\\\/\\\/www.urbanbiker.com\\\/fr\\\/join-the-30-days-by-bike-commitment-with-urbanbiker\\\/#primaryimage\"},\"thumbnailUrl\":\"https:\\\/\\\/www.urbanbiker.com\\\/wp-content\\\/uploads\\\/2025\\\/03\\\/2025-30DEB_WHATS30DEB_HOR.jpeg\",\"datePublished\":\"2025-03-11T16:22:19+00:00\",\"dateModified\":\"2025-03-19T19:44:06+00:00\",\"description\":\"Rejoignez l'engagement des 30 jours \u00e0 v\u00e9lo avec UrbanBiker. Signez l'engagement d\u00e8s aujourd'hui sur \ud83d\udc49 30diasenbici.com et rejoignez la r\u00e9volution cycliste.\",\"breadcrumb\":{\"@id\":\"https:\\\/\\\/www.urbanbiker.com\\\/fr\\\/join-the-30-days-by-bike-commitment-with-urbanbiker\\\/#breadcrumb\"},\"inLanguage\":\"fr-FR\",\"potentialAction\":[{\"@type\":\"ReadAction\",\"target\":[\"https:\\\/\\\/www.urbanbiker.com\\\/fr\\\/join-the-30-days-by-bike-commitment-with-urbanbiker\\\/\"]}]},{\"@type\":\"ImageObject\",\"inLanguage\":\"fr-FR\",\"@id\":\"https:\\\/\\\/www.urbanbiker.com\\\/fr\\\/join-the-30-days-by-bike-commitment-with-urbanbiker\\\/#primaryimage\",\"url\":\"https:\\\/\\\/www.urbanbiker.com\\\/wp-content\\\/uploads\\\/2025\\\/03\\\/2025-30DEB_WHATS30DEB_HOR.jpeg\",\"contentUrl\":\"https:\\\/\\\/www.urbanbiker.com\\\/wp-content\\\/uploads\\\/2025\\\/03\\\/2025-30DEB_WHATS30DEB_HOR.jpeg\",\"width\":1000,\"height\":576,\"caption\":\"Firma hoy mismo el compromiso en \ud83d\udc49 30diasenbici.com y s\u00famate a la revoluci\u00f3n ciclista.\"},{\"@type\":\"BreadcrumbList\",\"@id\":\"https:\\\/\\\/www.urbanbiker.com\\\/fr\\\/join-the-30-days-by-bike-commitment-with-urbanbiker\\\/#breadcrumb\",\"itemListElement\":[{\"@type\":\"ListItem\",\"position\":1,\"name\":\"Portada\",\"item\":\"https:\\\/\\\/www.urbanbiker.com\\\/fr\\\/\"},{\"@type\":\"ListItem\",\"position\":2,\"name\":\"Participez \u00e0 l&#8217;engagement 30 jours \u00e0 v\u00e9lo avec UrbanBiker\"}]},{\"@type\":\"WebSite\",\"@id\":\"https:\\\/\\\/www.urbanbiker.com\\\/fr\\\/#website\",\"url\":\"https:\\\/\\\/www.urbanbiker.com\\\/fr\\\/\",\"name\":\"UrbanBiker\",\"description\":\"V\u00e9los \u00e9lectriques\",\"publisher\":{\"@id\":\"https:\\\/\\\/www.urbanbiker.com\\\/fr\\\/#organization\"},\"potentialAction\":[{\"@type\":\"SearchAction\",\"target\":{\"@type\":\"EntryPoint\",\"urlTemplate\":\"https:\\\/\\\/www.urbanbiker.com\\\/fr\\\/?s={search_term_string}\"},\"query-input\":{\"@type\":\"PropertyValueSpecification\",\"valueRequired\":true,\"valueName\":\"search_term_string\"}}],\"inLanguage\":\"fr-FR\"},{\"@type\":\"Organization\",\"@id\":\"https:\\\/\\\/www.urbanbiker.com\\\/fr\\\/#organization\",\"name\":\"UrbanBiker\",\"url\":\"https:\\\/\\\/www.urbanbiker.com\\\/fr\\\/\",\"logo\":{\"@type\":\"ImageObject\",\"inLanguage\":\"fr-FR\",\"@id\":\"https:\\\/\\\/www.urbanbiker.com\\\/fr\\\/#\\\/schema\\\/logo\\\/image\\\/\",\"url\":\"https:\\\/\\\/www.urbanbiker.com\\\/wp-content\\\/uploads\\\/2022\\\/09\\\/Logo-principal-sin-fondo.png\",\"contentUrl\":\"https:\\\/\\\/www.urbanbiker.com\\\/wp-content\\\/uploads\\\/2022\\\/09\\\/Logo-principal-sin-fondo.png\",\"width\":2560,\"height\":934,\"caption\":\"UrbanBiker\"},\"image\":{\"@id\":\"https:\\\/\\\/www.urbanbiker.com\\\/fr\\\/#\\\/schema\\\/logo\\\/image\\\/\"},\"sameAs\":[\"https:\\\/\\\/www.facebook.com\\\/Urbanbikerbiciselectricas\",\"https:\\\/\\\/www.instagram.com\\\/urbanbiker_\\\/\",\"https:\\\/\\\/www.linkedin.com\\\/company\\\/2454235\",\"https:\\\/\\\/www.youtube.com\\\/channel\\\/UCWR__uH_RWJF-OhPfz-9-Qw\"]},{\"@type\":\"Person\",\"@id\":\"https:\\\/\\\/www.urbanbiker.com\\\/fr\\\/#\\\/schema\\\/person\\\/1cb58f0792ef226d6d409b73059515e0\",\"name\":\"UrbanBiker\",\"image\":{\"@type\":\"ImageObject\",\"inLanguage\":\"fr-FR\",\"@id\":\"https:\\\/\\\/secure.gravatar.com\\\/avatar\\\/22838f387878aabd10c8c90196e14f05497ff2fdd7c1267a5f035aa48d9ed396?s=96&d=mm&r=g\",\"url\":\"https:\\\/\\\/secure.gravatar.com\\\/avatar\\\/22838f387878aabd10c8c90196e14f05497ff2fdd7c1267a5f035aa48d9ed396?s=96&d=mm&r=g\",\"contentUrl\":\"https:\\\/\\\/secure.gravatar.com\\\/avatar\\\/22838f387878aabd10c8c90196e14f05497ff2fdd7c1267a5f035aa48d9ed396?s=96&d=mm&r=g\",\"caption\":\"UrbanBiker\"},\"sameAs\":[\"http:\\\/\\\/www.urbanbiker.com\\\/\",\"https:\\\/\\\/www.facebook.com\\\/Urbanbikerbiciselectricas\\\/\",\"https:\\\/\\\/www.linkedin.com\\\/company\\\/urbanbiker\\\/\",\"https:\\\/\\\/www.youtube.com\\\/@UrbanbikerEbikes\"]}]}<\/script>\n<!-- \/ Yoast SEO plugin. -->","yoast_head_json":{"title":"Participez \u00e0 l'engagement 30 jours \u00e0 v\u00e9lo avec UrbanBiker","description":"Rejoignez l'engagement des 30 jours \u00e0 v\u00e9lo avec UrbanBiker. Signez l'engagement d\u00e8s aujourd'hui sur \ud83d\udc49 30diasenbici.com et rejoignez la r\u00e9volution cycliste.","robots":{"index":"index","follow":"follow","max-snippet":"max-snippet:-1","max-image-preview":"max-image-preview:large","max-video-preview":"max-video-preview:-1"},"canonical":"https:\/\/www.urbanbiker.com\/fr\/join-the-30-days-by-bike-commitment-with-urbanbiker\/","og_locale":"fr_FR","og_type":"article","og_title":"Participez \u00e0 l'engagement 30 jours \u00e0 v\u00e9lo avec UrbanBiker","og_description":"Rejoignez l'engagement des 30 jours \u00e0 v\u00e9lo avec UrbanBiker. Signez l'engagement d\u00e8s aujourd'hui sur \ud83d\udc49 30diasenbici.com et rejoignez la r\u00e9volution cycliste.","og_url":"https:\/\/www.urbanbiker.com\/fr\/join-the-30-days-by-bike-commitment-with-urbanbiker\/","og_site_name":"UrbanBiker","article_publisher":"https:\/\/www.facebook.com\/Urbanbikerbiciselectricas","article_author":"https:\/\/www.facebook.com\/Urbanbikerbiciselectricas\/","article_published_time":"2025-03-11T16:22:19+00:00","article_modified_time":"2025-03-19T19:44:06+00:00","og_image":[{"width":1000,"height":576,"url":"https:\/\/www.urbanbiker.com\/wp-content\/uploads\/2025\/03\/2025-30DEB_WHATS30DEB_HOR.jpeg","type":"image\/jpeg"}],"author":"UrbanBiker","twitter_card":"summary_large_image","twitter_misc":{"\u00c9crit par":"UrbanBiker","Dur\u00e9e de lecture estim\u00e9e":"1 minute"},"schema":{"@context":"https:\/\/schema.org","@graph":[{"@type":"Article","@id":"https:\/\/www.urbanbiker.com\/fr\/join-the-30-days-by-bike-commitment-with-urbanbiker\/#article","isPartOf":{"@id":"https:\/\/www.urbanbiker.com\/fr\/join-the-30-days-by-bike-commitment-with-urbanbiker\/"},"author":{"name":"UrbanBiker","@id":"https:\/\/www.urbanbiker.com\/fr\/#\/schema\/person\/1cb58f0792ef226d6d409b73059515e0"},"headline":"Participez \u00e0 l&rsquo;engagement 30 jours \u00e0 v\u00e9lo avec UrbanBiker","datePublished":"2025-03-11T16:22:19+00:00","dateModified":"2025-03-19T19:44:06+00:00","mainEntityOfPage":{"@id":"https:\/\/www.urbanbiker.com\/fr\/join-the-30-days-by-bike-commitment-with-urbanbiker\/"},"wordCount":95,"commentCount":0,"publisher":{"@id":"https:\/\/www.urbanbiker.com\/fr\/#organization"},"image":{"@id":"https:\/\/www.urbanbiker.com\/fr\/join-the-30-days-by-bike-commitment-with-urbanbiker\/#primaryimage"},"thumbnailUrl":"https:\/\/www.urbanbiker.com\/wp-content\/uploads\/2025\/03\/2025-30DEB_WHATS30DEB_HOR.jpeg","articleSection":["Mobilit\u00e9 durable"],"inLanguage":"fr-FR","potentialAction":[{"@type":"CommentAction","name":"Comment","target":["https:\/\/www.urbanbiker.com\/fr\/join-the-30-days-by-bike-commitment-with-urbanbiker\/#respond"]}]},{"@type":"WebPage","@id":"https:\/\/www.urbanbiker.com\/fr\/join-the-30-days-by-bike-commitment-with-urbanbiker\/","url":"https:\/\/www.urbanbiker.com\/fr\/join-the-30-days-by-bike-commitment-with-urbanbiker\/","name":"Participez \u00e0 l'engagement 30 jours \u00e0 v\u00e9lo avec UrbanBiker","isPartOf":{"@id":"https:\/\/www.urbanbiker.com\/fr\/#website"},"primaryImageOfPage":{"@id":"https:\/\/www.urbanbiker.com\/fr\/join-the-30-days-by-bike-commitment-with-urbanbiker\/#primaryimage"},"image":{"@id":"https:\/\/www.urbanbiker.com\/fr\/join-the-30-days-by-bike-commitment-with-urbanbiker\/#primaryimage"},"thumbnailUrl":"https:\/\/www.urbanbiker.com\/wp-content\/uploads\/2025\/03\/2025-30DEB_WHATS30DEB_HOR.jpeg","datePublished":"2025-03-11T16:22:19+00:00","dateModified":"2025-03-19T19:44:06+00:00","description":"Rejoignez l'engagement des 30 jours \u00e0 v\u00e9lo avec UrbanBiker. Signez l'engagement d\u00e8s aujourd'hui sur \ud83d\udc49 30diasenbici.com et rejoignez la r\u00e9volution cycliste.","breadcrumb":{"@id":"https:\/\/www.urbanbiker.com\/fr\/join-the-30-days-by-bike-commitment-with-urbanbiker\/#breadcrumb"},"inLanguage":"fr-FR","potentialAction":[{"@type":"ReadAction","target":["https:\/\/www.urbanbiker.com\/fr\/join-the-30-days-by-bike-commitment-with-urbanbiker\/"]}]},{"@type":"ImageObject","inLanguage":"fr-FR","@id":"https:\/\/www.urbanbiker.com\/fr\/join-the-30-days-by-bike-commitment-with-urbanbiker\/#primaryimage","url":"https:\/\/www.urbanbiker.com\/wp-content\/uploads\/2025\/03\/2025-30DEB_WHATS30DEB_HOR.jpeg","contentUrl":"https:\/\/www.urbanbiker.com\/wp-content\/uploads\/2025\/03\/2025-30DEB_WHATS30DEB_HOR.jpeg","width":1000,"height":576,"caption":"Firma hoy mismo el compromiso en \ud83d\udc49 30diasenbici.com y s\u00famate a la revoluci\u00f3n ciclista."},{"@type":"BreadcrumbList","@id":"https:\/\/www.urbanbiker.com\/fr\/join-the-30-days-by-bike-commitment-with-urbanbiker\/#breadcrumb","itemListElement":[{"@type":"ListItem","position":1,"name":"Portada","item":"https:\/\/www.urbanbiker.com\/fr\/"},{"@type":"ListItem","position":2,"name":"Participez \u00e0 l&#8217;engagement 30 jours \u00e0 v\u00e9lo avec UrbanBiker"}]},{"@type":"WebSite","@id":"https:\/\/www.urbanbiker.com\/fr\/#website","url":"https:\/\/www.urbanbiker.com\/fr\/","name":"UrbanBiker","description":"V\u00e9los \u00e9lectriques","publisher":{"@id":"https:\/\/www.urbanbiker.com\/fr\/#organization"},"potentialAction":[{"@type":"SearchAction","target":{"@type":"EntryPoint","urlTemplate":"https:\/\/www.urbanbiker.com\/fr\/?s={search_term_string}"},"query-input":{"@type":"PropertyValueSpecification","valueRequired":true,"valueName":"search_term_string"}}],"inLanguage":"fr-FR"},{"@type":"Organization","@id":"https:\/\/www.urbanbiker.com\/fr\/#organization","name":"UrbanBiker","url":"https:\/\/www.urbanbiker.com\/fr\/","logo":{"@type":"ImageObject","inLanguage":"fr-FR","@id":"https:\/\/www.urbanbiker.com\/fr\/#\/schema\/logo\/image\/","url":"https:\/\/www.urbanbiker.com\/wp-content\/uploads\/2022\/09\/Logo-principal-sin-fondo.png","contentUrl":"https:\/\/www.urbanbiker.com\/wp-content\/uploads\/2022\/09\/Logo-principal-sin-fondo.png","width":2560,"height":934,"caption":"UrbanBiker"},"image":{"@id":"https:\/\/www.urbanbiker.com\/fr\/#\/schema\/logo\/image\/"},"sameAs":["https:\/\/www.facebook.com\/Urbanbikerbiciselectricas","https:\/\/www.instagram.com\/urbanbiker_\/","https:\/\/www.linkedin.com\/company\/2454235","https:\/\/www.youtube.com\/channel\/UCWR__uH_RWJF-OhPfz-9-Qw"]},{"@type":"Person","@id":"https:\/\/www.urbanbiker.com\/fr\/#\/schema\/person\/1cb58f0792ef226d6d409b73059515e0","name":"UrbanBiker","image":{"@type":"ImageObject","inLanguage":"fr-FR","@id":"https:\/\/secure.gravatar.com\/avatar\/22838f387878aabd10c8c90196e14f05497ff2fdd7c1267a5f035aa48d9ed396?s=96&d=mm&r=g","url":"https:\/\/secure.gravatar.com\/avatar\/22838f387878aabd10c8c90196e14f05497ff2fdd7c1267a5f035aa48d9ed396?s=96&d=mm&r=g","contentUrl":"https:\/\/secure.gravatar.com\/avatar\/22838f387878aabd10c8c90196e14f05497ff2fdd7c1267a5f035aa48d9ed396?s=96&d=mm&r=g","caption":"UrbanBiker"},"sameAs":["http:\/\/www.urbanbiker.com\/","https:\/\/www.facebook.com\/Urbanbikerbiciselectricas\/","https:\/\/www.linkedin.com\/company\/urbanbiker\/","https:\/\/www.youtube.com\/@UrbanbikerEbikes"]}]}},"_links":{"self":[{"href":"https:\/\/www.urbanbiker.com\/fr\/wp-json\/wp\/v2\/posts\/39164","targetHints":{"allow":["GET"]}}],"collection":[{"href":"https:\/\/www.urbanbiker.com\/fr\/wp-json\/wp\/v2\/posts"}],"about":[{"href":"https:\/\/www.urbanbiker.com\/fr\/wp-json\/wp\/v2\/types\/post"}],"author":[{"embeddable":true,"href":"https:\/\/www.urbanbiker.com\/fr\/wp-json\/wp\/v2\/users\/1"}],"replies":[{"embeddable":true,"href":"https:\/\/www.urbanbiker.com\/fr\/wp-json\/wp\/v2\/comments?post=39164"}],"version-history":[{"count":9,"href":"https:\/\/www.urbanbiker.com\/fr\/wp-json\/wp\/v2\/posts\/39164\/revisions"}],"predecessor-version":[{"id":39839,"href":"https:\/\/www.urbanbiker.com\/fr\/wp-json\/wp\/v2\/posts\/39164\/revisions\/39839"}],"wp:featuredmedia":[{"embeddable":true,"href":"https:\/\/www.urbanbiker.com\/fr\/wp-json\/wp\/v2\/media\/37976"}],"wp:attachment":[{"href":"https:\/\/www.urbanbiker.com\/fr\/wp-json\/wp\/v2\/media?parent=39164"}],"wp:term":[{"taxonomy":"category","embeddable":true,"href":"https:\/\/www.urbanbiker.com\/fr\/wp-json\/wp\/v2\/categories?post=39164"},{"taxonomy":"post_tag","embeddable":true,"href":"https:\/\/www.urbanbiker.com\/fr\/wp-json\/wp\/v2\/tags?post=39164"}],"curies":[{"name":"wp","href":"https:\/\/api.w.org\/{rel}","templated":true}]}}