{"id":39059,"date":"2025-03-11T16:49:47","date_gmt":"2025-03-11T15:49:47","guid":{"rendered":"https:\/\/www.urbanbiker.com\/?p=39059"},"modified":"2025-03-16T15:22:09","modified_gmt":"2025-03-16T14:22:09","slug":"urbanbiker-30-jours-a-velo","status":"publish","type":"post","link":"https:\/\/www.urbanbiker.com\/fr\/urbanbiker-30-jours-a-velo\/","title":{"rendered":"UrbanBiker &#038; 30 jours \u00e0 v\u00e9lo"},"content":{"rendered":"<p data-start=\"2162\" data-end=\"2262\"><strong>Impact au-del\u00e0 des aspects financiers : Sensibilisation et r\u00e9duction des stigmates.<\/strong><\/p>\n<p data-start=\"2264\" data-end=\"2494\">Il y a quelques jours, @carlos est venu nous rendre visite pour faire connaissance et parler de v\u00e9los \u2013 un sujet qui nous passionne ! Nous avons visit\u00e9 l\u2019usine et profit\u00e9 de l\u2019occasion pour \u00e9changer des exp\u00e9riences et des id\u00e9es.<\/p>\n<p data-start=\"2496\" data-end=\"2592\">Encourager la participation active \u00e0 sa campagne \u00e0 travers un concours bla bla bla bla bla bla<\/p>\n<p data-start=\"2594\" data-end=\"2751\">Nous sommes ravis de commencer cette collaboration avec 30 DEB 2025, pleins d\u2019enthousiasme et pr\u00eats \u00e0 contribuer \u00e0 leur campagne pour une mobilit\u00e9 durable.<\/p>\n<p data-start=\"2753\" data-end=\"3020\">Parce que nous sommes totalement engag\u00e9s dans la promotion de la mobilit\u00e9 durable, bien au-del\u00e0 de la simple vente de v\u00e9los \u00e9lectriques. Nous assumons notre responsabilit\u00e9 en tant qu\u2019entreprise dans le bla bla bla bla bla changement, impulsion, moteur, peu importe.<\/p>\n<p data-start=\"3022\" data-end=\"3092\"><strong data-start=\"3022\" data-end=\"3090\">L\u2019importance de la collaboration entre entreprises et fondations<\/strong><\/p>\n<p data-start=\"3094\" data-end=\"3248\">Nous sommes heureux d\u2019annoncer que nous sommes devenus partenaires de 30 Jours \u00e0 V\u00e9lo pour soutenir leur initiative visant \u00e0 promouvoir l\u2019usage du v\u00e9lo.<\/p>\n<p data-start=\"3250\" data-end=\"3297\">Nous voulons \u00eatre des moteurs du changement !<\/p>\n","protected":false},"excerpt":{"rendered":"<p>Impact au-del\u00e0 des aspects financiers : Sensibilisation et r\u00e9duction des stigmates. Il y a quelques jours, @carlos est venu nous rendre visite pour faire connaissance et parler de v\u00e9los \u2013 un sujet qui nous passionne ! Nous avons visit\u00e9 l\u2019usine et profit\u00e9 de l\u2019occasion pour \u00e9changer des exp\u00e9riences et des id\u00e9es. Encourager la participation active [&hellip;]<\/p>\n","protected":false},"author":1,"featured_media":37964,"comment_status":"open","ping_status":"open","sticky":false,"template":"","format":"standard","meta":{"footnotes":""},"categories":[627],"tags":[],"class_list":["post-39059","post","type-post","status-publish","format-standard","has-post-thumbnail","hentry","category-mobilite-durable"],"yoast_head":"<!-- This site is optimized with the Yoast SEO plugin v27.5 - https:\/\/yoast.com\/product\/yoast-seo-wordpress\/ -->\n<title>UrbanBiker &amp; 30 jours \u00e0 v\u00e9lo<\/title>\n<meta name=\"description\" content=\"UrbanBiker et 30 jours \u00e0 v\u00e9lo. Impact au-del\u00e0 de l&#039;aspect financier : sensibilisation et r\u00e9duction de la stigmatisation.\" \/>\n<meta name=\"robots\" content=\"index, follow, max-snippet:-1, max-image-preview:large, max-video-preview:-1\" \/>\n<link rel=\"canonical\" href=\"https:\/\/www.urbanbiker.com\/fr\/urbanbiker-30-jours-a-velo\/\" \/>\n<meta property=\"og:locale\" content=\"fr_FR\" \/>\n<meta property=\"og:type\" content=\"article\" \/>\n<meta property=\"og:title\" content=\"UrbanBiker &amp; 30 jours \u00e0 v\u00e9lo\" \/>\n<meta property=\"og:description\" content=\"UrbanBiker et 30 jours \u00e0 v\u00e9lo. Impact au-del\u00e0 de l&#039;aspect financier : sensibilisation et r\u00e9duction de la stigmatisation.\" \/>\n<meta property=\"og:url\" content=\"https:\/\/www.urbanbiker.com\/fr\/urbanbiker-30-jours-a-velo\/\" \/>\n<meta property=\"og:site_name\" content=\"UrbanBiker\" \/>\n<meta property=\"article:publisher\" content=\"https:\/\/www.facebook.com\/Urbanbikerbiciselectricas\" \/>\n<meta property=\"article:author\" content=\"https:\/\/www.facebook.com\/Urbanbikerbiciselectricas\/\" \/>\n<meta property=\"article:published_time\" content=\"2025-03-11T15:49:47+00:00\" \/>\n<meta property=\"article:modified_time\" content=\"2025-03-16T14:22:09+00:00\" \/>\n<meta property=\"og:image\" content=\"https:\/\/www.urbanbiker.com\/wp-content\/uploads\/2025\/03\/Urbanbiker-30-Dias-en-Bici.png\" \/>\n\t<meta property=\"og:image:width\" content=\"625\" \/>\n\t<meta property=\"og:image:height\" content=\"467\" \/>\n\t<meta property=\"og:image:type\" content=\"image\/png\" \/>\n<meta name=\"author\" content=\"UrbanBiker\" \/>\n<meta name=\"twitter:card\" content=\"summary_large_image\" \/>\n<meta name=\"twitter:label1\" content=\"\u00c9crit par\" \/>\n\t<meta name=\"twitter:data1\" content=\"UrbanBiker\" \/>\n\t<meta name=\"twitter:label2\" content=\"Dur\u00e9e de lecture estim\u00e9e\" \/>\n\t<meta name=\"twitter:data2\" content=\"1 minute\" \/>\n<script type=\"application\/ld+json\" class=\"yoast-schema-graph\">{\"@context\":\"https:\\\/\\\/schema.org\",\"@graph\":[{\"@type\":\"Article\",\"@id\":\"https:\\\/\\\/www.urbanbiker.com\\\/fr\\\/urbanbiker-30-jours-a-velo\\\/#article\",\"isPartOf\":{\"@id\":\"https:\\\/\\\/www.urbanbiker.com\\\/fr\\\/urbanbiker-30-jours-a-velo\\\/\"},\"author\":{\"name\":\"UrbanBiker\",\"@id\":\"https:\\\/\\\/www.urbanbiker.com\\\/fr\\\/#\\\/schema\\\/person\\\/1cb58f0792ef226d6d409b73059515e0\"},\"headline\":\"UrbanBiker &#038; 30 jours \u00e0 v\u00e9lo\",\"datePublished\":\"2025-03-11T15:49:47+00:00\",\"dateModified\":\"2025-03-16T14:22:09+00:00\",\"mainEntityOfPage\":{\"@id\":\"https:\\\/\\\/www.urbanbiker.com\\\/fr\\\/urbanbiker-30-jours-a-velo\\\/\"},\"wordCount\":180,\"commentCount\":0,\"publisher\":{\"@id\":\"https:\\\/\\\/www.urbanbiker.com\\\/fr\\\/#organization\"},\"image\":{\"@id\":\"https:\\\/\\\/www.urbanbiker.com\\\/fr\\\/urbanbiker-30-jours-a-velo\\\/#primaryimage\"},\"thumbnailUrl\":\"https:\\\/\\\/www.urbanbiker.com\\\/wp-content\\\/uploads\\\/2025\\\/03\\\/Urbanbiker-30-Dias-en-Bici.png\",\"articleSection\":[\"Mobilit\u00e9 durable\"],\"inLanguage\":\"fr-FR\",\"potentialAction\":[{\"@type\":\"CommentAction\",\"name\":\"Comment\",\"target\":[\"https:\\\/\\\/www.urbanbiker.com\\\/fr\\\/urbanbiker-30-jours-a-velo\\\/#respond\"]}]},{\"@type\":\"WebPage\",\"@id\":\"https:\\\/\\\/www.urbanbiker.com\\\/fr\\\/urbanbiker-30-jours-a-velo\\\/\",\"url\":\"https:\\\/\\\/www.urbanbiker.com\\\/fr\\\/urbanbiker-30-jours-a-velo\\\/\",\"name\":\"UrbanBiker & 30 jours \u00e0 v\u00e9lo\",\"isPartOf\":{\"@id\":\"https:\\\/\\\/www.urbanbiker.com\\\/fr\\\/#website\"},\"primaryImageOfPage\":{\"@id\":\"https:\\\/\\\/www.urbanbiker.com\\\/fr\\\/urbanbiker-30-jours-a-velo\\\/#primaryimage\"},\"image\":{\"@id\":\"https:\\\/\\\/www.urbanbiker.com\\\/fr\\\/urbanbiker-30-jours-a-velo\\\/#primaryimage\"},\"thumbnailUrl\":\"https:\\\/\\\/www.urbanbiker.com\\\/wp-content\\\/uploads\\\/2025\\\/03\\\/Urbanbiker-30-Dias-en-Bici.png\",\"datePublished\":\"2025-03-11T15:49:47+00:00\",\"dateModified\":\"2025-03-16T14:22:09+00:00\",\"description\":\"UrbanBiker et 30 jours \u00e0 v\u00e9lo. Impact au-del\u00e0 de l'aspect financier : sensibilisation et r\u00e9duction de la stigmatisation.\",\"breadcrumb\":{\"@id\":\"https:\\\/\\\/www.urbanbiker.com\\\/fr\\\/urbanbiker-30-jours-a-velo\\\/#breadcrumb\"},\"inLanguage\":\"fr-FR\",\"potentialAction\":[{\"@type\":\"ReadAction\",\"target\":[\"https:\\\/\\\/www.urbanbiker.com\\\/fr\\\/urbanbiker-30-jours-a-velo\\\/\"]}]},{\"@type\":\"ImageObject\",\"inLanguage\":\"fr-FR\",\"@id\":\"https:\\\/\\\/www.urbanbiker.com\\\/fr\\\/urbanbiker-30-jours-a-velo\\\/#primaryimage\",\"url\":\"https:\\\/\\\/www.urbanbiker.com\\\/wp-content\\\/uploads\\\/2025\\\/03\\\/Urbanbiker-30-Dias-en-Bici.png\",\"contentUrl\":\"https:\\\/\\\/www.urbanbiker.com\\\/wp-content\\\/uploads\\\/2025\\\/03\\\/Urbanbiker-30-Dias-en-Bici.png\",\"width\":625,\"height\":467,\"caption\":\"Urbanbiker & 30 D\u00edas en Bici\"},{\"@type\":\"BreadcrumbList\",\"@id\":\"https:\\\/\\\/www.urbanbiker.com\\\/fr\\\/urbanbiker-30-jours-a-velo\\\/#breadcrumb\",\"itemListElement\":[{\"@type\":\"ListItem\",\"position\":1,\"name\":\"Portada\",\"item\":\"https:\\\/\\\/www.urbanbiker.com\\\/fr\\\/\"},{\"@type\":\"ListItem\",\"position\":2,\"name\":\"UrbanBiker &#038; 30 jours \u00e0 v\u00e9lo\"}]},{\"@type\":\"WebSite\",\"@id\":\"https:\\\/\\\/www.urbanbiker.com\\\/fr\\\/#website\",\"url\":\"https:\\\/\\\/www.urbanbiker.com\\\/fr\\\/\",\"name\":\"UrbanBiker\",\"description\":\"V\u00e9los \u00e9lectriques\",\"publisher\":{\"@id\":\"https:\\\/\\\/www.urbanbiker.com\\\/fr\\\/#organization\"},\"potentialAction\":[{\"@type\":\"SearchAction\",\"target\":{\"@type\":\"EntryPoint\",\"urlTemplate\":\"https:\\\/\\\/www.urbanbiker.com\\\/fr\\\/?s={search_term_string}\"},\"query-input\":{\"@type\":\"PropertyValueSpecification\",\"valueRequired\":true,\"valueName\":\"search_term_string\"}}],\"inLanguage\":\"fr-FR\"},{\"@type\":\"Organization\",\"@id\":\"https:\\\/\\\/www.urbanbiker.com\\\/fr\\\/#organization\",\"name\":\"UrbanBiker\",\"url\":\"https:\\\/\\\/www.urbanbiker.com\\\/fr\\\/\",\"logo\":{\"@type\":\"ImageObject\",\"inLanguage\":\"fr-FR\",\"@id\":\"https:\\\/\\\/www.urbanbiker.com\\\/fr\\\/#\\\/schema\\\/logo\\\/image\\\/\",\"url\":\"https:\\\/\\\/www.urbanbiker.com\\\/wp-content\\\/uploads\\\/2022\\\/09\\\/Logo-principal-sin-fondo.png\",\"contentUrl\":\"https:\\\/\\\/www.urbanbiker.com\\\/wp-content\\\/uploads\\\/2022\\\/09\\\/Logo-principal-sin-fondo.png\",\"width\":2560,\"height\":934,\"caption\":\"UrbanBiker\"},\"image\":{\"@id\":\"https:\\\/\\\/www.urbanbiker.com\\\/fr\\\/#\\\/schema\\\/logo\\\/image\\\/\"},\"sameAs\":[\"https:\\\/\\\/www.facebook.com\\\/Urbanbikerbiciselectricas\",\"https:\\\/\\\/www.instagram.com\\\/urbanbiker_\\\/\",\"https:\\\/\\\/www.linkedin.com\\\/company\\\/2454235\",\"https:\\\/\\\/www.youtube.com\\\/channel\\\/UCWR__uH_RWJF-OhPfz-9-Qw\"]},{\"@type\":\"Person\",\"@id\":\"https:\\\/\\\/www.urbanbiker.com\\\/fr\\\/#\\\/schema\\\/person\\\/1cb58f0792ef226d6d409b73059515e0\",\"name\":\"UrbanBiker\",\"image\":{\"@type\":\"ImageObject\",\"inLanguage\":\"fr-FR\",\"@id\":\"https:\\\/\\\/secure.gravatar.com\\\/avatar\\\/22838f387878aabd10c8c90196e14f05497ff2fdd7c1267a5f035aa48d9ed396?s=96&d=mm&r=g\",\"url\":\"https:\\\/\\\/secure.gravatar.com\\\/avatar\\\/22838f387878aabd10c8c90196e14f05497ff2fdd7c1267a5f035aa48d9ed396?s=96&d=mm&r=g\",\"contentUrl\":\"https:\\\/\\\/secure.gravatar.com\\\/avatar\\\/22838f387878aabd10c8c90196e14f05497ff2fdd7c1267a5f035aa48d9ed396?s=96&d=mm&r=g\",\"caption\":\"UrbanBiker\"},\"sameAs\":[\"http:\\\/\\\/www.urbanbiker.com\\\/\",\"https:\\\/\\\/www.facebook.com\\\/Urbanbikerbiciselectricas\\\/\",\"https:\\\/\\\/www.linkedin.com\\\/company\\\/urbanbiker\\\/\",\"https:\\\/\\\/www.youtube.com\\\/@UrbanbikerEbikes\"]}]}<\/script>\n<!-- \/ Yoast SEO plugin. -->","yoast_head_json":{"title":"UrbanBiker & 30 jours \u00e0 v\u00e9lo","description":"UrbanBiker et 30 jours \u00e0 v\u00e9lo. Impact au-del\u00e0 de l'aspect financier : sensibilisation et r\u00e9duction de la stigmatisation.","robots":{"index":"index","follow":"follow","max-snippet":"max-snippet:-1","max-image-preview":"max-image-preview:large","max-video-preview":"max-video-preview:-1"},"canonical":"https:\/\/www.urbanbiker.com\/fr\/urbanbiker-30-jours-a-velo\/","og_locale":"fr_FR","og_type":"article","og_title":"UrbanBiker & 30 jours \u00e0 v\u00e9lo","og_description":"UrbanBiker et 30 jours \u00e0 v\u00e9lo. Impact au-del\u00e0 de l'aspect financier : sensibilisation et r\u00e9duction de la stigmatisation.","og_url":"https:\/\/www.urbanbiker.com\/fr\/urbanbiker-30-jours-a-velo\/","og_site_name":"UrbanBiker","article_publisher":"https:\/\/www.facebook.com\/Urbanbikerbiciselectricas","article_author":"https:\/\/www.facebook.com\/Urbanbikerbiciselectricas\/","article_published_time":"2025-03-11T15:49:47+00:00","article_modified_time":"2025-03-16T14:22:09+00:00","og_image":[{"width":625,"height":467,"url":"https:\/\/www.urbanbiker.com\/wp-content\/uploads\/2025\/03\/Urbanbiker-30-Dias-en-Bici.png","type":"image\/png"}],"author":"UrbanBiker","twitter_card":"summary_large_image","twitter_misc":{"\u00c9crit par":"UrbanBiker","Dur\u00e9e de lecture estim\u00e9e":"1 minute"},"schema":{"@context":"https:\/\/schema.org","@graph":[{"@type":"Article","@id":"https:\/\/www.urbanbiker.com\/fr\/urbanbiker-30-jours-a-velo\/#article","isPartOf":{"@id":"https:\/\/www.urbanbiker.com\/fr\/urbanbiker-30-jours-a-velo\/"},"author":{"name":"UrbanBiker","@id":"https:\/\/www.urbanbiker.com\/fr\/#\/schema\/person\/1cb58f0792ef226d6d409b73059515e0"},"headline":"UrbanBiker &#038; 30 jours \u00e0 v\u00e9lo","datePublished":"2025-03-11T15:49:47+00:00","dateModified":"2025-03-16T14:22:09+00:00","mainEntityOfPage":{"@id":"https:\/\/www.urbanbiker.com\/fr\/urbanbiker-30-jours-a-velo\/"},"wordCount":180,"commentCount":0,"publisher":{"@id":"https:\/\/www.urbanbiker.com\/fr\/#organization"},"image":{"@id":"https:\/\/www.urbanbiker.com\/fr\/urbanbiker-30-jours-a-velo\/#primaryimage"},"thumbnailUrl":"https:\/\/www.urbanbiker.com\/wp-content\/uploads\/2025\/03\/Urbanbiker-30-Dias-en-Bici.png","articleSection":["Mobilit\u00e9 durable"],"inLanguage":"fr-FR","potentialAction":[{"@type":"CommentAction","name":"Comment","target":["https:\/\/www.urbanbiker.com\/fr\/urbanbiker-30-jours-a-velo\/#respond"]}]},{"@type":"WebPage","@id":"https:\/\/www.urbanbiker.com\/fr\/urbanbiker-30-jours-a-velo\/","url":"https:\/\/www.urbanbiker.com\/fr\/urbanbiker-30-jours-a-velo\/","name":"UrbanBiker & 30 jours \u00e0 v\u00e9lo","isPartOf":{"@id":"https:\/\/www.urbanbiker.com\/fr\/#website"},"primaryImageOfPage":{"@id":"https:\/\/www.urbanbiker.com\/fr\/urbanbiker-30-jours-a-velo\/#primaryimage"},"image":{"@id":"https:\/\/www.urbanbiker.com\/fr\/urbanbiker-30-jours-a-velo\/#primaryimage"},"thumbnailUrl":"https:\/\/www.urbanbiker.com\/wp-content\/uploads\/2025\/03\/Urbanbiker-30-Dias-en-Bici.png","datePublished":"2025-03-11T15:49:47+00:00","dateModified":"2025-03-16T14:22:09+00:00","description":"UrbanBiker et 30 jours \u00e0 v\u00e9lo. Impact au-del\u00e0 de l'aspect financier : sensibilisation et r\u00e9duction de la stigmatisation.","breadcrumb":{"@id":"https:\/\/www.urbanbiker.com\/fr\/urbanbiker-30-jours-a-velo\/#breadcrumb"},"inLanguage":"fr-FR","potentialAction":[{"@type":"ReadAction","target":["https:\/\/www.urbanbiker.com\/fr\/urbanbiker-30-jours-a-velo\/"]}]},{"@type":"ImageObject","inLanguage":"fr-FR","@id":"https:\/\/www.urbanbiker.com\/fr\/urbanbiker-30-jours-a-velo\/#primaryimage","url":"https:\/\/www.urbanbiker.com\/wp-content\/uploads\/2025\/03\/Urbanbiker-30-Dias-en-Bici.png","contentUrl":"https:\/\/www.urbanbiker.com\/wp-content\/uploads\/2025\/03\/Urbanbiker-30-Dias-en-Bici.png","width":625,"height":467,"caption":"Urbanbiker & 30 D\u00edas en Bici"},{"@type":"BreadcrumbList","@id":"https:\/\/www.urbanbiker.com\/fr\/urbanbiker-30-jours-a-velo\/#breadcrumb","itemListElement":[{"@type":"ListItem","position":1,"name":"Portada","item":"https:\/\/www.urbanbiker.com\/fr\/"},{"@type":"ListItem","position":2,"name":"UrbanBiker &#038; 30 jours \u00e0 v\u00e9lo"}]},{"@type":"WebSite","@id":"https:\/\/www.urbanbiker.com\/fr\/#website","url":"https:\/\/www.urbanbiker.com\/fr\/","name":"UrbanBiker","description":"V\u00e9los \u00e9lectriques","publisher":{"@id":"https:\/\/www.urbanbiker.com\/fr\/#organization"},"potentialAction":[{"@type":"SearchAction","target":{"@type":"EntryPoint","urlTemplate":"https:\/\/www.urbanbiker.com\/fr\/?s={search_term_string}"},"query-input":{"@type":"PropertyValueSpecification","valueRequired":true,"valueName":"search_term_string"}}],"inLanguage":"fr-FR"},{"@type":"Organization","@id":"https:\/\/www.urbanbiker.com\/fr\/#organization","name":"UrbanBiker","url":"https:\/\/www.urbanbiker.com\/fr\/","logo":{"@type":"ImageObject","inLanguage":"fr-FR","@id":"https:\/\/www.urbanbiker.com\/fr\/#\/schema\/logo\/image\/","url":"https:\/\/www.urbanbiker.com\/wp-content\/uploads\/2022\/09\/Logo-principal-sin-fondo.png","contentUrl":"https:\/\/www.urbanbiker.com\/wp-content\/uploads\/2022\/09\/Logo-principal-sin-fondo.png","width":2560,"height":934,"caption":"UrbanBiker"},"image":{"@id":"https:\/\/www.urbanbiker.com\/fr\/#\/schema\/logo\/image\/"},"sameAs":["https:\/\/www.facebook.com\/Urbanbikerbiciselectricas","https:\/\/www.instagram.com\/urbanbiker_\/","https:\/\/www.linkedin.com\/company\/2454235","https:\/\/www.youtube.com\/channel\/UCWR__uH_RWJF-OhPfz-9-Qw"]},{"@type":"Person","@id":"https:\/\/www.urbanbiker.com\/fr\/#\/schema\/person\/1cb58f0792ef226d6d409b73059515e0","name":"UrbanBiker","image":{"@type":"ImageObject","inLanguage":"fr-FR","@id":"https:\/\/secure.gravatar.com\/avatar\/22838f387878aabd10c8c90196e14f05497ff2fdd7c1267a5f035aa48d9ed396?s=96&d=mm&r=g","url":"https:\/\/secure.gravatar.com\/avatar\/22838f387878aabd10c8c90196e14f05497ff2fdd7c1267a5f035aa48d9ed396?s=96&d=mm&r=g","contentUrl":"https:\/\/secure.gravatar.com\/avatar\/22838f387878aabd10c8c90196e14f05497ff2fdd7c1267a5f035aa48d9ed396?s=96&d=mm&r=g","caption":"UrbanBiker"},"sameAs":["http:\/\/www.urbanbiker.com\/","https:\/\/www.facebook.com\/Urbanbikerbiciselectricas\/","https:\/\/www.linkedin.com\/company\/urbanbiker\/","https:\/\/www.youtube.com\/@UrbanbikerEbikes"]}]}},"_links":{"self":[{"href":"https:\/\/www.urbanbiker.com\/fr\/wp-json\/wp\/v2\/posts\/39059","targetHints":{"allow":["GET"]}}],"collection":[{"href":"https:\/\/www.urbanbiker.com\/fr\/wp-json\/wp\/v2\/posts"}],"about":[{"href":"https:\/\/www.urbanbiker.com\/fr\/wp-json\/wp\/v2\/types\/post"}],"author":[{"embeddable":true,"href":"https:\/\/www.urbanbiker.com\/fr\/wp-json\/wp\/v2\/users\/1"}],"replies":[{"embeddable":true,"href":"https:\/\/www.urbanbiker.com\/fr\/wp-json\/wp\/v2\/comments?post=39059"}],"version-history":[{"count":1,"href":"https:\/\/www.urbanbiker.com\/fr\/wp-json\/wp\/v2\/posts\/39059\/revisions"}],"predecessor-version":[{"id":39060,"href":"https:\/\/www.urbanbiker.com\/fr\/wp-json\/wp\/v2\/posts\/39059\/revisions\/39060"}],"wp:featuredmedia":[{"embeddable":true,"href":"https:\/\/www.urbanbiker.com\/fr\/wp-json\/wp\/v2\/media\/37964"}],"wp:attachment":[{"href":"https:\/\/www.urbanbiker.com\/fr\/wp-json\/wp\/v2\/media?parent=39059"}],"wp:term":[{"taxonomy":"category","embeddable":true,"href":"https:\/\/www.urbanbiker.com\/fr\/wp-json\/wp\/v2\/categories?post=39059"},{"taxonomy":"post_tag","embeddable":true,"href":"https:\/\/www.urbanbiker.com\/fr\/wp-json\/wp\/v2\/tags?post=39059"}],"curies":[{"name":"wp","href":"https:\/\/api.w.org\/{rel}","templated":true}]}}