{"id":35610,"date":"2024-11-08T15:51:27","date_gmt":"2024-11-08T14:51:27","guid":{"rendered":"https:\/\/www.urbanbiker.com\/lentreprise-et-luniversite-une-alliance-necessaire\/"},"modified":"2025-03-13T10:59:05","modified_gmt":"2025-03-13T09:59:05","slug":"lentreprise-et-luniversite-une-alliance-necessaire","status":"publish","type":"post","link":"https:\/\/www.urbanbiker.com\/fr\/lentreprise-et-luniversite-une-alliance-necessaire\/","title":{"rendered":"L&rsquo;entreprise et l&rsquo;universit\u00e9, une alliance n\u00e9cessaire"},"content":{"rendered":"<p>Nous collaborons avec l&rsquo;<strong>universit\u00e9<\/strong> parce que nous pensons qu&rsquo;il nous incombe de jeter des ponts entre l&rsquo;\u00e9cole et la r\u00e9alit\u00e9 de l&rsquo;<strong>entreprise<\/strong> et qu&rsquo;il est important d&rsquo;y consacrer du temps et des ressources. C&rsquo;est pourquoi nous avons eu le plaisir de participer au IIIe Hackathon idea T organis\u00e9 par la Facult\u00e9 des CCEE de l&rsquo;Universit\u00e9 de Le\u00f3n et la Fgulem. Nous avons pr\u00e9sent\u00e9 UrbanBiker, ainsi que d&rsquo;autres entreprises de Le\u00f3n, \u00e0 un bon nombre d&rsquo;\u00e9tudiants de premi\u00e8re ann\u00e9e (un peu plus d&rsquo;une centaine de jeunes \u00e9tudiants) qui attendaient avec impatience le d\u00e9veloppement d&rsquo;un samedi tout \u00e0 fait diff\u00e9rent de l&rsquo;ordinaire. R\u00e9unis en petits groupes, nous leur avons lanc\u00e9 un d\u00e9fi qu&rsquo;ils ont relev\u00e9 avec enthousiasme : \u00ab\u00a0Une communication et une exp\u00e9rience efficaces pour un public de plus de 60 ans\u00a0\u00bb.   <\/p>\n<blockquote class=\"wp-block-quote\"><p>Nous sommes ce que nous donnons. Culture UrbanBiker. <\/p><\/blockquote>\n<p><!-- \/wp:post-content --><\/p>\n<p><!-- wp:paragraph --><\/p>\n<p>Tout au long de la matin\u00e9e, ils se sont creus\u00e9 les m\u00e9ninges pour lancer une strat\u00e9gie de communication vers une cible tr\u00e8s \u00e9loign\u00e9e de leur monde, avec un produit inconnu pour la plupart d&rsquo;entre eux et avec le temps qui passe. Tout cela dans la belle salle de la facult\u00e9, anim\u00e9e par de la musique et un excellent service de restauration. Nous sommes convaincus que ces actions contribuent \u00e0 responsabiliser les \u00e9tudiants et \u00e0 rendre au syst\u00e8me \u00e9ducatif une partie de ce qu&rsquo;il nous a donn\u00e9 en son temps, en nous faisant participer \u00e0 l&rsquo;\u00e9volution de la soci\u00e9t\u00e9. Professionnels et proches. Partager les connaissances, c&rsquo;est grandir, se d\u00e9velopper et s&rsquo;am\u00e9liorer. Et apprendre. Parce que nous pouvons apprendre beaucoup des \u00e9tudiants. Et cela nous reviendra, ainsi qu&rsquo;au reste de la soci\u00e9t\u00e9, dans un fantastique effet boomerang.       <\/p>\n","protected":false},"excerpt":{"rendered":"<p>Nous collaborons avec l&rsquo;universit\u00e9 parce que nous pensons qu&rsquo;il nous incombe de jeter des ponts entre l&rsquo;\u00e9cole et la r\u00e9alit\u00e9 de l&rsquo;entreprise et qu&rsquo;il est important d&rsquo;y consacrer du temps et des ressources. C&rsquo;est pourquoi nous avons eu le plaisir de participer au IIIe Hackathon idea T organis\u00e9 par la Facult\u00e9 des CCEE de l&rsquo;Universit\u00e9 [&hellip;]<\/p>\n","protected":false},"author":1,"featured_media":34941,"comment_status":"open","ping_status":"open","sticky":false,"template":"","format":"standard","meta":{"footnotes":""},"categories":[290],"tags":[],"class_list":["post-35610","post","type-post","status-publish","format-standard","has-post-thumbnail","hentry","category-actualites"],"yoast_head":"<!-- This site is optimized with the Yoast SEO plugin v27.5 - https:\/\/yoast.com\/product\/yoast-seo-wordpress\/ -->\n<title>L&#039;entreprise et l&#039;universit\u00e9, une alliance n\u00e9cessaire UrbanBiker<\/title>\n<meta name=\"description\" content=\"Nous collaborons avec l&#039;universit\u00e9, car nous pensons qu&#039;il est de notre responsabilit\u00e9 de jeter des ponts entre l&#039;\u00e9cole et le monde de l&#039;entreprise...\" \/>\n<meta name=\"robots\" content=\"index, follow, max-snippet:-1, max-image-preview:large, max-video-preview:-1\" \/>\n<link rel=\"canonical\" href=\"https:\/\/www.urbanbiker.com\/fr\/lentreprise-et-luniversite-une-alliance-necessaire\/\" \/>\n<meta property=\"og:locale\" content=\"fr_FR\" \/>\n<meta property=\"og:type\" content=\"article\" \/>\n<meta property=\"og:title\" content=\"L&#039;entreprise et l&#039;universit\u00e9, une alliance n\u00e9cessaire UrbanBiker\" \/>\n<meta property=\"og:description\" content=\"Nous collaborons avec l&#039;universit\u00e9, car nous pensons qu&#039;il est de notre responsabilit\u00e9 de jeter des ponts entre l&#039;\u00e9cole et le monde de l&#039;entreprise...\" \/>\n<meta property=\"og:url\" content=\"https:\/\/www.urbanbiker.com\/fr\/lentreprise-et-luniversite-une-alliance-necessaire\/\" \/>\n<meta property=\"og:site_name\" content=\"UrbanBiker\" \/>\n<meta property=\"article:publisher\" content=\"https:\/\/www.facebook.com\/Urbanbikerbiciselectricas\" \/>\n<meta property=\"article:author\" content=\"https:\/\/www.facebook.com\/Urbanbikerbiciselectricas\/\" \/>\n<meta property=\"article:published_time\" content=\"2024-11-08T14:51:27+00:00\" \/>\n<meta property=\"article:modified_time\" content=\"2025-03-13T09:59:05+00:00\" \/>\n<meta property=\"og:image\" content=\"https:\/\/www.urbanbiker.com\/wp-content\/uploads\/2024\/11\/Empresa-y-Universidad-UrbanBiker.jpg\" \/>\n\t<meta property=\"og:image:width\" content=\"1200\" \/>\n\t<meta property=\"og:image:height\" content=\"900\" \/>\n\t<meta property=\"og:image:type\" content=\"image\/jpeg\" \/>\n<meta name=\"author\" content=\"UrbanBiker\" \/>\n<meta name=\"twitter:card\" content=\"summary_large_image\" \/>\n<meta name=\"twitter:label1\" content=\"\u00c9crit par\" \/>\n\t<meta name=\"twitter:data1\" content=\"UrbanBiker\" \/>\n\t<meta name=\"twitter:label2\" content=\"Dur\u00e9e de lecture estim\u00e9e\" \/>\n\t<meta name=\"twitter:data2\" content=\"1 minute\" \/>\n<script type=\"application\/ld+json\" class=\"yoast-schema-graph\">{\"@context\":\"https:\\\/\\\/schema.org\",\"@graph\":[{\"@type\":\"Article\",\"@id\":\"https:\\\/\\\/www.urbanbiker.com\\\/fr\\\/lentreprise-et-luniversite-une-alliance-necessaire\\\/#article\",\"isPartOf\":{\"@id\":\"https:\\\/\\\/www.urbanbiker.com\\\/fr\\\/lentreprise-et-luniversite-une-alliance-necessaire\\\/\"},\"author\":{\"name\":\"UrbanBiker\",\"@id\":\"https:\\\/\\\/www.urbanbiker.com\\\/fr\\\/#\\\/schema\\\/person\\\/1cb58f0792ef226d6d409b73059515e0\"},\"headline\":\"L&rsquo;entreprise et l&rsquo;universit\u00e9, une alliance n\u00e9cessaire\",\"datePublished\":\"2024-11-08T14:51:27+00:00\",\"dateModified\":\"2025-03-13T09:59:05+00:00\",\"mainEntityOfPage\":{\"@id\":\"https:\\\/\\\/www.urbanbiker.com\\\/fr\\\/lentreprise-et-luniversite-une-alliance-necessaire\\\/\"},\"wordCount\":317,\"commentCount\":0,\"publisher\":{\"@id\":\"https:\\\/\\\/www.urbanbiker.com\\\/fr\\\/#organization\"},\"image\":{\"@id\":\"https:\\\/\\\/www.urbanbiker.com\\\/fr\\\/lentreprise-et-luniversite-une-alliance-necessaire\\\/#primaryimage\"},\"thumbnailUrl\":\"https:\\\/\\\/www.urbanbiker.com\\\/wp-content\\\/uploads\\\/2024\\\/11\\\/Empresa-y-Universidad-UrbanBiker.jpg\",\"articleSection\":[\"Actualit\u00e9s\"],\"inLanguage\":\"fr-FR\",\"potentialAction\":[{\"@type\":\"CommentAction\",\"name\":\"Comment\",\"target\":[\"https:\\\/\\\/www.urbanbiker.com\\\/fr\\\/lentreprise-et-luniversite-une-alliance-necessaire\\\/#respond\"]}]},{\"@type\":\"WebPage\",\"@id\":\"https:\\\/\\\/www.urbanbiker.com\\\/fr\\\/lentreprise-et-luniversite-une-alliance-necessaire\\\/\",\"url\":\"https:\\\/\\\/www.urbanbiker.com\\\/fr\\\/lentreprise-et-luniversite-une-alliance-necessaire\\\/\",\"name\":\"L'entreprise et l'universit\u00e9, une alliance n\u00e9cessaire UrbanBiker\",\"isPartOf\":{\"@id\":\"https:\\\/\\\/www.urbanbiker.com\\\/fr\\\/#website\"},\"primaryImageOfPage\":{\"@id\":\"https:\\\/\\\/www.urbanbiker.com\\\/fr\\\/lentreprise-et-luniversite-une-alliance-necessaire\\\/#primaryimage\"},\"image\":{\"@id\":\"https:\\\/\\\/www.urbanbiker.com\\\/fr\\\/lentreprise-et-luniversite-une-alliance-necessaire\\\/#primaryimage\"},\"thumbnailUrl\":\"https:\\\/\\\/www.urbanbiker.com\\\/wp-content\\\/uploads\\\/2024\\\/11\\\/Empresa-y-Universidad-UrbanBiker.jpg\",\"datePublished\":\"2024-11-08T14:51:27+00:00\",\"dateModified\":\"2025-03-13T09:59:05+00:00\",\"description\":\"Nous collaborons avec l'universit\u00e9, car nous pensons qu'il est de notre responsabilit\u00e9 de jeter des ponts entre l'\u00e9cole et le monde de l'entreprise...\",\"breadcrumb\":{\"@id\":\"https:\\\/\\\/www.urbanbiker.com\\\/fr\\\/lentreprise-et-luniversite-une-alliance-necessaire\\\/#breadcrumb\"},\"inLanguage\":\"fr-FR\",\"potentialAction\":[{\"@type\":\"ReadAction\",\"target\":[\"https:\\\/\\\/www.urbanbiker.com\\\/fr\\\/lentreprise-et-luniversite-une-alliance-necessaire\\\/\"]}]},{\"@type\":\"ImageObject\",\"inLanguage\":\"fr-FR\",\"@id\":\"https:\\\/\\\/www.urbanbiker.com\\\/fr\\\/lentreprise-et-luniversite-une-alliance-necessaire\\\/#primaryimage\",\"url\":\"https:\\\/\\\/www.urbanbiker.com\\\/wp-content\\\/uploads\\\/2024\\\/11\\\/Empresa-y-Universidad-UrbanBiker.jpg\",\"contentUrl\":\"https:\\\/\\\/www.urbanbiker.com\\\/wp-content\\\/uploads\\\/2024\\\/11\\\/Empresa-y-Universidad-UrbanBiker.jpg\",\"width\":1200,\"height\":900},{\"@type\":\"BreadcrumbList\",\"@id\":\"https:\\\/\\\/www.urbanbiker.com\\\/fr\\\/lentreprise-et-luniversite-une-alliance-necessaire\\\/#breadcrumb\",\"itemListElement\":[{\"@type\":\"ListItem\",\"position\":1,\"name\":\"Portada\",\"item\":\"https:\\\/\\\/www.urbanbiker.com\\\/fr\\\/\"},{\"@type\":\"ListItem\",\"position\":2,\"name\":\"L&rsquo;entreprise et l&rsquo;universit\u00e9, une alliance n\u00e9cessaire\"}]},{\"@type\":\"WebSite\",\"@id\":\"https:\\\/\\\/www.urbanbiker.com\\\/fr\\\/#website\",\"url\":\"https:\\\/\\\/www.urbanbiker.com\\\/fr\\\/\",\"name\":\"UrbanBiker\",\"description\":\"V\u00e9los \u00e9lectriques\",\"publisher\":{\"@id\":\"https:\\\/\\\/www.urbanbiker.com\\\/fr\\\/#organization\"},\"potentialAction\":[{\"@type\":\"SearchAction\",\"target\":{\"@type\":\"EntryPoint\",\"urlTemplate\":\"https:\\\/\\\/www.urbanbiker.com\\\/fr\\\/?s={search_term_string}\"},\"query-input\":{\"@type\":\"PropertyValueSpecification\",\"valueRequired\":true,\"valueName\":\"search_term_string\"}}],\"inLanguage\":\"fr-FR\"},{\"@type\":\"Organization\",\"@id\":\"https:\\\/\\\/www.urbanbiker.com\\\/fr\\\/#organization\",\"name\":\"UrbanBiker\",\"url\":\"https:\\\/\\\/www.urbanbiker.com\\\/fr\\\/\",\"logo\":{\"@type\":\"ImageObject\",\"inLanguage\":\"fr-FR\",\"@id\":\"https:\\\/\\\/www.urbanbiker.com\\\/fr\\\/#\\\/schema\\\/logo\\\/image\\\/\",\"url\":\"https:\\\/\\\/www.urbanbiker.com\\\/wp-content\\\/uploads\\\/2022\\\/09\\\/Logo-principal-sin-fondo.png\",\"contentUrl\":\"https:\\\/\\\/www.urbanbiker.com\\\/wp-content\\\/uploads\\\/2022\\\/09\\\/Logo-principal-sin-fondo.png\",\"width\":2560,\"height\":934,\"caption\":\"UrbanBiker\"},\"image\":{\"@id\":\"https:\\\/\\\/www.urbanbiker.com\\\/fr\\\/#\\\/schema\\\/logo\\\/image\\\/\"},\"sameAs\":[\"https:\\\/\\\/www.facebook.com\\\/Urbanbikerbiciselectricas\",\"https:\\\/\\\/www.instagram.com\\\/urbanbiker_\\\/\",\"https:\\\/\\\/www.linkedin.com\\\/company\\\/2454235\",\"https:\\\/\\\/www.youtube.com\\\/channel\\\/UCWR__uH_RWJF-OhPfz-9-Qw\"]},{\"@type\":\"Person\",\"@id\":\"https:\\\/\\\/www.urbanbiker.com\\\/fr\\\/#\\\/schema\\\/person\\\/1cb58f0792ef226d6d409b73059515e0\",\"name\":\"UrbanBiker\",\"image\":{\"@type\":\"ImageObject\",\"inLanguage\":\"fr-FR\",\"@id\":\"https:\\\/\\\/secure.gravatar.com\\\/avatar\\\/22838f387878aabd10c8c90196e14f05497ff2fdd7c1267a5f035aa48d9ed396?s=96&d=mm&r=g\",\"url\":\"https:\\\/\\\/secure.gravatar.com\\\/avatar\\\/22838f387878aabd10c8c90196e14f05497ff2fdd7c1267a5f035aa48d9ed396?s=96&d=mm&r=g\",\"contentUrl\":\"https:\\\/\\\/secure.gravatar.com\\\/avatar\\\/22838f387878aabd10c8c90196e14f05497ff2fdd7c1267a5f035aa48d9ed396?s=96&d=mm&r=g\",\"caption\":\"UrbanBiker\"},\"sameAs\":[\"http:\\\/\\\/www.urbanbiker.com\\\/\",\"https:\\\/\\\/www.facebook.com\\\/Urbanbikerbiciselectricas\\\/\",\"https:\\\/\\\/www.linkedin.com\\\/company\\\/urbanbiker\\\/\",\"https:\\\/\\\/www.youtube.com\\\/@UrbanbikerEbikes\"]}]}<\/script>\n<!-- \/ Yoast SEO plugin. -->","yoast_head_json":{"title":"L'entreprise et l'universit\u00e9, une alliance n\u00e9cessaire UrbanBiker","description":"Nous collaborons avec l'universit\u00e9, car nous pensons qu'il est de notre responsabilit\u00e9 de jeter des ponts entre l'\u00e9cole et le monde de l'entreprise...","robots":{"index":"index","follow":"follow","max-snippet":"max-snippet:-1","max-image-preview":"max-image-preview:large","max-video-preview":"max-video-preview:-1"},"canonical":"https:\/\/www.urbanbiker.com\/fr\/lentreprise-et-luniversite-une-alliance-necessaire\/","og_locale":"fr_FR","og_type":"article","og_title":"L'entreprise et l'universit\u00e9, une alliance n\u00e9cessaire UrbanBiker","og_description":"Nous collaborons avec l'universit\u00e9, car nous pensons qu'il est de notre responsabilit\u00e9 de jeter des ponts entre l'\u00e9cole et le monde de l'entreprise...","og_url":"https:\/\/www.urbanbiker.com\/fr\/lentreprise-et-luniversite-une-alliance-necessaire\/","og_site_name":"UrbanBiker","article_publisher":"https:\/\/www.facebook.com\/Urbanbikerbiciselectricas","article_author":"https:\/\/www.facebook.com\/Urbanbikerbiciselectricas\/","article_published_time":"2024-11-08T14:51:27+00:00","article_modified_time":"2025-03-13T09:59:05+00:00","og_image":[{"width":1200,"height":900,"url":"https:\/\/www.urbanbiker.com\/wp-content\/uploads\/2024\/11\/Empresa-y-Universidad-UrbanBiker.jpg","type":"image\/jpeg"}],"author":"UrbanBiker","twitter_card":"summary_large_image","twitter_misc":{"\u00c9crit par":"UrbanBiker","Dur\u00e9e de lecture estim\u00e9e":"1 minute"},"schema":{"@context":"https:\/\/schema.org","@graph":[{"@type":"Article","@id":"https:\/\/www.urbanbiker.com\/fr\/lentreprise-et-luniversite-une-alliance-necessaire\/#article","isPartOf":{"@id":"https:\/\/www.urbanbiker.com\/fr\/lentreprise-et-luniversite-une-alliance-necessaire\/"},"author":{"name":"UrbanBiker","@id":"https:\/\/www.urbanbiker.com\/fr\/#\/schema\/person\/1cb58f0792ef226d6d409b73059515e0"},"headline":"L&rsquo;entreprise et l&rsquo;universit\u00e9, une alliance n\u00e9cessaire","datePublished":"2024-11-08T14:51:27+00:00","dateModified":"2025-03-13T09:59:05+00:00","mainEntityOfPage":{"@id":"https:\/\/www.urbanbiker.com\/fr\/lentreprise-et-luniversite-une-alliance-necessaire\/"},"wordCount":317,"commentCount":0,"publisher":{"@id":"https:\/\/www.urbanbiker.com\/fr\/#organization"},"image":{"@id":"https:\/\/www.urbanbiker.com\/fr\/lentreprise-et-luniversite-une-alliance-necessaire\/#primaryimage"},"thumbnailUrl":"https:\/\/www.urbanbiker.com\/wp-content\/uploads\/2024\/11\/Empresa-y-Universidad-UrbanBiker.jpg","articleSection":["Actualit\u00e9s"],"inLanguage":"fr-FR","potentialAction":[{"@type":"CommentAction","name":"Comment","target":["https:\/\/www.urbanbiker.com\/fr\/lentreprise-et-luniversite-une-alliance-necessaire\/#respond"]}]},{"@type":"WebPage","@id":"https:\/\/www.urbanbiker.com\/fr\/lentreprise-et-luniversite-une-alliance-necessaire\/","url":"https:\/\/www.urbanbiker.com\/fr\/lentreprise-et-luniversite-une-alliance-necessaire\/","name":"L'entreprise et l'universit\u00e9, une alliance n\u00e9cessaire UrbanBiker","isPartOf":{"@id":"https:\/\/www.urbanbiker.com\/fr\/#website"},"primaryImageOfPage":{"@id":"https:\/\/www.urbanbiker.com\/fr\/lentreprise-et-luniversite-une-alliance-necessaire\/#primaryimage"},"image":{"@id":"https:\/\/www.urbanbiker.com\/fr\/lentreprise-et-luniversite-une-alliance-necessaire\/#primaryimage"},"thumbnailUrl":"https:\/\/www.urbanbiker.com\/wp-content\/uploads\/2024\/11\/Empresa-y-Universidad-UrbanBiker.jpg","datePublished":"2024-11-08T14:51:27+00:00","dateModified":"2025-03-13T09:59:05+00:00","description":"Nous collaborons avec l'universit\u00e9, car nous pensons qu'il est de notre responsabilit\u00e9 de jeter des ponts entre l'\u00e9cole et le monde de l'entreprise...","breadcrumb":{"@id":"https:\/\/www.urbanbiker.com\/fr\/lentreprise-et-luniversite-une-alliance-necessaire\/#breadcrumb"},"inLanguage":"fr-FR","potentialAction":[{"@type":"ReadAction","target":["https:\/\/www.urbanbiker.com\/fr\/lentreprise-et-luniversite-une-alliance-necessaire\/"]}]},{"@type":"ImageObject","inLanguage":"fr-FR","@id":"https:\/\/www.urbanbiker.com\/fr\/lentreprise-et-luniversite-une-alliance-necessaire\/#primaryimage","url":"https:\/\/www.urbanbiker.com\/wp-content\/uploads\/2024\/11\/Empresa-y-Universidad-UrbanBiker.jpg","contentUrl":"https:\/\/www.urbanbiker.com\/wp-content\/uploads\/2024\/11\/Empresa-y-Universidad-UrbanBiker.jpg","width":1200,"height":900},{"@type":"BreadcrumbList","@id":"https:\/\/www.urbanbiker.com\/fr\/lentreprise-et-luniversite-une-alliance-necessaire\/#breadcrumb","itemListElement":[{"@type":"ListItem","position":1,"name":"Portada","item":"https:\/\/www.urbanbiker.com\/fr\/"},{"@type":"ListItem","position":2,"name":"L&rsquo;entreprise et l&rsquo;universit\u00e9, une alliance n\u00e9cessaire"}]},{"@type":"WebSite","@id":"https:\/\/www.urbanbiker.com\/fr\/#website","url":"https:\/\/www.urbanbiker.com\/fr\/","name":"UrbanBiker","description":"V\u00e9los \u00e9lectriques","publisher":{"@id":"https:\/\/www.urbanbiker.com\/fr\/#organization"},"potentialAction":[{"@type":"SearchAction","target":{"@type":"EntryPoint","urlTemplate":"https:\/\/www.urbanbiker.com\/fr\/?s={search_term_string}"},"query-input":{"@type":"PropertyValueSpecification","valueRequired":true,"valueName":"search_term_string"}}],"inLanguage":"fr-FR"},{"@type":"Organization","@id":"https:\/\/www.urbanbiker.com\/fr\/#organization","name":"UrbanBiker","url":"https:\/\/www.urbanbiker.com\/fr\/","logo":{"@type":"ImageObject","inLanguage":"fr-FR","@id":"https:\/\/www.urbanbiker.com\/fr\/#\/schema\/logo\/image\/","url":"https:\/\/www.urbanbiker.com\/wp-content\/uploads\/2022\/09\/Logo-principal-sin-fondo.png","contentUrl":"https:\/\/www.urbanbiker.com\/wp-content\/uploads\/2022\/09\/Logo-principal-sin-fondo.png","width":2560,"height":934,"caption":"UrbanBiker"},"image":{"@id":"https:\/\/www.urbanbiker.com\/fr\/#\/schema\/logo\/image\/"},"sameAs":["https:\/\/www.facebook.com\/Urbanbikerbiciselectricas","https:\/\/www.instagram.com\/urbanbiker_\/","https:\/\/www.linkedin.com\/company\/2454235","https:\/\/www.youtube.com\/channel\/UCWR__uH_RWJF-OhPfz-9-Qw"]},{"@type":"Person","@id":"https:\/\/www.urbanbiker.com\/fr\/#\/schema\/person\/1cb58f0792ef226d6d409b73059515e0","name":"UrbanBiker","image":{"@type":"ImageObject","inLanguage":"fr-FR","@id":"https:\/\/secure.gravatar.com\/avatar\/22838f387878aabd10c8c90196e14f05497ff2fdd7c1267a5f035aa48d9ed396?s=96&d=mm&r=g","url":"https:\/\/secure.gravatar.com\/avatar\/22838f387878aabd10c8c90196e14f05497ff2fdd7c1267a5f035aa48d9ed396?s=96&d=mm&r=g","contentUrl":"https:\/\/secure.gravatar.com\/avatar\/22838f387878aabd10c8c90196e14f05497ff2fdd7c1267a5f035aa48d9ed396?s=96&d=mm&r=g","caption":"UrbanBiker"},"sameAs":["http:\/\/www.urbanbiker.com\/","https:\/\/www.facebook.com\/Urbanbikerbiciselectricas\/","https:\/\/www.linkedin.com\/company\/urbanbiker\/","https:\/\/www.youtube.com\/@UrbanbikerEbikes"]}]}},"_links":{"self":[{"href":"https:\/\/www.urbanbiker.com\/fr\/wp-json\/wp\/v2\/posts\/35610","targetHints":{"allow":["GET"]}}],"collection":[{"href":"https:\/\/www.urbanbiker.com\/fr\/wp-json\/wp\/v2\/posts"}],"about":[{"href":"https:\/\/www.urbanbiker.com\/fr\/wp-json\/wp\/v2\/types\/post"}],"author":[{"embeddable":true,"href":"https:\/\/www.urbanbiker.com\/fr\/wp-json\/wp\/v2\/users\/1"}],"replies":[{"embeddable":true,"href":"https:\/\/www.urbanbiker.com\/fr\/wp-json\/wp\/v2\/comments?post=35610"}],"version-history":[{"count":5,"href":"https:\/\/www.urbanbiker.com\/fr\/wp-json\/wp\/v2\/posts\/35610\/revisions"}],"predecessor-version":[{"id":38226,"href":"https:\/\/www.urbanbiker.com\/fr\/wp-json\/wp\/v2\/posts\/35610\/revisions\/38226"}],"wp:featuredmedia":[{"embeddable":true,"href":"https:\/\/www.urbanbiker.com\/fr\/wp-json\/wp\/v2\/media\/34941"}],"wp:attachment":[{"href":"https:\/\/www.urbanbiker.com\/fr\/wp-json\/wp\/v2\/media?parent=35610"}],"wp:term":[{"taxonomy":"category","embeddable":true,"href":"https:\/\/www.urbanbiker.com\/fr\/wp-json\/wp\/v2\/categories?post=35610"},{"taxonomy":"post_tag","embeddable":true,"href":"https:\/\/www.urbanbiker.com\/fr\/wp-json\/wp\/v2\/tags?post=35610"}],"curies":[{"name":"wp","href":"https:\/\/api.w.org\/{rel}","templated":true}]}}