{"id":35429,"date":"2023-02-21T03:32:31","date_gmt":"2023-02-21T02:32:31","guid":{"rendered":"https:\/\/www.urbanbiker.com\/quest-ce-que-le-mode-marche-sur-un-velo-electrique\/"},"modified":"2025-04-29T15:41:07","modified_gmt":"2025-04-29T13:41:07","slug":"quest-ce-que-le-mode-marche-sur-un-velo-electrique","status":"publish","type":"post","link":"https:\/\/www.urbanbiker.com\/fr\/quest-ce-que-le-mode-marche-sur-un-velo-electrique\/","title":{"rendered":"Qu&rsquo;est-ce que le mode marche sur un v\u00e9lo \u00e9lectrique ?"},"content":{"rendered":"\r\n<p>De nombreuses personnes se demandent ce qu&rsquo;est le<strong>\u00ab\u00a0mode marche<\/strong>\u00a0\u00bb d&rsquo;un v\u00e9lo \u00e9lectrique. La premi\u00e8re chose \u00e0 savoir est que tous les <strong>v\u00e9los \u00e9lectriques<\/strong> int\u00e8grent un<strong>\u00ab\u00a0mode marche<\/strong>\u00a0\u00bb ou commun\u00e9ment appel\u00e9 \u00ab\u00a0mode marche\u00a0\u00bb. Ce mode <strong>est<\/strong> normalement <strong>activ\u00e9 \u00e0 partir du guidon en appuyant sur le bouton Walk<\/strong> et, pour certaines marques comme UBK Systems, en <strong>appuyant sur le bouton \u00ab\u00a0&#8211;\u00a0\u00bb <\/strong><strong>pendant au moins 2 secondes sans interruption.<\/strong><\/p>\r\n\r\n\r\n\r\n<blockquote class=\"is-layout-flow wp-block-quote-is-layout-flow\">\r\n<p>Il est important de savoir qu&rsquo;une fois ce bouton rel\u00e2ch\u00e9, le<strong>\u00ab\u00a0mode marche<\/strong>\u00a0\u00bb cesse de fonctionner. Ceci est d\u00fb \u00e0 ses deux fonctionnalit\u00e9s.<\/p>\r\n\r\n\r\n\r\n<p>Savez-vous vraiment quelles sont les deux fonctionnalit\u00e9s de ce mode sur un v\u00e9lo \u00e9lectrique ?<\/p>\r\n<ul>\r\n<li>\r\n<p>Le mode marche aide \u00e0 d\u00e9placer le v\u00e9lo lorsque nous nous retrouvons sur une mont\u00e9e, en cas de perte de traction. De plus: il permet de prendre un peu d&rsquo;\u00e9lan avant de commencer \u00e0 p\u00e9daler.<\/p>\r\n<\/li>\r\n<li>\r\n<p>Le mode marche nous aide \u00e9galement \u00e0 d\u00e9placer le v\u00e9lo \u00e9lectrique lorsque nous en descendons et que nous devons le pousser pour monter une grande c\u00f4te. Ou simplement lorsque nous nous promenons avec quelqu\u2019un, \u00e0 c\u00f4t\u00e9 du v\u00e9lo, et que nous ne voulons pas avoir \u00e0 la tirer. Il faut garder \u00e0 l&rsquo;esprit qu&rsquo;un v\u00e9lo \u00e9lectrique, avec sa batterie, p\u00e8se g\u00e9n\u00e9ralement autour de 20 \u00e0 25 kg, et ce mode est vraiment utile dans ces situations.<\/p>\r\n<\/li>\r\n<\/ul>\r\n<p>Il est important de savoir qu&rsquo;une fois ce bouton rel\u00e2ch\u00e9, le<strong>\u00ab\u00a0mode marche<\/strong>\u00a0\u00bb cesse de fonctionner. Ceci est d\u00fb \u00e0 ses deux fonctionnalit\u00e9s.<\/p>\r\n<p>Le mode marche nous aidera \u00e0 d\u00e9placer le v\u00e9lo au moment o\u00f9 nous sommes bloqu\u00e9s sur une pente ascendante en raison d&rsquo;une perte d&rsquo;adh\u00e9rence. Autre astuce : prendre de l&rsquo;\u00e9lan avant de commencer \u00e0 p\u00e9daler. Cela nous aidera \u00e9galement \u00e0 d\u00e9placer le v\u00e9lo \u00e9lectrique lorsque nous descendons du v\u00e9lo \u00e9lectrique et que nous devons le d\u00e9placer dans une grande colline. Ou simplement lorsque nous partons en balade avec quelqu&rsquo;un, que nous descendons du v\u00e9lo et que nous ne voulons pas le tirer. Gardez \u00e0 l&rsquo;esprit qu&rsquo;un v\u00e9lo \u00e9lectrique, avec sa batterie, p\u00e8se g\u00e9n\u00e9ralement entre 20 et 25 kilos, et que ce mode est tr\u00e8s utile.<\/p>\r\n<\/blockquote>","protected":false},"excerpt":{"rendered":"<p>Vestibulum eu quam nec neque pellentesque efficitur id eget nisl. Le port de la robe est un lieu de passage, mais il n&rsquo;y a pas de place pour les autres. Maecenas lacinia non orci at aliquam. Donec finibus, urna bibendum ultricies laoreet, augue eros luctus sapien, ut euismod leo tortor ac enim. In hac habitasse platea dictumst. Sed cursus venenatis tellus, non lobortis diam volutpat sit amet.     <\/p>\n","protected":false},"author":1,"featured_media":34809,"comment_status":"open","ping_status":"open","sticky":false,"template":"","format":"standard","meta":{"footnotes":""},"categories":[290,289],"tags":[],"class_list":["post-35429","post","type-post","status-publish","format-standard","has-post-thumbnail","hentry","category-actualites","category-conseil"],"yoast_head":"<!-- This site is optimized with the Yoast SEO plugin v27.5 - https:\/\/yoast.com\/product\/yoast-seo-wordpress\/ -->\n<title>Qu&#039;est-ce que le mode marche sur un v\u00e9lo \u00e9lectrique ? | Ebike Tips<\/title>\n<meta name=\"description\" content=\"Qu&#039;est-ce que le mode marche sur un v\u00e9lo \u00e9lectrique. Conseils et utilisation de ce syst\u00e8me que presque tous les v\u00e9los \u00e9lectriques int\u00e8grent.\" \/>\n<meta name=\"robots\" content=\"noindex, follow\" \/>\n<meta property=\"og:locale\" content=\"fr_FR\" \/>\n<meta property=\"og:type\" content=\"article\" \/>\n<meta property=\"og:title\" content=\"Qu&#039;est-ce que le mode marche sur un v\u00e9lo \u00e9lectrique ? | Ebike Tips\" \/>\n<meta property=\"og:description\" content=\"Qu&#039;est-ce que le mode marche sur un v\u00e9lo \u00e9lectrique. Conseils et utilisation de ce syst\u00e8me que presque tous les v\u00e9los \u00e9lectriques int\u00e8grent.\" \/>\n<meta property=\"og:url\" content=\"https:\/\/www.urbanbiker.com\/fr\/quest-ce-que-le-mode-marche-sur-un-velo-electrique\/\" \/>\n<meta property=\"og:site_name\" content=\"UrbanBiker\" \/>\n<meta property=\"article:publisher\" content=\"https:\/\/www.facebook.com\/Urbanbikerbiciselectricas\" \/>\n<meta property=\"article:author\" content=\"https:\/\/www.facebook.com\/Urbanbikerbiciselectricas\/\" \/>\n<meta property=\"article:published_time\" content=\"2023-02-21T02:32:31+00:00\" \/>\n<meta property=\"article:modified_time\" content=\"2025-04-29T13:41:07+00:00\" \/>\n<meta property=\"og:image\" content=\"https:\/\/www.urbanbiker.com\/wp-content\/uploads\/2023\/03\/Urbanbiker-display-ub-2.png\" \/>\n\t<meta property=\"og:image:width\" content=\"463\" \/>\n\t<meta property=\"og:image:height\" content=\"463\" \/>\n\t<meta property=\"og:image:type\" content=\"image\/png\" \/>\n<meta name=\"author\" content=\"UrbanBiker\" \/>\n<meta name=\"twitter:card\" content=\"summary_large_image\" \/>\n<meta name=\"twitter:label1\" content=\"\u00c9crit par\" \/>\n\t<meta name=\"twitter:data1\" content=\"UrbanBiker\" \/>\n\t<meta name=\"twitter:label2\" content=\"Dur\u00e9e de lecture estim\u00e9e\" \/>\n\t<meta name=\"twitter:data2\" content=\"1 minute\" \/>\n<script type=\"application\/ld+json\" class=\"yoast-schema-graph\">{\"@context\":\"https:\\\/\\\/schema.org\",\"@graph\":[{\"@type\":\"Article\",\"@id\":\"https:\\\/\\\/www.urbanbiker.com\\\/fr\\\/quest-ce-que-le-mode-marche-sur-un-velo-electrique\\\/#article\",\"isPartOf\":{\"@id\":\"https:\\\/\\\/www.urbanbiker.com\\\/fr\\\/quest-ce-que-le-mode-marche-sur-un-velo-electrique\\\/\"},\"author\":{\"name\":\"UrbanBiker\",\"@id\":\"https:\\\/\\\/www.urbanbiker.com\\\/fr\\\/#\\\/schema\\\/person\\\/1cb58f0792ef226d6d409b73059515e0\"},\"headline\":\"Qu&rsquo;est-ce que le mode marche sur un v\u00e9lo \u00e9lectrique ?\",\"datePublished\":\"2023-02-21T02:32:31+00:00\",\"dateModified\":\"2025-04-29T13:41:07+00:00\",\"mainEntityOfPage\":{\"@id\":\"https:\\\/\\\/www.urbanbiker.com\\\/fr\\\/quest-ce-que-le-mode-marche-sur-un-velo-electrique\\\/\"},\"wordCount\":387,\"commentCount\":0,\"publisher\":{\"@id\":\"https:\\\/\\\/www.urbanbiker.com\\\/fr\\\/#organization\"},\"image\":{\"@id\":\"https:\\\/\\\/www.urbanbiker.com\\\/fr\\\/quest-ce-que-le-mode-marche-sur-un-velo-electrique\\\/#primaryimage\"},\"thumbnailUrl\":\"https:\\\/\\\/www.urbanbiker.com\\\/wp-content\\\/uploads\\\/2023\\\/03\\\/Urbanbiker-display-ub-2.png\",\"articleSection\":[\"Actualit\u00e9s\",\"Conseil\"],\"inLanguage\":\"fr-FR\",\"potentialAction\":[{\"@type\":\"CommentAction\",\"name\":\"Comment\",\"target\":[\"https:\\\/\\\/www.urbanbiker.com\\\/fr\\\/quest-ce-que-le-mode-marche-sur-un-velo-electrique\\\/#respond\"]}]},{\"@type\":\"WebPage\",\"@id\":\"https:\\\/\\\/www.urbanbiker.com\\\/fr\\\/quest-ce-que-le-mode-marche-sur-un-velo-electrique\\\/\",\"url\":\"https:\\\/\\\/www.urbanbiker.com\\\/fr\\\/quest-ce-que-le-mode-marche-sur-un-velo-electrique\\\/\",\"name\":\"Qu'est-ce que le mode marche sur un v\u00e9lo \u00e9lectrique ? | Ebike Tips\",\"isPartOf\":{\"@id\":\"https:\\\/\\\/www.urbanbiker.com\\\/fr\\\/#website\"},\"primaryImageOfPage\":{\"@id\":\"https:\\\/\\\/www.urbanbiker.com\\\/fr\\\/quest-ce-que-le-mode-marche-sur-un-velo-electrique\\\/#primaryimage\"},\"image\":{\"@id\":\"https:\\\/\\\/www.urbanbiker.com\\\/fr\\\/quest-ce-que-le-mode-marche-sur-un-velo-electrique\\\/#primaryimage\"},\"thumbnailUrl\":\"https:\\\/\\\/www.urbanbiker.com\\\/wp-content\\\/uploads\\\/2023\\\/03\\\/Urbanbiker-display-ub-2.png\",\"datePublished\":\"2023-02-21T02:32:31+00:00\",\"dateModified\":\"2025-04-29T13:41:07+00:00\",\"description\":\"Qu'est-ce que le mode marche sur un v\u00e9lo \u00e9lectrique. Conseils et utilisation de ce syst\u00e8me que presque tous les v\u00e9los \u00e9lectriques int\u00e8grent.\",\"breadcrumb\":{\"@id\":\"https:\\\/\\\/www.urbanbiker.com\\\/fr\\\/quest-ce-que-le-mode-marche-sur-un-velo-electrique\\\/#breadcrumb\"},\"inLanguage\":\"fr-FR\",\"potentialAction\":[{\"@type\":\"ReadAction\",\"target\":[\"https:\\\/\\\/www.urbanbiker.com\\\/fr\\\/quest-ce-que-le-mode-marche-sur-un-velo-electrique\\\/\"]}]},{\"@type\":\"ImageObject\",\"inLanguage\":\"fr-FR\",\"@id\":\"https:\\\/\\\/www.urbanbiker.com\\\/fr\\\/quest-ce-que-le-mode-marche-sur-un-velo-electrique\\\/#primaryimage\",\"url\":\"https:\\\/\\\/www.urbanbiker.com\\\/wp-content\\\/uploads\\\/2023\\\/03\\\/Urbanbiker-display-ub-2.png\",\"contentUrl\":\"https:\\\/\\\/www.urbanbiker.com\\\/wp-content\\\/uploads\\\/2023\\\/03\\\/Urbanbiker-display-ub-2.png\",\"width\":463,\"height\":463},{\"@type\":\"BreadcrumbList\",\"@id\":\"https:\\\/\\\/www.urbanbiker.com\\\/fr\\\/quest-ce-que-le-mode-marche-sur-un-velo-electrique\\\/#breadcrumb\",\"itemListElement\":[{\"@type\":\"ListItem\",\"position\":1,\"name\":\"Portada\",\"item\":\"https:\\\/\\\/www.urbanbiker.com\\\/fr\\\/\"},{\"@type\":\"ListItem\",\"position\":2,\"name\":\"Qu&#8217;est-ce que le mode marche sur un v\u00e9lo \u00e9lectrique ?\"}]},{\"@type\":\"WebSite\",\"@id\":\"https:\\\/\\\/www.urbanbiker.com\\\/fr\\\/#website\",\"url\":\"https:\\\/\\\/www.urbanbiker.com\\\/fr\\\/\",\"name\":\"UrbanBiker\",\"description\":\"V\u00e9los \u00e9lectriques\",\"publisher\":{\"@id\":\"https:\\\/\\\/www.urbanbiker.com\\\/fr\\\/#organization\"},\"potentialAction\":[{\"@type\":\"SearchAction\",\"target\":{\"@type\":\"EntryPoint\",\"urlTemplate\":\"https:\\\/\\\/www.urbanbiker.com\\\/fr\\\/?s={search_term_string}\"},\"query-input\":{\"@type\":\"PropertyValueSpecification\",\"valueRequired\":true,\"valueName\":\"search_term_string\"}}],\"inLanguage\":\"fr-FR\"},{\"@type\":\"Organization\",\"@id\":\"https:\\\/\\\/www.urbanbiker.com\\\/fr\\\/#organization\",\"name\":\"UrbanBiker\",\"url\":\"https:\\\/\\\/www.urbanbiker.com\\\/fr\\\/\",\"logo\":{\"@type\":\"ImageObject\",\"inLanguage\":\"fr-FR\",\"@id\":\"https:\\\/\\\/www.urbanbiker.com\\\/fr\\\/#\\\/schema\\\/logo\\\/image\\\/\",\"url\":\"https:\\\/\\\/www.urbanbiker.com\\\/wp-content\\\/uploads\\\/2022\\\/09\\\/Logo-principal-sin-fondo.png\",\"contentUrl\":\"https:\\\/\\\/www.urbanbiker.com\\\/wp-content\\\/uploads\\\/2022\\\/09\\\/Logo-principal-sin-fondo.png\",\"width\":2560,\"height\":934,\"caption\":\"UrbanBiker\"},\"image\":{\"@id\":\"https:\\\/\\\/www.urbanbiker.com\\\/fr\\\/#\\\/schema\\\/logo\\\/image\\\/\"},\"sameAs\":[\"https:\\\/\\\/www.facebook.com\\\/Urbanbikerbiciselectricas\",\"https:\\\/\\\/www.instagram.com\\\/urbanbiker_\\\/\",\"https:\\\/\\\/www.linkedin.com\\\/company\\\/2454235\",\"https:\\\/\\\/www.youtube.com\\\/channel\\\/UCWR__uH_RWJF-OhPfz-9-Qw\"]},{\"@type\":\"Person\",\"@id\":\"https:\\\/\\\/www.urbanbiker.com\\\/fr\\\/#\\\/schema\\\/person\\\/1cb58f0792ef226d6d409b73059515e0\",\"name\":\"UrbanBiker\",\"image\":{\"@type\":\"ImageObject\",\"inLanguage\":\"fr-FR\",\"@id\":\"https:\\\/\\\/secure.gravatar.com\\\/avatar\\\/22838f387878aabd10c8c90196e14f05497ff2fdd7c1267a5f035aa48d9ed396?s=96&d=mm&r=g\",\"url\":\"https:\\\/\\\/secure.gravatar.com\\\/avatar\\\/22838f387878aabd10c8c90196e14f05497ff2fdd7c1267a5f035aa48d9ed396?s=96&d=mm&r=g\",\"contentUrl\":\"https:\\\/\\\/secure.gravatar.com\\\/avatar\\\/22838f387878aabd10c8c90196e14f05497ff2fdd7c1267a5f035aa48d9ed396?s=96&d=mm&r=g\",\"caption\":\"UrbanBiker\"},\"sameAs\":[\"http:\\\/\\\/www.urbanbiker.com\\\/\",\"https:\\\/\\\/www.facebook.com\\\/Urbanbikerbiciselectricas\\\/\",\"https:\\\/\\\/www.linkedin.com\\\/company\\\/urbanbiker\\\/\",\"https:\\\/\\\/www.youtube.com\\\/@UrbanbikerEbikes\"]}]}<\/script>\n<!-- \/ Yoast SEO plugin. -->","yoast_head_json":{"title":"Qu'est-ce que le mode marche sur un v\u00e9lo \u00e9lectrique ? | Ebike Tips","description":"Qu'est-ce que le mode marche sur un v\u00e9lo \u00e9lectrique. Conseils et utilisation de ce syst\u00e8me que presque tous les v\u00e9los \u00e9lectriques int\u00e8grent.","robots":{"index":"noindex","follow":"follow"},"og_locale":"fr_FR","og_type":"article","og_title":"Qu'est-ce que le mode marche sur un v\u00e9lo \u00e9lectrique ? | Ebike Tips","og_description":"Qu'est-ce que le mode marche sur un v\u00e9lo \u00e9lectrique. Conseils et utilisation de ce syst\u00e8me que presque tous les v\u00e9los \u00e9lectriques int\u00e8grent.","og_url":"https:\/\/www.urbanbiker.com\/fr\/quest-ce-que-le-mode-marche-sur-un-velo-electrique\/","og_site_name":"UrbanBiker","article_publisher":"https:\/\/www.facebook.com\/Urbanbikerbiciselectricas","article_author":"https:\/\/www.facebook.com\/Urbanbikerbiciselectricas\/","article_published_time":"2023-02-21T02:32:31+00:00","article_modified_time":"2025-04-29T13:41:07+00:00","og_image":[{"width":463,"height":463,"url":"https:\/\/www.urbanbiker.com\/wp-content\/uploads\/2023\/03\/Urbanbiker-display-ub-2.png","type":"image\/png"}],"author":"UrbanBiker","twitter_card":"summary_large_image","twitter_misc":{"\u00c9crit par":"UrbanBiker","Dur\u00e9e de lecture estim\u00e9e":"1 minute"},"schema":{"@context":"https:\/\/schema.org","@graph":[{"@type":"Article","@id":"https:\/\/www.urbanbiker.com\/fr\/quest-ce-que-le-mode-marche-sur-un-velo-electrique\/#article","isPartOf":{"@id":"https:\/\/www.urbanbiker.com\/fr\/quest-ce-que-le-mode-marche-sur-un-velo-electrique\/"},"author":{"name":"UrbanBiker","@id":"https:\/\/www.urbanbiker.com\/fr\/#\/schema\/person\/1cb58f0792ef226d6d409b73059515e0"},"headline":"Qu&rsquo;est-ce que le mode marche sur un v\u00e9lo \u00e9lectrique ?","datePublished":"2023-02-21T02:32:31+00:00","dateModified":"2025-04-29T13:41:07+00:00","mainEntityOfPage":{"@id":"https:\/\/www.urbanbiker.com\/fr\/quest-ce-que-le-mode-marche-sur-un-velo-electrique\/"},"wordCount":387,"commentCount":0,"publisher":{"@id":"https:\/\/www.urbanbiker.com\/fr\/#organization"},"image":{"@id":"https:\/\/www.urbanbiker.com\/fr\/quest-ce-que-le-mode-marche-sur-un-velo-electrique\/#primaryimage"},"thumbnailUrl":"https:\/\/www.urbanbiker.com\/wp-content\/uploads\/2023\/03\/Urbanbiker-display-ub-2.png","articleSection":["Actualit\u00e9s","Conseil"],"inLanguage":"fr-FR","potentialAction":[{"@type":"CommentAction","name":"Comment","target":["https:\/\/www.urbanbiker.com\/fr\/quest-ce-que-le-mode-marche-sur-un-velo-electrique\/#respond"]}]},{"@type":"WebPage","@id":"https:\/\/www.urbanbiker.com\/fr\/quest-ce-que-le-mode-marche-sur-un-velo-electrique\/","url":"https:\/\/www.urbanbiker.com\/fr\/quest-ce-que-le-mode-marche-sur-un-velo-electrique\/","name":"Qu'est-ce que le mode marche sur un v\u00e9lo \u00e9lectrique ? | Ebike Tips","isPartOf":{"@id":"https:\/\/www.urbanbiker.com\/fr\/#website"},"primaryImageOfPage":{"@id":"https:\/\/www.urbanbiker.com\/fr\/quest-ce-que-le-mode-marche-sur-un-velo-electrique\/#primaryimage"},"image":{"@id":"https:\/\/www.urbanbiker.com\/fr\/quest-ce-que-le-mode-marche-sur-un-velo-electrique\/#primaryimage"},"thumbnailUrl":"https:\/\/www.urbanbiker.com\/wp-content\/uploads\/2023\/03\/Urbanbiker-display-ub-2.png","datePublished":"2023-02-21T02:32:31+00:00","dateModified":"2025-04-29T13:41:07+00:00","description":"Qu'est-ce que le mode marche sur un v\u00e9lo \u00e9lectrique. Conseils et utilisation de ce syst\u00e8me que presque tous les v\u00e9los \u00e9lectriques int\u00e8grent.","breadcrumb":{"@id":"https:\/\/www.urbanbiker.com\/fr\/quest-ce-que-le-mode-marche-sur-un-velo-electrique\/#breadcrumb"},"inLanguage":"fr-FR","potentialAction":[{"@type":"ReadAction","target":["https:\/\/www.urbanbiker.com\/fr\/quest-ce-que-le-mode-marche-sur-un-velo-electrique\/"]}]},{"@type":"ImageObject","inLanguage":"fr-FR","@id":"https:\/\/www.urbanbiker.com\/fr\/quest-ce-que-le-mode-marche-sur-un-velo-electrique\/#primaryimage","url":"https:\/\/www.urbanbiker.com\/wp-content\/uploads\/2023\/03\/Urbanbiker-display-ub-2.png","contentUrl":"https:\/\/www.urbanbiker.com\/wp-content\/uploads\/2023\/03\/Urbanbiker-display-ub-2.png","width":463,"height":463},{"@type":"BreadcrumbList","@id":"https:\/\/www.urbanbiker.com\/fr\/quest-ce-que-le-mode-marche-sur-un-velo-electrique\/#breadcrumb","itemListElement":[{"@type":"ListItem","position":1,"name":"Portada","item":"https:\/\/www.urbanbiker.com\/fr\/"},{"@type":"ListItem","position":2,"name":"Qu&#8217;est-ce que le mode marche sur un v\u00e9lo \u00e9lectrique ?"}]},{"@type":"WebSite","@id":"https:\/\/www.urbanbiker.com\/fr\/#website","url":"https:\/\/www.urbanbiker.com\/fr\/","name":"UrbanBiker","description":"V\u00e9los \u00e9lectriques","publisher":{"@id":"https:\/\/www.urbanbiker.com\/fr\/#organization"},"potentialAction":[{"@type":"SearchAction","target":{"@type":"EntryPoint","urlTemplate":"https:\/\/www.urbanbiker.com\/fr\/?s={search_term_string}"},"query-input":{"@type":"PropertyValueSpecification","valueRequired":true,"valueName":"search_term_string"}}],"inLanguage":"fr-FR"},{"@type":"Organization","@id":"https:\/\/www.urbanbiker.com\/fr\/#organization","name":"UrbanBiker","url":"https:\/\/www.urbanbiker.com\/fr\/","logo":{"@type":"ImageObject","inLanguage":"fr-FR","@id":"https:\/\/www.urbanbiker.com\/fr\/#\/schema\/logo\/image\/","url":"https:\/\/www.urbanbiker.com\/wp-content\/uploads\/2022\/09\/Logo-principal-sin-fondo.png","contentUrl":"https:\/\/www.urbanbiker.com\/wp-content\/uploads\/2022\/09\/Logo-principal-sin-fondo.png","width":2560,"height":934,"caption":"UrbanBiker"},"image":{"@id":"https:\/\/www.urbanbiker.com\/fr\/#\/schema\/logo\/image\/"},"sameAs":["https:\/\/www.facebook.com\/Urbanbikerbiciselectricas","https:\/\/www.instagram.com\/urbanbiker_\/","https:\/\/www.linkedin.com\/company\/2454235","https:\/\/www.youtube.com\/channel\/UCWR__uH_RWJF-OhPfz-9-Qw"]},{"@type":"Person","@id":"https:\/\/www.urbanbiker.com\/fr\/#\/schema\/person\/1cb58f0792ef226d6d409b73059515e0","name":"UrbanBiker","image":{"@type":"ImageObject","inLanguage":"fr-FR","@id":"https:\/\/secure.gravatar.com\/avatar\/22838f387878aabd10c8c90196e14f05497ff2fdd7c1267a5f035aa48d9ed396?s=96&d=mm&r=g","url":"https:\/\/secure.gravatar.com\/avatar\/22838f387878aabd10c8c90196e14f05497ff2fdd7c1267a5f035aa48d9ed396?s=96&d=mm&r=g","contentUrl":"https:\/\/secure.gravatar.com\/avatar\/22838f387878aabd10c8c90196e14f05497ff2fdd7c1267a5f035aa48d9ed396?s=96&d=mm&r=g","caption":"UrbanBiker"},"sameAs":["http:\/\/www.urbanbiker.com\/","https:\/\/www.facebook.com\/Urbanbikerbiciselectricas\/","https:\/\/www.linkedin.com\/company\/urbanbiker\/","https:\/\/www.youtube.com\/@UrbanbikerEbikes"]}]}},"_links":{"self":[{"href":"https:\/\/www.urbanbiker.com\/fr\/wp-json\/wp\/v2\/posts\/35429","targetHints":{"allow":["GET"]}}],"collection":[{"href":"https:\/\/www.urbanbiker.com\/fr\/wp-json\/wp\/v2\/posts"}],"about":[{"href":"https:\/\/www.urbanbiker.com\/fr\/wp-json\/wp\/v2\/types\/post"}],"author":[{"embeddable":true,"href":"https:\/\/www.urbanbiker.com\/fr\/wp-json\/wp\/v2\/users\/1"}],"replies":[{"embeddable":true,"href":"https:\/\/www.urbanbiker.com\/fr\/wp-json\/wp\/v2\/comments?post=35429"}],"version-history":[{"count":5,"href":"https:\/\/www.urbanbiker.com\/fr\/wp-json\/wp\/v2\/posts\/35429\/revisions"}],"predecessor-version":[{"id":43745,"href":"https:\/\/www.urbanbiker.com\/fr\/wp-json\/wp\/v2\/posts\/35429\/revisions\/43745"}],"wp:featuredmedia":[{"embeddable":true,"href":"https:\/\/www.urbanbiker.com\/fr\/wp-json\/wp\/v2\/media\/34809"}],"wp:attachment":[{"href":"https:\/\/www.urbanbiker.com\/fr\/wp-json\/wp\/v2\/media?parent=35429"}],"wp:term":[{"taxonomy":"category","embeddable":true,"href":"https:\/\/www.urbanbiker.com\/fr\/wp-json\/wp\/v2\/categories?post=35429"},{"taxonomy":"post_tag","embeddable":true,"href":"https:\/\/www.urbanbiker.com\/fr\/wp-json\/wp\/v2\/tags?post=35429"}],"curies":[{"name":"wp","href":"https:\/\/api.w.org\/{rel}","templated":true}]}}