{"id":59192,"date":"2026-01-27T13:55:04","date_gmt":"2026-01-27T12:55:04","guid":{"rendered":"https:\/\/www.urbanbiker.com\/?p=59192"},"modified":"2026-01-27T13:55:04","modified_gmt":"2026-01-27T12:55:04","slug":"urbanbiker-refuerza-presencia-alemania","status":"publish","type":"post","link":"https:\/\/www.urbanbiker.com\/en\/urbanbiker-refuerza-presencia-alemania\/","title":{"rendered":"UrbanBiker en Alemania: cinco a\u00f1os creciendo en uno de los mercados m\u00e1s exigentes de la ebike"},"content":{"rendered":"<h1><strong>UrbanBiker en Alemania: cinco a\u00f1os creciendo en uno de los mercados m\u00e1s exigentes de la ebike<\/strong><\/h1>\n<h3><strong>Un mercado maduro, una forma distinta de crecer<\/strong><\/h3>\n<p>Hablar de bicicleta el\u00e9ctrica en Alemania es hablar de un mercado maduro, exigente y muy bien informado. Aqu\u00ed la ebike no es una tendencia reciente, sino una parte m\u00e1s de la movilidad diaria. Por eso, las marcas no se valoran solo por lo que prometen, sino por lo que son capaces de sostener con el tiempo.<\/p>\n<p>En UrbanBiker llevamos m\u00e1s de cinco a\u00f1os trabajando en Alemania. No como un proyecto puntual, sino como una apuesta a largo plazo. A\u00f1os de aprendizaje continuo, de ajustes y de mucho trabajo detr\u00e1s para entender qu\u00e9 espera realmente el usuario alem\u00e1n de una bicicleta el\u00e9ctrica.<\/p>\n<h3><strong>UrbanBiker en medios alemanes especializados<\/strong><\/h3>\n<p>En este contexto, nos ha hecho especial ilusi\u00f3n ver c\u00f3mo dos medios alemanes especializados se han hecho eco de la trayectoria de UrbanBiker en Alemania. No como una novedad, sino como una marca que forma parte, poco a poco, del ecosistema europeo de la bicicleta el\u00e9ctrica.<\/p>\n<p>En <strong>Digital Home Magazin<\/strong>, UrbanBiker aparece asociada a una idea muy concreta de movilidad el\u00e9ctrica: bicicletas pensadas para el uso real, con tecnolog\u00eda bien integrada, buena autonom\u00eda y una relaci\u00f3n equilibrada entre prestaciones y precio.<\/p>\n<p>Art\u00edculo completo:<br \/>\n<a href=\"https:\/\/digitalhome-magazin.de\/newspost.php?id=18259\">https:\/\/digitalhome-magazin.de\/newspost.php?id=18259<\/a><\/p>\n<p>Por su parte, <strong>Velobiz<\/strong>, medio de referencia para profesionales del sector ciclista en Alemania, pone el foco en la consolidaci\u00f3n de UrbanBiker y en la importancia de contar con una estructura s\u00f3lida de distribuci\u00f3n y servicio para responder a las expectativas del canal y del usuario final.<\/p>\n<p>Art\u00edculo disponible aqu\u00ed:<br \/>\n<a href=\"https:\/\/www.velobiz.de\/news\/urbanbiker-startet-auf-dem-deutschen-markt-veloQXJ0aWNsZS8zMzY0NAbiz\">https:\/\/www.velobiz.de\/news\/urbanbiker-startet-auf-dem-deutschen-markt-veloQXJ0aWNsZS8zMzY0NAbiz<\/a><\/p>\n<p><a href=\"https:\/\/www.urbanbiker.com\/wp-content\/uploads\/2025\/12\/Titular-2.png\"><img fetchpriority=\"high\" decoding=\"async\" class=\"alignnone size-medium wp-image-58996\" src=\"https:\/\/www.urbanbiker.com\/wp-content\/uploads\/2025\/12\/Titular-2-300x244.png\" alt=\"\" width=\"300\" height=\"244\" srcset=\"https:\/\/www.urbanbiker.com\/wp-content\/uploads\/2025\/12\/Titular-2-300x244.png 300w, https:\/\/www.urbanbiker.com\/wp-content\/uploads\/2025\/12\/Titular-2.png 638w\" sizes=\"(max-width: 300px) 100vw, 300px\" \/><\/a><\/p>\n<h3><strong>Distribuci\u00f3n, estructura y cercan\u00eda al mercado<\/strong><\/h3>\n<p>Uno de los aprendizajes clave en este pa\u00eds ha sido entender que el producto es solo una parte de la ecuaci\u00f3n. La otra tiene que ver con la estructura que lo sostiene: distribuci\u00f3n, servicio, cercan\u00eda al profesional y capacidad de respuesta.<\/p>\n<p>En Alemania, UrbanBiker cuenta con la colaboraci\u00f3n de <strong>B.W. Vertrieb GmbH<\/strong>, una pieza fundamental de esa estructura. No como un simple canal de venta, sino como un socio que conoce el terreno, el ritmo del mercado y las exigencias del usuario final.<\/p>\n<p><a href=\"https:\/\/www.urbanbiker.com\/wp-content\/uploads\/2025\/12\/titular.png\"><img decoding=\"async\" class=\"alignnone size-medium wp-image-59003\" src=\"https:\/\/www.urbanbiker.com\/wp-content\/uploads\/2025\/12\/titular-300x92.png\" alt=\"\" width=\"300\" height=\"92\" srcset=\"https:\/\/www.urbanbiker.com\/wp-content\/uploads\/2025\/12\/titular-300x92.png 300w, https:\/\/www.urbanbiker.com\/wp-content\/uploads\/2025\/12\/titular-768x235.png 768w, https:\/\/www.urbanbiker.com\/wp-content\/uploads\/2025\/12\/titular-800x245.png 800w, https:\/\/www.urbanbiker.com\/wp-content\/uploads\/2025\/12\/titular.png 940w\" sizes=\"(max-width: 300px) 100vw, 300px\" \/><\/a><\/p>\n<h3><strong>Consolidarse es seguir mejorando<\/strong><\/h3>\n<p>Hoy, hablar de UrbanBiker en Alemania es hablar de un proyecto en consolidaci\u00f3n. No porque hayamos llegado a un punto final, sino porque seguimos creciendo sobre una base cada vez m\u00e1s s\u00f3lida.<\/p>\n<p>Este reto nos ha hecho m\u00e1s exigentes, m\u00e1s precisos y m\u00e1s conscientes de que crecer no siempre significa ir m\u00e1s r\u00e1pido, sino hacerlo mejor. Ese aprendizaje forma parte ya de nuestra manera de ser.<\/p>\n<p>Seguimos trabajando con la misma idea de siempre: dise\u00f1ar bicicletas el\u00e9ctricas fiables, accesibles y pensadas para el uso diario, bicicletas capaces de sacarte una sonrisa cada vez que pedaleas.<\/p>\n<h2><\/h2>\n<p>&nbsp;<\/p>\n","protected":false},"excerpt":{"rendered":"<p>UrbanBiker en Alemania: cinco a\u00f1os creciendo en uno de los mercados m\u00e1s exigentes de la ebike Un mercado maduro, una forma distinta de crecer Hablar de bicicleta el\u00e9ctrica en Alemania es hablar de un mercado maduro, exigente y muy bien informado. Aqu\u00ed la ebike no es una tendencia reciente, sino una parte m\u00e1s de la [&hellip;]<\/p>\n","protected":false},"author":28397,"featured_media":58991,"comment_status":"open","ping_status":"open","sticky":false,"template":"","format":"standard","meta":{"footnotes":""},"categories":[294,628],"tags":[],"class_list":["post-59192","post","type-post","status-publish","format-standard","has-post-thumbnail","hentry","category-news","category-sustainable-mobility"],"yoast_head":"<!-- This site is optimized with the Yoast SEO plugin v27.5 - https:\/\/yoast.com\/product\/yoast-seo-wordpress\/ -->\n<title>UrbanBiker refuerza su presencia en Alemania<\/title>\n<meta name=\"description\" content=\"UrbanBiker consolida su presencia en Alemania tras cinco a\u00f1os de trabajo continuo en uno de los mercados m\u00e1s exigentes de la bicicleta el\u00e9ctrica.\" \/>\n<meta name=\"robots\" content=\"index, follow, max-snippet:-1, max-image-preview:large, max-video-preview:-1\" \/>\n<link rel=\"canonical\" href=\"https:\/\/www.urbanbiker.com\/en\/urbanbiker-refuerza-presencia-alemania\/\" \/>\n<meta property=\"og:locale\" content=\"en_US\" \/>\n<meta property=\"og:type\" content=\"article\" \/>\n<meta property=\"og:title\" content=\"UrbanBiker refuerza su presencia en Alemania\" \/>\n<meta property=\"og:description\" content=\"UrbanBiker consolida su presencia en Alemania tras cinco a\u00f1os de trabajo continuo en uno de los mercados m\u00e1s exigentes de la bicicleta el\u00e9ctrica.\" \/>\n<meta property=\"og:url\" content=\"https:\/\/www.urbanbiker.com\/en\/urbanbiker-refuerza-presencia-alemania\/\" \/>\n<meta property=\"og:site_name\" content=\"UrbanBiker\" \/>\n<meta property=\"article:publisher\" content=\"https:\/\/www.facebook.com\/Urbanbikerbiciselectricas\" \/>\n<meta property=\"article:published_time\" content=\"2026-01-27T12:55:04+00:00\" \/>\n<meta property=\"og:image\" content=\"https:\/\/www.urbanbiker.com\/wp-content\/uploads\/2025\/12\/Portada-entradas-blog-1-scaled.png\" \/>\n\t<meta property=\"og:image:width\" content=\"2560\" \/>\n\t<meta property=\"og:image:height\" content=\"1280\" \/>\n\t<meta property=\"og:image:type\" content=\"image\/png\" \/>\n<meta name=\"author\" content=\"UrbanBiker Espa\u00f1a\" \/>\n<meta name=\"twitter:card\" content=\"summary_large_image\" \/>\n<meta name=\"twitter:label1\" content=\"Written by\" \/>\n\t<meta name=\"twitter:data1\" content=\"UrbanBiker Espa\u00f1a\" \/>\n\t<meta name=\"twitter:label2\" content=\"Est. reading time\" \/>\n\t<meta name=\"twitter:data2\" content=\"3 minutes\" \/>\n<script type=\"application\/ld+json\" class=\"yoast-schema-graph\">{\"@context\":\"https:\\\/\\\/schema.org\",\"@graph\":[{\"@type\":\"Article\",\"@id\":\"https:\\\/\\\/www.urbanbiker.com\\\/en\\\/urbanbiker-refuerza-presencia-alemania\\\/#article\",\"isPartOf\":{\"@id\":\"https:\\\/\\\/www.urbanbiker.com\\\/en\\\/urbanbiker-refuerza-presencia-alemania\\\/\"},\"author\":{\"name\":\"UrbanBiker Espa\u00f1a\",\"@id\":\"https:\\\/\\\/www.urbanbiker.com\\\/en\\\/#\\\/schema\\\/person\\\/3a87fe08ae0ad7df010c4f0609a75e9c\"},\"headline\":\"UrbanBiker en Alemania: cinco a\u00f1os creciendo en uno de los mercados m\u00e1s exigentes de la ebike\",\"datePublished\":\"2026-01-27T12:55:04+00:00\",\"mainEntityOfPage\":{\"@id\":\"https:\\\/\\\/www.urbanbiker.com\\\/en\\\/urbanbiker-refuerza-presencia-alemania\\\/\"},\"wordCount\":525,\"commentCount\":0,\"publisher\":{\"@id\":\"https:\\\/\\\/www.urbanbiker.com\\\/en\\\/#organization\"},\"image\":{\"@id\":\"https:\\\/\\\/www.urbanbiker.com\\\/en\\\/urbanbiker-refuerza-presencia-alemania\\\/#primaryimage\"},\"thumbnailUrl\":\"https:\\\/\\\/www.urbanbiker.com\\\/wp-content\\\/uploads\\\/2025\\\/12\\\/Portada-entradas-blog-1-scaled.png\",\"articleSection\":[\"News\",\"Sustainable Mobility\"],\"inLanguage\":\"en-US\",\"potentialAction\":[{\"@type\":\"CommentAction\",\"name\":\"Comment\",\"target\":[\"https:\\\/\\\/www.urbanbiker.com\\\/en\\\/urbanbiker-refuerza-presencia-alemania\\\/#respond\"]}]},{\"@type\":\"WebPage\",\"@id\":\"https:\\\/\\\/www.urbanbiker.com\\\/en\\\/urbanbiker-refuerza-presencia-alemania\\\/\",\"url\":\"https:\\\/\\\/www.urbanbiker.com\\\/en\\\/urbanbiker-refuerza-presencia-alemania\\\/\",\"name\":\"UrbanBiker refuerza su presencia en Alemania\",\"isPartOf\":{\"@id\":\"https:\\\/\\\/www.urbanbiker.com\\\/en\\\/#website\"},\"primaryImageOfPage\":{\"@id\":\"https:\\\/\\\/www.urbanbiker.com\\\/en\\\/urbanbiker-refuerza-presencia-alemania\\\/#primaryimage\"},\"image\":{\"@id\":\"https:\\\/\\\/www.urbanbiker.com\\\/en\\\/urbanbiker-refuerza-presencia-alemania\\\/#primaryimage\"},\"thumbnailUrl\":\"https:\\\/\\\/www.urbanbiker.com\\\/wp-content\\\/uploads\\\/2025\\\/12\\\/Portada-entradas-blog-1-scaled.png\",\"datePublished\":\"2026-01-27T12:55:04+00:00\",\"description\":\"UrbanBiker consolida su presencia en Alemania tras cinco a\u00f1os de trabajo continuo en uno de los mercados m\u00e1s exigentes de la bicicleta el\u00e9ctrica.\",\"breadcrumb\":{\"@id\":\"https:\\\/\\\/www.urbanbiker.com\\\/en\\\/urbanbiker-refuerza-presencia-alemania\\\/#breadcrumb\"},\"inLanguage\":\"en-US\",\"potentialAction\":[{\"@type\":\"ReadAction\",\"target\":[\"https:\\\/\\\/www.urbanbiker.com\\\/en\\\/urbanbiker-refuerza-presencia-alemania\\\/\"]}]},{\"@type\":\"ImageObject\",\"inLanguage\":\"en-US\",\"@id\":\"https:\\\/\\\/www.urbanbiker.com\\\/en\\\/urbanbiker-refuerza-presencia-alemania\\\/#primaryimage\",\"url\":\"https:\\\/\\\/www.urbanbiker.com\\\/wp-content\\\/uploads\\\/2025\\\/12\\\/Portada-entradas-blog-1-scaled.png\",\"contentUrl\":\"https:\\\/\\\/www.urbanbiker.com\\\/wp-content\\\/uploads\\\/2025\\\/12\\\/Portada-entradas-blog-1-scaled.png\",\"width\":2560,\"height\":1280},{\"@type\":\"BreadcrumbList\",\"@id\":\"https:\\\/\\\/www.urbanbiker.com\\\/en\\\/urbanbiker-refuerza-presencia-alemania\\\/#breadcrumb\",\"itemListElement\":[{\"@type\":\"ListItem\",\"position\":1,\"name\":\"Portada\",\"item\":\"https:\\\/\\\/www.urbanbiker.com\\\/en\\\/\"},{\"@type\":\"ListItem\",\"position\":2,\"name\":\"UrbanBiker en Alemania: cinco a\u00f1os creciendo en uno de los mercados m\u00e1s exigentes de la ebike\"}]},{\"@type\":\"WebSite\",\"@id\":\"https:\\\/\\\/www.urbanbiker.com\\\/en\\\/#website\",\"url\":\"https:\\\/\\\/www.urbanbiker.com\\\/en\\\/\",\"name\":\"UrbanBiker\",\"description\":\"Electric bicycles\",\"publisher\":{\"@id\":\"https:\\\/\\\/www.urbanbiker.com\\\/en\\\/#organization\"},\"potentialAction\":[{\"@type\":\"SearchAction\",\"target\":{\"@type\":\"EntryPoint\",\"urlTemplate\":\"https:\\\/\\\/www.urbanbiker.com\\\/en\\\/?s={search_term_string}\"},\"query-input\":{\"@type\":\"PropertyValueSpecification\",\"valueRequired\":true,\"valueName\":\"search_term_string\"}}],\"inLanguage\":\"en-US\"},{\"@type\":\"Organization\",\"@id\":\"https:\\\/\\\/www.urbanbiker.com\\\/en\\\/#organization\",\"name\":\"UrbanBiker\",\"url\":\"https:\\\/\\\/www.urbanbiker.com\\\/en\\\/\",\"logo\":{\"@type\":\"ImageObject\",\"inLanguage\":\"en-US\",\"@id\":\"https:\\\/\\\/www.urbanbiker.com\\\/en\\\/#\\\/schema\\\/logo\\\/image\\\/\",\"url\":\"https:\\\/\\\/www.urbanbiker.com\\\/wp-content\\\/uploads\\\/2022\\\/09\\\/Logo-principal-sin-fondo.png\",\"contentUrl\":\"https:\\\/\\\/www.urbanbiker.com\\\/wp-content\\\/uploads\\\/2022\\\/09\\\/Logo-principal-sin-fondo.png\",\"width\":2560,\"height\":934,\"caption\":\"UrbanBiker\"},\"image\":{\"@id\":\"https:\\\/\\\/www.urbanbiker.com\\\/en\\\/#\\\/schema\\\/logo\\\/image\\\/\"},\"sameAs\":[\"https:\\\/\\\/www.facebook.com\\\/Urbanbikerbiciselectricas\",\"https:\\\/\\\/www.instagram.com\\\/urbanbiker_\\\/\",\"https:\\\/\\\/www.linkedin.com\\\/company\\\/2454235\",\"https:\\\/\\\/www.youtube.com\\\/channel\\\/UCWR__uH_RWJF-OhPfz-9-Qw\"]},{\"@type\":\"Person\",\"@id\":\"https:\\\/\\\/www.urbanbiker.com\\\/en\\\/#\\\/schema\\\/person\\\/3a87fe08ae0ad7df010c4f0609a75e9c\",\"name\":\"UrbanBiker Espa\u00f1a\",\"image\":{\"@type\":\"ImageObject\",\"inLanguage\":\"en-US\",\"@id\":\"https:\\\/\\\/secure.gravatar.com\\\/avatar\\\/5a4566847f58b92c592ba1df12070855f95d6f19fdb97a9d5da4d45d9a3d34d2?s=96&d=mm&r=g\",\"url\":\"https:\\\/\\\/secure.gravatar.com\\\/avatar\\\/5a4566847f58b92c592ba1df12070855f95d6f19fdb97a9d5da4d45d9a3d34d2?s=96&d=mm&r=g\",\"contentUrl\":\"https:\\\/\\\/secure.gravatar.com\\\/avatar\\\/5a4566847f58b92c592ba1df12070855f95d6f19fdb97a9d5da4d45d9a3d34d2?s=96&d=mm&r=g\",\"caption\":\"UrbanBiker Espa\u00f1a\"}}]}<\/script>\n<!-- \/ Yoast SEO plugin. -->","yoast_head_json":{"title":"UrbanBiker refuerza su presencia en Alemania","description":"UrbanBiker consolida su presencia en Alemania tras cinco a\u00f1os de trabajo continuo en uno de los mercados m\u00e1s exigentes de la bicicleta el\u00e9ctrica.","robots":{"index":"index","follow":"follow","max-snippet":"max-snippet:-1","max-image-preview":"max-image-preview:large","max-video-preview":"max-video-preview:-1"},"canonical":"https:\/\/www.urbanbiker.com\/en\/urbanbiker-refuerza-presencia-alemania\/","og_locale":"en_US","og_type":"article","og_title":"UrbanBiker refuerza su presencia en Alemania","og_description":"UrbanBiker consolida su presencia en Alemania tras cinco a\u00f1os de trabajo continuo en uno de los mercados m\u00e1s exigentes de la bicicleta el\u00e9ctrica.","og_url":"https:\/\/www.urbanbiker.com\/en\/urbanbiker-refuerza-presencia-alemania\/","og_site_name":"UrbanBiker","article_publisher":"https:\/\/www.facebook.com\/Urbanbikerbiciselectricas","article_published_time":"2026-01-27T12:55:04+00:00","og_image":[{"width":2560,"height":1280,"url":"https:\/\/www.urbanbiker.com\/wp-content\/uploads\/2025\/12\/Portada-entradas-blog-1-scaled.png","type":"image\/png"}],"author":"UrbanBiker Espa\u00f1a","twitter_card":"summary_large_image","twitter_misc":{"Written by":"UrbanBiker Espa\u00f1a","Est. reading time":"3 minutes"},"schema":{"@context":"https:\/\/schema.org","@graph":[{"@type":"Article","@id":"https:\/\/www.urbanbiker.com\/en\/urbanbiker-refuerza-presencia-alemania\/#article","isPartOf":{"@id":"https:\/\/www.urbanbiker.com\/en\/urbanbiker-refuerza-presencia-alemania\/"},"author":{"name":"UrbanBiker Espa\u00f1a","@id":"https:\/\/www.urbanbiker.com\/en\/#\/schema\/person\/3a87fe08ae0ad7df010c4f0609a75e9c"},"headline":"UrbanBiker en Alemania: cinco a\u00f1os creciendo en uno de los mercados m\u00e1s exigentes de la ebike","datePublished":"2026-01-27T12:55:04+00:00","mainEntityOfPage":{"@id":"https:\/\/www.urbanbiker.com\/en\/urbanbiker-refuerza-presencia-alemania\/"},"wordCount":525,"commentCount":0,"publisher":{"@id":"https:\/\/www.urbanbiker.com\/en\/#organization"},"image":{"@id":"https:\/\/www.urbanbiker.com\/en\/urbanbiker-refuerza-presencia-alemania\/#primaryimage"},"thumbnailUrl":"https:\/\/www.urbanbiker.com\/wp-content\/uploads\/2025\/12\/Portada-entradas-blog-1-scaled.png","articleSection":["News","Sustainable Mobility"],"inLanguage":"en-US","potentialAction":[{"@type":"CommentAction","name":"Comment","target":["https:\/\/www.urbanbiker.com\/en\/urbanbiker-refuerza-presencia-alemania\/#respond"]}]},{"@type":"WebPage","@id":"https:\/\/www.urbanbiker.com\/en\/urbanbiker-refuerza-presencia-alemania\/","url":"https:\/\/www.urbanbiker.com\/en\/urbanbiker-refuerza-presencia-alemania\/","name":"UrbanBiker refuerza su presencia en Alemania","isPartOf":{"@id":"https:\/\/www.urbanbiker.com\/en\/#website"},"primaryImageOfPage":{"@id":"https:\/\/www.urbanbiker.com\/en\/urbanbiker-refuerza-presencia-alemania\/#primaryimage"},"image":{"@id":"https:\/\/www.urbanbiker.com\/en\/urbanbiker-refuerza-presencia-alemania\/#primaryimage"},"thumbnailUrl":"https:\/\/www.urbanbiker.com\/wp-content\/uploads\/2025\/12\/Portada-entradas-blog-1-scaled.png","datePublished":"2026-01-27T12:55:04+00:00","description":"UrbanBiker consolida su presencia en Alemania tras cinco a\u00f1os de trabajo continuo en uno de los mercados m\u00e1s exigentes de la bicicleta el\u00e9ctrica.","breadcrumb":{"@id":"https:\/\/www.urbanbiker.com\/en\/urbanbiker-refuerza-presencia-alemania\/#breadcrumb"},"inLanguage":"en-US","potentialAction":[{"@type":"ReadAction","target":["https:\/\/www.urbanbiker.com\/en\/urbanbiker-refuerza-presencia-alemania\/"]}]},{"@type":"ImageObject","inLanguage":"en-US","@id":"https:\/\/www.urbanbiker.com\/en\/urbanbiker-refuerza-presencia-alemania\/#primaryimage","url":"https:\/\/www.urbanbiker.com\/wp-content\/uploads\/2025\/12\/Portada-entradas-blog-1-scaled.png","contentUrl":"https:\/\/www.urbanbiker.com\/wp-content\/uploads\/2025\/12\/Portada-entradas-blog-1-scaled.png","width":2560,"height":1280},{"@type":"BreadcrumbList","@id":"https:\/\/www.urbanbiker.com\/en\/urbanbiker-refuerza-presencia-alemania\/#breadcrumb","itemListElement":[{"@type":"ListItem","position":1,"name":"Portada","item":"https:\/\/www.urbanbiker.com\/en\/"},{"@type":"ListItem","position":2,"name":"UrbanBiker en Alemania: cinco a\u00f1os creciendo en uno de los mercados m\u00e1s exigentes de la ebike"}]},{"@type":"WebSite","@id":"https:\/\/www.urbanbiker.com\/en\/#website","url":"https:\/\/www.urbanbiker.com\/en\/","name":"UrbanBiker","description":"Electric bicycles","publisher":{"@id":"https:\/\/www.urbanbiker.com\/en\/#organization"},"potentialAction":[{"@type":"SearchAction","target":{"@type":"EntryPoint","urlTemplate":"https:\/\/www.urbanbiker.com\/en\/?s={search_term_string}"},"query-input":{"@type":"PropertyValueSpecification","valueRequired":true,"valueName":"search_term_string"}}],"inLanguage":"en-US"},{"@type":"Organization","@id":"https:\/\/www.urbanbiker.com\/en\/#organization","name":"UrbanBiker","url":"https:\/\/www.urbanbiker.com\/en\/","logo":{"@type":"ImageObject","inLanguage":"en-US","@id":"https:\/\/www.urbanbiker.com\/en\/#\/schema\/logo\/image\/","url":"https:\/\/www.urbanbiker.com\/wp-content\/uploads\/2022\/09\/Logo-principal-sin-fondo.png","contentUrl":"https:\/\/www.urbanbiker.com\/wp-content\/uploads\/2022\/09\/Logo-principal-sin-fondo.png","width":2560,"height":934,"caption":"UrbanBiker"},"image":{"@id":"https:\/\/www.urbanbiker.com\/en\/#\/schema\/logo\/image\/"},"sameAs":["https:\/\/www.facebook.com\/Urbanbikerbiciselectricas","https:\/\/www.instagram.com\/urbanbiker_\/","https:\/\/www.linkedin.com\/company\/2454235","https:\/\/www.youtube.com\/channel\/UCWR__uH_RWJF-OhPfz-9-Qw"]},{"@type":"Person","@id":"https:\/\/www.urbanbiker.com\/en\/#\/schema\/person\/3a87fe08ae0ad7df010c4f0609a75e9c","name":"UrbanBiker Espa\u00f1a","image":{"@type":"ImageObject","inLanguage":"en-US","@id":"https:\/\/secure.gravatar.com\/avatar\/5a4566847f58b92c592ba1df12070855f95d6f19fdb97a9d5da4d45d9a3d34d2?s=96&d=mm&r=g","url":"https:\/\/secure.gravatar.com\/avatar\/5a4566847f58b92c592ba1df12070855f95d6f19fdb97a9d5da4d45d9a3d34d2?s=96&d=mm&r=g","contentUrl":"https:\/\/secure.gravatar.com\/avatar\/5a4566847f58b92c592ba1df12070855f95d6f19fdb97a9d5da4d45d9a3d34d2?s=96&d=mm&r=g","caption":"UrbanBiker Espa\u00f1a"}}]}},"_links":{"self":[{"href":"https:\/\/www.urbanbiker.com\/en\/wp-json\/wp\/v2\/posts\/59192","targetHints":{"allow":["GET"]}}],"collection":[{"href":"https:\/\/www.urbanbiker.com\/en\/wp-json\/wp\/v2\/posts"}],"about":[{"href":"https:\/\/www.urbanbiker.com\/en\/wp-json\/wp\/v2\/types\/post"}],"author":[{"embeddable":true,"href":"https:\/\/www.urbanbiker.com\/en\/wp-json\/wp\/v2\/users\/28397"}],"replies":[{"embeddable":true,"href":"https:\/\/www.urbanbiker.com\/en\/wp-json\/wp\/v2\/comments?post=59192"}],"version-history":[{"count":1,"href":"https:\/\/www.urbanbiker.com\/en\/wp-json\/wp\/v2\/posts\/59192\/revisions"}],"predecessor-version":[{"id":59193,"href":"https:\/\/www.urbanbiker.com\/en\/wp-json\/wp\/v2\/posts\/59192\/revisions\/59193"}],"wp:featuredmedia":[{"embeddable":true,"href":"https:\/\/www.urbanbiker.com\/en\/wp-json\/wp\/v2\/media\/58991"}],"wp:attachment":[{"href":"https:\/\/www.urbanbiker.com\/en\/wp-json\/wp\/v2\/media?parent=59192"}],"wp:term":[{"taxonomy":"category","embeddable":true,"href":"https:\/\/www.urbanbiker.com\/en\/wp-json\/wp\/v2\/categories?post=59192"},{"taxonomy":"post_tag","embeddable":true,"href":"https:\/\/www.urbanbiker.com\/en\/wp-json\/wp\/v2\/tags?post=59192"}],"curies":[{"name":"wp","href":"https:\/\/api.w.org\/{rel}","templated":true}]}}