{"id":56832,"date":"2025-10-24T14:25:11","date_gmt":"2025-10-24T12:25:11","guid":{"rendered":"https:\/\/www.urbanbiker.com\/un-viaje-electrico-de-leon-a-gijon-en-ebike-con-urbanbiker\/"},"modified":"2025-10-26T17:18:29","modified_gmt":"2025-10-26T16:18:29","slug":"an-electric-journey-from-leon-to-gijon-with-urbanbiker","status":"publish","type":"post","link":"https:\/\/www.urbanbiker.com\/en\/an-electric-journey-from-leon-to-gijon-with-urbanbiker\/","title":{"rendered":"An electric journey from Le\u00f3n to Gij\u00f3n with UrbanBiker | 30 days on bike"},"content":{"rendered":"<p>&nbsp;<\/p>\n<h1><strong>An electric journey from Le\u00f3n to Gij\u00f3n: two days on an E-Bike with UrbanBiker<\/strong><\/h1>\n<p><em><strong>A text by Carlos Rodr\u00edguez, international coordinator of <a href=\"https:\/\/www.30diasenbici.com\/\">30 D\u00edas en Bici<\/a><\/strong><\/em><\/p>\n<p>I have always thought of cycling from a place detached from numbers, metrics and distances. This is central to how the 30 D\u00edas en Bici campaign encourages trial, use and adoption of the bicycle for personal mobility. A perspective that reaches its fullness when, beyond sport or recreation, the bike becomes a vehicle of discovery. We\u2019re talking about <b>cycle-tourism<\/b> which for me is more transport than sport.<\/p>\n<p>On the journey on a <b>electric bicycle<\/b>, your pace reveals itself as the perfect speed so that no detail escapes your view. And the e-bike is freedom in its pure state, a synonym of \u201c<b>get where you want<\/b>\u201d, so that every kilometre is etched in memory, not for its hardness or the weight of your pannier but for its essence.<\/p>\n<p>A few days ago I set off with Jorge Cabal from <a href=\"http:\/\/www.urbanbiker.com\/en\">UrbanBiker<\/a> on a two-day route on each of our electric bikes to connect Le\u00f3n with Gij\u00f3n, to unite our brands, <a href=\"https:\/\/www.30diasenbici.com\">30DEB<\/a> and <a href=\"http:\/\/www.urbanbiker.com\/en\">UrbanBiker<\/a>, in an adventure that reflected everything we share: <b>promoting bike use, moving sustainably and enjoying the path.<\/b><\/p>\n<p>A journey on an e-bike that was not a sport-test, but a full statement that sustainable mobility can also be adventure, emotion and discovery\u2026<\/p>\n<h2><strong>Day 1: From the city to the summits.<\/strong><\/h2>\n<p>While Le\u00f3n was stretching after a Saturday of <a style=\"cursor: pointer !important; user-select: none !important;\" href=\"https:\/\/es.wikipedia.org\/wiki\/Froil%C3%A1n_de_Le%C3%B3n\">San Froil\u00e1n festival<\/a>, in the UrbanBiker workshop, encouraged by freshly-made coffee, we prepared our electric bikes fitting panniers, pedals, the video camera and other small adjustments. Jorge, with the smile of one who knows the secrets of his silent power, and I, with the one of someone about to discover them.<\/p>\n<p>After a while we were pedalling across Le\u00f3n city from east to west. The first coffee en-route landed in Lorenzana, in the mythical bar \u201cEl L\u00edder\u201d whose delicious tortilla, solicitous landlady and impressive cycling aesthetic make it a must-stop for any cyclist who considers themselves such. Soon the plateau began wrinkling into hills as in the distance the imposing Cordillera Cant\u00e1brica came into view. The heartbeat of my UrbanBiker <a href=\"https:\/\/www.urbanbiker.com\/en\/product\/ub300-fe-mountain-e-bike-full-equipped\/\">UB300<\/a> <i>flattened every ramp, every short climb, to ease my pedalling by providing its ideal power-point at each moment<\/i> and very soon we were already traversing the <a href=\"https:\/\/patrimonionatural.org\/espacios-naturales\/parque-natural\/parque-natural-babia-y-luna\">Parque Natural de Babia y Luna<\/a>.<\/p>\n<p>After a brief stop at La Magdalena to refresh, we entered wild territory. The landscape of the reservoir, in a transition zone between the plateau and the mountains, is dramatic, with the deep blue of the water contrasting with the arid and rocky lands of the eroded cliffs. The cyclist retreats into solitude, the overwhelming silence and the epic scale that makes the visitor feel small, while the lonely road winds along the water.<\/p>\n<p>At its shore we ate at the <a href=\"https:\/\/clubnauticoleon.es\/\">Club N\u00e1utico de Le\u00f3n<\/a>, with about 60 kilometres in our legs, almost 75% of our odyssey to <a href=\"https:\/\/www.aytosanemiliano.es\/los-pueblos\/sanemiliano.html\">San Emiliano<\/a> completed and with only 28% of the battery drained \u2014 what a surprise! Riding my UB300 in ECO mode (economical, giving the motor 25% of its assistance capacity) we had extended the battery autonomy well beyond the 88 kilometres of the day. And the display of the <a href=\"https:\/\/www.urbanbiker.com\/en\/product\/ub200-multipurpose-urban-electric-bicycle-double-suspension\/\">UB200<\/a> trekking bike with dual suspension that Jorge was riding also registered similar consumption and range figures.<\/p>\n<p>Well satisfied with our food and drink needs \u00e0 la Le\u00f3n style, we continued zig-zagging the road beside the reservoir to leave Luna and enter Babia (and yes, Babia is a real place). A place where time dilates in horizons of green and stone. Pedalling those roads, one is not \u201cin Babia\u201d; one simply is.<\/p>\n<p>And so, with the sun beginning to play with the ridges of the national park, San Emiliano greeted us, with a beer and an impressive view of the Ubi\u00f1as bathed in the sunset that would give way to a nearly full moon reigning above the white limestone. After 88 kilometres, time to rest for the travelling legs and recharge the bike batteries.<\/p>\n<p><a href=\"https:\/\/www.urbanbiker.com\/wp-content\/uploads\/2025\/10\/UB200-en-ruta.png\"><img fetchpriority=\"high\" decoding=\"async\" class=\"alignnone size-medium wp-image-56653\" src=\"https:\/\/www.urbanbiker.com\/wp-content\/uploads\/2025\/10\/UB200-en-ruta-300x169.png\" alt=\"\" width=\"300\" height=\"169\" srcset=\"https:\/\/www.urbanbiker.com\/wp-content\/uploads\/2025\/10\/UB200-en-ruta-300x169.png 300w, https:\/\/www.urbanbiker.com\/wp-content\/uploads\/2025\/10\/UB200-en-ruta-1024x576.png 1024w, https:\/\/www.urbanbiker.com\/wp-content\/uploads\/2025\/10\/UB200-en-ruta-768x432.png 768w, https:\/\/www.urbanbiker.com\/wp-content\/uploads\/2025\/10\/UB200-en-ruta-1536x864.png 1536w, https:\/\/www.urbanbiker.com\/wp-content\/uploads\/2025\/10\/UB200-en-ruta-2048x1152.png 2048w, https:\/\/www.urbanbiker.com\/wp-content\/uploads\/2025\/10\/UB200-en-ruta-800x450.png 800w\" sizes=\"(max-width: 300px) 100vw, 300px\" \/><\/a><\/p>\n<h2><strong>Day 2: Seeking the sea<\/strong><\/h2>\n<p>Dawn in San Emiliano is merging into a big embrace with the mountain chain. Without rising too early, we set off to conquer the <a href=\"https:\/\/es.wikipedia.org\/wiki\/Puerto_de_Ventana\">Puerto Ventana<\/a>. On each hairpin, while the valley grew smaller behind us, the motor of our bikes helped us, with a whispering accomplice, to overcome the gradient, so gradually and effectively that very soon we had the first reward of the day: the summit of the pass and entry into Asturias. The icy mountain wind embraced us on the frontier of both kingdoms. Behind lay the Leonese homeland and ahead the road plunged into Asturian country.<\/p>\n<p>The descent was a flight. With all assistance switched off, we saved battery and I could test the excellent geometry of my UB300 for the descent. A dizzying drop of 20 kilometres to <a href=\"https:\/\/es.wikipedia.org\/wiki\/Teverga\">San Mart\u00edn de Teverga<\/a>, devouring forests, caves, gorges and ravines. After a brief stop for coffee and tortilla, only one more kilometre of road left us at the legendary Senda del Oso, a fusion of the fury of the mountain and the peace of the valley, of the murmur of the river and the crunch of the gravel under our wheels, of rock tunnels and ancient forests that keep the secrets of the ancestors of Paca and Tola.<\/p>\n<p>We wouldn\u2019t ride on the road again. The Senda del Oso carried us through Proaza, Villanueva, Tu\u00f1\u00f3n to Trubia from where, following the Nal\u00f3n, we joined the V\u00eda Verde del Fuso that would take us to Oviedo around three in the afternoon. Seventy-five kilometres (with nearly half of the battery remaining) well earned a pause for lunch at <a href=\"https:\/\/lacomtiendaoviedo.es\/\">La Contienda<\/a> and there we decided to make the journey to Gij\u00f3n by <a href=\"https:\/\/www.renfe.com\/es\/es\/cercanias\">commuter train<\/a>. And I found that the UB200 and UB300 also performed perfectly in elevators or escalators and fitted without problems in the (limited) space reserved for bikes on each train.<\/p>\n<p>In Gij\u00f3n, with salty sea air on the face and a small glass of cider in hand, we looked back. Two days, two bikes, two worlds. From the Plateau to the Cantabrian Sea, sharing with Jorge roads, tracks and trails, unique landscapes, endless conversations and unforgettable experiences.<\/p>\n<p>And a key discovery: travelling with an <strong>electric bicycle<\/strong> does not mean giving up effort. One experiences the same satisfaction of a climb conquered, the euphoria of a technical descent or the quiet resistance of the wind. There is no other and not even an \u201cI against\u201d to compete with, but everything is about finding the internal rhythm that allows you to merge with the landscape, that personal cadence that turns every metre into lived experience. And the motor of my UB300 has been a faithful ally in that endeavour to read the terrain as one reads a good book, savouring every page of the route.<\/p>\n<p><a href=\"https:\/\/www.urbanbiker.com\/wp-content\/uploads\/2025\/10\/Mapa-del-Biciviaje-Leon-Asturias-en-bici-electrica.png\"><img decoding=\"async\" class=\"alignnone size-medium wp-image-56661\" src=\"https:\/\/www.urbanbiker.com\/wp-content\/uploads\/2025\/10\/Mapa-del-Biciviaje-Leon-Asturias-en-bici-electrica-300x169.png\" alt=\"\" width=\"300\" height=\"169\" srcset=\"https:\/\/www.urbanbiker.com\/wp-content\/uploads\/2025\/10\/Mapa-del-Biciviaje-Leon-Asturias-en-bici-electrica-300x169.png 300w, https:\/\/www.urbanbiker.com\/wp-content\/uploads\/2025\/10\/Mapa-del-Biciviaje-Leon-Asturias-en-bici-electrica-1024x576.png 1024w, https:\/\/www.urbanbiker.com\/wp-content\/uploads\/2025\/10\/Mapa-del-Biciviaje-Leon-Asturias-en-bici-electrica-768x432.png 768w, https:\/\/www.urbanbiker.com\/wp-content\/uploads\/2025\/10\/Mapa-del-Biciviaje-Leon-Asturias-en-bici-electrica-1536x864.png 1536w, https:\/\/www.urbanbiker.com\/wp-content\/uploads\/2025\/10\/Mapa-del-Biciviaje-Leon-Asturias-en-bici-electrica-2048x1152.png 2048w, https:\/\/www.urbanbiker.com\/wp-content\/uploads\/2025\/10\/Mapa-del-Biciviaje-Leon-Asturias-en-bici-electrica-800x450.png 800w\" sizes=\"(max-width: 300px) 100vw, 300px\" \/><\/a><\/p>\n<p><strong>UrbanBiker: Get where you want.<\/strong><\/p>\n<p>We manufacture electric bicycles designed to discover, enjoy and move free.<\/p>\n<p>If you also want to live your next adventure on an e-bike, visit www.urbanbiker.com<\/p>\n<p><em>About the author:<\/em><\/p>\n<p><strong>Carlos Rodr\u00edguez<\/strong> is international coordinator of <a href=\"https:\/\/www.30diasenbici.com\/\"><strong>30 D\u00edas en Bici,<\/strong><\/a> a multi-award-winning global campaign promoting everyday bicycle use and collaborates with <a href=\"http:\/\/www.urbanbiker.com\/en\"><strong>UrbanBiker<\/strong><\/a> on sustainable mobility projects and cycling experiences that inspire discovering territory on two wheels.<\/p>\n<p>This article is part of the collaboration between <strong>UrbanBiker<\/strong> and <strong>30 D\u00edas en Bici<\/strong>, two projects sharing the same philosophy: move free, enjoy the path and reach where you want. <strong>Jorge Cabal<\/strong> is our Director of Sales &amp; International Marketing, who shared kilometres and experiences with Carlos Rodr\u00edguez on this fun e-bike adventure.<\/p>\n","protected":false},"excerpt":{"rendered":"<p>&nbsp; An electric journey from Le\u00f3n to Gij\u00f3n: two days on an E-Bike with UrbanBiker A text by Carlos Rodr\u00edguez, international coordinator of 30 D\u00edas en Bici I have always thought of cycling from a place detached from numbers, metrics and distances. This is central to how the 30 D\u00edas en Bici campaign encourages trial, [&hellip;]<\/p>\n","protected":false},"author":28397,"featured_media":56582,"comment_status":"open","ping_status":"open","sticky":false,"template":"","format":"standard","meta":{"footnotes":""},"categories":[294,628],"tags":[],"class_list":["post-56832","post","type-post","status-publish","format-standard","has-post-thumbnail","hentry","category-news","category-sustainable-mobility"],"yoast_head":"<!-- This site is optimized with the Yoast SEO plugin v27.5 - https:\/\/yoast.com\/product\/yoast-seo-wordpress\/ -->\n<title>An electric journey from Le\u00f3n to Gij\u00f3n with UrbanBiker<\/title>\n<meta name=\"description\" content=\"Discover the experience of travelling from Le\u00f3n to Gij\u00f3n on a UrbanBiker electric bicycle together with Carlos R., international coordinator of 30 D\u00edas en Bici, and Jorge, Director Sales at UrbanBiker. Two days of freedom, nature and sustainable mobility on two wheels.\" \/>\n<meta name=\"robots\" content=\"index, follow, max-snippet:-1, max-image-preview:large, max-video-preview:-1\" \/>\n<link rel=\"canonical\" href=\"https:\/\/www.urbanbiker.com\/en\/an-electric-journey-from-leon-to-gijon-with-urbanbiker\/\" \/>\n<meta property=\"og:locale\" content=\"en_US\" \/>\n<meta property=\"og:type\" content=\"article\" \/>\n<meta property=\"og:title\" content=\"An electric journey from Le\u00f3n to Gij\u00f3n with UrbanBiker\" \/>\n<meta property=\"og:description\" content=\"Discover the experience of travelling from Le\u00f3n to Gij\u00f3n on a UrbanBiker electric bicycle together with Carlos R., international coordinator of 30 D\u00edas en Bici, and Jorge, Director Sales at UrbanBiker. Two days of freedom, nature and sustainable mobility on two wheels.\" \/>\n<meta property=\"og:url\" content=\"https:\/\/www.urbanbiker.com\/en\/an-electric-journey-from-leon-to-gijon-with-urbanbiker\/\" \/>\n<meta property=\"og:site_name\" content=\"UrbanBiker\" \/>\n<meta property=\"article:publisher\" content=\"https:\/\/www.facebook.com\/Urbanbikerbiciselectricas\" \/>\n<meta property=\"article:published_time\" content=\"2025-10-24T12:25:11+00:00\" \/>\n<meta property=\"article:modified_time\" content=\"2025-10-26T16:18:29+00:00\" \/>\n<meta property=\"og:image\" content=\"https:\/\/www.urbanbiker.com\/wp-content\/uploads\/2025\/10\/Asi-hablan-de-Urbanbiker-en-el-mercado-internacional-de-ebikes-1.jpg\" \/>\n\t<meta property=\"og:image:width\" content=\"1960\" \/>\n\t<meta property=\"og:image:height\" content=\"1102\" \/>\n\t<meta property=\"og:image:type\" content=\"image\/jpeg\" \/>\n<meta name=\"author\" content=\"UrbanBiker Espa\u00f1a\" \/>\n<meta name=\"twitter:card\" content=\"summary_large_image\" \/>\n<meta name=\"twitter:label1\" content=\"Written by\" \/>\n\t<meta name=\"twitter:data1\" content=\"UrbanBiker Espa\u00f1a\" \/>\n\t<meta name=\"twitter:label2\" content=\"Est. reading time\" \/>\n\t<meta name=\"twitter:data2\" content=\"7 minutes\" \/>\n<script type=\"application\/ld+json\" class=\"yoast-schema-graph\">{\"@context\":\"https:\\\/\\\/schema.org\",\"@graph\":[{\"@type\":\"Article\",\"@id\":\"https:\\\/\\\/www.urbanbiker.com\\\/en\\\/an-electric-journey-from-leon-to-gijon-with-urbanbiker\\\/#article\",\"isPartOf\":{\"@id\":\"https:\\\/\\\/www.urbanbiker.com\\\/en\\\/an-electric-journey-from-leon-to-gijon-with-urbanbiker\\\/\"},\"author\":{\"name\":\"UrbanBiker Espa\u00f1a\",\"@id\":\"https:\\\/\\\/www.urbanbiker.com\\\/en\\\/#\\\/schema\\\/person\\\/3a87fe08ae0ad7df010c4f0609a75e9c\"},\"headline\":\"An electric journey from Le\u00f3n to Gij\u00f3n with UrbanBiker | 30 days on bike\",\"datePublished\":\"2025-10-24T12:25:11+00:00\",\"dateModified\":\"2025-10-26T16:18:29+00:00\",\"mainEntityOfPage\":{\"@id\":\"https:\\\/\\\/www.urbanbiker.com\\\/en\\\/an-electric-journey-from-leon-to-gijon-with-urbanbiker\\\/\"},\"wordCount\":1301,\"commentCount\":0,\"publisher\":{\"@id\":\"https:\\\/\\\/www.urbanbiker.com\\\/en\\\/#organization\"},\"image\":{\"@id\":\"https:\\\/\\\/www.urbanbiker.com\\\/en\\\/an-electric-journey-from-leon-to-gijon-with-urbanbiker\\\/#primaryimage\"},\"thumbnailUrl\":\"https:\\\/\\\/www.urbanbiker.com\\\/wp-content\\\/uploads\\\/2025\\\/10\\\/Asi-hablan-de-Urbanbiker-en-el-mercado-internacional-de-ebikes-1.jpg\",\"articleSection\":[\"News\",\"Sustainable Mobility\"],\"inLanguage\":\"en-US\",\"potentialAction\":[{\"@type\":\"CommentAction\",\"name\":\"Comment\",\"target\":[\"https:\\\/\\\/www.urbanbiker.com\\\/en\\\/an-electric-journey-from-leon-to-gijon-with-urbanbiker\\\/#respond\"]}]},{\"@type\":\"WebPage\",\"@id\":\"https:\\\/\\\/www.urbanbiker.com\\\/en\\\/an-electric-journey-from-leon-to-gijon-with-urbanbiker\\\/\",\"url\":\"https:\\\/\\\/www.urbanbiker.com\\\/en\\\/an-electric-journey-from-leon-to-gijon-with-urbanbiker\\\/\",\"name\":\"An electric journey from Le\u00f3n to Gij\u00f3n with UrbanBiker\",\"isPartOf\":{\"@id\":\"https:\\\/\\\/www.urbanbiker.com\\\/en\\\/#website\"},\"primaryImageOfPage\":{\"@id\":\"https:\\\/\\\/www.urbanbiker.com\\\/en\\\/an-electric-journey-from-leon-to-gijon-with-urbanbiker\\\/#primaryimage\"},\"image\":{\"@id\":\"https:\\\/\\\/www.urbanbiker.com\\\/en\\\/an-electric-journey-from-leon-to-gijon-with-urbanbiker\\\/#primaryimage\"},\"thumbnailUrl\":\"https:\\\/\\\/www.urbanbiker.com\\\/wp-content\\\/uploads\\\/2025\\\/10\\\/Asi-hablan-de-Urbanbiker-en-el-mercado-internacional-de-ebikes-1.jpg\",\"datePublished\":\"2025-10-24T12:25:11+00:00\",\"dateModified\":\"2025-10-26T16:18:29+00:00\",\"description\":\"Discover the experience of travelling from Le\u00f3n to Gij\u00f3n on a UrbanBiker electric bicycle together with Carlos R., international coordinator of 30 D\u00edas en Bici, and Jorge, Director Sales at UrbanBiker. Two days of freedom, nature and sustainable mobility on two wheels.\",\"breadcrumb\":{\"@id\":\"https:\\\/\\\/www.urbanbiker.com\\\/en\\\/an-electric-journey-from-leon-to-gijon-with-urbanbiker\\\/#breadcrumb\"},\"inLanguage\":\"en-US\",\"potentialAction\":[{\"@type\":\"ReadAction\",\"target\":[\"https:\\\/\\\/www.urbanbiker.com\\\/en\\\/an-electric-journey-from-leon-to-gijon-with-urbanbiker\\\/\"]}]},{\"@type\":\"ImageObject\",\"inLanguage\":\"en-US\",\"@id\":\"https:\\\/\\\/www.urbanbiker.com\\\/en\\\/an-electric-journey-from-leon-to-gijon-with-urbanbiker\\\/#primaryimage\",\"url\":\"https:\\\/\\\/www.urbanbiker.com\\\/wp-content\\\/uploads\\\/2025\\\/10\\\/Asi-hablan-de-Urbanbiker-en-el-mercado-internacional-de-ebikes-1.jpg\",\"contentUrl\":\"https:\\\/\\\/www.urbanbiker.com\\\/wp-content\\\/uploads\\\/2025\\\/10\\\/Asi-hablan-de-Urbanbiker-en-el-mercado-internacional-de-ebikes-1.jpg\",\"width\":1960,\"height\":1102},{\"@type\":\"BreadcrumbList\",\"@id\":\"https:\\\/\\\/www.urbanbiker.com\\\/en\\\/an-electric-journey-from-leon-to-gijon-with-urbanbiker\\\/#breadcrumb\",\"itemListElement\":[{\"@type\":\"ListItem\",\"position\":1,\"name\":\"Portada\",\"item\":\"https:\\\/\\\/www.urbanbiker.com\\\/en\\\/\"},{\"@type\":\"ListItem\",\"position\":2,\"name\":\"An electric journey from Le\u00f3n to Gij\u00f3n with UrbanBiker | 30 days on bike\"}]},{\"@type\":\"WebSite\",\"@id\":\"https:\\\/\\\/www.urbanbiker.com\\\/en\\\/#website\",\"url\":\"https:\\\/\\\/www.urbanbiker.com\\\/en\\\/\",\"name\":\"UrbanBiker\",\"description\":\"Electric bicycles\",\"publisher\":{\"@id\":\"https:\\\/\\\/www.urbanbiker.com\\\/en\\\/#organization\"},\"potentialAction\":[{\"@type\":\"SearchAction\",\"target\":{\"@type\":\"EntryPoint\",\"urlTemplate\":\"https:\\\/\\\/www.urbanbiker.com\\\/en\\\/?s={search_term_string}\"},\"query-input\":{\"@type\":\"PropertyValueSpecification\",\"valueRequired\":true,\"valueName\":\"search_term_string\"}}],\"inLanguage\":\"en-US\"},{\"@type\":\"Organization\",\"@id\":\"https:\\\/\\\/www.urbanbiker.com\\\/en\\\/#organization\",\"name\":\"UrbanBiker\",\"url\":\"https:\\\/\\\/www.urbanbiker.com\\\/en\\\/\",\"logo\":{\"@type\":\"ImageObject\",\"inLanguage\":\"en-US\",\"@id\":\"https:\\\/\\\/www.urbanbiker.com\\\/en\\\/#\\\/schema\\\/logo\\\/image\\\/\",\"url\":\"https:\\\/\\\/www.urbanbiker.com\\\/wp-content\\\/uploads\\\/2022\\\/09\\\/Logo-principal-sin-fondo.png\",\"contentUrl\":\"https:\\\/\\\/www.urbanbiker.com\\\/wp-content\\\/uploads\\\/2022\\\/09\\\/Logo-principal-sin-fondo.png\",\"width\":2560,\"height\":934,\"caption\":\"UrbanBiker\"},\"image\":{\"@id\":\"https:\\\/\\\/www.urbanbiker.com\\\/en\\\/#\\\/schema\\\/logo\\\/image\\\/\"},\"sameAs\":[\"https:\\\/\\\/www.facebook.com\\\/Urbanbikerbiciselectricas\",\"https:\\\/\\\/www.instagram.com\\\/urbanbiker_\\\/\",\"https:\\\/\\\/www.linkedin.com\\\/company\\\/2454235\",\"https:\\\/\\\/www.youtube.com\\\/channel\\\/UCWR__uH_RWJF-OhPfz-9-Qw\"]},{\"@type\":\"Person\",\"@id\":\"https:\\\/\\\/www.urbanbiker.com\\\/en\\\/#\\\/schema\\\/person\\\/3a87fe08ae0ad7df010c4f0609a75e9c\",\"name\":\"UrbanBiker Espa\u00f1a\",\"image\":{\"@type\":\"ImageObject\",\"inLanguage\":\"en-US\",\"@id\":\"https:\\\/\\\/secure.gravatar.com\\\/avatar\\\/5a4566847f58b92c592ba1df12070855f95d6f19fdb97a9d5da4d45d9a3d34d2?s=96&d=mm&r=g\",\"url\":\"https:\\\/\\\/secure.gravatar.com\\\/avatar\\\/5a4566847f58b92c592ba1df12070855f95d6f19fdb97a9d5da4d45d9a3d34d2?s=96&d=mm&r=g\",\"contentUrl\":\"https:\\\/\\\/secure.gravatar.com\\\/avatar\\\/5a4566847f58b92c592ba1df12070855f95d6f19fdb97a9d5da4d45d9a3d34d2?s=96&d=mm&r=g\",\"caption\":\"UrbanBiker Espa\u00f1a\"}}]}<\/script>\n<!-- \/ Yoast SEO plugin. -->","yoast_head_json":{"title":"An electric journey from Le\u00f3n to Gij\u00f3n with UrbanBiker","description":"Discover the experience of travelling from Le\u00f3n to Gij\u00f3n on a UrbanBiker electric bicycle together with Carlos R., international coordinator of 30 D\u00edas en Bici, and Jorge, Director Sales at UrbanBiker. Two days of freedom, nature and sustainable mobility on two wheels.","robots":{"index":"index","follow":"follow","max-snippet":"max-snippet:-1","max-image-preview":"max-image-preview:large","max-video-preview":"max-video-preview:-1"},"canonical":"https:\/\/www.urbanbiker.com\/en\/an-electric-journey-from-leon-to-gijon-with-urbanbiker\/","og_locale":"en_US","og_type":"article","og_title":"An electric journey from Le\u00f3n to Gij\u00f3n with UrbanBiker","og_description":"Discover the experience of travelling from Le\u00f3n to Gij\u00f3n on a UrbanBiker electric bicycle together with Carlos R., international coordinator of 30 D\u00edas en Bici, and Jorge, Director Sales at UrbanBiker. Two days of freedom, nature and sustainable mobility on two wheels.","og_url":"https:\/\/www.urbanbiker.com\/en\/an-electric-journey-from-leon-to-gijon-with-urbanbiker\/","og_site_name":"UrbanBiker","article_publisher":"https:\/\/www.facebook.com\/Urbanbikerbiciselectricas","article_published_time":"2025-10-24T12:25:11+00:00","article_modified_time":"2025-10-26T16:18:29+00:00","og_image":[{"width":1960,"height":1102,"url":"https:\/\/www.urbanbiker.com\/wp-content\/uploads\/2025\/10\/Asi-hablan-de-Urbanbiker-en-el-mercado-internacional-de-ebikes-1.jpg","type":"image\/jpeg"}],"author":"UrbanBiker Espa\u00f1a","twitter_card":"summary_large_image","twitter_misc":{"Written by":"UrbanBiker Espa\u00f1a","Est. reading time":"7 minutes"},"schema":{"@context":"https:\/\/schema.org","@graph":[{"@type":"Article","@id":"https:\/\/www.urbanbiker.com\/en\/an-electric-journey-from-leon-to-gijon-with-urbanbiker\/#article","isPartOf":{"@id":"https:\/\/www.urbanbiker.com\/en\/an-electric-journey-from-leon-to-gijon-with-urbanbiker\/"},"author":{"name":"UrbanBiker Espa\u00f1a","@id":"https:\/\/www.urbanbiker.com\/en\/#\/schema\/person\/3a87fe08ae0ad7df010c4f0609a75e9c"},"headline":"An electric journey from Le\u00f3n to Gij\u00f3n with UrbanBiker | 30 days on bike","datePublished":"2025-10-24T12:25:11+00:00","dateModified":"2025-10-26T16:18:29+00:00","mainEntityOfPage":{"@id":"https:\/\/www.urbanbiker.com\/en\/an-electric-journey-from-leon-to-gijon-with-urbanbiker\/"},"wordCount":1301,"commentCount":0,"publisher":{"@id":"https:\/\/www.urbanbiker.com\/en\/#organization"},"image":{"@id":"https:\/\/www.urbanbiker.com\/en\/an-electric-journey-from-leon-to-gijon-with-urbanbiker\/#primaryimage"},"thumbnailUrl":"https:\/\/www.urbanbiker.com\/wp-content\/uploads\/2025\/10\/Asi-hablan-de-Urbanbiker-en-el-mercado-internacional-de-ebikes-1.jpg","articleSection":["News","Sustainable Mobility"],"inLanguage":"en-US","potentialAction":[{"@type":"CommentAction","name":"Comment","target":["https:\/\/www.urbanbiker.com\/en\/an-electric-journey-from-leon-to-gijon-with-urbanbiker\/#respond"]}]},{"@type":"WebPage","@id":"https:\/\/www.urbanbiker.com\/en\/an-electric-journey-from-leon-to-gijon-with-urbanbiker\/","url":"https:\/\/www.urbanbiker.com\/en\/an-electric-journey-from-leon-to-gijon-with-urbanbiker\/","name":"An electric journey from Le\u00f3n to Gij\u00f3n with UrbanBiker","isPartOf":{"@id":"https:\/\/www.urbanbiker.com\/en\/#website"},"primaryImageOfPage":{"@id":"https:\/\/www.urbanbiker.com\/en\/an-electric-journey-from-leon-to-gijon-with-urbanbiker\/#primaryimage"},"image":{"@id":"https:\/\/www.urbanbiker.com\/en\/an-electric-journey-from-leon-to-gijon-with-urbanbiker\/#primaryimage"},"thumbnailUrl":"https:\/\/www.urbanbiker.com\/wp-content\/uploads\/2025\/10\/Asi-hablan-de-Urbanbiker-en-el-mercado-internacional-de-ebikes-1.jpg","datePublished":"2025-10-24T12:25:11+00:00","dateModified":"2025-10-26T16:18:29+00:00","description":"Discover the experience of travelling from Le\u00f3n to Gij\u00f3n on a UrbanBiker electric bicycle together with Carlos R., international coordinator of 30 D\u00edas en Bici, and Jorge, Director Sales at UrbanBiker. Two days of freedom, nature and sustainable mobility on two wheels.","breadcrumb":{"@id":"https:\/\/www.urbanbiker.com\/en\/an-electric-journey-from-leon-to-gijon-with-urbanbiker\/#breadcrumb"},"inLanguage":"en-US","potentialAction":[{"@type":"ReadAction","target":["https:\/\/www.urbanbiker.com\/en\/an-electric-journey-from-leon-to-gijon-with-urbanbiker\/"]}]},{"@type":"ImageObject","inLanguage":"en-US","@id":"https:\/\/www.urbanbiker.com\/en\/an-electric-journey-from-leon-to-gijon-with-urbanbiker\/#primaryimage","url":"https:\/\/www.urbanbiker.com\/wp-content\/uploads\/2025\/10\/Asi-hablan-de-Urbanbiker-en-el-mercado-internacional-de-ebikes-1.jpg","contentUrl":"https:\/\/www.urbanbiker.com\/wp-content\/uploads\/2025\/10\/Asi-hablan-de-Urbanbiker-en-el-mercado-internacional-de-ebikes-1.jpg","width":1960,"height":1102},{"@type":"BreadcrumbList","@id":"https:\/\/www.urbanbiker.com\/en\/an-electric-journey-from-leon-to-gijon-with-urbanbiker\/#breadcrumb","itemListElement":[{"@type":"ListItem","position":1,"name":"Portada","item":"https:\/\/www.urbanbiker.com\/en\/"},{"@type":"ListItem","position":2,"name":"An electric journey from Le\u00f3n to Gij\u00f3n with UrbanBiker | 30 days on bike"}]},{"@type":"WebSite","@id":"https:\/\/www.urbanbiker.com\/en\/#website","url":"https:\/\/www.urbanbiker.com\/en\/","name":"UrbanBiker","description":"Electric bicycles","publisher":{"@id":"https:\/\/www.urbanbiker.com\/en\/#organization"},"potentialAction":[{"@type":"SearchAction","target":{"@type":"EntryPoint","urlTemplate":"https:\/\/www.urbanbiker.com\/en\/?s={search_term_string}"},"query-input":{"@type":"PropertyValueSpecification","valueRequired":true,"valueName":"search_term_string"}}],"inLanguage":"en-US"},{"@type":"Organization","@id":"https:\/\/www.urbanbiker.com\/en\/#organization","name":"UrbanBiker","url":"https:\/\/www.urbanbiker.com\/en\/","logo":{"@type":"ImageObject","inLanguage":"en-US","@id":"https:\/\/www.urbanbiker.com\/en\/#\/schema\/logo\/image\/","url":"https:\/\/www.urbanbiker.com\/wp-content\/uploads\/2022\/09\/Logo-principal-sin-fondo.png","contentUrl":"https:\/\/www.urbanbiker.com\/wp-content\/uploads\/2022\/09\/Logo-principal-sin-fondo.png","width":2560,"height":934,"caption":"UrbanBiker"},"image":{"@id":"https:\/\/www.urbanbiker.com\/en\/#\/schema\/logo\/image\/"},"sameAs":["https:\/\/www.facebook.com\/Urbanbikerbiciselectricas","https:\/\/www.instagram.com\/urbanbiker_\/","https:\/\/www.linkedin.com\/company\/2454235","https:\/\/www.youtube.com\/channel\/UCWR__uH_RWJF-OhPfz-9-Qw"]},{"@type":"Person","@id":"https:\/\/www.urbanbiker.com\/en\/#\/schema\/person\/3a87fe08ae0ad7df010c4f0609a75e9c","name":"UrbanBiker Espa\u00f1a","image":{"@type":"ImageObject","inLanguage":"en-US","@id":"https:\/\/secure.gravatar.com\/avatar\/5a4566847f58b92c592ba1df12070855f95d6f19fdb97a9d5da4d45d9a3d34d2?s=96&d=mm&r=g","url":"https:\/\/secure.gravatar.com\/avatar\/5a4566847f58b92c592ba1df12070855f95d6f19fdb97a9d5da4d45d9a3d34d2?s=96&d=mm&r=g","contentUrl":"https:\/\/secure.gravatar.com\/avatar\/5a4566847f58b92c592ba1df12070855f95d6f19fdb97a9d5da4d45d9a3d34d2?s=96&d=mm&r=g","caption":"UrbanBiker Espa\u00f1a"}}]}},"_links":{"self":[{"href":"https:\/\/www.urbanbiker.com\/en\/wp-json\/wp\/v2\/posts\/56832","targetHints":{"allow":["GET"]}}],"collection":[{"href":"https:\/\/www.urbanbiker.com\/en\/wp-json\/wp\/v2\/posts"}],"about":[{"href":"https:\/\/www.urbanbiker.com\/en\/wp-json\/wp\/v2\/types\/post"}],"author":[{"embeddable":true,"href":"https:\/\/www.urbanbiker.com\/en\/wp-json\/wp\/v2\/users\/28397"}],"replies":[{"embeddable":true,"href":"https:\/\/www.urbanbiker.com\/en\/wp-json\/wp\/v2\/comments?post=56832"}],"version-history":[{"count":2,"href":"https:\/\/www.urbanbiker.com\/en\/wp-json\/wp\/v2\/posts\/56832\/revisions"}],"predecessor-version":[{"id":56834,"href":"https:\/\/www.urbanbiker.com\/en\/wp-json\/wp\/v2\/posts\/56832\/revisions\/56834"}],"wp:featuredmedia":[{"embeddable":true,"href":"https:\/\/www.urbanbiker.com\/en\/wp-json\/wp\/v2\/media\/56582"}],"wp:attachment":[{"href":"https:\/\/www.urbanbiker.com\/en\/wp-json\/wp\/v2\/media?parent=56832"}],"wp:term":[{"taxonomy":"category","embeddable":true,"href":"https:\/\/www.urbanbiker.com\/en\/wp-json\/wp\/v2\/categories?post=56832"},{"taxonomy":"post_tag","embeddable":true,"href":"https:\/\/www.urbanbiker.com\/en\/wp-json\/wp\/v2\/tags?post=56832"}],"curies":[{"name":"wp","href":"https:\/\/api.w.org\/{rel}","templated":true}]}}