{"id":335,"count":1,"description":"<strong>E-Bikes f\u00fcr Kinder und Jugendliche<\/strong> sind f\u00fcr junge Radfahrer und Personen mit geringerer K\u00f6rpergr\u00f6\u00dfe konzipiert, in der Regel zwischen 1,35 m und 1,50 m. Geometrie, Laufradgr\u00f6\u00dfe und Ergonomie sind angepasst, um ein stabiles, sicheres und komfortables Fahrverhalten zu bieten.\r\n\r\nMit 24-Zoll-Laufr\u00e4dern und einem ausgewogenen Gewicht erm\u00f6glichen sie ein einfaches Handling sowohl im st\u00e4dtischen Umfeld als auch auf Feldwegen oder Pisten. Sie verf\u00fcgen \u00fcber eine elektrische Pedalkraftunterst\u00fctzung bis zu 25 km\/h gem\u00e4\u00df der europ\u00e4ischen EPAC-Norm, was das Bew\u00e4ltigen kleiner Steigungen und l\u00e4ngerer Strecken mit weniger Kraftaufwand erleichtert.\r\n\r\nBei UrbanBiker entwickeln wir Modelle, die dieselben Qualit\u00e4ts- und Zuverl\u00e4ssigkeitsstandards wie <strong>E-Bikes<\/strong> f\u00fcr Erwachsene erf\u00fcllen, angepasst an die Gr\u00f6\u00dfe und Bed\u00fcrfnisse jedes Nutzers.","link":"https:\/\/www.urbanbiker.com\/de\/produktkategorie\/ebikes\/elektrische-fahrraeder-fuer-kinder\/","name":"Kinder","slug":"elektrische-fahrraeder-fuer-kinder","taxonomy":"product_cat","parent":675,"meta":{"b2bking_group_b2c":["1"],"b2bking_group_0":["1"],"b2bking_group_62281":[],"b2bking_group_62095":[],"b2bking_group_58331":[],"b2bking_group_57920":[],"b2bking_group_44061":[],"b2bking_group_44050":[],"b2bking_group_44049":[],"b2bking_group_32296":["1"],"b2bking_group_32295":["1"],"b2bking_group_32294":["1"],"b2bking_group_32269":["1"]},"menu_order":4,"yoast_head":"<!-- This site is optimized with the Yoast SEO plugin v27.5 - https:\/\/yoast.com\/product\/yoast-seo-wordpress\/ -->\n<title>Kinder archivos | UrbanBiker<\/title>\n<meta name=\"description\" content=\"Elektrische Fahrr\u00e4der der Marke UrbanBiker f\u00fcr Kinder, damit die gesamte Familie Spa\u00df beim Fahrradfahren haben. | UrbanBiker\" \/>\n<meta name=\"robots\" content=\"index, follow, max-snippet:-1, max-image-preview:large, max-video-preview:-1\" \/>\n<link rel=\"canonical\" href=\"https:\/\/www.urbanbiker.com\/de\/produktkategorie\/ebikes\/elektrische-fahrraeder-fuer-kinder\/\" \/>\n<meta property=\"og:locale\" content=\"de_DE\" \/>\n<meta property=\"og:type\" content=\"article\" \/>\n<meta property=\"og:title\" content=\"Kinder archivos | UrbanBiker\" \/>\n<meta property=\"og:description\" content=\"Elektrische Fahrr\u00e4der der Marke UrbanBiker f\u00fcr Kinder, damit die gesamte Familie Spa\u00df beim Fahrradfahren haben. | UrbanBiker\" \/>\n<meta property=\"og:url\" content=\"https:\/\/www.urbanbiker.com\/de\/produktkategorie\/ebikes\/elektrische-fahrraeder-fuer-kinder\/\" \/>\n<meta property=\"og:site_name\" content=\"UrbanBiker\" \/>\n<meta name=\"twitter:card\" content=\"summary_large_image\" \/>\n<script type=\"application\/ld+json\" class=\"yoast-schema-graph\">{\"@context\":\"https:\\\/\\\/schema.org\",\"@graph\":[{\"@type\":\"CollectionPage\",\"@id\":\"https:\\\/\\\/www.urbanbiker.com\\\/de\\\/produktkategorie\\\/ebikes\\\/elektrische-fahrraeder-fuer-kinder\\\/\",\"url\":\"https:\\\/\\\/www.urbanbiker.com\\\/de\\\/produktkategorie\\\/ebikes\\\/elektrische-fahrraeder-fuer-kinder\\\/\",\"name\":\"Kinder archivos | UrbanBiker\",\"isPartOf\":{\"@id\":\"https:\\\/\\\/www.urbanbiker.com\\\/de\\\/#website\"},\"description\":\"Elektrische Fahrr\u00e4der der Marke UrbanBiker f\u00fcr Kinder, damit die gesamte Familie Spa\u00df beim Fahrradfahren haben. | UrbanBiker\",\"breadcrumb\":{\"@id\":\"https:\\\/\\\/www.urbanbiker.com\\\/de\\\/produktkategorie\\\/ebikes\\\/elektrische-fahrraeder-fuer-kinder\\\/#breadcrumb\"},\"inLanguage\":\"de\"},{\"@type\":\"BreadcrumbList\",\"@id\":\"https:\\\/\\\/www.urbanbiker.com\\\/de\\\/produktkategorie\\\/ebikes\\\/elektrische-fahrraeder-fuer-kinder\\\/#breadcrumb\",\"itemListElement\":[{\"@type\":\"ListItem\",\"position\":1,\"name\":\"Portada\",\"item\":\"https:\\\/\\\/www.urbanbiker.com\\\/de\\\/\"},{\"@type\":\"ListItem\",\"position\":2,\"name\":\"E-Bikes UrbanBiker\",\"item\":\"https:\\\/\\\/www.urbanbiker.com\\\/de\\\/produktkategorie\\\/ebikes\\\/\"},{\"@type\":\"ListItem\",\"position\":3,\"name\":\"Kinder\"}]},{\"@type\":\"WebSite\",\"@id\":\"https:\\\/\\\/www.urbanbiker.com\\\/de\\\/#website\",\"url\":\"https:\\\/\\\/www.urbanbiker.com\\\/de\\\/\",\"name\":\"UrbanBiker\",\"description\":\"Elektrische Fahrr\u00e4der\",\"publisher\":{\"@id\":\"https:\\\/\\\/www.urbanbiker.com\\\/de\\\/#organization\"},\"potentialAction\":[{\"@type\":\"SearchAction\",\"target\":{\"@type\":\"EntryPoint\",\"urlTemplate\":\"https:\\\/\\\/www.urbanbiker.com\\\/de\\\/?s={search_term_string}\"},\"query-input\":{\"@type\":\"PropertyValueSpecification\",\"valueRequired\":true,\"valueName\":\"search_term_string\"}}],\"inLanguage\":\"de\"},{\"@type\":\"Organization\",\"@id\":\"https:\\\/\\\/www.urbanbiker.com\\\/de\\\/#organization\",\"name\":\"UrbanBiker\",\"url\":\"https:\\\/\\\/www.urbanbiker.com\\\/de\\\/\",\"logo\":{\"@type\":\"ImageObject\",\"inLanguage\":\"de\",\"@id\":\"https:\\\/\\\/www.urbanbiker.com\\\/de\\\/#\\\/schema\\\/logo\\\/image\\\/\",\"url\":\"https:\\\/\\\/www.urbanbiker.com\\\/wp-content\\\/uploads\\\/2022\\\/09\\\/Logo-principal-sin-fondo.png\",\"contentUrl\":\"https:\\\/\\\/www.urbanbiker.com\\\/wp-content\\\/uploads\\\/2022\\\/09\\\/Logo-principal-sin-fondo.png\",\"width\":2560,\"height\":934,\"caption\":\"UrbanBiker\"},\"image\":{\"@id\":\"https:\\\/\\\/www.urbanbiker.com\\\/de\\\/#\\\/schema\\\/logo\\\/image\\\/\"},\"sameAs\":[\"https:\\\/\\\/www.facebook.com\\\/Urbanbikerbiciselectricas\",\"https:\\\/\\\/www.instagram.com\\\/urbanbiker_\\\/\",\"https:\\\/\\\/www.linkedin.com\\\/company\\\/2454235\",\"https:\\\/\\\/www.youtube.com\\\/channel\\\/UCWR__uH_RWJF-OhPfz-9-Qw\"]}]}<\/script>\n<!-- \/ Yoast SEO plugin. -->","yoast_head_json":{"title":"Kinder archivos | UrbanBiker","description":"Elektrische Fahrr\u00e4der der Marke UrbanBiker f\u00fcr Kinder, damit die gesamte Familie Spa\u00df beim Fahrradfahren haben. | UrbanBiker","robots":{"index":"index","follow":"follow","max-snippet":"max-snippet:-1","max-image-preview":"max-image-preview:large","max-video-preview":"max-video-preview:-1"},"canonical":"https:\/\/www.urbanbiker.com\/de\/produktkategorie\/ebikes\/elektrische-fahrraeder-fuer-kinder\/","og_locale":"de_DE","og_type":"article","og_title":"Kinder archivos | UrbanBiker","og_description":"Elektrische Fahrr\u00e4der der Marke UrbanBiker f\u00fcr Kinder, damit die gesamte Familie Spa\u00df beim Fahrradfahren haben. | UrbanBiker","og_url":"https:\/\/www.urbanbiker.com\/de\/produktkategorie\/ebikes\/elektrische-fahrraeder-fuer-kinder\/","og_site_name":"UrbanBiker","twitter_card":"summary_large_image","schema":{"@context":"https:\/\/schema.org","@graph":[{"@type":"CollectionPage","@id":"https:\/\/www.urbanbiker.com\/de\/produktkategorie\/ebikes\/elektrische-fahrraeder-fuer-kinder\/","url":"https:\/\/www.urbanbiker.com\/de\/produktkategorie\/ebikes\/elektrische-fahrraeder-fuer-kinder\/","name":"Kinder archivos | UrbanBiker","isPartOf":{"@id":"https:\/\/www.urbanbiker.com\/de\/#website"},"description":"Elektrische Fahrr\u00e4der der Marke UrbanBiker f\u00fcr Kinder, damit die gesamte Familie Spa\u00df beim Fahrradfahren haben. | UrbanBiker","breadcrumb":{"@id":"https:\/\/www.urbanbiker.com\/de\/produktkategorie\/ebikes\/elektrische-fahrraeder-fuer-kinder\/#breadcrumb"},"inLanguage":"de"},{"@type":"BreadcrumbList","@id":"https:\/\/www.urbanbiker.com\/de\/produktkategorie\/ebikes\/elektrische-fahrraeder-fuer-kinder\/#breadcrumb","itemListElement":[{"@type":"ListItem","position":1,"name":"Portada","item":"https:\/\/www.urbanbiker.com\/de\/"},{"@type":"ListItem","position":2,"name":"E-Bikes UrbanBiker","item":"https:\/\/www.urbanbiker.com\/de\/produktkategorie\/ebikes\/"},{"@type":"ListItem","position":3,"name":"Kinder"}]},{"@type":"WebSite","@id":"https:\/\/www.urbanbiker.com\/de\/#website","url":"https:\/\/www.urbanbiker.com\/de\/","name":"UrbanBiker","description":"Elektrische Fahrr\u00e4der","publisher":{"@id":"https:\/\/www.urbanbiker.com\/de\/#organization"},"potentialAction":[{"@type":"SearchAction","target":{"@type":"EntryPoint","urlTemplate":"https:\/\/www.urbanbiker.com\/de\/?s={search_term_string}"},"query-input":{"@type":"PropertyValueSpecification","valueRequired":true,"valueName":"search_term_string"}}],"inLanguage":"de"},{"@type":"Organization","@id":"https:\/\/www.urbanbiker.com\/de\/#organization","name":"UrbanBiker","url":"https:\/\/www.urbanbiker.com\/de\/","logo":{"@type":"ImageObject","inLanguage":"de","@id":"https:\/\/www.urbanbiker.com\/de\/#\/schema\/logo\/image\/","url":"https:\/\/www.urbanbiker.com\/wp-content\/uploads\/2022\/09\/Logo-principal-sin-fondo.png","contentUrl":"https:\/\/www.urbanbiker.com\/wp-content\/uploads\/2022\/09\/Logo-principal-sin-fondo.png","width":2560,"height":934,"caption":"UrbanBiker"},"image":{"@id":"https:\/\/www.urbanbiker.com\/de\/#\/schema\/logo\/image\/"},"sameAs":["https:\/\/www.facebook.com\/Urbanbikerbiciselectricas","https:\/\/www.instagram.com\/urbanbiker_\/","https:\/\/www.linkedin.com\/company\/2454235","https:\/\/www.youtube.com\/channel\/UCWR__uH_RWJF-OhPfz-9-Qw"]}]}},"_links":{"self":[{"href":"https:\/\/www.urbanbiker.com\/de\/wp-json\/wp\/v2\/product_cat\/335","targetHints":{"allow":["GET"]}}],"collection":[{"href":"https:\/\/www.urbanbiker.com\/de\/wp-json\/wp\/v2\/product_cat"}],"about":[{"href":"https:\/\/www.urbanbiker.com\/de\/wp-json\/wp\/v2\/taxonomies\/product_cat"}],"up":[{"embeddable":true,"href":"https:\/\/www.urbanbiker.com\/de\/wp-json\/wp\/v2\/product_cat\/675"}],"wp:post_type":[{"href":"https:\/\/www.urbanbiker.com\/de\/wp-json\/wp\/v2\/product?product_cat=335"}],"curies":[{"name":"wp","href":"https:\/\/api.w.org\/{rel}","templated":true}]}}