{"id":62255,"date":"2026-03-10T17:05:31","date_gmt":"2026-03-10T16:05:31","guid":{"rendered":"https:\/\/www.urbanbiker.com\/urbanbiker-in-tradebike-wachstum-und-realer-einsatz-des-e-bikes\/"},"modified":"2026-03-10T17:05:31","modified_gmt":"2026-03-10T16:05:31","slug":"urbanbiker-in-tradebike-wachstum-und-realer-einsatz-des-e-bikes","status":"publish","type":"post","link":"https:\/\/www.urbanbiker.com\/de\/urbanbiker-in-tradebike-wachstum-und-realer-einsatz-des-e-bikes\/","title":{"rendered":"UrbanBiker in TradeBike: Wachstum und realer Einsatz des E-Bikes"},"content":{"rendered":"<p data-start=\"607\" data-end=\"752\">Die Fachzeitschrift <a href=\"https:\/\/www.tradebike.es\/\"><strong data-start=\"632\" data-end=\"645\">TradeBike<\/strong><\/a> hat k\u00fcrzlich einen Artikel \u00fcber <a href=\"https:\/\/www.urbanbiker.com\/de\/\">UrbanBiker<\/a> in ihrem Spezial zum Thema urbane Mobilit\u00e4t ver\u00f6ffentlicht.<\/p>\n<p data-start=\"754\" data-end=\"925\">Den vollst\u00e4ndigen Bericht k\u00f6nnen Sie hier lesen:<br data-start=\"793\" data-end=\"796\"><a class=\"decorated-link\" href=\"https:\/\/www.tradebike.es\/Articulos\/622000-UrbanBiker-mantiene-su-crecimiento-con-un-modelo-centrado-en-el-uso-real-de-e-bike.html\" target=\"_new\" rel=\"noopener\" data-start=\"796\" data-end=\"925\">https:\/\/www.tradebike.es\/Articulos\/622000-UrbanBiker-mantiene-su-crecimiento-con-un-modelo-centrado-en-el-uso-real-de-e-bike.html<\/a><\/p>\n<p data-start=\"927\" data-end=\"1144\">Der Artikel analysiert die Entwicklung der Marke in den letzten Jahren und konzentriert sich auf eine Idee, die von Anfang an Teil unserer Arbeitsweise war: <strong data-start=\"1084\" data-end=\"1143\">Elektrofahrr\u00e4der zu entwickeln, die f\u00fcr den realen Einsatz konzipiert sind<\/strong>.<\/p>\n<p data-start=\"1146\" data-end=\"1274\">Nicht f\u00fcr das Foto.<br data-start=\"1162\" data-end=\"1165\">Um diesen bestimmten Anstieg zu bew\u00e4ltigen.<br data-start=\"1196\" data-end=\"1199\">Um jeden Morgen diese lange Allee entlangzufahren.<br data-start=\"1243\" data-end=\"1246\">Um sich jeden Tag besser fortzubewegen.<\/p>\n<h2><strong>Ein Modell, das darauf basiert, den Nutzern zuzuh\u00f6ren<\/strong><\/h2>\n<p data-start=\"1337\" data-end=\"1493\">Der Bericht erkl\u00e4rt, dass ein wichtiger Teil des Wachstums von UrbanBiker auf einer Produktentwicklung basiert, die sehr eng mit der Realit\u00e4t des Marktes verbunden ist.<\/p>\n<p data-start=\"1495\" data-end=\"1567\">Wir h\u00f6ren denen zu, die t\u00e4glich mit dem E-Bike arbeiten:<\/p>\n<ul>\n<li data-start=\"1495\" data-end=\"1567\">H\u00e4ndler, die wissen, was die Nutzer suchen<\/li>\n<li data-start=\"1495\" data-end=\"1567\">Werkst\u00e4tten, die sehen, wie sich die Fahrr\u00e4der im Laufe der Zeit verhalten<\/li>\n<li data-start=\"1495\" data-end=\"1567\">Menschen, die das E-Bike als t\u00e4gliches Fortbewegungsmittel nutzen<\/li>\n<\/ul>\n<p data-start=\"1781\" data-end=\"1872\">All diese Informationen flie\u00dfen in reale Verbesserungen jeder neuen Fahrradgeneration ein. Es geht nicht nur darum, Technologie zu integrieren, sondern sicherzustellen, dass <strong data-start=\"1944\" data-end=\"1999\">jedes Modell auf konkrete Nutzungssituationen reagiert<\/strong>. <\/p>\n<p data-start=\"1781\" data-end=\"1872\"><a href=\"https:\/\/www.urbanbiker.com\/wp-content\/uploads\/2026\/03\/UrbanBiker-en-la-prensa-especializada.png\"><img fetchpriority=\"high\" decoding=\"async\" class=\"alignnone size-medium wp-image-62176\" src=\"https:\/\/www.urbanbiker.com\/wp-content\/uploads\/2026\/03\/UrbanBiker-en-la-prensa-especializada-240x300.png\" alt=\"Tradebike spricht \u00fcber UrbanBiker\" width=\"240\" height=\"300\" srcset=\"https:\/\/www.urbanbiker.com\/wp-content\/uploads\/2026\/03\/UrbanBiker-en-la-prensa-especializada-240x300.png 240w, https:\/\/www.urbanbiker.com\/wp-content\/uploads\/2026\/03\/UrbanBiker-en-la-prensa-especializada-819x1024.png 819w, https:\/\/www.urbanbiker.com\/wp-content\/uploads\/2026\/03\/UrbanBiker-en-la-prensa-especializada-768x960.png 768w, https:\/\/www.urbanbiker.com\/wp-content\/uploads\/2026\/03\/UrbanBiker-en-la-prensa-especializada-800x1000.png 800w, https:\/\/www.urbanbiker.com\/wp-content\/uploads\/2026\/03\/UrbanBiker-en-la-prensa-especializada.png 1080w\" sizes=\"(max-width: 240px) 100vw, 240px\" \/><\/a><\/p>\n<h2><strong>Fahrr\u00e4der f\u00fcr den Alltag<\/strong><\/h2>\n<p data-start=\"2045\" data-end=\"2239\">Bei UrbanBiker entwickeln wir E-Bikes unter Ber\u00fccksichtigung ihrer tats\u00e4chlichen Nutzung: t\u00e4gliche Pendelfahrten, Stadtfahrten, Touren auf Wegen oder gemischte Strecken zwischen Stadt und Natur. Deshalb arbeiten wir an Aspekten, die im Alltag einen Unterschied machen: <\/p>\n<ul>\n<li data-start=\"2045\" data-end=\"2239\">Fahrkomfort<\/li>\n<li data-start=\"2045\" data-end=\"2239\">ausreichende Reichweite f\u00fcr den ganzen Tag<\/li>\n<li data-start=\"2045\" data-end=\"2239\">mechanische und elektrische Zuverl\u00e4ssigkeit<\/li>\n<li data-start=\"2045\" data-end=\"2239\">einfache Wartung<\/li>\n<li data-start=\"2045\" data-end=\"2239\">ausgewogene elektrische Unterst\u00fctzung<\/li>\n<\/ul>\n<p>Das Ziel ist einfach: Das E-Bike soll eine <strong data-start=\"2543\" data-end=\"2592\">praktische, zuverl\u00e4ssige und angenehm zu nutzende L\u00f6sung<\/strong> sein.<\/p>\n<h2><strong>Entdecken Sie die UrbanBiker-Produktpalette<\/strong><\/h2>\n<p>Wenn Sie mehr \u00fcber unsere Modelle erfahren m\u00f6chten, k\u00f6nnen Sie unsere <a href=\"https:\/\/www.urbanbiker.com\/de\/produktkategorie\/ebikes\/staedtische-elektrofahrraeder\/\"><strong data-start=\"2703\" data-end=\"2736\">urbanen E-Bikes<\/strong><\/a>, die f\u00fcr die t\u00e4gliche Mobilit\u00e4t konzipiert sind, oder die gesamte <strong data-start=\"2786\" data-end=\"2817\">komplette UrbanBiker-Produktpalette<\/strong> auf unserer offiziellen Website erkunden.<\/p>\n<p data-start=\"3106\" data-end=\"3166\">Wir bleiben mit den F\u00fc\u00dfen in der Fabrik und den Augen auf der Stra\u00dfe.<\/p>\n<p data-start=\"3168\" data-end=\"3205\"><strong data-start=\"3168\" data-end=\"3205\">Kommen Sie mit uns, wohin Sie wollen.<\/strong><\/p>\n","protected":false},"excerpt":{"rendered":"<p>Die Fachzeitschrift TradeBike hat k\u00fcrzlich einen Artikel \u00fcber UrbanBiker in ihrem Spezial zum Thema urbane Mobilit\u00e4t ver\u00f6ffentlicht. Den vollst\u00e4ndigen Bericht k\u00f6nnen Sie hier lesen:https:\/\/www.tradebike.es\/Articulos\/622000-UrbanBiker-mantiene-su-crecimiento-con-un-modelo-centrado-en-el-uso-real-de-e-bike.html Der Artikel analysiert die Entwicklung der Marke in den letzten Jahren und konzentriert sich auf eine Idee, die von Anfang an Teil unserer Arbeitsweise war: Elektrofahrr\u00e4der zu entwickeln, die f\u00fcr den [&hellip;]<\/p>\n","protected":false},"author":28397,"featured_media":62188,"comment_status":"open","ping_status":"open","sticky":false,"template":"","format":"standard","meta":{"footnotes":""},"categories":[304],"tags":[],"class_list":["post-62255","post","type-post","status-publish","format-standard","has-post-thumbnail","hentry","category-nachrichten"],"yoast_head":"<!-- This site is optimized with the Yoast SEO plugin v27.4 - https:\/\/yoast.com\/product\/yoast-seo-wordpress\/ -->\n<title>UrbanBiker in TradeBike: Wachstum und realer Einsatz des E-Bikes | UrbanBiker<\/title>\n<meta name=\"description\" content=\"UrbanBiker wird in TradeBike vorgestellt und hebt sein Wachstum hervor, das auf dem realen Einsatz von Elektrofahrr\u00e4dern und der Entwicklung von Modellen f\u00fcr die t\u00e4gliche Mobilit\u00e4t basiert.\" \/>\n<meta name=\"robots\" content=\"noindex, follow\" \/>\n<meta property=\"og:locale\" content=\"de_DE\" \/>\n<meta property=\"og:type\" content=\"article\" \/>\n<meta property=\"og:title\" content=\"UrbanBiker in TradeBike: Wachstum und realer Einsatz des E-Bikes | UrbanBiker\" \/>\n<meta property=\"og:description\" content=\"UrbanBiker wird in TradeBike vorgestellt und hebt sein Wachstum hervor, das auf dem realen Einsatz von Elektrofahrr\u00e4dern und der Entwicklung von Modellen f\u00fcr die t\u00e4gliche Mobilit\u00e4t basiert.\" \/>\n<meta property=\"og:url\" content=\"https:\/\/www.urbanbiker.com\/de\/urbanbiker-in-tradebike-wachstum-und-realer-einsatz-des-e-bikes\/\" \/>\n<meta property=\"og:site_name\" content=\"UrbanBiker\" \/>\n<meta property=\"article:publisher\" content=\"https:\/\/www.facebook.com\/Urbanbikerbiciselectricas\" \/>\n<meta property=\"article:published_time\" content=\"2026-03-10T16:05:31+00:00\" \/>\n<meta property=\"og:image\" content=\"https:\/\/www.urbanbiker.com\/wp-content\/uploads\/2026\/03\/Urbanbiker-prensa-1024x512.png\" \/>\n\t<meta property=\"og:image:width\" content=\"1024\" \/>\n\t<meta property=\"og:image:height\" content=\"512\" \/>\n\t<meta property=\"og:image:type\" content=\"image\/png\" \/>\n<meta name=\"author\" content=\"UrbanBiker Espa\u00f1a\" \/>\n<meta name=\"twitter:card\" content=\"summary_large_image\" \/>\n<meta name=\"twitter:label1\" content=\"Verfasst von\" \/>\n\t<meta name=\"twitter:data1\" content=\"UrbanBiker Espa\u00f1a\" \/>\n\t<meta name=\"twitter:label2\" content=\"Gesch\u00e4tzte Lesezeit\" \/>\n\t<meta name=\"twitter:data2\" content=\"2\u00a0Minute\" \/>\n<script type=\"application\/ld+json\" class=\"yoast-schema-graph\">{\"@context\":\"https:\\\/\\\/schema.org\",\"@graph\":[{\"@type\":\"Article\",\"@id\":\"https:\\\/\\\/www.urbanbiker.com\\\/de\\\/urbanbiker-in-tradebike-wachstum-und-realer-einsatz-des-e-bikes\\\/#article\",\"isPartOf\":{\"@id\":\"https:\\\/\\\/www.urbanbiker.com\\\/de\\\/urbanbiker-in-tradebike-wachstum-und-realer-einsatz-des-e-bikes\\\/\"},\"author\":{\"name\":\"UrbanBiker Espa\u00f1a\",\"@id\":\"https:\\\/\\\/www.urbanbiker.com\\\/de\\\/#\\\/schema\\\/person\\\/3a87fe08ae0ad7df010c4f0609a75e9c\"},\"headline\":\"UrbanBiker in TradeBike: Wachstum und realer Einsatz des E-Bikes\",\"datePublished\":\"2026-03-10T16:05:31+00:00\",\"mainEntityOfPage\":{\"@id\":\"https:\\\/\\\/www.urbanbiker.com\\\/de\\\/urbanbiker-in-tradebike-wachstum-und-realer-einsatz-des-e-bikes\\\/\"},\"wordCount\":357,\"commentCount\":0,\"publisher\":{\"@id\":\"https:\\\/\\\/www.urbanbiker.com\\\/de\\\/#organization\"},\"image\":{\"@id\":\"https:\\\/\\\/www.urbanbiker.com\\\/de\\\/urbanbiker-in-tradebike-wachstum-und-realer-einsatz-des-e-bikes\\\/#primaryimage\"},\"thumbnailUrl\":\"https:\\\/\\\/www.urbanbiker.com\\\/wp-content\\\/uploads\\\/2026\\\/03\\\/Urbanbiker-prensa-scaled.png\",\"articleSection\":[\"Nachrichten\"],\"inLanguage\":\"de\",\"potentialAction\":[{\"@type\":\"CommentAction\",\"name\":\"Comment\",\"target\":[\"https:\\\/\\\/www.urbanbiker.com\\\/de\\\/urbanbiker-in-tradebike-wachstum-und-realer-einsatz-des-e-bikes\\\/#respond\"]}]},{\"@type\":\"WebPage\",\"@id\":\"https:\\\/\\\/www.urbanbiker.com\\\/de\\\/urbanbiker-in-tradebike-wachstum-und-realer-einsatz-des-e-bikes\\\/\",\"url\":\"https:\\\/\\\/www.urbanbiker.com\\\/de\\\/urbanbiker-in-tradebike-wachstum-und-realer-einsatz-des-e-bikes\\\/\",\"name\":\"UrbanBiker in TradeBike: Wachstum und realer Einsatz des E-Bikes | UrbanBiker\",\"isPartOf\":{\"@id\":\"https:\\\/\\\/www.urbanbiker.com\\\/de\\\/#website\"},\"primaryImageOfPage\":{\"@id\":\"https:\\\/\\\/www.urbanbiker.com\\\/de\\\/urbanbiker-in-tradebike-wachstum-und-realer-einsatz-des-e-bikes\\\/#primaryimage\"},\"image\":{\"@id\":\"https:\\\/\\\/www.urbanbiker.com\\\/de\\\/urbanbiker-in-tradebike-wachstum-und-realer-einsatz-des-e-bikes\\\/#primaryimage\"},\"thumbnailUrl\":\"https:\\\/\\\/www.urbanbiker.com\\\/wp-content\\\/uploads\\\/2026\\\/03\\\/Urbanbiker-prensa-scaled.png\",\"datePublished\":\"2026-03-10T16:05:31+00:00\",\"description\":\"UrbanBiker wird in TradeBike vorgestellt und hebt sein Wachstum hervor, das auf dem realen Einsatz von Elektrofahrr\u00e4dern und der Entwicklung von Modellen f\u00fcr die t\u00e4gliche Mobilit\u00e4t basiert.\",\"breadcrumb\":{\"@id\":\"https:\\\/\\\/www.urbanbiker.com\\\/de\\\/urbanbiker-in-tradebike-wachstum-und-realer-einsatz-des-e-bikes\\\/#breadcrumb\"},\"inLanguage\":\"de\",\"potentialAction\":[{\"@type\":\"ReadAction\",\"target\":[\"https:\\\/\\\/www.urbanbiker.com\\\/de\\\/urbanbiker-in-tradebike-wachstum-und-realer-einsatz-des-e-bikes\\\/\"]}]},{\"@type\":\"ImageObject\",\"inLanguage\":\"de\",\"@id\":\"https:\\\/\\\/www.urbanbiker.com\\\/de\\\/urbanbiker-in-tradebike-wachstum-und-realer-einsatz-des-e-bikes\\\/#primaryimage\",\"url\":\"https:\\\/\\\/www.urbanbiker.com\\\/wp-content\\\/uploads\\\/2026\\\/03\\\/Urbanbiker-prensa-scaled.png\",\"contentUrl\":\"https:\\\/\\\/www.urbanbiker.com\\\/wp-content\\\/uploads\\\/2026\\\/03\\\/Urbanbiker-prensa-scaled.png\",\"width\":2560,\"height\":1280},{\"@type\":\"BreadcrumbList\",\"@id\":\"https:\\\/\\\/www.urbanbiker.com\\\/de\\\/urbanbiker-in-tradebike-wachstum-und-realer-einsatz-des-e-bikes\\\/#breadcrumb\",\"itemListElement\":[{\"@type\":\"ListItem\",\"position\":1,\"name\":\"Portada\",\"item\":\"https:\\\/\\\/www.urbanbiker.com\\\/de\\\/\"},{\"@type\":\"ListItem\",\"position\":2,\"name\":\"UrbanBiker in TradeBike: Wachstum und realer Einsatz des E-Bikes\"}]},{\"@type\":\"WebSite\",\"@id\":\"https:\\\/\\\/www.urbanbiker.com\\\/de\\\/#website\",\"url\":\"https:\\\/\\\/www.urbanbiker.com\\\/de\\\/\",\"name\":\"UrbanBiker\",\"description\":\"Elektrische Fahrr\u00e4der\",\"publisher\":{\"@id\":\"https:\\\/\\\/www.urbanbiker.com\\\/de\\\/#organization\"},\"potentialAction\":[{\"@type\":\"SearchAction\",\"target\":{\"@type\":\"EntryPoint\",\"urlTemplate\":\"https:\\\/\\\/www.urbanbiker.com\\\/de\\\/?s={search_term_string}\"},\"query-input\":{\"@type\":\"PropertyValueSpecification\",\"valueRequired\":true,\"valueName\":\"search_term_string\"}}],\"inLanguage\":\"de\"},{\"@type\":\"Organization\",\"@id\":\"https:\\\/\\\/www.urbanbiker.com\\\/de\\\/#organization\",\"name\":\"UrbanBiker\",\"url\":\"https:\\\/\\\/www.urbanbiker.com\\\/de\\\/\",\"logo\":{\"@type\":\"ImageObject\",\"inLanguage\":\"de\",\"@id\":\"https:\\\/\\\/www.urbanbiker.com\\\/de\\\/#\\\/schema\\\/logo\\\/image\\\/\",\"url\":\"https:\\\/\\\/www.urbanbiker.com\\\/wp-content\\\/uploads\\\/2022\\\/09\\\/Logo-principal-sin-fondo.png\",\"contentUrl\":\"https:\\\/\\\/www.urbanbiker.com\\\/wp-content\\\/uploads\\\/2022\\\/09\\\/Logo-principal-sin-fondo.png\",\"width\":2560,\"height\":934,\"caption\":\"UrbanBiker\"},\"image\":{\"@id\":\"https:\\\/\\\/www.urbanbiker.com\\\/de\\\/#\\\/schema\\\/logo\\\/image\\\/\"},\"sameAs\":[\"https:\\\/\\\/www.facebook.com\\\/Urbanbikerbiciselectricas\",\"https:\\\/\\\/www.instagram.com\\\/urbanbiker_\\\/\",\"https:\\\/\\\/www.linkedin.com\\\/company\\\/2454235\",\"https:\\\/\\\/www.youtube.com\\\/channel\\\/UCWR__uH_RWJF-OhPfz-9-Qw\"]},{\"@type\":\"Person\",\"@id\":\"https:\\\/\\\/www.urbanbiker.com\\\/de\\\/#\\\/schema\\\/person\\\/3a87fe08ae0ad7df010c4f0609a75e9c\",\"name\":\"UrbanBiker Espa\u00f1a\",\"image\":{\"@type\":\"ImageObject\",\"inLanguage\":\"de\",\"@id\":\"https:\\\/\\\/secure.gravatar.com\\\/avatar\\\/5a4566847f58b92c592ba1df12070855f95d6f19fdb97a9d5da4d45d9a3d34d2?s=96&d=mm&r=g\",\"url\":\"https:\\\/\\\/secure.gravatar.com\\\/avatar\\\/5a4566847f58b92c592ba1df12070855f95d6f19fdb97a9d5da4d45d9a3d34d2?s=96&d=mm&r=g\",\"contentUrl\":\"https:\\\/\\\/secure.gravatar.com\\\/avatar\\\/5a4566847f58b92c592ba1df12070855f95d6f19fdb97a9d5da4d45d9a3d34d2?s=96&d=mm&r=g\",\"caption\":\"UrbanBiker Espa\u00f1a\"}}]}<\/script>\n<!-- \/ Yoast SEO plugin. -->","yoast_head_json":{"title":"UrbanBiker in TradeBike: Wachstum und realer Einsatz des E-Bikes | UrbanBiker","description":"UrbanBiker wird in TradeBike vorgestellt und hebt sein Wachstum hervor, das auf dem realen Einsatz von Elektrofahrr\u00e4dern und der Entwicklung von Modellen f\u00fcr die t\u00e4gliche Mobilit\u00e4t basiert.","robots":{"index":"noindex","follow":"follow"},"og_locale":"de_DE","og_type":"article","og_title":"UrbanBiker in TradeBike: Wachstum und realer Einsatz des E-Bikes | UrbanBiker","og_description":"UrbanBiker wird in TradeBike vorgestellt und hebt sein Wachstum hervor, das auf dem realen Einsatz von Elektrofahrr\u00e4dern und der Entwicklung von Modellen f\u00fcr die t\u00e4gliche Mobilit\u00e4t basiert.","og_url":"https:\/\/www.urbanbiker.com\/de\/urbanbiker-in-tradebike-wachstum-und-realer-einsatz-des-e-bikes\/","og_site_name":"UrbanBiker","article_publisher":"https:\/\/www.facebook.com\/Urbanbikerbiciselectricas","article_published_time":"2026-03-10T16:05:31+00:00","og_image":[{"width":1024,"height":512,"url":"https:\/\/www.urbanbiker.com\/wp-content\/uploads\/2026\/03\/Urbanbiker-prensa-1024x512.png","type":"image\/png"}],"author":"UrbanBiker Espa\u00f1a","twitter_card":"summary_large_image","twitter_misc":{"Verfasst von":"UrbanBiker Espa\u00f1a","Gesch\u00e4tzte Lesezeit":"2\u00a0Minute"},"schema":{"@context":"https:\/\/schema.org","@graph":[{"@type":"Article","@id":"https:\/\/www.urbanbiker.com\/de\/urbanbiker-in-tradebike-wachstum-und-realer-einsatz-des-e-bikes\/#article","isPartOf":{"@id":"https:\/\/www.urbanbiker.com\/de\/urbanbiker-in-tradebike-wachstum-und-realer-einsatz-des-e-bikes\/"},"author":{"name":"UrbanBiker Espa\u00f1a","@id":"https:\/\/www.urbanbiker.com\/de\/#\/schema\/person\/3a87fe08ae0ad7df010c4f0609a75e9c"},"headline":"UrbanBiker in TradeBike: Wachstum und realer Einsatz des E-Bikes","datePublished":"2026-03-10T16:05:31+00:00","mainEntityOfPage":{"@id":"https:\/\/www.urbanbiker.com\/de\/urbanbiker-in-tradebike-wachstum-und-realer-einsatz-des-e-bikes\/"},"wordCount":357,"commentCount":0,"publisher":{"@id":"https:\/\/www.urbanbiker.com\/de\/#organization"},"image":{"@id":"https:\/\/www.urbanbiker.com\/de\/urbanbiker-in-tradebike-wachstum-und-realer-einsatz-des-e-bikes\/#primaryimage"},"thumbnailUrl":"https:\/\/www.urbanbiker.com\/wp-content\/uploads\/2026\/03\/Urbanbiker-prensa-scaled.png","articleSection":["Nachrichten"],"inLanguage":"de","potentialAction":[{"@type":"CommentAction","name":"Comment","target":["https:\/\/www.urbanbiker.com\/de\/urbanbiker-in-tradebike-wachstum-und-realer-einsatz-des-e-bikes\/#respond"]}]},{"@type":"WebPage","@id":"https:\/\/www.urbanbiker.com\/de\/urbanbiker-in-tradebike-wachstum-und-realer-einsatz-des-e-bikes\/","url":"https:\/\/www.urbanbiker.com\/de\/urbanbiker-in-tradebike-wachstum-und-realer-einsatz-des-e-bikes\/","name":"UrbanBiker in TradeBike: Wachstum und realer Einsatz des E-Bikes | UrbanBiker","isPartOf":{"@id":"https:\/\/www.urbanbiker.com\/de\/#website"},"primaryImageOfPage":{"@id":"https:\/\/www.urbanbiker.com\/de\/urbanbiker-in-tradebike-wachstum-und-realer-einsatz-des-e-bikes\/#primaryimage"},"image":{"@id":"https:\/\/www.urbanbiker.com\/de\/urbanbiker-in-tradebike-wachstum-und-realer-einsatz-des-e-bikes\/#primaryimage"},"thumbnailUrl":"https:\/\/www.urbanbiker.com\/wp-content\/uploads\/2026\/03\/Urbanbiker-prensa-scaled.png","datePublished":"2026-03-10T16:05:31+00:00","description":"UrbanBiker wird in TradeBike vorgestellt und hebt sein Wachstum hervor, das auf dem realen Einsatz von Elektrofahrr\u00e4dern und der Entwicklung von Modellen f\u00fcr die t\u00e4gliche Mobilit\u00e4t basiert.","breadcrumb":{"@id":"https:\/\/www.urbanbiker.com\/de\/urbanbiker-in-tradebike-wachstum-und-realer-einsatz-des-e-bikes\/#breadcrumb"},"inLanguage":"de","potentialAction":[{"@type":"ReadAction","target":["https:\/\/www.urbanbiker.com\/de\/urbanbiker-in-tradebike-wachstum-und-realer-einsatz-des-e-bikes\/"]}]},{"@type":"ImageObject","inLanguage":"de","@id":"https:\/\/www.urbanbiker.com\/de\/urbanbiker-in-tradebike-wachstum-und-realer-einsatz-des-e-bikes\/#primaryimage","url":"https:\/\/www.urbanbiker.com\/wp-content\/uploads\/2026\/03\/Urbanbiker-prensa-scaled.png","contentUrl":"https:\/\/www.urbanbiker.com\/wp-content\/uploads\/2026\/03\/Urbanbiker-prensa-scaled.png","width":2560,"height":1280},{"@type":"BreadcrumbList","@id":"https:\/\/www.urbanbiker.com\/de\/urbanbiker-in-tradebike-wachstum-und-realer-einsatz-des-e-bikes\/#breadcrumb","itemListElement":[{"@type":"ListItem","position":1,"name":"Portada","item":"https:\/\/www.urbanbiker.com\/de\/"},{"@type":"ListItem","position":2,"name":"UrbanBiker in TradeBike: Wachstum und realer Einsatz des E-Bikes"}]},{"@type":"WebSite","@id":"https:\/\/www.urbanbiker.com\/de\/#website","url":"https:\/\/www.urbanbiker.com\/de\/","name":"UrbanBiker","description":"Elektrische Fahrr\u00e4der","publisher":{"@id":"https:\/\/www.urbanbiker.com\/de\/#organization"},"potentialAction":[{"@type":"SearchAction","target":{"@type":"EntryPoint","urlTemplate":"https:\/\/www.urbanbiker.com\/de\/?s={search_term_string}"},"query-input":{"@type":"PropertyValueSpecification","valueRequired":true,"valueName":"search_term_string"}}],"inLanguage":"de"},{"@type":"Organization","@id":"https:\/\/www.urbanbiker.com\/de\/#organization","name":"UrbanBiker","url":"https:\/\/www.urbanbiker.com\/de\/","logo":{"@type":"ImageObject","inLanguage":"de","@id":"https:\/\/www.urbanbiker.com\/de\/#\/schema\/logo\/image\/","url":"https:\/\/www.urbanbiker.com\/wp-content\/uploads\/2022\/09\/Logo-principal-sin-fondo.png","contentUrl":"https:\/\/www.urbanbiker.com\/wp-content\/uploads\/2022\/09\/Logo-principal-sin-fondo.png","width":2560,"height":934,"caption":"UrbanBiker"},"image":{"@id":"https:\/\/www.urbanbiker.com\/de\/#\/schema\/logo\/image\/"},"sameAs":["https:\/\/www.facebook.com\/Urbanbikerbiciselectricas","https:\/\/www.instagram.com\/urbanbiker_\/","https:\/\/www.linkedin.com\/company\/2454235","https:\/\/www.youtube.com\/channel\/UCWR__uH_RWJF-OhPfz-9-Qw"]},{"@type":"Person","@id":"https:\/\/www.urbanbiker.com\/de\/#\/schema\/person\/3a87fe08ae0ad7df010c4f0609a75e9c","name":"UrbanBiker Espa\u00f1a","image":{"@type":"ImageObject","inLanguage":"de","@id":"https:\/\/secure.gravatar.com\/avatar\/5a4566847f58b92c592ba1df12070855f95d6f19fdb97a9d5da4d45d9a3d34d2?s=96&d=mm&r=g","url":"https:\/\/secure.gravatar.com\/avatar\/5a4566847f58b92c592ba1df12070855f95d6f19fdb97a9d5da4d45d9a3d34d2?s=96&d=mm&r=g","contentUrl":"https:\/\/secure.gravatar.com\/avatar\/5a4566847f58b92c592ba1df12070855f95d6f19fdb97a9d5da4d45d9a3d34d2?s=96&d=mm&r=g","caption":"UrbanBiker Espa\u00f1a"}}]}},"_links":{"self":[{"href":"https:\/\/www.urbanbiker.com\/de\/wp-json\/wp\/v2\/posts\/62255","targetHints":{"allow":["GET"]}}],"collection":[{"href":"https:\/\/www.urbanbiker.com\/de\/wp-json\/wp\/v2\/posts"}],"about":[{"href":"https:\/\/www.urbanbiker.com\/de\/wp-json\/wp\/v2\/types\/post"}],"author":[{"embeddable":true,"href":"https:\/\/www.urbanbiker.com\/de\/wp-json\/wp\/v2\/users\/28397"}],"replies":[{"embeddable":true,"href":"https:\/\/www.urbanbiker.com\/de\/wp-json\/wp\/v2\/comments?post=62255"}],"version-history":[{"count":0,"href":"https:\/\/www.urbanbiker.com\/de\/wp-json\/wp\/v2\/posts\/62255\/revisions"}],"wp:featuredmedia":[{"embeddable":true,"href":"https:\/\/www.urbanbiker.com\/de\/wp-json\/wp\/v2\/media\/62188"}],"wp:attachment":[{"href":"https:\/\/www.urbanbiker.com\/de\/wp-json\/wp\/v2\/media?parent=62255"}],"wp:term":[{"taxonomy":"category","embeddable":true,"href":"https:\/\/www.urbanbiker.com\/de\/wp-json\/wp\/v2\/categories?post=62255"},{"taxonomy":"post_tag","embeddable":true,"href":"https:\/\/www.urbanbiker.com\/de\/wp-json\/wp\/v2\/tags?post=62255"}],"curies":[{"name":"wp","href":"https:\/\/api.w.org\/{rel}","templated":true}]}}