{"id":56821,"date":"2025-10-24T14:25:11","date_gmt":"2025-10-24T12:25:11","guid":{"rendered":"https:\/\/www.urbanbiker.com\/?p=56821"},"modified":"2025-10-26T17:20:16","modified_gmt":"2025-10-26T16:20:16","slug":"eine-elektrische-reise-von-leon-nach-gijon-auf-dem-e-bike-mit-urbanbiker","status":"publish","type":"post","link":"https:\/\/www.urbanbiker.com\/de\/eine-elektrische-reise-von-leon-nach-gijon-auf-dem-e-bike-mit-urbanbiker\/","title":{"rendered":"Eine elektrische Reise von Le\u00f3n nach Gij\u00f3n auf dem E-Bike mit UrbanBiker | 30 Tage auf dem Rad"},"content":{"rendered":"<h1><strong>Eine elektrische Reise von Le\u00f3n nach Gij\u00f3n: zwei Tage mit dem E-Bike von UrbanBiker<\/strong><\/h1>\n<p><em><strong>Ein Text von Carlos Rodr\u00edguez, internationaler Koordinator von <a href=\"https:\/\/www.30diasenbici.com\/\">30 D\u00edas en Bici<\/a><\/strong><\/em><\/p>\n<p>Ich habe Radfahren immer aus einer Perspektive jenseits von Zahlen, Metriken und Distanzen gedacht. Das ist zentral in der Art, wie die Kampagne 30 D\u00edas en Bici die Ausprobierung, Nutzung und Adaptierung des Fahrrads f\u00fcr pers\u00f6nliche Mobilit\u00e4t f\u00f6rdert. Eine Perspektive, die ihre Vollendung findet, wenn \u2013 \u00fcber sportliche oder freizeitliche Nutzung hinaus \u2013 das Fahrrad zum Fahrzeug der Entdeckung wird. Wir sprechen vom <b>Radtourismus<\/b>, der f\u00fcr mich mehr Transport als Sport ist.<\/p>\n<p>Auf der Fahrt mit einem <b>Elektrofahrrad<\/b> offenbart sich dein Tempo als die perfekte Geschwindigkeit, damit kein Detail deinem Blick entgeht. Und das E-Bike ist Freiheit in reinster Form, ein Synonym f\u00fcr \u201e<b>geh wohin du willst<\/b>\u201c, damit jeder Kilometer sich ins Ged\u00e4chtnis brennt, nicht durch seine H\u00e4rte oder das Gewicht deiner Packtasche, sondern durch seine Essenz.<\/p>\n<p>Vor ein paar Tagen machte ich mich mit Jorge Cabal von <a href=\"http:\/\/www.urbanbiker.com\">UrbanBiker<\/a> auf eine zweit\u00e4gige Route mit unseren elektrischen Fahrr\u00e4dern, um Le\u00f3n mit Gij\u00f3n zu verbinden, um unsere Marken, <a href=\"https:\/\/www.30diasenbici.com\">30DEB<\/a> und <a href=\"http:\/\/www.urbanbiker.com\">UrbanBiker<\/a>, in einem Abenteuer zu vereinen, das alles reflektierte, was wir gemeinsam haben: <b>die Fahrradnutzung f\u00f6rdern, nachhaltig bewegen und den Weg genie\u00dfen.<\/b><\/p>\n<p>Eine E-Bike-Reise, die kein Sporttest war, sondern eine vollst\u00e4ndige Erkl\u00e4rung, dass nachhaltige Mobilit\u00e4t auch Abenteuer, Emotion und Entdeckung sein kann\u2026<\/p>\n<h2><strong>Tag 1: Von der Stadt zu den Gipfeln.<\/strong><\/h2>\n<p>W\u00e4hrend Le\u00f3n sich nach einem Samstag voller <a style=\"cursor: pointer !important; user-select: none !important;\" href=\"https:\/\/es.wikipedia.org\/wiki\/Froil%C3%A1n_de_Le%C3%B3n\">Fest des San Froil\u00e1n<\/a> dehnte, bereiteten wir in der Werkstatt von UrbanBiker, ermutigt durch frisch gebr\u00fchten Kaffee, unsere elektrischen Fahrr\u00e4der vor, mit Packtaschen, Pedalen, Kamera und anderen kleinen Einstellungen. Jorge, mit dem L\u00e4cheln dessen, der die Geheimnisse seiner stillen Energie kennt, und ich, mit dem desjenigen, der kurz davor ist, sie zu entdecken.<\/p>\n<p>Nach kurzer Zeit pedalierten wir quer durch die Stadt Le\u00f3n von Ost nach West. Der erste Kaffee unterwegs fiel in Lorenzana, in der legend\u00e4ren Bar \u201eEl L\u00edder\u201c, deren k\u00f6stliche Tortilla, aufmerksam entspannt G\u00e4ste und beeindruckende Radfahrer-\u00c4sthetik sie zu einer obligatorischen Station f\u00fcr jeden macht, der sich als Radfahrer bezeichnet. Bald begann die Hochebene sich in H\u00fcgel zu falten, w\u00e4hrend im Hintergrund die imposante Kantabrische Gebirgskette zu sehen war. Der Herzschlag meines UrbanBiker <a href=\"https:\/\/www.urbanbiker.com\/de\/produkt\/ub300-fe-mountain-e-bike-vollausgestattet\/\">UB300<\/a> <i>gl\u00e4ttete jeden Rampen, jede kurze Steigung, um mein Treten zu erleichtern, indem er genau den idealen Kraftpunkt zu jedem Moment lieferte<\/i> und sehr bald durchquerten wir den <a href=\"https:\/\/patrimonionatural.org\/espacios-naturales\/parque-natural\/parque-natural-babia-y-luna\">Parque Natural de Babia y Luna<\/a>.<\/p>\n<p>Nach einem kurzen Halt in La Magdalena zum Frischmachen traten wir in wildes Terrain ein. Die Landschaft des Stausees, in einer \u00dcbergangszone zwischen Hochebene und Bergen, ist dramatisch, mit dem tiefen Blau des Wassers, das mit den trockenen, felsigen B\u00f6den der erodierten Klippen kontrastiert. Der Radfahrer zieht sich in die Einsamkeit zur\u00fcck, die \u00fcberw\u00e4ltigende Stille und die epische Dimension, die den Besucher klein f\u00fchlen l\u00e4sst, w\u00e4hrend die einsame Stra\u00dfe am Wasser entlang schl\u00e4ngelt.<\/p>\n<p>An seinem Ufer a\u00dfen wir im <a href=\"https:\/\/clubnauticoleon.es\/\">Club N\u00e1utico de Le\u00f3n<\/a>, mit etwa 60 Kilometern in den Beinen, fast 75 % unserer Reise nach <a href=\"https:\/\/www.aytosanemiliano.es\/los-pueblos\/sanemiliano.html\">San Emiliano<\/a> vollendet und mit nur 28 % Akkuladung verbraucht \u2013 welche \u00dcberraschung! Im ECO-Modus (sparsam, der dem Motor 25 % seiner Unterst\u00fctzungsleistung gibt) hatten wir die Batteriereichweite weit \u00fcber die 88 Kilometer des Tages hinaus verl\u00e4ngert. Der Bildschirm des <a href=\"https:\/\/www.urbanbiker.com\/de\/produkt\/ub200-das-vielseitige-city-e-bike-vollgefedert\/\">UB200<\/a> Trekking-Bikes mit Doppelfederung, das Jorge fuhr, zeigte \u00e4hnliche Verbrauchs- und Reichweitenwerte.<\/p>\n<p>Gut befriedigt mit unseren Nahrungs- und Trinkbed\u00fcrfnissen im Stil von Le\u00f3n setzten wir unseren Weg fort, in Zickzack entlang der Stra\u00dfe am Stausee, um Luna zu verlassen und Babia zu betreten (ja, Babia ist tats\u00e4chlich ein Ort). Ein Ort, wo sich die Zeit ausdehnt in Horizonten von Gr\u00fcn und Stein. Beim Pedalieren auf diesen Stra\u00dfen ist man nicht \u201ein Babia\u201c; man ist einfach.<\/p>\n<p>Und so, mit der Sonne, die begann, mit den K\u00e4mmen des Nationalparks zu spielen, empfing uns San Emiliano, mit einem Bier und einem beeindruckenden Blick auf die Ubi\u00f1as, die im Abendlicht badeten und Platz machten f\u00fcr einen fast vollen Mond, der \u00fcber dem wei\u00dfen Kalkstein herrschte. Nach 88 Kilometern war es Zeit f\u00fcr Ruhe f\u00fcr die reisenden Beine und das Aufladen der Fahrrad-Akkus.<\/p>\n<p><a href=\"https:\/\/www.urbanbiker.com\/wp-content\/uploads\/2025\/10\/UB200-en-ruta.png\"><img fetchpriority=\"high\" decoding=\"async\" class=\"alignnone size-medium wp-image-56653\" src=\"https:\/\/www.urbanbiker.com\/wp-content\/uploads\/2025\/10\/UB200-en-ruta-300x169.png\" alt=\"\" width=\"300\" height=\"169\" srcset=\"https:\/\/www.urbanbiker.com\/wp-content\/uploads\/2025\/10\/UB200-en-ruta-300x169.png 300w, https:\/\/www.urbanbiker.com\/wp-content\/uploads\/2025\/10\/UB200-en-ruta-1024x576.png 1024w, https:\/\/www.urbanbiker.com\/wp-content\/uploads\/2025\/10\/UB200-en-ruta-768x432.png 768w, https:\/\/www.urbanbiker.com\/wp-content\/uploads\/2025\/10\/UB200-en-ruta-1536x864.png 1536w, https:\/\/www.urbanbiker.com\/wp-content\/uploads\/2025\/10\/UB200-en-ruta-2048x1152.png 2048w, https:\/\/www.urbanbiker.com\/wp-content\/uploads\/2025\/10\/UB200-en-ruta-800x450.png 800w\" sizes=\"(max-width: 300px) 100vw, 300px\" \/><\/a><\/p>\n<h2><strong>Tag 2: Auf der Suche nach dem Meer<\/strong><\/h2>\n<p>Der Sonnenaufgang in San Emiliano ist ein gro\u00dfes Umarmen mit dem Gebirgszug. Ohne sich fr\u00fch zu erheben, machten wir uns auf den Weg zur Eroberung des <a href=\"https:\/\/es.wikipedia.org\/wiki\/Puerto_de_Ventana\">Puerto Ventana<\/a>. In jeder Kehre, w\u00e4hrend das Tal sich hinter uns immer mehr verkleinerte, half uns der Motor unserer Fahrr\u00e4der, mit einem fl\u00fcsternden Komplizen, das Gef\u00e4lle zu \u00fcberwinden, so schrittweise und effektiv, dass wir sehr bald die erste Belohnung des Tages hatten: den Gipfel des Passes und die Einfahrt in Asturien. Der eisige Bergwind umarmte uns an der Grenze beider K\u00f6nigreiche. Hinter uns lag das leonesische Vaterland und vor uns st\u00fcrzte sich die Stra\u00dfe in das asturische Land.<\/p>\n<p>Die Abfahrt war ein Flug. Mit abgeschalteter Unterst\u00fctzung sparten wir Batterie und ich konnte die hervorragende Geometrie meines UB300 f\u00fcr die Abfahrt testen. Ein schwindelerregender R\u00fcckgang von 20 Kilometern bis <a href=\"https:\/\/es.wikipedia.org\/wiki\/Teverga\">San Mart\u00edn de Teverga<\/a>, verschlang W\u00e4lder, H\u00f6hlen, Schluchten und Canyon. Nach einer kurzen Pause f\u00fcr Kaffee und Tortilla, verblieb nur noch ein Kilometer Stra\u00dfe bis zur legend\u00e4ren Senda del Oso, einer Verschmelzung der Wut des Berges und des Friedens des Tals, des Fl\u00fcsterns des Flusses und des Knirschen des Kieses unter unseren R\u00e4dern, von Fels\u00adtunneln und uralten W\u00e4ldern, die die Geheimnisse der Vorfahren von Paca und Tola bergen.<\/p>\n<p>Wir w\u00fcrden die Stra\u00dfe nicht mehr betreten. Der Senda del Oso f\u00fchrte uns durch Proaza, Villanueva, Tu\u00f1\u00f3n nach Trubia von wo wir, dem Nal\u00f3n folgend, die V\u00eda Verde del Fuso anschlossen, die uns am Nachmittag gegen drei Uhr nach Oviedo brachte. F\u00fcnfundsiebzig Kilometer (mit fast der H\u00e4lfte der Batterie \u00fcbrig) verdienten eine Pause zum Essen bei <a href=\"https:\/\/lacomtiendaoviedo.es\/\">La Contienda<\/a> und dort entschieden wir uns, die Reise nach Gij\u00f3n mit dem <a href=\"https:\/\/www.renfe.com\/es\/es\/cercanias\">Pendlerzug<\/a> zu machen. Und ich konnte feststellen, dass die UB200 und UB300 sich perfekt verhalten in Aufz\u00fcgen oder Rolltreppen und sich ohne Probleme in den (begrenzten) Platz f\u00fcr Fahrr\u00e4der in jedem Zug einf\u00fcgten.<\/p>\n<p>In Gij\u00f3n, mit der salzigen Meeresluft im Gesicht und einem kleinen Glas Cidre in der Hand, blickten wir zur\u00fcck. Zwei Tage, zwei R\u00e4der, zwei Welten. Vom Plateau bis zum Kantabrischen Meer, gemeinsam mit Jorge Stra\u00dfen, Wege und Pfade, einzigartige Landschaften, endlose Gespr\u00e4che und unvergessliche Erlebnisse geteilt.<\/p>\n<p>Und eine wichtige Entdeckung : mit einem <strong>Elektrofahrrad<\/strong> zu reisen bedeutet nicht, auf Anstrengung zu verzichten. Dieselbe Befriedigung einer gemeisterten Steigung, die Euphorie einer technischen Abfahrt oder der stille Widerstand des Windes wird erlebt. Es gibt kein Gegen\u00fcber und nicht einmal ein \u201eIch gegen\u201c, mit dem man konkurriert, sondern alles besteht darin, den inneren Rhythmus zu finden, der es dir erlaubt, mit der Landschaft zu verschmelzen, diesen pers\u00f6nlichen Takt, der jeden Meter in gelebte Erfahrung verwandelt. Und der Motor meines UB300 ist ein treuer Verb\u00fcndeter in diesem Bem\u00fchen gewesen, das Gel\u00e4nde zu lesen wie ein gutes Buch, jede Seite des Weges genie\u00dfend.<\/p>\n<p><a href=\"https:\/\/www.urbanbiker.com\/wp-content\/uploads\/2025\/10\/Mapa-del-Biciviaje-Leon-Asturias-en-bici-electrica.png\"><img decoding=\"async\" class=\"alignnone size-medium wp-image-56661\" src=\"https:\/\/www.urbanbiker.com\/wp-content\/uploads\/2025\/10\/Mapa-del-Biciviaje-Leon-Asturias-en-bici-electrica-300x169.png\" alt=\"\" width=\"300\" height=\"169\" srcset=\"https:\/\/www.urbanbiker.com\/wp-content\/uploads\/2025\/10\/Mapa-del-Biciviaje-Leon-Asturias-en-bici-electrica-300x169.png 300w, https:\/\/www.urbanbiker.com\/wp-content\/uploads\/2025\/10\/Mapa-del-Biciviaje-Leon-Asturias-en-bici-electrica-1024x576.png 1024w, https:\/\/www.urbanbiker.com\/wp-content\/uploads\/2025\/10\/Mapa-del-Biciviaje-Leon-Asturias-en-bici-electrica-768x432.png 768w, https:\/\/www.urbanbiker.com\/wp-content\/uploads\/2025\/10\/Mapa-del-Biciviaje-Leon-Asturias-en-bici-electrica-1536x864.png 1536w, https:\/\/www.urbanbiker.com\/wp-content\/uploads\/2025\/10\/Mapa-del-Biciviaje-Leon-Asturias-en-bici-electrica-2048x1152.png 2048w, https:\/\/www.urbanbiker.com\/wp-content\/uploads\/2025\/10\/Mapa-del-Biciviaje-Leon-Asturias-en-bici-electrica-800x450.png 800w\" sizes=\"(max-width: 300px) 100vw, 300px\" \/><\/a><\/p>\n<p><strong>UrbanBiker: Geh wo du willst.<\/strong><\/p>\n<p>Wir fertigen elektrische Fahrr\u00e4der, die daf\u00fcr gedacht sind, zu entdecken, zu genie\u00dfen und sich frei zu bewegen.<\/p>\n<p>Wenn auch du dein n\u00e4chstes Abenteuer auf einer E-Bike erleben m\u00f6chtest, besuche <a href=\"http:\/\/www.urbanbiker.com\/de\">www.urbanbiker.com<\/a>.<\/p>\n<p><em>\u00dcber den Autor:<\/em><\/p>\n<p><strong>Carlos Rodr\u00edguez<\/strong> ist internationaler Koordinator von <a href=\"https:\/\/www.30diasenbici.com\/\"><strong>30 D\u00edas en Bici,<\/strong><\/a> einer mehrfach ausgezeichneten globalen Kampagne zur F\u00f6rderung des t\u00e4glichen Fahrradgebrauchs und kooperiert mit <a href=\"http:\/\/www.urbanbiker.com\/de\"><strong>UrbanBiker<\/strong><\/a> bei nachhaltigen Mobilit\u00e4tsprojekten und Radfahrerlebnissen, die dazu inspirieren, das Gebiet auf zwei R\u00e4dern zu entdecken.<\/p>\n<p>Dieser Artikel ist Teil der Kooperation zwischen <strong>UrbanBiker<\/strong> und <strong>30 D\u00edas en Bici<\/strong>, zwei Projekten, die dieselbe Philosophie teilen: sich frei bewegen, den Weg genie\u00dfen und dahin kommen, wo du willst. <strong>Jorge Cabal<\/strong> ist unser Director Sales &amp; International Marketing, der Kilometer und Erfahrungen mit Carlos Rodr\u00edguez auf diesem spa\u00dfigen E-Bike Abenteuer geteilt hat.<\/p>\n","protected":false},"excerpt":{"rendered":"<p>Eine elektrische Reise von Le\u00f3n nach Gij\u00f3n: zwei Tage mit dem E-Bike von UrbanBiker Ein Text von Carlos Rodr\u00edguez, internationaler Koordinator von 30 D\u00edas en Bici Ich habe Radfahren immer aus einer Perspektive jenseits von Zahlen, Metriken und Distanzen gedacht. Das ist zentral in der Art, wie die Kampagne 30 D\u00edas en Bici die Ausprobierung, [&hellip;]<\/p>\n","protected":false},"author":28397,"featured_media":56584,"comment_status":"open","ping_status":"open","sticky":false,"template":"","format":"standard","meta":{"footnotes":""},"categories":[626,304],"tags":[],"class_list":["post-56821","post","type-post","status-publish","format-standard","has-post-thumbnail","hentry","category-nachhaltige-mobilitaet","category-nachrichten"],"yoast_head":"<!-- This site is optimized with the Yoast SEO plugin v27.5 - https:\/\/yoast.com\/product\/yoast-seo-wordpress\/ -->\n<title>Eine elektrische Reise von Le\u00f3n nach Gij\u00f3n auf dem E-Bike mit UrbanBiker<\/title>\n<meta name=\"description\" content=\"Entdecken Sie das Erlebnis, von Le\u00f3n nach Gij\u00f3n auf einem UrbanBiker-Elektrofahrrad gemeinsam mit Carlos R., internationaler Koordinator von 30 D\u00edas en Bici, und Jorge, Director Sales bei UrbanBiker, zu reisen. Zwei Tage Freiheit, Natur und nachhaltige Mobilit\u00e4t auf zwei R\u00e4dern.\" \/>\n<meta name=\"robots\" content=\"index, follow, max-snippet:-1, max-image-preview:large, max-video-preview:-1\" \/>\n<link rel=\"canonical\" href=\"https:\/\/www.urbanbiker.com\/de\/eine-elektrische-reise-von-leon-nach-gijon-auf-dem-e-bike-mit-urbanbiker\/\" \/>\n<meta property=\"og:locale\" content=\"de_DE\" \/>\n<meta property=\"og:type\" content=\"article\" \/>\n<meta property=\"og:title\" content=\"Eine elektrische Reise von Le\u00f3n nach Gij\u00f3n auf dem E-Bike mit UrbanBiker\" \/>\n<meta property=\"og:description\" content=\"Entdecken Sie das Erlebnis, von Le\u00f3n nach Gij\u00f3n auf einem UrbanBiker-Elektrofahrrad gemeinsam mit Carlos R., internationaler Koordinator von 30 D\u00edas en Bici, und Jorge, Director Sales bei UrbanBiker, zu reisen. Zwei Tage Freiheit, Natur und nachhaltige Mobilit\u00e4t auf zwei R\u00e4dern.\" \/>\n<meta property=\"og:url\" content=\"https:\/\/www.urbanbiker.com\/de\/eine-elektrische-reise-von-leon-nach-gijon-auf-dem-e-bike-mit-urbanbiker\/\" \/>\n<meta property=\"og:site_name\" content=\"UrbanBiker\" \/>\n<meta property=\"article:publisher\" content=\"https:\/\/www.facebook.com\/Urbanbikerbiciselectricas\" \/>\n<meta property=\"article:published_time\" content=\"2025-10-24T12:25:11+00:00\" \/>\n<meta property=\"article:modified_time\" content=\"2025-10-26T16:20:16+00:00\" \/>\n<meta property=\"og:image\" content=\"https:\/\/www.urbanbiker.com\/wp-content\/uploads\/2025\/10\/Asi-hablan-de-Urbanbiker-en-el-mercado-internacional-de-ebikes-1.jpg\" \/>\n\t<meta property=\"og:image:width\" content=\"1960\" \/>\n\t<meta property=\"og:image:height\" content=\"1102\" \/>\n\t<meta property=\"og:image:type\" content=\"image\/jpeg\" \/>\n<meta name=\"author\" content=\"UrbanBiker Espa\u00f1a\" \/>\n<meta name=\"twitter:card\" content=\"summary_large_image\" \/>\n<meta name=\"twitter:label1\" content=\"Verfasst von\" \/>\n\t<meta name=\"twitter:data1\" content=\"UrbanBiker Espa\u00f1a\" \/>\n\t<meta name=\"twitter:label2\" content=\"Gesch\u00e4tzte Lesezeit\" \/>\n\t<meta name=\"twitter:data2\" content=\"8\u00a0Minute\" \/>\n<script type=\"application\/ld+json\" class=\"yoast-schema-graph\">{\"@context\":\"https:\\\/\\\/schema.org\",\"@graph\":[{\"@type\":\"Article\",\"@id\":\"https:\\\/\\\/www.urbanbiker.com\\\/de\\\/eine-elektrische-reise-von-leon-nach-gijon-auf-dem-e-bike-mit-urbanbiker\\\/#article\",\"isPartOf\":{\"@id\":\"https:\\\/\\\/www.urbanbiker.com\\\/de\\\/eine-elektrische-reise-von-leon-nach-gijon-auf-dem-e-bike-mit-urbanbiker\\\/\"},\"author\":{\"name\":\"UrbanBiker Espa\u00f1a\",\"@id\":\"https:\\\/\\\/www.urbanbiker.com\\\/de\\\/#\\\/schema\\\/person\\\/3a87fe08ae0ad7df010c4f0609a75e9c\"},\"headline\":\"Eine elektrische Reise von Le\u00f3n nach Gij\u00f3n auf dem E-Bike mit UrbanBiker | 30 Tage auf dem Rad\",\"datePublished\":\"2025-10-24T12:25:11+00:00\",\"dateModified\":\"2025-10-26T16:20:16+00:00\",\"mainEntityOfPage\":{\"@id\":\"https:\\\/\\\/www.urbanbiker.com\\\/de\\\/eine-elektrische-reise-von-leon-nach-gijon-auf-dem-e-bike-mit-urbanbiker\\\/\"},\"wordCount\":1389,\"commentCount\":0,\"publisher\":{\"@id\":\"https:\\\/\\\/www.urbanbiker.com\\\/de\\\/#organization\"},\"image\":{\"@id\":\"https:\\\/\\\/www.urbanbiker.com\\\/de\\\/eine-elektrische-reise-von-leon-nach-gijon-auf-dem-e-bike-mit-urbanbiker\\\/#primaryimage\"},\"thumbnailUrl\":\"https:\\\/\\\/www.urbanbiker.com\\\/wp-content\\\/uploads\\\/2025\\\/10\\\/Asi-hablan-de-Urbanbiker-en-el-mercado-internacional-de-ebikes-1.jpg\",\"articleSection\":[\"Nachhaltige Mobilit\u00e4t\",\"Nachrichten\"],\"inLanguage\":\"de\",\"potentialAction\":[{\"@type\":\"CommentAction\",\"name\":\"Comment\",\"target\":[\"https:\\\/\\\/www.urbanbiker.com\\\/de\\\/eine-elektrische-reise-von-leon-nach-gijon-auf-dem-e-bike-mit-urbanbiker\\\/#respond\"]}]},{\"@type\":\"WebPage\",\"@id\":\"https:\\\/\\\/www.urbanbiker.com\\\/de\\\/eine-elektrische-reise-von-leon-nach-gijon-auf-dem-e-bike-mit-urbanbiker\\\/\",\"url\":\"https:\\\/\\\/www.urbanbiker.com\\\/de\\\/eine-elektrische-reise-von-leon-nach-gijon-auf-dem-e-bike-mit-urbanbiker\\\/\",\"name\":\"Eine elektrische Reise von Le\u00f3n nach Gij\u00f3n auf dem E-Bike mit UrbanBiker\",\"isPartOf\":{\"@id\":\"https:\\\/\\\/www.urbanbiker.com\\\/de\\\/#website\"},\"primaryImageOfPage\":{\"@id\":\"https:\\\/\\\/www.urbanbiker.com\\\/de\\\/eine-elektrische-reise-von-leon-nach-gijon-auf-dem-e-bike-mit-urbanbiker\\\/#primaryimage\"},\"image\":{\"@id\":\"https:\\\/\\\/www.urbanbiker.com\\\/de\\\/eine-elektrische-reise-von-leon-nach-gijon-auf-dem-e-bike-mit-urbanbiker\\\/#primaryimage\"},\"thumbnailUrl\":\"https:\\\/\\\/www.urbanbiker.com\\\/wp-content\\\/uploads\\\/2025\\\/10\\\/Asi-hablan-de-Urbanbiker-en-el-mercado-internacional-de-ebikes-1.jpg\",\"datePublished\":\"2025-10-24T12:25:11+00:00\",\"dateModified\":\"2025-10-26T16:20:16+00:00\",\"description\":\"Entdecken Sie das Erlebnis, von Le\u00f3n nach Gij\u00f3n auf einem UrbanBiker-Elektrofahrrad gemeinsam mit Carlos R., internationaler Koordinator von 30 D\u00edas en Bici, und Jorge, Director Sales bei UrbanBiker, zu reisen. Zwei Tage Freiheit, Natur und nachhaltige Mobilit\u00e4t auf zwei R\u00e4dern.\",\"breadcrumb\":{\"@id\":\"https:\\\/\\\/www.urbanbiker.com\\\/de\\\/eine-elektrische-reise-von-leon-nach-gijon-auf-dem-e-bike-mit-urbanbiker\\\/#breadcrumb\"},\"inLanguage\":\"de\",\"potentialAction\":[{\"@type\":\"ReadAction\",\"target\":[\"https:\\\/\\\/www.urbanbiker.com\\\/de\\\/eine-elektrische-reise-von-leon-nach-gijon-auf-dem-e-bike-mit-urbanbiker\\\/\"]}]},{\"@type\":\"ImageObject\",\"inLanguage\":\"de\",\"@id\":\"https:\\\/\\\/www.urbanbiker.com\\\/de\\\/eine-elektrische-reise-von-leon-nach-gijon-auf-dem-e-bike-mit-urbanbiker\\\/#primaryimage\",\"url\":\"https:\\\/\\\/www.urbanbiker.com\\\/wp-content\\\/uploads\\\/2025\\\/10\\\/Asi-hablan-de-Urbanbiker-en-el-mercado-internacional-de-ebikes-1.jpg\",\"contentUrl\":\"https:\\\/\\\/www.urbanbiker.com\\\/wp-content\\\/uploads\\\/2025\\\/10\\\/Asi-hablan-de-Urbanbiker-en-el-mercado-internacional-de-ebikes-1.jpg\",\"width\":1960,\"height\":1102},{\"@type\":\"BreadcrumbList\",\"@id\":\"https:\\\/\\\/www.urbanbiker.com\\\/de\\\/eine-elektrische-reise-von-leon-nach-gijon-auf-dem-e-bike-mit-urbanbiker\\\/#breadcrumb\",\"itemListElement\":[{\"@type\":\"ListItem\",\"position\":1,\"name\":\"Portada\",\"item\":\"https:\\\/\\\/www.urbanbiker.com\\\/de\\\/\"},{\"@type\":\"ListItem\",\"position\":2,\"name\":\"Eine elektrische Reise von Le\u00f3n nach Gij\u00f3n auf dem E-Bike mit UrbanBiker | 30 Tage auf dem Rad\"}]},{\"@type\":\"WebSite\",\"@id\":\"https:\\\/\\\/www.urbanbiker.com\\\/de\\\/#website\",\"url\":\"https:\\\/\\\/www.urbanbiker.com\\\/de\\\/\",\"name\":\"UrbanBiker\",\"description\":\"Elektrische Fahrr\u00e4der\",\"publisher\":{\"@id\":\"https:\\\/\\\/www.urbanbiker.com\\\/de\\\/#organization\"},\"potentialAction\":[{\"@type\":\"SearchAction\",\"target\":{\"@type\":\"EntryPoint\",\"urlTemplate\":\"https:\\\/\\\/www.urbanbiker.com\\\/de\\\/?s={search_term_string}\"},\"query-input\":{\"@type\":\"PropertyValueSpecification\",\"valueRequired\":true,\"valueName\":\"search_term_string\"}}],\"inLanguage\":\"de\"},{\"@type\":\"Organization\",\"@id\":\"https:\\\/\\\/www.urbanbiker.com\\\/de\\\/#organization\",\"name\":\"UrbanBiker\",\"url\":\"https:\\\/\\\/www.urbanbiker.com\\\/de\\\/\",\"logo\":{\"@type\":\"ImageObject\",\"inLanguage\":\"de\",\"@id\":\"https:\\\/\\\/www.urbanbiker.com\\\/de\\\/#\\\/schema\\\/logo\\\/image\\\/\",\"url\":\"https:\\\/\\\/www.urbanbiker.com\\\/wp-content\\\/uploads\\\/2022\\\/09\\\/Logo-principal-sin-fondo.png\",\"contentUrl\":\"https:\\\/\\\/www.urbanbiker.com\\\/wp-content\\\/uploads\\\/2022\\\/09\\\/Logo-principal-sin-fondo.png\",\"width\":2560,\"height\":934,\"caption\":\"UrbanBiker\"},\"image\":{\"@id\":\"https:\\\/\\\/www.urbanbiker.com\\\/de\\\/#\\\/schema\\\/logo\\\/image\\\/\"},\"sameAs\":[\"https:\\\/\\\/www.facebook.com\\\/Urbanbikerbiciselectricas\",\"https:\\\/\\\/www.instagram.com\\\/urbanbiker_\\\/\",\"https:\\\/\\\/www.linkedin.com\\\/company\\\/2454235\",\"https:\\\/\\\/www.youtube.com\\\/channel\\\/UCWR__uH_RWJF-OhPfz-9-Qw\"]},{\"@type\":\"Person\",\"@id\":\"https:\\\/\\\/www.urbanbiker.com\\\/de\\\/#\\\/schema\\\/person\\\/3a87fe08ae0ad7df010c4f0609a75e9c\",\"name\":\"UrbanBiker Espa\u00f1a\",\"image\":{\"@type\":\"ImageObject\",\"inLanguage\":\"de\",\"@id\":\"https:\\\/\\\/secure.gravatar.com\\\/avatar\\\/5a4566847f58b92c592ba1df12070855f95d6f19fdb97a9d5da4d45d9a3d34d2?s=96&d=mm&r=g\",\"url\":\"https:\\\/\\\/secure.gravatar.com\\\/avatar\\\/5a4566847f58b92c592ba1df12070855f95d6f19fdb97a9d5da4d45d9a3d34d2?s=96&d=mm&r=g\",\"contentUrl\":\"https:\\\/\\\/secure.gravatar.com\\\/avatar\\\/5a4566847f58b92c592ba1df12070855f95d6f19fdb97a9d5da4d45d9a3d34d2?s=96&d=mm&r=g\",\"caption\":\"UrbanBiker Espa\u00f1a\"}}]}<\/script>\n<!-- \/ Yoast SEO plugin. -->","yoast_head_json":{"title":"Eine elektrische Reise von Le\u00f3n nach Gij\u00f3n auf dem E-Bike mit UrbanBiker","description":"Entdecken Sie das Erlebnis, von Le\u00f3n nach Gij\u00f3n auf einem UrbanBiker-Elektrofahrrad gemeinsam mit Carlos R., internationaler Koordinator von 30 D\u00edas en Bici, und Jorge, Director Sales bei UrbanBiker, zu reisen. Zwei Tage Freiheit, Natur und nachhaltige Mobilit\u00e4t auf zwei R\u00e4dern.","robots":{"index":"index","follow":"follow","max-snippet":"max-snippet:-1","max-image-preview":"max-image-preview:large","max-video-preview":"max-video-preview:-1"},"canonical":"https:\/\/www.urbanbiker.com\/de\/eine-elektrische-reise-von-leon-nach-gijon-auf-dem-e-bike-mit-urbanbiker\/","og_locale":"de_DE","og_type":"article","og_title":"Eine elektrische Reise von Le\u00f3n nach Gij\u00f3n auf dem E-Bike mit UrbanBiker","og_description":"Entdecken Sie das Erlebnis, von Le\u00f3n nach Gij\u00f3n auf einem UrbanBiker-Elektrofahrrad gemeinsam mit Carlos R., internationaler Koordinator von 30 D\u00edas en Bici, und Jorge, Director Sales bei UrbanBiker, zu reisen. Zwei Tage Freiheit, Natur und nachhaltige Mobilit\u00e4t auf zwei R\u00e4dern.","og_url":"https:\/\/www.urbanbiker.com\/de\/eine-elektrische-reise-von-leon-nach-gijon-auf-dem-e-bike-mit-urbanbiker\/","og_site_name":"UrbanBiker","article_publisher":"https:\/\/www.facebook.com\/Urbanbikerbiciselectricas","article_published_time":"2025-10-24T12:25:11+00:00","article_modified_time":"2025-10-26T16:20:16+00:00","og_image":[{"width":1960,"height":1102,"url":"https:\/\/www.urbanbiker.com\/wp-content\/uploads\/2025\/10\/Asi-hablan-de-Urbanbiker-en-el-mercado-internacional-de-ebikes-1.jpg","type":"image\/jpeg"}],"author":"UrbanBiker Espa\u00f1a","twitter_card":"summary_large_image","twitter_misc":{"Verfasst von":"UrbanBiker Espa\u00f1a","Gesch\u00e4tzte Lesezeit":"8\u00a0Minute"},"schema":{"@context":"https:\/\/schema.org","@graph":[{"@type":"Article","@id":"https:\/\/www.urbanbiker.com\/de\/eine-elektrische-reise-von-leon-nach-gijon-auf-dem-e-bike-mit-urbanbiker\/#article","isPartOf":{"@id":"https:\/\/www.urbanbiker.com\/de\/eine-elektrische-reise-von-leon-nach-gijon-auf-dem-e-bike-mit-urbanbiker\/"},"author":{"name":"UrbanBiker Espa\u00f1a","@id":"https:\/\/www.urbanbiker.com\/de\/#\/schema\/person\/3a87fe08ae0ad7df010c4f0609a75e9c"},"headline":"Eine elektrische Reise von Le\u00f3n nach Gij\u00f3n auf dem E-Bike mit UrbanBiker | 30 Tage auf dem Rad","datePublished":"2025-10-24T12:25:11+00:00","dateModified":"2025-10-26T16:20:16+00:00","mainEntityOfPage":{"@id":"https:\/\/www.urbanbiker.com\/de\/eine-elektrische-reise-von-leon-nach-gijon-auf-dem-e-bike-mit-urbanbiker\/"},"wordCount":1389,"commentCount":0,"publisher":{"@id":"https:\/\/www.urbanbiker.com\/de\/#organization"},"image":{"@id":"https:\/\/www.urbanbiker.com\/de\/eine-elektrische-reise-von-leon-nach-gijon-auf-dem-e-bike-mit-urbanbiker\/#primaryimage"},"thumbnailUrl":"https:\/\/www.urbanbiker.com\/wp-content\/uploads\/2025\/10\/Asi-hablan-de-Urbanbiker-en-el-mercado-internacional-de-ebikes-1.jpg","articleSection":["Nachhaltige Mobilit\u00e4t","Nachrichten"],"inLanguage":"de","potentialAction":[{"@type":"CommentAction","name":"Comment","target":["https:\/\/www.urbanbiker.com\/de\/eine-elektrische-reise-von-leon-nach-gijon-auf-dem-e-bike-mit-urbanbiker\/#respond"]}]},{"@type":"WebPage","@id":"https:\/\/www.urbanbiker.com\/de\/eine-elektrische-reise-von-leon-nach-gijon-auf-dem-e-bike-mit-urbanbiker\/","url":"https:\/\/www.urbanbiker.com\/de\/eine-elektrische-reise-von-leon-nach-gijon-auf-dem-e-bike-mit-urbanbiker\/","name":"Eine elektrische Reise von Le\u00f3n nach Gij\u00f3n auf dem E-Bike mit UrbanBiker","isPartOf":{"@id":"https:\/\/www.urbanbiker.com\/de\/#website"},"primaryImageOfPage":{"@id":"https:\/\/www.urbanbiker.com\/de\/eine-elektrische-reise-von-leon-nach-gijon-auf-dem-e-bike-mit-urbanbiker\/#primaryimage"},"image":{"@id":"https:\/\/www.urbanbiker.com\/de\/eine-elektrische-reise-von-leon-nach-gijon-auf-dem-e-bike-mit-urbanbiker\/#primaryimage"},"thumbnailUrl":"https:\/\/www.urbanbiker.com\/wp-content\/uploads\/2025\/10\/Asi-hablan-de-Urbanbiker-en-el-mercado-internacional-de-ebikes-1.jpg","datePublished":"2025-10-24T12:25:11+00:00","dateModified":"2025-10-26T16:20:16+00:00","description":"Entdecken Sie das Erlebnis, von Le\u00f3n nach Gij\u00f3n auf einem UrbanBiker-Elektrofahrrad gemeinsam mit Carlos R., internationaler Koordinator von 30 D\u00edas en Bici, und Jorge, Director Sales bei UrbanBiker, zu reisen. Zwei Tage Freiheit, Natur und nachhaltige Mobilit\u00e4t auf zwei R\u00e4dern.","breadcrumb":{"@id":"https:\/\/www.urbanbiker.com\/de\/eine-elektrische-reise-von-leon-nach-gijon-auf-dem-e-bike-mit-urbanbiker\/#breadcrumb"},"inLanguage":"de","potentialAction":[{"@type":"ReadAction","target":["https:\/\/www.urbanbiker.com\/de\/eine-elektrische-reise-von-leon-nach-gijon-auf-dem-e-bike-mit-urbanbiker\/"]}]},{"@type":"ImageObject","inLanguage":"de","@id":"https:\/\/www.urbanbiker.com\/de\/eine-elektrische-reise-von-leon-nach-gijon-auf-dem-e-bike-mit-urbanbiker\/#primaryimage","url":"https:\/\/www.urbanbiker.com\/wp-content\/uploads\/2025\/10\/Asi-hablan-de-Urbanbiker-en-el-mercado-internacional-de-ebikes-1.jpg","contentUrl":"https:\/\/www.urbanbiker.com\/wp-content\/uploads\/2025\/10\/Asi-hablan-de-Urbanbiker-en-el-mercado-internacional-de-ebikes-1.jpg","width":1960,"height":1102},{"@type":"BreadcrumbList","@id":"https:\/\/www.urbanbiker.com\/de\/eine-elektrische-reise-von-leon-nach-gijon-auf-dem-e-bike-mit-urbanbiker\/#breadcrumb","itemListElement":[{"@type":"ListItem","position":1,"name":"Portada","item":"https:\/\/www.urbanbiker.com\/de\/"},{"@type":"ListItem","position":2,"name":"Eine elektrische Reise von Le\u00f3n nach Gij\u00f3n auf dem E-Bike mit UrbanBiker | 30 Tage auf dem Rad"}]},{"@type":"WebSite","@id":"https:\/\/www.urbanbiker.com\/de\/#website","url":"https:\/\/www.urbanbiker.com\/de\/","name":"UrbanBiker","description":"Elektrische Fahrr\u00e4der","publisher":{"@id":"https:\/\/www.urbanbiker.com\/de\/#organization"},"potentialAction":[{"@type":"SearchAction","target":{"@type":"EntryPoint","urlTemplate":"https:\/\/www.urbanbiker.com\/de\/?s={search_term_string}"},"query-input":{"@type":"PropertyValueSpecification","valueRequired":true,"valueName":"search_term_string"}}],"inLanguage":"de"},{"@type":"Organization","@id":"https:\/\/www.urbanbiker.com\/de\/#organization","name":"UrbanBiker","url":"https:\/\/www.urbanbiker.com\/de\/","logo":{"@type":"ImageObject","inLanguage":"de","@id":"https:\/\/www.urbanbiker.com\/de\/#\/schema\/logo\/image\/","url":"https:\/\/www.urbanbiker.com\/wp-content\/uploads\/2022\/09\/Logo-principal-sin-fondo.png","contentUrl":"https:\/\/www.urbanbiker.com\/wp-content\/uploads\/2022\/09\/Logo-principal-sin-fondo.png","width":2560,"height":934,"caption":"UrbanBiker"},"image":{"@id":"https:\/\/www.urbanbiker.com\/de\/#\/schema\/logo\/image\/"},"sameAs":["https:\/\/www.facebook.com\/Urbanbikerbiciselectricas","https:\/\/www.instagram.com\/urbanbiker_\/","https:\/\/www.linkedin.com\/company\/2454235","https:\/\/www.youtube.com\/channel\/UCWR__uH_RWJF-OhPfz-9-Qw"]},{"@type":"Person","@id":"https:\/\/www.urbanbiker.com\/de\/#\/schema\/person\/3a87fe08ae0ad7df010c4f0609a75e9c","name":"UrbanBiker Espa\u00f1a","image":{"@type":"ImageObject","inLanguage":"de","@id":"https:\/\/secure.gravatar.com\/avatar\/5a4566847f58b92c592ba1df12070855f95d6f19fdb97a9d5da4d45d9a3d34d2?s=96&d=mm&r=g","url":"https:\/\/secure.gravatar.com\/avatar\/5a4566847f58b92c592ba1df12070855f95d6f19fdb97a9d5da4d45d9a3d34d2?s=96&d=mm&r=g","contentUrl":"https:\/\/secure.gravatar.com\/avatar\/5a4566847f58b92c592ba1df12070855f95d6f19fdb97a9d5da4d45d9a3d34d2?s=96&d=mm&r=g","caption":"UrbanBiker Espa\u00f1a"}}]}},"_links":{"self":[{"href":"https:\/\/www.urbanbiker.com\/de\/wp-json\/wp\/v2\/posts\/56821","targetHints":{"allow":["GET"]}}],"collection":[{"href":"https:\/\/www.urbanbiker.com\/de\/wp-json\/wp\/v2\/posts"}],"about":[{"href":"https:\/\/www.urbanbiker.com\/de\/wp-json\/wp\/v2\/types\/post"}],"author":[{"embeddable":true,"href":"https:\/\/www.urbanbiker.com\/de\/wp-json\/wp\/v2\/users\/28397"}],"replies":[{"embeddable":true,"href":"https:\/\/www.urbanbiker.com\/de\/wp-json\/wp\/v2\/comments?post=56821"}],"version-history":[{"count":6,"href":"https:\/\/www.urbanbiker.com\/de\/wp-json\/wp\/v2\/posts\/56821\/revisions"}],"predecessor-version":[{"id":56840,"href":"https:\/\/www.urbanbiker.com\/de\/wp-json\/wp\/v2\/posts\/56821\/revisions\/56840"}],"wp:featuredmedia":[{"embeddable":true,"href":"https:\/\/www.urbanbiker.com\/de\/wp-json\/wp\/v2\/media\/56584"}],"wp:attachment":[{"href":"https:\/\/www.urbanbiker.com\/de\/wp-json\/wp\/v2\/media?parent=56821"}],"wp:term":[{"taxonomy":"category","embeddable":true,"href":"https:\/\/www.urbanbiker.com\/de\/wp-json\/wp\/v2\/categories?post=56821"},{"taxonomy":"post_tag","embeddable":true,"href":"https:\/\/www.urbanbiker.com\/de\/wp-json\/wp\/v2\/tags?post=56821"}],"curies":[{"name":"wp","href":"https:\/\/api.w.org\/{rel}","templated":true}]}}