{"id":39574,"date":"2023-05-24T03:32:41","date_gmt":"2023-05-24T01:32:41","guid":{"rendered":"https:\/\/www.urbanbiker.com\/wenn-sie-koerperliche-probleme-haben-ist-ein-elektrisches-fahrrad-besser\/"},"modified":"2025-03-19T09:57:39","modified_gmt":"2025-03-19T08:57:39","slug":"wenn-sie-koerperliche-probleme-haben-ist-ein-elektrisches-fahrrad-besser","status":"publish","type":"post","link":"https:\/\/www.urbanbiker.com\/de\/wenn-sie-koerperliche-probleme-haben-ist-ein-elektrisches-fahrrad-besser\/","title":{"rendered":"Wenn Sie k\u00f6rperliche Probleme haben, ist ein elektrisches Fahrrad besser"},"content":{"rendered":"\r\n<p><strong>Wenn Sie k\u00f6rperliche Probleme haben, ist ein Elektrofahrrad besser<\/strong>. <strong>Elektrofahrr\u00e4der<\/strong> sind auf dem Vormarsch, obwohl sie anfangs nur als Lockmittel f\u00fcr Menschen verkauft wurden, die aufgrund von Krankheit, <strong>k\u00f6rperlichen Problemen<\/strong> oder Alter nicht mehr bequem Fahrrad fahren k\u00f6nnen.<\/p>\r\n\r\n\r\n\r\n<blockquote class=\"wp-block-quote is-layout-flow wp-block-quote-is-layout-flow\">\r\n<p>Wenn Sie sich f\u00fcr zu alt halten, um ein herk\u00f6mmliches Fahrrad zu fahren, k\u00f6nnen Sie mit einem <strong>Elektrofahrrad<\/strong> Stra\u00dfen und Berge erklimmen, die sonst nur mit gro\u00dfer Anstrengung zu bew\u00e4ltigen w\u00e4ren. Was halten Sie davon?<\/p>\r\n<\/blockquote>\r\n<p>Wenn Sie an einer Krankheit leiden, die Ihnen das Radfahren mit einem <strong>Elektrofahrrad<\/strong> erschwert, k\u00f6nnen Sie mehr Strecke zur\u00fccklegen und H\u00fcgel hinauf- oder hinunterfahren (bei moderater k\u00f6rperlicher Bet\u00e4tigung). Es ist nicht so, dass das Fahrrad Sie von alleine tr\u00e4gt, aber Sie erhalten einen leichten Schub, wenn Sie losfahren und auch wenn Sie anfangen, einen H\u00fcgel zu erklimmen. <strong>Elektrofahrr\u00e4der machen Spa\u00df!<\/strong><\/p>\r\n<p>Denken Sie daran, immer die richtige Unterst\u00fctzungsstufe f\u00fcr Ihre <strong>k\u00f6rperliche<\/strong> Verfassung, Ihr Gewicht und das Terrain, auf dem Sie fahren, zu w\u00e4hlen. Auf diese Weise haben Sie optimale Voraussetzungen, um Ihr <strong>Elektrofahrrad<\/strong> lange zu genie\u00dfen. Auch wenn Sie sich nicht so sehr anstrengen m\u00fcssen, um sich fortzubewegen, vergessen Sie nicht: Wenn Sie nicht in die Pedale treten, bewegen Sie sich nicht!<\/p>\r\n<p>*Sie k\u00f6nnen auch Fahrrad fahren. Auch Sie k\u00f6nnen weiter, schneller und in k\u00fcrzerer Zeit fahren.<\/p>\r\n<p><strong>Elektrofahrr\u00e4der<\/strong> sind auf dem Vormarsch, obwohl sie anfangs nur als Lockmittel f\u00fcr Menschen verkauft wurden, die aufgrund von Krankheit, <strong>k\u00f6rperlichen Problemen<\/strong> oder Alter nicht mehr bequem Fahrrad fahren k\u00f6nnen.<\/p>","protected":false},"excerpt":{"rendered":"<p>Vestibulum eu quam nec nec neque pellentesque efficitur id eget nisl. Proin porta est convallis lacus blandit pretium sed non enim. Maecenas lacinia non orci at aliquam. Donec finibus, urna bibendum ultricies laoreet, augue eros luctus sapien, ut euismod leo tortor ac enim. In hac habitasse platea dictumst. Sed cursus venenatis tellus, non lobortis diam volutpat sit amet.     <\/p>\n","protected":false},"author":1,"featured_media":34846,"comment_status":"open","ping_status":"open","sticky":false,"template":"","format":"standard","meta":{"footnotes":""},"categories":[291],"tags":[],"class_list":["post-39574","post","type-post","status-publish","format-standard","has-post-thumbnail","hentry","category-empfehlungen"],"yoast_head":"<!-- This site is optimized with the Yoast SEO plugin v27.5 - https:\/\/yoast.com\/product\/yoast-seo-wordpress\/ -->\n<title>Wenn Sie k\u00f6rperliche Probleme haben, w\u00e4re ein elektrisches Fahrrad besser. UrbanBiker<\/title>\n<meta name=\"description\" content=\"Wenn Sie k\u00f6rperliche Probleme haben, ist ein elektrisches Fahrrad besser. Die Unterst\u00fctzung, die es bietet, erm\u00f6glicht es mehr Menschen, weiter Rad zu fahren.\" \/>\n<meta name=\"robots\" content=\"index, follow, max-snippet:-1, max-image-preview:large, max-video-preview:-1\" \/>\n<link rel=\"canonical\" href=\"https:\/\/www.urbanbiker.com\/de\/wenn-sie-koerperliche-probleme-haben-ist-ein-elektrisches-fahrrad-besser\/\" \/>\n<meta property=\"og:locale\" content=\"de_DE\" \/>\n<meta property=\"og:type\" content=\"article\" \/>\n<meta property=\"og:title\" content=\"Wenn Sie k\u00f6rperliche Probleme haben, w\u00e4re ein elektrisches Fahrrad besser. UrbanBiker\" \/>\n<meta property=\"og:description\" content=\"Wenn Sie k\u00f6rperliche Probleme haben, ist ein elektrisches Fahrrad besser. Die Unterst\u00fctzung, die es bietet, erm\u00f6glicht es mehr Menschen, weiter Rad zu fahren.\" \/>\n<meta property=\"og:url\" content=\"https:\/\/www.urbanbiker.com\/de\/wenn-sie-koerperliche-probleme-haben-ist-ein-elektrisches-fahrrad-besser\/\" \/>\n<meta property=\"og:site_name\" content=\"UrbanBiker\" \/>\n<meta property=\"article:publisher\" content=\"https:\/\/www.facebook.com\/Urbanbikerbiciselectricas\" \/>\n<meta property=\"article:author\" content=\"https:\/\/www.facebook.com\/Urbanbikerbiciselectricas\/\" \/>\n<meta property=\"article:published_time\" content=\"2023-05-24T01:32:41+00:00\" \/>\n<meta property=\"article:modified_time\" content=\"2025-03-19T08:57:39+00:00\" \/>\n<meta property=\"og:image\" content=\"http:\/\/www.urbanbiker.com\/wp-content\/uploads\/2023\/05\/Diseno-sin-titulo-19.png\" \/>\n\t<meta property=\"og:image:width\" content=\"970\" \/>\n\t<meta property=\"og:image:height\" content=\"600\" \/>\n\t<meta property=\"og:image:type\" content=\"image\/png\" \/>\n<meta name=\"author\" content=\"UrbanBiker\" \/>\n<meta name=\"twitter:card\" content=\"summary_large_image\" \/>\n<meta name=\"twitter:label1\" content=\"Verfasst von\" \/>\n\t<meta name=\"twitter:data1\" content=\"UrbanBiker\" \/>\n\t<meta name=\"twitter:label2\" content=\"Gesch\u00e4tzte Lesezeit\" \/>\n\t<meta name=\"twitter:data2\" content=\"2\u00a0Minute\" \/>\n<script type=\"application\/ld+json\" class=\"yoast-schema-graph\">{\"@context\":\"https:\\\/\\\/schema.org\",\"@graph\":[{\"@type\":\"Article\",\"@id\":\"https:\\\/\\\/www.urbanbiker.com\\\/de\\\/wenn-sie-koerperliche-probleme-haben-ist-ein-elektrisches-fahrrad-besser\\\/#article\",\"isPartOf\":{\"@id\":\"https:\\\/\\\/www.urbanbiker.com\\\/de\\\/wenn-sie-koerperliche-probleme-haben-ist-ein-elektrisches-fahrrad-besser\\\/\"},\"author\":{\"name\":\"UrbanBiker\",\"@id\":\"https:\\\/\\\/www.urbanbiker.com\\\/de\\\/#\\\/schema\\\/person\\\/1cb58f0792ef226d6d409b73059515e0\"},\"headline\":\"Wenn Sie k\u00f6rperliche Probleme haben, ist ein elektrisches Fahrrad besser\",\"datePublished\":\"2023-05-24T01:32:41+00:00\",\"dateModified\":\"2025-03-19T08:57:39+00:00\",\"mainEntityOfPage\":{\"@id\":\"https:\\\/\\\/www.urbanbiker.com\\\/de\\\/wenn-sie-koerperliche-probleme-haben-ist-ein-elektrisches-fahrrad-besser\\\/\"},\"wordCount\":282,\"commentCount\":0,\"publisher\":{\"@id\":\"https:\\\/\\\/www.urbanbiker.com\\\/de\\\/#organization\"},\"image\":{\"@id\":\"https:\\\/\\\/www.urbanbiker.com\\\/de\\\/wenn-sie-koerperliche-probleme-haben-ist-ein-elektrisches-fahrrad-besser\\\/#primaryimage\"},\"thumbnailUrl\":\"https:\\\/\\\/www.urbanbiker.com\\\/wp-content\\\/uploads\\\/2023\\\/05\\\/Diseno-sin-titulo-19.png\",\"articleSection\":[\"Empfehlungen\"],\"inLanguage\":\"de\",\"potentialAction\":[{\"@type\":\"CommentAction\",\"name\":\"Comment\",\"target\":[\"https:\\\/\\\/www.urbanbiker.com\\\/de\\\/wenn-sie-koerperliche-probleme-haben-ist-ein-elektrisches-fahrrad-besser\\\/#respond\"]}]},{\"@type\":\"WebPage\",\"@id\":\"https:\\\/\\\/www.urbanbiker.com\\\/de\\\/wenn-sie-koerperliche-probleme-haben-ist-ein-elektrisches-fahrrad-besser\\\/\",\"url\":\"https:\\\/\\\/www.urbanbiker.com\\\/de\\\/wenn-sie-koerperliche-probleme-haben-ist-ein-elektrisches-fahrrad-besser\\\/\",\"name\":\"Wenn Sie k\u00f6rperliche Probleme haben, w\u00e4re ein elektrisches Fahrrad besser. UrbanBiker\",\"isPartOf\":{\"@id\":\"https:\\\/\\\/www.urbanbiker.com\\\/de\\\/#website\"},\"primaryImageOfPage\":{\"@id\":\"https:\\\/\\\/www.urbanbiker.com\\\/de\\\/wenn-sie-koerperliche-probleme-haben-ist-ein-elektrisches-fahrrad-besser\\\/#primaryimage\"},\"image\":{\"@id\":\"https:\\\/\\\/www.urbanbiker.com\\\/de\\\/wenn-sie-koerperliche-probleme-haben-ist-ein-elektrisches-fahrrad-besser\\\/#primaryimage\"},\"thumbnailUrl\":\"https:\\\/\\\/www.urbanbiker.com\\\/wp-content\\\/uploads\\\/2023\\\/05\\\/Diseno-sin-titulo-19.png\",\"datePublished\":\"2023-05-24T01:32:41+00:00\",\"dateModified\":\"2025-03-19T08:57:39+00:00\",\"description\":\"Wenn Sie k\u00f6rperliche Probleme haben, ist ein elektrisches Fahrrad besser. Die Unterst\u00fctzung, die es bietet, erm\u00f6glicht es mehr Menschen, weiter Rad zu fahren.\",\"breadcrumb\":{\"@id\":\"https:\\\/\\\/www.urbanbiker.com\\\/de\\\/wenn-sie-koerperliche-probleme-haben-ist-ein-elektrisches-fahrrad-besser\\\/#breadcrumb\"},\"inLanguage\":\"de\",\"potentialAction\":[{\"@type\":\"ReadAction\",\"target\":[\"https:\\\/\\\/www.urbanbiker.com\\\/de\\\/wenn-sie-koerperliche-probleme-haben-ist-ein-elektrisches-fahrrad-besser\\\/\"]}]},{\"@type\":\"ImageObject\",\"inLanguage\":\"de\",\"@id\":\"https:\\\/\\\/www.urbanbiker.com\\\/de\\\/wenn-sie-koerperliche-probleme-haben-ist-ein-elektrisches-fahrrad-besser\\\/#primaryimage\",\"url\":\"https:\\\/\\\/www.urbanbiker.com\\\/wp-content\\\/uploads\\\/2023\\\/05\\\/Diseno-sin-titulo-19.png\",\"contentUrl\":\"https:\\\/\\\/www.urbanbiker.com\\\/wp-content\\\/uploads\\\/2023\\\/05\\\/Diseno-sin-titulo-19.png\",\"width\":970,\"height\":600,\"caption\":\"Si hay problemas f\u00edsicos mejor una bicicleta el\u00e9ctrica. La asistencia que proporciona permite que m\u00e1s personas puedan seguir montando en bici\"},{\"@type\":\"BreadcrumbList\",\"@id\":\"https:\\\/\\\/www.urbanbiker.com\\\/de\\\/wenn-sie-koerperliche-probleme-haben-ist-ein-elektrisches-fahrrad-besser\\\/#breadcrumb\",\"itemListElement\":[{\"@type\":\"ListItem\",\"position\":1,\"name\":\"Portada\",\"item\":\"https:\\\/\\\/www.urbanbiker.com\\\/de\\\/\"},{\"@type\":\"ListItem\",\"position\":2,\"name\":\"Wenn Sie k\u00f6rperliche Probleme haben, ist ein elektrisches Fahrrad besser\"}]},{\"@type\":\"WebSite\",\"@id\":\"https:\\\/\\\/www.urbanbiker.com\\\/de\\\/#website\",\"url\":\"https:\\\/\\\/www.urbanbiker.com\\\/de\\\/\",\"name\":\"UrbanBiker\",\"description\":\"Elektrische Fahrr\u00e4der\",\"publisher\":{\"@id\":\"https:\\\/\\\/www.urbanbiker.com\\\/de\\\/#organization\"},\"potentialAction\":[{\"@type\":\"SearchAction\",\"target\":{\"@type\":\"EntryPoint\",\"urlTemplate\":\"https:\\\/\\\/www.urbanbiker.com\\\/de\\\/?s={search_term_string}\"},\"query-input\":{\"@type\":\"PropertyValueSpecification\",\"valueRequired\":true,\"valueName\":\"search_term_string\"}}],\"inLanguage\":\"de\"},{\"@type\":\"Organization\",\"@id\":\"https:\\\/\\\/www.urbanbiker.com\\\/de\\\/#organization\",\"name\":\"UrbanBiker\",\"url\":\"https:\\\/\\\/www.urbanbiker.com\\\/de\\\/\",\"logo\":{\"@type\":\"ImageObject\",\"inLanguage\":\"de\",\"@id\":\"https:\\\/\\\/www.urbanbiker.com\\\/de\\\/#\\\/schema\\\/logo\\\/image\\\/\",\"url\":\"https:\\\/\\\/www.urbanbiker.com\\\/wp-content\\\/uploads\\\/2022\\\/09\\\/Logo-principal-sin-fondo.png\",\"contentUrl\":\"https:\\\/\\\/www.urbanbiker.com\\\/wp-content\\\/uploads\\\/2022\\\/09\\\/Logo-principal-sin-fondo.png\",\"width\":2560,\"height\":934,\"caption\":\"UrbanBiker\"},\"image\":{\"@id\":\"https:\\\/\\\/www.urbanbiker.com\\\/de\\\/#\\\/schema\\\/logo\\\/image\\\/\"},\"sameAs\":[\"https:\\\/\\\/www.facebook.com\\\/Urbanbikerbiciselectricas\",\"https:\\\/\\\/www.instagram.com\\\/urbanbiker_\\\/\",\"https:\\\/\\\/www.linkedin.com\\\/company\\\/2454235\",\"https:\\\/\\\/www.youtube.com\\\/channel\\\/UCWR__uH_RWJF-OhPfz-9-Qw\"]},{\"@type\":\"Person\",\"@id\":\"https:\\\/\\\/www.urbanbiker.com\\\/de\\\/#\\\/schema\\\/person\\\/1cb58f0792ef226d6d409b73059515e0\",\"name\":\"UrbanBiker\",\"image\":{\"@type\":\"ImageObject\",\"inLanguage\":\"de\",\"@id\":\"https:\\\/\\\/secure.gravatar.com\\\/avatar\\\/22838f387878aabd10c8c90196e14f05497ff2fdd7c1267a5f035aa48d9ed396?s=96&d=mm&r=g\",\"url\":\"https:\\\/\\\/secure.gravatar.com\\\/avatar\\\/22838f387878aabd10c8c90196e14f05497ff2fdd7c1267a5f035aa48d9ed396?s=96&d=mm&r=g\",\"contentUrl\":\"https:\\\/\\\/secure.gravatar.com\\\/avatar\\\/22838f387878aabd10c8c90196e14f05497ff2fdd7c1267a5f035aa48d9ed396?s=96&d=mm&r=g\",\"caption\":\"UrbanBiker\"},\"sameAs\":[\"http:\\\/\\\/www.urbanbiker.com\\\/\",\"https:\\\/\\\/www.facebook.com\\\/Urbanbikerbiciselectricas\\\/\",\"https:\\\/\\\/www.linkedin.com\\\/company\\\/urbanbiker\\\/\",\"https:\\\/\\\/www.youtube.com\\\/@UrbanbikerEbikes\"]}]}<\/script>\n<!-- \/ Yoast SEO plugin. -->","yoast_head_json":{"title":"Wenn Sie k\u00f6rperliche Probleme haben, w\u00e4re ein elektrisches Fahrrad besser. UrbanBiker","description":"Wenn Sie k\u00f6rperliche Probleme haben, ist ein elektrisches Fahrrad besser. Die Unterst\u00fctzung, die es bietet, erm\u00f6glicht es mehr Menschen, weiter Rad zu fahren.","robots":{"index":"index","follow":"follow","max-snippet":"max-snippet:-1","max-image-preview":"max-image-preview:large","max-video-preview":"max-video-preview:-1"},"canonical":"https:\/\/www.urbanbiker.com\/de\/wenn-sie-koerperliche-probleme-haben-ist-ein-elektrisches-fahrrad-besser\/","og_locale":"de_DE","og_type":"article","og_title":"Wenn Sie k\u00f6rperliche Probleme haben, w\u00e4re ein elektrisches Fahrrad besser. UrbanBiker","og_description":"Wenn Sie k\u00f6rperliche Probleme haben, ist ein elektrisches Fahrrad besser. Die Unterst\u00fctzung, die es bietet, erm\u00f6glicht es mehr Menschen, weiter Rad zu fahren.","og_url":"https:\/\/www.urbanbiker.com\/de\/wenn-sie-koerperliche-probleme-haben-ist-ein-elektrisches-fahrrad-besser\/","og_site_name":"UrbanBiker","article_publisher":"https:\/\/www.facebook.com\/Urbanbikerbiciselectricas","article_author":"https:\/\/www.facebook.com\/Urbanbikerbiciselectricas\/","article_published_time":"2023-05-24T01:32:41+00:00","article_modified_time":"2025-03-19T08:57:39+00:00","og_image":[{"width":970,"height":600,"url":"http:\/\/www.urbanbiker.com\/wp-content\/uploads\/2023\/05\/Diseno-sin-titulo-19.png","type":"image\/png"}],"author":"UrbanBiker","twitter_card":"summary_large_image","twitter_misc":{"Verfasst von":"UrbanBiker","Gesch\u00e4tzte Lesezeit":"2\u00a0Minute"},"schema":{"@context":"https:\/\/schema.org","@graph":[{"@type":"Article","@id":"https:\/\/www.urbanbiker.com\/de\/wenn-sie-koerperliche-probleme-haben-ist-ein-elektrisches-fahrrad-besser\/#article","isPartOf":{"@id":"https:\/\/www.urbanbiker.com\/de\/wenn-sie-koerperliche-probleme-haben-ist-ein-elektrisches-fahrrad-besser\/"},"author":{"name":"UrbanBiker","@id":"https:\/\/www.urbanbiker.com\/de\/#\/schema\/person\/1cb58f0792ef226d6d409b73059515e0"},"headline":"Wenn Sie k\u00f6rperliche Probleme haben, ist ein elektrisches Fahrrad besser","datePublished":"2023-05-24T01:32:41+00:00","dateModified":"2025-03-19T08:57:39+00:00","mainEntityOfPage":{"@id":"https:\/\/www.urbanbiker.com\/de\/wenn-sie-koerperliche-probleme-haben-ist-ein-elektrisches-fahrrad-besser\/"},"wordCount":282,"commentCount":0,"publisher":{"@id":"https:\/\/www.urbanbiker.com\/de\/#organization"},"image":{"@id":"https:\/\/www.urbanbiker.com\/de\/wenn-sie-koerperliche-probleme-haben-ist-ein-elektrisches-fahrrad-besser\/#primaryimage"},"thumbnailUrl":"https:\/\/www.urbanbiker.com\/wp-content\/uploads\/2023\/05\/Diseno-sin-titulo-19.png","articleSection":["Empfehlungen"],"inLanguage":"de","potentialAction":[{"@type":"CommentAction","name":"Comment","target":["https:\/\/www.urbanbiker.com\/de\/wenn-sie-koerperliche-probleme-haben-ist-ein-elektrisches-fahrrad-besser\/#respond"]}]},{"@type":"WebPage","@id":"https:\/\/www.urbanbiker.com\/de\/wenn-sie-koerperliche-probleme-haben-ist-ein-elektrisches-fahrrad-besser\/","url":"https:\/\/www.urbanbiker.com\/de\/wenn-sie-koerperliche-probleme-haben-ist-ein-elektrisches-fahrrad-besser\/","name":"Wenn Sie k\u00f6rperliche Probleme haben, w\u00e4re ein elektrisches Fahrrad besser. UrbanBiker","isPartOf":{"@id":"https:\/\/www.urbanbiker.com\/de\/#website"},"primaryImageOfPage":{"@id":"https:\/\/www.urbanbiker.com\/de\/wenn-sie-koerperliche-probleme-haben-ist-ein-elektrisches-fahrrad-besser\/#primaryimage"},"image":{"@id":"https:\/\/www.urbanbiker.com\/de\/wenn-sie-koerperliche-probleme-haben-ist-ein-elektrisches-fahrrad-besser\/#primaryimage"},"thumbnailUrl":"https:\/\/www.urbanbiker.com\/wp-content\/uploads\/2023\/05\/Diseno-sin-titulo-19.png","datePublished":"2023-05-24T01:32:41+00:00","dateModified":"2025-03-19T08:57:39+00:00","description":"Wenn Sie k\u00f6rperliche Probleme haben, ist ein elektrisches Fahrrad besser. Die Unterst\u00fctzung, die es bietet, erm\u00f6glicht es mehr Menschen, weiter Rad zu fahren.","breadcrumb":{"@id":"https:\/\/www.urbanbiker.com\/de\/wenn-sie-koerperliche-probleme-haben-ist-ein-elektrisches-fahrrad-besser\/#breadcrumb"},"inLanguage":"de","potentialAction":[{"@type":"ReadAction","target":["https:\/\/www.urbanbiker.com\/de\/wenn-sie-koerperliche-probleme-haben-ist-ein-elektrisches-fahrrad-besser\/"]}]},{"@type":"ImageObject","inLanguage":"de","@id":"https:\/\/www.urbanbiker.com\/de\/wenn-sie-koerperliche-probleme-haben-ist-ein-elektrisches-fahrrad-besser\/#primaryimage","url":"https:\/\/www.urbanbiker.com\/wp-content\/uploads\/2023\/05\/Diseno-sin-titulo-19.png","contentUrl":"https:\/\/www.urbanbiker.com\/wp-content\/uploads\/2023\/05\/Diseno-sin-titulo-19.png","width":970,"height":600,"caption":"Si hay problemas f\u00edsicos mejor una bicicleta el\u00e9ctrica. La asistencia que proporciona permite que m\u00e1s personas puedan seguir montando en bici"},{"@type":"BreadcrumbList","@id":"https:\/\/www.urbanbiker.com\/de\/wenn-sie-koerperliche-probleme-haben-ist-ein-elektrisches-fahrrad-besser\/#breadcrumb","itemListElement":[{"@type":"ListItem","position":1,"name":"Portada","item":"https:\/\/www.urbanbiker.com\/de\/"},{"@type":"ListItem","position":2,"name":"Wenn Sie k\u00f6rperliche Probleme haben, ist ein elektrisches Fahrrad besser"}]},{"@type":"WebSite","@id":"https:\/\/www.urbanbiker.com\/de\/#website","url":"https:\/\/www.urbanbiker.com\/de\/","name":"UrbanBiker","description":"Elektrische Fahrr\u00e4der","publisher":{"@id":"https:\/\/www.urbanbiker.com\/de\/#organization"},"potentialAction":[{"@type":"SearchAction","target":{"@type":"EntryPoint","urlTemplate":"https:\/\/www.urbanbiker.com\/de\/?s={search_term_string}"},"query-input":{"@type":"PropertyValueSpecification","valueRequired":true,"valueName":"search_term_string"}}],"inLanguage":"de"},{"@type":"Organization","@id":"https:\/\/www.urbanbiker.com\/de\/#organization","name":"UrbanBiker","url":"https:\/\/www.urbanbiker.com\/de\/","logo":{"@type":"ImageObject","inLanguage":"de","@id":"https:\/\/www.urbanbiker.com\/de\/#\/schema\/logo\/image\/","url":"https:\/\/www.urbanbiker.com\/wp-content\/uploads\/2022\/09\/Logo-principal-sin-fondo.png","contentUrl":"https:\/\/www.urbanbiker.com\/wp-content\/uploads\/2022\/09\/Logo-principal-sin-fondo.png","width":2560,"height":934,"caption":"UrbanBiker"},"image":{"@id":"https:\/\/www.urbanbiker.com\/de\/#\/schema\/logo\/image\/"},"sameAs":["https:\/\/www.facebook.com\/Urbanbikerbiciselectricas","https:\/\/www.instagram.com\/urbanbiker_\/","https:\/\/www.linkedin.com\/company\/2454235","https:\/\/www.youtube.com\/channel\/UCWR__uH_RWJF-OhPfz-9-Qw"]},{"@type":"Person","@id":"https:\/\/www.urbanbiker.com\/de\/#\/schema\/person\/1cb58f0792ef226d6d409b73059515e0","name":"UrbanBiker","image":{"@type":"ImageObject","inLanguage":"de","@id":"https:\/\/secure.gravatar.com\/avatar\/22838f387878aabd10c8c90196e14f05497ff2fdd7c1267a5f035aa48d9ed396?s=96&d=mm&r=g","url":"https:\/\/secure.gravatar.com\/avatar\/22838f387878aabd10c8c90196e14f05497ff2fdd7c1267a5f035aa48d9ed396?s=96&d=mm&r=g","contentUrl":"https:\/\/secure.gravatar.com\/avatar\/22838f387878aabd10c8c90196e14f05497ff2fdd7c1267a5f035aa48d9ed396?s=96&d=mm&r=g","caption":"UrbanBiker"},"sameAs":["http:\/\/www.urbanbiker.com\/","https:\/\/www.facebook.com\/Urbanbikerbiciselectricas\/","https:\/\/www.linkedin.com\/company\/urbanbiker\/","https:\/\/www.youtube.com\/@UrbanbikerEbikes"]}]}},"_links":{"self":[{"href":"https:\/\/www.urbanbiker.com\/de\/wp-json\/wp\/v2\/posts\/39574","targetHints":{"allow":["GET"]}}],"collection":[{"href":"https:\/\/www.urbanbiker.com\/de\/wp-json\/wp\/v2\/posts"}],"about":[{"href":"https:\/\/www.urbanbiker.com\/de\/wp-json\/wp\/v2\/types\/post"}],"author":[{"embeddable":true,"href":"https:\/\/www.urbanbiker.com\/de\/wp-json\/wp\/v2\/users\/1"}],"replies":[{"embeddable":true,"href":"https:\/\/www.urbanbiker.com\/de\/wp-json\/wp\/v2\/comments?post=39574"}],"version-history":[{"count":2,"href":"https:\/\/www.urbanbiker.com\/de\/wp-json\/wp\/v2\/posts\/39574\/revisions"}],"predecessor-version":[{"id":39648,"href":"https:\/\/www.urbanbiker.com\/de\/wp-json\/wp\/v2\/posts\/39574\/revisions\/39648"}],"wp:featuredmedia":[{"embeddable":true,"href":"https:\/\/www.urbanbiker.com\/de\/wp-json\/wp\/v2\/media\/34846"}],"wp:attachment":[{"href":"https:\/\/www.urbanbiker.com\/de\/wp-json\/wp\/v2\/media?parent=39574"}],"wp:term":[{"taxonomy":"category","embeddable":true,"href":"https:\/\/www.urbanbiker.com\/de\/wp-json\/wp\/v2\/categories?post=39574"},{"taxonomy":"post_tag","embeddable":true,"href":"https:\/\/www.urbanbiker.com\/de\/wp-json\/wp\/v2\/tags?post=39574"}],"curies":[{"name":"wp","href":"https:\/\/api.w.org\/{rel}","templated":true}]}}