{"id":39550,"date":"2023-06-26T03:32:43","date_gmt":"2023-06-26T01:32:43","guid":{"rendered":"https:\/\/www.urbanbiker.com\/wie-sie-die-lebensdauer-der-batterie-verlaengern-koennen\/"},"modified":"2025-03-21T14:10:48","modified_gmt":"2025-03-21T13:10:48","slug":"wie-sie-die-lebensdauer-des-akkus-verlaengern-koennen","status":"publish","type":"post","link":"https:\/\/www.urbanbiker.com\/de\/wie-sie-die-lebensdauer-des-akkus-verlaengern-koennen\/","title":{"rendered":"Wie Sie die Lebensdauer des Akkus verl\u00e4ngern k\u00f6nnen"},"content":{"rendered":"\r\n<p>Es gibt viele Faktoren, die die <strong>Lebensdauer des Akkus<\/strong> eines Elektrofahrrads beeinflussen k\u00f6nnen. Wir m\u00f6chten Ihnen jeden einzelnen davon erkl\u00e4ren, damit Sie das Beste daraus machen k\u00f6nnen.<\/p>\r\n<p><b>1- Ein platter Reifen <\/b>verringert die <strong>Reichweite <\/strong>des Fahrrads erheblich und <strong>erh\u00f6ht<\/strong> die Wahrscheinlichkeit einer Reifenpanne.<\/p>\r\n<p>\u00dcberpr\u00fcfen Sie vor jedem Verkauf\/jeder R\u00fcckgabe aufgrund eines <strong>Autonomieproblems<\/strong> den Reifendruck und weisen Sie auf die Bedeutung des Reifendrucks hin:<\/p>\r\n<p>Stadt\/Trekking 26\u2033 oder 28\u2033 = optimal <b>4.5 BAR<\/b><\/p>\r\n<p>Zusammenklappbar 20\u2033 = optimal <b>3,5 BAR<\/b><\/p>\r\n<p>27.5\u2033 oder 29\u2033 Halterung = optimale<b> 1.8\/2.0 BAR<\/b><\/p>\r\n<p style=\"text-align: center;\"><a href=\"http:\/\/www.urbanbiker.com\/wp-content\/uploads\/2023\/06\/Autonomia-vs-Presion_01.png\"><img fetchpriority=\"high\" decoding=\"async\" class=\"aligncenter size-large wp-image-41066\" src=\"http:\/\/www.urbanbiker.com\/wp-content\/uploads\/2023\/06\/Autonomia-vs-Presion_01-1024x482.png\" alt=\"Autonomia vs Presion\" width=\"980\" height=\"461\" srcset=\"https:\/\/www.urbanbiker.com\/wp-content\/uploads\/2023\/06\/Autonomia-vs-Presion_01-1024x482.png 1024w, https:\/\/www.urbanbiker.com\/wp-content\/uploads\/2023\/06\/Autonomia-vs-Presion_01-300x141.png 300w, https:\/\/www.urbanbiker.com\/wp-content\/uploads\/2023\/06\/Autonomia-vs-Presion_01-768x362.png 768w, https:\/\/www.urbanbiker.com\/wp-content\/uploads\/2023\/06\/Autonomia-vs-Presion_01-1536x724.png 1536w, https:\/\/www.urbanbiker.com\/wp-content\/uploads\/2023\/06\/Autonomia-vs-Presion_01-2048x965.png 2048w, https:\/\/www.urbanbiker.com\/wp-content\/uploads\/2023\/06\/Autonomia-vs-Presion_01-800x377.png 800w\" sizes=\"(max-width: 980px) 100vw, 980px\" \/><\/a><\/p>\r\n\r\n\r\n\r\n<blockquote class=\"wp-block-quote is-layout-flow wp-block-quote-is-layout-flow\">\r\n<p>Ein <b>\u00fcberladenes Fahrrad<\/b> verringert die Reichweite des Fahrrads. Und wenn der Benutzer nicht gen\u00fcgend Kraft auf die Pedale aus\u00fcbt, verringert sich die Reichweite (Pedalsensor, Tretlagerdrehung).<\/p>\r\n<\/blockquote>\r\n<p>Die <strong>Reichweite<\/strong> wird auf <b>Strecken mit starken Steigungen<\/b> reduziert <b>.<\/b><\/p>\r\n<p>Die <strong>Autonomie<\/strong> wird durch die<b> K\u00e4lte<\/b> beeintr\u00e4chtigt. Optimale Temperatur = 25\u00b0C<\/p>\r\n<p style=\"text-align: center;\"><a href=\"http:\/\/www.urbanbiker.com\/wp-content\/uploads\/2023\/06\/Autonomia-vs-Temperatura_02.png\"><img decoding=\"async\" class=\"aligncenter size-large wp-image-41073\" src=\"http:\/\/www.urbanbiker.com\/wp-content\/uploads\/2023\/06\/Autonomia-vs-Temperatura_02-1024x482.png\" alt=\"Autonomia vs Temperatura\" width=\"980\" height=\"461\" srcset=\"https:\/\/www.urbanbiker.com\/wp-content\/uploads\/2023\/06\/Autonomia-vs-Temperatura_02-1024x482.png 1024w, https:\/\/www.urbanbiker.com\/wp-content\/uploads\/2023\/06\/Autonomia-vs-Temperatura_02-300x141.png 300w, https:\/\/www.urbanbiker.com\/wp-content\/uploads\/2023\/06\/Autonomia-vs-Temperatura_02-768x362.png 768w, https:\/\/www.urbanbiker.com\/wp-content\/uploads\/2023\/06\/Autonomia-vs-Temperatura_02-1536x724.png 1536w, https:\/\/www.urbanbiker.com\/wp-content\/uploads\/2023\/06\/Autonomia-vs-Temperatura_02-2048x965.png 2048w, https:\/\/www.urbanbiker.com\/wp-content\/uploads\/2023\/06\/Autonomia-vs-Temperatura_02-800x377.png 800w\" sizes=\"(max-width: 980px) 100vw, 980px\" \/><\/a><\/p>\r\n<p>Eine <b>schlecht eingestellte Bremse <\/b>hat einen gro\u00dfen Einfluss auf die Reichweite eines Fahrrads.<\/p>\r\n<p><strong>Akkus<\/strong>: Kombination von Zellen.<\/p>\r\n<p>Das richtige Gleichgewicht zwischen Macht und <strong>Autonomie<\/strong> f\u00fcr die gute Vereinigung der Zellen finden:<\/p>\r\n<p><b>Parallelmontage erh\u00f6ht die Kapazit\u00e4t (Ah)<\/b><\/p>\r\n<p><b>Reihenmontage erh\u00f6ht die Spannung (V)<\/b><\/p>\r\n<p style=\"text-align: center;\"><a href=\"http:\/\/www.urbanbiker.com\/wp-content\/uploads\/2023\/06\/celulas_03.png\"><img decoding=\"async\" class=\"aligncenter size-full wp-image-41087\" src=\"http:\/\/www.urbanbiker.com\/wp-content\/uploads\/2023\/06\/celulas_03.png\" alt=\"Celulas\" width=\"436\" height=\"491\" srcset=\"https:\/\/www.urbanbiker.com\/wp-content\/uploads\/2023\/06\/celulas_03.png 436w, https:\/\/www.urbanbiker.com\/wp-content\/uploads\/2023\/06\/celulas_03-266x300.png 266w\" sizes=\"(max-width: 436px) 100vw, 436px\" \/><\/a><\/p>\r\n<p><b>Lagerung<\/b><\/p>\r\n<ul>\r\n<li data-start=\"115\" data-end=\"174\">An einem trockenen Ort bei +10\u00b0C bis +25\u00b0C aufbewahren.<\/li>\r\n<li data-start=\"177\" data-end=\"215\">Mindestens alle 3 Monate aufladen.<\/li>\r\n<li data-start=\"218\" data-end=\"264\">Nicht entladen lagern (letzte LED blinkt).<\/li>\r\n<li data-start=\"267\" data-end=\"335\">Bei l\u00e4ngerer Lagerung den Akku in den Schlafmodus versetzen.<\/li>\r\n<\/ul>\r\n<p>&nbsp;<\/p>\r\n<p><b>Schlafmodus<\/b><\/p>\r\n<ul>\r\n<li data-start=\"115\" data-end=\"207\">Bei l\u00e4ngerer Lagerung ohne Ladebedarf und ohne die Batteriekapazit\u00e4t zu beeintr\u00e4chtigen:<\/li>\r\n<li data-start=\"210\" data-end=\"257\">Die Akku-Taste 10 Sekunden lang dr\u00fccken.<\/li>\r\n<li data-start=\"260\" data-end=\"323\">Den Akku zum Reaktivieren an das Ladeger\u00e4t anschlie\u00dfen.<\/li>\r\n<\/ul>\r\n<p><em>Unsere VAE-Ladeger\u00e4te sind intelligent. Der Strom wird schrittweise reduziert, um die maximale Kapazit\u00e4t des <strong>Akkus<\/strong> zu erreichen und ihre Lebensdauer zu gew\u00e4hrleisten. Das Ladeger\u00e4t kann 12 Stunden lang angeschlossen bleiben. Sobald der Ladevorgang abgeschlossen ist, sendet das Ladeger\u00e4t keinen Strom mehr. <\/em><\/p>\r\n<p style=\"text-align: center;\"><a href=\"http:\/\/www.urbanbiker.com\/wp-content\/uploads\/2023\/06\/cargadores_04.png\"><img loading=\"lazy\" decoding=\"async\" class=\"aligncenter size-full wp-image-41080\" src=\"http:\/\/www.urbanbiker.com\/wp-content\/uploads\/2023\/06\/cargadores_04.png\" alt=\"Cargadores\" width=\"776\" height=\"375\" srcset=\"https:\/\/www.urbanbiker.com\/wp-content\/uploads\/2023\/06\/cargadores_04.png 776w, https:\/\/www.urbanbiker.com\/wp-content\/uploads\/2023\/06\/cargadores_04-300x145.png 300w, https:\/\/www.urbanbiker.com\/wp-content\/uploads\/2023\/06\/cargadores_04-768x371.png 768w\" sizes=\"(max-width: 776px) 100vw, 776px\" \/><\/a><\/p>\r\n<p>*Unsere VAE-Ladeger\u00e4te sind intelligent, der Strom wird schrittweise reduziert, um die maximale Kapazit\u00e4t des <strong>Akkus<\/strong> zu erreichen und seine Lebensdauer zu gew\u00e4hrleisten.<\/p>\r\n<p>Das Ladeger\u00e4t kann 12 Stunden lang angeschlossen bleiben. Sobald der Ladevorgang abgeschlossen ist, sendet das Ladeger\u00e4t keinen Strom mehr.<\/p>","protected":false},"excerpt":{"rendered":"<p>Vestibulum eu quam nec nec neque pellentesque efficitur id eget nisl. Proin porta est convallis lacus blandit pretium sed non enim. Maecenas lacinia non orci at aliquam. Donec finibus, urna bibendum ultricies laoreet, augue eros luctus sapien, ut euismod leo tortor ac enim. In hac habitasse platea dictumst. Sed cursus venenatis tellus, non lobortis diam volutpat sit amet.     <\/p>\n","protected":false},"author":1,"featured_media":34852,"comment_status":"open","ping_status":"open","sticky":false,"template":"","format":"standard","meta":{"footnotes":""},"categories":[291],"tags":[],"class_list":["post-39550","post","type-post","status-publish","format-standard","has-post-thumbnail","hentry","category-empfehlungen"],"yoast_head":"<!-- This site is optimized with the Yoast SEO plugin v27.5 - https:\/\/yoast.com\/product\/yoast-seo-wordpress\/ -->\n<title>Wie Sie die Lebensdauer des Akkus verl\u00e4ngern k\u00f6nnen UrbanBiker<\/title>\n<meta name=\"description\" content=\"Wenn Sie k\u00f6rperliche Probleme haben, ist ein elektrisches Fahrrad besser. Die Unterst\u00fctzung, die es bietet, erm\u00f6glicht es mehr Menschen, weiter Rad zu fahren.\" \/>\n<meta name=\"robots\" content=\"index, follow, max-snippet:-1, max-image-preview:large, max-video-preview:-1\" \/>\n<link rel=\"canonical\" href=\"https:\/\/www.urbanbiker.com\/de\/wie-sie-die-lebensdauer-des-akkus-verlaengern-koennen\/\" \/>\n<meta property=\"og:locale\" content=\"de_DE\" \/>\n<meta property=\"og:type\" content=\"article\" \/>\n<meta property=\"og:title\" content=\"Wie Sie die Lebensdauer des Akkus verl\u00e4ngern k\u00f6nnen UrbanBiker\" \/>\n<meta property=\"og:description\" content=\"Wenn Sie k\u00f6rperliche Probleme haben, ist ein elektrisches Fahrrad besser. Die Unterst\u00fctzung, die es bietet, erm\u00f6glicht es mehr Menschen, weiter Rad zu fahren.\" \/>\n<meta property=\"og:url\" content=\"https:\/\/www.urbanbiker.com\/de\/wie-sie-die-lebensdauer-des-akkus-verlaengern-koennen\/\" \/>\n<meta property=\"og:site_name\" content=\"UrbanBiker\" \/>\n<meta property=\"article:publisher\" content=\"https:\/\/www.facebook.com\/Urbanbikerbiciselectricas\" \/>\n<meta property=\"article:author\" content=\"https:\/\/www.facebook.com\/Urbanbikerbiciselectricas\/\" \/>\n<meta property=\"article:published_time\" content=\"2023-06-26T01:32:43+00:00\" \/>\n<meta property=\"article:modified_time\" content=\"2025-03-21T13:10:48+00:00\" \/>\n<meta property=\"og:image\" content=\"https:\/\/www.urbanbiker.com\/wp-content\/uploads\/2023\/06\/9.jpg\" \/>\n\t<meta property=\"og:image:width\" content=\"1080\" \/>\n\t<meta property=\"og:image:height\" content=\"1080\" \/>\n\t<meta property=\"og:image:type\" content=\"image\/jpeg\" \/>\n<meta name=\"author\" content=\"UrbanBiker\" \/>\n<meta name=\"twitter:card\" content=\"summary_large_image\" \/>\n<meta name=\"twitter:label1\" content=\"Verfasst von\" \/>\n\t<meta name=\"twitter:data1\" content=\"UrbanBiker\" \/>\n\t<meta name=\"twitter:label2\" content=\"Gesch\u00e4tzte Lesezeit\" \/>\n\t<meta name=\"twitter:data2\" content=\"3\u00a0Minute\" \/>\n<script type=\"application\/ld+json\" class=\"yoast-schema-graph\">{\"@context\":\"https:\\\/\\\/schema.org\",\"@graph\":[{\"@type\":\"Article\",\"@id\":\"https:\\\/\\\/www.urbanbiker.com\\\/de\\\/wie-sie-die-lebensdauer-des-akkus-verlaengern-koennen\\\/#article\",\"isPartOf\":{\"@id\":\"https:\\\/\\\/www.urbanbiker.com\\\/de\\\/wie-sie-die-lebensdauer-des-akkus-verlaengern-koennen\\\/\"},\"author\":{\"name\":\"UrbanBiker\",\"@id\":\"https:\\\/\\\/www.urbanbiker.com\\\/de\\\/#\\\/schema\\\/person\\\/1cb58f0792ef226d6d409b73059515e0\"},\"headline\":\"Wie Sie die Lebensdauer des Akkus verl\u00e4ngern k\u00f6nnen\",\"datePublished\":\"2023-06-26T01:32:43+00:00\",\"dateModified\":\"2025-03-21T13:10:48+00:00\",\"mainEntityOfPage\":{\"@id\":\"https:\\\/\\\/www.urbanbiker.com\\\/de\\\/wie-sie-die-lebensdauer-des-akkus-verlaengern-koennen\\\/\"},\"wordCount\":339,\"commentCount\":0,\"publisher\":{\"@id\":\"https:\\\/\\\/www.urbanbiker.com\\\/de\\\/#organization\"},\"image\":{\"@id\":\"https:\\\/\\\/www.urbanbiker.com\\\/de\\\/wie-sie-die-lebensdauer-des-akkus-verlaengern-koennen\\\/#primaryimage\"},\"thumbnailUrl\":\"https:\\\/\\\/www.urbanbiker.com\\\/wp-content\\\/uploads\\\/2023\\\/06\\\/9.jpg\",\"articleSection\":[\"Empfehlungen\"],\"inLanguage\":\"de\",\"potentialAction\":[{\"@type\":\"CommentAction\",\"name\":\"Comment\",\"target\":[\"https:\\\/\\\/www.urbanbiker.com\\\/de\\\/wie-sie-die-lebensdauer-des-akkus-verlaengern-koennen\\\/#respond\"]}]},{\"@type\":\"WebPage\",\"@id\":\"https:\\\/\\\/www.urbanbiker.com\\\/de\\\/wie-sie-die-lebensdauer-des-akkus-verlaengern-koennen\\\/\",\"url\":\"https:\\\/\\\/www.urbanbiker.com\\\/de\\\/wie-sie-die-lebensdauer-des-akkus-verlaengern-koennen\\\/\",\"name\":\"Wie Sie die Lebensdauer des Akkus verl\u00e4ngern k\u00f6nnen UrbanBiker\",\"isPartOf\":{\"@id\":\"https:\\\/\\\/www.urbanbiker.com\\\/de\\\/#website\"},\"primaryImageOfPage\":{\"@id\":\"https:\\\/\\\/www.urbanbiker.com\\\/de\\\/wie-sie-die-lebensdauer-des-akkus-verlaengern-koennen\\\/#primaryimage\"},\"image\":{\"@id\":\"https:\\\/\\\/www.urbanbiker.com\\\/de\\\/wie-sie-die-lebensdauer-des-akkus-verlaengern-koennen\\\/#primaryimage\"},\"thumbnailUrl\":\"https:\\\/\\\/www.urbanbiker.com\\\/wp-content\\\/uploads\\\/2023\\\/06\\\/9.jpg\",\"datePublished\":\"2023-06-26T01:32:43+00:00\",\"dateModified\":\"2025-03-21T13:10:48+00:00\",\"description\":\"Wenn Sie k\u00f6rperliche Probleme haben, ist ein elektrisches Fahrrad besser. Die Unterst\u00fctzung, die es bietet, erm\u00f6glicht es mehr Menschen, weiter Rad zu fahren.\",\"breadcrumb\":{\"@id\":\"https:\\\/\\\/www.urbanbiker.com\\\/de\\\/wie-sie-die-lebensdauer-des-akkus-verlaengern-koennen\\\/#breadcrumb\"},\"inLanguage\":\"de\",\"potentialAction\":[{\"@type\":\"ReadAction\",\"target\":[\"https:\\\/\\\/www.urbanbiker.com\\\/de\\\/wie-sie-die-lebensdauer-des-akkus-verlaengern-koennen\\\/\"]}]},{\"@type\":\"ImageObject\",\"inLanguage\":\"de\",\"@id\":\"https:\\\/\\\/www.urbanbiker.com\\\/de\\\/wie-sie-die-lebensdauer-des-akkus-verlaengern-koennen\\\/#primaryimage\",\"url\":\"https:\\\/\\\/www.urbanbiker.com\\\/wp-content\\\/uploads\\\/2023\\\/06\\\/9.jpg\",\"contentUrl\":\"https:\\\/\\\/www.urbanbiker.com\\\/wp-content\\\/uploads\\\/2023\\\/06\\\/9.jpg\",\"width\":1080,\"height\":1080},{\"@type\":\"BreadcrumbList\",\"@id\":\"https:\\\/\\\/www.urbanbiker.com\\\/de\\\/wie-sie-die-lebensdauer-des-akkus-verlaengern-koennen\\\/#breadcrumb\",\"itemListElement\":[{\"@type\":\"ListItem\",\"position\":1,\"name\":\"Portada\",\"item\":\"https:\\\/\\\/www.urbanbiker.com\\\/de\\\/\"},{\"@type\":\"ListItem\",\"position\":2,\"name\":\"Wie Sie die Lebensdauer des Akkus verl\u00e4ngern k\u00f6nnen\"}]},{\"@type\":\"WebSite\",\"@id\":\"https:\\\/\\\/www.urbanbiker.com\\\/de\\\/#website\",\"url\":\"https:\\\/\\\/www.urbanbiker.com\\\/de\\\/\",\"name\":\"UrbanBiker\",\"description\":\"Elektrische Fahrr\u00e4der\",\"publisher\":{\"@id\":\"https:\\\/\\\/www.urbanbiker.com\\\/de\\\/#organization\"},\"potentialAction\":[{\"@type\":\"SearchAction\",\"target\":{\"@type\":\"EntryPoint\",\"urlTemplate\":\"https:\\\/\\\/www.urbanbiker.com\\\/de\\\/?s={search_term_string}\"},\"query-input\":{\"@type\":\"PropertyValueSpecification\",\"valueRequired\":true,\"valueName\":\"search_term_string\"}}],\"inLanguage\":\"de\"},{\"@type\":\"Organization\",\"@id\":\"https:\\\/\\\/www.urbanbiker.com\\\/de\\\/#organization\",\"name\":\"UrbanBiker\",\"url\":\"https:\\\/\\\/www.urbanbiker.com\\\/de\\\/\",\"logo\":{\"@type\":\"ImageObject\",\"inLanguage\":\"de\",\"@id\":\"https:\\\/\\\/www.urbanbiker.com\\\/de\\\/#\\\/schema\\\/logo\\\/image\\\/\",\"url\":\"https:\\\/\\\/www.urbanbiker.com\\\/wp-content\\\/uploads\\\/2022\\\/09\\\/Logo-principal-sin-fondo.png\",\"contentUrl\":\"https:\\\/\\\/www.urbanbiker.com\\\/wp-content\\\/uploads\\\/2022\\\/09\\\/Logo-principal-sin-fondo.png\",\"width\":2560,\"height\":934,\"caption\":\"UrbanBiker\"},\"image\":{\"@id\":\"https:\\\/\\\/www.urbanbiker.com\\\/de\\\/#\\\/schema\\\/logo\\\/image\\\/\"},\"sameAs\":[\"https:\\\/\\\/www.facebook.com\\\/Urbanbikerbiciselectricas\",\"https:\\\/\\\/www.instagram.com\\\/urbanbiker_\\\/\",\"https:\\\/\\\/www.linkedin.com\\\/company\\\/2454235\",\"https:\\\/\\\/www.youtube.com\\\/channel\\\/UCWR__uH_RWJF-OhPfz-9-Qw\"]},{\"@type\":\"Person\",\"@id\":\"https:\\\/\\\/www.urbanbiker.com\\\/de\\\/#\\\/schema\\\/person\\\/1cb58f0792ef226d6d409b73059515e0\",\"name\":\"UrbanBiker\",\"image\":{\"@type\":\"ImageObject\",\"inLanguage\":\"de\",\"@id\":\"https:\\\/\\\/secure.gravatar.com\\\/avatar\\\/22838f387878aabd10c8c90196e14f05497ff2fdd7c1267a5f035aa48d9ed396?s=96&d=mm&r=g\",\"url\":\"https:\\\/\\\/secure.gravatar.com\\\/avatar\\\/22838f387878aabd10c8c90196e14f05497ff2fdd7c1267a5f035aa48d9ed396?s=96&d=mm&r=g\",\"contentUrl\":\"https:\\\/\\\/secure.gravatar.com\\\/avatar\\\/22838f387878aabd10c8c90196e14f05497ff2fdd7c1267a5f035aa48d9ed396?s=96&d=mm&r=g\",\"caption\":\"UrbanBiker\"},\"sameAs\":[\"http:\\\/\\\/www.urbanbiker.com\\\/\",\"https:\\\/\\\/www.facebook.com\\\/Urbanbikerbiciselectricas\\\/\",\"https:\\\/\\\/www.linkedin.com\\\/company\\\/urbanbiker\\\/\",\"https:\\\/\\\/www.youtube.com\\\/@UrbanbikerEbikes\"]}]}<\/script>\n<!-- \/ Yoast SEO plugin. -->","yoast_head_json":{"title":"Wie Sie die Lebensdauer des Akkus verl\u00e4ngern k\u00f6nnen UrbanBiker","description":"Wenn Sie k\u00f6rperliche Probleme haben, ist ein elektrisches Fahrrad besser. Die Unterst\u00fctzung, die es bietet, erm\u00f6glicht es mehr Menschen, weiter Rad zu fahren.","robots":{"index":"index","follow":"follow","max-snippet":"max-snippet:-1","max-image-preview":"max-image-preview:large","max-video-preview":"max-video-preview:-1"},"canonical":"https:\/\/www.urbanbiker.com\/de\/wie-sie-die-lebensdauer-des-akkus-verlaengern-koennen\/","og_locale":"de_DE","og_type":"article","og_title":"Wie Sie die Lebensdauer des Akkus verl\u00e4ngern k\u00f6nnen UrbanBiker","og_description":"Wenn Sie k\u00f6rperliche Probleme haben, ist ein elektrisches Fahrrad besser. Die Unterst\u00fctzung, die es bietet, erm\u00f6glicht es mehr Menschen, weiter Rad zu fahren.","og_url":"https:\/\/www.urbanbiker.com\/de\/wie-sie-die-lebensdauer-des-akkus-verlaengern-koennen\/","og_site_name":"UrbanBiker","article_publisher":"https:\/\/www.facebook.com\/Urbanbikerbiciselectricas","article_author":"https:\/\/www.facebook.com\/Urbanbikerbiciselectricas\/","article_published_time":"2023-06-26T01:32:43+00:00","article_modified_time":"2025-03-21T13:10:48+00:00","og_image":[{"width":1080,"height":1080,"url":"https:\/\/www.urbanbiker.com\/wp-content\/uploads\/2023\/06\/9.jpg","type":"image\/jpeg"}],"author":"UrbanBiker","twitter_card":"summary_large_image","twitter_misc":{"Verfasst von":"UrbanBiker","Gesch\u00e4tzte Lesezeit":"3\u00a0Minute"},"schema":{"@context":"https:\/\/schema.org","@graph":[{"@type":"Article","@id":"https:\/\/www.urbanbiker.com\/de\/wie-sie-die-lebensdauer-des-akkus-verlaengern-koennen\/#article","isPartOf":{"@id":"https:\/\/www.urbanbiker.com\/de\/wie-sie-die-lebensdauer-des-akkus-verlaengern-koennen\/"},"author":{"name":"UrbanBiker","@id":"https:\/\/www.urbanbiker.com\/de\/#\/schema\/person\/1cb58f0792ef226d6d409b73059515e0"},"headline":"Wie Sie die Lebensdauer des Akkus verl\u00e4ngern k\u00f6nnen","datePublished":"2023-06-26T01:32:43+00:00","dateModified":"2025-03-21T13:10:48+00:00","mainEntityOfPage":{"@id":"https:\/\/www.urbanbiker.com\/de\/wie-sie-die-lebensdauer-des-akkus-verlaengern-koennen\/"},"wordCount":339,"commentCount":0,"publisher":{"@id":"https:\/\/www.urbanbiker.com\/de\/#organization"},"image":{"@id":"https:\/\/www.urbanbiker.com\/de\/wie-sie-die-lebensdauer-des-akkus-verlaengern-koennen\/#primaryimage"},"thumbnailUrl":"https:\/\/www.urbanbiker.com\/wp-content\/uploads\/2023\/06\/9.jpg","articleSection":["Empfehlungen"],"inLanguage":"de","potentialAction":[{"@type":"CommentAction","name":"Comment","target":["https:\/\/www.urbanbiker.com\/de\/wie-sie-die-lebensdauer-des-akkus-verlaengern-koennen\/#respond"]}]},{"@type":"WebPage","@id":"https:\/\/www.urbanbiker.com\/de\/wie-sie-die-lebensdauer-des-akkus-verlaengern-koennen\/","url":"https:\/\/www.urbanbiker.com\/de\/wie-sie-die-lebensdauer-des-akkus-verlaengern-koennen\/","name":"Wie Sie die Lebensdauer des Akkus verl\u00e4ngern k\u00f6nnen UrbanBiker","isPartOf":{"@id":"https:\/\/www.urbanbiker.com\/de\/#website"},"primaryImageOfPage":{"@id":"https:\/\/www.urbanbiker.com\/de\/wie-sie-die-lebensdauer-des-akkus-verlaengern-koennen\/#primaryimage"},"image":{"@id":"https:\/\/www.urbanbiker.com\/de\/wie-sie-die-lebensdauer-des-akkus-verlaengern-koennen\/#primaryimage"},"thumbnailUrl":"https:\/\/www.urbanbiker.com\/wp-content\/uploads\/2023\/06\/9.jpg","datePublished":"2023-06-26T01:32:43+00:00","dateModified":"2025-03-21T13:10:48+00:00","description":"Wenn Sie k\u00f6rperliche Probleme haben, ist ein elektrisches Fahrrad besser. Die Unterst\u00fctzung, die es bietet, erm\u00f6glicht es mehr Menschen, weiter Rad zu fahren.","breadcrumb":{"@id":"https:\/\/www.urbanbiker.com\/de\/wie-sie-die-lebensdauer-des-akkus-verlaengern-koennen\/#breadcrumb"},"inLanguage":"de","potentialAction":[{"@type":"ReadAction","target":["https:\/\/www.urbanbiker.com\/de\/wie-sie-die-lebensdauer-des-akkus-verlaengern-koennen\/"]}]},{"@type":"ImageObject","inLanguage":"de","@id":"https:\/\/www.urbanbiker.com\/de\/wie-sie-die-lebensdauer-des-akkus-verlaengern-koennen\/#primaryimage","url":"https:\/\/www.urbanbiker.com\/wp-content\/uploads\/2023\/06\/9.jpg","contentUrl":"https:\/\/www.urbanbiker.com\/wp-content\/uploads\/2023\/06\/9.jpg","width":1080,"height":1080},{"@type":"BreadcrumbList","@id":"https:\/\/www.urbanbiker.com\/de\/wie-sie-die-lebensdauer-des-akkus-verlaengern-koennen\/#breadcrumb","itemListElement":[{"@type":"ListItem","position":1,"name":"Portada","item":"https:\/\/www.urbanbiker.com\/de\/"},{"@type":"ListItem","position":2,"name":"Wie Sie die Lebensdauer des Akkus verl\u00e4ngern k\u00f6nnen"}]},{"@type":"WebSite","@id":"https:\/\/www.urbanbiker.com\/de\/#website","url":"https:\/\/www.urbanbiker.com\/de\/","name":"UrbanBiker","description":"Elektrische Fahrr\u00e4der","publisher":{"@id":"https:\/\/www.urbanbiker.com\/de\/#organization"},"potentialAction":[{"@type":"SearchAction","target":{"@type":"EntryPoint","urlTemplate":"https:\/\/www.urbanbiker.com\/de\/?s={search_term_string}"},"query-input":{"@type":"PropertyValueSpecification","valueRequired":true,"valueName":"search_term_string"}}],"inLanguage":"de"},{"@type":"Organization","@id":"https:\/\/www.urbanbiker.com\/de\/#organization","name":"UrbanBiker","url":"https:\/\/www.urbanbiker.com\/de\/","logo":{"@type":"ImageObject","inLanguage":"de","@id":"https:\/\/www.urbanbiker.com\/de\/#\/schema\/logo\/image\/","url":"https:\/\/www.urbanbiker.com\/wp-content\/uploads\/2022\/09\/Logo-principal-sin-fondo.png","contentUrl":"https:\/\/www.urbanbiker.com\/wp-content\/uploads\/2022\/09\/Logo-principal-sin-fondo.png","width":2560,"height":934,"caption":"UrbanBiker"},"image":{"@id":"https:\/\/www.urbanbiker.com\/de\/#\/schema\/logo\/image\/"},"sameAs":["https:\/\/www.facebook.com\/Urbanbikerbiciselectricas","https:\/\/www.instagram.com\/urbanbiker_\/","https:\/\/www.linkedin.com\/company\/2454235","https:\/\/www.youtube.com\/channel\/UCWR__uH_RWJF-OhPfz-9-Qw"]},{"@type":"Person","@id":"https:\/\/www.urbanbiker.com\/de\/#\/schema\/person\/1cb58f0792ef226d6d409b73059515e0","name":"UrbanBiker","image":{"@type":"ImageObject","inLanguage":"de","@id":"https:\/\/secure.gravatar.com\/avatar\/22838f387878aabd10c8c90196e14f05497ff2fdd7c1267a5f035aa48d9ed396?s=96&d=mm&r=g","url":"https:\/\/secure.gravatar.com\/avatar\/22838f387878aabd10c8c90196e14f05497ff2fdd7c1267a5f035aa48d9ed396?s=96&d=mm&r=g","contentUrl":"https:\/\/secure.gravatar.com\/avatar\/22838f387878aabd10c8c90196e14f05497ff2fdd7c1267a5f035aa48d9ed396?s=96&d=mm&r=g","caption":"UrbanBiker"},"sameAs":["http:\/\/www.urbanbiker.com\/","https:\/\/www.facebook.com\/Urbanbikerbiciselectricas\/","https:\/\/www.linkedin.com\/company\/urbanbiker\/","https:\/\/www.youtube.com\/@UrbanbikerEbikes"]}]}},"_links":{"self":[{"href":"https:\/\/www.urbanbiker.com\/de\/wp-json\/wp\/v2\/posts\/39550","targetHints":{"allow":["GET"]}}],"collection":[{"href":"https:\/\/www.urbanbiker.com\/de\/wp-json\/wp\/v2\/posts"}],"about":[{"href":"https:\/\/www.urbanbiker.com\/de\/wp-json\/wp\/v2\/types\/post"}],"author":[{"embeddable":true,"href":"https:\/\/www.urbanbiker.com\/de\/wp-json\/wp\/v2\/users\/1"}],"replies":[{"embeddable":true,"href":"https:\/\/www.urbanbiker.com\/de\/wp-json\/wp\/v2\/comments?post=39550"}],"version-history":[{"count":5,"href":"https:\/\/www.urbanbiker.com\/de\/wp-json\/wp\/v2\/posts\/39550\/revisions"}],"predecessor-version":[{"id":41109,"href":"https:\/\/www.urbanbiker.com\/de\/wp-json\/wp\/v2\/posts\/39550\/revisions\/41109"}],"wp:featuredmedia":[{"embeddable":true,"href":"https:\/\/www.urbanbiker.com\/de\/wp-json\/wp\/v2\/media\/34852"}],"wp:attachment":[{"href":"https:\/\/www.urbanbiker.com\/de\/wp-json\/wp\/v2\/media?parent=39550"}],"wp:term":[{"taxonomy":"category","embeddable":true,"href":"https:\/\/www.urbanbiker.com\/de\/wp-json\/wp\/v2\/categories?post=39550"},{"taxonomy":"post_tag","embeddable":true,"href":"https:\/\/www.urbanbiker.com\/de\/wp-json\/wp\/v2\/tags?post=39550"}],"curies":[{"name":"wp","href":"https:\/\/api.w.org\/{rel}","templated":true}]}}