{"id":39490,"date":"2024-06-26T17:28:40","date_gmt":"2024-06-26T15:28:40","guid":{"rendered":"https:\/\/www.urbanbiker.com\/ist-das-tragen-eines-helms-auf-einem-elektrofahrrad-pflicht\/"},"modified":"2025-03-19T20:44:06","modified_gmt":"2025-03-19T19:44:06","slug":"ist-das-tragen-eines-helms-auf-einem-elektrofahrrad-pflicht","status":"publish","type":"post","link":"https:\/\/www.urbanbiker.com\/de\/ist-das-tragen-eines-helms-auf-einem-elektrofahrrad-pflicht\/","title":{"rendered":"Ist das Tragen eines Helms auf einem Elektrofahrrad Pflicht?"},"content":{"rendered":"<p>Was ist das Erste, was Sie tun, wenn Sie mit Ihrem E-Bike losfahren? \u00dcberpr\u00fcfen Sie den Ladezustand des Akkus? Schn\u00fcren Sie Ihre Schuhe richtig? Nehmen Sie Ihren <strong>Helm<\/strong> mit? Egal, ob Sie zu den akribischen Menschen mit Ritualen und Gewohnheiten geh\u00f6ren oder eher ein Improvisationsmensch sind, wir empfehlen Ihnen, immer Ihren <strong>Helm<\/strong> mitzunehmen, wenn Sie mit Ihrem E-Bike unterwegs sind. Und wir sind sicher, dass viele Menschen in diesem Punkt anderer Meinung sind, denn aufgrund der geltenden Vorschriften <em>besteht nicht immer eine<strong>Helmpflicht<\/strong><\/em>.     <\/p>\n<blockquote class=\"wp-block-quote\"><p>So steht es in der Allgemeinen Stra\u00dfenverkehrsordnung:<\/p><\/blockquote>\n<p><!-- \/wp:post-content --><\/p>\n<p><!-- wp:paragraph --><\/p>\n<ul>\n<li><strong>Obligatorisch <\/strong>auf der Stra\u00dfe und in der Stadt f\u00fcr Kinder unter 16 Jahren<\/li>\n<li>Obligatorisch auf der Stra\u00dfe f\u00fcr alle<\/li>\n<li>In der Stadt f\u00fcr Personen \u00fcber 16 Jahren nicht obligatorisch<\/li>\n<\/ul>\n<p>Mit gesundem Menschenverstand und unter Ber\u00fccksichtigung der geltenden Vorschriften gibt es jedoch einige Gr\u00fcnde, warum das Tragen eines <strong>Helms<\/strong> auf einem <strong>E-Bike<\/strong> eine gute Idee ist<\/p>\n<ul>\n<li>Er bietet Ihnen Sicherheit beim Radfahren, indem er den am meisten gef\u00e4hrdeten Teil Ihres K\u00f6rpers sch\u00fctzt: Ihren Kopf.<\/li>\n<li>Mit einem E-Bike erreichen Sie m\u00fchelos 25 km pro Stunde und es ist am besten, den Kopf zu sch\u00fctzen.<\/li>\n<\/ul>\n<p>Die DGT erkennt jedoch einige besondere Situationen an, in denen das Tragen eines Helms nicht empfehlenswert ist, z.B. aus medizinischen Gr\u00fcnden, bei extremer Hitze oder bei einem l\u00e4ngeren Aufstieg. Auf UrbanBiker empfehlen wir Ihnen, immer einen <strong>Helm<\/strong> zu tragen. Machen Sie es modisch! W\u00e4hlen Sie einen zugelassenen Helm, genau wie Ihr Fahrrad. Fahren Sie schnell und sicher. Sie k\u00f6nnen viel f\u00fcr Ihre Sicherheit auf Ihrem Fahrrad tun, wenn Sie immer einen Helm tragen.     <\/p>\n","protected":false},"excerpt":{"rendered":"<p>Was ist das Erste, was Sie tun, wenn Sie mit Ihrem E-Bike losfahren? \u00dcberpr\u00fcfen Sie den Ladezustand des Akkus? Schn\u00fcren Sie Ihre Schuhe richtig? Nehmen Sie Ihren Helm mit? Egal, ob Sie zu den akribischen Menschen mit Ritualen und Gewohnheiten geh\u00f6ren oder eher ein Improvisationsmensch sind, wir empfehlen Ihnen, immer Ihren Helm mitzunehmen, wenn Sie [&hellip;]<\/p>\n","protected":false},"author":1,"featured_media":34912,"comment_status":"open","ping_status":"open","sticky":false,"template":"","format":"standard","meta":{"footnotes":""},"categories":[291],"tags":[],"class_list":["post-39490","post","type-post","status-publish","format-standard","has-post-thumbnail","hentry","category-empfehlungen"],"yoast_head":"<!-- This site is optimized with the Yoast SEO plugin v27.5 - https:\/\/yoast.com\/product\/yoast-seo-wordpress\/ -->\n<title>Auf elektrischen Fahrr\u00e4dern m\u00fcssen Helme getragen werden.<\/title>\n<meta name=\"description\" content=\"Ist das Tragen eines Helms auf einem Elektrofahrrad Pflicht? Je nach Alter ist das Tragen eines Helms obligatorisch.\" \/>\n<meta name=\"robots\" content=\"noindex, follow\" \/>\n<meta property=\"og:locale\" content=\"de_DE\" \/>\n<meta property=\"og:type\" content=\"article\" \/>\n<meta property=\"og:title\" content=\"Auf elektrischen Fahrr\u00e4dern m\u00fcssen Helme getragen werden.\" \/>\n<meta property=\"og:description\" content=\"Ist das Tragen eines Helms auf einem Elektrofahrrad Pflicht? Je nach Alter ist das Tragen eines Helms obligatorisch.\" \/>\n<meta property=\"og:url\" content=\"https:\/\/www.urbanbiker.com\/de\/ist-das-tragen-eines-helms-auf-einem-elektrofahrrad-pflicht\/\" \/>\n<meta property=\"og:site_name\" content=\"UrbanBiker\" \/>\n<meta property=\"article:publisher\" content=\"https:\/\/www.facebook.com\/Urbanbikerbiciselectricas\" \/>\n<meta property=\"article:author\" content=\"https:\/\/www.facebook.com\/Urbanbikerbiciselectricas\/\" \/>\n<meta property=\"article:published_time\" content=\"2024-06-26T15:28:40+00:00\" \/>\n<meta property=\"article:modified_time\" content=\"2025-03-19T19:44:06+00:00\" \/>\n<meta property=\"og:image\" content=\"https:\/\/www.urbanbiker.com\/wp-content\/uploads\/2024\/11\/casco.jpg\" \/>\n\t<meta property=\"og:image:width\" content=\"1600\" \/>\n\t<meta property=\"og:image:height\" content=\"1600\" \/>\n\t<meta property=\"og:image:type\" content=\"image\/jpeg\" \/>\n<meta name=\"author\" content=\"UrbanBiker\" \/>\n<meta name=\"twitter:card\" content=\"summary_large_image\" \/>\n<meta name=\"twitter:label1\" content=\"Verfasst von\" \/>\n\t<meta name=\"twitter:data1\" content=\"UrbanBiker\" \/>\n\t<meta name=\"twitter:label2\" content=\"Gesch\u00e4tzte Lesezeit\" \/>\n\t<meta name=\"twitter:data2\" content=\"1\u00a0Minute\" \/>\n<script type=\"application\/ld+json\" class=\"yoast-schema-graph\">{\"@context\":\"https:\\\/\\\/schema.org\",\"@graph\":[{\"@type\":\"Article\",\"@id\":\"https:\\\/\\\/www.urbanbiker.com\\\/de\\\/ist-das-tragen-eines-helms-auf-einem-elektrofahrrad-pflicht\\\/#article\",\"isPartOf\":{\"@id\":\"https:\\\/\\\/www.urbanbiker.com\\\/de\\\/ist-das-tragen-eines-helms-auf-einem-elektrofahrrad-pflicht\\\/\"},\"author\":{\"name\":\"UrbanBiker\",\"@id\":\"https:\\\/\\\/www.urbanbiker.com\\\/de\\\/#\\\/schema\\\/person\\\/1cb58f0792ef226d6d409b73059515e0\"},\"headline\":\"Ist das Tragen eines Helms auf einem Elektrofahrrad Pflicht?\",\"datePublished\":\"2024-06-26T15:28:40+00:00\",\"dateModified\":\"2025-03-19T19:44:06+00:00\",\"mainEntityOfPage\":{\"@id\":\"https:\\\/\\\/www.urbanbiker.com\\\/de\\\/ist-das-tragen-eines-helms-auf-einem-elektrofahrrad-pflicht\\\/\"},\"wordCount\":282,\"commentCount\":0,\"publisher\":{\"@id\":\"https:\\\/\\\/www.urbanbiker.com\\\/de\\\/#organization\"},\"image\":{\"@id\":\"https:\\\/\\\/www.urbanbiker.com\\\/de\\\/ist-das-tragen-eines-helms-auf-einem-elektrofahrrad-pflicht\\\/#primaryimage\"},\"thumbnailUrl\":\"https:\\\/\\\/www.urbanbiker.com\\\/wp-content\\\/uploads\\\/2024\\\/11\\\/casco.jpg\",\"articleSection\":[\"Empfehlungen\"],\"inLanguage\":\"de\",\"potentialAction\":[{\"@type\":\"CommentAction\",\"name\":\"Comment\",\"target\":[\"https:\\\/\\\/www.urbanbiker.com\\\/de\\\/ist-das-tragen-eines-helms-auf-einem-elektrofahrrad-pflicht\\\/#respond\"]}]},{\"@type\":\"WebPage\",\"@id\":\"https:\\\/\\\/www.urbanbiker.com\\\/de\\\/ist-das-tragen-eines-helms-auf-einem-elektrofahrrad-pflicht\\\/\",\"url\":\"https:\\\/\\\/www.urbanbiker.com\\\/de\\\/ist-das-tragen-eines-helms-auf-einem-elektrofahrrad-pflicht\\\/\",\"name\":\"Auf elektrischen Fahrr\u00e4dern m\u00fcssen Helme getragen werden.\",\"isPartOf\":{\"@id\":\"https:\\\/\\\/www.urbanbiker.com\\\/de\\\/#website\"},\"primaryImageOfPage\":{\"@id\":\"https:\\\/\\\/www.urbanbiker.com\\\/de\\\/ist-das-tragen-eines-helms-auf-einem-elektrofahrrad-pflicht\\\/#primaryimage\"},\"image\":{\"@id\":\"https:\\\/\\\/www.urbanbiker.com\\\/de\\\/ist-das-tragen-eines-helms-auf-einem-elektrofahrrad-pflicht\\\/#primaryimage\"},\"thumbnailUrl\":\"https:\\\/\\\/www.urbanbiker.com\\\/wp-content\\\/uploads\\\/2024\\\/11\\\/casco.jpg\",\"datePublished\":\"2024-06-26T15:28:40+00:00\",\"dateModified\":\"2025-03-19T19:44:06+00:00\",\"description\":\"Ist das Tragen eines Helms auf einem Elektrofahrrad Pflicht? Je nach Alter ist das Tragen eines Helms obligatorisch.\",\"breadcrumb\":{\"@id\":\"https:\\\/\\\/www.urbanbiker.com\\\/de\\\/ist-das-tragen-eines-helms-auf-einem-elektrofahrrad-pflicht\\\/#breadcrumb\"},\"inLanguage\":\"de\",\"potentialAction\":[{\"@type\":\"ReadAction\",\"target\":[\"https:\\\/\\\/www.urbanbiker.com\\\/de\\\/ist-das-tragen-eines-helms-auf-einem-elektrofahrrad-pflicht\\\/\"]}]},{\"@type\":\"ImageObject\",\"inLanguage\":\"de\",\"@id\":\"https:\\\/\\\/www.urbanbiker.com\\\/de\\\/ist-das-tragen-eines-helms-auf-einem-elektrofahrrad-pflicht\\\/#primaryimage\",\"url\":\"https:\\\/\\\/www.urbanbiker.com\\\/wp-content\\\/uploads\\\/2024\\\/11\\\/casco.jpg\",\"contentUrl\":\"https:\\\/\\\/www.urbanbiker.com\\\/wp-content\\\/uploads\\\/2024\\\/11\\\/casco.jpg\",\"width\":1600,\"height\":1600},{\"@type\":\"BreadcrumbList\",\"@id\":\"https:\\\/\\\/www.urbanbiker.com\\\/de\\\/ist-das-tragen-eines-helms-auf-einem-elektrofahrrad-pflicht\\\/#breadcrumb\",\"itemListElement\":[{\"@type\":\"ListItem\",\"position\":1,\"name\":\"Portada\",\"item\":\"https:\\\/\\\/www.urbanbiker.com\\\/de\\\/\"},{\"@type\":\"ListItem\",\"position\":2,\"name\":\"Ist das Tragen eines Helms auf einem Elektrofahrrad Pflicht?\"}]},{\"@type\":\"WebSite\",\"@id\":\"https:\\\/\\\/www.urbanbiker.com\\\/de\\\/#website\",\"url\":\"https:\\\/\\\/www.urbanbiker.com\\\/de\\\/\",\"name\":\"UrbanBiker\",\"description\":\"Elektrische Fahrr\u00e4der\",\"publisher\":{\"@id\":\"https:\\\/\\\/www.urbanbiker.com\\\/de\\\/#organization\"},\"potentialAction\":[{\"@type\":\"SearchAction\",\"target\":{\"@type\":\"EntryPoint\",\"urlTemplate\":\"https:\\\/\\\/www.urbanbiker.com\\\/de\\\/?s={search_term_string}\"},\"query-input\":{\"@type\":\"PropertyValueSpecification\",\"valueRequired\":true,\"valueName\":\"search_term_string\"}}],\"inLanguage\":\"de\"},{\"@type\":\"Organization\",\"@id\":\"https:\\\/\\\/www.urbanbiker.com\\\/de\\\/#organization\",\"name\":\"UrbanBiker\",\"url\":\"https:\\\/\\\/www.urbanbiker.com\\\/de\\\/\",\"logo\":{\"@type\":\"ImageObject\",\"inLanguage\":\"de\",\"@id\":\"https:\\\/\\\/www.urbanbiker.com\\\/de\\\/#\\\/schema\\\/logo\\\/image\\\/\",\"url\":\"https:\\\/\\\/www.urbanbiker.com\\\/wp-content\\\/uploads\\\/2022\\\/09\\\/Logo-principal-sin-fondo.png\",\"contentUrl\":\"https:\\\/\\\/www.urbanbiker.com\\\/wp-content\\\/uploads\\\/2022\\\/09\\\/Logo-principal-sin-fondo.png\",\"width\":2560,\"height\":934,\"caption\":\"UrbanBiker\"},\"image\":{\"@id\":\"https:\\\/\\\/www.urbanbiker.com\\\/de\\\/#\\\/schema\\\/logo\\\/image\\\/\"},\"sameAs\":[\"https:\\\/\\\/www.facebook.com\\\/Urbanbikerbiciselectricas\",\"https:\\\/\\\/www.instagram.com\\\/urbanbiker_\\\/\",\"https:\\\/\\\/www.linkedin.com\\\/company\\\/2454235\",\"https:\\\/\\\/www.youtube.com\\\/channel\\\/UCWR__uH_RWJF-OhPfz-9-Qw\"]},{\"@type\":\"Person\",\"@id\":\"https:\\\/\\\/www.urbanbiker.com\\\/de\\\/#\\\/schema\\\/person\\\/1cb58f0792ef226d6d409b73059515e0\",\"name\":\"UrbanBiker\",\"image\":{\"@type\":\"ImageObject\",\"inLanguage\":\"de\",\"@id\":\"https:\\\/\\\/secure.gravatar.com\\\/avatar\\\/22838f387878aabd10c8c90196e14f05497ff2fdd7c1267a5f035aa48d9ed396?s=96&d=mm&r=g\",\"url\":\"https:\\\/\\\/secure.gravatar.com\\\/avatar\\\/22838f387878aabd10c8c90196e14f05497ff2fdd7c1267a5f035aa48d9ed396?s=96&d=mm&r=g\",\"contentUrl\":\"https:\\\/\\\/secure.gravatar.com\\\/avatar\\\/22838f387878aabd10c8c90196e14f05497ff2fdd7c1267a5f035aa48d9ed396?s=96&d=mm&r=g\",\"caption\":\"UrbanBiker\"},\"sameAs\":[\"http:\\\/\\\/www.urbanbiker.com\\\/\",\"https:\\\/\\\/www.facebook.com\\\/Urbanbikerbiciselectricas\\\/\",\"https:\\\/\\\/www.linkedin.com\\\/company\\\/urbanbiker\\\/\",\"https:\\\/\\\/www.youtube.com\\\/@UrbanbikerEbikes\"]}]}<\/script>\n<!-- \/ Yoast SEO plugin. -->","yoast_head_json":{"title":"Auf elektrischen Fahrr\u00e4dern m\u00fcssen Helme getragen werden.","description":"Ist das Tragen eines Helms auf einem Elektrofahrrad Pflicht? Je nach Alter ist das Tragen eines Helms obligatorisch.","robots":{"index":"noindex","follow":"follow"},"og_locale":"de_DE","og_type":"article","og_title":"Auf elektrischen Fahrr\u00e4dern m\u00fcssen Helme getragen werden.","og_description":"Ist das Tragen eines Helms auf einem Elektrofahrrad Pflicht? Je nach Alter ist das Tragen eines Helms obligatorisch.","og_url":"https:\/\/www.urbanbiker.com\/de\/ist-das-tragen-eines-helms-auf-einem-elektrofahrrad-pflicht\/","og_site_name":"UrbanBiker","article_publisher":"https:\/\/www.facebook.com\/Urbanbikerbiciselectricas","article_author":"https:\/\/www.facebook.com\/Urbanbikerbiciselectricas\/","article_published_time":"2024-06-26T15:28:40+00:00","article_modified_time":"2025-03-19T19:44:06+00:00","og_image":[{"width":1600,"height":1600,"url":"https:\/\/www.urbanbiker.com\/wp-content\/uploads\/2024\/11\/casco.jpg","type":"image\/jpeg"}],"author":"UrbanBiker","twitter_card":"summary_large_image","twitter_misc":{"Verfasst von":"UrbanBiker","Gesch\u00e4tzte Lesezeit":"1\u00a0Minute"},"schema":{"@context":"https:\/\/schema.org","@graph":[{"@type":"Article","@id":"https:\/\/www.urbanbiker.com\/de\/ist-das-tragen-eines-helms-auf-einem-elektrofahrrad-pflicht\/#article","isPartOf":{"@id":"https:\/\/www.urbanbiker.com\/de\/ist-das-tragen-eines-helms-auf-einem-elektrofahrrad-pflicht\/"},"author":{"name":"UrbanBiker","@id":"https:\/\/www.urbanbiker.com\/de\/#\/schema\/person\/1cb58f0792ef226d6d409b73059515e0"},"headline":"Ist das Tragen eines Helms auf einem Elektrofahrrad Pflicht?","datePublished":"2024-06-26T15:28:40+00:00","dateModified":"2025-03-19T19:44:06+00:00","mainEntityOfPage":{"@id":"https:\/\/www.urbanbiker.com\/de\/ist-das-tragen-eines-helms-auf-einem-elektrofahrrad-pflicht\/"},"wordCount":282,"commentCount":0,"publisher":{"@id":"https:\/\/www.urbanbiker.com\/de\/#organization"},"image":{"@id":"https:\/\/www.urbanbiker.com\/de\/ist-das-tragen-eines-helms-auf-einem-elektrofahrrad-pflicht\/#primaryimage"},"thumbnailUrl":"https:\/\/www.urbanbiker.com\/wp-content\/uploads\/2024\/11\/casco.jpg","articleSection":["Empfehlungen"],"inLanguage":"de","potentialAction":[{"@type":"CommentAction","name":"Comment","target":["https:\/\/www.urbanbiker.com\/de\/ist-das-tragen-eines-helms-auf-einem-elektrofahrrad-pflicht\/#respond"]}]},{"@type":"WebPage","@id":"https:\/\/www.urbanbiker.com\/de\/ist-das-tragen-eines-helms-auf-einem-elektrofahrrad-pflicht\/","url":"https:\/\/www.urbanbiker.com\/de\/ist-das-tragen-eines-helms-auf-einem-elektrofahrrad-pflicht\/","name":"Auf elektrischen Fahrr\u00e4dern m\u00fcssen Helme getragen werden.","isPartOf":{"@id":"https:\/\/www.urbanbiker.com\/de\/#website"},"primaryImageOfPage":{"@id":"https:\/\/www.urbanbiker.com\/de\/ist-das-tragen-eines-helms-auf-einem-elektrofahrrad-pflicht\/#primaryimage"},"image":{"@id":"https:\/\/www.urbanbiker.com\/de\/ist-das-tragen-eines-helms-auf-einem-elektrofahrrad-pflicht\/#primaryimage"},"thumbnailUrl":"https:\/\/www.urbanbiker.com\/wp-content\/uploads\/2024\/11\/casco.jpg","datePublished":"2024-06-26T15:28:40+00:00","dateModified":"2025-03-19T19:44:06+00:00","description":"Ist das Tragen eines Helms auf einem Elektrofahrrad Pflicht? Je nach Alter ist das Tragen eines Helms obligatorisch.","breadcrumb":{"@id":"https:\/\/www.urbanbiker.com\/de\/ist-das-tragen-eines-helms-auf-einem-elektrofahrrad-pflicht\/#breadcrumb"},"inLanguage":"de","potentialAction":[{"@type":"ReadAction","target":["https:\/\/www.urbanbiker.com\/de\/ist-das-tragen-eines-helms-auf-einem-elektrofahrrad-pflicht\/"]}]},{"@type":"ImageObject","inLanguage":"de","@id":"https:\/\/www.urbanbiker.com\/de\/ist-das-tragen-eines-helms-auf-einem-elektrofahrrad-pflicht\/#primaryimage","url":"https:\/\/www.urbanbiker.com\/wp-content\/uploads\/2024\/11\/casco.jpg","contentUrl":"https:\/\/www.urbanbiker.com\/wp-content\/uploads\/2024\/11\/casco.jpg","width":1600,"height":1600},{"@type":"BreadcrumbList","@id":"https:\/\/www.urbanbiker.com\/de\/ist-das-tragen-eines-helms-auf-einem-elektrofahrrad-pflicht\/#breadcrumb","itemListElement":[{"@type":"ListItem","position":1,"name":"Portada","item":"https:\/\/www.urbanbiker.com\/de\/"},{"@type":"ListItem","position":2,"name":"Ist das Tragen eines Helms auf einem Elektrofahrrad Pflicht?"}]},{"@type":"WebSite","@id":"https:\/\/www.urbanbiker.com\/de\/#website","url":"https:\/\/www.urbanbiker.com\/de\/","name":"UrbanBiker","description":"Elektrische Fahrr\u00e4der","publisher":{"@id":"https:\/\/www.urbanbiker.com\/de\/#organization"},"potentialAction":[{"@type":"SearchAction","target":{"@type":"EntryPoint","urlTemplate":"https:\/\/www.urbanbiker.com\/de\/?s={search_term_string}"},"query-input":{"@type":"PropertyValueSpecification","valueRequired":true,"valueName":"search_term_string"}}],"inLanguage":"de"},{"@type":"Organization","@id":"https:\/\/www.urbanbiker.com\/de\/#organization","name":"UrbanBiker","url":"https:\/\/www.urbanbiker.com\/de\/","logo":{"@type":"ImageObject","inLanguage":"de","@id":"https:\/\/www.urbanbiker.com\/de\/#\/schema\/logo\/image\/","url":"https:\/\/www.urbanbiker.com\/wp-content\/uploads\/2022\/09\/Logo-principal-sin-fondo.png","contentUrl":"https:\/\/www.urbanbiker.com\/wp-content\/uploads\/2022\/09\/Logo-principal-sin-fondo.png","width":2560,"height":934,"caption":"UrbanBiker"},"image":{"@id":"https:\/\/www.urbanbiker.com\/de\/#\/schema\/logo\/image\/"},"sameAs":["https:\/\/www.facebook.com\/Urbanbikerbiciselectricas","https:\/\/www.instagram.com\/urbanbiker_\/","https:\/\/www.linkedin.com\/company\/2454235","https:\/\/www.youtube.com\/channel\/UCWR__uH_RWJF-OhPfz-9-Qw"]},{"@type":"Person","@id":"https:\/\/www.urbanbiker.com\/de\/#\/schema\/person\/1cb58f0792ef226d6d409b73059515e0","name":"UrbanBiker","image":{"@type":"ImageObject","inLanguage":"de","@id":"https:\/\/secure.gravatar.com\/avatar\/22838f387878aabd10c8c90196e14f05497ff2fdd7c1267a5f035aa48d9ed396?s=96&d=mm&r=g","url":"https:\/\/secure.gravatar.com\/avatar\/22838f387878aabd10c8c90196e14f05497ff2fdd7c1267a5f035aa48d9ed396?s=96&d=mm&r=g","contentUrl":"https:\/\/secure.gravatar.com\/avatar\/22838f387878aabd10c8c90196e14f05497ff2fdd7c1267a5f035aa48d9ed396?s=96&d=mm&r=g","caption":"UrbanBiker"},"sameAs":["http:\/\/www.urbanbiker.com\/","https:\/\/www.facebook.com\/Urbanbikerbiciselectricas\/","https:\/\/www.linkedin.com\/company\/urbanbiker\/","https:\/\/www.youtube.com\/@UrbanbikerEbikes"]}]}},"_links":{"self":[{"href":"https:\/\/www.urbanbiker.com\/de\/wp-json\/wp\/v2\/posts\/39490","targetHints":{"allow":["GET"]}}],"collection":[{"href":"https:\/\/www.urbanbiker.com\/de\/wp-json\/wp\/v2\/posts"}],"about":[{"href":"https:\/\/www.urbanbiker.com\/de\/wp-json\/wp\/v2\/types\/post"}],"author":[{"embeddable":true,"href":"https:\/\/www.urbanbiker.com\/de\/wp-json\/wp\/v2\/users\/1"}],"replies":[{"embeddable":true,"href":"https:\/\/www.urbanbiker.com\/de\/wp-json\/wp\/v2\/comments?post=39490"}],"version-history":[{"count":5,"href":"https:\/\/www.urbanbiker.com\/de\/wp-json\/wp\/v2\/posts\/39490\/revisions"}],"predecessor-version":[{"id":39825,"href":"https:\/\/www.urbanbiker.com\/de\/wp-json\/wp\/v2\/posts\/39490\/revisions\/39825"}],"wp:featuredmedia":[{"embeddable":true,"href":"https:\/\/www.urbanbiker.com\/de\/wp-json\/wp\/v2\/media\/34912"}],"wp:attachment":[{"href":"https:\/\/www.urbanbiker.com\/de\/wp-json\/wp\/v2\/media?parent=39490"}],"wp:term":[{"taxonomy":"category","embeddable":true,"href":"https:\/\/www.urbanbiker.com\/de\/wp-json\/wp\/v2\/categories?post=39490"},{"taxonomy":"post_tag","embeddable":true,"href":"https:\/\/www.urbanbiker.com\/de\/wp-json\/wp\/v2\/tags?post=39490"}],"curies":[{"name":"wp","href":"https:\/\/api.w.org\/{rel}","templated":true}]}}