{"id":39484,"date":"2024-10-11T15:36:55","date_gmt":"2024-10-11T13:36:55","guid":{"rendered":"https:\/\/www.urbanbiker.com\/wo-ist-die-seriennummer-des-fahrrads\/"},"modified":"2025-03-19T20:43:59","modified_gmt":"2025-03-19T19:43:59","slug":"wo-ist-die-seriennummer-des-fahrrads","status":"publish","type":"post","link":"https:\/\/www.urbanbiker.com\/de\/wo-ist-die-seriennummer-des-fahrrads\/","title":{"rendered":"Wo ist die Seriennummer des Fahrrads?"},"content":{"rendered":"<p>Sie finden <strong>die Seriennummer<\/strong> auf der Gabel eingraviert, sie kann (und sollte) also nicht ver\u00e4ndert oder ausgel\u00f6scht werden. Au\u00dferdem ist es eine eindeutige <strong>Nummer<\/strong>, die wir jedem bei UrbanBiker hergestellten Ger\u00e4t zuweisen, eine Art ID f\u00fcr Ihr Fahrrad, die in der Regel aus einer Folge von Zahlen und Buchstaben besteht und zur Identifizierung dient. <\/p>\n<blockquote class=\"wp-block-quote\"><p>Wof\u00fcr wird die <strong>Seriennummer des Fahrrads<\/strong> verwendet?<\/p><\/blockquote>\n<p><!-- \/wp:post-content --><\/p>\n<p><!-- wp:paragraph --><\/p>\n<p>Mit dieser <strong>Nummer<\/strong> k\u00f6nnen wir das Produkt zur\u00fcckverfolgen und den Kundendienst wesentlich vereinfachen, denn dank dieser Identifizierung k\u00f6nnen wir und die Gesch\u00e4fte, die E-Bikes vertreiben und verkaufen, feststellen, welche Teile zum Beispiel mit diesem <strong>Fahrrad<\/strong> kompatibel sind.<\/p>\n<p style=\"text-align: center;\"><span style=\"color: #ff0000;\"><strong>FEHLENDES BILD MIT DER S\/N<\/strong><\/span><\/p>\n<p>Es wird in vielen Situationen sehr n\u00fctzlich sein:<\/p>\n<ul>\n<li>Zur Beschleunigung des After-Sales-Prozesses<\/li>\n<li>Wenn Sie eine Versicherung abschlie\u00dfen, werden Sie immer danach gefragt.<\/li>\n<li>Im Falle eines Diebstahls wird es sehr n\u00fctzlich sein, um das Fahrrad zu identifizieren.<\/li>\n<\/ul>\n","protected":false},"excerpt":{"rendered":"<p>Sie finden die Seriennummer auf der Gabel eingraviert, sie kann (und sollte) also nicht ver\u00e4ndert oder ausgel\u00f6scht werden. Au\u00dferdem ist es eine eindeutige Nummer, die wir jedem bei UrbanBiker hergestellten Ger\u00e4t zuweisen, eine Art ID f\u00fcr Ihr Fahrrad, die in der Regel aus einer Folge von Zahlen und Buchstaben besteht und zur Identifizierung dient. Wof\u00fcr [&hellip;]<\/p>\n","protected":false},"author":1,"featured_media":34924,"comment_status":"open","ping_status":"open","sticky":false,"template":"","format":"standard","meta":{"footnotes":""},"categories":[291],"tags":[],"class_list":["post-39484","post","type-post","status-publish","format-standard","has-post-thumbnail","hentry","category-empfehlungen"],"yoast_head":"<!-- This site is optimized with the Yoast SEO plugin v27.5 - https:\/\/yoast.com\/product\/yoast-seo-wordpress\/ -->\n<title>Wo ist die Seriennummer des Fahrrads? UrbanBiker<\/title>\n<meta name=\"description\" content=\"Wo befindet sich die Seriennummer des Fahrrads? Die Seriennummer des Fahrrads ist eindeutig und wird zum Beispiel f\u00fcr die Fahrradversicherung verwendet.\" \/>\n<meta name=\"robots\" content=\"index, follow, max-snippet:-1, max-image-preview:large, max-video-preview:-1\" \/>\n<link rel=\"canonical\" href=\"https:\/\/www.urbanbiker.com\/de\/wo-ist-die-seriennummer-des-fahrrads\/\" \/>\n<meta property=\"og:locale\" content=\"de_DE\" \/>\n<meta property=\"og:type\" content=\"article\" \/>\n<meta property=\"og:title\" content=\"Wo ist die Seriennummer des Fahrrads? UrbanBiker\" \/>\n<meta property=\"og:description\" content=\"Wo befindet sich die Seriennummer des Fahrrads? Die Seriennummer des Fahrrads ist eindeutig und wird zum Beispiel f\u00fcr die Fahrradversicherung verwendet.\" \/>\n<meta property=\"og:url\" content=\"https:\/\/www.urbanbiker.com\/de\/wo-ist-die-seriennummer-des-fahrrads\/\" \/>\n<meta property=\"og:site_name\" content=\"UrbanBiker\" \/>\n<meta property=\"article:publisher\" content=\"https:\/\/www.facebook.com\/Urbanbikerbiciselectricas\" \/>\n<meta property=\"article:author\" content=\"https:\/\/www.facebook.com\/Urbanbikerbiciselectricas\/\" \/>\n<meta property=\"article:published_time\" content=\"2024-10-11T13:36:55+00:00\" \/>\n<meta property=\"article:modified_time\" content=\"2025-03-19T19:43:59+00:00\" \/>\n<meta property=\"og:image\" content=\"https:\/\/www.urbanbiker.com\/wp-content\/uploads\/2024\/10\/numero-de-serie.jpg\" \/>\n\t<meta property=\"og:image:width\" content=\"1080\" \/>\n\t<meta property=\"og:image:height\" content=\"1080\" \/>\n\t<meta property=\"og:image:type\" content=\"image\/jpeg\" \/>\n<meta name=\"author\" content=\"UrbanBiker\" \/>\n<meta name=\"twitter:card\" content=\"summary_large_image\" \/>\n<meta name=\"twitter:label1\" content=\"Verfasst von\" \/>\n\t<meta name=\"twitter:data1\" content=\"UrbanBiker\" \/>\n\t<meta name=\"twitter:label2\" content=\"Gesch\u00e4tzte Lesezeit\" \/>\n\t<meta name=\"twitter:data2\" content=\"1\u00a0Minute\" \/>\n<script type=\"application\/ld+json\" class=\"yoast-schema-graph\">{\"@context\":\"https:\\\/\\\/schema.org\",\"@graph\":[{\"@type\":\"Article\",\"@id\":\"https:\\\/\\\/www.urbanbiker.com\\\/de\\\/wo-ist-die-seriennummer-des-fahrrads\\\/#article\",\"isPartOf\":{\"@id\":\"https:\\\/\\\/www.urbanbiker.com\\\/de\\\/wo-ist-die-seriennummer-des-fahrrads\\\/\"},\"author\":{\"name\":\"UrbanBiker\",\"@id\":\"https:\\\/\\\/www.urbanbiker.com\\\/de\\\/#\\\/schema\\\/person\\\/1cb58f0792ef226d6d409b73059515e0\"},\"headline\":\"Wo ist die Seriennummer des Fahrrads?\",\"datePublished\":\"2024-10-11T13:36:55+00:00\",\"dateModified\":\"2025-03-19T19:43:59+00:00\",\"mainEntityOfPage\":{\"@id\":\"https:\\\/\\\/www.urbanbiker.com\\\/de\\\/wo-ist-die-seriennummer-des-fahrrads\\\/\"},\"wordCount\":159,\"commentCount\":0,\"publisher\":{\"@id\":\"https:\\\/\\\/www.urbanbiker.com\\\/de\\\/#organization\"},\"image\":{\"@id\":\"https:\\\/\\\/www.urbanbiker.com\\\/de\\\/wo-ist-die-seriennummer-des-fahrrads\\\/#primaryimage\"},\"thumbnailUrl\":\"https:\\\/\\\/www.urbanbiker.com\\\/wp-content\\\/uploads\\\/2024\\\/10\\\/numero-de-serie.jpg\",\"articleSection\":[\"Empfehlungen\"],\"inLanguage\":\"de\",\"potentialAction\":[{\"@type\":\"CommentAction\",\"name\":\"Comment\",\"target\":[\"https:\\\/\\\/www.urbanbiker.com\\\/de\\\/wo-ist-die-seriennummer-des-fahrrads\\\/#respond\"]}]},{\"@type\":\"WebPage\",\"@id\":\"https:\\\/\\\/www.urbanbiker.com\\\/de\\\/wo-ist-die-seriennummer-des-fahrrads\\\/\",\"url\":\"https:\\\/\\\/www.urbanbiker.com\\\/de\\\/wo-ist-die-seriennummer-des-fahrrads\\\/\",\"name\":\"Wo ist die Seriennummer des Fahrrads? UrbanBiker\",\"isPartOf\":{\"@id\":\"https:\\\/\\\/www.urbanbiker.com\\\/de\\\/#website\"},\"primaryImageOfPage\":{\"@id\":\"https:\\\/\\\/www.urbanbiker.com\\\/de\\\/wo-ist-die-seriennummer-des-fahrrads\\\/#primaryimage\"},\"image\":{\"@id\":\"https:\\\/\\\/www.urbanbiker.com\\\/de\\\/wo-ist-die-seriennummer-des-fahrrads\\\/#primaryimage\"},\"thumbnailUrl\":\"https:\\\/\\\/www.urbanbiker.com\\\/wp-content\\\/uploads\\\/2024\\\/10\\\/numero-de-serie.jpg\",\"datePublished\":\"2024-10-11T13:36:55+00:00\",\"dateModified\":\"2025-03-19T19:43:59+00:00\",\"description\":\"Wo befindet sich die Seriennummer des Fahrrads? Die Seriennummer des Fahrrads ist eindeutig und wird zum Beispiel f\u00fcr die Fahrradversicherung verwendet.\",\"breadcrumb\":{\"@id\":\"https:\\\/\\\/www.urbanbiker.com\\\/de\\\/wo-ist-die-seriennummer-des-fahrrads\\\/#breadcrumb\"},\"inLanguage\":\"de\",\"potentialAction\":[{\"@type\":\"ReadAction\",\"target\":[\"https:\\\/\\\/www.urbanbiker.com\\\/de\\\/wo-ist-die-seriennummer-des-fahrrads\\\/\"]}]},{\"@type\":\"ImageObject\",\"inLanguage\":\"de\",\"@id\":\"https:\\\/\\\/www.urbanbiker.com\\\/de\\\/wo-ist-die-seriennummer-des-fahrrads\\\/#primaryimage\",\"url\":\"https:\\\/\\\/www.urbanbiker.com\\\/wp-content\\\/uploads\\\/2024\\\/10\\\/numero-de-serie.jpg\",\"contentUrl\":\"https:\\\/\\\/www.urbanbiker.com\\\/wp-content\\\/uploads\\\/2024\\\/10\\\/numero-de-serie.jpg\",\"width\":1080,\"height\":1080},{\"@type\":\"BreadcrumbList\",\"@id\":\"https:\\\/\\\/www.urbanbiker.com\\\/de\\\/wo-ist-die-seriennummer-des-fahrrads\\\/#breadcrumb\",\"itemListElement\":[{\"@type\":\"ListItem\",\"position\":1,\"name\":\"Portada\",\"item\":\"https:\\\/\\\/www.urbanbiker.com\\\/de\\\/\"},{\"@type\":\"ListItem\",\"position\":2,\"name\":\"Wo ist die Seriennummer des Fahrrads?\"}]},{\"@type\":\"WebSite\",\"@id\":\"https:\\\/\\\/www.urbanbiker.com\\\/de\\\/#website\",\"url\":\"https:\\\/\\\/www.urbanbiker.com\\\/de\\\/\",\"name\":\"UrbanBiker\",\"description\":\"Elektrische Fahrr\u00e4der\",\"publisher\":{\"@id\":\"https:\\\/\\\/www.urbanbiker.com\\\/de\\\/#organization\"},\"potentialAction\":[{\"@type\":\"SearchAction\",\"target\":{\"@type\":\"EntryPoint\",\"urlTemplate\":\"https:\\\/\\\/www.urbanbiker.com\\\/de\\\/?s={search_term_string}\"},\"query-input\":{\"@type\":\"PropertyValueSpecification\",\"valueRequired\":true,\"valueName\":\"search_term_string\"}}],\"inLanguage\":\"de\"},{\"@type\":\"Organization\",\"@id\":\"https:\\\/\\\/www.urbanbiker.com\\\/de\\\/#organization\",\"name\":\"UrbanBiker\",\"url\":\"https:\\\/\\\/www.urbanbiker.com\\\/de\\\/\",\"logo\":{\"@type\":\"ImageObject\",\"inLanguage\":\"de\",\"@id\":\"https:\\\/\\\/www.urbanbiker.com\\\/de\\\/#\\\/schema\\\/logo\\\/image\\\/\",\"url\":\"https:\\\/\\\/www.urbanbiker.com\\\/wp-content\\\/uploads\\\/2022\\\/09\\\/Logo-principal-sin-fondo.png\",\"contentUrl\":\"https:\\\/\\\/www.urbanbiker.com\\\/wp-content\\\/uploads\\\/2022\\\/09\\\/Logo-principal-sin-fondo.png\",\"width\":2560,\"height\":934,\"caption\":\"UrbanBiker\"},\"image\":{\"@id\":\"https:\\\/\\\/www.urbanbiker.com\\\/de\\\/#\\\/schema\\\/logo\\\/image\\\/\"},\"sameAs\":[\"https:\\\/\\\/www.facebook.com\\\/Urbanbikerbiciselectricas\",\"https:\\\/\\\/www.instagram.com\\\/urbanbiker_\\\/\",\"https:\\\/\\\/www.linkedin.com\\\/company\\\/2454235\",\"https:\\\/\\\/www.youtube.com\\\/channel\\\/UCWR__uH_RWJF-OhPfz-9-Qw\"]},{\"@type\":\"Person\",\"@id\":\"https:\\\/\\\/www.urbanbiker.com\\\/de\\\/#\\\/schema\\\/person\\\/1cb58f0792ef226d6d409b73059515e0\",\"name\":\"UrbanBiker\",\"image\":{\"@type\":\"ImageObject\",\"inLanguage\":\"de\",\"@id\":\"https:\\\/\\\/secure.gravatar.com\\\/avatar\\\/22838f387878aabd10c8c90196e14f05497ff2fdd7c1267a5f035aa48d9ed396?s=96&d=mm&r=g\",\"url\":\"https:\\\/\\\/secure.gravatar.com\\\/avatar\\\/22838f387878aabd10c8c90196e14f05497ff2fdd7c1267a5f035aa48d9ed396?s=96&d=mm&r=g\",\"contentUrl\":\"https:\\\/\\\/secure.gravatar.com\\\/avatar\\\/22838f387878aabd10c8c90196e14f05497ff2fdd7c1267a5f035aa48d9ed396?s=96&d=mm&r=g\",\"caption\":\"UrbanBiker\"},\"sameAs\":[\"http:\\\/\\\/www.urbanbiker.com\\\/\",\"https:\\\/\\\/www.facebook.com\\\/Urbanbikerbiciselectricas\\\/\",\"https:\\\/\\\/www.linkedin.com\\\/company\\\/urbanbiker\\\/\",\"https:\\\/\\\/www.youtube.com\\\/@UrbanbikerEbikes\"]}]}<\/script>\n<!-- \/ Yoast SEO plugin. -->","yoast_head_json":{"title":"Wo ist die Seriennummer des Fahrrads? UrbanBiker","description":"Wo befindet sich die Seriennummer des Fahrrads? Die Seriennummer des Fahrrads ist eindeutig und wird zum Beispiel f\u00fcr die Fahrradversicherung verwendet.","robots":{"index":"index","follow":"follow","max-snippet":"max-snippet:-1","max-image-preview":"max-image-preview:large","max-video-preview":"max-video-preview:-1"},"canonical":"https:\/\/www.urbanbiker.com\/de\/wo-ist-die-seriennummer-des-fahrrads\/","og_locale":"de_DE","og_type":"article","og_title":"Wo ist die Seriennummer des Fahrrads? UrbanBiker","og_description":"Wo befindet sich die Seriennummer des Fahrrads? Die Seriennummer des Fahrrads ist eindeutig und wird zum Beispiel f\u00fcr die Fahrradversicherung verwendet.","og_url":"https:\/\/www.urbanbiker.com\/de\/wo-ist-die-seriennummer-des-fahrrads\/","og_site_name":"UrbanBiker","article_publisher":"https:\/\/www.facebook.com\/Urbanbikerbiciselectricas","article_author":"https:\/\/www.facebook.com\/Urbanbikerbiciselectricas\/","article_published_time":"2024-10-11T13:36:55+00:00","article_modified_time":"2025-03-19T19:43:59+00:00","og_image":[{"width":1080,"height":1080,"url":"https:\/\/www.urbanbiker.com\/wp-content\/uploads\/2024\/10\/numero-de-serie.jpg","type":"image\/jpeg"}],"author":"UrbanBiker","twitter_card":"summary_large_image","twitter_misc":{"Verfasst von":"UrbanBiker","Gesch\u00e4tzte Lesezeit":"1\u00a0Minute"},"schema":{"@context":"https:\/\/schema.org","@graph":[{"@type":"Article","@id":"https:\/\/www.urbanbiker.com\/de\/wo-ist-die-seriennummer-des-fahrrads\/#article","isPartOf":{"@id":"https:\/\/www.urbanbiker.com\/de\/wo-ist-die-seriennummer-des-fahrrads\/"},"author":{"name":"UrbanBiker","@id":"https:\/\/www.urbanbiker.com\/de\/#\/schema\/person\/1cb58f0792ef226d6d409b73059515e0"},"headline":"Wo ist die Seriennummer des Fahrrads?","datePublished":"2024-10-11T13:36:55+00:00","dateModified":"2025-03-19T19:43:59+00:00","mainEntityOfPage":{"@id":"https:\/\/www.urbanbiker.com\/de\/wo-ist-die-seriennummer-des-fahrrads\/"},"wordCount":159,"commentCount":0,"publisher":{"@id":"https:\/\/www.urbanbiker.com\/de\/#organization"},"image":{"@id":"https:\/\/www.urbanbiker.com\/de\/wo-ist-die-seriennummer-des-fahrrads\/#primaryimage"},"thumbnailUrl":"https:\/\/www.urbanbiker.com\/wp-content\/uploads\/2024\/10\/numero-de-serie.jpg","articleSection":["Empfehlungen"],"inLanguage":"de","potentialAction":[{"@type":"CommentAction","name":"Comment","target":["https:\/\/www.urbanbiker.com\/de\/wo-ist-die-seriennummer-des-fahrrads\/#respond"]}]},{"@type":"WebPage","@id":"https:\/\/www.urbanbiker.com\/de\/wo-ist-die-seriennummer-des-fahrrads\/","url":"https:\/\/www.urbanbiker.com\/de\/wo-ist-die-seriennummer-des-fahrrads\/","name":"Wo ist die Seriennummer des Fahrrads? UrbanBiker","isPartOf":{"@id":"https:\/\/www.urbanbiker.com\/de\/#website"},"primaryImageOfPage":{"@id":"https:\/\/www.urbanbiker.com\/de\/wo-ist-die-seriennummer-des-fahrrads\/#primaryimage"},"image":{"@id":"https:\/\/www.urbanbiker.com\/de\/wo-ist-die-seriennummer-des-fahrrads\/#primaryimage"},"thumbnailUrl":"https:\/\/www.urbanbiker.com\/wp-content\/uploads\/2024\/10\/numero-de-serie.jpg","datePublished":"2024-10-11T13:36:55+00:00","dateModified":"2025-03-19T19:43:59+00:00","description":"Wo befindet sich die Seriennummer des Fahrrads? Die Seriennummer des Fahrrads ist eindeutig und wird zum Beispiel f\u00fcr die Fahrradversicherung verwendet.","breadcrumb":{"@id":"https:\/\/www.urbanbiker.com\/de\/wo-ist-die-seriennummer-des-fahrrads\/#breadcrumb"},"inLanguage":"de","potentialAction":[{"@type":"ReadAction","target":["https:\/\/www.urbanbiker.com\/de\/wo-ist-die-seriennummer-des-fahrrads\/"]}]},{"@type":"ImageObject","inLanguage":"de","@id":"https:\/\/www.urbanbiker.com\/de\/wo-ist-die-seriennummer-des-fahrrads\/#primaryimage","url":"https:\/\/www.urbanbiker.com\/wp-content\/uploads\/2024\/10\/numero-de-serie.jpg","contentUrl":"https:\/\/www.urbanbiker.com\/wp-content\/uploads\/2024\/10\/numero-de-serie.jpg","width":1080,"height":1080},{"@type":"BreadcrumbList","@id":"https:\/\/www.urbanbiker.com\/de\/wo-ist-die-seriennummer-des-fahrrads\/#breadcrumb","itemListElement":[{"@type":"ListItem","position":1,"name":"Portada","item":"https:\/\/www.urbanbiker.com\/de\/"},{"@type":"ListItem","position":2,"name":"Wo ist die Seriennummer des Fahrrads?"}]},{"@type":"WebSite","@id":"https:\/\/www.urbanbiker.com\/de\/#website","url":"https:\/\/www.urbanbiker.com\/de\/","name":"UrbanBiker","description":"Elektrische Fahrr\u00e4der","publisher":{"@id":"https:\/\/www.urbanbiker.com\/de\/#organization"},"potentialAction":[{"@type":"SearchAction","target":{"@type":"EntryPoint","urlTemplate":"https:\/\/www.urbanbiker.com\/de\/?s={search_term_string}"},"query-input":{"@type":"PropertyValueSpecification","valueRequired":true,"valueName":"search_term_string"}}],"inLanguage":"de"},{"@type":"Organization","@id":"https:\/\/www.urbanbiker.com\/de\/#organization","name":"UrbanBiker","url":"https:\/\/www.urbanbiker.com\/de\/","logo":{"@type":"ImageObject","inLanguage":"de","@id":"https:\/\/www.urbanbiker.com\/de\/#\/schema\/logo\/image\/","url":"https:\/\/www.urbanbiker.com\/wp-content\/uploads\/2022\/09\/Logo-principal-sin-fondo.png","contentUrl":"https:\/\/www.urbanbiker.com\/wp-content\/uploads\/2022\/09\/Logo-principal-sin-fondo.png","width":2560,"height":934,"caption":"UrbanBiker"},"image":{"@id":"https:\/\/www.urbanbiker.com\/de\/#\/schema\/logo\/image\/"},"sameAs":["https:\/\/www.facebook.com\/Urbanbikerbiciselectricas","https:\/\/www.instagram.com\/urbanbiker_\/","https:\/\/www.linkedin.com\/company\/2454235","https:\/\/www.youtube.com\/channel\/UCWR__uH_RWJF-OhPfz-9-Qw"]},{"@type":"Person","@id":"https:\/\/www.urbanbiker.com\/de\/#\/schema\/person\/1cb58f0792ef226d6d409b73059515e0","name":"UrbanBiker","image":{"@type":"ImageObject","inLanguage":"de","@id":"https:\/\/secure.gravatar.com\/avatar\/22838f387878aabd10c8c90196e14f05497ff2fdd7c1267a5f035aa48d9ed396?s=96&d=mm&r=g","url":"https:\/\/secure.gravatar.com\/avatar\/22838f387878aabd10c8c90196e14f05497ff2fdd7c1267a5f035aa48d9ed396?s=96&d=mm&r=g","contentUrl":"https:\/\/secure.gravatar.com\/avatar\/22838f387878aabd10c8c90196e14f05497ff2fdd7c1267a5f035aa48d9ed396?s=96&d=mm&r=g","caption":"UrbanBiker"},"sameAs":["http:\/\/www.urbanbiker.com\/","https:\/\/www.facebook.com\/Urbanbikerbiciselectricas\/","https:\/\/www.linkedin.com\/company\/urbanbiker\/","https:\/\/www.youtube.com\/@UrbanbikerEbikes"]}]}},"_links":{"self":[{"href":"https:\/\/www.urbanbiker.com\/de\/wp-json\/wp\/v2\/posts\/39484","targetHints":{"allow":["GET"]}}],"collection":[{"href":"https:\/\/www.urbanbiker.com\/de\/wp-json\/wp\/v2\/posts"}],"about":[{"href":"https:\/\/www.urbanbiker.com\/de\/wp-json\/wp\/v2\/types\/post"}],"author":[{"embeddable":true,"href":"https:\/\/www.urbanbiker.com\/de\/wp-json\/wp\/v2\/users\/1"}],"replies":[{"embeddable":true,"href":"https:\/\/www.urbanbiker.com\/de\/wp-json\/wp\/v2\/comments?post=39484"}],"version-history":[{"count":3,"href":"https:\/\/www.urbanbiker.com\/de\/wp-json\/wp\/v2\/posts\/39484\/revisions"}],"predecessor-version":[{"id":39792,"href":"https:\/\/www.urbanbiker.com\/de\/wp-json\/wp\/v2\/posts\/39484\/revisions\/39792"}],"wp:featuredmedia":[{"embeddable":true,"href":"https:\/\/www.urbanbiker.com\/de\/wp-json\/wp\/v2\/media\/34924"}],"wp:attachment":[{"href":"https:\/\/www.urbanbiker.com\/de\/wp-json\/wp\/v2\/media?parent=39484"}],"wp:term":[{"taxonomy":"category","embeddable":true,"href":"https:\/\/www.urbanbiker.com\/de\/wp-json\/wp\/v2\/categories?post=39484"},{"taxonomy":"post_tag","embeddable":true,"href":"https:\/\/www.urbanbiker.com\/de\/wp-json\/wp\/v2\/tags?post=39484"}],"curies":[{"name":"wp","href":"https:\/\/api.w.org\/{rel}","templated":true}]}}