{"id":39339,"date":"2024-11-11T15:51:46","date_gmt":"2024-11-11T14:51:46","guid":{"rendered":"https:\/\/www.urbanbiker.com\/sie-sprechen-ueber-uns-in-c-de-comunicacion\/"},"modified":"2024-11-11T15:51:46","modified_gmt":"2024-11-11T14:51:46","slug":"sie-sprechen-ueber-uns-in-c-de-comunicacion","status":"publish","type":"post","link":"https:\/\/www.urbanbiker.com\/de\/sie-sprechen-ueber-uns-in-c-de-comunicacion\/","title":{"rendered":"Sie sprechen \u00fcber uns in C de Comunicaci\u00f3n"},"content":{"rendered":"<p>Sie sprechen \u00fcber uns<\/p>\n<p>Wir \u00fcberlassen Ihnen hier den direkten Link zu den #Nachrichten, die im #Newsletter von C de Comunicaci\u00f3n, den Experten f\u00fcr interprofessionelle Kommunikation, ver\u00f6ffentlicht wurden und die sich auf das Interview beziehen, das sie vor ein paar Tagen mit uns gef\u00fchrt haben.<\/p>\n<blockquote>\n<p class=\"entry-title\">Urbanbiker schlie\u00dft ein stabiles Jahr 2024 mit neuen Markteinf\u00fchrungen und Wachstumspl\u00e4nen f\u00fcr das n\u00e4chste Jahr ab<\/p>\n<\/blockquote>\n<p>Wenn Sie mehr wissen m\u00f6chten&#8230; wir sprechen \u00fcber den Elektrofahrradmarkt, Prognosen f\u00fcr das kommende Jahr und neue Entwicklungen.<\/p>\n<p>Hier ist der Link: https:\/\/bicicleta.cdecomunicacion.es\/fabricantes\/131715\/urbanbiker-cierre-2024-sector-bicicleta-fabricantes-leon?utm_source=Boletines+of+Bicycling&amp;utm_medium=email&amp;utm_campaign=20241106-bicycling<\/p>\n","protected":false},"excerpt":{"rendered":"<p>Sie sprechen \u00fcber uns Wir \u00fcberlassen Ihnen hier den direkten Link zu den #Nachrichten, die im #Newsletter von C de Comunicaci\u00f3n, den Experten f\u00fcr interprofessionelle Kommunikation, ver\u00f6ffentlicht wurden und die sich auf das Interview beziehen, das sie vor ein paar Tagen mit uns gef\u00fchrt haben. Urbanbiker schlie\u00dft ein stabiles Jahr 2024 mit neuen Markteinf\u00fchrungen und [&hellip;]<\/p>\n","protected":false},"author":1,"featured_media":37932,"comment_status":"open","ping_status":"open","sticky":false,"template":"","format":"standard","meta":{"footnotes":""},"categories":[304],"tags":[],"class_list":["post-39339","post","type-post","status-publish","format-standard","has-post-thumbnail","hentry","category-nachrichten"],"yoast_head":"<!-- This site is optimized with the Yoast SEO plugin v27.5 - https:\/\/yoast.com\/product\/yoast-seo-wordpress\/ -->\n<title>Sie sprechen \u00fcber uns in C de Comunicaci\u00f3n | UrbanBiker<\/title>\n<meta name=\"description\" content=\"Sie sprechen \u00fcber uns in C de Comunicaci\u00f3n. Wir sprechen \u00fcber den Markt f\u00fcr Elektrofahrr\u00e4der, Prognosen f\u00fcr das kommende Jahr und neue Entwicklungen.\" \/>\n<meta name=\"robots\" content=\"index, follow, max-snippet:-1, max-image-preview:large, max-video-preview:-1\" \/>\n<link rel=\"canonical\" href=\"https:\/\/www.urbanbiker.com\/de\/sie-sprechen-ueber-uns-in-c-de-comunicacion\/\" \/>\n<meta property=\"og:locale\" content=\"de_DE\" \/>\n<meta property=\"og:type\" content=\"article\" \/>\n<meta property=\"og:title\" content=\"Sie sprechen \u00fcber uns in C de Comunicaci\u00f3n | UrbanBiker\" \/>\n<meta property=\"og:description\" content=\"Sie sprechen \u00fcber uns in C de Comunicaci\u00f3n. Wir sprechen \u00fcber den Markt f\u00fcr Elektrofahrr\u00e4der, Prognosen f\u00fcr das kommende Jahr und neue Entwicklungen.\" \/>\n<meta property=\"og:url\" content=\"https:\/\/www.urbanbiker.com\/de\/sie-sprechen-ueber-uns-in-c-de-comunicacion\/\" \/>\n<meta property=\"og:site_name\" content=\"UrbanBiker\" \/>\n<meta property=\"article:publisher\" content=\"https:\/\/www.facebook.com\/Urbanbikerbiciselectricas\" \/>\n<meta property=\"article:author\" content=\"https:\/\/www.facebook.com\/Urbanbikerbiciselectricas\/\" \/>\n<meta property=\"article:published_time\" content=\"2024-11-11T14:51:46+00:00\" \/>\n<meta property=\"og:image\" content=\"https:\/\/www.urbanbiker.com\/wp-content\/uploads\/2025\/03\/urbanbiker-cierre-2024-sector-bicicleta-fabricantes-leon.png.webp\" \/>\n\t<meta property=\"og:image:width\" content=\"1600\" \/>\n\t<meta property=\"og:image:height\" content=\"900\" \/>\n\t<meta property=\"og:image:type\" content=\"image\/webp\" \/>\n<meta name=\"author\" content=\"UrbanBiker\" \/>\n<meta name=\"twitter:card\" content=\"summary_large_image\" \/>\n<meta name=\"twitter:label1\" content=\"Verfasst von\" \/>\n\t<meta name=\"twitter:data1\" content=\"UrbanBiker\" \/>\n\t<meta name=\"twitter:label2\" content=\"Gesch\u00e4tzte Lesezeit\" \/>\n\t<meta name=\"twitter:data2\" content=\"1\u00a0Minute\" \/>\n<script type=\"application\/ld+json\" class=\"yoast-schema-graph\">{\"@context\":\"https:\\\/\\\/schema.org\",\"@graph\":[{\"@type\":\"Article\",\"@id\":\"https:\\\/\\\/www.urbanbiker.com\\\/de\\\/sie-sprechen-ueber-uns-in-c-de-comunicacion\\\/#article\",\"isPartOf\":{\"@id\":\"https:\\\/\\\/www.urbanbiker.com\\\/de\\\/sie-sprechen-ueber-uns-in-c-de-comunicacion\\\/\"},\"author\":{\"name\":\"UrbanBiker\",\"@id\":\"https:\\\/\\\/www.urbanbiker.com\\\/de\\\/#\\\/schema\\\/person\\\/1cb58f0792ef226d6d409b73059515e0\"},\"headline\":\"Sie sprechen \u00fcber uns in C de Comunicaci\u00f3n\",\"datePublished\":\"2024-11-11T14:51:46+00:00\",\"mainEntityOfPage\":{\"@id\":\"https:\\\/\\\/www.urbanbiker.com\\\/de\\\/sie-sprechen-ueber-uns-in-c-de-comunicacion\\\/\"},\"wordCount\":122,\"commentCount\":0,\"publisher\":{\"@id\":\"https:\\\/\\\/www.urbanbiker.com\\\/de\\\/#organization\"},\"image\":{\"@id\":\"https:\\\/\\\/www.urbanbiker.com\\\/de\\\/sie-sprechen-ueber-uns-in-c-de-comunicacion\\\/#primaryimage\"},\"thumbnailUrl\":\"https:\\\/\\\/www.urbanbiker.com\\\/wp-content\\\/uploads\\\/2025\\\/03\\\/urbanbiker-cierre-2024-sector-bicicleta-fabricantes-leon.png.webp\",\"articleSection\":[\"Nachrichten\"],\"inLanguage\":\"de\",\"potentialAction\":[{\"@type\":\"CommentAction\",\"name\":\"Comment\",\"target\":[\"https:\\\/\\\/www.urbanbiker.com\\\/de\\\/sie-sprechen-ueber-uns-in-c-de-comunicacion\\\/#respond\"]}]},{\"@type\":\"WebPage\",\"@id\":\"https:\\\/\\\/www.urbanbiker.com\\\/de\\\/sie-sprechen-ueber-uns-in-c-de-comunicacion\\\/\",\"url\":\"https:\\\/\\\/www.urbanbiker.com\\\/de\\\/sie-sprechen-ueber-uns-in-c-de-comunicacion\\\/\",\"name\":\"Sie sprechen \u00fcber uns in C de Comunicaci\u00f3n | UrbanBiker\",\"isPartOf\":{\"@id\":\"https:\\\/\\\/www.urbanbiker.com\\\/de\\\/#website\"},\"primaryImageOfPage\":{\"@id\":\"https:\\\/\\\/www.urbanbiker.com\\\/de\\\/sie-sprechen-ueber-uns-in-c-de-comunicacion\\\/#primaryimage\"},\"image\":{\"@id\":\"https:\\\/\\\/www.urbanbiker.com\\\/de\\\/sie-sprechen-ueber-uns-in-c-de-comunicacion\\\/#primaryimage\"},\"thumbnailUrl\":\"https:\\\/\\\/www.urbanbiker.com\\\/wp-content\\\/uploads\\\/2025\\\/03\\\/urbanbiker-cierre-2024-sector-bicicleta-fabricantes-leon.png.webp\",\"datePublished\":\"2024-11-11T14:51:46+00:00\",\"description\":\"Sie sprechen \u00fcber uns in C de Comunicaci\u00f3n. Wir sprechen \u00fcber den Markt f\u00fcr Elektrofahrr\u00e4der, Prognosen f\u00fcr das kommende Jahr und neue Entwicklungen.\",\"breadcrumb\":{\"@id\":\"https:\\\/\\\/www.urbanbiker.com\\\/de\\\/sie-sprechen-ueber-uns-in-c-de-comunicacion\\\/#breadcrumb\"},\"inLanguage\":\"de\",\"potentialAction\":[{\"@type\":\"ReadAction\",\"target\":[\"https:\\\/\\\/www.urbanbiker.com\\\/de\\\/sie-sprechen-ueber-uns-in-c-de-comunicacion\\\/\"]}]},{\"@type\":\"ImageObject\",\"inLanguage\":\"de\",\"@id\":\"https:\\\/\\\/www.urbanbiker.com\\\/de\\\/sie-sprechen-ueber-uns-in-c-de-comunicacion\\\/#primaryimage\",\"url\":\"https:\\\/\\\/www.urbanbiker.com\\\/wp-content\\\/uploads\\\/2025\\\/03\\\/urbanbiker-cierre-2024-sector-bicicleta-fabricantes-leon.png.webp\",\"contentUrl\":\"https:\\\/\\\/www.urbanbiker.com\\\/wp-content\\\/uploads\\\/2025\\\/03\\\/urbanbiker-cierre-2024-sector-bicicleta-fabricantes-leon.png.webp\",\"width\":1600,\"height\":900},{\"@type\":\"BreadcrumbList\",\"@id\":\"https:\\\/\\\/www.urbanbiker.com\\\/de\\\/sie-sprechen-ueber-uns-in-c-de-comunicacion\\\/#breadcrumb\",\"itemListElement\":[{\"@type\":\"ListItem\",\"position\":1,\"name\":\"Portada\",\"item\":\"https:\\\/\\\/www.urbanbiker.com\\\/de\\\/\"},{\"@type\":\"ListItem\",\"position\":2,\"name\":\"Sie sprechen \u00fcber uns in C de Comunicaci\u00f3n\"}]},{\"@type\":\"WebSite\",\"@id\":\"https:\\\/\\\/www.urbanbiker.com\\\/de\\\/#website\",\"url\":\"https:\\\/\\\/www.urbanbiker.com\\\/de\\\/\",\"name\":\"UrbanBiker\",\"description\":\"Elektrische Fahrr\u00e4der\",\"publisher\":{\"@id\":\"https:\\\/\\\/www.urbanbiker.com\\\/de\\\/#organization\"},\"potentialAction\":[{\"@type\":\"SearchAction\",\"target\":{\"@type\":\"EntryPoint\",\"urlTemplate\":\"https:\\\/\\\/www.urbanbiker.com\\\/de\\\/?s={search_term_string}\"},\"query-input\":{\"@type\":\"PropertyValueSpecification\",\"valueRequired\":true,\"valueName\":\"search_term_string\"}}],\"inLanguage\":\"de\"},{\"@type\":\"Organization\",\"@id\":\"https:\\\/\\\/www.urbanbiker.com\\\/de\\\/#organization\",\"name\":\"UrbanBiker\",\"url\":\"https:\\\/\\\/www.urbanbiker.com\\\/de\\\/\",\"logo\":{\"@type\":\"ImageObject\",\"inLanguage\":\"de\",\"@id\":\"https:\\\/\\\/www.urbanbiker.com\\\/de\\\/#\\\/schema\\\/logo\\\/image\\\/\",\"url\":\"https:\\\/\\\/www.urbanbiker.com\\\/wp-content\\\/uploads\\\/2022\\\/09\\\/Logo-principal-sin-fondo.png\",\"contentUrl\":\"https:\\\/\\\/www.urbanbiker.com\\\/wp-content\\\/uploads\\\/2022\\\/09\\\/Logo-principal-sin-fondo.png\",\"width\":2560,\"height\":934,\"caption\":\"UrbanBiker\"},\"image\":{\"@id\":\"https:\\\/\\\/www.urbanbiker.com\\\/de\\\/#\\\/schema\\\/logo\\\/image\\\/\"},\"sameAs\":[\"https:\\\/\\\/www.facebook.com\\\/Urbanbikerbiciselectricas\",\"https:\\\/\\\/www.instagram.com\\\/urbanbiker_\\\/\",\"https:\\\/\\\/www.linkedin.com\\\/company\\\/2454235\",\"https:\\\/\\\/www.youtube.com\\\/channel\\\/UCWR__uH_RWJF-OhPfz-9-Qw\"]},{\"@type\":\"Person\",\"@id\":\"https:\\\/\\\/www.urbanbiker.com\\\/de\\\/#\\\/schema\\\/person\\\/1cb58f0792ef226d6d409b73059515e0\",\"name\":\"UrbanBiker\",\"image\":{\"@type\":\"ImageObject\",\"inLanguage\":\"de\",\"@id\":\"https:\\\/\\\/secure.gravatar.com\\\/avatar\\\/22838f387878aabd10c8c90196e14f05497ff2fdd7c1267a5f035aa48d9ed396?s=96&d=mm&r=g\",\"url\":\"https:\\\/\\\/secure.gravatar.com\\\/avatar\\\/22838f387878aabd10c8c90196e14f05497ff2fdd7c1267a5f035aa48d9ed396?s=96&d=mm&r=g\",\"contentUrl\":\"https:\\\/\\\/secure.gravatar.com\\\/avatar\\\/22838f387878aabd10c8c90196e14f05497ff2fdd7c1267a5f035aa48d9ed396?s=96&d=mm&r=g\",\"caption\":\"UrbanBiker\"},\"sameAs\":[\"http:\\\/\\\/www.urbanbiker.com\\\/\",\"https:\\\/\\\/www.facebook.com\\\/Urbanbikerbiciselectricas\\\/\",\"https:\\\/\\\/www.linkedin.com\\\/company\\\/urbanbiker\\\/\",\"https:\\\/\\\/www.youtube.com\\\/@UrbanbikerEbikes\"]}]}<\/script>\n<!-- \/ Yoast SEO plugin. -->","yoast_head_json":{"title":"Sie sprechen \u00fcber uns in C de Comunicaci\u00f3n | UrbanBiker","description":"Sie sprechen \u00fcber uns in C de Comunicaci\u00f3n. Wir sprechen \u00fcber den Markt f\u00fcr Elektrofahrr\u00e4der, Prognosen f\u00fcr das kommende Jahr und neue Entwicklungen.","robots":{"index":"index","follow":"follow","max-snippet":"max-snippet:-1","max-image-preview":"max-image-preview:large","max-video-preview":"max-video-preview:-1"},"canonical":"https:\/\/www.urbanbiker.com\/de\/sie-sprechen-ueber-uns-in-c-de-comunicacion\/","og_locale":"de_DE","og_type":"article","og_title":"Sie sprechen \u00fcber uns in C de Comunicaci\u00f3n | UrbanBiker","og_description":"Sie sprechen \u00fcber uns in C de Comunicaci\u00f3n. Wir sprechen \u00fcber den Markt f\u00fcr Elektrofahrr\u00e4der, Prognosen f\u00fcr das kommende Jahr und neue Entwicklungen.","og_url":"https:\/\/www.urbanbiker.com\/de\/sie-sprechen-ueber-uns-in-c-de-comunicacion\/","og_site_name":"UrbanBiker","article_publisher":"https:\/\/www.facebook.com\/Urbanbikerbiciselectricas","article_author":"https:\/\/www.facebook.com\/Urbanbikerbiciselectricas\/","article_published_time":"2024-11-11T14:51:46+00:00","og_image":[{"width":1600,"height":900,"url":"https:\/\/www.urbanbiker.com\/wp-content\/uploads\/2025\/03\/urbanbiker-cierre-2024-sector-bicicleta-fabricantes-leon.png.webp","type":"image\/webp"}],"author":"UrbanBiker","twitter_card":"summary_large_image","twitter_misc":{"Verfasst von":"UrbanBiker","Gesch\u00e4tzte Lesezeit":"1\u00a0Minute"},"schema":{"@context":"https:\/\/schema.org","@graph":[{"@type":"Article","@id":"https:\/\/www.urbanbiker.com\/de\/sie-sprechen-ueber-uns-in-c-de-comunicacion\/#article","isPartOf":{"@id":"https:\/\/www.urbanbiker.com\/de\/sie-sprechen-ueber-uns-in-c-de-comunicacion\/"},"author":{"name":"UrbanBiker","@id":"https:\/\/www.urbanbiker.com\/de\/#\/schema\/person\/1cb58f0792ef226d6d409b73059515e0"},"headline":"Sie sprechen \u00fcber uns in C de Comunicaci\u00f3n","datePublished":"2024-11-11T14:51:46+00:00","mainEntityOfPage":{"@id":"https:\/\/www.urbanbiker.com\/de\/sie-sprechen-ueber-uns-in-c-de-comunicacion\/"},"wordCount":122,"commentCount":0,"publisher":{"@id":"https:\/\/www.urbanbiker.com\/de\/#organization"},"image":{"@id":"https:\/\/www.urbanbiker.com\/de\/sie-sprechen-ueber-uns-in-c-de-comunicacion\/#primaryimage"},"thumbnailUrl":"https:\/\/www.urbanbiker.com\/wp-content\/uploads\/2025\/03\/urbanbiker-cierre-2024-sector-bicicleta-fabricantes-leon.png.webp","articleSection":["Nachrichten"],"inLanguage":"de","potentialAction":[{"@type":"CommentAction","name":"Comment","target":["https:\/\/www.urbanbiker.com\/de\/sie-sprechen-ueber-uns-in-c-de-comunicacion\/#respond"]}]},{"@type":"WebPage","@id":"https:\/\/www.urbanbiker.com\/de\/sie-sprechen-ueber-uns-in-c-de-comunicacion\/","url":"https:\/\/www.urbanbiker.com\/de\/sie-sprechen-ueber-uns-in-c-de-comunicacion\/","name":"Sie sprechen \u00fcber uns in C de Comunicaci\u00f3n | UrbanBiker","isPartOf":{"@id":"https:\/\/www.urbanbiker.com\/de\/#website"},"primaryImageOfPage":{"@id":"https:\/\/www.urbanbiker.com\/de\/sie-sprechen-ueber-uns-in-c-de-comunicacion\/#primaryimage"},"image":{"@id":"https:\/\/www.urbanbiker.com\/de\/sie-sprechen-ueber-uns-in-c-de-comunicacion\/#primaryimage"},"thumbnailUrl":"https:\/\/www.urbanbiker.com\/wp-content\/uploads\/2025\/03\/urbanbiker-cierre-2024-sector-bicicleta-fabricantes-leon.png.webp","datePublished":"2024-11-11T14:51:46+00:00","description":"Sie sprechen \u00fcber uns in C de Comunicaci\u00f3n. Wir sprechen \u00fcber den Markt f\u00fcr Elektrofahrr\u00e4der, Prognosen f\u00fcr das kommende Jahr und neue Entwicklungen.","breadcrumb":{"@id":"https:\/\/www.urbanbiker.com\/de\/sie-sprechen-ueber-uns-in-c-de-comunicacion\/#breadcrumb"},"inLanguage":"de","potentialAction":[{"@type":"ReadAction","target":["https:\/\/www.urbanbiker.com\/de\/sie-sprechen-ueber-uns-in-c-de-comunicacion\/"]}]},{"@type":"ImageObject","inLanguage":"de","@id":"https:\/\/www.urbanbiker.com\/de\/sie-sprechen-ueber-uns-in-c-de-comunicacion\/#primaryimage","url":"https:\/\/www.urbanbiker.com\/wp-content\/uploads\/2025\/03\/urbanbiker-cierre-2024-sector-bicicleta-fabricantes-leon.png.webp","contentUrl":"https:\/\/www.urbanbiker.com\/wp-content\/uploads\/2025\/03\/urbanbiker-cierre-2024-sector-bicicleta-fabricantes-leon.png.webp","width":1600,"height":900},{"@type":"BreadcrumbList","@id":"https:\/\/www.urbanbiker.com\/de\/sie-sprechen-ueber-uns-in-c-de-comunicacion\/#breadcrumb","itemListElement":[{"@type":"ListItem","position":1,"name":"Portada","item":"https:\/\/www.urbanbiker.com\/de\/"},{"@type":"ListItem","position":2,"name":"Sie sprechen \u00fcber uns in C de Comunicaci\u00f3n"}]},{"@type":"WebSite","@id":"https:\/\/www.urbanbiker.com\/de\/#website","url":"https:\/\/www.urbanbiker.com\/de\/","name":"UrbanBiker","description":"Elektrische Fahrr\u00e4der","publisher":{"@id":"https:\/\/www.urbanbiker.com\/de\/#organization"},"potentialAction":[{"@type":"SearchAction","target":{"@type":"EntryPoint","urlTemplate":"https:\/\/www.urbanbiker.com\/de\/?s={search_term_string}"},"query-input":{"@type":"PropertyValueSpecification","valueRequired":true,"valueName":"search_term_string"}}],"inLanguage":"de"},{"@type":"Organization","@id":"https:\/\/www.urbanbiker.com\/de\/#organization","name":"UrbanBiker","url":"https:\/\/www.urbanbiker.com\/de\/","logo":{"@type":"ImageObject","inLanguage":"de","@id":"https:\/\/www.urbanbiker.com\/de\/#\/schema\/logo\/image\/","url":"https:\/\/www.urbanbiker.com\/wp-content\/uploads\/2022\/09\/Logo-principal-sin-fondo.png","contentUrl":"https:\/\/www.urbanbiker.com\/wp-content\/uploads\/2022\/09\/Logo-principal-sin-fondo.png","width":2560,"height":934,"caption":"UrbanBiker"},"image":{"@id":"https:\/\/www.urbanbiker.com\/de\/#\/schema\/logo\/image\/"},"sameAs":["https:\/\/www.facebook.com\/Urbanbikerbiciselectricas","https:\/\/www.instagram.com\/urbanbiker_\/","https:\/\/www.linkedin.com\/company\/2454235","https:\/\/www.youtube.com\/channel\/UCWR__uH_RWJF-OhPfz-9-Qw"]},{"@type":"Person","@id":"https:\/\/www.urbanbiker.com\/de\/#\/schema\/person\/1cb58f0792ef226d6d409b73059515e0","name":"UrbanBiker","image":{"@type":"ImageObject","inLanguage":"de","@id":"https:\/\/secure.gravatar.com\/avatar\/22838f387878aabd10c8c90196e14f05497ff2fdd7c1267a5f035aa48d9ed396?s=96&d=mm&r=g","url":"https:\/\/secure.gravatar.com\/avatar\/22838f387878aabd10c8c90196e14f05497ff2fdd7c1267a5f035aa48d9ed396?s=96&d=mm&r=g","contentUrl":"https:\/\/secure.gravatar.com\/avatar\/22838f387878aabd10c8c90196e14f05497ff2fdd7c1267a5f035aa48d9ed396?s=96&d=mm&r=g","caption":"UrbanBiker"},"sameAs":["http:\/\/www.urbanbiker.com\/","https:\/\/www.facebook.com\/Urbanbikerbiciselectricas\/","https:\/\/www.linkedin.com\/company\/urbanbiker\/","https:\/\/www.youtube.com\/@UrbanbikerEbikes"]}]}},"_links":{"self":[{"href":"https:\/\/www.urbanbiker.com\/de\/wp-json\/wp\/v2\/posts\/39339","targetHints":{"allow":["GET"]}}],"collection":[{"href":"https:\/\/www.urbanbiker.com\/de\/wp-json\/wp\/v2\/posts"}],"about":[{"href":"https:\/\/www.urbanbiker.com\/de\/wp-json\/wp\/v2\/types\/post"}],"author":[{"embeddable":true,"href":"https:\/\/www.urbanbiker.com\/de\/wp-json\/wp\/v2\/users\/1"}],"replies":[{"embeddable":true,"href":"https:\/\/www.urbanbiker.com\/de\/wp-json\/wp\/v2\/comments?post=39339"}],"version-history":[{"count":0,"href":"https:\/\/www.urbanbiker.com\/de\/wp-json\/wp\/v2\/posts\/39339\/revisions"}],"wp:featuredmedia":[{"embeddable":true,"href":"https:\/\/www.urbanbiker.com\/de\/wp-json\/wp\/v2\/media\/37932"}],"wp:attachment":[{"href":"https:\/\/www.urbanbiker.com\/de\/wp-json\/wp\/v2\/media?parent=39339"}],"wp:term":[{"taxonomy":"category","embeddable":true,"href":"https:\/\/www.urbanbiker.com\/de\/wp-json\/wp\/v2\/categories?post=39339"},{"taxonomy":"post_tag","embeddable":true,"href":"https:\/\/www.urbanbiker.com\/de\/wp-json\/wp\/v2\/tags?post=39339"}],"curies":[{"name":"wp","href":"https:\/\/api.w.org\/{rel}","templated":true}]}}