{"id":39295,"date":"2025-02-11T16:18:03","date_gmt":"2025-02-11T15:18:03","guid":{"rendered":"https:\/\/www.urbanbiker.com\/doppelte-federung-bei-einem-elektrofahrrad-wann-sie-diese-option-waehlen-sollten\/"},"modified":"2025-03-18T09:33:01","modified_gmt":"2025-03-18T08:33:01","slug":"doppelte-federung-bei-einem-elektrofahrrad-wann-sie-diese-option-waehlen-sollten","status":"publish","type":"post","link":"https:\/\/www.urbanbiker.com\/de\/doppelte-federung-bei-einem-elektrofahrrad-wann-sie-diese-option-waehlen-sollten\/","title":{"rendered":"Doppelte Federung bei einem Elektrofahrrad? Wann Sie diese Option w\u00e4hlen sollten"},"content":{"rendered":"<p>Elektrische Mountainbikes haben die Art und Weise revolutioniert, wie wir anspruchsvolle Trails und Routen erkunden. Eine der wichtigsten Entscheidungen in dieser Welt ist die Wahl zwischen einem <strong>starren e-MTB<\/strong> und einem <strong>voll gefederten e-MTB<\/strong>. Wenn Sie sich fragen, wann Sie sich f\u00fcr ein e-MTB mit Vollfederung entscheiden sollten, lesen Sie weiter.  <\/p>\n<p><strong>Was ist ein vollgefedertes Elektrofahrrad?<\/strong><\/p>\n<p>Vollgefederte E-Bikes sind mit einer D\u00e4mpfung sowohl in der <strong>Vordergabel<\/strong> als auch im <strong>hinteren Teil des Rahmens<\/strong> ausgestattet. Dieses System reduziert die Auswirkungen von Unebenheiten im Gel\u00e4nde und verbessert den Komfort und die Kontrolle beim Treten. <\/p>\n<p>Ihre Struktur macht sie ideal f\u00fcr alle, die auf technischem Terrain oder unebenen Bergfahrten und Routen ein ruhigeres Fahrgef\u00fchl suchen.<\/p>\n<p><strong>Vorteile eines vollgefederten Elektrofahrrads<\/strong><\/p>\n<p><strong>\ud83c\udfde\ufe0f<\/strong><strong> Erh\u00f6hter Komfort auf unebenem Terrain<\/strong><\/p>\n<p>Wenn Sie vorhaben, auf holprigen, wurzeligen oder bergab f\u00fchrenden Wegen zu fahren, absorbiert ein <strong>doppelt gefedertes e-MTB<\/strong> die Vibrationen des Gel\u00e4ndes besser und minimiert so die Erm\u00fcdung auf dem Weg.<\/p>\n<p><strong>\ud83d\udd25<\/strong><strong> Mehr Stabilit\u00e4t und Kontrolle bei Abfahrten<\/strong><\/p>\n<p>Dank ihres Designs bieten diese E-Bikes <strong>mehr Traktion und Grip bei Abfahrten<\/strong>, vermeiden pl\u00f6tzliche St\u00f6\u00dfe und bieten ein sichereres Fahrgef\u00fchl.<\/p>\n<p><strong>\u26a1<\/strong><strong> Bessere Leistung in technischem Terrain<\/strong><\/p>\n<p>Wenn Sie gerne anspruchsvolle Strecken mit <strong>Kurven und Steigungen<\/strong> fahren, erm\u00f6glicht Ihnen die doppelte Federung, die Kontrolle zu behalten, ohne an Effizienz beim Treten zu verlieren.<\/p>\n<p><strong>Wann sollten Sie sich f\u00fcr ein vollgefedertes Elektrofahrrad entscheiden?<\/strong><\/p>\n<p>Die Wahl eines <strong>vollgefederten e-MTBs<\/strong> wird empfohlen, wenn:<\/p>\n<p>\u2714\ufe0f <strong>Sie erkunden gerne Bergrouten<\/strong> mit unebenem Terrain.<br \/>\n\u2714\ufe0f Auf langen Strecken <strong>legen Sie Wert auf Komfort und Stabilit\u00e4t<\/strong>.<br \/>\n\u2714\ufe0f <strong>Sie m\u00f6gen technische Strecken mit Abfahrten und einigen Hindernissen<\/strong>.<br \/>\n\u2714\ufe0f <strong>Sie suchen nach mehr Kontrolle und Sicherheit in unwegsamem Gel\u00e4nde<\/strong>.<\/p>\n<p><strong>Was, wenn ich ein starres e-MTB bevorzuge?<\/strong><\/p>\n<p>Wenn Sie sanftere Strecken fahren, meist auf Waldwegen, Landstra\u00dfen und gr\u00fcnen Wegen, ist ein Hardtail-Elektrorad vielleicht die bessere Wahl. Sie sind leichter, weniger wartungsintensiv und bieten eine h\u00f6here Pedaleffizienz auf weniger technischem Terrain. <\/p>\n<p><strong>Fazit<\/strong><\/p>\n<p>Die Wahl zwischen einem <strong>vollgefederten e-MTB<\/strong> oder einem <strong>starren e-MTB<\/strong> h\u00e4ngt von Ihrem Fahrstil und der Art der Strecken ab, die Sie befahren m\u00f6chten. Wenn Sie <strong>maximalen Komfort, Stabilit\u00e4t und Kontrolle in jedem Gel\u00e4nde<\/strong> suchen <strong>,<\/strong> ist ein vollgefedertes e-MTB eine ausgezeichnete Wahl. <\/p>\n<p>Bevor Sie eine Entscheidung treffen, sollten Sie Ihren Bedarf und die Art der geplanten Reisen analysieren. Und wenn Sie immer noch unsicher sind, wenden Sie sich an <strong>UrbanBiker<\/strong> um das perfekte Elektrofahrrad f\u00fcr Sie zu finden! \ud83d\udeb4\u26a1  <\/p>\n<p>\ud83d\udccc <strong>M\u00f6chten Sie mehr wissen?<\/strong> Entdecken Sie unseren Katalog mit Elektrofahrr\u00e4dern, die f\u00fcr jeden Benutzertyp geeignet sind.<\/p>\n<p><strong>F\u00fcr weitere Informationen und Details k\u00f6nnen Sie den Originalartikel auf der Website des K\u00f6niglichen Spanischen Radsportverbands einsehen: <a href=\"https:\/\/rfec.com\/index.php\/es\/smartweb\/universo_ciclista\/articulo\/rfec\/349-Cuando-elegir-una-bicicleta-de-montana-con-doble-suspension-1Wib#:~:text=Las%20bicis%20de%20doble%20suspensi%C3%B3n,bici%2C%20en%20el%20tubo%20vertical.\" target=\"_blank\" rel=\"noopener\">Link<\/a>.<\/strong><\/p>\n","protected":false},"excerpt":{"rendered":"<p>Elektrische Mountainbikes haben die Art und Weise revolutioniert, wie wir anspruchsvolle Trails und Routen erkunden. Eine der wichtigsten Entscheidungen in dieser Welt ist die Wahl zwischen einem starren e-MTB und einem voll gefederten e-MTB. Wenn Sie sich fragen, wann Sie sich f\u00fcr ein e-MTB mit Vollfederung entscheiden sollten, lesen Sie weiter. Was ist ein vollgefedertes [&hellip;]<\/p>\n","protected":false},"author":1,"featured_media":35104,"comment_status":"open","ping_status":"open","sticky":false,"template":"","format":"standard","meta":{"footnotes":""},"categories":[291,429],"tags":[],"class_list":["post-39295","post","type-post","status-publish","format-standard","has-post-thumbnail","hentry","category-empfehlungen","category-modelle"],"yoast_head":"<!-- This site is optimized with the Yoast SEO plugin v27.5 - https:\/\/yoast.com\/product\/yoast-seo-wordpress\/ -->\n<title>Doppelte Federung an einem Elektrofahrrad?<\/title>\n<meta name=\"description\" content=\"Doppelte Federung bei einem Elektrofahrrad? Wann Sie diese Option w\u00e4hlen sollten. Vorteile eines voll gefederten Elektrofahrrads.\" \/>\n<meta name=\"robots\" content=\"noindex, follow\" \/>\n<meta property=\"og:locale\" content=\"de_DE\" \/>\n<meta property=\"og:type\" content=\"article\" \/>\n<meta property=\"og:title\" content=\"Doppelte Federung an einem Elektrofahrrad?\" \/>\n<meta property=\"og:description\" content=\"Doppelte Federung bei einem Elektrofahrrad? Wann Sie diese Option w\u00e4hlen sollten. Vorteile eines voll gefederten Elektrofahrrads.\" \/>\n<meta property=\"og:url\" content=\"https:\/\/www.urbanbiker.com\/de\/doppelte-federung-bei-einem-elektrofahrrad-wann-sie-diese-option-waehlen-sollten\/\" \/>\n<meta property=\"og:site_name\" content=\"UrbanBiker\" \/>\n<meta property=\"article:publisher\" content=\"https:\/\/www.facebook.com\/Urbanbikerbiciselectricas\" \/>\n<meta property=\"article:author\" content=\"https:\/\/www.facebook.com\/Urbanbikerbiciselectricas\/\" \/>\n<meta property=\"article:published_time\" content=\"2025-02-11T15:18:03+00:00\" \/>\n<meta property=\"article:modified_time\" content=\"2025-03-18T08:33:01+00:00\" \/>\n<meta property=\"og:image\" content=\"https:\/\/www.urbanbiker.com\/wp-content\/uploads\/2024\/12\/7-Contexto-DSC02497.jpg\" \/>\n\t<meta property=\"og:image:width\" content=\"1080\" \/>\n\t<meta property=\"og:image:height\" content=\"1080\" \/>\n\t<meta property=\"og:image:type\" content=\"image\/jpeg\" \/>\n<meta name=\"author\" content=\"UrbanBiker\" \/>\n<meta name=\"twitter:card\" content=\"summary_large_image\" \/>\n<meta name=\"twitter:label1\" content=\"Verfasst von\" \/>\n\t<meta name=\"twitter:data1\" content=\"UrbanBiker\" \/>\n\t<meta name=\"twitter:label2\" content=\"Gesch\u00e4tzte Lesezeit\" \/>\n\t<meta name=\"twitter:data2\" content=\"2\u00a0Minute\" \/>\n<script type=\"application\/ld+json\" class=\"yoast-schema-graph\">{\"@context\":\"https:\\\/\\\/schema.org\",\"@graph\":[{\"@type\":\"Article\",\"@id\":\"https:\\\/\\\/www.urbanbiker.com\\\/de\\\/doppelte-federung-bei-einem-elektrofahrrad-wann-sie-diese-option-waehlen-sollten\\\/#article\",\"isPartOf\":{\"@id\":\"https:\\\/\\\/www.urbanbiker.com\\\/de\\\/doppelte-federung-bei-einem-elektrofahrrad-wann-sie-diese-option-waehlen-sollten\\\/\"},\"author\":{\"name\":\"UrbanBiker\",\"@id\":\"https:\\\/\\\/www.urbanbiker.com\\\/de\\\/#\\\/schema\\\/person\\\/1cb58f0792ef226d6d409b73059515e0\"},\"headline\":\"Doppelte Federung bei einem Elektrofahrrad? Wann Sie diese Option w\u00e4hlen sollten\",\"datePublished\":\"2025-02-11T15:18:03+00:00\",\"dateModified\":\"2025-03-18T08:33:01+00:00\",\"mainEntityOfPage\":{\"@id\":\"https:\\\/\\\/www.urbanbiker.com\\\/de\\\/doppelte-federung-bei-einem-elektrofahrrad-wann-sie-diese-option-waehlen-sollten\\\/\"},\"wordCount\":458,\"commentCount\":0,\"publisher\":{\"@id\":\"https:\\\/\\\/www.urbanbiker.com\\\/de\\\/#organization\"},\"image\":{\"@id\":\"https:\\\/\\\/www.urbanbiker.com\\\/de\\\/doppelte-federung-bei-einem-elektrofahrrad-wann-sie-diese-option-waehlen-sollten\\\/#primaryimage\"},\"thumbnailUrl\":\"https:\\\/\\\/www.urbanbiker.com\\\/wp-content\\\/uploads\\\/2024\\\/12\\\/7-Contexto-DSC02497.jpg\",\"articleSection\":[\"Empfehlungen\",\"Modelle\"],\"inLanguage\":\"de\",\"potentialAction\":[{\"@type\":\"CommentAction\",\"name\":\"Comment\",\"target\":[\"https:\\\/\\\/www.urbanbiker.com\\\/de\\\/doppelte-federung-bei-einem-elektrofahrrad-wann-sie-diese-option-waehlen-sollten\\\/#respond\"]}]},{\"@type\":\"WebPage\",\"@id\":\"https:\\\/\\\/www.urbanbiker.com\\\/de\\\/doppelte-federung-bei-einem-elektrofahrrad-wann-sie-diese-option-waehlen-sollten\\\/\",\"url\":\"https:\\\/\\\/www.urbanbiker.com\\\/de\\\/doppelte-federung-bei-einem-elektrofahrrad-wann-sie-diese-option-waehlen-sollten\\\/\",\"name\":\"Doppelte Federung an einem Elektrofahrrad?\",\"isPartOf\":{\"@id\":\"https:\\\/\\\/www.urbanbiker.com\\\/de\\\/#website\"},\"primaryImageOfPage\":{\"@id\":\"https:\\\/\\\/www.urbanbiker.com\\\/de\\\/doppelte-federung-bei-einem-elektrofahrrad-wann-sie-diese-option-waehlen-sollten\\\/#primaryimage\"},\"image\":{\"@id\":\"https:\\\/\\\/www.urbanbiker.com\\\/de\\\/doppelte-federung-bei-einem-elektrofahrrad-wann-sie-diese-option-waehlen-sollten\\\/#primaryimage\"},\"thumbnailUrl\":\"https:\\\/\\\/www.urbanbiker.com\\\/wp-content\\\/uploads\\\/2024\\\/12\\\/7-Contexto-DSC02497.jpg\",\"datePublished\":\"2025-02-11T15:18:03+00:00\",\"dateModified\":\"2025-03-18T08:33:01+00:00\",\"description\":\"Doppelte Federung bei einem Elektrofahrrad? Wann Sie diese Option w\u00e4hlen sollten. Vorteile eines voll gefederten Elektrofahrrads.\",\"breadcrumb\":{\"@id\":\"https:\\\/\\\/www.urbanbiker.com\\\/de\\\/doppelte-federung-bei-einem-elektrofahrrad-wann-sie-diese-option-waehlen-sollten\\\/#breadcrumb\"},\"inLanguage\":\"de\",\"potentialAction\":[{\"@type\":\"ReadAction\",\"target\":[\"https:\\\/\\\/www.urbanbiker.com\\\/de\\\/doppelte-federung-bei-einem-elektrofahrrad-wann-sie-diese-option-waehlen-sollten\\\/\"]}]},{\"@type\":\"ImageObject\",\"inLanguage\":\"de\",\"@id\":\"https:\\\/\\\/www.urbanbiker.com\\\/de\\\/doppelte-federung-bei-einem-elektrofahrrad-wann-sie-diese-option-waehlen-sollten\\\/#primaryimage\",\"url\":\"https:\\\/\\\/www.urbanbiker.com\\\/wp-content\\\/uploads\\\/2024\\\/12\\\/7-Contexto-DSC02497.jpg\",\"contentUrl\":\"https:\\\/\\\/www.urbanbiker.com\\\/wp-content\\\/uploads\\\/2024\\\/12\\\/7-Contexto-DSC02497.jpg\",\"width\":1080,\"height\":1080},{\"@type\":\"BreadcrumbList\",\"@id\":\"https:\\\/\\\/www.urbanbiker.com\\\/de\\\/doppelte-federung-bei-einem-elektrofahrrad-wann-sie-diese-option-waehlen-sollten\\\/#breadcrumb\",\"itemListElement\":[{\"@type\":\"ListItem\",\"position\":1,\"name\":\"Portada\",\"item\":\"https:\\\/\\\/www.urbanbiker.com\\\/de\\\/\"},{\"@type\":\"ListItem\",\"position\":2,\"name\":\"Doppelte Federung bei einem Elektrofahrrad? Wann Sie diese Option w\u00e4hlen sollten\"}]},{\"@type\":\"WebSite\",\"@id\":\"https:\\\/\\\/www.urbanbiker.com\\\/de\\\/#website\",\"url\":\"https:\\\/\\\/www.urbanbiker.com\\\/de\\\/\",\"name\":\"UrbanBiker\",\"description\":\"Elektrische Fahrr\u00e4der\",\"publisher\":{\"@id\":\"https:\\\/\\\/www.urbanbiker.com\\\/de\\\/#organization\"},\"potentialAction\":[{\"@type\":\"SearchAction\",\"target\":{\"@type\":\"EntryPoint\",\"urlTemplate\":\"https:\\\/\\\/www.urbanbiker.com\\\/de\\\/?s={search_term_string}\"},\"query-input\":{\"@type\":\"PropertyValueSpecification\",\"valueRequired\":true,\"valueName\":\"search_term_string\"}}],\"inLanguage\":\"de\"},{\"@type\":\"Organization\",\"@id\":\"https:\\\/\\\/www.urbanbiker.com\\\/de\\\/#organization\",\"name\":\"UrbanBiker\",\"url\":\"https:\\\/\\\/www.urbanbiker.com\\\/de\\\/\",\"logo\":{\"@type\":\"ImageObject\",\"inLanguage\":\"de\",\"@id\":\"https:\\\/\\\/www.urbanbiker.com\\\/de\\\/#\\\/schema\\\/logo\\\/image\\\/\",\"url\":\"https:\\\/\\\/www.urbanbiker.com\\\/wp-content\\\/uploads\\\/2022\\\/09\\\/Logo-principal-sin-fondo.png\",\"contentUrl\":\"https:\\\/\\\/www.urbanbiker.com\\\/wp-content\\\/uploads\\\/2022\\\/09\\\/Logo-principal-sin-fondo.png\",\"width\":2560,\"height\":934,\"caption\":\"UrbanBiker\"},\"image\":{\"@id\":\"https:\\\/\\\/www.urbanbiker.com\\\/de\\\/#\\\/schema\\\/logo\\\/image\\\/\"},\"sameAs\":[\"https:\\\/\\\/www.facebook.com\\\/Urbanbikerbiciselectricas\",\"https:\\\/\\\/www.instagram.com\\\/urbanbiker_\\\/\",\"https:\\\/\\\/www.linkedin.com\\\/company\\\/2454235\",\"https:\\\/\\\/www.youtube.com\\\/channel\\\/UCWR__uH_RWJF-OhPfz-9-Qw\"]},{\"@type\":\"Person\",\"@id\":\"https:\\\/\\\/www.urbanbiker.com\\\/de\\\/#\\\/schema\\\/person\\\/1cb58f0792ef226d6d409b73059515e0\",\"name\":\"UrbanBiker\",\"image\":{\"@type\":\"ImageObject\",\"inLanguage\":\"de\",\"@id\":\"https:\\\/\\\/secure.gravatar.com\\\/avatar\\\/22838f387878aabd10c8c90196e14f05497ff2fdd7c1267a5f035aa48d9ed396?s=96&d=mm&r=g\",\"url\":\"https:\\\/\\\/secure.gravatar.com\\\/avatar\\\/22838f387878aabd10c8c90196e14f05497ff2fdd7c1267a5f035aa48d9ed396?s=96&d=mm&r=g\",\"contentUrl\":\"https:\\\/\\\/secure.gravatar.com\\\/avatar\\\/22838f387878aabd10c8c90196e14f05497ff2fdd7c1267a5f035aa48d9ed396?s=96&d=mm&r=g\",\"caption\":\"UrbanBiker\"},\"sameAs\":[\"http:\\\/\\\/www.urbanbiker.com\\\/\",\"https:\\\/\\\/www.facebook.com\\\/Urbanbikerbiciselectricas\\\/\",\"https:\\\/\\\/www.linkedin.com\\\/company\\\/urbanbiker\\\/\",\"https:\\\/\\\/www.youtube.com\\\/@UrbanbikerEbikes\"]}]}<\/script>\n<!-- \/ Yoast SEO plugin. -->","yoast_head_json":{"title":"Doppelte Federung an einem Elektrofahrrad?","description":"Doppelte Federung bei einem Elektrofahrrad? Wann Sie diese Option w\u00e4hlen sollten. Vorteile eines voll gefederten Elektrofahrrads.","robots":{"index":"noindex","follow":"follow"},"og_locale":"de_DE","og_type":"article","og_title":"Doppelte Federung an einem Elektrofahrrad?","og_description":"Doppelte Federung bei einem Elektrofahrrad? Wann Sie diese Option w\u00e4hlen sollten. Vorteile eines voll gefederten Elektrofahrrads.","og_url":"https:\/\/www.urbanbiker.com\/de\/doppelte-federung-bei-einem-elektrofahrrad-wann-sie-diese-option-waehlen-sollten\/","og_site_name":"UrbanBiker","article_publisher":"https:\/\/www.facebook.com\/Urbanbikerbiciselectricas","article_author":"https:\/\/www.facebook.com\/Urbanbikerbiciselectricas\/","article_published_time":"2025-02-11T15:18:03+00:00","article_modified_time":"2025-03-18T08:33:01+00:00","og_image":[{"width":1080,"height":1080,"url":"https:\/\/www.urbanbiker.com\/wp-content\/uploads\/2024\/12\/7-Contexto-DSC02497.jpg","type":"image\/jpeg"}],"author":"UrbanBiker","twitter_card":"summary_large_image","twitter_misc":{"Verfasst von":"UrbanBiker","Gesch\u00e4tzte Lesezeit":"2\u00a0Minute"},"schema":{"@context":"https:\/\/schema.org","@graph":[{"@type":"Article","@id":"https:\/\/www.urbanbiker.com\/de\/doppelte-federung-bei-einem-elektrofahrrad-wann-sie-diese-option-waehlen-sollten\/#article","isPartOf":{"@id":"https:\/\/www.urbanbiker.com\/de\/doppelte-federung-bei-einem-elektrofahrrad-wann-sie-diese-option-waehlen-sollten\/"},"author":{"name":"UrbanBiker","@id":"https:\/\/www.urbanbiker.com\/de\/#\/schema\/person\/1cb58f0792ef226d6d409b73059515e0"},"headline":"Doppelte Federung bei einem Elektrofahrrad? Wann Sie diese Option w\u00e4hlen sollten","datePublished":"2025-02-11T15:18:03+00:00","dateModified":"2025-03-18T08:33:01+00:00","mainEntityOfPage":{"@id":"https:\/\/www.urbanbiker.com\/de\/doppelte-federung-bei-einem-elektrofahrrad-wann-sie-diese-option-waehlen-sollten\/"},"wordCount":458,"commentCount":0,"publisher":{"@id":"https:\/\/www.urbanbiker.com\/de\/#organization"},"image":{"@id":"https:\/\/www.urbanbiker.com\/de\/doppelte-federung-bei-einem-elektrofahrrad-wann-sie-diese-option-waehlen-sollten\/#primaryimage"},"thumbnailUrl":"https:\/\/www.urbanbiker.com\/wp-content\/uploads\/2024\/12\/7-Contexto-DSC02497.jpg","articleSection":["Empfehlungen","Modelle"],"inLanguage":"de","potentialAction":[{"@type":"CommentAction","name":"Comment","target":["https:\/\/www.urbanbiker.com\/de\/doppelte-federung-bei-einem-elektrofahrrad-wann-sie-diese-option-waehlen-sollten\/#respond"]}]},{"@type":"WebPage","@id":"https:\/\/www.urbanbiker.com\/de\/doppelte-federung-bei-einem-elektrofahrrad-wann-sie-diese-option-waehlen-sollten\/","url":"https:\/\/www.urbanbiker.com\/de\/doppelte-federung-bei-einem-elektrofahrrad-wann-sie-diese-option-waehlen-sollten\/","name":"Doppelte Federung an einem Elektrofahrrad?","isPartOf":{"@id":"https:\/\/www.urbanbiker.com\/de\/#website"},"primaryImageOfPage":{"@id":"https:\/\/www.urbanbiker.com\/de\/doppelte-federung-bei-einem-elektrofahrrad-wann-sie-diese-option-waehlen-sollten\/#primaryimage"},"image":{"@id":"https:\/\/www.urbanbiker.com\/de\/doppelte-federung-bei-einem-elektrofahrrad-wann-sie-diese-option-waehlen-sollten\/#primaryimage"},"thumbnailUrl":"https:\/\/www.urbanbiker.com\/wp-content\/uploads\/2024\/12\/7-Contexto-DSC02497.jpg","datePublished":"2025-02-11T15:18:03+00:00","dateModified":"2025-03-18T08:33:01+00:00","description":"Doppelte Federung bei einem Elektrofahrrad? Wann Sie diese Option w\u00e4hlen sollten. Vorteile eines voll gefederten Elektrofahrrads.","breadcrumb":{"@id":"https:\/\/www.urbanbiker.com\/de\/doppelte-federung-bei-einem-elektrofahrrad-wann-sie-diese-option-waehlen-sollten\/#breadcrumb"},"inLanguage":"de","potentialAction":[{"@type":"ReadAction","target":["https:\/\/www.urbanbiker.com\/de\/doppelte-federung-bei-einem-elektrofahrrad-wann-sie-diese-option-waehlen-sollten\/"]}]},{"@type":"ImageObject","inLanguage":"de","@id":"https:\/\/www.urbanbiker.com\/de\/doppelte-federung-bei-einem-elektrofahrrad-wann-sie-diese-option-waehlen-sollten\/#primaryimage","url":"https:\/\/www.urbanbiker.com\/wp-content\/uploads\/2024\/12\/7-Contexto-DSC02497.jpg","contentUrl":"https:\/\/www.urbanbiker.com\/wp-content\/uploads\/2024\/12\/7-Contexto-DSC02497.jpg","width":1080,"height":1080},{"@type":"BreadcrumbList","@id":"https:\/\/www.urbanbiker.com\/de\/doppelte-federung-bei-einem-elektrofahrrad-wann-sie-diese-option-waehlen-sollten\/#breadcrumb","itemListElement":[{"@type":"ListItem","position":1,"name":"Portada","item":"https:\/\/www.urbanbiker.com\/de\/"},{"@type":"ListItem","position":2,"name":"Doppelte Federung bei einem Elektrofahrrad? Wann Sie diese Option w\u00e4hlen sollten"}]},{"@type":"WebSite","@id":"https:\/\/www.urbanbiker.com\/de\/#website","url":"https:\/\/www.urbanbiker.com\/de\/","name":"UrbanBiker","description":"Elektrische Fahrr\u00e4der","publisher":{"@id":"https:\/\/www.urbanbiker.com\/de\/#organization"},"potentialAction":[{"@type":"SearchAction","target":{"@type":"EntryPoint","urlTemplate":"https:\/\/www.urbanbiker.com\/de\/?s={search_term_string}"},"query-input":{"@type":"PropertyValueSpecification","valueRequired":true,"valueName":"search_term_string"}}],"inLanguage":"de"},{"@type":"Organization","@id":"https:\/\/www.urbanbiker.com\/de\/#organization","name":"UrbanBiker","url":"https:\/\/www.urbanbiker.com\/de\/","logo":{"@type":"ImageObject","inLanguage":"de","@id":"https:\/\/www.urbanbiker.com\/de\/#\/schema\/logo\/image\/","url":"https:\/\/www.urbanbiker.com\/wp-content\/uploads\/2022\/09\/Logo-principal-sin-fondo.png","contentUrl":"https:\/\/www.urbanbiker.com\/wp-content\/uploads\/2022\/09\/Logo-principal-sin-fondo.png","width":2560,"height":934,"caption":"UrbanBiker"},"image":{"@id":"https:\/\/www.urbanbiker.com\/de\/#\/schema\/logo\/image\/"},"sameAs":["https:\/\/www.facebook.com\/Urbanbikerbiciselectricas","https:\/\/www.instagram.com\/urbanbiker_\/","https:\/\/www.linkedin.com\/company\/2454235","https:\/\/www.youtube.com\/channel\/UCWR__uH_RWJF-OhPfz-9-Qw"]},{"@type":"Person","@id":"https:\/\/www.urbanbiker.com\/de\/#\/schema\/person\/1cb58f0792ef226d6d409b73059515e0","name":"UrbanBiker","image":{"@type":"ImageObject","inLanguage":"de","@id":"https:\/\/secure.gravatar.com\/avatar\/22838f387878aabd10c8c90196e14f05497ff2fdd7c1267a5f035aa48d9ed396?s=96&d=mm&r=g","url":"https:\/\/secure.gravatar.com\/avatar\/22838f387878aabd10c8c90196e14f05497ff2fdd7c1267a5f035aa48d9ed396?s=96&d=mm&r=g","contentUrl":"https:\/\/secure.gravatar.com\/avatar\/22838f387878aabd10c8c90196e14f05497ff2fdd7c1267a5f035aa48d9ed396?s=96&d=mm&r=g","caption":"UrbanBiker"},"sameAs":["http:\/\/www.urbanbiker.com\/","https:\/\/www.facebook.com\/Urbanbikerbiciselectricas\/","https:\/\/www.linkedin.com\/company\/urbanbiker\/","https:\/\/www.youtube.com\/@UrbanbikerEbikes"]}]}},"_links":{"self":[{"href":"https:\/\/www.urbanbiker.com\/de\/wp-json\/wp\/v2\/posts\/39295","targetHints":{"allow":["GET"]}}],"collection":[{"href":"https:\/\/www.urbanbiker.com\/de\/wp-json\/wp\/v2\/posts"}],"about":[{"href":"https:\/\/www.urbanbiker.com\/de\/wp-json\/wp\/v2\/types\/post"}],"author":[{"embeddable":true,"href":"https:\/\/www.urbanbiker.com\/de\/wp-json\/wp\/v2\/users\/1"}],"replies":[{"embeddable":true,"href":"https:\/\/www.urbanbiker.com\/de\/wp-json\/wp\/v2\/comments?post=39295"}],"version-history":[{"count":1,"href":"https:\/\/www.urbanbiker.com\/de\/wp-json\/wp\/v2\/posts\/39295\/revisions"}],"predecessor-version":[{"id":39399,"href":"https:\/\/www.urbanbiker.com\/de\/wp-json\/wp\/v2\/posts\/39295\/revisions\/39399"}],"wp:featuredmedia":[{"embeddable":true,"href":"https:\/\/www.urbanbiker.com\/de\/wp-json\/wp\/v2\/media\/35104"}],"wp:attachment":[{"href":"https:\/\/www.urbanbiker.com\/de\/wp-json\/wp\/v2\/media?parent=39295"}],"wp:term":[{"taxonomy":"category","embeddable":true,"href":"https:\/\/www.urbanbiker.com\/de\/wp-json\/wp\/v2\/categories?post=39295"},{"taxonomy":"post_tag","embeddable":true,"href":"https:\/\/www.urbanbiker.com\/de\/wp-json\/wp\/v2\/tags?post=39295"}],"curies":[{"name":"wp","href":"https:\/\/api.w.org\/{rel}","templated":true}]}}