{"id":39172,"date":"2025-03-11T17:22:19","date_gmt":"2025-03-11T16:22:19","guid":{"rendered":"https:\/\/www.urbanbiker.com\/unete-al-compromiso-30-dias-en-bici-con-urbanbiker\/"},"modified":"2025-03-19T20:44:07","modified_gmt":"2025-03-19T19:44:07","slug":"beteiligen-ie-sich-an-der-aktion-30-tage-mit-dem-fahrrad-mit-urbanbiker","status":"publish","type":"post","link":"https:\/\/www.urbanbiker.com\/de\/beteiligen-ie-sich-an-der-aktion-30-tage-mit-dem-fahrrad-mit-urbanbiker\/","title":{"rendered":"Machen Sie mit beim 30 Days By Bike Engagement mit UrbanBiker"},"content":{"rendered":"\t\t<div data-elementor-type=\"wp-post\" data-elementor-id=\"39172\" class=\"elementor elementor-39172 elementor-37972\">\n\t\t\t\t\t\t<section class=\"elementor-section elementor-top-section elementor-element elementor-element-39decb75 elementor-section-boxed elementor-section-height-default elementor-section-height-default\" data-id=\"39decb75\" data-element_type=\"section\" data-e-type=\"section\">\n\t\t\t\t\t\t<div class=\"elementor-container elementor-column-gap-default\">\n\t\t\t\t\t<div class=\"elementor-column elementor-col-100 elementor-top-column elementor-element elementor-element-267e1c4\" data-id=\"267e1c4\" data-element_type=\"column\" data-e-type=\"column\">\n\t\t\t<div class=\"elementor-widget-wrap elementor-element-populated\">\n\t\t\t\t\n\t\t<div class=\"elementor-element elementor-element-64653410 elementor-widget elementor-widget-text-editor\" data-id=\"64653410\" data-element_type=\"widget\" data-e-type=\"widget\" data-widget_type=\"text-editor.default\">\n\t\t\t\t<div class=\"elementor-widget-container\">\n\t\t\t\t\t\t\t\t\t<p>Wir schlie\u00dfen uns der Bewegung #30D\u00edasEnBici an, um zu zeigen, dass das Fahrrad der beste Verb\u00fcndete f\u00fcr nachhaltige Mobilit\u00e4t ist.<\/p><blockquote><p>Die Verpflichtung ist einfach: Fahren Sie im April jeden Tag mit dem Fahrrad und machen Sie das Radfahren zur Gewohnheit.<\/p><\/blockquote><p>Unterschreiben Sie noch heute die Zusage auf \ud83d\udc49 30diasenbici.com und schlie\u00dfen Sie sich der Fahrradrevolution an.<\/p><p>Wir von UrbanBiker begleiten Sie mit Inspiration, Tipps und \u00dcberraschungen.<\/p><p>\ud83d\ude80 Mehr Fahrr\u00e4der, weniger Autos. Mehr Stadt, weniger Rauch. Sind Sie dabei?    <a href=\"https:\/\/www.30diasenbici.com\/proyectos\/30-dias-bici\/\" target=\"_blank\" rel=\"noopener\">Link<\/a><\/p>\t\t\t\t\t\t\t\t<\/div>\n\t\t\t\t<\/div>\n\t\t\t\t\t<\/div>\n\t\t<\/div>\n\t\t\t\t\t<\/div>\n\t\t<\/section>\n\t\t\t\t<\/div>\n\t\t","protected":false},"excerpt":{"rendered":"<p>Wir schlie\u00dfen uns der Bewegung #30D\u00edasEnBici an, um zu zeigen, dass das Fahrrad der beste Verb\u00fcndete f\u00fcr nachhaltige Mobilit\u00e4t ist. Die Verpflichtung ist einfach: Fahren Sie im April jeden Tag mit dem Fahrrad und machen Sie das Radfahren zur Gewohnheit. Unterschreiben Sie noch heute die Zusage auf \ud83d\udc49 30diasenbici.com und schlie\u00dfen Sie sich der Fahrradrevolution [&hellip;]<\/p>\n","protected":false},"author":1,"featured_media":37977,"comment_status":"open","ping_status":"open","sticky":false,"template":"","format":"standard","meta":{"footnotes":""},"categories":[626],"tags":[],"class_list":["post-39172","post","type-post","status-publish","format-standard","has-post-thumbnail","hentry","category-nachhaltige-mobilitaet"],"yoast_head":"<!-- This site is optimized with the Yoast SEO plugin v27.5 - https:\/\/yoast.com\/product\/yoast-seo-wordpress\/ -->\n<title>Machen Sie mit beim 30 Days By Bike Engagement mit UrbanBiker<\/title>\n<meta name=\"description\" content=\"Schlie\u00dfen Sie sich dem 30 Days By Bike-Versprechen mit UrbanBiker an. Unterschreiben Sie das Versprechen noch heute unter \ud83d\udc49 30diasenbici.com und schlie\u00dfen Sie sich der Fahrradrevolution an.\" \/>\n<meta name=\"robots\" content=\"index, follow, max-snippet:-1, max-image-preview:large, max-video-preview:-1\" \/>\n<link rel=\"canonical\" href=\"https:\/\/www.urbanbiker.com\/de\/beteiligen-ie-sich-an-der-aktion-30-tage-mit-dem-fahrrad-mit-urbanbiker\/\" \/>\n<meta property=\"og:locale\" content=\"de_DE\" \/>\n<meta property=\"og:type\" content=\"article\" \/>\n<meta property=\"og:title\" content=\"Machen Sie mit beim 30 Days By Bike Engagement mit UrbanBiker\" \/>\n<meta property=\"og:description\" content=\"Schlie\u00dfen Sie sich dem 30 Days By Bike-Versprechen mit UrbanBiker an. Unterschreiben Sie das Versprechen noch heute unter \ud83d\udc49 30diasenbici.com und schlie\u00dfen Sie sich der Fahrradrevolution an.\" \/>\n<meta property=\"og:url\" content=\"https:\/\/www.urbanbiker.com\/de\/beteiligen-ie-sich-an-der-aktion-30-tage-mit-dem-fahrrad-mit-urbanbiker\/\" \/>\n<meta property=\"og:site_name\" content=\"UrbanBiker\" \/>\n<meta property=\"article:publisher\" content=\"https:\/\/www.facebook.com\/Urbanbikerbiciselectricas\" \/>\n<meta property=\"article:author\" content=\"https:\/\/www.facebook.com\/Urbanbikerbiciselectricas\/\" \/>\n<meta property=\"article:published_time\" content=\"2025-03-11T16:22:19+00:00\" \/>\n<meta property=\"article:modified_time\" content=\"2025-03-19T19:44:07+00:00\" \/>\n<meta property=\"og:image\" content=\"https:\/\/www.urbanbiker.com\/wp-content\/uploads\/2025\/03\/2025-30DEB_WHATS30DEB_HOR.jpeg\" \/>\n\t<meta property=\"og:image:width\" content=\"1000\" \/>\n\t<meta property=\"og:image:height\" content=\"576\" \/>\n\t<meta property=\"og:image:type\" content=\"image\/jpeg\" \/>\n<meta name=\"author\" content=\"UrbanBiker\" \/>\n<meta name=\"twitter:card\" content=\"summary_large_image\" \/>\n<meta name=\"twitter:label1\" content=\"Verfasst von\" \/>\n\t<meta name=\"twitter:data1\" content=\"UrbanBiker\" \/>\n\t<meta name=\"twitter:label2\" content=\"Gesch\u00e4tzte Lesezeit\" \/>\n\t<meta name=\"twitter:data2\" content=\"1\u00a0Minute\" \/>\n<script type=\"application\/ld+json\" class=\"yoast-schema-graph\">{\"@context\":\"https:\\\/\\\/schema.org\",\"@graph\":[{\"@type\":\"Article\",\"@id\":\"https:\\\/\\\/www.urbanbiker.com\\\/de\\\/beteiligen-ie-sich-an-der-aktion-30-tage-mit-dem-fahrrad-mit-urbanbiker\\\/#article\",\"isPartOf\":{\"@id\":\"https:\\\/\\\/www.urbanbiker.com\\\/de\\\/beteiligen-ie-sich-an-der-aktion-30-tage-mit-dem-fahrrad-mit-urbanbiker\\\/\"},\"author\":{\"name\":\"UrbanBiker\",\"@id\":\"https:\\\/\\\/www.urbanbiker.com\\\/de\\\/#\\\/schema\\\/person\\\/1cb58f0792ef226d6d409b73059515e0\"},\"headline\":\"Machen Sie mit beim 30 Days By Bike Engagement mit UrbanBiker\",\"datePublished\":\"2025-03-11T16:22:19+00:00\",\"dateModified\":\"2025-03-19T19:44:07+00:00\",\"mainEntityOfPage\":{\"@id\":\"https:\\\/\\\/www.urbanbiker.com\\\/de\\\/beteiligen-ie-sich-an-der-aktion-30-tage-mit-dem-fahrrad-mit-urbanbiker\\\/\"},\"wordCount\":95,\"commentCount\":0,\"publisher\":{\"@id\":\"https:\\\/\\\/www.urbanbiker.com\\\/de\\\/#organization\"},\"image\":{\"@id\":\"https:\\\/\\\/www.urbanbiker.com\\\/de\\\/beteiligen-ie-sich-an-der-aktion-30-tage-mit-dem-fahrrad-mit-urbanbiker\\\/#primaryimage\"},\"thumbnailUrl\":\"https:\\\/\\\/www.urbanbiker.com\\\/wp-content\\\/uploads\\\/2025\\\/03\\\/2025-30DEB_WHATS30DEB_HOR.jpeg\",\"articleSection\":[\"Nachhaltige Mobilit\u00e4t\"],\"inLanguage\":\"de\",\"potentialAction\":[{\"@type\":\"CommentAction\",\"name\":\"Comment\",\"target\":[\"https:\\\/\\\/www.urbanbiker.com\\\/de\\\/beteiligen-ie-sich-an-der-aktion-30-tage-mit-dem-fahrrad-mit-urbanbiker\\\/#respond\"]}]},{\"@type\":\"WebPage\",\"@id\":\"https:\\\/\\\/www.urbanbiker.com\\\/de\\\/beteiligen-ie-sich-an-der-aktion-30-tage-mit-dem-fahrrad-mit-urbanbiker\\\/\",\"url\":\"https:\\\/\\\/www.urbanbiker.com\\\/de\\\/beteiligen-ie-sich-an-der-aktion-30-tage-mit-dem-fahrrad-mit-urbanbiker\\\/\",\"name\":\"Machen Sie mit beim 30 Days By Bike Engagement mit UrbanBiker\",\"isPartOf\":{\"@id\":\"https:\\\/\\\/www.urbanbiker.com\\\/de\\\/#website\"},\"primaryImageOfPage\":{\"@id\":\"https:\\\/\\\/www.urbanbiker.com\\\/de\\\/beteiligen-ie-sich-an-der-aktion-30-tage-mit-dem-fahrrad-mit-urbanbiker\\\/#primaryimage\"},\"image\":{\"@id\":\"https:\\\/\\\/www.urbanbiker.com\\\/de\\\/beteiligen-ie-sich-an-der-aktion-30-tage-mit-dem-fahrrad-mit-urbanbiker\\\/#primaryimage\"},\"thumbnailUrl\":\"https:\\\/\\\/www.urbanbiker.com\\\/wp-content\\\/uploads\\\/2025\\\/03\\\/2025-30DEB_WHATS30DEB_HOR.jpeg\",\"datePublished\":\"2025-03-11T16:22:19+00:00\",\"dateModified\":\"2025-03-19T19:44:07+00:00\",\"description\":\"Schlie\u00dfen Sie sich dem 30 Days By Bike-Versprechen mit UrbanBiker an. Unterschreiben Sie das Versprechen noch heute unter \ud83d\udc49 30diasenbici.com und schlie\u00dfen Sie sich der Fahrradrevolution an.\",\"breadcrumb\":{\"@id\":\"https:\\\/\\\/www.urbanbiker.com\\\/de\\\/beteiligen-ie-sich-an-der-aktion-30-tage-mit-dem-fahrrad-mit-urbanbiker\\\/#breadcrumb\"},\"inLanguage\":\"de\",\"potentialAction\":[{\"@type\":\"ReadAction\",\"target\":[\"https:\\\/\\\/www.urbanbiker.com\\\/de\\\/beteiligen-ie-sich-an-der-aktion-30-tage-mit-dem-fahrrad-mit-urbanbiker\\\/\"]}]},{\"@type\":\"ImageObject\",\"inLanguage\":\"de\",\"@id\":\"https:\\\/\\\/www.urbanbiker.com\\\/de\\\/beteiligen-ie-sich-an-der-aktion-30-tage-mit-dem-fahrrad-mit-urbanbiker\\\/#primaryimage\",\"url\":\"https:\\\/\\\/www.urbanbiker.com\\\/wp-content\\\/uploads\\\/2025\\\/03\\\/2025-30DEB_WHATS30DEB_HOR.jpeg\",\"contentUrl\":\"https:\\\/\\\/www.urbanbiker.com\\\/wp-content\\\/uploads\\\/2025\\\/03\\\/2025-30DEB_WHATS30DEB_HOR.jpeg\",\"width\":1000,\"height\":576,\"caption\":\"Firma hoy mismo el compromiso en \ud83d\udc49 30diasenbici.com y s\u00famate a la revoluci\u00f3n ciclista.\"},{\"@type\":\"BreadcrumbList\",\"@id\":\"https:\\\/\\\/www.urbanbiker.com\\\/de\\\/beteiligen-ie-sich-an-der-aktion-30-tage-mit-dem-fahrrad-mit-urbanbiker\\\/#breadcrumb\",\"itemListElement\":[{\"@type\":\"ListItem\",\"position\":1,\"name\":\"Portada\",\"item\":\"https:\\\/\\\/www.urbanbiker.com\\\/de\\\/\"},{\"@type\":\"ListItem\",\"position\":2,\"name\":\"Machen Sie mit beim 30 Days By Bike Engagement mit UrbanBiker\"}]},{\"@type\":\"WebSite\",\"@id\":\"https:\\\/\\\/www.urbanbiker.com\\\/de\\\/#website\",\"url\":\"https:\\\/\\\/www.urbanbiker.com\\\/de\\\/\",\"name\":\"UrbanBiker\",\"description\":\"Elektrische Fahrr\u00e4der\",\"publisher\":{\"@id\":\"https:\\\/\\\/www.urbanbiker.com\\\/de\\\/#organization\"},\"potentialAction\":[{\"@type\":\"SearchAction\",\"target\":{\"@type\":\"EntryPoint\",\"urlTemplate\":\"https:\\\/\\\/www.urbanbiker.com\\\/de\\\/?s={search_term_string}\"},\"query-input\":{\"@type\":\"PropertyValueSpecification\",\"valueRequired\":true,\"valueName\":\"search_term_string\"}}],\"inLanguage\":\"de\"},{\"@type\":\"Organization\",\"@id\":\"https:\\\/\\\/www.urbanbiker.com\\\/de\\\/#organization\",\"name\":\"UrbanBiker\",\"url\":\"https:\\\/\\\/www.urbanbiker.com\\\/de\\\/\",\"logo\":{\"@type\":\"ImageObject\",\"inLanguage\":\"de\",\"@id\":\"https:\\\/\\\/www.urbanbiker.com\\\/de\\\/#\\\/schema\\\/logo\\\/image\\\/\",\"url\":\"https:\\\/\\\/www.urbanbiker.com\\\/wp-content\\\/uploads\\\/2022\\\/09\\\/Logo-principal-sin-fondo.png\",\"contentUrl\":\"https:\\\/\\\/www.urbanbiker.com\\\/wp-content\\\/uploads\\\/2022\\\/09\\\/Logo-principal-sin-fondo.png\",\"width\":2560,\"height\":934,\"caption\":\"UrbanBiker\"},\"image\":{\"@id\":\"https:\\\/\\\/www.urbanbiker.com\\\/de\\\/#\\\/schema\\\/logo\\\/image\\\/\"},\"sameAs\":[\"https:\\\/\\\/www.facebook.com\\\/Urbanbikerbiciselectricas\",\"https:\\\/\\\/www.instagram.com\\\/urbanbiker_\\\/\",\"https:\\\/\\\/www.linkedin.com\\\/company\\\/2454235\",\"https:\\\/\\\/www.youtube.com\\\/channel\\\/UCWR__uH_RWJF-OhPfz-9-Qw\"]},{\"@type\":\"Person\",\"@id\":\"https:\\\/\\\/www.urbanbiker.com\\\/de\\\/#\\\/schema\\\/person\\\/1cb58f0792ef226d6d409b73059515e0\",\"name\":\"UrbanBiker\",\"image\":{\"@type\":\"ImageObject\",\"inLanguage\":\"de\",\"@id\":\"https:\\\/\\\/secure.gravatar.com\\\/avatar\\\/22838f387878aabd10c8c90196e14f05497ff2fdd7c1267a5f035aa48d9ed396?s=96&d=mm&r=g\",\"url\":\"https:\\\/\\\/secure.gravatar.com\\\/avatar\\\/22838f387878aabd10c8c90196e14f05497ff2fdd7c1267a5f035aa48d9ed396?s=96&d=mm&r=g\",\"contentUrl\":\"https:\\\/\\\/secure.gravatar.com\\\/avatar\\\/22838f387878aabd10c8c90196e14f05497ff2fdd7c1267a5f035aa48d9ed396?s=96&d=mm&r=g\",\"caption\":\"UrbanBiker\"},\"sameAs\":[\"http:\\\/\\\/www.urbanbiker.com\\\/\",\"https:\\\/\\\/www.facebook.com\\\/Urbanbikerbiciselectricas\\\/\",\"https:\\\/\\\/www.linkedin.com\\\/company\\\/urbanbiker\\\/\",\"https:\\\/\\\/www.youtube.com\\\/@UrbanbikerEbikes\"]}]}<\/script>\n<!-- \/ Yoast SEO plugin. -->","yoast_head_json":{"title":"Machen Sie mit beim 30 Days By Bike Engagement mit UrbanBiker","description":"Schlie\u00dfen Sie sich dem 30 Days By Bike-Versprechen mit UrbanBiker an. Unterschreiben Sie das Versprechen noch heute unter \ud83d\udc49 30diasenbici.com und schlie\u00dfen Sie sich der Fahrradrevolution an.","robots":{"index":"index","follow":"follow","max-snippet":"max-snippet:-1","max-image-preview":"max-image-preview:large","max-video-preview":"max-video-preview:-1"},"canonical":"https:\/\/www.urbanbiker.com\/de\/beteiligen-ie-sich-an-der-aktion-30-tage-mit-dem-fahrrad-mit-urbanbiker\/","og_locale":"de_DE","og_type":"article","og_title":"Machen Sie mit beim 30 Days By Bike Engagement mit UrbanBiker","og_description":"Schlie\u00dfen Sie sich dem 30 Days By Bike-Versprechen mit UrbanBiker an. Unterschreiben Sie das Versprechen noch heute unter \ud83d\udc49 30diasenbici.com und schlie\u00dfen Sie sich der Fahrradrevolution an.","og_url":"https:\/\/www.urbanbiker.com\/de\/beteiligen-ie-sich-an-der-aktion-30-tage-mit-dem-fahrrad-mit-urbanbiker\/","og_site_name":"UrbanBiker","article_publisher":"https:\/\/www.facebook.com\/Urbanbikerbiciselectricas","article_author":"https:\/\/www.facebook.com\/Urbanbikerbiciselectricas\/","article_published_time":"2025-03-11T16:22:19+00:00","article_modified_time":"2025-03-19T19:44:07+00:00","og_image":[{"width":1000,"height":576,"url":"https:\/\/www.urbanbiker.com\/wp-content\/uploads\/2025\/03\/2025-30DEB_WHATS30DEB_HOR.jpeg","type":"image\/jpeg"}],"author":"UrbanBiker","twitter_card":"summary_large_image","twitter_misc":{"Verfasst von":"UrbanBiker","Gesch\u00e4tzte Lesezeit":"1\u00a0Minute"},"schema":{"@context":"https:\/\/schema.org","@graph":[{"@type":"Article","@id":"https:\/\/www.urbanbiker.com\/de\/beteiligen-ie-sich-an-der-aktion-30-tage-mit-dem-fahrrad-mit-urbanbiker\/#article","isPartOf":{"@id":"https:\/\/www.urbanbiker.com\/de\/beteiligen-ie-sich-an-der-aktion-30-tage-mit-dem-fahrrad-mit-urbanbiker\/"},"author":{"name":"UrbanBiker","@id":"https:\/\/www.urbanbiker.com\/de\/#\/schema\/person\/1cb58f0792ef226d6d409b73059515e0"},"headline":"Machen Sie mit beim 30 Days By Bike Engagement mit UrbanBiker","datePublished":"2025-03-11T16:22:19+00:00","dateModified":"2025-03-19T19:44:07+00:00","mainEntityOfPage":{"@id":"https:\/\/www.urbanbiker.com\/de\/beteiligen-ie-sich-an-der-aktion-30-tage-mit-dem-fahrrad-mit-urbanbiker\/"},"wordCount":95,"commentCount":0,"publisher":{"@id":"https:\/\/www.urbanbiker.com\/de\/#organization"},"image":{"@id":"https:\/\/www.urbanbiker.com\/de\/beteiligen-ie-sich-an-der-aktion-30-tage-mit-dem-fahrrad-mit-urbanbiker\/#primaryimage"},"thumbnailUrl":"https:\/\/www.urbanbiker.com\/wp-content\/uploads\/2025\/03\/2025-30DEB_WHATS30DEB_HOR.jpeg","articleSection":["Nachhaltige Mobilit\u00e4t"],"inLanguage":"de","potentialAction":[{"@type":"CommentAction","name":"Comment","target":["https:\/\/www.urbanbiker.com\/de\/beteiligen-ie-sich-an-der-aktion-30-tage-mit-dem-fahrrad-mit-urbanbiker\/#respond"]}]},{"@type":"WebPage","@id":"https:\/\/www.urbanbiker.com\/de\/beteiligen-ie-sich-an-der-aktion-30-tage-mit-dem-fahrrad-mit-urbanbiker\/","url":"https:\/\/www.urbanbiker.com\/de\/beteiligen-ie-sich-an-der-aktion-30-tage-mit-dem-fahrrad-mit-urbanbiker\/","name":"Machen Sie mit beim 30 Days By Bike Engagement mit UrbanBiker","isPartOf":{"@id":"https:\/\/www.urbanbiker.com\/de\/#website"},"primaryImageOfPage":{"@id":"https:\/\/www.urbanbiker.com\/de\/beteiligen-ie-sich-an-der-aktion-30-tage-mit-dem-fahrrad-mit-urbanbiker\/#primaryimage"},"image":{"@id":"https:\/\/www.urbanbiker.com\/de\/beteiligen-ie-sich-an-der-aktion-30-tage-mit-dem-fahrrad-mit-urbanbiker\/#primaryimage"},"thumbnailUrl":"https:\/\/www.urbanbiker.com\/wp-content\/uploads\/2025\/03\/2025-30DEB_WHATS30DEB_HOR.jpeg","datePublished":"2025-03-11T16:22:19+00:00","dateModified":"2025-03-19T19:44:07+00:00","description":"Schlie\u00dfen Sie sich dem 30 Days By Bike-Versprechen mit UrbanBiker an. Unterschreiben Sie das Versprechen noch heute unter \ud83d\udc49 30diasenbici.com und schlie\u00dfen Sie sich der Fahrradrevolution an.","breadcrumb":{"@id":"https:\/\/www.urbanbiker.com\/de\/beteiligen-ie-sich-an-der-aktion-30-tage-mit-dem-fahrrad-mit-urbanbiker\/#breadcrumb"},"inLanguage":"de","potentialAction":[{"@type":"ReadAction","target":["https:\/\/www.urbanbiker.com\/de\/beteiligen-ie-sich-an-der-aktion-30-tage-mit-dem-fahrrad-mit-urbanbiker\/"]}]},{"@type":"ImageObject","inLanguage":"de","@id":"https:\/\/www.urbanbiker.com\/de\/beteiligen-ie-sich-an-der-aktion-30-tage-mit-dem-fahrrad-mit-urbanbiker\/#primaryimage","url":"https:\/\/www.urbanbiker.com\/wp-content\/uploads\/2025\/03\/2025-30DEB_WHATS30DEB_HOR.jpeg","contentUrl":"https:\/\/www.urbanbiker.com\/wp-content\/uploads\/2025\/03\/2025-30DEB_WHATS30DEB_HOR.jpeg","width":1000,"height":576,"caption":"Firma hoy mismo el compromiso en \ud83d\udc49 30diasenbici.com y s\u00famate a la revoluci\u00f3n ciclista."},{"@type":"BreadcrumbList","@id":"https:\/\/www.urbanbiker.com\/de\/beteiligen-ie-sich-an-der-aktion-30-tage-mit-dem-fahrrad-mit-urbanbiker\/#breadcrumb","itemListElement":[{"@type":"ListItem","position":1,"name":"Portada","item":"https:\/\/www.urbanbiker.com\/de\/"},{"@type":"ListItem","position":2,"name":"Machen Sie mit beim 30 Days By Bike Engagement mit UrbanBiker"}]},{"@type":"WebSite","@id":"https:\/\/www.urbanbiker.com\/de\/#website","url":"https:\/\/www.urbanbiker.com\/de\/","name":"UrbanBiker","description":"Elektrische Fahrr\u00e4der","publisher":{"@id":"https:\/\/www.urbanbiker.com\/de\/#organization"},"potentialAction":[{"@type":"SearchAction","target":{"@type":"EntryPoint","urlTemplate":"https:\/\/www.urbanbiker.com\/de\/?s={search_term_string}"},"query-input":{"@type":"PropertyValueSpecification","valueRequired":true,"valueName":"search_term_string"}}],"inLanguage":"de"},{"@type":"Organization","@id":"https:\/\/www.urbanbiker.com\/de\/#organization","name":"UrbanBiker","url":"https:\/\/www.urbanbiker.com\/de\/","logo":{"@type":"ImageObject","inLanguage":"de","@id":"https:\/\/www.urbanbiker.com\/de\/#\/schema\/logo\/image\/","url":"https:\/\/www.urbanbiker.com\/wp-content\/uploads\/2022\/09\/Logo-principal-sin-fondo.png","contentUrl":"https:\/\/www.urbanbiker.com\/wp-content\/uploads\/2022\/09\/Logo-principal-sin-fondo.png","width":2560,"height":934,"caption":"UrbanBiker"},"image":{"@id":"https:\/\/www.urbanbiker.com\/de\/#\/schema\/logo\/image\/"},"sameAs":["https:\/\/www.facebook.com\/Urbanbikerbiciselectricas","https:\/\/www.instagram.com\/urbanbiker_\/","https:\/\/www.linkedin.com\/company\/2454235","https:\/\/www.youtube.com\/channel\/UCWR__uH_RWJF-OhPfz-9-Qw"]},{"@type":"Person","@id":"https:\/\/www.urbanbiker.com\/de\/#\/schema\/person\/1cb58f0792ef226d6d409b73059515e0","name":"UrbanBiker","image":{"@type":"ImageObject","inLanguage":"de","@id":"https:\/\/secure.gravatar.com\/avatar\/22838f387878aabd10c8c90196e14f05497ff2fdd7c1267a5f035aa48d9ed396?s=96&d=mm&r=g","url":"https:\/\/secure.gravatar.com\/avatar\/22838f387878aabd10c8c90196e14f05497ff2fdd7c1267a5f035aa48d9ed396?s=96&d=mm&r=g","contentUrl":"https:\/\/secure.gravatar.com\/avatar\/22838f387878aabd10c8c90196e14f05497ff2fdd7c1267a5f035aa48d9ed396?s=96&d=mm&r=g","caption":"UrbanBiker"},"sameAs":["http:\/\/www.urbanbiker.com\/","https:\/\/www.facebook.com\/Urbanbikerbiciselectricas\/","https:\/\/www.linkedin.com\/company\/urbanbiker\/","https:\/\/www.youtube.com\/@UrbanbikerEbikes"]}]}},"_links":{"self":[{"href":"https:\/\/www.urbanbiker.com\/de\/wp-json\/wp\/v2\/posts\/39172","targetHints":{"allow":["GET"]}}],"collection":[{"href":"https:\/\/www.urbanbiker.com\/de\/wp-json\/wp\/v2\/posts"}],"about":[{"href":"https:\/\/www.urbanbiker.com\/de\/wp-json\/wp\/v2\/types\/post"}],"author":[{"embeddable":true,"href":"https:\/\/www.urbanbiker.com\/de\/wp-json\/wp\/v2\/users\/1"}],"replies":[{"embeddable":true,"href":"https:\/\/www.urbanbiker.com\/de\/wp-json\/wp\/v2\/comments?post=39172"}],"version-history":[{"count":7,"href":"https:\/\/www.urbanbiker.com\/de\/wp-json\/wp\/v2\/posts\/39172\/revisions"}],"predecessor-version":[{"id":39827,"href":"https:\/\/www.urbanbiker.com\/de\/wp-json\/wp\/v2\/posts\/39172\/revisions\/39827"}],"wp:featuredmedia":[{"embeddable":true,"href":"https:\/\/www.urbanbiker.com\/de\/wp-json\/wp\/v2\/media\/37977"}],"wp:attachment":[{"href":"https:\/\/www.urbanbiker.com\/de\/wp-json\/wp\/v2\/media?parent=39172"}],"wp:term":[{"taxonomy":"category","embeddable":true,"href":"https:\/\/www.urbanbiker.com\/de\/wp-json\/wp\/v2\/categories?post=39172"},{"taxonomy":"post_tag","embeddable":true,"href":"https:\/\/www.urbanbiker.com\/de\/wp-json\/wp\/v2\/tags?post=39172"}],"curies":[{"name":"wp","href":"https:\/\/api.w.org\/{rel}","templated":true}]}}