{"id":39061,"date":"2025-03-11T16:49:47","date_gmt":"2025-03-11T15:49:47","guid":{"rendered":"https:\/\/www.urbanbiker.com\/?p=39061"},"modified":"2025-03-16T15:23:32","modified_gmt":"2025-03-16T14:23:32","slug":"urbanbiker-30-tage-auf-dem-fahrrad","status":"publish","type":"post","link":"https:\/\/www.urbanbiker.com\/de\/urbanbiker-30-tage-auf-dem-fahrrad\/","title":{"rendered":"UrbanBiker &#038; 30 Tage auf dem Fahrrad"},"content":{"rendered":"<p data-start=\"3306\" data-end=\"3410\"><strong>Auswirkungen \u00fcber finanzielle Aspekte hinaus: Bewusstsein schaffen und Stigmata abbauen.<\/strong><\/p>\n<p data-start=\"3412\" data-end=\"3640\">Vor ein paar Tagen hat uns @carlos besucht, um uns kennenzulernen und \u00fcber Fahrr\u00e4der zu sprechen \u2013 ein Thema, das wir lieben! Wir haben die Fabrik besichtigt und die Gelegenheit genutzt, um Erfahrungen und Ideen auszutauschen.<\/p>\n<p data-start=\"3642\" data-end=\"3738\">Die aktive Teilnahme an seiner Kampagne durch einen Wettbewerb f\u00f6rdern bla bla bla bla bla bla<\/p>\n<p data-start=\"3740\" data-end=\"3894\">Wir freuen uns sehr, diese Zusammenarbeit mit 30 DEB 2025 mit viel Begeisterung zu beginnen und zu ihrer Kampagne f\u00fcr nachhaltige Mobilit\u00e4t beizutragen.<\/p>\n<p data-start=\"3896\" data-end=\"4144\">Denn wir setzen uns voll und ganz f\u00fcr die F\u00f6rderung nachhaltiger Mobilit\u00e4t ein \u2013 weit \u00fcber den Verkauf von E-Bikes hinaus. Wir \u00fcbernehmen unsere Verantwortung als Unternehmen in der bla bla bla bla bla Ver\u00e4nderung, Antrieb, Motor, was auch immer.<\/p>\n<p data-start=\"4146\" data-end=\"4220\"><strong data-start=\"4146\" data-end=\"4218\">Die Bedeutung der Zusammenarbeit zwischen Unternehmen und Stiftungen<\/strong><\/p>\n<p data-start=\"4222\" data-end=\"4386\">Wir freuen uns, bekannt zu geben, dass wir Partner von 30 Tage mit dem Fahrrad geworden sind, um ihre Initiative zur F\u00f6rderung der Fahrradnutzung zu unterst\u00fctzen.<\/p>\n<p data-start=\"4388\" data-end=\"4424\">Wir wollen Motor des Wandels sein!<\/p>\n","protected":false},"excerpt":{"rendered":"<p>Auswirkungen \u00fcber finanzielle Aspekte hinaus: Bewusstsein schaffen und Stigmata abbauen. Vor ein paar Tagen hat uns @carlos besucht, um uns kennenzulernen und \u00fcber Fahrr\u00e4der zu sprechen \u2013 ein Thema, das wir lieben! Wir haben die Fabrik besichtigt und die Gelegenheit genutzt, um Erfahrungen und Ideen auszutauschen. Die aktive Teilnahme an seiner Kampagne durch einen Wettbewerb [&hellip;]<\/p>\n","protected":false},"author":1,"featured_media":37965,"comment_status":"open","ping_status":"open","sticky":false,"template":"","format":"standard","meta":{"footnotes":""},"categories":[626],"tags":[],"class_list":["post-39061","post","type-post","status-publish","format-standard","has-post-thumbnail","hentry","category-nachhaltige-mobilitaet"],"yoast_head":"<!-- This site is optimized with the Yoast SEO plugin v27.5 - https:\/\/yoast.com\/product\/yoast-seo-wordpress\/ -->\n<title>UrbanBiker &amp; 30 Tage auf dem Fahrrad<\/title>\n<meta name=\"description\" content=\"UrbanBiker &amp; 30 Tage mit dem Fahrrad. Auswirkungen \u00fcber das Finanzielle hinaus: Bewusstseinsbildung und Abbau der Stigmatisierung.\" \/>\n<meta name=\"robots\" content=\"index, follow, max-snippet:-1, max-image-preview:large, max-video-preview:-1\" \/>\n<link rel=\"canonical\" href=\"https:\/\/www.urbanbiker.com\/de\/urbanbiker-30-tage-auf-dem-fahrrad\/\" \/>\n<meta property=\"og:locale\" content=\"de_DE\" \/>\n<meta property=\"og:type\" content=\"article\" \/>\n<meta property=\"og:title\" content=\"UrbanBiker &amp; 30 Tage auf dem Fahrrad\" \/>\n<meta property=\"og:description\" content=\"UrbanBiker &amp; 30 Tage mit dem Fahrrad. Auswirkungen \u00fcber das Finanzielle hinaus: Bewusstseinsbildung und Abbau der Stigmatisierung.\" \/>\n<meta property=\"og:url\" content=\"https:\/\/www.urbanbiker.com\/de\/urbanbiker-30-tage-auf-dem-fahrrad\/\" \/>\n<meta property=\"og:site_name\" content=\"UrbanBiker\" \/>\n<meta property=\"article:publisher\" content=\"https:\/\/www.facebook.com\/Urbanbikerbiciselectricas\" \/>\n<meta property=\"article:author\" content=\"https:\/\/www.facebook.com\/Urbanbikerbiciselectricas\/\" \/>\n<meta property=\"article:published_time\" content=\"2025-03-11T15:49:47+00:00\" \/>\n<meta property=\"article:modified_time\" content=\"2025-03-16T14:23:32+00:00\" \/>\n<meta property=\"og:image\" content=\"https:\/\/www.urbanbiker.com\/wp-content\/uploads\/2025\/03\/Urbanbiker-30-Dias-en-Bici.png\" \/>\n\t<meta property=\"og:image:width\" content=\"625\" \/>\n\t<meta property=\"og:image:height\" content=\"467\" \/>\n\t<meta property=\"og:image:type\" content=\"image\/png\" \/>\n<meta name=\"author\" content=\"UrbanBiker\" \/>\n<meta name=\"twitter:card\" content=\"summary_large_image\" \/>\n<meta name=\"twitter:label1\" content=\"Verfasst von\" \/>\n\t<meta name=\"twitter:data1\" content=\"UrbanBiker\" \/>\n\t<meta name=\"twitter:label2\" content=\"Gesch\u00e4tzte Lesezeit\" \/>\n\t<meta name=\"twitter:data2\" content=\"1\u00a0Minute\" \/>\n<script type=\"application\/ld+json\" class=\"yoast-schema-graph\">{\"@context\":\"https:\\\/\\\/schema.org\",\"@graph\":[{\"@type\":\"Article\",\"@id\":\"https:\\\/\\\/www.urbanbiker.com\\\/de\\\/urbanbiker-30-tage-auf-dem-fahrrad\\\/#article\",\"isPartOf\":{\"@id\":\"https:\\\/\\\/www.urbanbiker.com\\\/de\\\/urbanbiker-30-tage-auf-dem-fahrrad\\\/\"},\"author\":{\"name\":\"UrbanBiker\",\"@id\":\"https:\\\/\\\/www.urbanbiker.com\\\/de\\\/#\\\/schema\\\/person\\\/1cb58f0792ef226d6d409b73059515e0\"},\"headline\":\"UrbanBiker &#038; 30 Tage auf dem Fahrrad\",\"datePublished\":\"2025-03-11T15:49:47+00:00\",\"dateModified\":\"2025-03-16T14:23:32+00:00\",\"mainEntityOfPage\":{\"@id\":\"https:\\\/\\\/www.urbanbiker.com\\\/de\\\/urbanbiker-30-tage-auf-dem-fahrrad\\\/\"},\"wordCount\":175,\"commentCount\":0,\"publisher\":{\"@id\":\"https:\\\/\\\/www.urbanbiker.com\\\/de\\\/#organization\"},\"image\":{\"@id\":\"https:\\\/\\\/www.urbanbiker.com\\\/de\\\/urbanbiker-30-tage-auf-dem-fahrrad\\\/#primaryimage\"},\"thumbnailUrl\":\"https:\\\/\\\/www.urbanbiker.com\\\/wp-content\\\/uploads\\\/2025\\\/03\\\/Urbanbiker-30-Dias-en-Bici.png\",\"articleSection\":[\"Nachhaltige Mobilit\u00e4t\"],\"inLanguage\":\"de\",\"potentialAction\":[{\"@type\":\"CommentAction\",\"name\":\"Comment\",\"target\":[\"https:\\\/\\\/www.urbanbiker.com\\\/de\\\/urbanbiker-30-tage-auf-dem-fahrrad\\\/#respond\"]}]},{\"@type\":\"WebPage\",\"@id\":\"https:\\\/\\\/www.urbanbiker.com\\\/de\\\/urbanbiker-30-tage-auf-dem-fahrrad\\\/\",\"url\":\"https:\\\/\\\/www.urbanbiker.com\\\/de\\\/urbanbiker-30-tage-auf-dem-fahrrad\\\/\",\"name\":\"UrbanBiker & 30 Tage auf dem Fahrrad\",\"isPartOf\":{\"@id\":\"https:\\\/\\\/www.urbanbiker.com\\\/de\\\/#website\"},\"primaryImageOfPage\":{\"@id\":\"https:\\\/\\\/www.urbanbiker.com\\\/de\\\/urbanbiker-30-tage-auf-dem-fahrrad\\\/#primaryimage\"},\"image\":{\"@id\":\"https:\\\/\\\/www.urbanbiker.com\\\/de\\\/urbanbiker-30-tage-auf-dem-fahrrad\\\/#primaryimage\"},\"thumbnailUrl\":\"https:\\\/\\\/www.urbanbiker.com\\\/wp-content\\\/uploads\\\/2025\\\/03\\\/Urbanbiker-30-Dias-en-Bici.png\",\"datePublished\":\"2025-03-11T15:49:47+00:00\",\"dateModified\":\"2025-03-16T14:23:32+00:00\",\"description\":\"UrbanBiker & 30 Tage mit dem Fahrrad. Auswirkungen \u00fcber das Finanzielle hinaus: Bewusstseinsbildung und Abbau der Stigmatisierung.\",\"breadcrumb\":{\"@id\":\"https:\\\/\\\/www.urbanbiker.com\\\/de\\\/urbanbiker-30-tage-auf-dem-fahrrad\\\/#breadcrumb\"},\"inLanguage\":\"de\",\"potentialAction\":[{\"@type\":\"ReadAction\",\"target\":[\"https:\\\/\\\/www.urbanbiker.com\\\/de\\\/urbanbiker-30-tage-auf-dem-fahrrad\\\/\"]}]},{\"@type\":\"ImageObject\",\"inLanguage\":\"de\",\"@id\":\"https:\\\/\\\/www.urbanbiker.com\\\/de\\\/urbanbiker-30-tage-auf-dem-fahrrad\\\/#primaryimage\",\"url\":\"https:\\\/\\\/www.urbanbiker.com\\\/wp-content\\\/uploads\\\/2025\\\/03\\\/Urbanbiker-30-Dias-en-Bici.png\",\"contentUrl\":\"https:\\\/\\\/www.urbanbiker.com\\\/wp-content\\\/uploads\\\/2025\\\/03\\\/Urbanbiker-30-Dias-en-Bici.png\",\"width\":625,\"height\":467,\"caption\":\"Urbanbiker & 30 D\u00edas en Bici\"},{\"@type\":\"BreadcrumbList\",\"@id\":\"https:\\\/\\\/www.urbanbiker.com\\\/de\\\/urbanbiker-30-tage-auf-dem-fahrrad\\\/#breadcrumb\",\"itemListElement\":[{\"@type\":\"ListItem\",\"position\":1,\"name\":\"Portada\",\"item\":\"https:\\\/\\\/www.urbanbiker.com\\\/de\\\/\"},{\"@type\":\"ListItem\",\"position\":2,\"name\":\"UrbanBiker &#038; 30 Tage auf dem Fahrrad\"}]},{\"@type\":\"WebSite\",\"@id\":\"https:\\\/\\\/www.urbanbiker.com\\\/de\\\/#website\",\"url\":\"https:\\\/\\\/www.urbanbiker.com\\\/de\\\/\",\"name\":\"UrbanBiker\",\"description\":\"Elektrische Fahrr\u00e4der\",\"publisher\":{\"@id\":\"https:\\\/\\\/www.urbanbiker.com\\\/de\\\/#organization\"},\"potentialAction\":[{\"@type\":\"SearchAction\",\"target\":{\"@type\":\"EntryPoint\",\"urlTemplate\":\"https:\\\/\\\/www.urbanbiker.com\\\/de\\\/?s={search_term_string}\"},\"query-input\":{\"@type\":\"PropertyValueSpecification\",\"valueRequired\":true,\"valueName\":\"search_term_string\"}}],\"inLanguage\":\"de\"},{\"@type\":\"Organization\",\"@id\":\"https:\\\/\\\/www.urbanbiker.com\\\/de\\\/#organization\",\"name\":\"UrbanBiker\",\"url\":\"https:\\\/\\\/www.urbanbiker.com\\\/de\\\/\",\"logo\":{\"@type\":\"ImageObject\",\"inLanguage\":\"de\",\"@id\":\"https:\\\/\\\/www.urbanbiker.com\\\/de\\\/#\\\/schema\\\/logo\\\/image\\\/\",\"url\":\"https:\\\/\\\/www.urbanbiker.com\\\/wp-content\\\/uploads\\\/2022\\\/09\\\/Logo-principal-sin-fondo.png\",\"contentUrl\":\"https:\\\/\\\/www.urbanbiker.com\\\/wp-content\\\/uploads\\\/2022\\\/09\\\/Logo-principal-sin-fondo.png\",\"width\":2560,\"height\":934,\"caption\":\"UrbanBiker\"},\"image\":{\"@id\":\"https:\\\/\\\/www.urbanbiker.com\\\/de\\\/#\\\/schema\\\/logo\\\/image\\\/\"},\"sameAs\":[\"https:\\\/\\\/www.facebook.com\\\/Urbanbikerbiciselectricas\",\"https:\\\/\\\/www.instagram.com\\\/urbanbiker_\\\/\",\"https:\\\/\\\/www.linkedin.com\\\/company\\\/2454235\",\"https:\\\/\\\/www.youtube.com\\\/channel\\\/UCWR__uH_RWJF-OhPfz-9-Qw\"]},{\"@type\":\"Person\",\"@id\":\"https:\\\/\\\/www.urbanbiker.com\\\/de\\\/#\\\/schema\\\/person\\\/1cb58f0792ef226d6d409b73059515e0\",\"name\":\"UrbanBiker\",\"image\":{\"@type\":\"ImageObject\",\"inLanguage\":\"de\",\"@id\":\"https:\\\/\\\/secure.gravatar.com\\\/avatar\\\/22838f387878aabd10c8c90196e14f05497ff2fdd7c1267a5f035aa48d9ed396?s=96&d=mm&r=g\",\"url\":\"https:\\\/\\\/secure.gravatar.com\\\/avatar\\\/22838f387878aabd10c8c90196e14f05497ff2fdd7c1267a5f035aa48d9ed396?s=96&d=mm&r=g\",\"contentUrl\":\"https:\\\/\\\/secure.gravatar.com\\\/avatar\\\/22838f387878aabd10c8c90196e14f05497ff2fdd7c1267a5f035aa48d9ed396?s=96&d=mm&r=g\",\"caption\":\"UrbanBiker\"},\"sameAs\":[\"http:\\\/\\\/www.urbanbiker.com\\\/\",\"https:\\\/\\\/www.facebook.com\\\/Urbanbikerbiciselectricas\\\/\",\"https:\\\/\\\/www.linkedin.com\\\/company\\\/urbanbiker\\\/\",\"https:\\\/\\\/www.youtube.com\\\/@UrbanbikerEbikes\"]}]}<\/script>\n<!-- \/ Yoast SEO plugin. -->","yoast_head_json":{"title":"UrbanBiker & 30 Tage auf dem Fahrrad","description":"UrbanBiker & 30 Tage mit dem Fahrrad. Auswirkungen \u00fcber das Finanzielle hinaus: Bewusstseinsbildung und Abbau der Stigmatisierung.","robots":{"index":"index","follow":"follow","max-snippet":"max-snippet:-1","max-image-preview":"max-image-preview:large","max-video-preview":"max-video-preview:-1"},"canonical":"https:\/\/www.urbanbiker.com\/de\/urbanbiker-30-tage-auf-dem-fahrrad\/","og_locale":"de_DE","og_type":"article","og_title":"UrbanBiker & 30 Tage auf dem Fahrrad","og_description":"UrbanBiker & 30 Tage mit dem Fahrrad. Auswirkungen \u00fcber das Finanzielle hinaus: Bewusstseinsbildung und Abbau der Stigmatisierung.","og_url":"https:\/\/www.urbanbiker.com\/de\/urbanbiker-30-tage-auf-dem-fahrrad\/","og_site_name":"UrbanBiker","article_publisher":"https:\/\/www.facebook.com\/Urbanbikerbiciselectricas","article_author":"https:\/\/www.facebook.com\/Urbanbikerbiciselectricas\/","article_published_time":"2025-03-11T15:49:47+00:00","article_modified_time":"2025-03-16T14:23:32+00:00","og_image":[{"width":625,"height":467,"url":"https:\/\/www.urbanbiker.com\/wp-content\/uploads\/2025\/03\/Urbanbiker-30-Dias-en-Bici.png","type":"image\/png"}],"author":"UrbanBiker","twitter_card":"summary_large_image","twitter_misc":{"Verfasst von":"UrbanBiker","Gesch\u00e4tzte Lesezeit":"1\u00a0Minute"},"schema":{"@context":"https:\/\/schema.org","@graph":[{"@type":"Article","@id":"https:\/\/www.urbanbiker.com\/de\/urbanbiker-30-tage-auf-dem-fahrrad\/#article","isPartOf":{"@id":"https:\/\/www.urbanbiker.com\/de\/urbanbiker-30-tage-auf-dem-fahrrad\/"},"author":{"name":"UrbanBiker","@id":"https:\/\/www.urbanbiker.com\/de\/#\/schema\/person\/1cb58f0792ef226d6d409b73059515e0"},"headline":"UrbanBiker &#038; 30 Tage auf dem Fahrrad","datePublished":"2025-03-11T15:49:47+00:00","dateModified":"2025-03-16T14:23:32+00:00","mainEntityOfPage":{"@id":"https:\/\/www.urbanbiker.com\/de\/urbanbiker-30-tage-auf-dem-fahrrad\/"},"wordCount":175,"commentCount":0,"publisher":{"@id":"https:\/\/www.urbanbiker.com\/de\/#organization"},"image":{"@id":"https:\/\/www.urbanbiker.com\/de\/urbanbiker-30-tage-auf-dem-fahrrad\/#primaryimage"},"thumbnailUrl":"https:\/\/www.urbanbiker.com\/wp-content\/uploads\/2025\/03\/Urbanbiker-30-Dias-en-Bici.png","articleSection":["Nachhaltige Mobilit\u00e4t"],"inLanguage":"de","potentialAction":[{"@type":"CommentAction","name":"Comment","target":["https:\/\/www.urbanbiker.com\/de\/urbanbiker-30-tage-auf-dem-fahrrad\/#respond"]}]},{"@type":"WebPage","@id":"https:\/\/www.urbanbiker.com\/de\/urbanbiker-30-tage-auf-dem-fahrrad\/","url":"https:\/\/www.urbanbiker.com\/de\/urbanbiker-30-tage-auf-dem-fahrrad\/","name":"UrbanBiker & 30 Tage auf dem Fahrrad","isPartOf":{"@id":"https:\/\/www.urbanbiker.com\/de\/#website"},"primaryImageOfPage":{"@id":"https:\/\/www.urbanbiker.com\/de\/urbanbiker-30-tage-auf-dem-fahrrad\/#primaryimage"},"image":{"@id":"https:\/\/www.urbanbiker.com\/de\/urbanbiker-30-tage-auf-dem-fahrrad\/#primaryimage"},"thumbnailUrl":"https:\/\/www.urbanbiker.com\/wp-content\/uploads\/2025\/03\/Urbanbiker-30-Dias-en-Bici.png","datePublished":"2025-03-11T15:49:47+00:00","dateModified":"2025-03-16T14:23:32+00:00","description":"UrbanBiker & 30 Tage mit dem Fahrrad. Auswirkungen \u00fcber das Finanzielle hinaus: Bewusstseinsbildung und Abbau der Stigmatisierung.","breadcrumb":{"@id":"https:\/\/www.urbanbiker.com\/de\/urbanbiker-30-tage-auf-dem-fahrrad\/#breadcrumb"},"inLanguage":"de","potentialAction":[{"@type":"ReadAction","target":["https:\/\/www.urbanbiker.com\/de\/urbanbiker-30-tage-auf-dem-fahrrad\/"]}]},{"@type":"ImageObject","inLanguage":"de","@id":"https:\/\/www.urbanbiker.com\/de\/urbanbiker-30-tage-auf-dem-fahrrad\/#primaryimage","url":"https:\/\/www.urbanbiker.com\/wp-content\/uploads\/2025\/03\/Urbanbiker-30-Dias-en-Bici.png","contentUrl":"https:\/\/www.urbanbiker.com\/wp-content\/uploads\/2025\/03\/Urbanbiker-30-Dias-en-Bici.png","width":625,"height":467,"caption":"Urbanbiker & 30 D\u00edas en Bici"},{"@type":"BreadcrumbList","@id":"https:\/\/www.urbanbiker.com\/de\/urbanbiker-30-tage-auf-dem-fahrrad\/#breadcrumb","itemListElement":[{"@type":"ListItem","position":1,"name":"Portada","item":"https:\/\/www.urbanbiker.com\/de\/"},{"@type":"ListItem","position":2,"name":"UrbanBiker &#038; 30 Tage auf dem Fahrrad"}]},{"@type":"WebSite","@id":"https:\/\/www.urbanbiker.com\/de\/#website","url":"https:\/\/www.urbanbiker.com\/de\/","name":"UrbanBiker","description":"Elektrische Fahrr\u00e4der","publisher":{"@id":"https:\/\/www.urbanbiker.com\/de\/#organization"},"potentialAction":[{"@type":"SearchAction","target":{"@type":"EntryPoint","urlTemplate":"https:\/\/www.urbanbiker.com\/de\/?s={search_term_string}"},"query-input":{"@type":"PropertyValueSpecification","valueRequired":true,"valueName":"search_term_string"}}],"inLanguage":"de"},{"@type":"Organization","@id":"https:\/\/www.urbanbiker.com\/de\/#organization","name":"UrbanBiker","url":"https:\/\/www.urbanbiker.com\/de\/","logo":{"@type":"ImageObject","inLanguage":"de","@id":"https:\/\/www.urbanbiker.com\/de\/#\/schema\/logo\/image\/","url":"https:\/\/www.urbanbiker.com\/wp-content\/uploads\/2022\/09\/Logo-principal-sin-fondo.png","contentUrl":"https:\/\/www.urbanbiker.com\/wp-content\/uploads\/2022\/09\/Logo-principal-sin-fondo.png","width":2560,"height":934,"caption":"UrbanBiker"},"image":{"@id":"https:\/\/www.urbanbiker.com\/de\/#\/schema\/logo\/image\/"},"sameAs":["https:\/\/www.facebook.com\/Urbanbikerbiciselectricas","https:\/\/www.instagram.com\/urbanbiker_\/","https:\/\/www.linkedin.com\/company\/2454235","https:\/\/www.youtube.com\/channel\/UCWR__uH_RWJF-OhPfz-9-Qw"]},{"@type":"Person","@id":"https:\/\/www.urbanbiker.com\/de\/#\/schema\/person\/1cb58f0792ef226d6d409b73059515e0","name":"UrbanBiker","image":{"@type":"ImageObject","inLanguage":"de","@id":"https:\/\/secure.gravatar.com\/avatar\/22838f387878aabd10c8c90196e14f05497ff2fdd7c1267a5f035aa48d9ed396?s=96&d=mm&r=g","url":"https:\/\/secure.gravatar.com\/avatar\/22838f387878aabd10c8c90196e14f05497ff2fdd7c1267a5f035aa48d9ed396?s=96&d=mm&r=g","contentUrl":"https:\/\/secure.gravatar.com\/avatar\/22838f387878aabd10c8c90196e14f05497ff2fdd7c1267a5f035aa48d9ed396?s=96&d=mm&r=g","caption":"UrbanBiker"},"sameAs":["http:\/\/www.urbanbiker.com\/","https:\/\/www.facebook.com\/Urbanbikerbiciselectricas\/","https:\/\/www.linkedin.com\/company\/urbanbiker\/","https:\/\/www.youtube.com\/@UrbanbikerEbikes"]}]}},"_links":{"self":[{"href":"https:\/\/www.urbanbiker.com\/de\/wp-json\/wp\/v2\/posts\/39061","targetHints":{"allow":["GET"]}}],"collection":[{"href":"https:\/\/www.urbanbiker.com\/de\/wp-json\/wp\/v2\/posts"}],"about":[{"href":"https:\/\/www.urbanbiker.com\/de\/wp-json\/wp\/v2\/types\/post"}],"author":[{"embeddable":true,"href":"https:\/\/www.urbanbiker.com\/de\/wp-json\/wp\/v2\/users\/1"}],"replies":[{"embeddable":true,"href":"https:\/\/www.urbanbiker.com\/de\/wp-json\/wp\/v2\/comments?post=39061"}],"version-history":[{"count":1,"href":"https:\/\/www.urbanbiker.com\/de\/wp-json\/wp\/v2\/posts\/39061\/revisions"}],"predecessor-version":[{"id":39062,"href":"https:\/\/www.urbanbiker.com\/de\/wp-json\/wp\/v2\/posts\/39061\/revisions\/39062"}],"wp:featuredmedia":[{"embeddable":true,"href":"https:\/\/www.urbanbiker.com\/de\/wp-json\/wp\/v2\/media\/37965"}],"wp:attachment":[{"href":"https:\/\/www.urbanbiker.com\/de\/wp-json\/wp\/v2\/media?parent=39061"}],"wp:term":[{"taxonomy":"category","embeddable":true,"href":"https:\/\/www.urbanbiker.com\/de\/wp-json\/wp\/v2\/categories?post=39061"},{"taxonomy":"post_tag","embeddable":true,"href":"https:\/\/www.urbanbiker.com\/de\/wp-json\/wp\/v2\/tags?post=39061"}],"curies":[{"name":"wp","href":"https:\/\/api.w.org\/{rel}","templated":true}]}}