{"id":38426,"date":"2024-12-11T16:02:28","date_gmt":"2024-12-11T15:02:28","guid":{"rendered":"https:\/\/www.urbanbiker.com\/berna-ein-elektrisches-fahrrad-fuer-kinder\/"},"modified":"2025-03-19T20:43:58","modified_gmt":"2025-03-19T19:43:58","slug":"berna-ein-elektrisches-fahrrad-fuer-kinder","status":"publish","type":"post","link":"https:\/\/www.urbanbiker.com\/de\/berna-ein-elektrisches-fahrrad-fuer-kinder\/","title":{"rendered":"Berna. Ein elektrisches Fahrrad f\u00fcr Kinder"},"content":{"rendered":"<p>Aber warum ein E-Bike f\u00fcr Kinder? Nun, warum nicht? Wenn Sie mit einem Elektrofahrrad unterwegs sind und m\u00f6chten, dass die Kinder in der Familie und im Freundeskreis mit der Gruppe mithalten k\u00f6nnen, dann m\u00fcssen Sie ihnen ein E-Bike geben, damit sie mithalten k\u00f6nnen.  <\/p>\n<p>Das neue Berna Urbanbiker hat einen 250W-Motor, der so stark ist wie viele andere E-Bikes f\u00fcr Erwachsene, aber mit allen Elementen, die f\u00fcr kleinere Fahrer konzipiert und gedacht sind. Deshalb hat es auch 24&#8243; R\u00e4der. <\/p>\n<blockquote><p>Denn die Elektromobilit\u00e4t ist nicht nur dazu da, die Fahrten der Erwachsenen zu verbessern, sondern auch die der j\u00fcngsten Radfahrer.<\/p><\/blockquote>\n<p>Wir stellen das neue Berna vor: f\u00fcr Teenager, die bereits Fahrrad fahren und mit dem Rest der Gruppe mithalten wollen, mit einem 250-W-Motor und einem 10-Ah-Akku, um dorthin zu gelangen, wo alle anderen auch hinfahren. Wenn Sie unter 1,50 m gro\u00df sind, ist dies das richtige E-Bike f\u00fcr Sie. <\/p>\n<p>Oh, und au\u00dferdem hilft ein Elektrofahrrad f\u00fcr Kinder bei der<\/p>\n<ul>\n<li>f\u00f6rdern Sie die Mobilit\u00e4t und vermeiden Sie die sitzende Lebensweise, die das Leben von Kindern bedroht, die st\u00e4ndig an Bildschirmen h\u00e4ngen.<\/li>\n<li>Das Radfahren f\u00f6rdert die Unabh\u00e4ngigkeit, indem es ihnen erlaubt, sich alleine fortzubewegen, auch wenn es in einer Gruppe ist.<\/li>\n<li>Sie lernen, Entscheidungen zu treffen und sich um ein Fahrzeug zu k\u00fcmmern, indem Sie Verantwortung f\u00fcr dessen Nutzung und Wartung \u00fcbernehmen.<\/li>\n<li>sich der Bedeutung von k\u00f6rperlicher Bewegung und nachhaltiger Mobilit\u00e4t bewusst werden, um Teil einer gerechteren und gr\u00fcneren Gesellschaft zu sein.<\/li>\n<\/ul>\n<p>Profitieren Sie von den Vorteilen dieses Elektrofahrrads und gewinnen Sie Kilometer f\u00fcr Kilometer Vertrauen.<\/p>\n","protected":false},"excerpt":{"rendered":"<p>Aber warum ein E-Bike f\u00fcr Kinder? Nun, warum nicht? Wenn Sie mit einem Elektrofahrrad unterwegs sind und m\u00f6chten, dass die Kinder in der Familie und im Freundeskreis mit der Gruppe mithalten k\u00f6nnen, dann m\u00fcssen Sie ihnen ein E-Bike geben, damit sie mithalten k\u00f6nnen. Das neue Berna Urbanbiker hat einen 250W-Motor, der so stark ist wie [&hellip;]<\/p>\n","protected":false},"author":1,"featured_media":34456,"comment_status":"open","ping_status":"open","sticky":false,"template":"","format":"standard","meta":{"footnotes":""},"categories":[429,304],"tags":[],"class_list":["post-38426","post","type-post","status-publish","format-standard","has-post-thumbnail","hentry","category-modelle","category-nachrichten"],"yoast_head":"<!-- This site is optimized with the Yoast SEO plugin v27.5 - https:\/\/yoast.com\/product\/yoast-seo-wordpress\/ -->\n<title>Berna. Ein elektrisches Fahrrad f\u00fcr Kinder<\/title>\n<meta name=\"description\" content=\"Berna. Ein Elektrofahrrad f\u00fcr Kinder. Denn Elektromobilit\u00e4t ist auch f\u00fcr die kleinsten Radfahrer da.\" \/>\n<meta name=\"robots\" content=\"noindex, follow\" \/>\n<meta property=\"og:locale\" content=\"de_DE\" \/>\n<meta property=\"og:type\" content=\"article\" \/>\n<meta property=\"og:title\" content=\"Berna. Ein elektrisches Fahrrad f\u00fcr Kinder\" \/>\n<meta property=\"og:description\" content=\"Berna. Ein Elektrofahrrad f\u00fcr Kinder. Denn Elektromobilit\u00e4t ist auch f\u00fcr die kleinsten Radfahrer da.\" \/>\n<meta property=\"og:url\" content=\"https:\/\/www.urbanbiker.com\/de\/berna-ein-elektrisches-fahrrad-fuer-kinder\/\" \/>\n<meta property=\"og:site_name\" content=\"UrbanBiker\" \/>\n<meta property=\"article:publisher\" content=\"https:\/\/www.facebook.com\/Urbanbikerbiciselectricas\" \/>\n<meta property=\"article:author\" content=\"https:\/\/www.facebook.com\/Urbanbikerbiciselectricas\/\" \/>\n<meta property=\"article:published_time\" content=\"2024-12-11T15:02:28+00:00\" \/>\n<meta property=\"article:modified_time\" content=\"2025-03-19T19:43:58+00:00\" \/>\n<meta property=\"og:image\" content=\"https:\/\/www.urbanbiker.com\/wp-content\/uploads\/2024\/11\/NUEVO-Banner-Berna-para-la-HOME-h6_bg1_Berna-NUEVO.jpg\" \/>\n\t<meta property=\"og:image:width\" content=\"1920\" \/>\n\t<meta property=\"og:image:height\" content=\"860\" \/>\n\t<meta property=\"og:image:type\" content=\"image\/jpeg\" \/>\n<meta name=\"author\" content=\"UrbanBiker\" \/>\n<meta name=\"twitter:card\" content=\"summary_large_image\" \/>\n<meta name=\"twitter:label1\" content=\"Verfasst von\" \/>\n\t<meta name=\"twitter:data1\" content=\"UrbanBiker\" \/>\n\t<meta name=\"twitter:label2\" content=\"Gesch\u00e4tzte Lesezeit\" \/>\n\t<meta name=\"twitter:data2\" content=\"1\u00a0Minute\" \/>\n<script type=\"application\/ld+json\" class=\"yoast-schema-graph\">{\"@context\":\"https:\\\/\\\/schema.org\",\"@graph\":[{\"@type\":\"Article\",\"@id\":\"https:\\\/\\\/www.urbanbiker.com\\\/de\\\/berna-ein-elektrisches-fahrrad-fuer-kinder\\\/#article\",\"isPartOf\":{\"@id\":\"https:\\\/\\\/www.urbanbiker.com\\\/de\\\/berna-ein-elektrisches-fahrrad-fuer-kinder\\\/\"},\"author\":{\"name\":\"UrbanBiker\",\"@id\":\"https:\\\/\\\/www.urbanbiker.com\\\/de\\\/#\\\/schema\\\/person\\\/1cb58f0792ef226d6d409b73059515e0\"},\"headline\":\"Berna. Ein elektrisches Fahrrad f\u00fcr Kinder\",\"datePublished\":\"2024-12-11T15:02:28+00:00\",\"dateModified\":\"2025-03-19T19:43:58+00:00\",\"mainEntityOfPage\":{\"@id\":\"https:\\\/\\\/www.urbanbiker.com\\\/de\\\/berna-ein-elektrisches-fahrrad-fuer-kinder\\\/\"},\"wordCount\":283,\"commentCount\":0,\"publisher\":{\"@id\":\"https:\\\/\\\/www.urbanbiker.com\\\/de\\\/#organization\"},\"image\":{\"@id\":\"https:\\\/\\\/www.urbanbiker.com\\\/de\\\/berna-ein-elektrisches-fahrrad-fuer-kinder\\\/#primaryimage\"},\"thumbnailUrl\":\"https:\\\/\\\/www.urbanbiker.com\\\/wp-content\\\/uploads\\\/2024\\\/11\\\/NUEVO-Banner-Berna-para-la-HOME-h6_bg1_Berna-NUEVO.jpg\",\"articleSection\":[\"Modelle\",\"Nachrichten\"],\"inLanguage\":\"de\",\"potentialAction\":[{\"@type\":\"CommentAction\",\"name\":\"Comment\",\"target\":[\"https:\\\/\\\/www.urbanbiker.com\\\/de\\\/berna-ein-elektrisches-fahrrad-fuer-kinder\\\/#respond\"]}]},{\"@type\":\"WebPage\",\"@id\":\"https:\\\/\\\/www.urbanbiker.com\\\/de\\\/berna-ein-elektrisches-fahrrad-fuer-kinder\\\/\",\"url\":\"https:\\\/\\\/www.urbanbiker.com\\\/de\\\/berna-ein-elektrisches-fahrrad-fuer-kinder\\\/\",\"name\":\"Berna. Ein elektrisches Fahrrad f\u00fcr Kinder\",\"isPartOf\":{\"@id\":\"https:\\\/\\\/www.urbanbiker.com\\\/de\\\/#website\"},\"primaryImageOfPage\":{\"@id\":\"https:\\\/\\\/www.urbanbiker.com\\\/de\\\/berna-ein-elektrisches-fahrrad-fuer-kinder\\\/#primaryimage\"},\"image\":{\"@id\":\"https:\\\/\\\/www.urbanbiker.com\\\/de\\\/berna-ein-elektrisches-fahrrad-fuer-kinder\\\/#primaryimage\"},\"thumbnailUrl\":\"https:\\\/\\\/www.urbanbiker.com\\\/wp-content\\\/uploads\\\/2024\\\/11\\\/NUEVO-Banner-Berna-para-la-HOME-h6_bg1_Berna-NUEVO.jpg\",\"datePublished\":\"2024-12-11T15:02:28+00:00\",\"dateModified\":\"2025-03-19T19:43:58+00:00\",\"description\":\"Berna. Ein Elektrofahrrad f\u00fcr Kinder. Denn Elektromobilit\u00e4t ist auch f\u00fcr die kleinsten Radfahrer da.\",\"breadcrumb\":{\"@id\":\"https:\\\/\\\/www.urbanbiker.com\\\/de\\\/berna-ein-elektrisches-fahrrad-fuer-kinder\\\/#breadcrumb\"},\"inLanguage\":\"de\",\"potentialAction\":[{\"@type\":\"ReadAction\",\"target\":[\"https:\\\/\\\/www.urbanbiker.com\\\/de\\\/berna-ein-elektrisches-fahrrad-fuer-kinder\\\/\"]}]},{\"@type\":\"ImageObject\",\"inLanguage\":\"de\",\"@id\":\"https:\\\/\\\/www.urbanbiker.com\\\/de\\\/berna-ein-elektrisches-fahrrad-fuer-kinder\\\/#primaryimage\",\"url\":\"https:\\\/\\\/www.urbanbiker.com\\\/wp-content\\\/uploads\\\/2024\\\/11\\\/NUEVO-Banner-Berna-para-la-HOME-h6_bg1_Berna-NUEVO.jpg\",\"contentUrl\":\"https:\\\/\\\/www.urbanbiker.com\\\/wp-content\\\/uploads\\\/2024\\\/11\\\/NUEVO-Banner-Berna-para-la-HOME-h6_bg1_Berna-NUEVO.jpg\",\"width\":1920,\"height\":860},{\"@type\":\"BreadcrumbList\",\"@id\":\"https:\\\/\\\/www.urbanbiker.com\\\/de\\\/berna-ein-elektrisches-fahrrad-fuer-kinder\\\/#breadcrumb\",\"itemListElement\":[{\"@type\":\"ListItem\",\"position\":1,\"name\":\"Portada\",\"item\":\"https:\\\/\\\/www.urbanbiker.com\\\/de\\\/\"},{\"@type\":\"ListItem\",\"position\":2,\"name\":\"Berna. Ein elektrisches Fahrrad f\u00fcr Kinder\"}]},{\"@type\":\"WebSite\",\"@id\":\"https:\\\/\\\/www.urbanbiker.com\\\/de\\\/#website\",\"url\":\"https:\\\/\\\/www.urbanbiker.com\\\/de\\\/\",\"name\":\"UrbanBiker\",\"description\":\"Elektrische Fahrr\u00e4der\",\"publisher\":{\"@id\":\"https:\\\/\\\/www.urbanbiker.com\\\/de\\\/#organization\"},\"potentialAction\":[{\"@type\":\"SearchAction\",\"target\":{\"@type\":\"EntryPoint\",\"urlTemplate\":\"https:\\\/\\\/www.urbanbiker.com\\\/de\\\/?s={search_term_string}\"},\"query-input\":{\"@type\":\"PropertyValueSpecification\",\"valueRequired\":true,\"valueName\":\"search_term_string\"}}],\"inLanguage\":\"de\"},{\"@type\":\"Organization\",\"@id\":\"https:\\\/\\\/www.urbanbiker.com\\\/de\\\/#organization\",\"name\":\"UrbanBiker\",\"url\":\"https:\\\/\\\/www.urbanbiker.com\\\/de\\\/\",\"logo\":{\"@type\":\"ImageObject\",\"inLanguage\":\"de\",\"@id\":\"https:\\\/\\\/www.urbanbiker.com\\\/de\\\/#\\\/schema\\\/logo\\\/image\\\/\",\"url\":\"https:\\\/\\\/www.urbanbiker.com\\\/wp-content\\\/uploads\\\/2022\\\/09\\\/Logo-principal-sin-fondo.png\",\"contentUrl\":\"https:\\\/\\\/www.urbanbiker.com\\\/wp-content\\\/uploads\\\/2022\\\/09\\\/Logo-principal-sin-fondo.png\",\"width\":2560,\"height\":934,\"caption\":\"UrbanBiker\"},\"image\":{\"@id\":\"https:\\\/\\\/www.urbanbiker.com\\\/de\\\/#\\\/schema\\\/logo\\\/image\\\/\"},\"sameAs\":[\"https:\\\/\\\/www.facebook.com\\\/Urbanbikerbiciselectricas\",\"https:\\\/\\\/www.instagram.com\\\/urbanbiker_\\\/\",\"https:\\\/\\\/www.linkedin.com\\\/company\\\/2454235\",\"https:\\\/\\\/www.youtube.com\\\/channel\\\/UCWR__uH_RWJF-OhPfz-9-Qw\"]},{\"@type\":\"Person\",\"@id\":\"https:\\\/\\\/www.urbanbiker.com\\\/de\\\/#\\\/schema\\\/person\\\/1cb58f0792ef226d6d409b73059515e0\",\"name\":\"UrbanBiker\",\"image\":{\"@type\":\"ImageObject\",\"inLanguage\":\"de\",\"@id\":\"https:\\\/\\\/secure.gravatar.com\\\/avatar\\\/22838f387878aabd10c8c90196e14f05497ff2fdd7c1267a5f035aa48d9ed396?s=96&d=mm&r=g\",\"url\":\"https:\\\/\\\/secure.gravatar.com\\\/avatar\\\/22838f387878aabd10c8c90196e14f05497ff2fdd7c1267a5f035aa48d9ed396?s=96&d=mm&r=g\",\"contentUrl\":\"https:\\\/\\\/secure.gravatar.com\\\/avatar\\\/22838f387878aabd10c8c90196e14f05497ff2fdd7c1267a5f035aa48d9ed396?s=96&d=mm&r=g\",\"caption\":\"UrbanBiker\"},\"sameAs\":[\"http:\\\/\\\/www.urbanbiker.com\\\/\",\"https:\\\/\\\/www.facebook.com\\\/Urbanbikerbiciselectricas\\\/\",\"https:\\\/\\\/www.linkedin.com\\\/company\\\/urbanbiker\\\/\",\"https:\\\/\\\/www.youtube.com\\\/@UrbanbikerEbikes\"]}]}<\/script>\n<!-- \/ Yoast SEO plugin. -->","yoast_head_json":{"title":"Berna. Ein elektrisches Fahrrad f\u00fcr Kinder","description":"Berna. Ein Elektrofahrrad f\u00fcr Kinder. Denn Elektromobilit\u00e4t ist auch f\u00fcr die kleinsten Radfahrer da.","robots":{"index":"noindex","follow":"follow"},"og_locale":"de_DE","og_type":"article","og_title":"Berna. Ein elektrisches Fahrrad f\u00fcr Kinder","og_description":"Berna. Ein Elektrofahrrad f\u00fcr Kinder. Denn Elektromobilit\u00e4t ist auch f\u00fcr die kleinsten Radfahrer da.","og_url":"https:\/\/www.urbanbiker.com\/de\/berna-ein-elektrisches-fahrrad-fuer-kinder\/","og_site_name":"UrbanBiker","article_publisher":"https:\/\/www.facebook.com\/Urbanbikerbiciselectricas","article_author":"https:\/\/www.facebook.com\/Urbanbikerbiciselectricas\/","article_published_time":"2024-12-11T15:02:28+00:00","article_modified_time":"2025-03-19T19:43:58+00:00","og_image":[{"width":1920,"height":860,"url":"https:\/\/www.urbanbiker.com\/wp-content\/uploads\/2024\/11\/NUEVO-Banner-Berna-para-la-HOME-h6_bg1_Berna-NUEVO.jpg","type":"image\/jpeg"}],"author":"UrbanBiker","twitter_card":"summary_large_image","twitter_misc":{"Verfasst von":"UrbanBiker","Gesch\u00e4tzte Lesezeit":"1\u00a0Minute"},"schema":{"@context":"https:\/\/schema.org","@graph":[{"@type":"Article","@id":"https:\/\/www.urbanbiker.com\/de\/berna-ein-elektrisches-fahrrad-fuer-kinder\/#article","isPartOf":{"@id":"https:\/\/www.urbanbiker.com\/de\/berna-ein-elektrisches-fahrrad-fuer-kinder\/"},"author":{"name":"UrbanBiker","@id":"https:\/\/www.urbanbiker.com\/de\/#\/schema\/person\/1cb58f0792ef226d6d409b73059515e0"},"headline":"Berna. Ein elektrisches Fahrrad f\u00fcr Kinder","datePublished":"2024-12-11T15:02:28+00:00","dateModified":"2025-03-19T19:43:58+00:00","mainEntityOfPage":{"@id":"https:\/\/www.urbanbiker.com\/de\/berna-ein-elektrisches-fahrrad-fuer-kinder\/"},"wordCount":283,"commentCount":0,"publisher":{"@id":"https:\/\/www.urbanbiker.com\/de\/#organization"},"image":{"@id":"https:\/\/www.urbanbiker.com\/de\/berna-ein-elektrisches-fahrrad-fuer-kinder\/#primaryimage"},"thumbnailUrl":"https:\/\/www.urbanbiker.com\/wp-content\/uploads\/2024\/11\/NUEVO-Banner-Berna-para-la-HOME-h6_bg1_Berna-NUEVO.jpg","articleSection":["Modelle","Nachrichten"],"inLanguage":"de","potentialAction":[{"@type":"CommentAction","name":"Comment","target":["https:\/\/www.urbanbiker.com\/de\/berna-ein-elektrisches-fahrrad-fuer-kinder\/#respond"]}]},{"@type":"WebPage","@id":"https:\/\/www.urbanbiker.com\/de\/berna-ein-elektrisches-fahrrad-fuer-kinder\/","url":"https:\/\/www.urbanbiker.com\/de\/berna-ein-elektrisches-fahrrad-fuer-kinder\/","name":"Berna. Ein elektrisches Fahrrad f\u00fcr Kinder","isPartOf":{"@id":"https:\/\/www.urbanbiker.com\/de\/#website"},"primaryImageOfPage":{"@id":"https:\/\/www.urbanbiker.com\/de\/berna-ein-elektrisches-fahrrad-fuer-kinder\/#primaryimage"},"image":{"@id":"https:\/\/www.urbanbiker.com\/de\/berna-ein-elektrisches-fahrrad-fuer-kinder\/#primaryimage"},"thumbnailUrl":"https:\/\/www.urbanbiker.com\/wp-content\/uploads\/2024\/11\/NUEVO-Banner-Berna-para-la-HOME-h6_bg1_Berna-NUEVO.jpg","datePublished":"2024-12-11T15:02:28+00:00","dateModified":"2025-03-19T19:43:58+00:00","description":"Berna. Ein Elektrofahrrad f\u00fcr Kinder. Denn Elektromobilit\u00e4t ist auch f\u00fcr die kleinsten Radfahrer da.","breadcrumb":{"@id":"https:\/\/www.urbanbiker.com\/de\/berna-ein-elektrisches-fahrrad-fuer-kinder\/#breadcrumb"},"inLanguage":"de","potentialAction":[{"@type":"ReadAction","target":["https:\/\/www.urbanbiker.com\/de\/berna-ein-elektrisches-fahrrad-fuer-kinder\/"]}]},{"@type":"ImageObject","inLanguage":"de","@id":"https:\/\/www.urbanbiker.com\/de\/berna-ein-elektrisches-fahrrad-fuer-kinder\/#primaryimage","url":"https:\/\/www.urbanbiker.com\/wp-content\/uploads\/2024\/11\/NUEVO-Banner-Berna-para-la-HOME-h6_bg1_Berna-NUEVO.jpg","contentUrl":"https:\/\/www.urbanbiker.com\/wp-content\/uploads\/2024\/11\/NUEVO-Banner-Berna-para-la-HOME-h6_bg1_Berna-NUEVO.jpg","width":1920,"height":860},{"@type":"BreadcrumbList","@id":"https:\/\/www.urbanbiker.com\/de\/berna-ein-elektrisches-fahrrad-fuer-kinder\/#breadcrumb","itemListElement":[{"@type":"ListItem","position":1,"name":"Portada","item":"https:\/\/www.urbanbiker.com\/de\/"},{"@type":"ListItem","position":2,"name":"Berna. Ein elektrisches Fahrrad f\u00fcr Kinder"}]},{"@type":"WebSite","@id":"https:\/\/www.urbanbiker.com\/de\/#website","url":"https:\/\/www.urbanbiker.com\/de\/","name":"UrbanBiker","description":"Elektrische Fahrr\u00e4der","publisher":{"@id":"https:\/\/www.urbanbiker.com\/de\/#organization"},"potentialAction":[{"@type":"SearchAction","target":{"@type":"EntryPoint","urlTemplate":"https:\/\/www.urbanbiker.com\/de\/?s={search_term_string}"},"query-input":{"@type":"PropertyValueSpecification","valueRequired":true,"valueName":"search_term_string"}}],"inLanguage":"de"},{"@type":"Organization","@id":"https:\/\/www.urbanbiker.com\/de\/#organization","name":"UrbanBiker","url":"https:\/\/www.urbanbiker.com\/de\/","logo":{"@type":"ImageObject","inLanguage":"de","@id":"https:\/\/www.urbanbiker.com\/de\/#\/schema\/logo\/image\/","url":"https:\/\/www.urbanbiker.com\/wp-content\/uploads\/2022\/09\/Logo-principal-sin-fondo.png","contentUrl":"https:\/\/www.urbanbiker.com\/wp-content\/uploads\/2022\/09\/Logo-principal-sin-fondo.png","width":2560,"height":934,"caption":"UrbanBiker"},"image":{"@id":"https:\/\/www.urbanbiker.com\/de\/#\/schema\/logo\/image\/"},"sameAs":["https:\/\/www.facebook.com\/Urbanbikerbiciselectricas","https:\/\/www.instagram.com\/urbanbiker_\/","https:\/\/www.linkedin.com\/company\/2454235","https:\/\/www.youtube.com\/channel\/UCWR__uH_RWJF-OhPfz-9-Qw"]},{"@type":"Person","@id":"https:\/\/www.urbanbiker.com\/de\/#\/schema\/person\/1cb58f0792ef226d6d409b73059515e0","name":"UrbanBiker","image":{"@type":"ImageObject","inLanguage":"de","@id":"https:\/\/secure.gravatar.com\/avatar\/22838f387878aabd10c8c90196e14f05497ff2fdd7c1267a5f035aa48d9ed396?s=96&d=mm&r=g","url":"https:\/\/secure.gravatar.com\/avatar\/22838f387878aabd10c8c90196e14f05497ff2fdd7c1267a5f035aa48d9ed396?s=96&d=mm&r=g","contentUrl":"https:\/\/secure.gravatar.com\/avatar\/22838f387878aabd10c8c90196e14f05497ff2fdd7c1267a5f035aa48d9ed396?s=96&d=mm&r=g","caption":"UrbanBiker"},"sameAs":["http:\/\/www.urbanbiker.com\/","https:\/\/www.facebook.com\/Urbanbikerbiciselectricas\/","https:\/\/www.linkedin.com\/company\/urbanbiker\/","https:\/\/www.youtube.com\/@UrbanbikerEbikes"]}]}},"_links":{"self":[{"href":"https:\/\/www.urbanbiker.com\/de\/wp-json\/wp\/v2\/posts\/38426","targetHints":{"allow":["GET"]}}],"collection":[{"href":"https:\/\/www.urbanbiker.com\/de\/wp-json\/wp\/v2\/posts"}],"about":[{"href":"https:\/\/www.urbanbiker.com\/de\/wp-json\/wp\/v2\/types\/post"}],"author":[{"embeddable":true,"href":"https:\/\/www.urbanbiker.com\/de\/wp-json\/wp\/v2\/users\/1"}],"replies":[{"embeddable":true,"href":"https:\/\/www.urbanbiker.com\/de\/wp-json\/wp\/v2\/comments?post=38426"}],"version-history":[{"count":3,"href":"https:\/\/www.urbanbiker.com\/de\/wp-json\/wp\/v2\/posts\/38426\/revisions"}],"predecessor-version":[{"id":39796,"href":"https:\/\/www.urbanbiker.com\/de\/wp-json\/wp\/v2\/posts\/38426\/revisions\/39796"}],"wp:featuredmedia":[{"embeddable":true,"href":"https:\/\/www.urbanbiker.com\/de\/wp-json\/wp\/v2\/media\/34456"}],"wp:attachment":[{"href":"https:\/\/www.urbanbiker.com\/de\/wp-json\/wp\/v2\/media?parent=38426"}],"wp:term":[{"taxonomy":"category","embeddable":true,"href":"https:\/\/www.urbanbiker.com\/de\/wp-json\/wp\/v2\/categories?post=38426"},{"taxonomy":"post_tag","embeddable":true,"href":"https:\/\/www.urbanbiker.com\/de\/wp-json\/wp\/v2\/tags?post=38426"}],"curies":[{"name":"wp","href":"https:\/\/api.w.org\/{rel}","templated":true}]}}