{"id":35608,"date":"2024-11-08T15:51:27","date_gmt":"2024-11-08T14:51:27","guid":{"rendered":"https:\/\/www.urbanbiker.com\/wirtschaft-und-universitaet-eine-notwendige-allianz\/"},"modified":"2025-03-13T10:59:05","modified_gmt":"2025-03-13T09:59:05","slug":"wirtschaft-und-universitaet-eine-notwendige-allianz","status":"publish","type":"post","link":"https:\/\/www.urbanbiker.com\/de\/wirtschaft-und-universitaet-eine-notwendige-allianz\/","title":{"rendered":"Wirtschaft und Universit\u00e4t, eine notwendige Allianz"},"content":{"rendered":"<p>Wir arbeiten mit der <strong>Universit\u00e4t<\/strong> zusammen, weil wir glauben, dass wir die Verantwortung haben, Br\u00fccken zwischen der Schule und der <strong>Unternehmensrealit\u00e4t<\/strong> zu bauen und dass es so wichtig ist, Zeit und Ressourcen daf\u00fcr zu verwenden. Deshalb haben wir uns gefreut, am III Hackathon idea T teilzunehmen, der von der Fakult\u00e4t f\u00fcr CCEE der Universit\u00e4t Le\u00f3n und der Fgulem organisiert wurde. Wir pr\u00e4sentierten UrbanBiker zusammen mit anderen Unternehmen aus Le\u00f3n einer gro\u00dfen Anzahl von Studenten des ersten Studienjahres (etwas mehr als hundert junge Studenten), die erwartungsvoll auf die Entwicklung eines Samstags warteten, der ganz anders als gew\u00f6hnlich war. In kleineren Gruppen stellten wir ihnen eine Herausforderung, die sie mit Begeisterung annahmen: &#8222;Effektive Kommunikation und Erfahrung f\u00fcr ein Publikum \u00fcber 60&#8220;.   <\/p>\n<blockquote class=\"wp-block-quote\"><p>Wir sind, was wir geben. Kultur UrbanBiker. <\/p><\/blockquote>\n<p><!-- \/wp:post-content --><\/p>\n<p><!-- wp:paragraph --><\/p>\n<p>Den ganzen Vormittag \u00fcber haben sie sich den Kopf zerbrochen, um eine Kommunikationsstrategie f\u00fcr eine Zielgruppe zu entwickeln, die sehr weit von ihrer Welt entfernt ist, mit einem Produkt, das die meisten von ihnen nicht kennen, und mit einer tickenden Uhr. Und das alles in der sch\u00f6nen Halle der Fakult\u00e4t, belebt durch Musik und ein tolles Catering. Wir sind sicher, dass diese Aktionen dazu beitragen, Studenten zu st\u00e4rken und dem Bildungssystem einen Teil dessen zur\u00fcckzugeben, was es uns seinerzeit gegeben hat, und uns so an der Entwicklung der Gesellschaft teilhaben zu lassen. Fachleute &amp; Schlie\u00dfen. Wissen zu teilen bedeutet zu wachsen, zu f\u00f6rdern und zu verbessern. Und lernen. Denn wir k\u00f6nnen eine Menge von Studenten lernen. Und das kommt in einem fantastischen Bumerang-Effekt zu uns und dem Rest der Gesellschaft zur\u00fcck.       <\/p>\n","protected":false},"excerpt":{"rendered":"<p>Wir arbeiten mit der Universit\u00e4t zusammen, weil wir glauben, dass wir die Verantwortung haben, Br\u00fccken zwischen der Schule und der Unternehmensrealit\u00e4t zu bauen und dass es so wichtig ist, Zeit und Ressourcen daf\u00fcr zu verwenden. Deshalb haben wir uns gefreut, am III Hackathon idea T teilzunehmen, der von der Fakult\u00e4t f\u00fcr CCEE der Universit\u00e4t Le\u00f3n [&hellip;]<\/p>\n","protected":false},"author":1,"featured_media":34942,"comment_status":"open","ping_status":"open","sticky":false,"template":"","format":"standard","meta":{"footnotes":""},"categories":[304],"tags":[],"class_list":["post-35608","post","type-post","status-publish","format-standard","has-post-thumbnail","hentry","category-nachrichten"],"yoast_head":"<!-- This site is optimized with the Yoast SEO plugin v27.5 - https:\/\/yoast.com\/product\/yoast-seo-wordpress\/ -->\n<title>Wirtschaft und Universit\u00e4t, eine notwendige Allianz UrbanBiker<\/title>\n<meta name=\"description\" content=\"Wir arbeiten mit der Universit\u00e4t zusammen, weil wir glauben, dass wir die Verantwortung haben, Br\u00fccken zwischen der Schule und der Gesch\u00e4ftswelt zu bauen...\" \/>\n<meta name=\"robots\" content=\"index, follow, max-snippet:-1, max-image-preview:large, max-video-preview:-1\" \/>\n<link rel=\"canonical\" href=\"https:\/\/www.urbanbiker.com\/de\/wirtschaft-und-universitaet-eine-notwendige-allianz\/\" \/>\n<meta property=\"og:locale\" content=\"de_DE\" \/>\n<meta property=\"og:type\" content=\"article\" \/>\n<meta property=\"og:title\" content=\"Wirtschaft und Universit\u00e4t, eine notwendige Allianz UrbanBiker\" \/>\n<meta property=\"og:description\" content=\"Wir arbeiten mit der Universit\u00e4t zusammen, weil wir glauben, dass wir die Verantwortung haben, Br\u00fccken zwischen der Schule und der Gesch\u00e4ftswelt zu bauen...\" \/>\n<meta property=\"og:url\" content=\"https:\/\/www.urbanbiker.com\/de\/wirtschaft-und-universitaet-eine-notwendige-allianz\/\" \/>\n<meta property=\"og:site_name\" content=\"UrbanBiker\" \/>\n<meta property=\"article:publisher\" content=\"https:\/\/www.facebook.com\/Urbanbikerbiciselectricas\" \/>\n<meta property=\"article:author\" content=\"https:\/\/www.facebook.com\/Urbanbikerbiciselectricas\/\" \/>\n<meta property=\"article:published_time\" content=\"2024-11-08T14:51:27+00:00\" \/>\n<meta property=\"article:modified_time\" content=\"2025-03-13T09:59:05+00:00\" \/>\n<meta property=\"og:image\" content=\"https:\/\/www.urbanbiker.com\/wp-content\/uploads\/2024\/11\/Empresa-y-Universidad-UrbanBiker.jpg\" \/>\n\t<meta property=\"og:image:width\" content=\"1200\" \/>\n\t<meta property=\"og:image:height\" content=\"900\" \/>\n\t<meta property=\"og:image:type\" content=\"image\/jpeg\" \/>\n<meta name=\"author\" content=\"UrbanBiker\" \/>\n<meta name=\"twitter:card\" content=\"summary_large_image\" \/>\n<meta name=\"twitter:label1\" content=\"Verfasst von\" \/>\n\t<meta name=\"twitter:data1\" content=\"UrbanBiker\" \/>\n\t<meta name=\"twitter:label2\" content=\"Gesch\u00e4tzte Lesezeit\" \/>\n\t<meta name=\"twitter:data2\" content=\"1\u00a0Minute\" \/>\n<script type=\"application\/ld+json\" class=\"yoast-schema-graph\">{\"@context\":\"https:\\\/\\\/schema.org\",\"@graph\":[{\"@type\":\"Article\",\"@id\":\"https:\\\/\\\/www.urbanbiker.com\\\/de\\\/wirtschaft-und-universitaet-eine-notwendige-allianz\\\/#article\",\"isPartOf\":{\"@id\":\"https:\\\/\\\/www.urbanbiker.com\\\/de\\\/wirtschaft-und-universitaet-eine-notwendige-allianz\\\/\"},\"author\":{\"name\":\"UrbanBiker\",\"@id\":\"https:\\\/\\\/www.urbanbiker.com\\\/de\\\/#\\\/schema\\\/person\\\/1cb58f0792ef226d6d409b73059515e0\"},\"headline\":\"Wirtschaft und Universit\u00e4t, eine notwendige Allianz\",\"datePublished\":\"2024-11-08T14:51:27+00:00\",\"dateModified\":\"2025-03-13T09:59:05+00:00\",\"mainEntityOfPage\":{\"@id\":\"https:\\\/\\\/www.urbanbiker.com\\\/de\\\/wirtschaft-und-universitaet-eine-notwendige-allianz\\\/\"},\"wordCount\":285,\"commentCount\":0,\"publisher\":{\"@id\":\"https:\\\/\\\/www.urbanbiker.com\\\/de\\\/#organization\"},\"image\":{\"@id\":\"https:\\\/\\\/www.urbanbiker.com\\\/de\\\/wirtschaft-und-universitaet-eine-notwendige-allianz\\\/#primaryimage\"},\"thumbnailUrl\":\"https:\\\/\\\/www.urbanbiker.com\\\/wp-content\\\/uploads\\\/2024\\\/11\\\/Empresa-y-Universidad-UrbanBiker.jpg\",\"articleSection\":[\"Nachrichten\"],\"inLanguage\":\"de\",\"potentialAction\":[{\"@type\":\"CommentAction\",\"name\":\"Comment\",\"target\":[\"https:\\\/\\\/www.urbanbiker.com\\\/de\\\/wirtschaft-und-universitaet-eine-notwendige-allianz\\\/#respond\"]}]},{\"@type\":\"WebPage\",\"@id\":\"https:\\\/\\\/www.urbanbiker.com\\\/de\\\/wirtschaft-und-universitaet-eine-notwendige-allianz\\\/\",\"url\":\"https:\\\/\\\/www.urbanbiker.com\\\/de\\\/wirtschaft-und-universitaet-eine-notwendige-allianz\\\/\",\"name\":\"Wirtschaft und Universit\u00e4t, eine notwendige Allianz UrbanBiker\",\"isPartOf\":{\"@id\":\"https:\\\/\\\/www.urbanbiker.com\\\/de\\\/#website\"},\"primaryImageOfPage\":{\"@id\":\"https:\\\/\\\/www.urbanbiker.com\\\/de\\\/wirtschaft-und-universitaet-eine-notwendige-allianz\\\/#primaryimage\"},\"image\":{\"@id\":\"https:\\\/\\\/www.urbanbiker.com\\\/de\\\/wirtschaft-und-universitaet-eine-notwendige-allianz\\\/#primaryimage\"},\"thumbnailUrl\":\"https:\\\/\\\/www.urbanbiker.com\\\/wp-content\\\/uploads\\\/2024\\\/11\\\/Empresa-y-Universidad-UrbanBiker.jpg\",\"datePublished\":\"2024-11-08T14:51:27+00:00\",\"dateModified\":\"2025-03-13T09:59:05+00:00\",\"description\":\"Wir arbeiten mit der Universit\u00e4t zusammen, weil wir glauben, dass wir die Verantwortung haben, Br\u00fccken zwischen der Schule und der Gesch\u00e4ftswelt zu bauen...\",\"breadcrumb\":{\"@id\":\"https:\\\/\\\/www.urbanbiker.com\\\/de\\\/wirtschaft-und-universitaet-eine-notwendige-allianz\\\/#breadcrumb\"},\"inLanguage\":\"de\",\"potentialAction\":[{\"@type\":\"ReadAction\",\"target\":[\"https:\\\/\\\/www.urbanbiker.com\\\/de\\\/wirtschaft-und-universitaet-eine-notwendige-allianz\\\/\"]}]},{\"@type\":\"ImageObject\",\"inLanguage\":\"de\",\"@id\":\"https:\\\/\\\/www.urbanbiker.com\\\/de\\\/wirtschaft-und-universitaet-eine-notwendige-allianz\\\/#primaryimage\",\"url\":\"https:\\\/\\\/www.urbanbiker.com\\\/wp-content\\\/uploads\\\/2024\\\/11\\\/Empresa-y-Universidad-UrbanBiker.jpg\",\"contentUrl\":\"https:\\\/\\\/www.urbanbiker.com\\\/wp-content\\\/uploads\\\/2024\\\/11\\\/Empresa-y-Universidad-UrbanBiker.jpg\",\"width\":1200,\"height\":900},{\"@type\":\"BreadcrumbList\",\"@id\":\"https:\\\/\\\/www.urbanbiker.com\\\/de\\\/wirtschaft-und-universitaet-eine-notwendige-allianz\\\/#breadcrumb\",\"itemListElement\":[{\"@type\":\"ListItem\",\"position\":1,\"name\":\"Portada\",\"item\":\"https:\\\/\\\/www.urbanbiker.com\\\/de\\\/\"},{\"@type\":\"ListItem\",\"position\":2,\"name\":\"Wirtschaft und Universit\u00e4t, eine notwendige Allianz\"}]},{\"@type\":\"WebSite\",\"@id\":\"https:\\\/\\\/www.urbanbiker.com\\\/de\\\/#website\",\"url\":\"https:\\\/\\\/www.urbanbiker.com\\\/de\\\/\",\"name\":\"UrbanBiker\",\"description\":\"Elektrische Fahrr\u00e4der\",\"publisher\":{\"@id\":\"https:\\\/\\\/www.urbanbiker.com\\\/de\\\/#organization\"},\"potentialAction\":[{\"@type\":\"SearchAction\",\"target\":{\"@type\":\"EntryPoint\",\"urlTemplate\":\"https:\\\/\\\/www.urbanbiker.com\\\/de\\\/?s={search_term_string}\"},\"query-input\":{\"@type\":\"PropertyValueSpecification\",\"valueRequired\":true,\"valueName\":\"search_term_string\"}}],\"inLanguage\":\"de\"},{\"@type\":\"Organization\",\"@id\":\"https:\\\/\\\/www.urbanbiker.com\\\/de\\\/#organization\",\"name\":\"UrbanBiker\",\"url\":\"https:\\\/\\\/www.urbanbiker.com\\\/de\\\/\",\"logo\":{\"@type\":\"ImageObject\",\"inLanguage\":\"de\",\"@id\":\"https:\\\/\\\/www.urbanbiker.com\\\/de\\\/#\\\/schema\\\/logo\\\/image\\\/\",\"url\":\"https:\\\/\\\/www.urbanbiker.com\\\/wp-content\\\/uploads\\\/2022\\\/09\\\/Logo-principal-sin-fondo.png\",\"contentUrl\":\"https:\\\/\\\/www.urbanbiker.com\\\/wp-content\\\/uploads\\\/2022\\\/09\\\/Logo-principal-sin-fondo.png\",\"width\":2560,\"height\":934,\"caption\":\"UrbanBiker\"},\"image\":{\"@id\":\"https:\\\/\\\/www.urbanbiker.com\\\/de\\\/#\\\/schema\\\/logo\\\/image\\\/\"},\"sameAs\":[\"https:\\\/\\\/www.facebook.com\\\/Urbanbikerbiciselectricas\",\"https:\\\/\\\/www.instagram.com\\\/urbanbiker_\\\/\",\"https:\\\/\\\/www.linkedin.com\\\/company\\\/2454235\",\"https:\\\/\\\/www.youtube.com\\\/channel\\\/UCWR__uH_RWJF-OhPfz-9-Qw\"]},{\"@type\":\"Person\",\"@id\":\"https:\\\/\\\/www.urbanbiker.com\\\/de\\\/#\\\/schema\\\/person\\\/1cb58f0792ef226d6d409b73059515e0\",\"name\":\"UrbanBiker\",\"image\":{\"@type\":\"ImageObject\",\"inLanguage\":\"de\",\"@id\":\"https:\\\/\\\/secure.gravatar.com\\\/avatar\\\/22838f387878aabd10c8c90196e14f05497ff2fdd7c1267a5f035aa48d9ed396?s=96&d=mm&r=g\",\"url\":\"https:\\\/\\\/secure.gravatar.com\\\/avatar\\\/22838f387878aabd10c8c90196e14f05497ff2fdd7c1267a5f035aa48d9ed396?s=96&d=mm&r=g\",\"contentUrl\":\"https:\\\/\\\/secure.gravatar.com\\\/avatar\\\/22838f387878aabd10c8c90196e14f05497ff2fdd7c1267a5f035aa48d9ed396?s=96&d=mm&r=g\",\"caption\":\"UrbanBiker\"},\"sameAs\":[\"http:\\\/\\\/www.urbanbiker.com\\\/\",\"https:\\\/\\\/www.facebook.com\\\/Urbanbikerbiciselectricas\\\/\",\"https:\\\/\\\/www.linkedin.com\\\/company\\\/urbanbiker\\\/\",\"https:\\\/\\\/www.youtube.com\\\/@UrbanbikerEbikes\"]}]}<\/script>\n<!-- \/ Yoast SEO plugin. -->","yoast_head_json":{"title":"Wirtschaft und Universit\u00e4t, eine notwendige Allianz UrbanBiker","description":"Wir arbeiten mit der Universit\u00e4t zusammen, weil wir glauben, dass wir die Verantwortung haben, Br\u00fccken zwischen der Schule und der Gesch\u00e4ftswelt zu bauen...","robots":{"index":"index","follow":"follow","max-snippet":"max-snippet:-1","max-image-preview":"max-image-preview:large","max-video-preview":"max-video-preview:-1"},"canonical":"https:\/\/www.urbanbiker.com\/de\/wirtschaft-und-universitaet-eine-notwendige-allianz\/","og_locale":"de_DE","og_type":"article","og_title":"Wirtschaft und Universit\u00e4t, eine notwendige Allianz UrbanBiker","og_description":"Wir arbeiten mit der Universit\u00e4t zusammen, weil wir glauben, dass wir die Verantwortung haben, Br\u00fccken zwischen der Schule und der Gesch\u00e4ftswelt zu bauen...","og_url":"https:\/\/www.urbanbiker.com\/de\/wirtschaft-und-universitaet-eine-notwendige-allianz\/","og_site_name":"UrbanBiker","article_publisher":"https:\/\/www.facebook.com\/Urbanbikerbiciselectricas","article_author":"https:\/\/www.facebook.com\/Urbanbikerbiciselectricas\/","article_published_time":"2024-11-08T14:51:27+00:00","article_modified_time":"2025-03-13T09:59:05+00:00","og_image":[{"width":1200,"height":900,"url":"https:\/\/www.urbanbiker.com\/wp-content\/uploads\/2024\/11\/Empresa-y-Universidad-UrbanBiker.jpg","type":"image\/jpeg"}],"author":"UrbanBiker","twitter_card":"summary_large_image","twitter_misc":{"Verfasst von":"UrbanBiker","Gesch\u00e4tzte Lesezeit":"1\u00a0Minute"},"schema":{"@context":"https:\/\/schema.org","@graph":[{"@type":"Article","@id":"https:\/\/www.urbanbiker.com\/de\/wirtschaft-und-universitaet-eine-notwendige-allianz\/#article","isPartOf":{"@id":"https:\/\/www.urbanbiker.com\/de\/wirtschaft-und-universitaet-eine-notwendige-allianz\/"},"author":{"name":"UrbanBiker","@id":"https:\/\/www.urbanbiker.com\/de\/#\/schema\/person\/1cb58f0792ef226d6d409b73059515e0"},"headline":"Wirtschaft und Universit\u00e4t, eine notwendige Allianz","datePublished":"2024-11-08T14:51:27+00:00","dateModified":"2025-03-13T09:59:05+00:00","mainEntityOfPage":{"@id":"https:\/\/www.urbanbiker.com\/de\/wirtschaft-und-universitaet-eine-notwendige-allianz\/"},"wordCount":285,"commentCount":0,"publisher":{"@id":"https:\/\/www.urbanbiker.com\/de\/#organization"},"image":{"@id":"https:\/\/www.urbanbiker.com\/de\/wirtschaft-und-universitaet-eine-notwendige-allianz\/#primaryimage"},"thumbnailUrl":"https:\/\/www.urbanbiker.com\/wp-content\/uploads\/2024\/11\/Empresa-y-Universidad-UrbanBiker.jpg","articleSection":["Nachrichten"],"inLanguage":"de","potentialAction":[{"@type":"CommentAction","name":"Comment","target":["https:\/\/www.urbanbiker.com\/de\/wirtschaft-und-universitaet-eine-notwendige-allianz\/#respond"]}]},{"@type":"WebPage","@id":"https:\/\/www.urbanbiker.com\/de\/wirtschaft-und-universitaet-eine-notwendige-allianz\/","url":"https:\/\/www.urbanbiker.com\/de\/wirtschaft-und-universitaet-eine-notwendige-allianz\/","name":"Wirtschaft und Universit\u00e4t, eine notwendige Allianz UrbanBiker","isPartOf":{"@id":"https:\/\/www.urbanbiker.com\/de\/#website"},"primaryImageOfPage":{"@id":"https:\/\/www.urbanbiker.com\/de\/wirtschaft-und-universitaet-eine-notwendige-allianz\/#primaryimage"},"image":{"@id":"https:\/\/www.urbanbiker.com\/de\/wirtschaft-und-universitaet-eine-notwendige-allianz\/#primaryimage"},"thumbnailUrl":"https:\/\/www.urbanbiker.com\/wp-content\/uploads\/2024\/11\/Empresa-y-Universidad-UrbanBiker.jpg","datePublished":"2024-11-08T14:51:27+00:00","dateModified":"2025-03-13T09:59:05+00:00","description":"Wir arbeiten mit der Universit\u00e4t zusammen, weil wir glauben, dass wir die Verantwortung haben, Br\u00fccken zwischen der Schule und der Gesch\u00e4ftswelt zu bauen...","breadcrumb":{"@id":"https:\/\/www.urbanbiker.com\/de\/wirtschaft-und-universitaet-eine-notwendige-allianz\/#breadcrumb"},"inLanguage":"de","potentialAction":[{"@type":"ReadAction","target":["https:\/\/www.urbanbiker.com\/de\/wirtschaft-und-universitaet-eine-notwendige-allianz\/"]}]},{"@type":"ImageObject","inLanguage":"de","@id":"https:\/\/www.urbanbiker.com\/de\/wirtschaft-und-universitaet-eine-notwendige-allianz\/#primaryimage","url":"https:\/\/www.urbanbiker.com\/wp-content\/uploads\/2024\/11\/Empresa-y-Universidad-UrbanBiker.jpg","contentUrl":"https:\/\/www.urbanbiker.com\/wp-content\/uploads\/2024\/11\/Empresa-y-Universidad-UrbanBiker.jpg","width":1200,"height":900},{"@type":"BreadcrumbList","@id":"https:\/\/www.urbanbiker.com\/de\/wirtschaft-und-universitaet-eine-notwendige-allianz\/#breadcrumb","itemListElement":[{"@type":"ListItem","position":1,"name":"Portada","item":"https:\/\/www.urbanbiker.com\/de\/"},{"@type":"ListItem","position":2,"name":"Wirtschaft und Universit\u00e4t, eine notwendige Allianz"}]},{"@type":"WebSite","@id":"https:\/\/www.urbanbiker.com\/de\/#website","url":"https:\/\/www.urbanbiker.com\/de\/","name":"UrbanBiker","description":"Elektrische Fahrr\u00e4der","publisher":{"@id":"https:\/\/www.urbanbiker.com\/de\/#organization"},"potentialAction":[{"@type":"SearchAction","target":{"@type":"EntryPoint","urlTemplate":"https:\/\/www.urbanbiker.com\/de\/?s={search_term_string}"},"query-input":{"@type":"PropertyValueSpecification","valueRequired":true,"valueName":"search_term_string"}}],"inLanguage":"de"},{"@type":"Organization","@id":"https:\/\/www.urbanbiker.com\/de\/#organization","name":"UrbanBiker","url":"https:\/\/www.urbanbiker.com\/de\/","logo":{"@type":"ImageObject","inLanguage":"de","@id":"https:\/\/www.urbanbiker.com\/de\/#\/schema\/logo\/image\/","url":"https:\/\/www.urbanbiker.com\/wp-content\/uploads\/2022\/09\/Logo-principal-sin-fondo.png","contentUrl":"https:\/\/www.urbanbiker.com\/wp-content\/uploads\/2022\/09\/Logo-principal-sin-fondo.png","width":2560,"height":934,"caption":"UrbanBiker"},"image":{"@id":"https:\/\/www.urbanbiker.com\/de\/#\/schema\/logo\/image\/"},"sameAs":["https:\/\/www.facebook.com\/Urbanbikerbiciselectricas","https:\/\/www.instagram.com\/urbanbiker_\/","https:\/\/www.linkedin.com\/company\/2454235","https:\/\/www.youtube.com\/channel\/UCWR__uH_RWJF-OhPfz-9-Qw"]},{"@type":"Person","@id":"https:\/\/www.urbanbiker.com\/de\/#\/schema\/person\/1cb58f0792ef226d6d409b73059515e0","name":"UrbanBiker","image":{"@type":"ImageObject","inLanguage":"de","@id":"https:\/\/secure.gravatar.com\/avatar\/22838f387878aabd10c8c90196e14f05497ff2fdd7c1267a5f035aa48d9ed396?s=96&d=mm&r=g","url":"https:\/\/secure.gravatar.com\/avatar\/22838f387878aabd10c8c90196e14f05497ff2fdd7c1267a5f035aa48d9ed396?s=96&d=mm&r=g","contentUrl":"https:\/\/secure.gravatar.com\/avatar\/22838f387878aabd10c8c90196e14f05497ff2fdd7c1267a5f035aa48d9ed396?s=96&d=mm&r=g","caption":"UrbanBiker"},"sameAs":["http:\/\/www.urbanbiker.com\/","https:\/\/www.facebook.com\/Urbanbikerbiciselectricas\/","https:\/\/www.linkedin.com\/company\/urbanbiker\/","https:\/\/www.youtube.com\/@UrbanbikerEbikes"]}]}},"_links":{"self":[{"href":"https:\/\/www.urbanbiker.com\/de\/wp-json\/wp\/v2\/posts\/35608","targetHints":{"allow":["GET"]}}],"collection":[{"href":"https:\/\/www.urbanbiker.com\/de\/wp-json\/wp\/v2\/posts"}],"about":[{"href":"https:\/\/www.urbanbiker.com\/de\/wp-json\/wp\/v2\/types\/post"}],"author":[{"embeddable":true,"href":"https:\/\/www.urbanbiker.com\/de\/wp-json\/wp\/v2\/users\/1"}],"replies":[{"embeddable":true,"href":"https:\/\/www.urbanbiker.com\/de\/wp-json\/wp\/v2\/comments?post=35608"}],"version-history":[{"count":5,"href":"https:\/\/www.urbanbiker.com\/de\/wp-json\/wp\/v2\/posts\/35608\/revisions"}],"predecessor-version":[{"id":38222,"href":"https:\/\/www.urbanbiker.com\/de\/wp-json\/wp\/v2\/posts\/35608\/revisions\/38222"}],"wp:featuredmedia":[{"embeddable":true,"href":"https:\/\/www.urbanbiker.com\/de\/wp-json\/wp\/v2\/media\/34942"}],"wp:attachment":[{"href":"https:\/\/www.urbanbiker.com\/de\/wp-json\/wp\/v2\/media?parent=35608"}],"wp:term":[{"taxonomy":"category","embeddable":true,"href":"https:\/\/www.urbanbiker.com\/de\/wp-json\/wp\/v2\/categories?post=35608"},{"taxonomy":"post_tag","embeddable":true,"href":"https:\/\/www.urbanbiker.com\/de\/wp-json\/wp\/v2\/tags?post=35608"}],"curies":[{"name":"wp","href":"https:\/\/api.w.org\/{rel}","templated":true}]}}